{"id":33895,"date":"2024-06-28T20:06:42","date_gmt":"2024-06-28T23:06:42","guid":{"rendered":"https:\/\/cvinoticias.com\/v3\/?p=33895"},"modified":"2024-06-28T20:06:43","modified_gmt":"2024-06-28T23:06:43","slug":"encuentran-restos-oseos-en-un-pozo-durante-la-busqueda-de-jorge-omar-rivero-en-iguazu-hay-dos-detenidos","status":"publish","type":"post","link":"https:\/\/cvinoticias.com\/v3\/encuentran-restos-oseos-en-un-pozo-durante-la-busqueda-de-jorge-omar-rivero-en-iguazu-hay-dos-detenidos\/","title":{"rendered":"Encuentran restos \u00f3seos en un pozo durante la b\u00fasqueda de Jorge Omar Rivero en Iguaz\u00fa: hay dos detenidos"},"content":{"rendered":"\n<p>La investigaci\u00f3n de la Polic\u00eda se centr\u00f3 en una vivienda del barrio Bel\u00e9n de Puerto Iguaz\u00fa, donde se presume que Rivero fue visto con vida por \u00faltima vez. Desde ayer, integrantes de la fuerza de seguridad comenzaron a drenar un pozo de agua abandonado en la propiedad, del cual este viernes extrajeron una bolsa que podr\u00eda contener un cuerpo, junto con restos \u00f3seos. Hasta el momento, la Polic\u00eda ha detenido preventivamente a dos hombres de 19 y 23 a\u00f1os.<\/p>\n\n\n\n<figure class=\"wp-block-gallery has-nested-images columns-default is-cropped wp-block-gallery-1 is-layout-flex wp-block-gallery-is-layout-flex\">\n<figure class=\"wp-block-image size-large\"><a href=\"https:\/\/cvinoticias.com\/wp-content\/uploads\/2024\/06\/Imagen-de-WhatsApp-2024-06-28-a-las-17.57.46_3f5d953e-720x560-1.jpg\"><img decoding=\"async\" width=\"720\" height=\"560\" data-id=\"33896\" data-src=\"https:\/\/cvinoticias.com\/wp-content\/uploads\/2024\/06\/Imagen-de-WhatsApp-2024-06-28-a-las-17.57.46_3f5d953e-720x560-1.jpg\" alt=\"\" class=\"wp-image-33896 lazyload\" data-srcset=\"https:\/\/cvinoticias.com\/wp-content\/uploads\/2024\/06\/Imagen-de-WhatsApp-2024-06-28-a-las-17.57.46_3f5d953e-720x560-1.jpg 720w, https:\/\/cvinoticias.com\/wp-content\/uploads\/2024\/06\/Imagen-de-WhatsApp-2024-06-28-a-las-17.57.46_3f5d953e-720x560-1-300x233.jpg 300w\" data-sizes=\"(max-width: 720px) 100vw, 720px\" src=\"data:image\/svg+xml;base64,PHN2ZyB3aWR0aD0iMSIgaGVpZ2h0PSIxIiB4bWxucz0iaHR0cDovL3d3dy53My5vcmcvMjAwMC9zdmciPjwvc3ZnPg==\" style=\"--smush-placeholder-width: 720px; --smush-placeholder-aspect-ratio: 720\/560;\" \/><\/a><\/figure>\n<\/figure>\n\n\n\n<p>Desde ayer, los agentes, bajo la coordinaci\u00f3n del Subjefe de Polic\u00eda, General Marcos David Lopez Ascencio, arrestaron al propietario del lugar, un joven de 19 a\u00f1os. <\/p>\n\n\n\n<p>Posteriormente, este viernes detuvieron a un segundo individuo de 23 a\u00f1os; ambos quedaron a disposici\u00f3n de la Justicia. Luego, el personal especializado en rescates complejos de los bomberos policiales y voluntarios comenzaron a retirar escombros y agua del pozo inutilizado en esa residencia, tarea que se vio obstaculizada por una vertient<\/p>\n\n\n\n<p>Es as\u00ed que alrededor de las 15 horas de hoy, despu\u00e9s de alcanzar aproximadamente los 12 metros de profundidad, extrajeron una bolsa que posiblemente contenga un cuerpo y restos \u00f3seos. Por consiguiente, el Juez de Instrucci\u00f3n Mart\u00edn Br\u00edtez, presente en el lugar, orden\u00f3 que lo encontrado sea trasladado a la morgue para llevar a cabo los an\u00e1lisis y pericias m\u00e9dicas forenses correspondientes.<\/p>\n\n\n\n<p>Jorge Rivero desapareci\u00f3 a mediados del mes de noviembre del 2022; sin embargo, su ausencia no hab\u00eda sido denunciada hasta el pasado s\u00e1bado 22 de junio, cuando su hermana se present\u00f3 en la sede policial de Iguaz\u00fa para informar sobre su desaparici\u00f3n.<\/p>\n\n\n\n<p> <strong>La misma manifest\u00f3 que Jorge viv\u00eda en situaci\u00f3n de calle debido a problemas con la ingesta de alcohol, y que reci\u00e9n hace pocos d\u00edas tom\u00f3 conocimiento que su hermano habr\u00eda mantenido una discusi\u00f3n en una vivienda del barrio Bel\u00e9n, lugar donde fue la \u00faltima vez que lo vieron.<\/strong><\/p>\n\n\n\n<p><\/p>\n\n\n\n<p>.<\/p>\n","protected":false},"excerpt":{"rendered":"<p>La investigaci\u00f3n de la Polic\u00eda se centr\u00f3 en una vivienda del barrio Bel\u00e9n de Puerto Iguaz\u00fa, donde se presume que Rivero fue visto con vida por \u00faltima vez. Desde ayer, integrantes de la fuerza de seguridad comenzaron a drenar un pozo de agua abandonado en la propiedad, del cual este viernes extrajeron una bolsa que [&hellip;]<\/p>\n","protected":false},"author":2,"featured_media":33897,"comment_status":"open","ping_status":"open","sticky":false,"template":"","format":"standard","meta":{"footnotes":""},"categories":[29],"tags":[],"class_list":["post-33895","post","type-post","status-publish","format-standard","has-post-thumbnail","hentry","category-locales"],"yoast_head":"<!-- This site is optimized with the Yoast SEO plugin v27.5 - https:\/\/yoast.com\/product\/yoast-seo-wordpress\/ -->\n<title>Encuentran restos \u00f3seos en un pozo durante la b\u00fasqueda de Jorge Omar Rivero en Iguaz\u00fa: hay dos detenidos | CVI NOTICIAS<\/title>\n<meta name=\"robots\" content=\"index, follow, max-snippet:-1, max-image-preview:large, max-video-preview:-1\" \/>\n<link rel=\"canonical\" href=\"https:\/\/cvinoticias.com\/v3\/encuentran-restos-oseos-en-un-pozo-durante-la-busqueda-de-jorge-omar-rivero-en-iguazu-hay-dos-detenidos\/\" \/>\n<meta property=\"og:locale\" content=\"es_ES\" \/>\n<meta property=\"og:type\" content=\"article\" \/>\n<meta property=\"og:title\" content=\"Encuentran restos \u00f3seos en un pozo durante la b\u00fasqueda de Jorge Omar Rivero en Iguaz\u00fa: hay dos detenidos | CVI NOTICIAS\" \/>\n<meta property=\"og:description\" content=\"La investigaci\u00f3n de la Polic\u00eda se centr\u00f3 en una vivienda del barrio Bel\u00e9n de Puerto Iguaz\u00fa, donde se presume que Rivero fue visto con vida por \u00faltima vez. Desde ayer, integrantes de la fuerza de seguridad comenzaron a drenar un pozo de agua abandonado en la propiedad, del cual este viernes extrajeron una bolsa que [&hellip;]\" \/>\n<meta property=\"og:url\" content=\"https:\/\/cvinoticias.com\/v3\/encuentran-restos-oseos-en-un-pozo-durante-la-busqueda-de-jorge-omar-rivero-en-iguazu-hay-dos-detenidos\/\" \/>\n<meta property=\"og:site_name\" content=\"CVI NOTICIAS\" \/>\n<meta property=\"article:publisher\" content=\"https:\/\/www.facebook.com\/cvinoticias\" \/>\n<meta property=\"article:published_time\" content=\"2024-06-28T23:06:42+00:00\" \/>\n<meta property=\"article:modified_time\" content=\"2024-06-28T23:06:43+00:00\" \/>\n<meta property=\"og:image\" content=\"https:\/\/cvinoticias.com\/wp-content\/uploads\/2024\/06\/Imagen-de-WhatsApp-2024-06-28-a-las-17.57.46_50e66411.jpg\" \/>\n\t<meta property=\"og:image:width\" content=\"720\" \/>\n\t<meta property=\"og:image:height\" content=\"540\" \/>\n\t<meta property=\"og:image:type\" content=\"image\/jpeg\" \/>\n<meta name=\"author\" content=\"f1000024\" \/>\n<meta name=\"twitter:card\" content=\"summary_large_image\" \/>\n<meta name=\"twitter:label1\" content=\"Escrito por\" \/>\n\t<meta name=\"twitter:data1\" content=\"f1000024\" \/>\n\t<meta name=\"twitter:label2\" content=\"Tiempo de lectura\" \/>\n\t<meta name=\"twitter:data2\" content=\"2 minutos\" \/>\n<script type=\"application\/ld+json\" class=\"yoast-schema-graph\">{\"@context\":\"https:\\\/\\\/schema.org\",\"@graph\":[{\"@type\":\"Article\",\"@id\":\"https:\\\/\\\/cvinoticias.com\\\/v3\\\/encuentran-restos-oseos-en-un-pozo-durante-la-busqueda-de-jorge-omar-rivero-en-iguazu-hay-dos-detenidos\\\/#article\",\"isPartOf\":{\"@id\":\"https:\\\/\\\/cvinoticias.com\\\/v3\\\/encuentran-restos-oseos-en-un-pozo-durante-la-busqueda-de-jorge-omar-rivero-en-iguazu-hay-dos-detenidos\\\/\"},\"author\":{\"name\":\"f1000024\",\"@id\":\"https:\\\/\\\/cvinoticias.com\\\/v3\\\/#\\\/schema\\\/person\\\/2db77e3c6bc03c538495d7b2b8be9b66\"},\"headline\":\"Encuentran restos \u00f3seos en un pozo durante la b\u00fasqueda de Jorge Omar Rivero en Iguaz\u00fa: hay dos detenidos\",\"datePublished\":\"2024-06-28T23:06:42+00:00\",\"dateModified\":\"2024-06-28T23:06:43+00:00\",\"mainEntityOfPage\":{\"@id\":\"https:\\\/\\\/cvinoticias.com\\\/v3\\\/encuentran-restos-oseos-en-un-pozo-durante-la-busqueda-de-jorge-omar-rivero-en-iguazu-hay-dos-detenidos\\\/\"},\"wordCount\":346,\"commentCount\":0,\"publisher\":{\"@id\":\"https:\\\/\\\/cvinoticias.com\\\/v3\\\/#organization\"},\"image\":{\"@id\":\"https:\\\/\\\/cvinoticias.com\\\/v3\\\/encuentran-restos-oseos-en-un-pozo-durante-la-busqueda-de-jorge-omar-rivero-en-iguazu-hay-dos-detenidos\\\/#primaryimage\"},\"thumbnailUrl\":\"https:\\\/\\\/cvinoticias.com\\\/wp-content\\\/uploads\\\/2024\\\/06\\\/Imagen-de-WhatsApp-2024-06-28-a-las-17.57.46_50e66411.jpg\",\"articleSection\":[\"Locales\"],\"inLanguage\":\"es\",\"potentialAction\":[{\"@type\":\"CommentAction\",\"name\":\"Comment\",\"target\":[\"https:\\\/\\\/cvinoticias.com\\\/v3\\\/encuentran-restos-oseos-en-un-pozo-durante-la-busqueda-de-jorge-omar-rivero-en-iguazu-hay-dos-detenidos\\\/#respond\"]}]},{\"@type\":\"WebPage\",\"@id\":\"https:\\\/\\\/cvinoticias.com\\\/v3\\\/encuentran-restos-oseos-en-un-pozo-durante-la-busqueda-de-jorge-omar-rivero-en-iguazu-hay-dos-detenidos\\\/\",\"url\":\"https:\\\/\\\/cvinoticias.com\\\/v3\\\/encuentran-restos-oseos-en-un-pozo-durante-la-busqueda-de-jorge-omar-rivero-en-iguazu-hay-dos-detenidos\\\/\",\"name\":\"Encuentran restos \u00f3seos en un pozo durante la b\u00fasqueda de Jorge Omar Rivero en Iguaz\u00fa: hay dos detenidos | CVI NOTICIAS\",\"isPartOf\":{\"@id\":\"https:\\\/\\\/cvinoticias.com\\\/v3\\\/#website\"},\"primaryImageOfPage\":{\"@id\":\"https:\\\/\\\/cvinoticias.com\\\/v3\\\/encuentran-restos-oseos-en-un-pozo-durante-la-busqueda-de-jorge-omar-rivero-en-iguazu-hay-dos-detenidos\\\/#primaryimage\"},\"image\":{\"@id\":\"https:\\\/\\\/cvinoticias.com\\\/v3\\\/encuentran-restos-oseos-en-un-pozo-durante-la-busqueda-de-jorge-omar-rivero-en-iguazu-hay-dos-detenidos\\\/#primaryimage\"},\"thumbnailUrl\":\"https:\\\/\\\/cvinoticias.com\\\/wp-content\\\/uploads\\\/2024\\\/06\\\/Imagen-de-WhatsApp-2024-06-28-a-las-17.57.46_50e66411.jpg\",\"datePublished\":\"2024-06-28T23:06:42+00:00\",\"dateModified\":\"2024-06-28T23:06:43+00:00\",\"breadcrumb\":{\"@id\":\"https:\\\/\\\/cvinoticias.com\\\/v3\\\/encuentran-restos-oseos-en-un-pozo-durante-la-busqueda-de-jorge-omar-rivero-en-iguazu-hay-dos-detenidos\\\/#breadcrumb\"},\"inLanguage\":\"es\",\"potentialAction\":[{\"@type\":\"ReadAction\",\"target\":[\"https:\\\/\\\/cvinoticias.com\\\/v3\\\/encuentran-restos-oseos-en-un-pozo-durante-la-busqueda-de-jorge-omar-rivero-en-iguazu-hay-dos-detenidos\\\/\"]}]},{\"@type\":\"ImageObject\",\"inLanguage\":\"es\",\"@id\":\"https:\\\/\\\/cvinoticias.com\\\/v3\\\/encuentran-restos-oseos-en-un-pozo-durante-la-busqueda-de-jorge-omar-rivero-en-iguazu-hay-dos-detenidos\\\/#primaryimage\",\"url\":\"https:\\\/\\\/cvinoticias.com\\\/wp-content\\\/uploads\\\/2024\\\/06\\\/Imagen-de-WhatsApp-2024-06-28-a-las-17.57.46_50e66411.jpg\",\"contentUrl\":\"https:\\\/\\\/cvinoticias.com\\\/wp-content\\\/uploads\\\/2024\\\/06\\\/Imagen-de-WhatsApp-2024-06-28-a-las-17.57.46_50e66411.jpg\",\"width\":720,\"height\":540},{\"@type\":\"BreadcrumbList\",\"@id\":\"https:\\\/\\\/cvinoticias.com\\\/v3\\\/encuentran-restos-oseos-en-un-pozo-durante-la-busqueda-de-jorge-omar-rivero-en-iguazu-hay-dos-detenidos\\\/#breadcrumb\",\"itemListElement\":[{\"@type\":\"ListItem\",\"position\":1,\"name\":\"Portada\",\"item\":\"https:\\\/\\\/cvinoticias.com\\\/v3\\\/\"},{\"@type\":\"ListItem\",\"position\":2,\"name\":\"Encuentran restos \u00f3seos en un pozo durante la b\u00fasqueda de Jorge Omar Rivero en Iguaz\u00fa: hay dos detenidos\"}]},{\"@type\":\"WebSite\",\"@id\":\"https:\\\/\\\/cvinoticias.com\\\/v3\\\/#website\",\"url\":\"https:\\\/\\\/cvinoticias.com\\\/v3\\\/\",\"name\":\"CVI NOTICIAS\",\"description\":\"\",\"publisher\":{\"@id\":\"https:\\\/\\\/cvinoticias.com\\\/v3\\\/#organization\"},\"alternateName\":\"CVI\",\"potentialAction\":[{\"@type\":\"SearchAction\",\"target\":{\"@type\":\"EntryPoint\",\"urlTemplate\":\"https:\\\/\\\/cvinoticias.com\\\/v3\\\/?s={search_term_string}\"},\"query-input\":{\"@type\":\"PropertyValueSpecification\",\"valueRequired\":true,\"valueName\":\"search_term_string\"}}],\"inLanguage\":\"es\"},{\"@type\":\"Organization\",\"@id\":\"https:\\\/\\\/cvinoticias.com\\\/v3\\\/#organization\",\"name\":\"CVI NOTICIAS\",\"url\":\"https:\\\/\\\/cvinoticias.com\\\/v3\\\/\",\"logo\":{\"@type\":\"ImageObject\",\"inLanguage\":\"es\",\"@id\":\"https:\\\/\\\/cvinoticias.com\\\/v3\\\/#\\\/schema\\\/logo\\\/image\\\/\",\"url\":\"https:\\\/\\\/cvinoticias.com\\\/wp-content\\\/uploads\\\/2023\\\/04\\\/cropped-cropped-cropped-cropped-cropped-3-1.png\",\"contentUrl\":\"https:\\\/\\\/cvinoticias.com\\\/wp-content\\\/uploads\\\/2023\\\/04\\\/cropped-cropped-cropped-cropped-cropped-3-1.png\",\"width\":95,\"height\":122,\"caption\":\"CVI NOTICIAS\"},\"image\":{\"@id\":\"https:\\\/\\\/cvinoticias.com\\\/v3\\\/#\\\/schema\\\/logo\\\/image\\\/\"},\"sameAs\":[\"https:\\\/\\\/www.facebook.com\\\/cvinoticias\",\"https:\\\/\\\/www.instagram.com\\\/cvinoticias\\\/\",\"https:\\\/\\\/www.youtube.com\\\/@CVINOTICIAS\"]},{\"@type\":\"Person\",\"@id\":\"https:\\\/\\\/cvinoticias.com\\\/v3\\\/#\\\/schema\\\/person\\\/2db77e3c6bc03c538495d7b2b8be9b66\",\"name\":\"f1000024\",\"image\":{\"@type\":\"ImageObject\",\"inLanguage\":\"es\",\"@id\":\"https:\\\/\\\/secure.gravatar.com\\\/avatar\\\/d4fe7459cfc51ff5129ce1a732bbef5928568b8092d412ef95611616376bbeed?s=96&d=mm&r=g\",\"url\":\"https:\\\/\\\/secure.gravatar.com\\\/avatar\\\/d4fe7459cfc51ff5129ce1a732bbef5928568b8092d412ef95611616376bbeed?s=96&d=mm&r=g\",\"contentUrl\":\"https:\\\/\\\/secure.gravatar.com\\\/avatar\\\/d4fe7459cfc51ff5129ce1a732bbef5928568b8092d412ef95611616376bbeed?s=96&d=mm&r=g\",\"caption\":\"f1000024\"},\"url\":\"https:\\\/\\\/cvinoticias.com\\\/v3\\\/author\\\/f1000024\\\/\"}]}<\/script>\n<!-- \/ Yoast SEO plugin. -->","yoast_head_json":{"title":"Encuentran restos \u00f3seos en un pozo durante la b\u00fasqueda de Jorge Omar Rivero en Iguaz\u00fa: hay dos detenidos | CVI NOTICIAS","robots":{"index":"index","follow":"follow","max-snippet":"max-snippet:-1","max-image-preview":"max-image-preview:large","max-video-preview":"max-video-preview:-1"},"canonical":"https:\/\/cvinoticias.com\/v3\/encuentran-restos-oseos-en-un-pozo-durante-la-busqueda-de-jorge-omar-rivero-en-iguazu-hay-dos-detenidos\/","og_locale":"es_ES","og_type":"article","og_title":"Encuentran restos \u00f3seos en un pozo durante la b\u00fasqueda de Jorge Omar Rivero en Iguaz\u00fa: hay dos detenidos | CVI NOTICIAS","og_description":"La investigaci\u00f3n de la Polic\u00eda se centr\u00f3 en una vivienda del barrio Bel\u00e9n de Puerto Iguaz\u00fa, donde se presume que Rivero fue visto con vida por \u00faltima vez. Desde ayer, integrantes de la fuerza de seguridad comenzaron a drenar un pozo de agua abandonado en la propiedad, del cual este viernes extrajeron una bolsa que [&hellip;]","og_url":"https:\/\/cvinoticias.com\/v3\/encuentran-restos-oseos-en-un-pozo-durante-la-busqueda-de-jorge-omar-rivero-en-iguazu-hay-dos-detenidos\/","og_site_name":"CVI NOTICIAS","article_publisher":"https:\/\/www.facebook.com\/cvinoticias","article_published_time":"2024-06-28T23:06:42+00:00","article_modified_time":"2024-06-28T23:06:43+00:00","og_image":[{"width":720,"height":540,"url":"https:\/\/cvinoticias.com\/wp-content\/uploads\/2024\/06\/Imagen-de-WhatsApp-2024-06-28-a-las-17.57.46_50e66411.jpg","type":"image\/jpeg"}],"author":"f1000024","twitter_card":"summary_large_image","twitter_misc":{"Escrito por":"f1000024","Tiempo de lectura":"2 minutos"},"schema":{"@context":"https:\/\/schema.org","@graph":[{"@type":"Article","@id":"https:\/\/cvinoticias.com\/v3\/encuentran-restos-oseos-en-un-pozo-durante-la-busqueda-de-jorge-omar-rivero-en-iguazu-hay-dos-detenidos\/#article","isPartOf":{"@id":"https:\/\/cvinoticias.com\/v3\/encuentran-restos-oseos-en-un-pozo-durante-la-busqueda-de-jorge-omar-rivero-en-iguazu-hay-dos-detenidos\/"},"author":{"name":"f1000024","@id":"https:\/\/cvinoticias.com\/v3\/#\/schema\/person\/2db77e3c6bc03c538495d7b2b8be9b66"},"headline":"Encuentran restos \u00f3seos en un pozo durante la b\u00fasqueda de Jorge Omar Rivero en Iguaz\u00fa: hay dos detenidos","datePublished":"2024-06-28T23:06:42+00:00","dateModified":"2024-06-28T23:06:43+00:00","mainEntityOfPage":{"@id":"https:\/\/cvinoticias.com\/v3\/encuentran-restos-oseos-en-un-pozo-durante-la-busqueda-de-jorge-omar-rivero-en-iguazu-hay-dos-detenidos\/"},"wordCount":346,"commentCount":0,"publisher":{"@id":"https:\/\/cvinoticias.com\/v3\/#organization"},"image":{"@id":"https:\/\/cvinoticias.com\/v3\/encuentran-restos-oseos-en-un-pozo-durante-la-busqueda-de-jorge-omar-rivero-en-iguazu-hay-dos-detenidos\/#primaryimage"},"thumbnailUrl":"https:\/\/cvinoticias.com\/wp-content\/uploads\/2024\/06\/Imagen-de-WhatsApp-2024-06-28-a-las-17.57.46_50e66411.jpg","articleSection":["Locales"],"inLanguage":"es","potentialAction":[{"@type":"CommentAction","name":"Comment","target":["https:\/\/cvinoticias.com\/v3\/encuentran-restos-oseos-en-un-pozo-durante-la-busqueda-de-jorge-omar-rivero-en-iguazu-hay-dos-detenidos\/#respond"]}]},{"@type":"WebPage","@id":"https:\/\/cvinoticias.com\/v3\/encuentran-restos-oseos-en-un-pozo-durante-la-busqueda-de-jorge-omar-rivero-en-iguazu-hay-dos-detenidos\/","url":"https:\/\/cvinoticias.com\/v3\/encuentran-restos-oseos-en-un-pozo-durante-la-busqueda-de-jorge-omar-rivero-en-iguazu-hay-dos-detenidos\/","name":"Encuentran restos \u00f3seos en un pozo durante la b\u00fasqueda de Jorge Omar Rivero en Iguaz\u00fa: hay dos detenidos | CVI NOTICIAS","isPartOf":{"@id":"https:\/\/cvinoticias.com\/v3\/#website"},"primaryImageOfPage":{"@id":"https:\/\/cvinoticias.com\/v3\/encuentran-restos-oseos-en-un-pozo-durante-la-busqueda-de-jorge-omar-rivero-en-iguazu-hay-dos-detenidos\/#primaryimage"},"image":{"@id":"https:\/\/cvinoticias.com\/v3\/encuentran-restos-oseos-en-un-pozo-durante-la-busqueda-de-jorge-omar-rivero-en-iguazu-hay-dos-detenidos\/#primaryimage"},"thumbnailUrl":"https:\/\/cvinoticias.com\/wp-content\/uploads\/2024\/06\/Imagen-de-WhatsApp-2024-06-28-a-las-17.57.46_50e66411.jpg","datePublished":"2024-06-28T23:06:42+00:00","dateModified":"2024-06-28T23:06:43+00:00","breadcrumb":{"@id":"https:\/\/cvinoticias.com\/v3\/encuentran-restos-oseos-en-un-pozo-durante-la-busqueda-de-jorge-omar-rivero-en-iguazu-hay-dos-detenidos\/#breadcrumb"},"inLanguage":"es","potentialAction":[{"@type":"ReadAction","target":["https:\/\/cvinoticias.com\/v3\/encuentran-restos-oseos-en-un-pozo-durante-la-busqueda-de-jorge-omar-rivero-en-iguazu-hay-dos-detenidos\/"]}]},{"@type":"ImageObject","inLanguage":"es","@id":"https:\/\/cvinoticias.com\/v3\/encuentran-restos-oseos-en-un-pozo-durante-la-busqueda-de-jorge-omar-rivero-en-iguazu-hay-dos-detenidos\/#primaryimage","url":"https:\/\/cvinoticias.com\/wp-content\/uploads\/2024\/06\/Imagen-de-WhatsApp-2024-06-28-a-las-17.57.46_50e66411.jpg","contentUrl":"https:\/\/cvinoticias.com\/wp-content\/uploads\/2024\/06\/Imagen-de-WhatsApp-2024-06-28-a-las-17.57.46_50e66411.jpg","width":720,"height":540},{"@type":"BreadcrumbList","@id":"https:\/\/cvinoticias.com\/v3\/encuentran-restos-oseos-en-un-pozo-durante-la-busqueda-de-jorge-omar-rivero-en-iguazu-hay-dos-detenidos\/#breadcrumb","itemListElement":[{"@type":"ListItem","position":1,"name":"Portada","item":"https:\/\/cvinoticias.com\/v3\/"},{"@type":"ListItem","position":2,"name":"Encuentran restos \u00f3seos en un pozo durante la b\u00fasqueda de Jorge Omar Rivero en Iguaz\u00fa: hay dos detenidos"}]},{"@type":"WebSite","@id":"https:\/\/cvinoticias.com\/v3\/#website","url":"https:\/\/cvinoticias.com\/v3\/","name":"CVI NOTICIAS","description":"","publisher":{"@id":"https:\/\/cvinoticias.com\/v3\/#organization"},"alternateName":"CVI","potentialAction":[{"@type":"SearchAction","target":{"@type":"EntryPoint","urlTemplate":"https:\/\/cvinoticias.com\/v3\/?s={search_term_string}"},"query-input":{"@type":"PropertyValueSpecification","valueRequired":true,"valueName":"search_term_string"}}],"inLanguage":"es"},{"@type":"Organization","@id":"https:\/\/cvinoticias.com\/v3\/#organization","name":"CVI NOTICIAS","url":"https:\/\/cvinoticias.com\/v3\/","logo":{"@type":"ImageObject","inLanguage":"es","@id":"https:\/\/cvinoticias.com\/v3\/#\/schema\/logo\/image\/","url":"https:\/\/cvinoticias.com\/wp-content\/uploads\/2023\/04\/cropped-cropped-cropped-cropped-cropped-3-1.png","contentUrl":"https:\/\/cvinoticias.com\/wp-content\/uploads\/2023\/04\/cropped-cropped-cropped-cropped-cropped-3-1.png","width":95,"height":122,"caption":"CVI NOTICIAS"},"image":{"@id":"https:\/\/cvinoticias.com\/v3\/#\/schema\/logo\/image\/"},"sameAs":["https:\/\/www.facebook.com\/cvinoticias","https:\/\/www.instagram.com\/cvinoticias\/","https:\/\/www.youtube.com\/@CVINOTICIAS"]},{"@type":"Person","@id":"https:\/\/cvinoticias.com\/v3\/#\/schema\/person\/2db77e3c6bc03c538495d7b2b8be9b66","name":"f1000024","image":{"@type":"ImageObject","inLanguage":"es","@id":"https:\/\/secure.gravatar.com\/avatar\/d4fe7459cfc51ff5129ce1a732bbef5928568b8092d412ef95611616376bbeed?s=96&d=mm&r=g","url":"https:\/\/secure.gravatar.com\/avatar\/d4fe7459cfc51ff5129ce1a732bbef5928568b8092d412ef95611616376bbeed?s=96&d=mm&r=g","contentUrl":"https:\/\/secure.gravatar.com\/avatar\/d4fe7459cfc51ff5129ce1a732bbef5928568b8092d412ef95611616376bbeed?s=96&d=mm&r=g","caption":"f1000024"},"url":"https:\/\/cvinoticias.com\/v3\/author\/f1000024\/"}]}},"_links":{"self":[{"href":"https:\/\/cvinoticias.com\/v3\/wp-json\/wp\/v2\/posts\/33895","targetHints":{"allow":["GET"]}}],"collection":[{"href":"https:\/\/cvinoticias.com\/v3\/wp-json\/wp\/v2\/posts"}],"about":[{"href":"https:\/\/cvinoticias.com\/v3\/wp-json\/wp\/v2\/types\/post"}],"author":[{"embeddable":true,"href":"https:\/\/cvinoticias.com\/v3\/wp-json\/wp\/v2\/users\/2"}],"replies":[{"embeddable":true,"href":"https:\/\/cvinoticias.com\/v3\/wp-json\/wp\/v2\/comments?post=33895"}],"version-history":[{"count":1,"href":"https:\/\/cvinoticias.com\/v3\/wp-json\/wp\/v2\/posts\/33895\/revisions"}],"predecessor-version":[{"id":33898,"href":"https:\/\/cvinoticias.com\/v3\/wp-json\/wp\/v2\/posts\/33895\/revisions\/33898"}],"wp:featuredmedia":[{"embeddable":true,"href":"https:\/\/cvinoticias.com\/v3\/wp-json\/wp\/v2\/media\/33897"}],"wp:attachment":[{"href":"https:\/\/cvinoticias.com\/v3\/wp-json\/wp\/v2\/media?parent=33895"}],"wp:term":[{"taxonomy":"category","embeddable":true,"href":"https:\/\/cvinoticias.com\/v3\/wp-json\/wp\/v2\/categories?post=33895"},{"taxonomy":"post_tag","embeddable":true,"href":"https:\/\/cvinoticias.com\/v3\/wp-json\/wp\/v2\/tags?post=33895"}],"curies":[{"name":"wp","href":"https:\/\/api.w.org\/{rel}","templated":true}]}}