{"id":33889,"date":"2024-06-28T15:09:08","date_gmt":"2024-06-28T18:09:08","guid":{"rendered":"https:\/\/cvinoticias.com\/v3\/?p=33889"},"modified":"2024-06-28T15:09:08","modified_gmt":"2024-06-28T18:09:08","slug":"scaloni-no-podra-dirigir-el-ultimo-partido-de-la-fase-de-grupo-ante-peru","status":"publish","type":"post","link":"https:\/\/cvinoticias.com\/v3\/scaloni-no-podra-dirigir-el-ultimo-partido-de-la-fase-de-grupo-ante-peru\/","title":{"rendered":"Scaloni no podr\u00e1 Dirigir el \u00faltimo partido de la fase de grupo ante Per\u00fa"},"content":{"rendered":"\n<p>por la fecha 3 del grupo A de la Copa Am\u00e9rica. El entrenador fue suspendido por un partido por entrar tarde al segundo tiempo en el encuentro ante Chile y no podr\u00e1 estar en el campo de juego ni en el vestuario el s\u00e1bado. <\/p>\n\n\n\n<p><strong>Adem\u00e1s, la Asociaci\u00f3n del F\u00fatbol Argentino tendr\u00e1 una multa econ\u00f3mica de parte de la Comisi\u00f3n Disciplinaria de la Conmebol.<\/strong><\/p>\n\n\n\n<p>El entrenador, que pondr\u00e1 un equipo con mayor\u00eda de habituales suplentes contra el conjunto incaico, tampoco podr\u00e1 brindar la conferencia de prensa previa al partido, que se dar\u00e1 esta tarde.<\/p>\n\n\n\n<p> En su lugar podr\u00edan estar Pablo C\u00e9sar Aimar o Roberto Ayala, ayudantes de campo.<\/p>\n\n\n\n<p><strong>La Conmebol impuso una sanci\u00f3n de un partido al DT de la Selecci\u00f3n argentina y una multa de 15 mil d\u00f3lares por la \u201cinfracci\u00f3n al los art\u00edculos 104 y 145 del Reglamento de la Conmebol Copa Am\u00e9rica 2024\u2033.<\/strong><\/p>\n\n\n\n<p><strong>Seg\u00fan establece el art\u00edculo 76 del reglamento disciplinario de la Conmebol, \u201cel director deportivo\/entrenador, cualquier miembro del cuerpo t\u00e9cnico o restantes oficiales, sancionados con la suspensi\u00f3n de sus funciones, podr\u00e1n presenciar los partidos en los cuales est\u00e9 vigente su suspensi\u00f3n \u00fanicamente desde las gradas\u201d y \u201cno podr\u00e1 acceder al vestuario, t\u00fanel, banca o \u00e1rea t\u00e9cnica antes ni durante el partido, ni podr\u00e1 por ning\u00fan medio comunicarse con su equipo\u201d.<\/strong><\/p>\n\n\n\n<figure class=\"wp-block-gallery has-nested-images columns-default is-cropped wp-block-gallery-1 is-layout-flex wp-block-gallery-is-layout-flex\">\n<figure class=\"wp-block-image size-large\"><a href=\"https:\/\/cvinoticias.com\/wp-content\/uploads\/2024\/06\/el-comunicado-de-la-conmebol-por-la-sancion-a-lionel-scaloni-foto-conmebol-DPRTHPPXV5GJNJC745LORLDX4I.avif\"><img decoding=\"async\" width=\"767\" height=\"504\" data-id=\"33891\" src=\"https:\/\/cvinoticias.com\/wp-content\/uploads\/2024\/06\/el-comunicado-de-la-conmebol-por-la-sancion-a-lionel-scaloni-foto-conmebol-DPRTHPPXV5GJNJC745LORLDX4I.avif\" alt=\"\" class=\"wp-image-33891\"\/><\/a><\/figure>\n<\/figure>\n","protected":false},"excerpt":{"rendered":"<p>por la fecha 3 del grupo A de la Copa Am\u00e9rica. El entrenador fue suspendido por un partido por entrar tarde al segundo tiempo en el encuentro ante Chile y no podr\u00e1 estar en el campo de juego ni en el vestuario el s\u00e1bado. Adem\u00e1s, la Asociaci\u00f3n del F\u00fatbol Argentino tendr\u00e1 una multa econ\u00f3mica de [&hellip;]<\/p>\n","protected":false},"author":2,"featured_media":33890,"comment_status":"open","ping_status":"open","sticky":false,"template":"","format":"standard","meta":{"footnotes":""},"categories":[24],"tags":[],"class_list":["post-33889","post","type-post","status-publish","format-standard","has-post-thumbnail","hentry","category-deportes"],"yoast_head":"<!-- This site is optimized with the Yoast SEO plugin v27.5 - https:\/\/yoast.com\/product\/yoast-seo-wordpress\/ -->\n<title>Scaloni no podr\u00e1 Dirigir el \u00faltimo partido de la fase de grupo ante Per\u00fa | CVI NOTICIAS<\/title>\n<meta name=\"robots\" content=\"index, follow, max-snippet:-1, max-image-preview:large, max-video-preview:-1\" \/>\n<link rel=\"canonical\" href=\"https:\/\/cvinoticias.com\/v3\/scaloni-no-podra-dirigir-el-ultimo-partido-de-la-fase-de-grupo-ante-peru\/\" \/>\n<meta property=\"og:locale\" content=\"es_ES\" \/>\n<meta property=\"og:type\" content=\"article\" \/>\n<meta property=\"og:title\" content=\"Scaloni no podr\u00e1 Dirigir el \u00faltimo partido de la fase de grupo ante Per\u00fa | CVI NOTICIAS\" \/>\n<meta property=\"og:description\" content=\"por la fecha 3 del grupo A de la Copa Am\u00e9rica. El entrenador fue suspendido por un partido por entrar tarde al segundo tiempo en el encuentro ante Chile y no podr\u00e1 estar en el campo de juego ni en el vestuario el s\u00e1bado. Adem\u00e1s, la Asociaci\u00f3n del F\u00fatbol Argentino tendr\u00e1 una multa econ\u00f3mica de [&hellip;]\" \/>\n<meta property=\"og:url\" content=\"https:\/\/cvinoticias.com\/v3\/scaloni-no-podra-dirigir-el-ultimo-partido-de-la-fase-de-grupo-ante-peru\/\" \/>\n<meta property=\"og:site_name\" content=\"CVI NOTICIAS\" \/>\n<meta property=\"article:publisher\" content=\"https:\/\/www.facebook.com\/cvinoticias\" \/>\n<meta property=\"article:published_time\" content=\"2024-06-28T18:09:08+00:00\" \/>\n<meta name=\"author\" content=\"f1000024\" \/>\n<meta name=\"twitter:card\" content=\"summary_large_image\" \/>\n<meta name=\"twitter:label1\" content=\"Escrito por\" \/>\n\t<meta name=\"twitter:data1\" content=\"f1000024\" \/>\n\t<meta name=\"twitter:label2\" content=\"Tiempo de lectura\" \/>\n\t<meta name=\"twitter:data2\" content=\"2 minutos\" \/>\n<script type=\"application\/ld+json\" class=\"yoast-schema-graph\">{\"@context\":\"https:\\\/\\\/schema.org\",\"@graph\":[{\"@type\":\"Article\",\"@id\":\"https:\\\/\\\/cvinoticias.com\\\/v3\\\/scaloni-no-podra-dirigir-el-ultimo-partido-de-la-fase-de-grupo-ante-peru\\\/#article\",\"isPartOf\":{\"@id\":\"https:\\\/\\\/cvinoticias.com\\\/v3\\\/scaloni-no-podra-dirigir-el-ultimo-partido-de-la-fase-de-grupo-ante-peru\\\/\"},\"author\":{\"name\":\"f1000024\",\"@id\":\"https:\\\/\\\/cvinoticias.com\\\/v3\\\/#\\\/schema\\\/person\\\/2db77e3c6bc03c538495d7b2b8be9b66\"},\"headline\":\"Scaloni no podr\u00e1 Dirigir el \u00faltimo partido de la fase de grupo ante Per\u00fa\",\"datePublished\":\"2024-06-28T18:09:08+00:00\",\"mainEntityOfPage\":{\"@id\":\"https:\\\/\\\/cvinoticias.com\\\/v3\\\/scaloni-no-podra-dirigir-el-ultimo-partido-de-la-fase-de-grupo-ante-peru\\\/\"},\"wordCount\":248,\"commentCount\":0,\"publisher\":{\"@id\":\"https:\\\/\\\/cvinoticias.com\\\/v3\\\/#organization\"},\"image\":{\"@id\":\"https:\\\/\\\/cvinoticias.com\\\/v3\\\/scaloni-no-podra-dirigir-el-ultimo-partido-de-la-fase-de-grupo-ante-peru\\\/#primaryimage\"},\"thumbnailUrl\":\"https:\\\/\\\/cvinoticias.com\\\/wp-content\\\/uploads\\\/2024\\\/06\\\/pablo-cesar-aimar-podria-estar-presente-en-la-conferencia-de-prensa-previa-al-partido-de-peru-foto-ap-TDUCQX3TDRHPZIJGXM5QA7PEVU.avif\",\"articleSection\":[\"Deportes\"],\"inLanguage\":\"es\",\"potentialAction\":[{\"@type\":\"CommentAction\",\"name\":\"Comment\",\"target\":[\"https:\\\/\\\/cvinoticias.com\\\/v3\\\/scaloni-no-podra-dirigir-el-ultimo-partido-de-la-fase-de-grupo-ante-peru\\\/#respond\"]}]},{\"@type\":\"WebPage\",\"@id\":\"https:\\\/\\\/cvinoticias.com\\\/v3\\\/scaloni-no-podra-dirigir-el-ultimo-partido-de-la-fase-de-grupo-ante-peru\\\/\",\"url\":\"https:\\\/\\\/cvinoticias.com\\\/v3\\\/scaloni-no-podra-dirigir-el-ultimo-partido-de-la-fase-de-grupo-ante-peru\\\/\",\"name\":\"Scaloni no podr\u00e1 Dirigir el \u00faltimo partido de la fase de grupo ante Per\u00fa | CVI NOTICIAS\",\"isPartOf\":{\"@id\":\"https:\\\/\\\/cvinoticias.com\\\/v3\\\/#website\"},\"primaryImageOfPage\":{\"@id\":\"https:\\\/\\\/cvinoticias.com\\\/v3\\\/scaloni-no-podra-dirigir-el-ultimo-partido-de-la-fase-de-grupo-ante-peru\\\/#primaryimage\"},\"image\":{\"@id\":\"https:\\\/\\\/cvinoticias.com\\\/v3\\\/scaloni-no-podra-dirigir-el-ultimo-partido-de-la-fase-de-grupo-ante-peru\\\/#primaryimage\"},\"thumbnailUrl\":\"https:\\\/\\\/cvinoticias.com\\\/wp-content\\\/uploads\\\/2024\\\/06\\\/pablo-cesar-aimar-podria-estar-presente-en-la-conferencia-de-prensa-previa-al-partido-de-peru-foto-ap-TDUCQX3TDRHPZIJGXM5QA7PEVU.avif\",\"datePublished\":\"2024-06-28T18:09:08+00:00\",\"breadcrumb\":{\"@id\":\"https:\\\/\\\/cvinoticias.com\\\/v3\\\/scaloni-no-podra-dirigir-el-ultimo-partido-de-la-fase-de-grupo-ante-peru\\\/#breadcrumb\"},\"inLanguage\":\"es\",\"potentialAction\":[{\"@type\":\"ReadAction\",\"target\":[\"https:\\\/\\\/cvinoticias.com\\\/v3\\\/scaloni-no-podra-dirigir-el-ultimo-partido-de-la-fase-de-grupo-ante-peru\\\/\"]}]},{\"@type\":\"ImageObject\",\"inLanguage\":\"es\",\"@id\":\"https:\\\/\\\/cvinoticias.com\\\/v3\\\/scaloni-no-podra-dirigir-el-ultimo-partido-de-la-fase-de-grupo-ante-peru\\\/#primaryimage\",\"url\":\"https:\\\/\\\/cvinoticias.com\\\/wp-content\\\/uploads\\\/2024\\\/06\\\/pablo-cesar-aimar-podria-estar-presente-en-la-conferencia-de-prensa-previa-al-partido-de-peru-foto-ap-TDUCQX3TDRHPZIJGXM5QA7PEVU.avif\",\"contentUrl\":\"https:\\\/\\\/cvinoticias.com\\\/wp-content\\\/uploads\\\/2024\\\/06\\\/pablo-cesar-aimar-podria-estar-presente-en-la-conferencia-de-prensa-previa-al-partido-de-peru-foto-ap-TDUCQX3TDRHPZIJGXM5QA7PEVU.avif\",\"width\":767,\"height\":430},{\"@type\":\"BreadcrumbList\",\"@id\":\"https:\\\/\\\/cvinoticias.com\\\/v3\\\/scaloni-no-podra-dirigir-el-ultimo-partido-de-la-fase-de-grupo-ante-peru\\\/#breadcrumb\",\"itemListElement\":[{\"@type\":\"ListItem\",\"position\":1,\"name\":\"Portada\",\"item\":\"https:\\\/\\\/cvinoticias.com\\\/v3\\\/\"},{\"@type\":\"ListItem\",\"position\":2,\"name\":\"Scaloni no podr\u00e1 Dirigir el \u00faltimo partido de la fase de grupo ante Per\u00fa\"}]},{\"@type\":\"WebSite\",\"@id\":\"https:\\\/\\\/cvinoticias.com\\\/v3\\\/#website\",\"url\":\"https:\\\/\\\/cvinoticias.com\\\/v3\\\/\",\"name\":\"CVI NOTICIAS\",\"description\":\"\",\"publisher\":{\"@id\":\"https:\\\/\\\/cvinoticias.com\\\/v3\\\/#organization\"},\"alternateName\":\"CVI\",\"potentialAction\":[{\"@type\":\"SearchAction\",\"target\":{\"@type\":\"EntryPoint\",\"urlTemplate\":\"https:\\\/\\\/cvinoticias.com\\\/v3\\\/?s={search_term_string}\"},\"query-input\":{\"@type\":\"PropertyValueSpecification\",\"valueRequired\":true,\"valueName\":\"search_term_string\"}}],\"inLanguage\":\"es\"},{\"@type\":\"Organization\",\"@id\":\"https:\\\/\\\/cvinoticias.com\\\/v3\\\/#organization\",\"name\":\"CVI NOTICIAS\",\"url\":\"https:\\\/\\\/cvinoticias.com\\\/v3\\\/\",\"logo\":{\"@type\":\"ImageObject\",\"inLanguage\":\"es\",\"@id\":\"https:\\\/\\\/cvinoticias.com\\\/v3\\\/#\\\/schema\\\/logo\\\/image\\\/\",\"url\":\"https:\\\/\\\/cvinoticias.com\\\/wp-content\\\/uploads\\\/2023\\\/04\\\/cropped-cropped-cropped-cropped-cropped-3-1.png\",\"contentUrl\":\"https:\\\/\\\/cvinoticias.com\\\/wp-content\\\/uploads\\\/2023\\\/04\\\/cropped-cropped-cropped-cropped-cropped-3-1.png\",\"width\":95,\"height\":122,\"caption\":\"CVI NOTICIAS\"},\"image\":{\"@id\":\"https:\\\/\\\/cvinoticias.com\\\/v3\\\/#\\\/schema\\\/logo\\\/image\\\/\"},\"sameAs\":[\"https:\\\/\\\/www.facebook.com\\\/cvinoticias\",\"https:\\\/\\\/www.instagram.com\\\/cvinoticias\\\/\",\"https:\\\/\\\/www.youtube.com\\\/@CVINOTICIAS\"]},{\"@type\":\"Person\",\"@id\":\"https:\\\/\\\/cvinoticias.com\\\/v3\\\/#\\\/schema\\\/person\\\/2db77e3c6bc03c538495d7b2b8be9b66\",\"name\":\"f1000024\",\"image\":{\"@type\":\"ImageObject\",\"inLanguage\":\"es\",\"@id\":\"https:\\\/\\\/secure.gravatar.com\\\/avatar\\\/d4fe7459cfc51ff5129ce1a732bbef5928568b8092d412ef95611616376bbeed?s=96&d=mm&r=g\",\"url\":\"https:\\\/\\\/secure.gravatar.com\\\/avatar\\\/d4fe7459cfc51ff5129ce1a732bbef5928568b8092d412ef95611616376bbeed?s=96&d=mm&r=g\",\"contentUrl\":\"https:\\\/\\\/secure.gravatar.com\\\/avatar\\\/d4fe7459cfc51ff5129ce1a732bbef5928568b8092d412ef95611616376bbeed?s=96&d=mm&r=g\",\"caption\":\"f1000024\"},\"url\":\"https:\\\/\\\/cvinoticias.com\\\/v3\\\/author\\\/f1000024\\\/\"}]}<\/script>\n<!-- \/ Yoast SEO plugin. -->","yoast_head_json":{"title":"Scaloni no podr\u00e1 Dirigir el \u00faltimo partido de la fase de grupo ante Per\u00fa | CVI NOTICIAS","robots":{"index":"index","follow":"follow","max-snippet":"max-snippet:-1","max-image-preview":"max-image-preview:large","max-video-preview":"max-video-preview:-1"},"canonical":"https:\/\/cvinoticias.com\/v3\/scaloni-no-podra-dirigir-el-ultimo-partido-de-la-fase-de-grupo-ante-peru\/","og_locale":"es_ES","og_type":"article","og_title":"Scaloni no podr\u00e1 Dirigir el \u00faltimo partido de la fase de grupo ante Per\u00fa | CVI NOTICIAS","og_description":"por la fecha 3 del grupo A de la Copa Am\u00e9rica. El entrenador fue suspendido por un partido por entrar tarde al segundo tiempo en el encuentro ante Chile y no podr\u00e1 estar en el campo de juego ni en el vestuario el s\u00e1bado. Adem\u00e1s, la Asociaci\u00f3n del F\u00fatbol Argentino tendr\u00e1 una multa econ\u00f3mica de [&hellip;]","og_url":"https:\/\/cvinoticias.com\/v3\/scaloni-no-podra-dirigir-el-ultimo-partido-de-la-fase-de-grupo-ante-peru\/","og_site_name":"CVI NOTICIAS","article_publisher":"https:\/\/www.facebook.com\/cvinoticias","article_published_time":"2024-06-28T18:09:08+00:00","author":"f1000024","twitter_card":"summary_large_image","twitter_misc":{"Escrito por":"f1000024","Tiempo de lectura":"2 minutos"},"schema":{"@context":"https:\/\/schema.org","@graph":[{"@type":"Article","@id":"https:\/\/cvinoticias.com\/v3\/scaloni-no-podra-dirigir-el-ultimo-partido-de-la-fase-de-grupo-ante-peru\/#article","isPartOf":{"@id":"https:\/\/cvinoticias.com\/v3\/scaloni-no-podra-dirigir-el-ultimo-partido-de-la-fase-de-grupo-ante-peru\/"},"author":{"name":"f1000024","@id":"https:\/\/cvinoticias.com\/v3\/#\/schema\/person\/2db77e3c6bc03c538495d7b2b8be9b66"},"headline":"Scaloni no podr\u00e1 Dirigir el \u00faltimo partido de la fase de grupo ante Per\u00fa","datePublished":"2024-06-28T18:09:08+00:00","mainEntityOfPage":{"@id":"https:\/\/cvinoticias.com\/v3\/scaloni-no-podra-dirigir-el-ultimo-partido-de-la-fase-de-grupo-ante-peru\/"},"wordCount":248,"commentCount":0,"publisher":{"@id":"https:\/\/cvinoticias.com\/v3\/#organization"},"image":{"@id":"https:\/\/cvinoticias.com\/v3\/scaloni-no-podra-dirigir-el-ultimo-partido-de-la-fase-de-grupo-ante-peru\/#primaryimage"},"thumbnailUrl":"https:\/\/cvinoticias.com\/wp-content\/uploads\/2024\/06\/pablo-cesar-aimar-podria-estar-presente-en-la-conferencia-de-prensa-previa-al-partido-de-peru-foto-ap-TDUCQX3TDRHPZIJGXM5QA7PEVU.avif","articleSection":["Deportes"],"inLanguage":"es","potentialAction":[{"@type":"CommentAction","name":"Comment","target":["https:\/\/cvinoticias.com\/v3\/scaloni-no-podra-dirigir-el-ultimo-partido-de-la-fase-de-grupo-ante-peru\/#respond"]}]},{"@type":"WebPage","@id":"https:\/\/cvinoticias.com\/v3\/scaloni-no-podra-dirigir-el-ultimo-partido-de-la-fase-de-grupo-ante-peru\/","url":"https:\/\/cvinoticias.com\/v3\/scaloni-no-podra-dirigir-el-ultimo-partido-de-la-fase-de-grupo-ante-peru\/","name":"Scaloni no podr\u00e1 Dirigir el \u00faltimo partido de la fase de grupo ante Per\u00fa | CVI NOTICIAS","isPartOf":{"@id":"https:\/\/cvinoticias.com\/v3\/#website"},"primaryImageOfPage":{"@id":"https:\/\/cvinoticias.com\/v3\/scaloni-no-podra-dirigir-el-ultimo-partido-de-la-fase-de-grupo-ante-peru\/#primaryimage"},"image":{"@id":"https:\/\/cvinoticias.com\/v3\/scaloni-no-podra-dirigir-el-ultimo-partido-de-la-fase-de-grupo-ante-peru\/#primaryimage"},"thumbnailUrl":"https:\/\/cvinoticias.com\/wp-content\/uploads\/2024\/06\/pablo-cesar-aimar-podria-estar-presente-en-la-conferencia-de-prensa-previa-al-partido-de-peru-foto-ap-TDUCQX3TDRHPZIJGXM5QA7PEVU.avif","datePublished":"2024-06-28T18:09:08+00:00","breadcrumb":{"@id":"https:\/\/cvinoticias.com\/v3\/scaloni-no-podra-dirigir-el-ultimo-partido-de-la-fase-de-grupo-ante-peru\/#breadcrumb"},"inLanguage":"es","potentialAction":[{"@type":"ReadAction","target":["https:\/\/cvinoticias.com\/v3\/scaloni-no-podra-dirigir-el-ultimo-partido-de-la-fase-de-grupo-ante-peru\/"]}]},{"@type":"ImageObject","inLanguage":"es","@id":"https:\/\/cvinoticias.com\/v3\/scaloni-no-podra-dirigir-el-ultimo-partido-de-la-fase-de-grupo-ante-peru\/#primaryimage","url":"https:\/\/cvinoticias.com\/wp-content\/uploads\/2024\/06\/pablo-cesar-aimar-podria-estar-presente-en-la-conferencia-de-prensa-previa-al-partido-de-peru-foto-ap-TDUCQX3TDRHPZIJGXM5QA7PEVU.avif","contentUrl":"https:\/\/cvinoticias.com\/wp-content\/uploads\/2024\/06\/pablo-cesar-aimar-podria-estar-presente-en-la-conferencia-de-prensa-previa-al-partido-de-peru-foto-ap-TDUCQX3TDRHPZIJGXM5QA7PEVU.avif","width":767,"height":430},{"@type":"BreadcrumbList","@id":"https:\/\/cvinoticias.com\/v3\/scaloni-no-podra-dirigir-el-ultimo-partido-de-la-fase-de-grupo-ante-peru\/#breadcrumb","itemListElement":[{"@type":"ListItem","position":1,"name":"Portada","item":"https:\/\/cvinoticias.com\/v3\/"},{"@type":"ListItem","position":2,"name":"Scaloni no podr\u00e1 Dirigir el \u00faltimo partido de la fase de grupo ante Per\u00fa"}]},{"@type":"WebSite","@id":"https:\/\/cvinoticias.com\/v3\/#website","url":"https:\/\/cvinoticias.com\/v3\/","name":"CVI NOTICIAS","description":"","publisher":{"@id":"https:\/\/cvinoticias.com\/v3\/#organization"},"alternateName":"CVI","potentialAction":[{"@type":"SearchAction","target":{"@type":"EntryPoint","urlTemplate":"https:\/\/cvinoticias.com\/v3\/?s={search_term_string}"},"query-input":{"@type":"PropertyValueSpecification","valueRequired":true,"valueName":"search_term_string"}}],"inLanguage":"es"},{"@type":"Organization","@id":"https:\/\/cvinoticias.com\/v3\/#organization","name":"CVI NOTICIAS","url":"https:\/\/cvinoticias.com\/v3\/","logo":{"@type":"ImageObject","inLanguage":"es","@id":"https:\/\/cvinoticias.com\/v3\/#\/schema\/logo\/image\/","url":"https:\/\/cvinoticias.com\/wp-content\/uploads\/2023\/04\/cropped-cropped-cropped-cropped-cropped-3-1.png","contentUrl":"https:\/\/cvinoticias.com\/wp-content\/uploads\/2023\/04\/cropped-cropped-cropped-cropped-cropped-3-1.png","width":95,"height":122,"caption":"CVI NOTICIAS"},"image":{"@id":"https:\/\/cvinoticias.com\/v3\/#\/schema\/logo\/image\/"},"sameAs":["https:\/\/www.facebook.com\/cvinoticias","https:\/\/www.instagram.com\/cvinoticias\/","https:\/\/www.youtube.com\/@CVINOTICIAS"]},{"@type":"Person","@id":"https:\/\/cvinoticias.com\/v3\/#\/schema\/person\/2db77e3c6bc03c538495d7b2b8be9b66","name":"f1000024","image":{"@type":"ImageObject","inLanguage":"es","@id":"https:\/\/secure.gravatar.com\/avatar\/d4fe7459cfc51ff5129ce1a732bbef5928568b8092d412ef95611616376bbeed?s=96&d=mm&r=g","url":"https:\/\/secure.gravatar.com\/avatar\/d4fe7459cfc51ff5129ce1a732bbef5928568b8092d412ef95611616376bbeed?s=96&d=mm&r=g","contentUrl":"https:\/\/secure.gravatar.com\/avatar\/d4fe7459cfc51ff5129ce1a732bbef5928568b8092d412ef95611616376bbeed?s=96&d=mm&r=g","caption":"f1000024"},"url":"https:\/\/cvinoticias.com\/v3\/author\/f1000024\/"}]}},"_links":{"self":[{"href":"https:\/\/cvinoticias.com\/v3\/wp-json\/wp\/v2\/posts\/33889","targetHints":{"allow":["GET"]}}],"collection":[{"href":"https:\/\/cvinoticias.com\/v3\/wp-json\/wp\/v2\/posts"}],"about":[{"href":"https:\/\/cvinoticias.com\/v3\/wp-json\/wp\/v2\/types\/post"}],"author":[{"embeddable":true,"href":"https:\/\/cvinoticias.com\/v3\/wp-json\/wp\/v2\/users\/2"}],"replies":[{"embeddable":true,"href":"https:\/\/cvinoticias.com\/v3\/wp-json\/wp\/v2\/comments?post=33889"}],"version-history":[{"count":1,"href":"https:\/\/cvinoticias.com\/v3\/wp-json\/wp\/v2\/posts\/33889\/revisions"}],"predecessor-version":[{"id":33892,"href":"https:\/\/cvinoticias.com\/v3\/wp-json\/wp\/v2\/posts\/33889\/revisions\/33892"}],"wp:featuredmedia":[{"embeddable":true,"href":"https:\/\/cvinoticias.com\/v3\/wp-json\/wp\/v2\/media\/33890"}],"wp:attachment":[{"href":"https:\/\/cvinoticias.com\/v3\/wp-json\/wp\/v2\/media?parent=33889"}],"wp:term":[{"taxonomy":"category","embeddable":true,"href":"https:\/\/cvinoticias.com\/v3\/wp-json\/wp\/v2\/categories?post=33889"},{"taxonomy":"post_tag","embeddable":true,"href":"https:\/\/cvinoticias.com\/v3\/wp-json\/wp\/v2\/tags?post=33889"}],"curies":[{"name":"wp","href":"https:\/\/api.w.org\/{rel}","templated":true}]}}