{"id":33879,"date":"2024-06-27T22:28:28","date_gmt":"2024-06-28T01:28:28","guid":{"rendered":"https:\/\/cvinoticias.com\/v3\/?p=33879"},"modified":"2024-06-27T22:34:21","modified_gmt":"2024-06-28T01:34:21","slug":"el-parlamento-misionero-aprobo-la-creacion-del-instituto-provincial-del-quemado-y-cirugia-plastica","status":"publish","type":"post","link":"https:\/\/cvinoticias.com\/v3\/el-parlamento-misionero-aprobo-la-creacion-del-instituto-provincial-del-quemado-y-cirugia-plastica\/","title":{"rendered":"El Parlamento Misionero aprob\u00f3 la creaci\u00f3n del Instituto Provincial del Quemado y Cirug\u00eda Pl\u00e1stica"},"content":{"rendered":"\n<p>En la Octava Sesi\u00f3n del a\u00f1o de la Legislatura Misionera se trat\u00f3 el proyecto del diputado Carlos Rovira d\u00f3nde el parlamento aprob\u00f3 <strong>la creaci\u00f3n del Instituto Provincial del Quemado y Cirug\u00eda Pl\u00e1stica.<\/strong>El mismo depender\u00e1 de la cartera de Salud P\u00fablica y funcionar\u00e1 en el Parque de la Salud en el Hospital de Agudos Ram\u00f3n Madariaga <\/p>\n\n\n\n<p>El Instituto brindar\u00e1 las siguientes prestaciones:<\/p>\n\n\n\n<p>*Atenci\u00f3n inicial del quemado pedi\u00e1trico y adulto con traslado al lugar del accidente como as\u00ed tambi\u00e9n cuidado intrahospitalario del quemado pedi\u00e1trico y adulto<\/p>\n\n\n\n<p>*Tratamiento del gran quemado adulto y pedi\u00e1trico<\/p>\n\n\n\n<p>*Tratamiento complejo del quemado pedi\u00e1trico<\/p>\n\n\n\n<p>*Atenci\u00f3n quir\u00fargica de las secuelas del quemado<\/p>\n\n\n\n<p>*Rehabilitaci\u00f3n kinesiol\u00f3gica del paciente quemado<\/p>\n\n\n\n<p>*Capacitaci\u00f3n espec\u00edfica en la tem\u00e1tica al personal del Instituto<\/p>\n\n\n\n<p>Asi mismo se <strong>instituir\u00e1 cada 26 de Octubre como D\u00eda de la \u00abPrevenci\u00f3n de la Quemadura\u00bb <\/strong> en conmemoraci\u00f3n del D\u00eda latinoamericano de la Prevenci\u00f3n de quemaduras.<\/p>\n\n\n\n<p><strong>El objetivo ahora es trabajar sobre lo existente para centralizar la atenci\u00f3n en un solo lugar, dado que el tratamiento de estos pacientes exige la acci\u00f3n coordinada de profesionales especializados, una estructura f\u00edsica con instalaciones y equipamiento<\/strong><\/p>\n\n\n\n<p>Actualmente el Madariaga cuenta con la Unidad de Quemados donde trabajan de manera conjunta con el Hospital de Pediatr\u00eda  para la atenci\u00f3n de Adultos y ni\u00f1os respectivamente.<\/p>\n\n\n\n<p><\/p>\n","protected":false},"excerpt":{"rendered":"<p>En la Octava Sesi\u00f3n del a\u00f1o de la Legislatura Misionera se trat\u00f3 el proyecto del diputado Carlos Rovira d\u00f3nde el parlamento aprob\u00f3 la creaci\u00f3n del Instituto Provincial del Quemado y Cirug\u00eda Pl\u00e1stica.El mismo depender\u00e1 de la cartera de Salud P\u00fablica y funcionar\u00e1 en el Parque de la Salud en el Hospital de Agudos Ram\u00f3n Madariaga [&hellip;]<\/p>\n","protected":false},"author":2,"featured_media":33881,"comment_status":"open","ping_status":"open","sticky":false,"template":"","format":"standard","meta":{"footnotes":""},"categories":[43],"tags":[],"class_list":["post-33879","post","type-post","status-publish","format-standard","has-post-thumbnail","hentry","category-provinciales"],"yoast_head":"<!-- This site is optimized with the Yoast SEO plugin v27.5 - https:\/\/yoast.com\/product\/yoast-seo-wordpress\/ -->\n<title>El Parlamento Misionero aprob\u00f3 la creaci\u00f3n del Instituto Provincial del Quemado y Cirug\u00eda Pl\u00e1stica | CVI NOTICIAS<\/title>\n<meta name=\"robots\" content=\"index, follow, max-snippet:-1, max-image-preview:large, max-video-preview:-1\" \/>\n<link rel=\"canonical\" href=\"https:\/\/cvinoticias.com\/v3\/el-parlamento-misionero-aprobo-la-creacion-del-instituto-provincial-del-quemado-y-cirugia-plastica\/\" \/>\n<meta property=\"og:locale\" content=\"es_ES\" \/>\n<meta property=\"og:type\" content=\"article\" \/>\n<meta property=\"og:title\" content=\"El Parlamento Misionero aprob\u00f3 la creaci\u00f3n del Instituto Provincial del Quemado y Cirug\u00eda Pl\u00e1stica | CVI NOTICIAS\" \/>\n<meta property=\"og:description\" content=\"En la Octava Sesi\u00f3n del a\u00f1o de la Legislatura Misionera se trat\u00f3 el proyecto del diputado Carlos Rovira d\u00f3nde el parlamento aprob\u00f3 la creaci\u00f3n del Instituto Provincial del Quemado y Cirug\u00eda Pl\u00e1stica.El mismo depender\u00e1 de la cartera de Salud P\u00fablica y funcionar\u00e1 en el Parque de la Salud en el Hospital de Agudos Ram\u00f3n Madariaga [&hellip;]\" \/>\n<meta property=\"og:url\" content=\"https:\/\/cvinoticias.com\/v3\/el-parlamento-misionero-aprobo-la-creacion-del-instituto-provincial-del-quemado-y-cirugia-plastica\/\" \/>\n<meta property=\"og:site_name\" content=\"CVI NOTICIAS\" \/>\n<meta property=\"article:publisher\" content=\"https:\/\/www.facebook.com\/cvinoticias\" \/>\n<meta property=\"article:published_time\" content=\"2024-06-28T01:28:28+00:00\" \/>\n<meta property=\"article:modified_time\" content=\"2024-06-28T01:34:21+00:00\" \/>\n<meta property=\"og:image\" content=\"https:\/\/cvinoticias.com\/wp-content\/uploads\/2024\/06\/hospital-escuela-5-2.jpg\" \/>\n\t<meta property=\"og:image:width\" content=\"800\" \/>\n\t<meta property=\"og:image:height\" content=\"446\" \/>\n\t<meta property=\"og:image:type\" content=\"image\/jpeg\" \/>\n<meta name=\"author\" content=\"f1000024\" \/>\n<meta name=\"twitter:card\" content=\"summary_large_image\" \/>\n<meta name=\"twitter:label1\" content=\"Escrito por\" \/>\n\t<meta name=\"twitter:data1\" content=\"f1000024\" \/>\n\t<meta name=\"twitter:label2\" content=\"Tiempo de lectura\" \/>\n\t<meta name=\"twitter:data2\" content=\"2 minutos\" \/>\n<script type=\"application\/ld+json\" class=\"yoast-schema-graph\">{\"@context\":\"https:\\\/\\\/schema.org\",\"@graph\":[{\"@type\":\"Article\",\"@id\":\"https:\\\/\\\/cvinoticias.com\\\/v3\\\/el-parlamento-misionero-aprobo-la-creacion-del-instituto-provincial-del-quemado-y-cirugia-plastica\\\/#article\",\"isPartOf\":{\"@id\":\"https:\\\/\\\/cvinoticias.com\\\/v3\\\/el-parlamento-misionero-aprobo-la-creacion-del-instituto-provincial-del-quemado-y-cirugia-plastica\\\/\"},\"author\":{\"name\":\"f1000024\",\"@id\":\"https:\\\/\\\/cvinoticias.com\\\/v3\\\/#\\\/schema\\\/person\\\/2db77e3c6bc03c538495d7b2b8be9b66\"},\"headline\":\"El Parlamento Misionero aprob\u00f3 la creaci\u00f3n del Instituto Provincial del Quemado y Cirug\u00eda Pl\u00e1stica\",\"datePublished\":\"2024-06-28T01:28:28+00:00\",\"dateModified\":\"2024-06-28T01:34:21+00:00\",\"mainEntityOfPage\":{\"@id\":\"https:\\\/\\\/cvinoticias.com\\\/v3\\\/el-parlamento-misionero-aprobo-la-creacion-del-instituto-provincial-del-quemado-y-cirugia-plastica\\\/\"},\"wordCount\":256,\"commentCount\":0,\"publisher\":{\"@id\":\"https:\\\/\\\/cvinoticias.com\\\/v3\\\/#organization\"},\"image\":{\"@id\":\"https:\\\/\\\/cvinoticias.com\\\/v3\\\/el-parlamento-misionero-aprobo-la-creacion-del-instituto-provincial-del-quemado-y-cirugia-plastica\\\/#primaryimage\"},\"thumbnailUrl\":\"https:\\\/\\\/cvinoticias.com\\\/wp-content\\\/uploads\\\/2024\\\/06\\\/hospital-escuela-5-2.jpg\",\"articleSection\":[\"Provinciales\"],\"inLanguage\":\"es\",\"potentialAction\":[{\"@type\":\"CommentAction\",\"name\":\"Comment\",\"target\":[\"https:\\\/\\\/cvinoticias.com\\\/v3\\\/el-parlamento-misionero-aprobo-la-creacion-del-instituto-provincial-del-quemado-y-cirugia-plastica\\\/#respond\"]}]},{\"@type\":\"WebPage\",\"@id\":\"https:\\\/\\\/cvinoticias.com\\\/v3\\\/el-parlamento-misionero-aprobo-la-creacion-del-instituto-provincial-del-quemado-y-cirugia-plastica\\\/\",\"url\":\"https:\\\/\\\/cvinoticias.com\\\/v3\\\/el-parlamento-misionero-aprobo-la-creacion-del-instituto-provincial-del-quemado-y-cirugia-plastica\\\/\",\"name\":\"El Parlamento Misionero aprob\u00f3 la creaci\u00f3n del Instituto Provincial del Quemado y Cirug\u00eda Pl\u00e1stica | CVI NOTICIAS\",\"isPartOf\":{\"@id\":\"https:\\\/\\\/cvinoticias.com\\\/v3\\\/#website\"},\"primaryImageOfPage\":{\"@id\":\"https:\\\/\\\/cvinoticias.com\\\/v3\\\/el-parlamento-misionero-aprobo-la-creacion-del-instituto-provincial-del-quemado-y-cirugia-plastica\\\/#primaryimage\"},\"image\":{\"@id\":\"https:\\\/\\\/cvinoticias.com\\\/v3\\\/el-parlamento-misionero-aprobo-la-creacion-del-instituto-provincial-del-quemado-y-cirugia-plastica\\\/#primaryimage\"},\"thumbnailUrl\":\"https:\\\/\\\/cvinoticias.com\\\/wp-content\\\/uploads\\\/2024\\\/06\\\/hospital-escuela-5-2.jpg\",\"datePublished\":\"2024-06-28T01:28:28+00:00\",\"dateModified\":\"2024-06-28T01:34:21+00:00\",\"breadcrumb\":{\"@id\":\"https:\\\/\\\/cvinoticias.com\\\/v3\\\/el-parlamento-misionero-aprobo-la-creacion-del-instituto-provincial-del-quemado-y-cirugia-plastica\\\/#breadcrumb\"},\"inLanguage\":\"es\",\"potentialAction\":[{\"@type\":\"ReadAction\",\"target\":[\"https:\\\/\\\/cvinoticias.com\\\/v3\\\/el-parlamento-misionero-aprobo-la-creacion-del-instituto-provincial-del-quemado-y-cirugia-plastica\\\/\"]}]},{\"@type\":\"ImageObject\",\"inLanguage\":\"es\",\"@id\":\"https:\\\/\\\/cvinoticias.com\\\/v3\\\/el-parlamento-misionero-aprobo-la-creacion-del-instituto-provincial-del-quemado-y-cirugia-plastica\\\/#primaryimage\",\"url\":\"https:\\\/\\\/cvinoticias.com\\\/wp-content\\\/uploads\\\/2024\\\/06\\\/hospital-escuela-5-2.jpg\",\"contentUrl\":\"https:\\\/\\\/cvinoticias.com\\\/wp-content\\\/uploads\\\/2024\\\/06\\\/hospital-escuela-5-2.jpg\",\"width\":800,\"height\":446},{\"@type\":\"BreadcrumbList\",\"@id\":\"https:\\\/\\\/cvinoticias.com\\\/v3\\\/el-parlamento-misionero-aprobo-la-creacion-del-instituto-provincial-del-quemado-y-cirugia-plastica\\\/#breadcrumb\",\"itemListElement\":[{\"@type\":\"ListItem\",\"position\":1,\"name\":\"Portada\",\"item\":\"https:\\\/\\\/cvinoticias.com\\\/v3\\\/\"},{\"@type\":\"ListItem\",\"position\":2,\"name\":\"El Parlamento Misionero aprob\u00f3 la creaci\u00f3n del Instituto Provincial del Quemado y Cirug\u00eda Pl\u00e1stica\"}]},{\"@type\":\"WebSite\",\"@id\":\"https:\\\/\\\/cvinoticias.com\\\/v3\\\/#website\",\"url\":\"https:\\\/\\\/cvinoticias.com\\\/v3\\\/\",\"name\":\"CVI NOTICIAS\",\"description\":\"\",\"publisher\":{\"@id\":\"https:\\\/\\\/cvinoticias.com\\\/v3\\\/#organization\"},\"alternateName\":\"CVI\",\"potentialAction\":[{\"@type\":\"SearchAction\",\"target\":{\"@type\":\"EntryPoint\",\"urlTemplate\":\"https:\\\/\\\/cvinoticias.com\\\/v3\\\/?s={search_term_string}\"},\"query-input\":{\"@type\":\"PropertyValueSpecification\",\"valueRequired\":true,\"valueName\":\"search_term_string\"}}],\"inLanguage\":\"es\"},{\"@type\":\"Organization\",\"@id\":\"https:\\\/\\\/cvinoticias.com\\\/v3\\\/#organization\",\"name\":\"CVI NOTICIAS\",\"url\":\"https:\\\/\\\/cvinoticias.com\\\/v3\\\/\",\"logo\":{\"@type\":\"ImageObject\",\"inLanguage\":\"es\",\"@id\":\"https:\\\/\\\/cvinoticias.com\\\/v3\\\/#\\\/schema\\\/logo\\\/image\\\/\",\"url\":\"https:\\\/\\\/cvinoticias.com\\\/wp-content\\\/uploads\\\/2023\\\/04\\\/cropped-cropped-cropped-cropped-cropped-3-1.png\",\"contentUrl\":\"https:\\\/\\\/cvinoticias.com\\\/wp-content\\\/uploads\\\/2023\\\/04\\\/cropped-cropped-cropped-cropped-cropped-3-1.png\",\"width\":95,\"height\":122,\"caption\":\"CVI NOTICIAS\"},\"image\":{\"@id\":\"https:\\\/\\\/cvinoticias.com\\\/v3\\\/#\\\/schema\\\/logo\\\/image\\\/\"},\"sameAs\":[\"https:\\\/\\\/www.facebook.com\\\/cvinoticias\",\"https:\\\/\\\/www.instagram.com\\\/cvinoticias\\\/\",\"https:\\\/\\\/www.youtube.com\\\/@CVINOTICIAS\"]},{\"@type\":\"Person\",\"@id\":\"https:\\\/\\\/cvinoticias.com\\\/v3\\\/#\\\/schema\\\/person\\\/2db77e3c6bc03c538495d7b2b8be9b66\",\"name\":\"f1000024\",\"image\":{\"@type\":\"ImageObject\",\"inLanguage\":\"es\",\"@id\":\"https:\\\/\\\/secure.gravatar.com\\\/avatar\\\/d4fe7459cfc51ff5129ce1a732bbef5928568b8092d412ef95611616376bbeed?s=96&d=mm&r=g\",\"url\":\"https:\\\/\\\/secure.gravatar.com\\\/avatar\\\/d4fe7459cfc51ff5129ce1a732bbef5928568b8092d412ef95611616376bbeed?s=96&d=mm&r=g\",\"contentUrl\":\"https:\\\/\\\/secure.gravatar.com\\\/avatar\\\/d4fe7459cfc51ff5129ce1a732bbef5928568b8092d412ef95611616376bbeed?s=96&d=mm&r=g\",\"caption\":\"f1000024\"},\"url\":\"https:\\\/\\\/cvinoticias.com\\\/v3\\\/author\\\/f1000024\\\/\"}]}<\/script>\n<!-- \/ Yoast SEO plugin. -->","yoast_head_json":{"title":"El Parlamento Misionero aprob\u00f3 la creaci\u00f3n del Instituto Provincial del Quemado y Cirug\u00eda Pl\u00e1stica | CVI NOTICIAS","robots":{"index":"index","follow":"follow","max-snippet":"max-snippet:-1","max-image-preview":"max-image-preview:large","max-video-preview":"max-video-preview:-1"},"canonical":"https:\/\/cvinoticias.com\/v3\/el-parlamento-misionero-aprobo-la-creacion-del-instituto-provincial-del-quemado-y-cirugia-plastica\/","og_locale":"es_ES","og_type":"article","og_title":"El Parlamento Misionero aprob\u00f3 la creaci\u00f3n del Instituto Provincial del Quemado y Cirug\u00eda Pl\u00e1stica | CVI NOTICIAS","og_description":"En la Octava Sesi\u00f3n del a\u00f1o de la Legislatura Misionera se trat\u00f3 el proyecto del diputado Carlos Rovira d\u00f3nde el parlamento aprob\u00f3 la creaci\u00f3n del Instituto Provincial del Quemado y Cirug\u00eda Pl\u00e1stica.El mismo depender\u00e1 de la cartera de Salud P\u00fablica y funcionar\u00e1 en el Parque de la Salud en el Hospital de Agudos Ram\u00f3n Madariaga [&hellip;]","og_url":"https:\/\/cvinoticias.com\/v3\/el-parlamento-misionero-aprobo-la-creacion-del-instituto-provincial-del-quemado-y-cirugia-plastica\/","og_site_name":"CVI NOTICIAS","article_publisher":"https:\/\/www.facebook.com\/cvinoticias","article_published_time":"2024-06-28T01:28:28+00:00","article_modified_time":"2024-06-28T01:34:21+00:00","og_image":[{"width":800,"height":446,"url":"https:\/\/cvinoticias.com\/wp-content\/uploads\/2024\/06\/hospital-escuela-5-2.jpg","type":"image\/jpeg"}],"author":"f1000024","twitter_card":"summary_large_image","twitter_misc":{"Escrito por":"f1000024","Tiempo de lectura":"2 minutos"},"schema":{"@context":"https:\/\/schema.org","@graph":[{"@type":"Article","@id":"https:\/\/cvinoticias.com\/v3\/el-parlamento-misionero-aprobo-la-creacion-del-instituto-provincial-del-quemado-y-cirugia-plastica\/#article","isPartOf":{"@id":"https:\/\/cvinoticias.com\/v3\/el-parlamento-misionero-aprobo-la-creacion-del-instituto-provincial-del-quemado-y-cirugia-plastica\/"},"author":{"name":"f1000024","@id":"https:\/\/cvinoticias.com\/v3\/#\/schema\/person\/2db77e3c6bc03c538495d7b2b8be9b66"},"headline":"El Parlamento Misionero aprob\u00f3 la creaci\u00f3n del Instituto Provincial del Quemado y Cirug\u00eda Pl\u00e1stica","datePublished":"2024-06-28T01:28:28+00:00","dateModified":"2024-06-28T01:34:21+00:00","mainEntityOfPage":{"@id":"https:\/\/cvinoticias.com\/v3\/el-parlamento-misionero-aprobo-la-creacion-del-instituto-provincial-del-quemado-y-cirugia-plastica\/"},"wordCount":256,"commentCount":0,"publisher":{"@id":"https:\/\/cvinoticias.com\/v3\/#organization"},"image":{"@id":"https:\/\/cvinoticias.com\/v3\/el-parlamento-misionero-aprobo-la-creacion-del-instituto-provincial-del-quemado-y-cirugia-plastica\/#primaryimage"},"thumbnailUrl":"https:\/\/cvinoticias.com\/wp-content\/uploads\/2024\/06\/hospital-escuela-5-2.jpg","articleSection":["Provinciales"],"inLanguage":"es","potentialAction":[{"@type":"CommentAction","name":"Comment","target":["https:\/\/cvinoticias.com\/v3\/el-parlamento-misionero-aprobo-la-creacion-del-instituto-provincial-del-quemado-y-cirugia-plastica\/#respond"]}]},{"@type":"WebPage","@id":"https:\/\/cvinoticias.com\/v3\/el-parlamento-misionero-aprobo-la-creacion-del-instituto-provincial-del-quemado-y-cirugia-plastica\/","url":"https:\/\/cvinoticias.com\/v3\/el-parlamento-misionero-aprobo-la-creacion-del-instituto-provincial-del-quemado-y-cirugia-plastica\/","name":"El Parlamento Misionero aprob\u00f3 la creaci\u00f3n del Instituto Provincial del Quemado y Cirug\u00eda Pl\u00e1stica | CVI NOTICIAS","isPartOf":{"@id":"https:\/\/cvinoticias.com\/v3\/#website"},"primaryImageOfPage":{"@id":"https:\/\/cvinoticias.com\/v3\/el-parlamento-misionero-aprobo-la-creacion-del-instituto-provincial-del-quemado-y-cirugia-plastica\/#primaryimage"},"image":{"@id":"https:\/\/cvinoticias.com\/v3\/el-parlamento-misionero-aprobo-la-creacion-del-instituto-provincial-del-quemado-y-cirugia-plastica\/#primaryimage"},"thumbnailUrl":"https:\/\/cvinoticias.com\/wp-content\/uploads\/2024\/06\/hospital-escuela-5-2.jpg","datePublished":"2024-06-28T01:28:28+00:00","dateModified":"2024-06-28T01:34:21+00:00","breadcrumb":{"@id":"https:\/\/cvinoticias.com\/v3\/el-parlamento-misionero-aprobo-la-creacion-del-instituto-provincial-del-quemado-y-cirugia-plastica\/#breadcrumb"},"inLanguage":"es","potentialAction":[{"@type":"ReadAction","target":["https:\/\/cvinoticias.com\/v3\/el-parlamento-misionero-aprobo-la-creacion-del-instituto-provincial-del-quemado-y-cirugia-plastica\/"]}]},{"@type":"ImageObject","inLanguage":"es","@id":"https:\/\/cvinoticias.com\/v3\/el-parlamento-misionero-aprobo-la-creacion-del-instituto-provincial-del-quemado-y-cirugia-plastica\/#primaryimage","url":"https:\/\/cvinoticias.com\/wp-content\/uploads\/2024\/06\/hospital-escuela-5-2.jpg","contentUrl":"https:\/\/cvinoticias.com\/wp-content\/uploads\/2024\/06\/hospital-escuela-5-2.jpg","width":800,"height":446},{"@type":"BreadcrumbList","@id":"https:\/\/cvinoticias.com\/v3\/el-parlamento-misionero-aprobo-la-creacion-del-instituto-provincial-del-quemado-y-cirugia-plastica\/#breadcrumb","itemListElement":[{"@type":"ListItem","position":1,"name":"Portada","item":"https:\/\/cvinoticias.com\/v3\/"},{"@type":"ListItem","position":2,"name":"El Parlamento Misionero aprob\u00f3 la creaci\u00f3n del Instituto Provincial del Quemado y Cirug\u00eda Pl\u00e1stica"}]},{"@type":"WebSite","@id":"https:\/\/cvinoticias.com\/v3\/#website","url":"https:\/\/cvinoticias.com\/v3\/","name":"CVI NOTICIAS","description":"","publisher":{"@id":"https:\/\/cvinoticias.com\/v3\/#organization"},"alternateName":"CVI","potentialAction":[{"@type":"SearchAction","target":{"@type":"EntryPoint","urlTemplate":"https:\/\/cvinoticias.com\/v3\/?s={search_term_string}"},"query-input":{"@type":"PropertyValueSpecification","valueRequired":true,"valueName":"search_term_string"}}],"inLanguage":"es"},{"@type":"Organization","@id":"https:\/\/cvinoticias.com\/v3\/#organization","name":"CVI NOTICIAS","url":"https:\/\/cvinoticias.com\/v3\/","logo":{"@type":"ImageObject","inLanguage":"es","@id":"https:\/\/cvinoticias.com\/v3\/#\/schema\/logo\/image\/","url":"https:\/\/cvinoticias.com\/wp-content\/uploads\/2023\/04\/cropped-cropped-cropped-cropped-cropped-3-1.png","contentUrl":"https:\/\/cvinoticias.com\/wp-content\/uploads\/2023\/04\/cropped-cropped-cropped-cropped-cropped-3-1.png","width":95,"height":122,"caption":"CVI NOTICIAS"},"image":{"@id":"https:\/\/cvinoticias.com\/v3\/#\/schema\/logo\/image\/"},"sameAs":["https:\/\/www.facebook.com\/cvinoticias","https:\/\/www.instagram.com\/cvinoticias\/","https:\/\/www.youtube.com\/@CVINOTICIAS"]},{"@type":"Person","@id":"https:\/\/cvinoticias.com\/v3\/#\/schema\/person\/2db77e3c6bc03c538495d7b2b8be9b66","name":"f1000024","image":{"@type":"ImageObject","inLanguage":"es","@id":"https:\/\/secure.gravatar.com\/avatar\/d4fe7459cfc51ff5129ce1a732bbef5928568b8092d412ef95611616376bbeed?s=96&d=mm&r=g","url":"https:\/\/secure.gravatar.com\/avatar\/d4fe7459cfc51ff5129ce1a732bbef5928568b8092d412ef95611616376bbeed?s=96&d=mm&r=g","contentUrl":"https:\/\/secure.gravatar.com\/avatar\/d4fe7459cfc51ff5129ce1a732bbef5928568b8092d412ef95611616376bbeed?s=96&d=mm&r=g","caption":"f1000024"},"url":"https:\/\/cvinoticias.com\/v3\/author\/f1000024\/"}]}},"_links":{"self":[{"href":"https:\/\/cvinoticias.com\/v3\/wp-json\/wp\/v2\/posts\/33879","targetHints":{"allow":["GET"]}}],"collection":[{"href":"https:\/\/cvinoticias.com\/v3\/wp-json\/wp\/v2\/posts"}],"about":[{"href":"https:\/\/cvinoticias.com\/v3\/wp-json\/wp\/v2\/types\/post"}],"author":[{"embeddable":true,"href":"https:\/\/cvinoticias.com\/v3\/wp-json\/wp\/v2\/users\/2"}],"replies":[{"embeddable":true,"href":"https:\/\/cvinoticias.com\/v3\/wp-json\/wp\/v2\/comments?post=33879"}],"version-history":[{"count":3,"href":"https:\/\/cvinoticias.com\/v3\/wp-json\/wp\/v2\/posts\/33879\/revisions"}],"predecessor-version":[{"id":33883,"href":"https:\/\/cvinoticias.com\/v3\/wp-json\/wp\/v2\/posts\/33879\/revisions\/33883"}],"wp:featuredmedia":[{"embeddable":true,"href":"https:\/\/cvinoticias.com\/v3\/wp-json\/wp\/v2\/media\/33881"}],"wp:attachment":[{"href":"https:\/\/cvinoticias.com\/v3\/wp-json\/wp\/v2\/media?parent=33879"}],"wp:term":[{"taxonomy":"category","embeddable":true,"href":"https:\/\/cvinoticias.com\/v3\/wp-json\/wp\/v2\/categories?post=33879"},{"taxonomy":"post_tag","embeddable":true,"href":"https:\/\/cvinoticias.com\/v3\/wp-json\/wp\/v2\/tags?post=33879"}],"curies":[{"name":"wp","href":"https:\/\/api.w.org\/{rel}","templated":true}]}}