{"id":33873,"date":"2024-06-27T17:33:08","date_gmt":"2024-06-27T20:33:08","guid":{"rendered":"https:\/\/cvinoticias.com\/v3\/?p=33873"},"modified":"2024-06-27T17:44:08","modified_gmt":"2024-06-27T20:44:08","slug":"ley-bases-y-paquete-fiscal-hoy-comenzo-el-debate-en-la-camara-de-diputados","status":"publish","type":"post","link":"https:\/\/cvinoticias.com\/v3\/ley-bases-y-paquete-fiscal-hoy-comenzo-el-debate-en-la-camara-de-diputados\/","title":{"rendered":"Ley Bases y paquete fiscal: hoy comenz\u00f3 el Debate en la C\u00e1mara de Diputados"},"content":{"rendered":"\n<p>Este jueves se discute por \u00faltima vez los proyectos impulsados por el oficialismo. <\/p>\n\n\n\n<p><strong>Tras m\u00e1s de seis meses de arduas negociaciones, la Ley Bases y el Paquete Fiscal ser\u00e1n sancionados definitivamente en la C\u00e1mara de Diputados, que aceptar\u00e1 la mayor parte de los cambios que introdujo el Senado pero insistir\u00e1 con la reversi\u00f3n del Impuesto a las Ganancias y la suba del piso de Bienes Personales.<\/strong><\/p>\n\n\n\n<p>El objetivo del oficialismo es que el debate se comprima lo m\u00e1s posible, por eso ambos temas se debatir\u00e1n en forma conjunta y luego la votaci\u00f3n ser\u00e1 por separado.<\/p>\n\n\n\n<p><strong>Si bien hay acuerdo y el debate deber\u00eda ser mucho m\u00e1s veloz que la primera vez que pas\u00f3 por el cuerpo, se prev\u00e9 que la sesi\u00f3n durar\u00e1 por los menos 12 horas debido a las cuestiones de privilegio que plantear\u00e1 la oposici\u00f3n para aprovechar la vidriera p\u00fablica que ofrece la discusi\u00f3n y exponer sus cr\u00edticas a la gesti\u00f3n del gobierno de Javier Milei.<\/strong><\/p>\n\n\n\n<p><strong>As\u00ed, la votaci\u00f3n del paquete fiscal, que significar\u00e1 el cierre de la discusi\u00f3n, podr\u00eda darse cerca de la medianoche.<\/strong><\/p>\n\n\n\n<p><strong>Para asegurarse los votos para la Ley Bases el oficialismo desisti\u00f3 de incluir en la lista de empresas que se pueden privatizar a Aerol\u00edneas Argentinas, el Correo Argentino y Radio y Televisi\u00f3n Argentina. Lo mismo ocurri\u00f3 con la eliminaci\u00f3n de la moratoria previsional y la creaci\u00f3n de la Prestaci\u00f3n de Retiro Proporcional, destinada a los trabajadores que tienen algunos aportes pero no llegan al m\u00ednimo de 30 a\u00f1os.<\/strong><\/p>\n\n\n\n<p>Por otro lado, los libertarios aceptaron los cambios al R\u00e9gimen de Incentivo a las Grandes Inversiones y al blanqueo de capitales que hizo el Senado. Por ejemplo, el RIGI se limit\u00f3 a nueve sectores (foresto-industria, turismo, siderurgia, petr\u00f3leo, gas, infraestructura, miner\u00eda, energ\u00eda y tecnolog\u00eda) y ser\u00e1 obligatoria la contrataci\u00f3n de un 20% de proveedores locales.<\/p>\n\n\n\n<p><\/p>\n","protected":false},"excerpt":{"rendered":"<p>Este jueves se discute por \u00faltima vez los proyectos impulsados por el oficialismo. Tras m\u00e1s de seis meses de arduas negociaciones, la Ley Bases y el Paquete Fiscal ser\u00e1n sancionados definitivamente en la C\u00e1mara de Diputados, que aceptar\u00e1 la mayor parte de los cambios que introdujo el Senado pero insistir\u00e1 con la reversi\u00f3n del Impuesto [&hellip;]<\/p>\n","protected":false},"author":2,"featured_media":33874,"comment_status":"open","ping_status":"open","sticky":false,"template":"","format":"standard","meta":{"footnotes":""},"categories":[39],"tags":[],"class_list":["post-33873","post","type-post","status-publish","format-standard","has-post-thumbnail","hentry","category-nacionales"],"yoast_head":"<!-- This site is optimized with the Yoast SEO plugin v27.5 - https:\/\/yoast.com\/product\/yoast-seo-wordpress\/ -->\n<title>Ley Bases y paquete fiscal: hoy comenz\u00f3 el Debate en la C\u00e1mara de Diputados | CVI NOTICIAS<\/title>\n<meta name=\"robots\" content=\"index, follow, max-snippet:-1, max-image-preview:large, max-video-preview:-1\" \/>\n<link rel=\"canonical\" href=\"https:\/\/cvinoticias.com\/v3\/ley-bases-y-paquete-fiscal-hoy-comenzo-el-debate-en-la-camara-de-diputados\/\" \/>\n<meta property=\"og:locale\" content=\"es_ES\" \/>\n<meta property=\"og:type\" content=\"article\" \/>\n<meta property=\"og:title\" content=\"Ley Bases y paquete fiscal: hoy comenz\u00f3 el Debate en la C\u00e1mara de Diputados | CVI NOTICIAS\" \/>\n<meta property=\"og:description\" content=\"Este jueves se discute por \u00faltima vez los proyectos impulsados por el oficialismo. Tras m\u00e1s de seis meses de arduas negociaciones, la Ley Bases y el Paquete Fiscal ser\u00e1n sancionados definitivamente en la C\u00e1mara de Diputados, que aceptar\u00e1 la mayor parte de los cambios que introdujo el Senado pero insistir\u00e1 con la reversi\u00f3n del Impuesto [&hellip;]\" \/>\n<meta property=\"og:url\" content=\"https:\/\/cvinoticias.com\/v3\/ley-bases-y-paquete-fiscal-hoy-comenzo-el-debate-en-la-camara-de-diputados\/\" \/>\n<meta property=\"og:site_name\" content=\"CVI NOTICIAS\" \/>\n<meta property=\"article:publisher\" content=\"https:\/\/www.facebook.com\/cvinoticias\" \/>\n<meta property=\"article:published_time\" content=\"2024-06-27T20:33:08+00:00\" \/>\n<meta property=\"article:modified_time\" content=\"2024-06-27T20:44:08+00:00\" \/>\n<meta property=\"og:image\" content=\"https:\/\/cvinoticias.com\/wp-content\/uploads\/2024\/06\/SAU5CCWLJ4A4CWOV4G3HTBFC3Q.jpg\" \/>\n\t<meta property=\"og:image:width\" content=\"800\" \/>\n\t<meta property=\"og:image:height\" content=\"533\" \/>\n\t<meta property=\"og:image:type\" content=\"image\/jpeg\" \/>\n<meta name=\"author\" content=\"f1000024\" \/>\n<meta name=\"twitter:card\" content=\"summary_large_image\" \/>\n<meta name=\"twitter:label1\" content=\"Escrito por\" \/>\n\t<meta name=\"twitter:data1\" content=\"f1000024\" \/>\n\t<meta name=\"twitter:label2\" content=\"Tiempo de lectura\" \/>\n\t<meta name=\"twitter:data2\" content=\"2 minutos\" \/>\n<script type=\"application\/ld+json\" class=\"yoast-schema-graph\">{\"@context\":\"https:\\\/\\\/schema.org\",\"@graph\":[{\"@type\":\"Article\",\"@id\":\"https:\\\/\\\/cvinoticias.com\\\/v3\\\/ley-bases-y-paquete-fiscal-hoy-comenzo-el-debate-en-la-camara-de-diputados\\\/#article\",\"isPartOf\":{\"@id\":\"https:\\\/\\\/cvinoticias.com\\\/v3\\\/ley-bases-y-paquete-fiscal-hoy-comenzo-el-debate-en-la-camara-de-diputados\\\/\"},\"author\":{\"name\":\"f1000024\",\"@id\":\"https:\\\/\\\/cvinoticias.com\\\/v3\\\/#\\\/schema\\\/person\\\/2db77e3c6bc03c538495d7b2b8be9b66\"},\"headline\":\"Ley Bases y paquete fiscal: hoy comenz\u00f3 el Debate en la C\u00e1mara de Diputados\",\"datePublished\":\"2024-06-27T20:33:08+00:00\",\"dateModified\":\"2024-06-27T20:44:08+00:00\",\"mainEntityOfPage\":{\"@id\":\"https:\\\/\\\/cvinoticias.com\\\/v3\\\/ley-bases-y-paquete-fiscal-hoy-comenzo-el-debate-en-la-camara-de-diputados\\\/\"},\"wordCount\":343,\"commentCount\":0,\"publisher\":{\"@id\":\"https:\\\/\\\/cvinoticias.com\\\/v3\\\/#organization\"},\"image\":{\"@id\":\"https:\\\/\\\/cvinoticias.com\\\/v3\\\/ley-bases-y-paquete-fiscal-hoy-comenzo-el-debate-en-la-camara-de-diputados\\\/#primaryimage\"},\"thumbnailUrl\":\"https:\\\/\\\/cvinoticias.com\\\/wp-content\\\/uploads\\\/2024\\\/06\\\/SAU5CCWLJ4A4CWOV4G3HTBFC3Q.jpg\",\"articleSection\":[\"Nacionales\"],\"inLanguage\":\"es\",\"potentialAction\":[{\"@type\":\"CommentAction\",\"name\":\"Comment\",\"target\":[\"https:\\\/\\\/cvinoticias.com\\\/v3\\\/ley-bases-y-paquete-fiscal-hoy-comenzo-el-debate-en-la-camara-de-diputados\\\/#respond\"]}]},{\"@type\":\"WebPage\",\"@id\":\"https:\\\/\\\/cvinoticias.com\\\/v3\\\/ley-bases-y-paquete-fiscal-hoy-comenzo-el-debate-en-la-camara-de-diputados\\\/\",\"url\":\"https:\\\/\\\/cvinoticias.com\\\/v3\\\/ley-bases-y-paquete-fiscal-hoy-comenzo-el-debate-en-la-camara-de-diputados\\\/\",\"name\":\"Ley Bases y paquete fiscal: hoy comenz\u00f3 el Debate en la C\u00e1mara de Diputados | CVI NOTICIAS\",\"isPartOf\":{\"@id\":\"https:\\\/\\\/cvinoticias.com\\\/v3\\\/#website\"},\"primaryImageOfPage\":{\"@id\":\"https:\\\/\\\/cvinoticias.com\\\/v3\\\/ley-bases-y-paquete-fiscal-hoy-comenzo-el-debate-en-la-camara-de-diputados\\\/#primaryimage\"},\"image\":{\"@id\":\"https:\\\/\\\/cvinoticias.com\\\/v3\\\/ley-bases-y-paquete-fiscal-hoy-comenzo-el-debate-en-la-camara-de-diputados\\\/#primaryimage\"},\"thumbnailUrl\":\"https:\\\/\\\/cvinoticias.com\\\/wp-content\\\/uploads\\\/2024\\\/06\\\/SAU5CCWLJ4A4CWOV4G3HTBFC3Q.jpg\",\"datePublished\":\"2024-06-27T20:33:08+00:00\",\"dateModified\":\"2024-06-27T20:44:08+00:00\",\"breadcrumb\":{\"@id\":\"https:\\\/\\\/cvinoticias.com\\\/v3\\\/ley-bases-y-paquete-fiscal-hoy-comenzo-el-debate-en-la-camara-de-diputados\\\/#breadcrumb\"},\"inLanguage\":\"es\",\"potentialAction\":[{\"@type\":\"ReadAction\",\"target\":[\"https:\\\/\\\/cvinoticias.com\\\/v3\\\/ley-bases-y-paquete-fiscal-hoy-comenzo-el-debate-en-la-camara-de-diputados\\\/\"]}]},{\"@type\":\"ImageObject\",\"inLanguage\":\"es\",\"@id\":\"https:\\\/\\\/cvinoticias.com\\\/v3\\\/ley-bases-y-paquete-fiscal-hoy-comenzo-el-debate-en-la-camara-de-diputados\\\/#primaryimage\",\"url\":\"https:\\\/\\\/cvinoticias.com\\\/wp-content\\\/uploads\\\/2024\\\/06\\\/SAU5CCWLJ4A4CWOV4G3HTBFC3Q.jpg\",\"contentUrl\":\"https:\\\/\\\/cvinoticias.com\\\/wp-content\\\/uploads\\\/2024\\\/06\\\/SAU5CCWLJ4A4CWOV4G3HTBFC3Q.jpg\",\"width\":800,\"height\":533},{\"@type\":\"BreadcrumbList\",\"@id\":\"https:\\\/\\\/cvinoticias.com\\\/v3\\\/ley-bases-y-paquete-fiscal-hoy-comenzo-el-debate-en-la-camara-de-diputados\\\/#breadcrumb\",\"itemListElement\":[{\"@type\":\"ListItem\",\"position\":1,\"name\":\"Portada\",\"item\":\"https:\\\/\\\/cvinoticias.com\\\/v3\\\/\"},{\"@type\":\"ListItem\",\"position\":2,\"name\":\"Ley Bases y paquete fiscal: hoy comenz\u00f3 el Debate en la C\u00e1mara de Diputados\"}]},{\"@type\":\"WebSite\",\"@id\":\"https:\\\/\\\/cvinoticias.com\\\/v3\\\/#website\",\"url\":\"https:\\\/\\\/cvinoticias.com\\\/v3\\\/\",\"name\":\"CVI NOTICIAS\",\"description\":\"\",\"publisher\":{\"@id\":\"https:\\\/\\\/cvinoticias.com\\\/v3\\\/#organization\"},\"alternateName\":\"CVI\",\"potentialAction\":[{\"@type\":\"SearchAction\",\"target\":{\"@type\":\"EntryPoint\",\"urlTemplate\":\"https:\\\/\\\/cvinoticias.com\\\/v3\\\/?s={search_term_string}\"},\"query-input\":{\"@type\":\"PropertyValueSpecification\",\"valueRequired\":true,\"valueName\":\"search_term_string\"}}],\"inLanguage\":\"es\"},{\"@type\":\"Organization\",\"@id\":\"https:\\\/\\\/cvinoticias.com\\\/v3\\\/#organization\",\"name\":\"CVI NOTICIAS\",\"url\":\"https:\\\/\\\/cvinoticias.com\\\/v3\\\/\",\"logo\":{\"@type\":\"ImageObject\",\"inLanguage\":\"es\",\"@id\":\"https:\\\/\\\/cvinoticias.com\\\/v3\\\/#\\\/schema\\\/logo\\\/image\\\/\",\"url\":\"https:\\\/\\\/cvinoticias.com\\\/wp-content\\\/uploads\\\/2023\\\/04\\\/cropped-cropped-cropped-cropped-cropped-3-1.png\",\"contentUrl\":\"https:\\\/\\\/cvinoticias.com\\\/wp-content\\\/uploads\\\/2023\\\/04\\\/cropped-cropped-cropped-cropped-cropped-3-1.png\",\"width\":95,\"height\":122,\"caption\":\"CVI NOTICIAS\"},\"image\":{\"@id\":\"https:\\\/\\\/cvinoticias.com\\\/v3\\\/#\\\/schema\\\/logo\\\/image\\\/\"},\"sameAs\":[\"https:\\\/\\\/www.facebook.com\\\/cvinoticias\",\"https:\\\/\\\/www.instagram.com\\\/cvinoticias\\\/\",\"https:\\\/\\\/www.youtube.com\\\/@CVINOTICIAS\"]},{\"@type\":\"Person\",\"@id\":\"https:\\\/\\\/cvinoticias.com\\\/v3\\\/#\\\/schema\\\/person\\\/2db77e3c6bc03c538495d7b2b8be9b66\",\"name\":\"f1000024\",\"image\":{\"@type\":\"ImageObject\",\"inLanguage\":\"es\",\"@id\":\"https:\\\/\\\/secure.gravatar.com\\\/avatar\\\/d4fe7459cfc51ff5129ce1a732bbef5928568b8092d412ef95611616376bbeed?s=96&d=mm&r=g\",\"url\":\"https:\\\/\\\/secure.gravatar.com\\\/avatar\\\/d4fe7459cfc51ff5129ce1a732bbef5928568b8092d412ef95611616376bbeed?s=96&d=mm&r=g\",\"contentUrl\":\"https:\\\/\\\/secure.gravatar.com\\\/avatar\\\/d4fe7459cfc51ff5129ce1a732bbef5928568b8092d412ef95611616376bbeed?s=96&d=mm&r=g\",\"caption\":\"f1000024\"},\"url\":\"https:\\\/\\\/cvinoticias.com\\\/v3\\\/author\\\/f1000024\\\/\"}]}<\/script>\n<!-- \/ Yoast SEO plugin. -->","yoast_head_json":{"title":"Ley Bases y paquete fiscal: hoy comenz\u00f3 el Debate en la C\u00e1mara de Diputados | CVI NOTICIAS","robots":{"index":"index","follow":"follow","max-snippet":"max-snippet:-1","max-image-preview":"max-image-preview:large","max-video-preview":"max-video-preview:-1"},"canonical":"https:\/\/cvinoticias.com\/v3\/ley-bases-y-paquete-fiscal-hoy-comenzo-el-debate-en-la-camara-de-diputados\/","og_locale":"es_ES","og_type":"article","og_title":"Ley Bases y paquete fiscal: hoy comenz\u00f3 el Debate en la C\u00e1mara de Diputados | CVI NOTICIAS","og_description":"Este jueves se discute por \u00faltima vez los proyectos impulsados por el oficialismo. Tras m\u00e1s de seis meses de arduas negociaciones, la Ley Bases y el Paquete Fiscal ser\u00e1n sancionados definitivamente en la C\u00e1mara de Diputados, que aceptar\u00e1 la mayor parte de los cambios que introdujo el Senado pero insistir\u00e1 con la reversi\u00f3n del Impuesto [&hellip;]","og_url":"https:\/\/cvinoticias.com\/v3\/ley-bases-y-paquete-fiscal-hoy-comenzo-el-debate-en-la-camara-de-diputados\/","og_site_name":"CVI NOTICIAS","article_publisher":"https:\/\/www.facebook.com\/cvinoticias","article_published_time":"2024-06-27T20:33:08+00:00","article_modified_time":"2024-06-27T20:44:08+00:00","og_image":[{"width":800,"height":533,"url":"https:\/\/cvinoticias.com\/wp-content\/uploads\/2024\/06\/SAU5CCWLJ4A4CWOV4G3HTBFC3Q.jpg","type":"image\/jpeg"}],"author":"f1000024","twitter_card":"summary_large_image","twitter_misc":{"Escrito por":"f1000024","Tiempo de lectura":"2 minutos"},"schema":{"@context":"https:\/\/schema.org","@graph":[{"@type":"Article","@id":"https:\/\/cvinoticias.com\/v3\/ley-bases-y-paquete-fiscal-hoy-comenzo-el-debate-en-la-camara-de-diputados\/#article","isPartOf":{"@id":"https:\/\/cvinoticias.com\/v3\/ley-bases-y-paquete-fiscal-hoy-comenzo-el-debate-en-la-camara-de-diputados\/"},"author":{"name":"f1000024","@id":"https:\/\/cvinoticias.com\/v3\/#\/schema\/person\/2db77e3c6bc03c538495d7b2b8be9b66"},"headline":"Ley Bases y paquete fiscal: hoy comenz\u00f3 el Debate en la C\u00e1mara de Diputados","datePublished":"2024-06-27T20:33:08+00:00","dateModified":"2024-06-27T20:44:08+00:00","mainEntityOfPage":{"@id":"https:\/\/cvinoticias.com\/v3\/ley-bases-y-paquete-fiscal-hoy-comenzo-el-debate-en-la-camara-de-diputados\/"},"wordCount":343,"commentCount":0,"publisher":{"@id":"https:\/\/cvinoticias.com\/v3\/#organization"},"image":{"@id":"https:\/\/cvinoticias.com\/v3\/ley-bases-y-paquete-fiscal-hoy-comenzo-el-debate-en-la-camara-de-diputados\/#primaryimage"},"thumbnailUrl":"https:\/\/cvinoticias.com\/wp-content\/uploads\/2024\/06\/SAU5CCWLJ4A4CWOV4G3HTBFC3Q.jpg","articleSection":["Nacionales"],"inLanguage":"es","potentialAction":[{"@type":"CommentAction","name":"Comment","target":["https:\/\/cvinoticias.com\/v3\/ley-bases-y-paquete-fiscal-hoy-comenzo-el-debate-en-la-camara-de-diputados\/#respond"]}]},{"@type":"WebPage","@id":"https:\/\/cvinoticias.com\/v3\/ley-bases-y-paquete-fiscal-hoy-comenzo-el-debate-en-la-camara-de-diputados\/","url":"https:\/\/cvinoticias.com\/v3\/ley-bases-y-paquete-fiscal-hoy-comenzo-el-debate-en-la-camara-de-diputados\/","name":"Ley Bases y paquete fiscal: hoy comenz\u00f3 el Debate en la C\u00e1mara de Diputados | CVI NOTICIAS","isPartOf":{"@id":"https:\/\/cvinoticias.com\/v3\/#website"},"primaryImageOfPage":{"@id":"https:\/\/cvinoticias.com\/v3\/ley-bases-y-paquete-fiscal-hoy-comenzo-el-debate-en-la-camara-de-diputados\/#primaryimage"},"image":{"@id":"https:\/\/cvinoticias.com\/v3\/ley-bases-y-paquete-fiscal-hoy-comenzo-el-debate-en-la-camara-de-diputados\/#primaryimage"},"thumbnailUrl":"https:\/\/cvinoticias.com\/wp-content\/uploads\/2024\/06\/SAU5CCWLJ4A4CWOV4G3HTBFC3Q.jpg","datePublished":"2024-06-27T20:33:08+00:00","dateModified":"2024-06-27T20:44:08+00:00","breadcrumb":{"@id":"https:\/\/cvinoticias.com\/v3\/ley-bases-y-paquete-fiscal-hoy-comenzo-el-debate-en-la-camara-de-diputados\/#breadcrumb"},"inLanguage":"es","potentialAction":[{"@type":"ReadAction","target":["https:\/\/cvinoticias.com\/v3\/ley-bases-y-paquete-fiscal-hoy-comenzo-el-debate-en-la-camara-de-diputados\/"]}]},{"@type":"ImageObject","inLanguage":"es","@id":"https:\/\/cvinoticias.com\/v3\/ley-bases-y-paquete-fiscal-hoy-comenzo-el-debate-en-la-camara-de-diputados\/#primaryimage","url":"https:\/\/cvinoticias.com\/wp-content\/uploads\/2024\/06\/SAU5CCWLJ4A4CWOV4G3HTBFC3Q.jpg","contentUrl":"https:\/\/cvinoticias.com\/wp-content\/uploads\/2024\/06\/SAU5CCWLJ4A4CWOV4G3HTBFC3Q.jpg","width":800,"height":533},{"@type":"BreadcrumbList","@id":"https:\/\/cvinoticias.com\/v3\/ley-bases-y-paquete-fiscal-hoy-comenzo-el-debate-en-la-camara-de-diputados\/#breadcrumb","itemListElement":[{"@type":"ListItem","position":1,"name":"Portada","item":"https:\/\/cvinoticias.com\/v3\/"},{"@type":"ListItem","position":2,"name":"Ley Bases y paquete fiscal: hoy comenz\u00f3 el Debate en la C\u00e1mara de Diputados"}]},{"@type":"WebSite","@id":"https:\/\/cvinoticias.com\/v3\/#website","url":"https:\/\/cvinoticias.com\/v3\/","name":"CVI NOTICIAS","description":"","publisher":{"@id":"https:\/\/cvinoticias.com\/v3\/#organization"},"alternateName":"CVI","potentialAction":[{"@type":"SearchAction","target":{"@type":"EntryPoint","urlTemplate":"https:\/\/cvinoticias.com\/v3\/?s={search_term_string}"},"query-input":{"@type":"PropertyValueSpecification","valueRequired":true,"valueName":"search_term_string"}}],"inLanguage":"es"},{"@type":"Organization","@id":"https:\/\/cvinoticias.com\/v3\/#organization","name":"CVI NOTICIAS","url":"https:\/\/cvinoticias.com\/v3\/","logo":{"@type":"ImageObject","inLanguage":"es","@id":"https:\/\/cvinoticias.com\/v3\/#\/schema\/logo\/image\/","url":"https:\/\/cvinoticias.com\/wp-content\/uploads\/2023\/04\/cropped-cropped-cropped-cropped-cropped-3-1.png","contentUrl":"https:\/\/cvinoticias.com\/wp-content\/uploads\/2023\/04\/cropped-cropped-cropped-cropped-cropped-3-1.png","width":95,"height":122,"caption":"CVI NOTICIAS"},"image":{"@id":"https:\/\/cvinoticias.com\/v3\/#\/schema\/logo\/image\/"},"sameAs":["https:\/\/www.facebook.com\/cvinoticias","https:\/\/www.instagram.com\/cvinoticias\/","https:\/\/www.youtube.com\/@CVINOTICIAS"]},{"@type":"Person","@id":"https:\/\/cvinoticias.com\/v3\/#\/schema\/person\/2db77e3c6bc03c538495d7b2b8be9b66","name":"f1000024","image":{"@type":"ImageObject","inLanguage":"es","@id":"https:\/\/secure.gravatar.com\/avatar\/d4fe7459cfc51ff5129ce1a732bbef5928568b8092d412ef95611616376bbeed?s=96&d=mm&r=g","url":"https:\/\/secure.gravatar.com\/avatar\/d4fe7459cfc51ff5129ce1a732bbef5928568b8092d412ef95611616376bbeed?s=96&d=mm&r=g","contentUrl":"https:\/\/secure.gravatar.com\/avatar\/d4fe7459cfc51ff5129ce1a732bbef5928568b8092d412ef95611616376bbeed?s=96&d=mm&r=g","caption":"f1000024"},"url":"https:\/\/cvinoticias.com\/v3\/author\/f1000024\/"}]}},"_links":{"self":[{"href":"https:\/\/cvinoticias.com\/v3\/wp-json\/wp\/v2\/posts\/33873","targetHints":{"allow":["GET"]}}],"collection":[{"href":"https:\/\/cvinoticias.com\/v3\/wp-json\/wp\/v2\/posts"}],"about":[{"href":"https:\/\/cvinoticias.com\/v3\/wp-json\/wp\/v2\/types\/post"}],"author":[{"embeddable":true,"href":"https:\/\/cvinoticias.com\/v3\/wp-json\/wp\/v2\/users\/2"}],"replies":[{"embeddable":true,"href":"https:\/\/cvinoticias.com\/v3\/wp-json\/wp\/v2\/comments?post=33873"}],"version-history":[{"count":1,"href":"https:\/\/cvinoticias.com\/v3\/wp-json\/wp\/v2\/posts\/33873\/revisions"}],"predecessor-version":[{"id":33875,"href":"https:\/\/cvinoticias.com\/v3\/wp-json\/wp\/v2\/posts\/33873\/revisions\/33875"}],"wp:featuredmedia":[{"embeddable":true,"href":"https:\/\/cvinoticias.com\/v3\/wp-json\/wp\/v2\/media\/33874"}],"wp:attachment":[{"href":"https:\/\/cvinoticias.com\/v3\/wp-json\/wp\/v2\/media?parent=33873"}],"wp:term":[{"taxonomy":"category","embeddable":true,"href":"https:\/\/cvinoticias.com\/v3\/wp-json\/wp\/v2\/categories?post=33873"},{"taxonomy":"post_tag","embeddable":true,"href":"https:\/\/cvinoticias.com\/v3\/wp-json\/wp\/v2\/tags?post=33873"}],"curies":[{"name":"wp","href":"https:\/\/api.w.org\/{rel}","templated":true}]}}