{"id":33861,"date":"2024-06-27T10:46:46","date_gmt":"2024-06-27T13:46:46","guid":{"rendered":"https:\/\/cvinoticias.com\/v3\/?p=33861"},"modified":"2024-06-27T10:46:55","modified_gmt":"2024-06-27T13:46:55","slug":"el-presidente-de-la-legislatura-misionera-recibio-al-representante-del-iica","status":"publish","type":"post","link":"https:\/\/cvinoticias.com\/v3\/el-presidente-de-la-legislatura-misionera-recibio-al-representante-del-iica\/","title":{"rendered":"El Presidente de la Legislatura Misionera recibi\u00f3 al representante del IICA"},"content":{"rendered":"\n<p><strong>Este mi\u00e9rcoles \u00faltimo, el presidente de la C\u00e1mara de Representantes, Oscar Herrera Ahuad, recibi\u00f3 la visita del representante del Instituto Interamericano de Cooperaci\u00f3n para la Agricultura (IICA), Fernando Camargo.<\/strong><\/p>\n\n\n\n<p> En la reuni\u00f3n, el legislador provincial entreg\u00f3 un compendio de leyes sobre la agricultura familiar, la producci\u00f3n y el cuidado del ambiente y la mitigaci\u00f3n del cambio clim\u00e1tico.<\/p>\n\n\n\n<p>La entidad internacional valor\u00f3 el modelo misionero como un ejemplo a replicar. Durante el encuentro, entreg\u00f3 un listado de legislaciones vigentes en Misiones para que Camargo, en representaci\u00f3n del IICA, conozca de cerca las acciones provinciales<\/p>\n\n\n\n<p>Camargo consider\u00f3 tambi\u00e9n que son claves para el resguardo contar con un compendio de medios que aborden esta tem\u00e1tica.Adem\u00e1s, coment\u00f3 que es una hoja de ruta para los trabajos que se realizar\u00e1n de aqu\u00ed en adelante. <\/p>\n","protected":false},"excerpt":{"rendered":"<p>Este mi\u00e9rcoles \u00faltimo, el presidente de la C\u00e1mara de Representantes, Oscar Herrera Ahuad, recibi\u00f3 la visita del representante del Instituto Interamericano de Cooperaci\u00f3n para la Agricultura (IICA), Fernando Camargo. En la reuni\u00f3n, el legislador provincial entreg\u00f3 un compendio de leyes sobre la agricultura familiar, la producci\u00f3n y el cuidado del ambiente y la mitigaci\u00f3n del [&hellip;]<\/p>\n","protected":false},"author":2,"featured_media":33862,"comment_status":"open","ping_status":"open","sticky":false,"template":"","format":"standard","meta":{"footnotes":""},"categories":[43],"tags":[],"class_list":["post-33861","post","type-post","status-publish","format-standard","has-post-thumbnail","hentry","category-provinciales"],"yoast_head":"<!-- This site is optimized with the Yoast SEO plugin v27.5 - https:\/\/yoast.com\/product\/yoast-seo-wordpress\/ -->\n<title>El Presidente de la Legislatura Misionera recibi\u00f3 al representante del IICA | CVI NOTICIAS<\/title>\n<meta name=\"robots\" content=\"index, follow, max-snippet:-1, max-image-preview:large, max-video-preview:-1\" \/>\n<link rel=\"canonical\" href=\"https:\/\/cvinoticias.com\/v3\/el-presidente-de-la-legislatura-misionera-recibio-al-representante-del-iica\/\" \/>\n<meta property=\"og:locale\" content=\"es_ES\" \/>\n<meta property=\"og:type\" content=\"article\" \/>\n<meta property=\"og:title\" content=\"El Presidente de la Legislatura Misionera recibi\u00f3 al representante del IICA | CVI NOTICIAS\" \/>\n<meta property=\"og:description\" content=\"Este mi\u00e9rcoles \u00faltimo, el presidente de la C\u00e1mara de Representantes, Oscar Herrera Ahuad, recibi\u00f3 la visita del representante del Instituto Interamericano de Cooperaci\u00f3n para la Agricultura (IICA), Fernando Camargo. En la reuni\u00f3n, el legislador provincial entreg\u00f3 un compendio de leyes sobre la agricultura familiar, la producci\u00f3n y el cuidado del ambiente y la mitigaci\u00f3n del [&hellip;]\" \/>\n<meta property=\"og:url\" content=\"https:\/\/cvinoticias.com\/v3\/el-presidente-de-la-legislatura-misionera-recibio-al-representante-del-iica\/\" \/>\n<meta property=\"og:site_name\" content=\"CVI NOTICIAS\" \/>\n<meta property=\"article:publisher\" content=\"https:\/\/www.facebook.com\/cvinoticias\" \/>\n<meta property=\"article:published_time\" content=\"2024-06-27T13:46:46+00:00\" \/>\n<meta property=\"article:modified_time\" content=\"2024-06-27T13:46:55+00:00\" \/>\n<meta property=\"og:image\" content=\"https:\/\/cvinoticias.com\/wp-content\/uploads\/2024\/06\/PSX_20240626_122942-1089x730-1.jpg\" \/>\n\t<meta property=\"og:image:width\" content=\"1089\" \/>\n\t<meta property=\"og:image:height\" content=\"730\" \/>\n\t<meta property=\"og:image:type\" content=\"image\/jpeg\" \/>\n<meta name=\"author\" content=\"f1000024\" \/>\n<meta name=\"twitter:card\" content=\"summary_large_image\" \/>\n<meta name=\"twitter:label1\" content=\"Escrito por\" \/>\n\t<meta name=\"twitter:data1\" content=\"f1000024\" \/>\n\t<meta name=\"twitter:label2\" content=\"Tiempo de lectura\" \/>\n\t<meta name=\"twitter:data2\" content=\"1 minuto\" \/>\n<script type=\"application\/ld+json\" class=\"yoast-schema-graph\">{\"@context\":\"https:\\\/\\\/schema.org\",\"@graph\":[{\"@type\":\"Article\",\"@id\":\"https:\\\/\\\/cvinoticias.com\\\/v3\\\/el-presidente-de-la-legislatura-misionera-recibio-al-representante-del-iica\\\/#article\",\"isPartOf\":{\"@id\":\"https:\\\/\\\/cvinoticias.com\\\/v3\\\/el-presidente-de-la-legislatura-misionera-recibio-al-representante-del-iica\\\/\"},\"author\":{\"name\":\"f1000024\",\"@id\":\"https:\\\/\\\/cvinoticias.com\\\/v3\\\/#\\\/schema\\\/person\\\/2db77e3c6bc03c538495d7b2b8be9b66\"},\"headline\":\"El Presidente de la Legislatura Misionera recibi\u00f3 al representante del IICA\",\"datePublished\":\"2024-06-27T13:46:46+00:00\",\"dateModified\":\"2024-06-27T13:46:55+00:00\",\"mainEntityOfPage\":{\"@id\":\"https:\\\/\\\/cvinoticias.com\\\/v3\\\/el-presidente-de-la-legislatura-misionera-recibio-al-representante-del-iica\\\/\"},\"wordCount\":153,\"commentCount\":0,\"publisher\":{\"@id\":\"https:\\\/\\\/cvinoticias.com\\\/v3\\\/#organization\"},\"image\":{\"@id\":\"https:\\\/\\\/cvinoticias.com\\\/v3\\\/el-presidente-de-la-legislatura-misionera-recibio-al-representante-del-iica\\\/#primaryimage\"},\"thumbnailUrl\":\"https:\\\/\\\/cvinoticias.com\\\/wp-content\\\/uploads\\\/2024\\\/06\\\/PSX_20240626_122942-1089x730-1.jpg\",\"articleSection\":[\"Provinciales\"],\"inLanguage\":\"es\",\"potentialAction\":[{\"@type\":\"CommentAction\",\"name\":\"Comment\",\"target\":[\"https:\\\/\\\/cvinoticias.com\\\/v3\\\/el-presidente-de-la-legislatura-misionera-recibio-al-representante-del-iica\\\/#respond\"]}]},{\"@type\":\"WebPage\",\"@id\":\"https:\\\/\\\/cvinoticias.com\\\/v3\\\/el-presidente-de-la-legislatura-misionera-recibio-al-representante-del-iica\\\/\",\"url\":\"https:\\\/\\\/cvinoticias.com\\\/v3\\\/el-presidente-de-la-legislatura-misionera-recibio-al-representante-del-iica\\\/\",\"name\":\"El Presidente de la Legislatura Misionera recibi\u00f3 al representante del IICA | CVI NOTICIAS\",\"isPartOf\":{\"@id\":\"https:\\\/\\\/cvinoticias.com\\\/v3\\\/#website\"},\"primaryImageOfPage\":{\"@id\":\"https:\\\/\\\/cvinoticias.com\\\/v3\\\/el-presidente-de-la-legislatura-misionera-recibio-al-representante-del-iica\\\/#primaryimage\"},\"image\":{\"@id\":\"https:\\\/\\\/cvinoticias.com\\\/v3\\\/el-presidente-de-la-legislatura-misionera-recibio-al-representante-del-iica\\\/#primaryimage\"},\"thumbnailUrl\":\"https:\\\/\\\/cvinoticias.com\\\/wp-content\\\/uploads\\\/2024\\\/06\\\/PSX_20240626_122942-1089x730-1.jpg\",\"datePublished\":\"2024-06-27T13:46:46+00:00\",\"dateModified\":\"2024-06-27T13:46:55+00:00\",\"breadcrumb\":{\"@id\":\"https:\\\/\\\/cvinoticias.com\\\/v3\\\/el-presidente-de-la-legislatura-misionera-recibio-al-representante-del-iica\\\/#breadcrumb\"},\"inLanguage\":\"es\",\"potentialAction\":[{\"@type\":\"ReadAction\",\"target\":[\"https:\\\/\\\/cvinoticias.com\\\/v3\\\/el-presidente-de-la-legislatura-misionera-recibio-al-representante-del-iica\\\/\"]}]},{\"@type\":\"ImageObject\",\"inLanguage\":\"es\",\"@id\":\"https:\\\/\\\/cvinoticias.com\\\/v3\\\/el-presidente-de-la-legislatura-misionera-recibio-al-representante-del-iica\\\/#primaryimage\",\"url\":\"https:\\\/\\\/cvinoticias.com\\\/wp-content\\\/uploads\\\/2024\\\/06\\\/PSX_20240626_122942-1089x730-1.jpg\",\"contentUrl\":\"https:\\\/\\\/cvinoticias.com\\\/wp-content\\\/uploads\\\/2024\\\/06\\\/PSX_20240626_122942-1089x730-1.jpg\",\"width\":1089,\"height\":730},{\"@type\":\"BreadcrumbList\",\"@id\":\"https:\\\/\\\/cvinoticias.com\\\/v3\\\/el-presidente-de-la-legislatura-misionera-recibio-al-representante-del-iica\\\/#breadcrumb\",\"itemListElement\":[{\"@type\":\"ListItem\",\"position\":1,\"name\":\"Portada\",\"item\":\"https:\\\/\\\/cvinoticias.com\\\/v3\\\/\"},{\"@type\":\"ListItem\",\"position\":2,\"name\":\"El Presidente de la Legislatura Misionera recibi\u00f3 al representante del IICA\"}]},{\"@type\":\"WebSite\",\"@id\":\"https:\\\/\\\/cvinoticias.com\\\/v3\\\/#website\",\"url\":\"https:\\\/\\\/cvinoticias.com\\\/v3\\\/\",\"name\":\"CVI NOTICIAS\",\"description\":\"\",\"publisher\":{\"@id\":\"https:\\\/\\\/cvinoticias.com\\\/v3\\\/#organization\"},\"alternateName\":\"CVI\",\"potentialAction\":[{\"@type\":\"SearchAction\",\"target\":{\"@type\":\"EntryPoint\",\"urlTemplate\":\"https:\\\/\\\/cvinoticias.com\\\/v3\\\/?s={search_term_string}\"},\"query-input\":{\"@type\":\"PropertyValueSpecification\",\"valueRequired\":true,\"valueName\":\"search_term_string\"}}],\"inLanguage\":\"es\"},{\"@type\":\"Organization\",\"@id\":\"https:\\\/\\\/cvinoticias.com\\\/v3\\\/#organization\",\"name\":\"CVI NOTICIAS\",\"url\":\"https:\\\/\\\/cvinoticias.com\\\/v3\\\/\",\"logo\":{\"@type\":\"ImageObject\",\"inLanguage\":\"es\",\"@id\":\"https:\\\/\\\/cvinoticias.com\\\/v3\\\/#\\\/schema\\\/logo\\\/image\\\/\",\"url\":\"https:\\\/\\\/cvinoticias.com\\\/wp-content\\\/uploads\\\/2023\\\/04\\\/cropped-cropped-cropped-cropped-cropped-3-1.png\",\"contentUrl\":\"https:\\\/\\\/cvinoticias.com\\\/wp-content\\\/uploads\\\/2023\\\/04\\\/cropped-cropped-cropped-cropped-cropped-3-1.png\",\"width\":95,\"height\":122,\"caption\":\"CVI NOTICIAS\"},\"image\":{\"@id\":\"https:\\\/\\\/cvinoticias.com\\\/v3\\\/#\\\/schema\\\/logo\\\/image\\\/\"},\"sameAs\":[\"https:\\\/\\\/www.facebook.com\\\/cvinoticias\",\"https:\\\/\\\/www.instagram.com\\\/cvinoticias\\\/\",\"https:\\\/\\\/www.youtube.com\\\/@CVINOTICIAS\"]},{\"@type\":\"Person\",\"@id\":\"https:\\\/\\\/cvinoticias.com\\\/v3\\\/#\\\/schema\\\/person\\\/2db77e3c6bc03c538495d7b2b8be9b66\",\"name\":\"f1000024\",\"image\":{\"@type\":\"ImageObject\",\"inLanguage\":\"es\",\"@id\":\"https:\\\/\\\/secure.gravatar.com\\\/avatar\\\/d4fe7459cfc51ff5129ce1a732bbef5928568b8092d412ef95611616376bbeed?s=96&d=mm&r=g\",\"url\":\"https:\\\/\\\/secure.gravatar.com\\\/avatar\\\/d4fe7459cfc51ff5129ce1a732bbef5928568b8092d412ef95611616376bbeed?s=96&d=mm&r=g\",\"contentUrl\":\"https:\\\/\\\/secure.gravatar.com\\\/avatar\\\/d4fe7459cfc51ff5129ce1a732bbef5928568b8092d412ef95611616376bbeed?s=96&d=mm&r=g\",\"caption\":\"f1000024\"},\"url\":\"https:\\\/\\\/cvinoticias.com\\\/v3\\\/author\\\/f1000024\\\/\"}]}<\/script>\n<!-- \/ Yoast SEO plugin. -->","yoast_head_json":{"title":"El Presidente de la Legislatura Misionera recibi\u00f3 al representante del IICA | CVI NOTICIAS","robots":{"index":"index","follow":"follow","max-snippet":"max-snippet:-1","max-image-preview":"max-image-preview:large","max-video-preview":"max-video-preview:-1"},"canonical":"https:\/\/cvinoticias.com\/v3\/el-presidente-de-la-legislatura-misionera-recibio-al-representante-del-iica\/","og_locale":"es_ES","og_type":"article","og_title":"El Presidente de la Legislatura Misionera recibi\u00f3 al representante del IICA | CVI NOTICIAS","og_description":"Este mi\u00e9rcoles \u00faltimo, el presidente de la C\u00e1mara de Representantes, Oscar Herrera Ahuad, recibi\u00f3 la visita del representante del Instituto Interamericano de Cooperaci\u00f3n para la Agricultura (IICA), Fernando Camargo. En la reuni\u00f3n, el legislador provincial entreg\u00f3 un compendio de leyes sobre la agricultura familiar, la producci\u00f3n y el cuidado del ambiente y la mitigaci\u00f3n del [&hellip;]","og_url":"https:\/\/cvinoticias.com\/v3\/el-presidente-de-la-legislatura-misionera-recibio-al-representante-del-iica\/","og_site_name":"CVI NOTICIAS","article_publisher":"https:\/\/www.facebook.com\/cvinoticias","article_published_time":"2024-06-27T13:46:46+00:00","article_modified_time":"2024-06-27T13:46:55+00:00","og_image":[{"width":1089,"height":730,"url":"https:\/\/cvinoticias.com\/wp-content\/uploads\/2024\/06\/PSX_20240626_122942-1089x730-1.jpg","type":"image\/jpeg"}],"author":"f1000024","twitter_card":"summary_large_image","twitter_misc":{"Escrito por":"f1000024","Tiempo de lectura":"1 minuto"},"schema":{"@context":"https:\/\/schema.org","@graph":[{"@type":"Article","@id":"https:\/\/cvinoticias.com\/v3\/el-presidente-de-la-legislatura-misionera-recibio-al-representante-del-iica\/#article","isPartOf":{"@id":"https:\/\/cvinoticias.com\/v3\/el-presidente-de-la-legislatura-misionera-recibio-al-representante-del-iica\/"},"author":{"name":"f1000024","@id":"https:\/\/cvinoticias.com\/v3\/#\/schema\/person\/2db77e3c6bc03c538495d7b2b8be9b66"},"headline":"El Presidente de la Legislatura Misionera recibi\u00f3 al representante del IICA","datePublished":"2024-06-27T13:46:46+00:00","dateModified":"2024-06-27T13:46:55+00:00","mainEntityOfPage":{"@id":"https:\/\/cvinoticias.com\/v3\/el-presidente-de-la-legislatura-misionera-recibio-al-representante-del-iica\/"},"wordCount":153,"commentCount":0,"publisher":{"@id":"https:\/\/cvinoticias.com\/v3\/#organization"},"image":{"@id":"https:\/\/cvinoticias.com\/v3\/el-presidente-de-la-legislatura-misionera-recibio-al-representante-del-iica\/#primaryimage"},"thumbnailUrl":"https:\/\/cvinoticias.com\/wp-content\/uploads\/2024\/06\/PSX_20240626_122942-1089x730-1.jpg","articleSection":["Provinciales"],"inLanguage":"es","potentialAction":[{"@type":"CommentAction","name":"Comment","target":["https:\/\/cvinoticias.com\/v3\/el-presidente-de-la-legislatura-misionera-recibio-al-representante-del-iica\/#respond"]}]},{"@type":"WebPage","@id":"https:\/\/cvinoticias.com\/v3\/el-presidente-de-la-legislatura-misionera-recibio-al-representante-del-iica\/","url":"https:\/\/cvinoticias.com\/v3\/el-presidente-de-la-legislatura-misionera-recibio-al-representante-del-iica\/","name":"El Presidente de la Legislatura Misionera recibi\u00f3 al representante del IICA | CVI NOTICIAS","isPartOf":{"@id":"https:\/\/cvinoticias.com\/v3\/#website"},"primaryImageOfPage":{"@id":"https:\/\/cvinoticias.com\/v3\/el-presidente-de-la-legislatura-misionera-recibio-al-representante-del-iica\/#primaryimage"},"image":{"@id":"https:\/\/cvinoticias.com\/v3\/el-presidente-de-la-legislatura-misionera-recibio-al-representante-del-iica\/#primaryimage"},"thumbnailUrl":"https:\/\/cvinoticias.com\/wp-content\/uploads\/2024\/06\/PSX_20240626_122942-1089x730-1.jpg","datePublished":"2024-06-27T13:46:46+00:00","dateModified":"2024-06-27T13:46:55+00:00","breadcrumb":{"@id":"https:\/\/cvinoticias.com\/v3\/el-presidente-de-la-legislatura-misionera-recibio-al-representante-del-iica\/#breadcrumb"},"inLanguage":"es","potentialAction":[{"@type":"ReadAction","target":["https:\/\/cvinoticias.com\/v3\/el-presidente-de-la-legislatura-misionera-recibio-al-representante-del-iica\/"]}]},{"@type":"ImageObject","inLanguage":"es","@id":"https:\/\/cvinoticias.com\/v3\/el-presidente-de-la-legislatura-misionera-recibio-al-representante-del-iica\/#primaryimage","url":"https:\/\/cvinoticias.com\/wp-content\/uploads\/2024\/06\/PSX_20240626_122942-1089x730-1.jpg","contentUrl":"https:\/\/cvinoticias.com\/wp-content\/uploads\/2024\/06\/PSX_20240626_122942-1089x730-1.jpg","width":1089,"height":730},{"@type":"BreadcrumbList","@id":"https:\/\/cvinoticias.com\/v3\/el-presidente-de-la-legislatura-misionera-recibio-al-representante-del-iica\/#breadcrumb","itemListElement":[{"@type":"ListItem","position":1,"name":"Portada","item":"https:\/\/cvinoticias.com\/v3\/"},{"@type":"ListItem","position":2,"name":"El Presidente de la Legislatura Misionera recibi\u00f3 al representante del IICA"}]},{"@type":"WebSite","@id":"https:\/\/cvinoticias.com\/v3\/#website","url":"https:\/\/cvinoticias.com\/v3\/","name":"CVI NOTICIAS","description":"","publisher":{"@id":"https:\/\/cvinoticias.com\/v3\/#organization"},"alternateName":"CVI","potentialAction":[{"@type":"SearchAction","target":{"@type":"EntryPoint","urlTemplate":"https:\/\/cvinoticias.com\/v3\/?s={search_term_string}"},"query-input":{"@type":"PropertyValueSpecification","valueRequired":true,"valueName":"search_term_string"}}],"inLanguage":"es"},{"@type":"Organization","@id":"https:\/\/cvinoticias.com\/v3\/#organization","name":"CVI NOTICIAS","url":"https:\/\/cvinoticias.com\/v3\/","logo":{"@type":"ImageObject","inLanguage":"es","@id":"https:\/\/cvinoticias.com\/v3\/#\/schema\/logo\/image\/","url":"https:\/\/cvinoticias.com\/wp-content\/uploads\/2023\/04\/cropped-cropped-cropped-cropped-cropped-3-1.png","contentUrl":"https:\/\/cvinoticias.com\/wp-content\/uploads\/2023\/04\/cropped-cropped-cropped-cropped-cropped-3-1.png","width":95,"height":122,"caption":"CVI NOTICIAS"},"image":{"@id":"https:\/\/cvinoticias.com\/v3\/#\/schema\/logo\/image\/"},"sameAs":["https:\/\/www.facebook.com\/cvinoticias","https:\/\/www.instagram.com\/cvinoticias\/","https:\/\/www.youtube.com\/@CVINOTICIAS"]},{"@type":"Person","@id":"https:\/\/cvinoticias.com\/v3\/#\/schema\/person\/2db77e3c6bc03c538495d7b2b8be9b66","name":"f1000024","image":{"@type":"ImageObject","inLanguage":"es","@id":"https:\/\/secure.gravatar.com\/avatar\/d4fe7459cfc51ff5129ce1a732bbef5928568b8092d412ef95611616376bbeed?s=96&d=mm&r=g","url":"https:\/\/secure.gravatar.com\/avatar\/d4fe7459cfc51ff5129ce1a732bbef5928568b8092d412ef95611616376bbeed?s=96&d=mm&r=g","contentUrl":"https:\/\/secure.gravatar.com\/avatar\/d4fe7459cfc51ff5129ce1a732bbef5928568b8092d412ef95611616376bbeed?s=96&d=mm&r=g","caption":"f1000024"},"url":"https:\/\/cvinoticias.com\/v3\/author\/f1000024\/"}]}},"_links":{"self":[{"href":"https:\/\/cvinoticias.com\/v3\/wp-json\/wp\/v2\/posts\/33861","targetHints":{"allow":["GET"]}}],"collection":[{"href":"https:\/\/cvinoticias.com\/v3\/wp-json\/wp\/v2\/posts"}],"about":[{"href":"https:\/\/cvinoticias.com\/v3\/wp-json\/wp\/v2\/types\/post"}],"author":[{"embeddable":true,"href":"https:\/\/cvinoticias.com\/v3\/wp-json\/wp\/v2\/users\/2"}],"replies":[{"embeddable":true,"href":"https:\/\/cvinoticias.com\/v3\/wp-json\/wp\/v2\/comments?post=33861"}],"version-history":[{"count":1,"href":"https:\/\/cvinoticias.com\/v3\/wp-json\/wp\/v2\/posts\/33861\/revisions"}],"predecessor-version":[{"id":33863,"href":"https:\/\/cvinoticias.com\/v3\/wp-json\/wp\/v2\/posts\/33861\/revisions\/33863"}],"wp:featuredmedia":[{"embeddable":true,"href":"https:\/\/cvinoticias.com\/v3\/wp-json\/wp\/v2\/media\/33862"}],"wp:attachment":[{"href":"https:\/\/cvinoticias.com\/v3\/wp-json\/wp\/v2\/media?parent=33861"}],"wp:term":[{"taxonomy":"category","embeddable":true,"href":"https:\/\/cvinoticias.com\/v3\/wp-json\/wp\/v2\/categories?post=33861"},{"taxonomy":"post_tag","embeddable":true,"href":"https:\/\/cvinoticias.com\/v3\/wp-json\/wp\/v2\/tags?post=33861"}],"curies":[{"name":"wp","href":"https:\/\/api.w.org\/{rel}","templated":true}]}}