{"id":33850,"date":"2024-06-26T13:35:03","date_gmt":"2024-06-26T16:35:03","guid":{"rendered":"https:\/\/cvinoticias.com\/v3\/?p=33850"},"modified":"2024-06-26T13:35:11","modified_gmt":"2024-06-26T16:35:11","slug":"el-juicio-por-el-atentado-a-cfk-comenzo-esta-manana-tres-imputados-y-300-testigos","status":"publish","type":"post","link":"https:\/\/cvinoticias.com\/v3\/el-juicio-por-el-atentado-a-cfk-comenzo-esta-manana-tres-imputados-y-300-testigos\/","title":{"rendered":"El juicio por el atentado a CFK comenz\u00f3 est\u00e1 ma\u00f1ana: tres imputados y 300 testigos"},"content":{"rendered":"\n<p>En la sala Amia del edificio de Tribunales de Comodoro Py, comenz\u00f3 el juicio oral contra los tres acusados que tiene el expediente por el atentado perpetrado en septiembre de 2022 contra la ex presidenta Cristina Fern\u00e1ndez de Kirchner.<\/p>\n\n\n\n<p>El <strong>tribunal Oral Federal 6 busca determinar la culpabilidad de los tres detenidos en la causa: Fernando Sabag Montiel, Brenda Aliarte y Nicol\u00e1s Carrizo, integrante de la llamada Los Copitos, que enfrentan cargos por el intento de magnicidio de la ex Presidenta.<\/strong><\/p>\n\n\n\n<p>Las audiencias comenzaron est\u00e1 ma\u00f1ana y se espera que el proceso dure varios meses, ya que hay m\u00e1s de casi 250 testigos que declarar\u00e1n en el proceso judicial.<\/p>\n\n\n\n<p>La propia Cristina Kirchner est\u00e1 en la lista y se prev\u00e9 que preste testimonio despu\u00e9s de la feria judicial  de Invierno .<\/p>\n\n\n\n<p>El juicio es un momento crucial para esclarecer los hechos y determinar la responsabilidad de los acusados en el atentado <\/p>\n","protected":false},"excerpt":{"rendered":"<p>En la sala Amia del edificio de Tribunales de Comodoro Py, comenz\u00f3 el juicio oral contra los tres acusados que tiene el expediente por el atentado perpetrado en septiembre de 2022 contra la ex presidenta Cristina Fern\u00e1ndez de Kirchner. El tribunal Oral Federal 6 busca determinar la culpabilidad de los tres detenidos en la causa: [&hellip;]<\/p>\n","protected":false},"author":2,"featured_media":33851,"comment_status":"open","ping_status":"open","sticky":false,"template":"","format":"standard","meta":{"footnotes":""},"categories":[39],"tags":[],"class_list":["post-33850","post","type-post","status-publish","format-standard","has-post-thumbnail","hentry","category-nacionales"],"yoast_head":"<!-- This site is optimized with the Yoast SEO plugin v27.5 - https:\/\/yoast.com\/product\/yoast-seo-wordpress\/ -->\n<title>El juicio por el atentado a CFK comenz\u00f3 est\u00e1 ma\u00f1ana: tres imputados y 300 testigos | CVI NOTICIAS<\/title>\n<meta name=\"robots\" content=\"index, follow, max-snippet:-1, max-image-preview:large, max-video-preview:-1\" \/>\n<link rel=\"canonical\" href=\"https:\/\/cvinoticias.com\/v3\/el-juicio-por-el-atentado-a-cfk-comenzo-esta-manana-tres-imputados-y-300-testigos\/\" \/>\n<meta property=\"og:locale\" content=\"es_ES\" \/>\n<meta property=\"og:type\" content=\"article\" \/>\n<meta property=\"og:title\" content=\"El juicio por el atentado a CFK comenz\u00f3 est\u00e1 ma\u00f1ana: tres imputados y 300 testigos | CVI NOTICIAS\" \/>\n<meta property=\"og:description\" content=\"En la sala Amia del edificio de Tribunales de Comodoro Py, comenz\u00f3 el juicio oral contra los tres acusados que tiene el expediente por el atentado perpetrado en septiembre de 2022 contra la ex presidenta Cristina Fern\u00e1ndez de Kirchner. El tribunal Oral Federal 6 busca determinar la culpabilidad de los tres detenidos en la causa: [&hellip;]\" \/>\n<meta property=\"og:url\" content=\"https:\/\/cvinoticias.com\/v3\/el-juicio-por-el-atentado-a-cfk-comenzo-esta-manana-tres-imputados-y-300-testigos\/\" \/>\n<meta property=\"og:site_name\" content=\"CVI NOTICIAS\" \/>\n<meta property=\"article:publisher\" content=\"https:\/\/www.facebook.com\/cvinoticias\" \/>\n<meta property=\"article:published_time\" content=\"2024-06-26T16:35:03+00:00\" \/>\n<meta property=\"article:modified_time\" content=\"2024-06-26T16:35:11+00:00\" \/>\n<meta property=\"og:image\" content=\"https:\/\/cvinoticias.com\/wp-content\/uploads\/2024\/06\/WhatsApp-Image-2024-06-25-at-19.12.33-1024x576-1.jpeg\" \/>\n\t<meta property=\"og:image:width\" content=\"1024\" \/>\n\t<meta property=\"og:image:height\" content=\"576\" \/>\n\t<meta property=\"og:image:type\" content=\"image\/jpeg\" \/>\n<meta name=\"author\" content=\"f1000024\" \/>\n<meta name=\"twitter:card\" content=\"summary_large_image\" \/>\n<meta name=\"twitter:label1\" content=\"Escrito por\" \/>\n\t<meta name=\"twitter:data1\" content=\"f1000024\" \/>\n\t<meta name=\"twitter:label2\" content=\"Tiempo de lectura\" \/>\n\t<meta name=\"twitter:data2\" content=\"1 minuto\" \/>\n<script type=\"application\/ld+json\" class=\"yoast-schema-graph\">{\"@context\":\"https:\\\/\\\/schema.org\",\"@graph\":[{\"@type\":\"Article\",\"@id\":\"https:\\\/\\\/cvinoticias.com\\\/v3\\\/el-juicio-por-el-atentado-a-cfk-comenzo-esta-manana-tres-imputados-y-300-testigos\\\/#article\",\"isPartOf\":{\"@id\":\"https:\\\/\\\/cvinoticias.com\\\/v3\\\/el-juicio-por-el-atentado-a-cfk-comenzo-esta-manana-tres-imputados-y-300-testigos\\\/\"},\"author\":{\"name\":\"f1000024\",\"@id\":\"https:\\\/\\\/cvinoticias.com\\\/v3\\\/#\\\/schema\\\/person\\\/2db77e3c6bc03c538495d7b2b8be9b66\"},\"headline\":\"El juicio por el atentado a CFK comenz\u00f3 est\u00e1 ma\u00f1ana: tres imputados y 300 testigos\",\"datePublished\":\"2024-06-26T16:35:03+00:00\",\"dateModified\":\"2024-06-26T16:35:11+00:00\",\"mainEntityOfPage\":{\"@id\":\"https:\\\/\\\/cvinoticias.com\\\/v3\\\/el-juicio-por-el-atentado-a-cfk-comenzo-esta-manana-tres-imputados-y-300-testigos\\\/\"},\"wordCount\":168,\"commentCount\":0,\"publisher\":{\"@id\":\"https:\\\/\\\/cvinoticias.com\\\/v3\\\/#organization\"},\"image\":{\"@id\":\"https:\\\/\\\/cvinoticias.com\\\/v3\\\/el-juicio-por-el-atentado-a-cfk-comenzo-esta-manana-tres-imputados-y-300-testigos\\\/#primaryimage\"},\"thumbnailUrl\":\"https:\\\/\\\/cvinoticias.com\\\/wp-content\\\/uploads\\\/2024\\\/06\\\/WhatsApp-Image-2024-06-25-at-19.12.33-1024x576-1.jpeg\",\"articleSection\":[\"Nacionales\"],\"inLanguage\":\"es\",\"potentialAction\":[{\"@type\":\"CommentAction\",\"name\":\"Comment\",\"target\":[\"https:\\\/\\\/cvinoticias.com\\\/v3\\\/el-juicio-por-el-atentado-a-cfk-comenzo-esta-manana-tres-imputados-y-300-testigos\\\/#respond\"]}]},{\"@type\":\"WebPage\",\"@id\":\"https:\\\/\\\/cvinoticias.com\\\/v3\\\/el-juicio-por-el-atentado-a-cfk-comenzo-esta-manana-tres-imputados-y-300-testigos\\\/\",\"url\":\"https:\\\/\\\/cvinoticias.com\\\/v3\\\/el-juicio-por-el-atentado-a-cfk-comenzo-esta-manana-tres-imputados-y-300-testigos\\\/\",\"name\":\"El juicio por el atentado a CFK comenz\u00f3 est\u00e1 ma\u00f1ana: tres imputados y 300 testigos | CVI NOTICIAS\",\"isPartOf\":{\"@id\":\"https:\\\/\\\/cvinoticias.com\\\/v3\\\/#website\"},\"primaryImageOfPage\":{\"@id\":\"https:\\\/\\\/cvinoticias.com\\\/v3\\\/el-juicio-por-el-atentado-a-cfk-comenzo-esta-manana-tres-imputados-y-300-testigos\\\/#primaryimage\"},\"image\":{\"@id\":\"https:\\\/\\\/cvinoticias.com\\\/v3\\\/el-juicio-por-el-atentado-a-cfk-comenzo-esta-manana-tres-imputados-y-300-testigos\\\/#primaryimage\"},\"thumbnailUrl\":\"https:\\\/\\\/cvinoticias.com\\\/wp-content\\\/uploads\\\/2024\\\/06\\\/WhatsApp-Image-2024-06-25-at-19.12.33-1024x576-1.jpeg\",\"datePublished\":\"2024-06-26T16:35:03+00:00\",\"dateModified\":\"2024-06-26T16:35:11+00:00\",\"breadcrumb\":{\"@id\":\"https:\\\/\\\/cvinoticias.com\\\/v3\\\/el-juicio-por-el-atentado-a-cfk-comenzo-esta-manana-tres-imputados-y-300-testigos\\\/#breadcrumb\"},\"inLanguage\":\"es\",\"potentialAction\":[{\"@type\":\"ReadAction\",\"target\":[\"https:\\\/\\\/cvinoticias.com\\\/v3\\\/el-juicio-por-el-atentado-a-cfk-comenzo-esta-manana-tres-imputados-y-300-testigos\\\/\"]}]},{\"@type\":\"ImageObject\",\"inLanguage\":\"es\",\"@id\":\"https:\\\/\\\/cvinoticias.com\\\/v3\\\/el-juicio-por-el-atentado-a-cfk-comenzo-esta-manana-tres-imputados-y-300-testigos\\\/#primaryimage\",\"url\":\"https:\\\/\\\/cvinoticias.com\\\/wp-content\\\/uploads\\\/2024\\\/06\\\/WhatsApp-Image-2024-06-25-at-19.12.33-1024x576-1.jpeg\",\"contentUrl\":\"https:\\\/\\\/cvinoticias.com\\\/wp-content\\\/uploads\\\/2024\\\/06\\\/WhatsApp-Image-2024-06-25-at-19.12.33-1024x576-1.jpeg\",\"width\":1024,\"height\":576},{\"@type\":\"BreadcrumbList\",\"@id\":\"https:\\\/\\\/cvinoticias.com\\\/v3\\\/el-juicio-por-el-atentado-a-cfk-comenzo-esta-manana-tres-imputados-y-300-testigos\\\/#breadcrumb\",\"itemListElement\":[{\"@type\":\"ListItem\",\"position\":1,\"name\":\"Portada\",\"item\":\"https:\\\/\\\/cvinoticias.com\\\/v3\\\/\"},{\"@type\":\"ListItem\",\"position\":2,\"name\":\"El juicio por el atentado a CFK comenz\u00f3 est\u00e1 ma\u00f1ana: tres imputados y 300 testigos\"}]},{\"@type\":\"WebSite\",\"@id\":\"https:\\\/\\\/cvinoticias.com\\\/v3\\\/#website\",\"url\":\"https:\\\/\\\/cvinoticias.com\\\/v3\\\/\",\"name\":\"CVI NOTICIAS\",\"description\":\"\",\"publisher\":{\"@id\":\"https:\\\/\\\/cvinoticias.com\\\/v3\\\/#organization\"},\"alternateName\":\"CVI\",\"potentialAction\":[{\"@type\":\"SearchAction\",\"target\":{\"@type\":\"EntryPoint\",\"urlTemplate\":\"https:\\\/\\\/cvinoticias.com\\\/v3\\\/?s={search_term_string}\"},\"query-input\":{\"@type\":\"PropertyValueSpecification\",\"valueRequired\":true,\"valueName\":\"search_term_string\"}}],\"inLanguage\":\"es\"},{\"@type\":\"Organization\",\"@id\":\"https:\\\/\\\/cvinoticias.com\\\/v3\\\/#organization\",\"name\":\"CVI NOTICIAS\",\"url\":\"https:\\\/\\\/cvinoticias.com\\\/v3\\\/\",\"logo\":{\"@type\":\"ImageObject\",\"inLanguage\":\"es\",\"@id\":\"https:\\\/\\\/cvinoticias.com\\\/v3\\\/#\\\/schema\\\/logo\\\/image\\\/\",\"url\":\"https:\\\/\\\/cvinoticias.com\\\/wp-content\\\/uploads\\\/2023\\\/04\\\/cropped-cropped-cropped-cropped-cropped-3-1.png\",\"contentUrl\":\"https:\\\/\\\/cvinoticias.com\\\/wp-content\\\/uploads\\\/2023\\\/04\\\/cropped-cropped-cropped-cropped-cropped-3-1.png\",\"width\":95,\"height\":122,\"caption\":\"CVI NOTICIAS\"},\"image\":{\"@id\":\"https:\\\/\\\/cvinoticias.com\\\/v3\\\/#\\\/schema\\\/logo\\\/image\\\/\"},\"sameAs\":[\"https:\\\/\\\/www.facebook.com\\\/cvinoticias\",\"https:\\\/\\\/www.instagram.com\\\/cvinoticias\\\/\",\"https:\\\/\\\/www.youtube.com\\\/@CVINOTICIAS\"]},{\"@type\":\"Person\",\"@id\":\"https:\\\/\\\/cvinoticias.com\\\/v3\\\/#\\\/schema\\\/person\\\/2db77e3c6bc03c538495d7b2b8be9b66\",\"name\":\"f1000024\",\"image\":{\"@type\":\"ImageObject\",\"inLanguage\":\"es\",\"@id\":\"https:\\\/\\\/secure.gravatar.com\\\/avatar\\\/d4fe7459cfc51ff5129ce1a732bbef5928568b8092d412ef95611616376bbeed?s=96&d=mm&r=g\",\"url\":\"https:\\\/\\\/secure.gravatar.com\\\/avatar\\\/d4fe7459cfc51ff5129ce1a732bbef5928568b8092d412ef95611616376bbeed?s=96&d=mm&r=g\",\"contentUrl\":\"https:\\\/\\\/secure.gravatar.com\\\/avatar\\\/d4fe7459cfc51ff5129ce1a732bbef5928568b8092d412ef95611616376bbeed?s=96&d=mm&r=g\",\"caption\":\"f1000024\"},\"url\":\"https:\\\/\\\/cvinoticias.com\\\/v3\\\/author\\\/f1000024\\\/\"}]}<\/script>\n<!-- \/ Yoast SEO plugin. -->","yoast_head_json":{"title":"El juicio por el atentado a CFK comenz\u00f3 est\u00e1 ma\u00f1ana: tres imputados y 300 testigos | CVI NOTICIAS","robots":{"index":"index","follow":"follow","max-snippet":"max-snippet:-1","max-image-preview":"max-image-preview:large","max-video-preview":"max-video-preview:-1"},"canonical":"https:\/\/cvinoticias.com\/v3\/el-juicio-por-el-atentado-a-cfk-comenzo-esta-manana-tres-imputados-y-300-testigos\/","og_locale":"es_ES","og_type":"article","og_title":"El juicio por el atentado a CFK comenz\u00f3 est\u00e1 ma\u00f1ana: tres imputados y 300 testigos | CVI NOTICIAS","og_description":"En la sala Amia del edificio de Tribunales de Comodoro Py, comenz\u00f3 el juicio oral contra los tres acusados que tiene el expediente por el atentado perpetrado en septiembre de 2022 contra la ex presidenta Cristina Fern\u00e1ndez de Kirchner. El tribunal Oral Federal 6 busca determinar la culpabilidad de los tres detenidos en la causa: [&hellip;]","og_url":"https:\/\/cvinoticias.com\/v3\/el-juicio-por-el-atentado-a-cfk-comenzo-esta-manana-tres-imputados-y-300-testigos\/","og_site_name":"CVI NOTICIAS","article_publisher":"https:\/\/www.facebook.com\/cvinoticias","article_published_time":"2024-06-26T16:35:03+00:00","article_modified_time":"2024-06-26T16:35:11+00:00","og_image":[{"width":1024,"height":576,"url":"https:\/\/cvinoticias.com\/wp-content\/uploads\/2024\/06\/WhatsApp-Image-2024-06-25-at-19.12.33-1024x576-1.jpeg","type":"image\/jpeg"}],"author":"f1000024","twitter_card":"summary_large_image","twitter_misc":{"Escrito por":"f1000024","Tiempo de lectura":"1 minuto"},"schema":{"@context":"https:\/\/schema.org","@graph":[{"@type":"Article","@id":"https:\/\/cvinoticias.com\/v3\/el-juicio-por-el-atentado-a-cfk-comenzo-esta-manana-tres-imputados-y-300-testigos\/#article","isPartOf":{"@id":"https:\/\/cvinoticias.com\/v3\/el-juicio-por-el-atentado-a-cfk-comenzo-esta-manana-tres-imputados-y-300-testigos\/"},"author":{"name":"f1000024","@id":"https:\/\/cvinoticias.com\/v3\/#\/schema\/person\/2db77e3c6bc03c538495d7b2b8be9b66"},"headline":"El juicio por el atentado a CFK comenz\u00f3 est\u00e1 ma\u00f1ana: tres imputados y 300 testigos","datePublished":"2024-06-26T16:35:03+00:00","dateModified":"2024-06-26T16:35:11+00:00","mainEntityOfPage":{"@id":"https:\/\/cvinoticias.com\/v3\/el-juicio-por-el-atentado-a-cfk-comenzo-esta-manana-tres-imputados-y-300-testigos\/"},"wordCount":168,"commentCount":0,"publisher":{"@id":"https:\/\/cvinoticias.com\/v3\/#organization"},"image":{"@id":"https:\/\/cvinoticias.com\/v3\/el-juicio-por-el-atentado-a-cfk-comenzo-esta-manana-tres-imputados-y-300-testigos\/#primaryimage"},"thumbnailUrl":"https:\/\/cvinoticias.com\/wp-content\/uploads\/2024\/06\/WhatsApp-Image-2024-06-25-at-19.12.33-1024x576-1.jpeg","articleSection":["Nacionales"],"inLanguage":"es","potentialAction":[{"@type":"CommentAction","name":"Comment","target":["https:\/\/cvinoticias.com\/v3\/el-juicio-por-el-atentado-a-cfk-comenzo-esta-manana-tres-imputados-y-300-testigos\/#respond"]}]},{"@type":"WebPage","@id":"https:\/\/cvinoticias.com\/v3\/el-juicio-por-el-atentado-a-cfk-comenzo-esta-manana-tres-imputados-y-300-testigos\/","url":"https:\/\/cvinoticias.com\/v3\/el-juicio-por-el-atentado-a-cfk-comenzo-esta-manana-tres-imputados-y-300-testigos\/","name":"El juicio por el atentado a CFK comenz\u00f3 est\u00e1 ma\u00f1ana: tres imputados y 300 testigos | CVI NOTICIAS","isPartOf":{"@id":"https:\/\/cvinoticias.com\/v3\/#website"},"primaryImageOfPage":{"@id":"https:\/\/cvinoticias.com\/v3\/el-juicio-por-el-atentado-a-cfk-comenzo-esta-manana-tres-imputados-y-300-testigos\/#primaryimage"},"image":{"@id":"https:\/\/cvinoticias.com\/v3\/el-juicio-por-el-atentado-a-cfk-comenzo-esta-manana-tres-imputados-y-300-testigos\/#primaryimage"},"thumbnailUrl":"https:\/\/cvinoticias.com\/wp-content\/uploads\/2024\/06\/WhatsApp-Image-2024-06-25-at-19.12.33-1024x576-1.jpeg","datePublished":"2024-06-26T16:35:03+00:00","dateModified":"2024-06-26T16:35:11+00:00","breadcrumb":{"@id":"https:\/\/cvinoticias.com\/v3\/el-juicio-por-el-atentado-a-cfk-comenzo-esta-manana-tres-imputados-y-300-testigos\/#breadcrumb"},"inLanguage":"es","potentialAction":[{"@type":"ReadAction","target":["https:\/\/cvinoticias.com\/v3\/el-juicio-por-el-atentado-a-cfk-comenzo-esta-manana-tres-imputados-y-300-testigos\/"]}]},{"@type":"ImageObject","inLanguage":"es","@id":"https:\/\/cvinoticias.com\/v3\/el-juicio-por-el-atentado-a-cfk-comenzo-esta-manana-tres-imputados-y-300-testigos\/#primaryimage","url":"https:\/\/cvinoticias.com\/wp-content\/uploads\/2024\/06\/WhatsApp-Image-2024-06-25-at-19.12.33-1024x576-1.jpeg","contentUrl":"https:\/\/cvinoticias.com\/wp-content\/uploads\/2024\/06\/WhatsApp-Image-2024-06-25-at-19.12.33-1024x576-1.jpeg","width":1024,"height":576},{"@type":"BreadcrumbList","@id":"https:\/\/cvinoticias.com\/v3\/el-juicio-por-el-atentado-a-cfk-comenzo-esta-manana-tres-imputados-y-300-testigos\/#breadcrumb","itemListElement":[{"@type":"ListItem","position":1,"name":"Portada","item":"https:\/\/cvinoticias.com\/v3\/"},{"@type":"ListItem","position":2,"name":"El juicio por el atentado a CFK comenz\u00f3 est\u00e1 ma\u00f1ana: tres imputados y 300 testigos"}]},{"@type":"WebSite","@id":"https:\/\/cvinoticias.com\/v3\/#website","url":"https:\/\/cvinoticias.com\/v3\/","name":"CVI NOTICIAS","description":"","publisher":{"@id":"https:\/\/cvinoticias.com\/v3\/#organization"},"alternateName":"CVI","potentialAction":[{"@type":"SearchAction","target":{"@type":"EntryPoint","urlTemplate":"https:\/\/cvinoticias.com\/v3\/?s={search_term_string}"},"query-input":{"@type":"PropertyValueSpecification","valueRequired":true,"valueName":"search_term_string"}}],"inLanguage":"es"},{"@type":"Organization","@id":"https:\/\/cvinoticias.com\/v3\/#organization","name":"CVI NOTICIAS","url":"https:\/\/cvinoticias.com\/v3\/","logo":{"@type":"ImageObject","inLanguage":"es","@id":"https:\/\/cvinoticias.com\/v3\/#\/schema\/logo\/image\/","url":"https:\/\/cvinoticias.com\/wp-content\/uploads\/2023\/04\/cropped-cropped-cropped-cropped-cropped-3-1.png","contentUrl":"https:\/\/cvinoticias.com\/wp-content\/uploads\/2023\/04\/cropped-cropped-cropped-cropped-cropped-3-1.png","width":95,"height":122,"caption":"CVI NOTICIAS"},"image":{"@id":"https:\/\/cvinoticias.com\/v3\/#\/schema\/logo\/image\/"},"sameAs":["https:\/\/www.facebook.com\/cvinoticias","https:\/\/www.instagram.com\/cvinoticias\/","https:\/\/www.youtube.com\/@CVINOTICIAS"]},{"@type":"Person","@id":"https:\/\/cvinoticias.com\/v3\/#\/schema\/person\/2db77e3c6bc03c538495d7b2b8be9b66","name":"f1000024","image":{"@type":"ImageObject","inLanguage":"es","@id":"https:\/\/secure.gravatar.com\/avatar\/d4fe7459cfc51ff5129ce1a732bbef5928568b8092d412ef95611616376bbeed?s=96&d=mm&r=g","url":"https:\/\/secure.gravatar.com\/avatar\/d4fe7459cfc51ff5129ce1a732bbef5928568b8092d412ef95611616376bbeed?s=96&d=mm&r=g","contentUrl":"https:\/\/secure.gravatar.com\/avatar\/d4fe7459cfc51ff5129ce1a732bbef5928568b8092d412ef95611616376bbeed?s=96&d=mm&r=g","caption":"f1000024"},"url":"https:\/\/cvinoticias.com\/v3\/author\/f1000024\/"}]}},"_links":{"self":[{"href":"https:\/\/cvinoticias.com\/v3\/wp-json\/wp\/v2\/posts\/33850","targetHints":{"allow":["GET"]}}],"collection":[{"href":"https:\/\/cvinoticias.com\/v3\/wp-json\/wp\/v2\/posts"}],"about":[{"href":"https:\/\/cvinoticias.com\/v3\/wp-json\/wp\/v2\/types\/post"}],"author":[{"embeddable":true,"href":"https:\/\/cvinoticias.com\/v3\/wp-json\/wp\/v2\/users\/2"}],"replies":[{"embeddable":true,"href":"https:\/\/cvinoticias.com\/v3\/wp-json\/wp\/v2\/comments?post=33850"}],"version-history":[{"count":1,"href":"https:\/\/cvinoticias.com\/v3\/wp-json\/wp\/v2\/posts\/33850\/revisions"}],"predecessor-version":[{"id":33852,"href":"https:\/\/cvinoticias.com\/v3\/wp-json\/wp\/v2\/posts\/33850\/revisions\/33852"}],"wp:featuredmedia":[{"embeddable":true,"href":"https:\/\/cvinoticias.com\/v3\/wp-json\/wp\/v2\/media\/33851"}],"wp:attachment":[{"href":"https:\/\/cvinoticias.com\/v3\/wp-json\/wp\/v2\/media?parent=33850"}],"wp:term":[{"taxonomy":"category","embeddable":true,"href":"https:\/\/cvinoticias.com\/v3\/wp-json\/wp\/v2\/categories?post=33850"},{"taxonomy":"post_tag","embeddable":true,"href":"https:\/\/cvinoticias.com\/v3\/wp-json\/wp\/v2\/tags?post=33850"}],"curies":[{"name":"wp","href":"https:\/\/api.w.org\/{rel}","templated":true}]}}