{"id":33830,"date":"2024-06-25T10:56:36","date_gmt":"2024-06-25T13:56:36","guid":{"rendered":"https:\/\/cvinoticias.com\/v3\/?p=33830"},"modified":"2024-06-25T11:34:24","modified_gmt":"2024-06-25T14:34:24","slug":"primer-living-de-emprendedores-de-puerto-iguazu","status":"publish","type":"post","link":"https:\/\/cvinoticias.com\/v3\/primer-living-de-emprendedores-de-puerto-iguazu\/","title":{"rendered":"Primer Living de Emprendedores de Puerto Iguaz\u00fa"},"content":{"rendered":"\n<p>En la Jornada de ma\u00f1ana 26  a partir de las 18.00 Hs en el Sal\u00f3n de Usos M\u00faltiples de la C\u00e1mara de Comercio de Puerto Iguaz\u00fa se estar\u00e1 llevando a cabo el <strong>Primer Living de Emprendedores <\/strong>organizado por la Comisi\u00f3n de J\u00f3venes de la C\u00e1mara de Comercio de Puerto Iguaz\u00fa.<\/p>\n\n\n\n<p>CVI accedi\u00f3 a una nota con el Presidente de la CC <strong>Rodrigo Blanco <\/strong>quien coment\u00f3 de que.se trata la jornada<strong><em>: \u00abla convocatoria es de la Comisi\u00f3n de J\u00f3venes de la C\u00e1mara de Comercio de Puerto Iguaz\u00fa, esta Comisi\u00f3n de J\u00f3venes  viene trabajando ya hace un a\u00f1o en conjunto con la Comisi\u00f3n de J\u00f3venes de la Confederaci\u00f3n Econ\u00f3mica de Misiones  a nivel provincial, donde nosotros formamos parte de toda esa Comisi\u00f3n, y como miembro de esa Comisi\u00f3n, a nivel provincial se organiza el Premio Joven Empresario de la Provincia,  entonces cada localidad postula un participante para ser evaluado a nivel provincial\u00bb <\/em><\/strong><\/p>\n\n\n\n<p> Desde la Comisi\u00f3n de J\u00f3venes de la Ciudad de Puerto Iguaz\u00fa se convoca a este primer Living de Emprendedores de Puerto Iguaz\u00fa, la misma es abierta a todos los emprendedores empresariales, comerciantes de Puerto Iguaz\u00fa, sin l\u00edmites de edad.<\/p>\n\n\n\n<p>Agreg\u00f3 Blanco en la <strong>entrevista\u00bbla idea es juntarnos para tener un networking entre todos, es decir, que cada uno se presente, que cada uno presente su emprendimiento para conocernos entre nosotros, para lograr fortalecer nuestra comunidad y de ah\u00ed encarar acciones en conjunto utilizando las redes de contacto que tenemos con la C\u00e1mara de Comercio  a nivel provincial y hasta nivel nacional<\/strong>\u00ab<\/p>\n\n\n\n<p>Este tipo de encuentro es la primera vez que se realiza con una convocatoria abierta, pero la Comisi\u00f3n de J\u00f3venes viene trabajando ya hace m\u00e1s de un a\u00f1o con much\u00edsimos resultados, ya con eventos que organizaron el a\u00f1o pasado, que eran para todos los socios de la C\u00e1mara de Comercio. <\/p>\n\n\n\n<p>Cabe aclarar que en esta oportunidad se abre la convocatoria para todo emprendedor, no necesariamente tiene que ser socio de la C\u00e1mara, pero s\u00ed esta destinado para fortalecer el v\u00ednculo todos entre Comerciantes y Afines de Puerto Iguaz\u00fa.<\/p>\n\n\n\n<p>Blanco coment\u00f3 sobre el Premio  <strong>Joven Empresario Local:<\/strong> \u00ab<strong><em>es una convocatoria a nivel provincial donde cada localidad presenta su postulante, que son evaluados por un jurado en la ciudad de Posadas. Ah\u00ed hay un premio al joven empresario de la provincia que despu\u00e9s representa a Misiones a nivel nacional. Todo eso porque somos parte de la red de la CAME, que es la Confederaci\u00f3n Argentina de la Mediana Empresa. Es decir, son instancias que se van definiendo a nivel local, provincial y nacional. Nuestro encuentro, adem\u00e1s de sentar las bases para ese concurso, tambi\u00e9n lo organizamos para lograr juntar a toda la fuerza emprendedora de Iguaz\u00fa y llevar acciones en conjunto para nuestra localidad<\/em><\/strong>\u00ab<\/p>\n\n\n\n<p>Para finalizar la nota Blanco agradeci\u00f3 a CVI por la difusi\u00f3n del evento y reiter\u00f3 la invitaci\u00f3n: \u00ab<strong><em>est\u00e1n todos invitados, toda la comunidad de Puerto Iguaz\u00fa, emprendedores, tambi\u00e9n gente que trabaja en relaci\u00f3n de dependencia, que tiene intenciones en alg\u00fan momento de emprender algo tambi\u00e9n est\u00e1n convocados para que vengan a escuchar. Vamos a tener una tarde de experiencias, de contar todo lo que se viene haciendo y tambi\u00e9n de propuestas para m\u00e1s adelante a ver c\u00f3mo seguimos y de qu\u00e9 manera podemos trabajar en conjunto.\u00bb<\/em><\/strong><\/p>\n\n\n\n<figure class=\"wp-block-gallery has-nested-images columns-default is-cropped wp-block-gallery-1 is-layout-flex wp-block-gallery-is-layout-flex\">\n<figure class=\"wp-block-image size-large\"><a href=\"https:\/\/cvinoticias.com\/wp-content\/uploads\/2024\/06\/IMG-20240623-WA0030.jpg\"><img decoding=\"async\" width=\"1024\" height=\"1024\" data-id=\"33832\" data-src=\"https:\/\/cvinoticias.com\/wp-content\/uploads\/2024\/06\/IMG-20240623-WA0030-1024x1024.jpg\" alt=\"\" class=\"wp-image-33832 lazyload\" data-srcset=\"https:\/\/cvinoticias.com\/wp-content\/uploads\/2024\/06\/IMG-20240623-WA0030-1024x1024.jpg 1024w, https:\/\/cvinoticias.com\/wp-content\/uploads\/2024\/06\/IMG-20240623-WA0030-300x300.jpg 300w, https:\/\/cvinoticias.com\/wp-content\/uploads\/2024\/06\/IMG-20240623-WA0030-150x150.jpg 150w, https:\/\/cvinoticias.com\/wp-content\/uploads\/2024\/06\/IMG-20240623-WA0030-768x768.jpg 768w, https:\/\/cvinoticias.com\/wp-content\/uploads\/2024\/06\/IMG-20240623-WA0030.jpg 1080w\" data-sizes=\"(max-width: 1024px) 100vw, 1024px\" src=\"data:image\/svg+xml;base64,PHN2ZyB3aWR0aD0iMSIgaGVpZ2h0PSIxIiB4bWxucz0iaHR0cDovL3d3dy53My5vcmcvMjAwMC9zdmciPjwvc3ZnPg==\" style=\"--smush-placeholder-width: 1024px; --smush-placeholder-aspect-ratio: 1024\/1024;\" \/><\/a><\/figure>\n<\/figure>\n","protected":false},"excerpt":{"rendered":"<p>En la Jornada de ma\u00f1ana 26 a partir de las 18.00 Hs en el Sal\u00f3n de Usos M\u00faltiples de la C\u00e1mara de Comercio de Puerto Iguaz\u00fa se estar\u00e1 llevando a cabo el Primer Living de Emprendedores organizado por la Comisi\u00f3n de J\u00f3venes de la C\u00e1mara de Comercio de Puerto Iguaz\u00fa. CVI accedi\u00f3 a una nota [&hellip;]<\/p>\n","protected":false},"author":2,"featured_media":33831,"comment_status":"open","ping_status":"open","sticky":false,"template":"","format":"standard","meta":{"footnotes":""},"categories":[29],"tags":[],"class_list":["post-33830","post","type-post","status-publish","format-standard","has-post-thumbnail","hentry","category-locales"],"yoast_head":"<!-- This site is optimized with the Yoast SEO plugin v27.5 - https:\/\/yoast.com\/product\/yoast-seo-wordpress\/ -->\n<title>Primer Living de Emprendedores de Puerto Iguaz\u00fa | CVI NOTICIAS<\/title>\n<meta name=\"robots\" content=\"index, follow, max-snippet:-1, max-image-preview:large, max-video-preview:-1\" \/>\n<link rel=\"canonical\" href=\"https:\/\/cvinoticias.com\/v3\/primer-living-de-emprendedores-de-puerto-iguazu\/\" \/>\n<meta property=\"og:locale\" content=\"es_ES\" \/>\n<meta property=\"og:type\" content=\"article\" \/>\n<meta property=\"og:title\" content=\"Primer Living de Emprendedores de Puerto Iguaz\u00fa | CVI NOTICIAS\" \/>\n<meta property=\"og:description\" content=\"En la Jornada de ma\u00f1ana 26 a partir de las 18.00 Hs en el Sal\u00f3n de Usos M\u00faltiples de la C\u00e1mara de Comercio de Puerto Iguaz\u00fa se estar\u00e1 llevando a cabo el Primer Living de Emprendedores organizado por la Comisi\u00f3n de J\u00f3venes de la C\u00e1mara de Comercio de Puerto Iguaz\u00fa. CVI accedi\u00f3 a una nota [&hellip;]\" \/>\n<meta property=\"og:url\" content=\"https:\/\/cvinoticias.com\/v3\/primer-living-de-emprendedores-de-puerto-iguazu\/\" \/>\n<meta property=\"og:site_name\" content=\"CVI NOTICIAS\" \/>\n<meta property=\"article:publisher\" content=\"https:\/\/www.facebook.com\/cvinoticias\" \/>\n<meta property=\"article:published_time\" content=\"2024-06-25T13:56:36+00:00\" \/>\n<meta property=\"article:modified_time\" content=\"2024-06-25T14:34:24+00:00\" \/>\n<meta property=\"og:image\" content=\"https:\/\/cvinoticias.com\/wp-content\/uploads\/2024\/06\/IMG-20240623-WA0029.jpg\" \/>\n\t<meta property=\"og:image:width\" content=\"1080\" \/>\n\t<meta property=\"og:image:height\" content=\"1080\" \/>\n\t<meta property=\"og:image:type\" content=\"image\/jpeg\" \/>\n<meta name=\"author\" content=\"f1000024\" \/>\n<meta name=\"twitter:card\" content=\"summary_large_image\" \/>\n<meta name=\"twitter:label1\" content=\"Escrito por\" \/>\n\t<meta name=\"twitter:data1\" content=\"f1000024\" \/>\n\t<meta name=\"twitter:label2\" content=\"Tiempo de lectura\" \/>\n\t<meta name=\"twitter:data2\" content=\"3 minutos\" \/>\n<script type=\"application\/ld+json\" class=\"yoast-schema-graph\">{\"@context\":\"https:\\\/\\\/schema.org\",\"@graph\":[{\"@type\":\"Article\",\"@id\":\"https:\\\/\\\/cvinoticias.com\\\/v3\\\/primer-living-de-emprendedores-de-puerto-iguazu\\\/#article\",\"isPartOf\":{\"@id\":\"https:\\\/\\\/cvinoticias.com\\\/v3\\\/primer-living-de-emprendedores-de-puerto-iguazu\\\/\"},\"author\":{\"name\":\"f1000024\",\"@id\":\"https:\\\/\\\/cvinoticias.com\\\/v3\\\/#\\\/schema\\\/person\\\/2db77e3c6bc03c538495d7b2b8be9b66\"},\"headline\":\"Primer Living de Emprendedores de Puerto Iguaz\u00fa\",\"datePublished\":\"2024-06-25T13:56:36+00:00\",\"dateModified\":\"2024-06-25T14:34:24+00:00\",\"mainEntityOfPage\":{\"@id\":\"https:\\\/\\\/cvinoticias.com\\\/v3\\\/primer-living-de-emprendedores-de-puerto-iguazu\\\/\"},\"wordCount\":593,\"commentCount\":0,\"publisher\":{\"@id\":\"https:\\\/\\\/cvinoticias.com\\\/v3\\\/#organization\"},\"image\":{\"@id\":\"https:\\\/\\\/cvinoticias.com\\\/v3\\\/primer-living-de-emprendedores-de-puerto-iguazu\\\/#primaryimage\"},\"thumbnailUrl\":\"https:\\\/\\\/cvinoticias.com\\\/wp-content\\\/uploads\\\/2024\\\/06\\\/IMG-20240623-WA0029.jpg\",\"articleSection\":[\"Locales\"],\"inLanguage\":\"es\",\"potentialAction\":[{\"@type\":\"CommentAction\",\"name\":\"Comment\",\"target\":[\"https:\\\/\\\/cvinoticias.com\\\/v3\\\/primer-living-de-emprendedores-de-puerto-iguazu\\\/#respond\"]}]},{\"@type\":\"WebPage\",\"@id\":\"https:\\\/\\\/cvinoticias.com\\\/v3\\\/primer-living-de-emprendedores-de-puerto-iguazu\\\/\",\"url\":\"https:\\\/\\\/cvinoticias.com\\\/v3\\\/primer-living-de-emprendedores-de-puerto-iguazu\\\/\",\"name\":\"Primer Living de Emprendedores de Puerto Iguaz\u00fa | CVI NOTICIAS\",\"isPartOf\":{\"@id\":\"https:\\\/\\\/cvinoticias.com\\\/v3\\\/#website\"},\"primaryImageOfPage\":{\"@id\":\"https:\\\/\\\/cvinoticias.com\\\/v3\\\/primer-living-de-emprendedores-de-puerto-iguazu\\\/#primaryimage\"},\"image\":{\"@id\":\"https:\\\/\\\/cvinoticias.com\\\/v3\\\/primer-living-de-emprendedores-de-puerto-iguazu\\\/#primaryimage\"},\"thumbnailUrl\":\"https:\\\/\\\/cvinoticias.com\\\/wp-content\\\/uploads\\\/2024\\\/06\\\/IMG-20240623-WA0029.jpg\",\"datePublished\":\"2024-06-25T13:56:36+00:00\",\"dateModified\":\"2024-06-25T14:34:24+00:00\",\"breadcrumb\":{\"@id\":\"https:\\\/\\\/cvinoticias.com\\\/v3\\\/primer-living-de-emprendedores-de-puerto-iguazu\\\/#breadcrumb\"},\"inLanguage\":\"es\",\"potentialAction\":[{\"@type\":\"ReadAction\",\"target\":[\"https:\\\/\\\/cvinoticias.com\\\/v3\\\/primer-living-de-emprendedores-de-puerto-iguazu\\\/\"]}]},{\"@type\":\"ImageObject\",\"inLanguage\":\"es\",\"@id\":\"https:\\\/\\\/cvinoticias.com\\\/v3\\\/primer-living-de-emprendedores-de-puerto-iguazu\\\/#primaryimage\",\"url\":\"https:\\\/\\\/cvinoticias.com\\\/wp-content\\\/uploads\\\/2024\\\/06\\\/IMG-20240623-WA0029.jpg\",\"contentUrl\":\"https:\\\/\\\/cvinoticias.com\\\/wp-content\\\/uploads\\\/2024\\\/06\\\/IMG-20240623-WA0029.jpg\",\"width\":1080,\"height\":1080},{\"@type\":\"BreadcrumbList\",\"@id\":\"https:\\\/\\\/cvinoticias.com\\\/v3\\\/primer-living-de-emprendedores-de-puerto-iguazu\\\/#breadcrumb\",\"itemListElement\":[{\"@type\":\"ListItem\",\"position\":1,\"name\":\"Portada\",\"item\":\"https:\\\/\\\/cvinoticias.com\\\/v3\\\/\"},{\"@type\":\"ListItem\",\"position\":2,\"name\":\"Primer Living de Emprendedores de Puerto Iguaz\u00fa\"}]},{\"@type\":\"WebSite\",\"@id\":\"https:\\\/\\\/cvinoticias.com\\\/v3\\\/#website\",\"url\":\"https:\\\/\\\/cvinoticias.com\\\/v3\\\/\",\"name\":\"CVI NOTICIAS\",\"description\":\"\",\"publisher\":{\"@id\":\"https:\\\/\\\/cvinoticias.com\\\/v3\\\/#organization\"},\"alternateName\":\"CVI\",\"potentialAction\":[{\"@type\":\"SearchAction\",\"target\":{\"@type\":\"EntryPoint\",\"urlTemplate\":\"https:\\\/\\\/cvinoticias.com\\\/v3\\\/?s={search_term_string}\"},\"query-input\":{\"@type\":\"PropertyValueSpecification\",\"valueRequired\":true,\"valueName\":\"search_term_string\"}}],\"inLanguage\":\"es\"},{\"@type\":\"Organization\",\"@id\":\"https:\\\/\\\/cvinoticias.com\\\/v3\\\/#organization\",\"name\":\"CVI NOTICIAS\",\"url\":\"https:\\\/\\\/cvinoticias.com\\\/v3\\\/\",\"logo\":{\"@type\":\"ImageObject\",\"inLanguage\":\"es\",\"@id\":\"https:\\\/\\\/cvinoticias.com\\\/v3\\\/#\\\/schema\\\/logo\\\/image\\\/\",\"url\":\"https:\\\/\\\/cvinoticias.com\\\/wp-content\\\/uploads\\\/2023\\\/04\\\/cropped-cropped-cropped-cropped-cropped-3-1.png\",\"contentUrl\":\"https:\\\/\\\/cvinoticias.com\\\/wp-content\\\/uploads\\\/2023\\\/04\\\/cropped-cropped-cropped-cropped-cropped-3-1.png\",\"width\":95,\"height\":122,\"caption\":\"CVI NOTICIAS\"},\"image\":{\"@id\":\"https:\\\/\\\/cvinoticias.com\\\/v3\\\/#\\\/schema\\\/logo\\\/image\\\/\"},\"sameAs\":[\"https:\\\/\\\/www.facebook.com\\\/cvinoticias\",\"https:\\\/\\\/www.instagram.com\\\/cvinoticias\\\/\",\"https:\\\/\\\/www.youtube.com\\\/@CVINOTICIAS\"]},{\"@type\":\"Person\",\"@id\":\"https:\\\/\\\/cvinoticias.com\\\/v3\\\/#\\\/schema\\\/person\\\/2db77e3c6bc03c538495d7b2b8be9b66\",\"name\":\"f1000024\",\"image\":{\"@type\":\"ImageObject\",\"inLanguage\":\"es\",\"@id\":\"https:\\\/\\\/secure.gravatar.com\\\/avatar\\\/d4fe7459cfc51ff5129ce1a732bbef5928568b8092d412ef95611616376bbeed?s=96&d=mm&r=g\",\"url\":\"https:\\\/\\\/secure.gravatar.com\\\/avatar\\\/d4fe7459cfc51ff5129ce1a732bbef5928568b8092d412ef95611616376bbeed?s=96&d=mm&r=g\",\"contentUrl\":\"https:\\\/\\\/secure.gravatar.com\\\/avatar\\\/d4fe7459cfc51ff5129ce1a732bbef5928568b8092d412ef95611616376bbeed?s=96&d=mm&r=g\",\"caption\":\"f1000024\"},\"url\":\"https:\\\/\\\/cvinoticias.com\\\/v3\\\/author\\\/f1000024\\\/\"}]}<\/script>\n<!-- \/ Yoast SEO plugin. -->","yoast_head_json":{"title":"Primer Living de Emprendedores de Puerto Iguaz\u00fa | CVI NOTICIAS","robots":{"index":"index","follow":"follow","max-snippet":"max-snippet:-1","max-image-preview":"max-image-preview:large","max-video-preview":"max-video-preview:-1"},"canonical":"https:\/\/cvinoticias.com\/v3\/primer-living-de-emprendedores-de-puerto-iguazu\/","og_locale":"es_ES","og_type":"article","og_title":"Primer Living de Emprendedores de Puerto Iguaz\u00fa | CVI NOTICIAS","og_description":"En la Jornada de ma\u00f1ana 26 a partir de las 18.00 Hs en el Sal\u00f3n de Usos M\u00faltiples de la C\u00e1mara de Comercio de Puerto Iguaz\u00fa se estar\u00e1 llevando a cabo el Primer Living de Emprendedores organizado por la Comisi\u00f3n de J\u00f3venes de la C\u00e1mara de Comercio de Puerto Iguaz\u00fa. CVI accedi\u00f3 a una nota [&hellip;]","og_url":"https:\/\/cvinoticias.com\/v3\/primer-living-de-emprendedores-de-puerto-iguazu\/","og_site_name":"CVI NOTICIAS","article_publisher":"https:\/\/www.facebook.com\/cvinoticias","article_published_time":"2024-06-25T13:56:36+00:00","article_modified_time":"2024-06-25T14:34:24+00:00","og_image":[{"width":1080,"height":1080,"url":"https:\/\/cvinoticias.com\/wp-content\/uploads\/2024\/06\/IMG-20240623-WA0029.jpg","type":"image\/jpeg"}],"author":"f1000024","twitter_card":"summary_large_image","twitter_misc":{"Escrito por":"f1000024","Tiempo de lectura":"3 minutos"},"schema":{"@context":"https:\/\/schema.org","@graph":[{"@type":"Article","@id":"https:\/\/cvinoticias.com\/v3\/primer-living-de-emprendedores-de-puerto-iguazu\/#article","isPartOf":{"@id":"https:\/\/cvinoticias.com\/v3\/primer-living-de-emprendedores-de-puerto-iguazu\/"},"author":{"name":"f1000024","@id":"https:\/\/cvinoticias.com\/v3\/#\/schema\/person\/2db77e3c6bc03c538495d7b2b8be9b66"},"headline":"Primer Living de Emprendedores de Puerto Iguaz\u00fa","datePublished":"2024-06-25T13:56:36+00:00","dateModified":"2024-06-25T14:34:24+00:00","mainEntityOfPage":{"@id":"https:\/\/cvinoticias.com\/v3\/primer-living-de-emprendedores-de-puerto-iguazu\/"},"wordCount":593,"commentCount":0,"publisher":{"@id":"https:\/\/cvinoticias.com\/v3\/#organization"},"image":{"@id":"https:\/\/cvinoticias.com\/v3\/primer-living-de-emprendedores-de-puerto-iguazu\/#primaryimage"},"thumbnailUrl":"https:\/\/cvinoticias.com\/wp-content\/uploads\/2024\/06\/IMG-20240623-WA0029.jpg","articleSection":["Locales"],"inLanguage":"es","potentialAction":[{"@type":"CommentAction","name":"Comment","target":["https:\/\/cvinoticias.com\/v3\/primer-living-de-emprendedores-de-puerto-iguazu\/#respond"]}]},{"@type":"WebPage","@id":"https:\/\/cvinoticias.com\/v3\/primer-living-de-emprendedores-de-puerto-iguazu\/","url":"https:\/\/cvinoticias.com\/v3\/primer-living-de-emprendedores-de-puerto-iguazu\/","name":"Primer Living de Emprendedores de Puerto Iguaz\u00fa | CVI NOTICIAS","isPartOf":{"@id":"https:\/\/cvinoticias.com\/v3\/#website"},"primaryImageOfPage":{"@id":"https:\/\/cvinoticias.com\/v3\/primer-living-de-emprendedores-de-puerto-iguazu\/#primaryimage"},"image":{"@id":"https:\/\/cvinoticias.com\/v3\/primer-living-de-emprendedores-de-puerto-iguazu\/#primaryimage"},"thumbnailUrl":"https:\/\/cvinoticias.com\/wp-content\/uploads\/2024\/06\/IMG-20240623-WA0029.jpg","datePublished":"2024-06-25T13:56:36+00:00","dateModified":"2024-06-25T14:34:24+00:00","breadcrumb":{"@id":"https:\/\/cvinoticias.com\/v3\/primer-living-de-emprendedores-de-puerto-iguazu\/#breadcrumb"},"inLanguage":"es","potentialAction":[{"@type":"ReadAction","target":["https:\/\/cvinoticias.com\/v3\/primer-living-de-emprendedores-de-puerto-iguazu\/"]}]},{"@type":"ImageObject","inLanguage":"es","@id":"https:\/\/cvinoticias.com\/v3\/primer-living-de-emprendedores-de-puerto-iguazu\/#primaryimage","url":"https:\/\/cvinoticias.com\/wp-content\/uploads\/2024\/06\/IMG-20240623-WA0029.jpg","contentUrl":"https:\/\/cvinoticias.com\/wp-content\/uploads\/2024\/06\/IMG-20240623-WA0029.jpg","width":1080,"height":1080},{"@type":"BreadcrumbList","@id":"https:\/\/cvinoticias.com\/v3\/primer-living-de-emprendedores-de-puerto-iguazu\/#breadcrumb","itemListElement":[{"@type":"ListItem","position":1,"name":"Portada","item":"https:\/\/cvinoticias.com\/v3\/"},{"@type":"ListItem","position":2,"name":"Primer Living de Emprendedores de Puerto Iguaz\u00fa"}]},{"@type":"WebSite","@id":"https:\/\/cvinoticias.com\/v3\/#website","url":"https:\/\/cvinoticias.com\/v3\/","name":"CVI NOTICIAS","description":"","publisher":{"@id":"https:\/\/cvinoticias.com\/v3\/#organization"},"alternateName":"CVI","potentialAction":[{"@type":"SearchAction","target":{"@type":"EntryPoint","urlTemplate":"https:\/\/cvinoticias.com\/v3\/?s={search_term_string}"},"query-input":{"@type":"PropertyValueSpecification","valueRequired":true,"valueName":"search_term_string"}}],"inLanguage":"es"},{"@type":"Organization","@id":"https:\/\/cvinoticias.com\/v3\/#organization","name":"CVI NOTICIAS","url":"https:\/\/cvinoticias.com\/v3\/","logo":{"@type":"ImageObject","inLanguage":"es","@id":"https:\/\/cvinoticias.com\/v3\/#\/schema\/logo\/image\/","url":"https:\/\/cvinoticias.com\/wp-content\/uploads\/2023\/04\/cropped-cropped-cropped-cropped-cropped-3-1.png","contentUrl":"https:\/\/cvinoticias.com\/wp-content\/uploads\/2023\/04\/cropped-cropped-cropped-cropped-cropped-3-1.png","width":95,"height":122,"caption":"CVI NOTICIAS"},"image":{"@id":"https:\/\/cvinoticias.com\/v3\/#\/schema\/logo\/image\/"},"sameAs":["https:\/\/www.facebook.com\/cvinoticias","https:\/\/www.instagram.com\/cvinoticias\/","https:\/\/www.youtube.com\/@CVINOTICIAS"]},{"@type":"Person","@id":"https:\/\/cvinoticias.com\/v3\/#\/schema\/person\/2db77e3c6bc03c538495d7b2b8be9b66","name":"f1000024","image":{"@type":"ImageObject","inLanguage":"es","@id":"https:\/\/secure.gravatar.com\/avatar\/d4fe7459cfc51ff5129ce1a732bbef5928568b8092d412ef95611616376bbeed?s=96&d=mm&r=g","url":"https:\/\/secure.gravatar.com\/avatar\/d4fe7459cfc51ff5129ce1a732bbef5928568b8092d412ef95611616376bbeed?s=96&d=mm&r=g","contentUrl":"https:\/\/secure.gravatar.com\/avatar\/d4fe7459cfc51ff5129ce1a732bbef5928568b8092d412ef95611616376bbeed?s=96&d=mm&r=g","caption":"f1000024"},"url":"https:\/\/cvinoticias.com\/v3\/author\/f1000024\/"}]}},"_links":{"self":[{"href":"https:\/\/cvinoticias.com\/v3\/wp-json\/wp\/v2\/posts\/33830","targetHints":{"allow":["GET"]}}],"collection":[{"href":"https:\/\/cvinoticias.com\/v3\/wp-json\/wp\/v2\/posts"}],"about":[{"href":"https:\/\/cvinoticias.com\/v3\/wp-json\/wp\/v2\/types\/post"}],"author":[{"embeddable":true,"href":"https:\/\/cvinoticias.com\/v3\/wp-json\/wp\/v2\/users\/2"}],"replies":[{"embeddable":true,"href":"https:\/\/cvinoticias.com\/v3\/wp-json\/wp\/v2\/comments?post=33830"}],"version-history":[{"count":2,"href":"https:\/\/cvinoticias.com\/v3\/wp-json\/wp\/v2\/posts\/33830\/revisions"}],"predecessor-version":[{"id":33834,"href":"https:\/\/cvinoticias.com\/v3\/wp-json\/wp\/v2\/posts\/33830\/revisions\/33834"}],"wp:featuredmedia":[{"embeddable":true,"href":"https:\/\/cvinoticias.com\/v3\/wp-json\/wp\/v2\/media\/33831"}],"wp:attachment":[{"href":"https:\/\/cvinoticias.com\/v3\/wp-json\/wp\/v2\/media?parent=33830"}],"wp:term":[{"taxonomy":"category","embeddable":true,"href":"https:\/\/cvinoticias.com\/v3\/wp-json\/wp\/v2\/categories?post=33830"},{"taxonomy":"post_tag","embeddable":true,"href":"https:\/\/cvinoticias.com\/v3\/wp-json\/wp\/v2\/tags?post=33830"}],"curies":[{"name":"wp","href":"https:\/\/api.w.org\/{rel}","templated":true}]}}