{"id":33820,"date":"2024-06-22T01:18:41","date_gmt":"2024-06-22T04:18:41","guid":{"rendered":"https:\/\/cvinoticias.com\/v3\/?p=33820"},"modified":"2024-06-22T01:18:41","modified_gmt":"2024-06-22T04:18:41","slug":"caso-loan-detuvieron-a-un-matrimonio-y-a-un-comisario-tras-rastro-positivo-del-nino-en-dos-vehiculos","status":"publish","type":"post","link":"https:\/\/cvinoticias.com\/v3\/caso-loan-detuvieron-a-un-matrimonio-y-a-un-comisario-tras-rastro-positivo-del-nino-en-dos-vehiculos\/","title":{"rendered":"Caso Loan: detuvieron a un matrimonio y a un comisario tras rastro positivo del ni\u00f1o en dos veh\u00edculos"},"content":{"rendered":"\n<p><strong>En una jornada de varias novedades, detuvieron a un matrimonio y a un comisario en la causa por la desaparici\u00f3n del ni\u00f1o Loan Pe\u00f1a. La decisi\u00f3n se tom\u00f3 luego de que pericias sobre aromas dieran positivo en dos veh\u00edculos: Un Ford Ka rojo y una Ford Ranger blanca.<\/strong><\/p>\n\n\n\n<p>El matrimonio de Victoria Caillava y Carlos P\u00e9rez es due\u00f1o del Ford Ka. <strong>Caillava se desempe\u00f1a como directora de Producci\u00f3n en la Municipalidad de 9 de Julio <\/strong>y cont\u00f3 que fue invitada a ese almuerzo por la amistad cercana que sostiene con la abuela de Loan, Catalina. <strong>P\u00e9rez es capit\u00e1n de nav\u00edo retirado.<\/strong><\/p>\n\n\n\n<p>Seg\u00fan la investigaci\u00f3n el Ford Ka habr\u00eda sido visto pasar el peaje Riachuelo hacia la ciudad de Corrientes la misma tarde de la desaparici\u00f3n. La pericia, realizada por perros adiestrados, buscaba el rastro del ni\u00f1o correntino con vida, lo que da una esperanza sobre la posibilidad de hallarlo. En tanto, el Volkswagen perteneciente a uno de los actuales detenidos dio negativo.<\/p>\n\n\n\n<p><strong>El juez tambi\u00e9n dispuso la detenci\u00f3n de Walter Adri\u00e1n Maciel el comisario de 9 de julio, que estuvo a cargo de la investigaci\u00f3n policial por la desaparici\u00f3n del ni\u00f1o desde el minuto cero. <\/strong><\/p>\n\n\n\n<p>Ser\u00eda quien habr\u00eda dejado salir del per\u00edmetro de b\u00fasqueda a la pareja detenida la tarde de la desaparici\u00f3n, con el argumento de que ten\u00edan un turno m\u00e9dico en Corrientes capital.<\/p>\n\n\n\n<p><\/p>\n","protected":false},"excerpt":{"rendered":"<p>En una jornada de varias novedades, detuvieron a un matrimonio y a un comisario en la causa por la desaparici\u00f3n del ni\u00f1o Loan Pe\u00f1a. La decisi\u00f3n se tom\u00f3 luego de que pericias sobre aromas dieran positivo en dos veh\u00edculos: Un Ford Ka rojo y una Ford Ranger blanca. El matrimonio de Victoria Caillava y Carlos [&hellip;]<\/p>\n","protected":false},"author":2,"featured_media":33821,"comment_status":"open","ping_status":"open","sticky":false,"template":"","format":"standard","meta":{"footnotes":""},"categories":[41],"tags":[],"class_list":["post-33820","post","type-post","status-publish","format-standard","has-post-thumbnail","hentry","category-policiales"],"yoast_head":"<!-- This site is optimized with the Yoast SEO plugin v27.5 - https:\/\/yoast.com\/product\/yoast-seo-wordpress\/ -->\n<title>Caso Loan: detuvieron a un matrimonio y a un comisario tras rastro positivo del ni\u00f1o en dos veh\u00edculos | CVI NOTICIAS<\/title>\n<meta name=\"robots\" content=\"index, follow, max-snippet:-1, max-image-preview:large, max-video-preview:-1\" \/>\n<link rel=\"canonical\" href=\"https:\/\/cvinoticias.com\/v3\/caso-loan-detuvieron-a-un-matrimonio-y-a-un-comisario-tras-rastro-positivo-del-nino-en-dos-vehiculos\/\" \/>\n<meta property=\"og:locale\" content=\"es_ES\" \/>\n<meta property=\"og:type\" content=\"article\" \/>\n<meta property=\"og:title\" content=\"Caso Loan: detuvieron a un matrimonio y a un comisario tras rastro positivo del ni\u00f1o en dos veh\u00edculos | CVI NOTICIAS\" \/>\n<meta property=\"og:description\" content=\"En una jornada de varias novedades, detuvieron a un matrimonio y a un comisario en la causa por la desaparici\u00f3n del ni\u00f1o Loan Pe\u00f1a. La decisi\u00f3n se tom\u00f3 luego de que pericias sobre aromas dieran positivo en dos veh\u00edculos: Un Ford Ka rojo y una Ford Ranger blanca. El matrimonio de Victoria Caillava y Carlos [&hellip;]\" \/>\n<meta property=\"og:url\" content=\"https:\/\/cvinoticias.com\/v3\/caso-loan-detuvieron-a-un-matrimonio-y-a-un-comisario-tras-rastro-positivo-del-nino-en-dos-vehiculos\/\" \/>\n<meta property=\"og:site_name\" content=\"CVI NOTICIAS\" \/>\n<meta property=\"article:publisher\" content=\"https:\/\/www.facebook.com\/cvinoticias\" \/>\n<meta property=\"article:published_time\" content=\"2024-06-22T04:18:41+00:00\" \/>\n<meta property=\"og:image\" content=\"https:\/\/cvinoticias.com\/wp-content\/uploads\/2024\/06\/loanwebp.jpeg\" \/>\n\t<meta property=\"og:image:width\" content=\"375\" \/>\n\t<meta property=\"og:image:height\" content=\"211\" \/>\n\t<meta property=\"og:image:type\" content=\"image\/jpeg\" \/>\n<meta name=\"author\" content=\"f1000024\" \/>\n<meta name=\"twitter:card\" content=\"summary_large_image\" \/>\n<meta name=\"twitter:label1\" content=\"Escrito por\" \/>\n\t<meta name=\"twitter:data1\" content=\"f1000024\" \/>\n\t<meta name=\"twitter:label2\" content=\"Tiempo de lectura\" \/>\n\t<meta name=\"twitter:data2\" content=\"2 minutos\" \/>\n<script type=\"application\/ld+json\" class=\"yoast-schema-graph\">{\"@context\":\"https:\\\/\\\/schema.org\",\"@graph\":[{\"@type\":\"Article\",\"@id\":\"https:\\\/\\\/cvinoticias.com\\\/v3\\\/caso-loan-detuvieron-a-un-matrimonio-y-a-un-comisario-tras-rastro-positivo-del-nino-en-dos-vehiculos\\\/#article\",\"isPartOf\":{\"@id\":\"https:\\\/\\\/cvinoticias.com\\\/v3\\\/caso-loan-detuvieron-a-un-matrimonio-y-a-un-comisario-tras-rastro-positivo-del-nino-en-dos-vehiculos\\\/\"},\"author\":{\"name\":\"f1000024\",\"@id\":\"https:\\\/\\\/cvinoticias.com\\\/v3\\\/#\\\/schema\\\/person\\\/2db77e3c6bc03c538495d7b2b8be9b66\"},\"headline\":\"Caso Loan: detuvieron a un matrimonio y a un comisario tras rastro positivo del ni\u00f1o en dos veh\u00edculos\",\"datePublished\":\"2024-06-22T04:18:41+00:00\",\"mainEntityOfPage\":{\"@id\":\"https:\\\/\\\/cvinoticias.com\\\/v3\\\/caso-loan-detuvieron-a-un-matrimonio-y-a-un-comisario-tras-rastro-positivo-del-nino-en-dos-vehiculos\\\/\"},\"wordCount\":273,\"commentCount\":0,\"publisher\":{\"@id\":\"https:\\\/\\\/cvinoticias.com\\\/v3\\\/#organization\"},\"image\":{\"@id\":\"https:\\\/\\\/cvinoticias.com\\\/v3\\\/caso-loan-detuvieron-a-un-matrimonio-y-a-un-comisario-tras-rastro-positivo-del-nino-en-dos-vehiculos\\\/#primaryimage\"},\"thumbnailUrl\":\"https:\\\/\\\/cvinoticias.com\\\/wp-content\\\/uploads\\\/2024\\\/06\\\/loanwebp.jpeg\",\"articleSection\":[\"Policiales\"],\"inLanguage\":\"es\",\"potentialAction\":[{\"@type\":\"CommentAction\",\"name\":\"Comment\",\"target\":[\"https:\\\/\\\/cvinoticias.com\\\/v3\\\/caso-loan-detuvieron-a-un-matrimonio-y-a-un-comisario-tras-rastro-positivo-del-nino-en-dos-vehiculos\\\/#respond\"]}]},{\"@type\":\"WebPage\",\"@id\":\"https:\\\/\\\/cvinoticias.com\\\/v3\\\/caso-loan-detuvieron-a-un-matrimonio-y-a-un-comisario-tras-rastro-positivo-del-nino-en-dos-vehiculos\\\/\",\"url\":\"https:\\\/\\\/cvinoticias.com\\\/v3\\\/caso-loan-detuvieron-a-un-matrimonio-y-a-un-comisario-tras-rastro-positivo-del-nino-en-dos-vehiculos\\\/\",\"name\":\"Caso Loan: detuvieron a un matrimonio y a un comisario tras rastro positivo del ni\u00f1o en dos veh\u00edculos | CVI NOTICIAS\",\"isPartOf\":{\"@id\":\"https:\\\/\\\/cvinoticias.com\\\/v3\\\/#website\"},\"primaryImageOfPage\":{\"@id\":\"https:\\\/\\\/cvinoticias.com\\\/v3\\\/caso-loan-detuvieron-a-un-matrimonio-y-a-un-comisario-tras-rastro-positivo-del-nino-en-dos-vehiculos\\\/#primaryimage\"},\"image\":{\"@id\":\"https:\\\/\\\/cvinoticias.com\\\/v3\\\/caso-loan-detuvieron-a-un-matrimonio-y-a-un-comisario-tras-rastro-positivo-del-nino-en-dos-vehiculos\\\/#primaryimage\"},\"thumbnailUrl\":\"https:\\\/\\\/cvinoticias.com\\\/wp-content\\\/uploads\\\/2024\\\/06\\\/loanwebp.jpeg\",\"datePublished\":\"2024-06-22T04:18:41+00:00\",\"breadcrumb\":{\"@id\":\"https:\\\/\\\/cvinoticias.com\\\/v3\\\/caso-loan-detuvieron-a-un-matrimonio-y-a-un-comisario-tras-rastro-positivo-del-nino-en-dos-vehiculos\\\/#breadcrumb\"},\"inLanguage\":\"es\",\"potentialAction\":[{\"@type\":\"ReadAction\",\"target\":[\"https:\\\/\\\/cvinoticias.com\\\/v3\\\/caso-loan-detuvieron-a-un-matrimonio-y-a-un-comisario-tras-rastro-positivo-del-nino-en-dos-vehiculos\\\/\"]}]},{\"@type\":\"ImageObject\",\"inLanguage\":\"es\",\"@id\":\"https:\\\/\\\/cvinoticias.com\\\/v3\\\/caso-loan-detuvieron-a-un-matrimonio-y-a-un-comisario-tras-rastro-positivo-del-nino-en-dos-vehiculos\\\/#primaryimage\",\"url\":\"https:\\\/\\\/cvinoticias.com\\\/wp-content\\\/uploads\\\/2024\\\/06\\\/loanwebp.jpeg\",\"contentUrl\":\"https:\\\/\\\/cvinoticias.com\\\/wp-content\\\/uploads\\\/2024\\\/06\\\/loanwebp.jpeg\",\"width\":375,\"height\":211},{\"@type\":\"BreadcrumbList\",\"@id\":\"https:\\\/\\\/cvinoticias.com\\\/v3\\\/caso-loan-detuvieron-a-un-matrimonio-y-a-un-comisario-tras-rastro-positivo-del-nino-en-dos-vehiculos\\\/#breadcrumb\",\"itemListElement\":[{\"@type\":\"ListItem\",\"position\":1,\"name\":\"Portada\",\"item\":\"https:\\\/\\\/cvinoticias.com\\\/v3\\\/\"},{\"@type\":\"ListItem\",\"position\":2,\"name\":\"Caso Loan: detuvieron a un matrimonio y a un comisario tras rastro positivo del ni\u00f1o en dos veh\u00edculos\"}]},{\"@type\":\"WebSite\",\"@id\":\"https:\\\/\\\/cvinoticias.com\\\/v3\\\/#website\",\"url\":\"https:\\\/\\\/cvinoticias.com\\\/v3\\\/\",\"name\":\"CVI NOTICIAS\",\"description\":\"\",\"publisher\":{\"@id\":\"https:\\\/\\\/cvinoticias.com\\\/v3\\\/#organization\"},\"alternateName\":\"CVI\",\"potentialAction\":[{\"@type\":\"SearchAction\",\"target\":{\"@type\":\"EntryPoint\",\"urlTemplate\":\"https:\\\/\\\/cvinoticias.com\\\/v3\\\/?s={search_term_string}\"},\"query-input\":{\"@type\":\"PropertyValueSpecification\",\"valueRequired\":true,\"valueName\":\"search_term_string\"}}],\"inLanguage\":\"es\"},{\"@type\":\"Organization\",\"@id\":\"https:\\\/\\\/cvinoticias.com\\\/v3\\\/#organization\",\"name\":\"CVI NOTICIAS\",\"url\":\"https:\\\/\\\/cvinoticias.com\\\/v3\\\/\",\"logo\":{\"@type\":\"ImageObject\",\"inLanguage\":\"es\",\"@id\":\"https:\\\/\\\/cvinoticias.com\\\/v3\\\/#\\\/schema\\\/logo\\\/image\\\/\",\"url\":\"https:\\\/\\\/cvinoticias.com\\\/wp-content\\\/uploads\\\/2023\\\/04\\\/cropped-cropped-cropped-cropped-cropped-3-1.png\",\"contentUrl\":\"https:\\\/\\\/cvinoticias.com\\\/wp-content\\\/uploads\\\/2023\\\/04\\\/cropped-cropped-cropped-cropped-cropped-3-1.png\",\"width\":95,\"height\":122,\"caption\":\"CVI NOTICIAS\"},\"image\":{\"@id\":\"https:\\\/\\\/cvinoticias.com\\\/v3\\\/#\\\/schema\\\/logo\\\/image\\\/\"},\"sameAs\":[\"https:\\\/\\\/www.facebook.com\\\/cvinoticias\",\"https:\\\/\\\/www.instagram.com\\\/cvinoticias\\\/\",\"https:\\\/\\\/www.youtube.com\\\/@CVINOTICIAS\"]},{\"@type\":\"Person\",\"@id\":\"https:\\\/\\\/cvinoticias.com\\\/v3\\\/#\\\/schema\\\/person\\\/2db77e3c6bc03c538495d7b2b8be9b66\",\"name\":\"f1000024\",\"image\":{\"@type\":\"ImageObject\",\"inLanguage\":\"es\",\"@id\":\"https:\\\/\\\/secure.gravatar.com\\\/avatar\\\/d4fe7459cfc51ff5129ce1a732bbef5928568b8092d412ef95611616376bbeed?s=96&d=mm&r=g\",\"url\":\"https:\\\/\\\/secure.gravatar.com\\\/avatar\\\/d4fe7459cfc51ff5129ce1a732bbef5928568b8092d412ef95611616376bbeed?s=96&d=mm&r=g\",\"contentUrl\":\"https:\\\/\\\/secure.gravatar.com\\\/avatar\\\/d4fe7459cfc51ff5129ce1a732bbef5928568b8092d412ef95611616376bbeed?s=96&d=mm&r=g\",\"caption\":\"f1000024\"},\"url\":\"https:\\\/\\\/cvinoticias.com\\\/v3\\\/author\\\/f1000024\\\/\"}]}<\/script>\n<!-- \/ Yoast SEO plugin. -->","yoast_head_json":{"title":"Caso Loan: detuvieron a un matrimonio y a un comisario tras rastro positivo del ni\u00f1o en dos veh\u00edculos | CVI NOTICIAS","robots":{"index":"index","follow":"follow","max-snippet":"max-snippet:-1","max-image-preview":"max-image-preview:large","max-video-preview":"max-video-preview:-1"},"canonical":"https:\/\/cvinoticias.com\/v3\/caso-loan-detuvieron-a-un-matrimonio-y-a-un-comisario-tras-rastro-positivo-del-nino-en-dos-vehiculos\/","og_locale":"es_ES","og_type":"article","og_title":"Caso Loan: detuvieron a un matrimonio y a un comisario tras rastro positivo del ni\u00f1o en dos veh\u00edculos | CVI NOTICIAS","og_description":"En una jornada de varias novedades, detuvieron a un matrimonio y a un comisario en la causa por la desaparici\u00f3n del ni\u00f1o Loan Pe\u00f1a. La decisi\u00f3n se tom\u00f3 luego de que pericias sobre aromas dieran positivo en dos veh\u00edculos: Un Ford Ka rojo y una Ford Ranger blanca. El matrimonio de Victoria Caillava y Carlos [&hellip;]","og_url":"https:\/\/cvinoticias.com\/v3\/caso-loan-detuvieron-a-un-matrimonio-y-a-un-comisario-tras-rastro-positivo-del-nino-en-dos-vehiculos\/","og_site_name":"CVI NOTICIAS","article_publisher":"https:\/\/www.facebook.com\/cvinoticias","article_published_time":"2024-06-22T04:18:41+00:00","og_image":[{"width":375,"height":211,"url":"https:\/\/cvinoticias.com\/wp-content\/uploads\/2024\/06\/loanwebp.jpeg","type":"image\/jpeg"}],"author":"f1000024","twitter_card":"summary_large_image","twitter_misc":{"Escrito por":"f1000024","Tiempo de lectura":"2 minutos"},"schema":{"@context":"https:\/\/schema.org","@graph":[{"@type":"Article","@id":"https:\/\/cvinoticias.com\/v3\/caso-loan-detuvieron-a-un-matrimonio-y-a-un-comisario-tras-rastro-positivo-del-nino-en-dos-vehiculos\/#article","isPartOf":{"@id":"https:\/\/cvinoticias.com\/v3\/caso-loan-detuvieron-a-un-matrimonio-y-a-un-comisario-tras-rastro-positivo-del-nino-en-dos-vehiculos\/"},"author":{"name":"f1000024","@id":"https:\/\/cvinoticias.com\/v3\/#\/schema\/person\/2db77e3c6bc03c538495d7b2b8be9b66"},"headline":"Caso Loan: detuvieron a un matrimonio y a un comisario tras rastro positivo del ni\u00f1o en dos veh\u00edculos","datePublished":"2024-06-22T04:18:41+00:00","mainEntityOfPage":{"@id":"https:\/\/cvinoticias.com\/v3\/caso-loan-detuvieron-a-un-matrimonio-y-a-un-comisario-tras-rastro-positivo-del-nino-en-dos-vehiculos\/"},"wordCount":273,"commentCount":0,"publisher":{"@id":"https:\/\/cvinoticias.com\/v3\/#organization"},"image":{"@id":"https:\/\/cvinoticias.com\/v3\/caso-loan-detuvieron-a-un-matrimonio-y-a-un-comisario-tras-rastro-positivo-del-nino-en-dos-vehiculos\/#primaryimage"},"thumbnailUrl":"https:\/\/cvinoticias.com\/wp-content\/uploads\/2024\/06\/loanwebp.jpeg","articleSection":["Policiales"],"inLanguage":"es","potentialAction":[{"@type":"CommentAction","name":"Comment","target":["https:\/\/cvinoticias.com\/v3\/caso-loan-detuvieron-a-un-matrimonio-y-a-un-comisario-tras-rastro-positivo-del-nino-en-dos-vehiculos\/#respond"]}]},{"@type":"WebPage","@id":"https:\/\/cvinoticias.com\/v3\/caso-loan-detuvieron-a-un-matrimonio-y-a-un-comisario-tras-rastro-positivo-del-nino-en-dos-vehiculos\/","url":"https:\/\/cvinoticias.com\/v3\/caso-loan-detuvieron-a-un-matrimonio-y-a-un-comisario-tras-rastro-positivo-del-nino-en-dos-vehiculos\/","name":"Caso Loan: detuvieron a un matrimonio y a un comisario tras rastro positivo del ni\u00f1o en dos veh\u00edculos | CVI NOTICIAS","isPartOf":{"@id":"https:\/\/cvinoticias.com\/v3\/#website"},"primaryImageOfPage":{"@id":"https:\/\/cvinoticias.com\/v3\/caso-loan-detuvieron-a-un-matrimonio-y-a-un-comisario-tras-rastro-positivo-del-nino-en-dos-vehiculos\/#primaryimage"},"image":{"@id":"https:\/\/cvinoticias.com\/v3\/caso-loan-detuvieron-a-un-matrimonio-y-a-un-comisario-tras-rastro-positivo-del-nino-en-dos-vehiculos\/#primaryimage"},"thumbnailUrl":"https:\/\/cvinoticias.com\/wp-content\/uploads\/2024\/06\/loanwebp.jpeg","datePublished":"2024-06-22T04:18:41+00:00","breadcrumb":{"@id":"https:\/\/cvinoticias.com\/v3\/caso-loan-detuvieron-a-un-matrimonio-y-a-un-comisario-tras-rastro-positivo-del-nino-en-dos-vehiculos\/#breadcrumb"},"inLanguage":"es","potentialAction":[{"@type":"ReadAction","target":["https:\/\/cvinoticias.com\/v3\/caso-loan-detuvieron-a-un-matrimonio-y-a-un-comisario-tras-rastro-positivo-del-nino-en-dos-vehiculos\/"]}]},{"@type":"ImageObject","inLanguage":"es","@id":"https:\/\/cvinoticias.com\/v3\/caso-loan-detuvieron-a-un-matrimonio-y-a-un-comisario-tras-rastro-positivo-del-nino-en-dos-vehiculos\/#primaryimage","url":"https:\/\/cvinoticias.com\/wp-content\/uploads\/2024\/06\/loanwebp.jpeg","contentUrl":"https:\/\/cvinoticias.com\/wp-content\/uploads\/2024\/06\/loanwebp.jpeg","width":375,"height":211},{"@type":"BreadcrumbList","@id":"https:\/\/cvinoticias.com\/v3\/caso-loan-detuvieron-a-un-matrimonio-y-a-un-comisario-tras-rastro-positivo-del-nino-en-dos-vehiculos\/#breadcrumb","itemListElement":[{"@type":"ListItem","position":1,"name":"Portada","item":"https:\/\/cvinoticias.com\/v3\/"},{"@type":"ListItem","position":2,"name":"Caso Loan: detuvieron a un matrimonio y a un comisario tras rastro positivo del ni\u00f1o en dos veh\u00edculos"}]},{"@type":"WebSite","@id":"https:\/\/cvinoticias.com\/v3\/#website","url":"https:\/\/cvinoticias.com\/v3\/","name":"CVI NOTICIAS","description":"","publisher":{"@id":"https:\/\/cvinoticias.com\/v3\/#organization"},"alternateName":"CVI","potentialAction":[{"@type":"SearchAction","target":{"@type":"EntryPoint","urlTemplate":"https:\/\/cvinoticias.com\/v3\/?s={search_term_string}"},"query-input":{"@type":"PropertyValueSpecification","valueRequired":true,"valueName":"search_term_string"}}],"inLanguage":"es"},{"@type":"Organization","@id":"https:\/\/cvinoticias.com\/v3\/#organization","name":"CVI NOTICIAS","url":"https:\/\/cvinoticias.com\/v3\/","logo":{"@type":"ImageObject","inLanguage":"es","@id":"https:\/\/cvinoticias.com\/v3\/#\/schema\/logo\/image\/","url":"https:\/\/cvinoticias.com\/wp-content\/uploads\/2023\/04\/cropped-cropped-cropped-cropped-cropped-3-1.png","contentUrl":"https:\/\/cvinoticias.com\/wp-content\/uploads\/2023\/04\/cropped-cropped-cropped-cropped-cropped-3-1.png","width":95,"height":122,"caption":"CVI NOTICIAS"},"image":{"@id":"https:\/\/cvinoticias.com\/v3\/#\/schema\/logo\/image\/"},"sameAs":["https:\/\/www.facebook.com\/cvinoticias","https:\/\/www.instagram.com\/cvinoticias\/","https:\/\/www.youtube.com\/@CVINOTICIAS"]},{"@type":"Person","@id":"https:\/\/cvinoticias.com\/v3\/#\/schema\/person\/2db77e3c6bc03c538495d7b2b8be9b66","name":"f1000024","image":{"@type":"ImageObject","inLanguage":"es","@id":"https:\/\/secure.gravatar.com\/avatar\/d4fe7459cfc51ff5129ce1a732bbef5928568b8092d412ef95611616376bbeed?s=96&d=mm&r=g","url":"https:\/\/secure.gravatar.com\/avatar\/d4fe7459cfc51ff5129ce1a732bbef5928568b8092d412ef95611616376bbeed?s=96&d=mm&r=g","contentUrl":"https:\/\/secure.gravatar.com\/avatar\/d4fe7459cfc51ff5129ce1a732bbef5928568b8092d412ef95611616376bbeed?s=96&d=mm&r=g","caption":"f1000024"},"url":"https:\/\/cvinoticias.com\/v3\/author\/f1000024\/"}]}},"_links":{"self":[{"href":"https:\/\/cvinoticias.com\/v3\/wp-json\/wp\/v2\/posts\/33820","targetHints":{"allow":["GET"]}}],"collection":[{"href":"https:\/\/cvinoticias.com\/v3\/wp-json\/wp\/v2\/posts"}],"about":[{"href":"https:\/\/cvinoticias.com\/v3\/wp-json\/wp\/v2\/types\/post"}],"author":[{"embeddable":true,"href":"https:\/\/cvinoticias.com\/v3\/wp-json\/wp\/v2\/users\/2"}],"replies":[{"embeddable":true,"href":"https:\/\/cvinoticias.com\/v3\/wp-json\/wp\/v2\/comments?post=33820"}],"version-history":[{"count":1,"href":"https:\/\/cvinoticias.com\/v3\/wp-json\/wp\/v2\/posts\/33820\/revisions"}],"predecessor-version":[{"id":33822,"href":"https:\/\/cvinoticias.com\/v3\/wp-json\/wp\/v2\/posts\/33820\/revisions\/33822"}],"wp:featuredmedia":[{"embeddable":true,"href":"https:\/\/cvinoticias.com\/v3\/wp-json\/wp\/v2\/media\/33821"}],"wp:attachment":[{"href":"https:\/\/cvinoticias.com\/v3\/wp-json\/wp\/v2\/media?parent=33820"}],"wp:term":[{"taxonomy":"category","embeddable":true,"href":"https:\/\/cvinoticias.com\/v3\/wp-json\/wp\/v2\/categories?post=33820"},{"taxonomy":"post_tag","embeddable":true,"href":"https:\/\/cvinoticias.com\/v3\/wp-json\/wp\/v2\/tags?post=33820"}],"curies":[{"name":"wp","href":"https:\/\/api.w.org\/{rel}","templated":true}]}}