{"id":33817,"date":"2024-06-22T01:08:16","date_gmt":"2024-06-22T04:08:16","guid":{"rendered":"https:\/\/cvinoticias.com\/v3\/?p=33817"},"modified":"2024-06-22T01:08:39","modified_gmt":"2024-06-22T04:08:39","slug":"prefectura-decomiso-un-cargamento-ilegal-en-puerto-iguazu","status":"publish","type":"post","link":"https:\/\/cvinoticias.com\/v3\/prefectura-decomiso-un-cargamento-ilegal-en-puerto-iguazu\/","title":{"rendered":"Prefectura decomis\u00f3 un cargamento ilegal en Puerto Iguaz\u00fa"},"content":{"rendered":"\n<p><strong>Personal de la Prefectura Naval Argentina decomis\u00f3 un compendio de mercanc\u00edas de origen ilegal de m\u00e1s de dieciocho millones de pesos, en la localidad de Puerto Iguaz\u00fa. <\/strong><\/p>\n\n\n\n<p>El operativo ocurri\u00f3 cuando personal que realizaba tareas de patrullaje terrestre, hall\u00f3 un bote con motor fuera de borda cargado de bultos, en las inmediaciones del kil\u00f3metro 1922,5 del r\u00edo Paran\u00e1, en la zona denominada como \u201cParaje Basural Viejo\u00bb. <\/p>\n\n\n\n<p>En Una maniobra irregular de carga y descarga de bultos, se procedi\u00f3 al seguimiento del mismo, hasta la intercepci\u00f3n realizada dentro del estacionamiento de un predio privado, donde se encontr\u00f3 otros dos veh\u00edculos en similares condiciones. <\/p>\n\n\n\n<p>Al momento de la requisa de constat\u00f3 que se trataba de una partida ilegal de indumentaria cuyo valor supera los nueve millones de pesos, arrojando una suma total de dieciocho millones de pesos y se procedi\u00f3 a secuestrar adem\u00e1s tres veh\u00edculos de dudosa procedencia que se encontraban en el lugar.<\/p>\n\n\n\n<p><strong>Intervino en el caso, la Fiscal\u00eda y el Juzgado Federal de la ciudad de Eldorado.<\/strong><\/p>\n\n\n\n<p><\/p>\n","protected":false},"excerpt":{"rendered":"<p>Personal de la Prefectura Naval Argentina decomis\u00f3 un compendio de mercanc\u00edas de origen ilegal de m\u00e1s de dieciocho millones de pesos, en la localidad de Puerto Iguaz\u00fa. El operativo ocurri\u00f3 cuando personal que realizaba tareas de patrullaje terrestre, hall\u00f3 un bote con motor fuera de borda cargado de bultos, en las inmediaciones del kil\u00f3metro 1922,5 [&hellip;]<\/p>\n","protected":false},"author":2,"featured_media":33818,"comment_status":"open","ping_status":"open","sticky":false,"template":"","format":"standard","meta":{"footnotes":""},"categories":[41],"tags":[],"class_list":["post-33817","post","type-post","status-publish","format-standard","has-post-thumbnail","hentry","category-policiales"],"yoast_head":"<!-- This site is optimized with the Yoast SEO plugin v27.5 - https:\/\/yoast.com\/product\/yoast-seo-wordpress\/ -->\n<title>Prefectura decomis\u00f3 un cargamento ilegal en Puerto Iguaz\u00fa | CVI NOTICIAS<\/title>\n<meta name=\"robots\" content=\"index, follow, max-snippet:-1, max-image-preview:large, max-video-preview:-1\" \/>\n<link rel=\"canonical\" href=\"https:\/\/cvinoticias.com\/v3\/prefectura-decomiso-un-cargamento-ilegal-en-puerto-iguazu\/\" \/>\n<meta property=\"og:locale\" content=\"es_ES\" \/>\n<meta property=\"og:type\" content=\"article\" \/>\n<meta property=\"og:title\" content=\"Prefectura decomis\u00f3 un cargamento ilegal en Puerto Iguaz\u00fa | CVI NOTICIAS\" \/>\n<meta property=\"og:description\" content=\"Personal de la Prefectura Naval Argentina decomis\u00f3 un compendio de mercanc\u00edas de origen ilegal de m\u00e1s de dieciocho millones de pesos, en la localidad de Puerto Iguaz\u00fa. El operativo ocurri\u00f3 cuando personal que realizaba tareas de patrullaje terrestre, hall\u00f3 un bote con motor fuera de borda cargado de bultos, en las inmediaciones del kil\u00f3metro 1922,5 [&hellip;]\" \/>\n<meta property=\"og:url\" content=\"https:\/\/cvinoticias.com\/v3\/prefectura-decomiso-un-cargamento-ilegal-en-puerto-iguazu\/\" \/>\n<meta property=\"og:site_name\" content=\"CVI NOTICIAS\" \/>\n<meta property=\"article:publisher\" content=\"https:\/\/www.facebook.com\/cvinoticias\" \/>\n<meta property=\"article:published_time\" content=\"2024-06-22T04:08:16+00:00\" \/>\n<meta property=\"article:modified_time\" content=\"2024-06-22T04:08:39+00:00\" \/>\n<meta property=\"og:image\" content=\"https:\/\/cvinoticias.com\/wp-content\/uploads\/2024\/06\/IMG-20240622-WA0011-850x560-1.jpg\" \/>\n\t<meta property=\"og:image:width\" content=\"850\" \/>\n\t<meta property=\"og:image:height\" content=\"560\" \/>\n\t<meta property=\"og:image:type\" content=\"image\/jpeg\" \/>\n<meta name=\"author\" content=\"f1000024\" \/>\n<meta name=\"twitter:card\" content=\"summary_large_image\" \/>\n<meta name=\"twitter:label1\" content=\"Escrito por\" \/>\n\t<meta name=\"twitter:data1\" content=\"f1000024\" \/>\n\t<meta name=\"twitter:label2\" content=\"Tiempo de lectura\" \/>\n\t<meta name=\"twitter:data2\" content=\"1 minuto\" \/>\n<script type=\"application\/ld+json\" class=\"yoast-schema-graph\">{\"@context\":\"https:\\\/\\\/schema.org\",\"@graph\":[{\"@type\":\"Article\",\"@id\":\"https:\\\/\\\/cvinoticias.com\\\/v3\\\/prefectura-decomiso-un-cargamento-ilegal-en-puerto-iguazu\\\/#article\",\"isPartOf\":{\"@id\":\"https:\\\/\\\/cvinoticias.com\\\/v3\\\/prefectura-decomiso-un-cargamento-ilegal-en-puerto-iguazu\\\/\"},\"author\":{\"name\":\"f1000024\",\"@id\":\"https:\\\/\\\/cvinoticias.com\\\/v3\\\/#\\\/schema\\\/person\\\/2db77e3c6bc03c538495d7b2b8be9b66\"},\"headline\":\"Prefectura decomis\u00f3 un cargamento ilegal en Puerto Iguaz\u00fa\",\"datePublished\":\"2024-06-22T04:08:16+00:00\",\"dateModified\":\"2024-06-22T04:08:39+00:00\",\"mainEntityOfPage\":{\"@id\":\"https:\\\/\\\/cvinoticias.com\\\/v3\\\/prefectura-decomiso-un-cargamento-ilegal-en-puerto-iguazu\\\/\"},\"wordCount\":183,\"commentCount\":0,\"publisher\":{\"@id\":\"https:\\\/\\\/cvinoticias.com\\\/v3\\\/#organization\"},\"image\":{\"@id\":\"https:\\\/\\\/cvinoticias.com\\\/v3\\\/prefectura-decomiso-un-cargamento-ilegal-en-puerto-iguazu\\\/#primaryimage\"},\"thumbnailUrl\":\"https:\\\/\\\/cvinoticias.com\\\/wp-content\\\/uploads\\\/2024\\\/06\\\/IMG-20240622-WA0011-850x560-1.jpg\",\"articleSection\":[\"Policiales\"],\"inLanguage\":\"es\",\"potentialAction\":[{\"@type\":\"CommentAction\",\"name\":\"Comment\",\"target\":[\"https:\\\/\\\/cvinoticias.com\\\/v3\\\/prefectura-decomiso-un-cargamento-ilegal-en-puerto-iguazu\\\/#respond\"]}]},{\"@type\":\"WebPage\",\"@id\":\"https:\\\/\\\/cvinoticias.com\\\/v3\\\/prefectura-decomiso-un-cargamento-ilegal-en-puerto-iguazu\\\/\",\"url\":\"https:\\\/\\\/cvinoticias.com\\\/v3\\\/prefectura-decomiso-un-cargamento-ilegal-en-puerto-iguazu\\\/\",\"name\":\"Prefectura decomis\u00f3 un cargamento ilegal en Puerto Iguaz\u00fa | CVI NOTICIAS\",\"isPartOf\":{\"@id\":\"https:\\\/\\\/cvinoticias.com\\\/v3\\\/#website\"},\"primaryImageOfPage\":{\"@id\":\"https:\\\/\\\/cvinoticias.com\\\/v3\\\/prefectura-decomiso-un-cargamento-ilegal-en-puerto-iguazu\\\/#primaryimage\"},\"image\":{\"@id\":\"https:\\\/\\\/cvinoticias.com\\\/v3\\\/prefectura-decomiso-un-cargamento-ilegal-en-puerto-iguazu\\\/#primaryimage\"},\"thumbnailUrl\":\"https:\\\/\\\/cvinoticias.com\\\/wp-content\\\/uploads\\\/2024\\\/06\\\/IMG-20240622-WA0011-850x560-1.jpg\",\"datePublished\":\"2024-06-22T04:08:16+00:00\",\"dateModified\":\"2024-06-22T04:08:39+00:00\",\"breadcrumb\":{\"@id\":\"https:\\\/\\\/cvinoticias.com\\\/v3\\\/prefectura-decomiso-un-cargamento-ilegal-en-puerto-iguazu\\\/#breadcrumb\"},\"inLanguage\":\"es\",\"potentialAction\":[{\"@type\":\"ReadAction\",\"target\":[\"https:\\\/\\\/cvinoticias.com\\\/v3\\\/prefectura-decomiso-un-cargamento-ilegal-en-puerto-iguazu\\\/\"]}]},{\"@type\":\"ImageObject\",\"inLanguage\":\"es\",\"@id\":\"https:\\\/\\\/cvinoticias.com\\\/v3\\\/prefectura-decomiso-un-cargamento-ilegal-en-puerto-iguazu\\\/#primaryimage\",\"url\":\"https:\\\/\\\/cvinoticias.com\\\/wp-content\\\/uploads\\\/2024\\\/06\\\/IMG-20240622-WA0011-850x560-1.jpg\",\"contentUrl\":\"https:\\\/\\\/cvinoticias.com\\\/wp-content\\\/uploads\\\/2024\\\/06\\\/IMG-20240622-WA0011-850x560-1.jpg\",\"width\":850,\"height\":560},{\"@type\":\"BreadcrumbList\",\"@id\":\"https:\\\/\\\/cvinoticias.com\\\/v3\\\/prefectura-decomiso-un-cargamento-ilegal-en-puerto-iguazu\\\/#breadcrumb\",\"itemListElement\":[{\"@type\":\"ListItem\",\"position\":1,\"name\":\"Portada\",\"item\":\"https:\\\/\\\/cvinoticias.com\\\/v3\\\/\"},{\"@type\":\"ListItem\",\"position\":2,\"name\":\"Prefectura decomis\u00f3 un cargamento ilegal en Puerto Iguaz\u00fa\"}]},{\"@type\":\"WebSite\",\"@id\":\"https:\\\/\\\/cvinoticias.com\\\/v3\\\/#website\",\"url\":\"https:\\\/\\\/cvinoticias.com\\\/v3\\\/\",\"name\":\"CVI NOTICIAS\",\"description\":\"\",\"publisher\":{\"@id\":\"https:\\\/\\\/cvinoticias.com\\\/v3\\\/#organization\"},\"alternateName\":\"CVI\",\"potentialAction\":[{\"@type\":\"SearchAction\",\"target\":{\"@type\":\"EntryPoint\",\"urlTemplate\":\"https:\\\/\\\/cvinoticias.com\\\/v3\\\/?s={search_term_string}\"},\"query-input\":{\"@type\":\"PropertyValueSpecification\",\"valueRequired\":true,\"valueName\":\"search_term_string\"}}],\"inLanguage\":\"es\"},{\"@type\":\"Organization\",\"@id\":\"https:\\\/\\\/cvinoticias.com\\\/v3\\\/#organization\",\"name\":\"CVI NOTICIAS\",\"url\":\"https:\\\/\\\/cvinoticias.com\\\/v3\\\/\",\"logo\":{\"@type\":\"ImageObject\",\"inLanguage\":\"es\",\"@id\":\"https:\\\/\\\/cvinoticias.com\\\/v3\\\/#\\\/schema\\\/logo\\\/image\\\/\",\"url\":\"https:\\\/\\\/cvinoticias.com\\\/wp-content\\\/uploads\\\/2023\\\/04\\\/cropped-cropped-cropped-cropped-cropped-3-1.png\",\"contentUrl\":\"https:\\\/\\\/cvinoticias.com\\\/wp-content\\\/uploads\\\/2023\\\/04\\\/cropped-cropped-cropped-cropped-cropped-3-1.png\",\"width\":95,\"height\":122,\"caption\":\"CVI NOTICIAS\"},\"image\":{\"@id\":\"https:\\\/\\\/cvinoticias.com\\\/v3\\\/#\\\/schema\\\/logo\\\/image\\\/\"},\"sameAs\":[\"https:\\\/\\\/www.facebook.com\\\/cvinoticias\",\"https:\\\/\\\/www.instagram.com\\\/cvinoticias\\\/\",\"https:\\\/\\\/www.youtube.com\\\/@CVINOTICIAS\"]},{\"@type\":\"Person\",\"@id\":\"https:\\\/\\\/cvinoticias.com\\\/v3\\\/#\\\/schema\\\/person\\\/2db77e3c6bc03c538495d7b2b8be9b66\",\"name\":\"f1000024\",\"image\":{\"@type\":\"ImageObject\",\"inLanguage\":\"es\",\"@id\":\"https:\\\/\\\/secure.gravatar.com\\\/avatar\\\/d4fe7459cfc51ff5129ce1a732bbef5928568b8092d412ef95611616376bbeed?s=96&d=mm&r=g\",\"url\":\"https:\\\/\\\/secure.gravatar.com\\\/avatar\\\/d4fe7459cfc51ff5129ce1a732bbef5928568b8092d412ef95611616376bbeed?s=96&d=mm&r=g\",\"contentUrl\":\"https:\\\/\\\/secure.gravatar.com\\\/avatar\\\/d4fe7459cfc51ff5129ce1a732bbef5928568b8092d412ef95611616376bbeed?s=96&d=mm&r=g\",\"caption\":\"f1000024\"},\"url\":\"https:\\\/\\\/cvinoticias.com\\\/v3\\\/author\\\/f1000024\\\/\"}]}<\/script>\n<!-- \/ Yoast SEO plugin. -->","yoast_head_json":{"title":"Prefectura decomis\u00f3 un cargamento ilegal en Puerto Iguaz\u00fa | CVI NOTICIAS","robots":{"index":"index","follow":"follow","max-snippet":"max-snippet:-1","max-image-preview":"max-image-preview:large","max-video-preview":"max-video-preview:-1"},"canonical":"https:\/\/cvinoticias.com\/v3\/prefectura-decomiso-un-cargamento-ilegal-en-puerto-iguazu\/","og_locale":"es_ES","og_type":"article","og_title":"Prefectura decomis\u00f3 un cargamento ilegal en Puerto Iguaz\u00fa | CVI NOTICIAS","og_description":"Personal de la Prefectura Naval Argentina decomis\u00f3 un compendio de mercanc\u00edas de origen ilegal de m\u00e1s de dieciocho millones de pesos, en la localidad de Puerto Iguaz\u00fa. El operativo ocurri\u00f3 cuando personal que realizaba tareas de patrullaje terrestre, hall\u00f3 un bote con motor fuera de borda cargado de bultos, en las inmediaciones del kil\u00f3metro 1922,5 [&hellip;]","og_url":"https:\/\/cvinoticias.com\/v3\/prefectura-decomiso-un-cargamento-ilegal-en-puerto-iguazu\/","og_site_name":"CVI NOTICIAS","article_publisher":"https:\/\/www.facebook.com\/cvinoticias","article_published_time":"2024-06-22T04:08:16+00:00","article_modified_time":"2024-06-22T04:08:39+00:00","og_image":[{"width":850,"height":560,"url":"https:\/\/cvinoticias.com\/wp-content\/uploads\/2024\/06\/IMG-20240622-WA0011-850x560-1.jpg","type":"image\/jpeg"}],"author":"f1000024","twitter_card":"summary_large_image","twitter_misc":{"Escrito por":"f1000024","Tiempo de lectura":"1 minuto"},"schema":{"@context":"https:\/\/schema.org","@graph":[{"@type":"Article","@id":"https:\/\/cvinoticias.com\/v3\/prefectura-decomiso-un-cargamento-ilegal-en-puerto-iguazu\/#article","isPartOf":{"@id":"https:\/\/cvinoticias.com\/v3\/prefectura-decomiso-un-cargamento-ilegal-en-puerto-iguazu\/"},"author":{"name":"f1000024","@id":"https:\/\/cvinoticias.com\/v3\/#\/schema\/person\/2db77e3c6bc03c538495d7b2b8be9b66"},"headline":"Prefectura decomis\u00f3 un cargamento ilegal en Puerto Iguaz\u00fa","datePublished":"2024-06-22T04:08:16+00:00","dateModified":"2024-06-22T04:08:39+00:00","mainEntityOfPage":{"@id":"https:\/\/cvinoticias.com\/v3\/prefectura-decomiso-un-cargamento-ilegal-en-puerto-iguazu\/"},"wordCount":183,"commentCount":0,"publisher":{"@id":"https:\/\/cvinoticias.com\/v3\/#organization"},"image":{"@id":"https:\/\/cvinoticias.com\/v3\/prefectura-decomiso-un-cargamento-ilegal-en-puerto-iguazu\/#primaryimage"},"thumbnailUrl":"https:\/\/cvinoticias.com\/wp-content\/uploads\/2024\/06\/IMG-20240622-WA0011-850x560-1.jpg","articleSection":["Policiales"],"inLanguage":"es","potentialAction":[{"@type":"CommentAction","name":"Comment","target":["https:\/\/cvinoticias.com\/v3\/prefectura-decomiso-un-cargamento-ilegal-en-puerto-iguazu\/#respond"]}]},{"@type":"WebPage","@id":"https:\/\/cvinoticias.com\/v3\/prefectura-decomiso-un-cargamento-ilegal-en-puerto-iguazu\/","url":"https:\/\/cvinoticias.com\/v3\/prefectura-decomiso-un-cargamento-ilegal-en-puerto-iguazu\/","name":"Prefectura decomis\u00f3 un cargamento ilegal en Puerto Iguaz\u00fa | CVI NOTICIAS","isPartOf":{"@id":"https:\/\/cvinoticias.com\/v3\/#website"},"primaryImageOfPage":{"@id":"https:\/\/cvinoticias.com\/v3\/prefectura-decomiso-un-cargamento-ilegal-en-puerto-iguazu\/#primaryimage"},"image":{"@id":"https:\/\/cvinoticias.com\/v3\/prefectura-decomiso-un-cargamento-ilegal-en-puerto-iguazu\/#primaryimage"},"thumbnailUrl":"https:\/\/cvinoticias.com\/wp-content\/uploads\/2024\/06\/IMG-20240622-WA0011-850x560-1.jpg","datePublished":"2024-06-22T04:08:16+00:00","dateModified":"2024-06-22T04:08:39+00:00","breadcrumb":{"@id":"https:\/\/cvinoticias.com\/v3\/prefectura-decomiso-un-cargamento-ilegal-en-puerto-iguazu\/#breadcrumb"},"inLanguage":"es","potentialAction":[{"@type":"ReadAction","target":["https:\/\/cvinoticias.com\/v3\/prefectura-decomiso-un-cargamento-ilegal-en-puerto-iguazu\/"]}]},{"@type":"ImageObject","inLanguage":"es","@id":"https:\/\/cvinoticias.com\/v3\/prefectura-decomiso-un-cargamento-ilegal-en-puerto-iguazu\/#primaryimage","url":"https:\/\/cvinoticias.com\/wp-content\/uploads\/2024\/06\/IMG-20240622-WA0011-850x560-1.jpg","contentUrl":"https:\/\/cvinoticias.com\/wp-content\/uploads\/2024\/06\/IMG-20240622-WA0011-850x560-1.jpg","width":850,"height":560},{"@type":"BreadcrumbList","@id":"https:\/\/cvinoticias.com\/v3\/prefectura-decomiso-un-cargamento-ilegal-en-puerto-iguazu\/#breadcrumb","itemListElement":[{"@type":"ListItem","position":1,"name":"Portada","item":"https:\/\/cvinoticias.com\/v3\/"},{"@type":"ListItem","position":2,"name":"Prefectura decomis\u00f3 un cargamento ilegal en Puerto Iguaz\u00fa"}]},{"@type":"WebSite","@id":"https:\/\/cvinoticias.com\/v3\/#website","url":"https:\/\/cvinoticias.com\/v3\/","name":"CVI NOTICIAS","description":"","publisher":{"@id":"https:\/\/cvinoticias.com\/v3\/#organization"},"alternateName":"CVI","potentialAction":[{"@type":"SearchAction","target":{"@type":"EntryPoint","urlTemplate":"https:\/\/cvinoticias.com\/v3\/?s={search_term_string}"},"query-input":{"@type":"PropertyValueSpecification","valueRequired":true,"valueName":"search_term_string"}}],"inLanguage":"es"},{"@type":"Organization","@id":"https:\/\/cvinoticias.com\/v3\/#organization","name":"CVI NOTICIAS","url":"https:\/\/cvinoticias.com\/v3\/","logo":{"@type":"ImageObject","inLanguage":"es","@id":"https:\/\/cvinoticias.com\/v3\/#\/schema\/logo\/image\/","url":"https:\/\/cvinoticias.com\/wp-content\/uploads\/2023\/04\/cropped-cropped-cropped-cropped-cropped-3-1.png","contentUrl":"https:\/\/cvinoticias.com\/wp-content\/uploads\/2023\/04\/cropped-cropped-cropped-cropped-cropped-3-1.png","width":95,"height":122,"caption":"CVI NOTICIAS"},"image":{"@id":"https:\/\/cvinoticias.com\/v3\/#\/schema\/logo\/image\/"},"sameAs":["https:\/\/www.facebook.com\/cvinoticias","https:\/\/www.instagram.com\/cvinoticias\/","https:\/\/www.youtube.com\/@CVINOTICIAS"]},{"@type":"Person","@id":"https:\/\/cvinoticias.com\/v3\/#\/schema\/person\/2db77e3c6bc03c538495d7b2b8be9b66","name":"f1000024","image":{"@type":"ImageObject","inLanguage":"es","@id":"https:\/\/secure.gravatar.com\/avatar\/d4fe7459cfc51ff5129ce1a732bbef5928568b8092d412ef95611616376bbeed?s=96&d=mm&r=g","url":"https:\/\/secure.gravatar.com\/avatar\/d4fe7459cfc51ff5129ce1a732bbef5928568b8092d412ef95611616376bbeed?s=96&d=mm&r=g","contentUrl":"https:\/\/secure.gravatar.com\/avatar\/d4fe7459cfc51ff5129ce1a732bbef5928568b8092d412ef95611616376bbeed?s=96&d=mm&r=g","caption":"f1000024"},"url":"https:\/\/cvinoticias.com\/v3\/author\/f1000024\/"}]}},"_links":{"self":[{"href":"https:\/\/cvinoticias.com\/v3\/wp-json\/wp\/v2\/posts\/33817","targetHints":{"allow":["GET"]}}],"collection":[{"href":"https:\/\/cvinoticias.com\/v3\/wp-json\/wp\/v2\/posts"}],"about":[{"href":"https:\/\/cvinoticias.com\/v3\/wp-json\/wp\/v2\/types\/post"}],"author":[{"embeddable":true,"href":"https:\/\/cvinoticias.com\/v3\/wp-json\/wp\/v2\/users\/2"}],"replies":[{"embeddable":true,"href":"https:\/\/cvinoticias.com\/v3\/wp-json\/wp\/v2\/comments?post=33817"}],"version-history":[{"count":1,"href":"https:\/\/cvinoticias.com\/v3\/wp-json\/wp\/v2\/posts\/33817\/revisions"}],"predecessor-version":[{"id":33819,"href":"https:\/\/cvinoticias.com\/v3\/wp-json\/wp\/v2\/posts\/33817\/revisions\/33819"}],"wp:featuredmedia":[{"embeddable":true,"href":"https:\/\/cvinoticias.com\/v3\/wp-json\/wp\/v2\/media\/33818"}],"wp:attachment":[{"href":"https:\/\/cvinoticias.com\/v3\/wp-json\/wp\/v2\/media?parent=33817"}],"wp:term":[{"taxonomy":"category","embeddable":true,"href":"https:\/\/cvinoticias.com\/v3\/wp-json\/wp\/v2\/categories?post=33817"},{"taxonomy":"post_tag","embeddable":true,"href":"https:\/\/cvinoticias.com\/v3\/wp-json\/wp\/v2\/tags?post=33817"}],"curies":[{"name":"wp","href":"https:\/\/api.w.org\/{rel}","templated":true}]}}