{"id":33791,"date":"2024-06-20T17:38:42","date_gmt":"2024-06-20T20:38:42","guid":{"rendered":"https:\/\/cvinoticias.com\/v3\/?p=33791"},"modified":"2024-06-20T17:45:46","modified_gmt":"2024-06-20T20:45:46","slug":"el-gobernador-passalaqcua-encabezo-el-acto-central-en-candelaria","status":"publish","type":"post","link":"https:\/\/cvinoticias.com\/v3\/el-gobernador-passalaqcua-encabezo-el-acto-central-en-candelaria\/","title":{"rendered":"El Gobernador Passalacqua encabez\u00f3 el Acto Central del D\u00eda de la Bandera en Candelaria"},"content":{"rendered":"\n<p><strong>El gobernador Hugo Passalacqua encabez\u00f3 el acto central en conmemoraci\u00f3n del D\u00eda de la Bandera Nacional y del 204\u00b0 aniversario del paso a la inmortalidad del General Manuel Belgrano. <\/strong><\/p>\n\n\n\n<p>Esta ma\u00f1ana, el gobernador Hugo Passalacqua junto el vicegobernador Lucas Romero Spinelli participaron en el acto central en conmemoraci\u00f3n del D\u00eda de la Bandera Nacional y del 204\u00b0 aniversario del paso a la inmortalidad del h\u00e9roe nacional General Manuel Belgrano. <\/p>\n\n\n\n<p>La ceremonia tuvo lugar en el Polideportivo de la capital hist\u00f3rica de la provincia. All\u00ed, se reunieron las autoridades, representantes de distintas instituciones y a una multitud de ciudadanos que se congregaron para rendir homenaje a uno de los pr\u00f3ceres m\u00e1s destacados de la historia argentina.<\/p>\n\n\n\n<p>El orador central del evento fue el gobernador Passalacqua que evoc\u00f3 la memoria del General Manuel Belgrano, destac\u00f3 trayectoria del pr\u00f3cer en la construcci\u00f3n del Estado argentino como su participaci\u00f3n en la Revoluci\u00f3n de Mayo y una visi\u00f3n democr\u00e1tica adelantada a su tiempo.<\/p>\n\n\n\n<p> Remarco su paso por la Misiones hist\u00f3rica en donde remarco que fue la primera provincia en adherirse a la revoluci\u00f3n. Adem\u00e1s, valor\u00f3 su papel en la redacci\u00f3n de un documento constitutivo para la regi\u00f3n con el \u201cR\u00e9gimen Pol\u00edtico y Administrativo y Reforma de los 30 Pueblos de las Misiones\u201d.\u201c<strong><em>\u00c9l escribe nuestra primera Constituci\u00f3n, es el Reglamento de las Misiones. Belgrano hizo un discurso maravilloso, \u00e9l quer\u00eda una patria de iguales, aqu\u00ed hab\u00eda mucha desigualdad, imag\u00ednense hace dos siglos y cuatro a\u00f1os atr\u00e1s, hab\u00eda pobreza, se da cuenta de que faltan escuelas, caminos, infraestructuras, obras, puentes, factores productivos. Vio la necesidad de que hab\u00eda que cultivar y cuidar la ecolog\u00eda de Misiones.Por eso ese reglamento, que es una cosa impactante, ya que habla que todos debemos tener igualdad de oportunidades, los criollos y los naturales, como le dec\u00eda \u00e9l a nuestros paisanos guaran\u00edes\u201d, <\/em><\/strong>puntualiz\u00f3. <\/p>\n\n\n\n<p>En su discurso tambi\u00e9n destac\u00f3 las proezas de Pedros R\u00edos, el reconocido \u201cTamborcito de Tacuar\u00ed\u201d, el General San Mart\u00edn y Andresito Guacurar\u00ed.  Por eso, inst\u00f3 a construir una comunidad en unidad, educaci\u00f3n y respeto para construir una sociedad mejor. \u201cEs nuestra obligaci\u00f3n hoy, un 20 de junio, prometernos que ese tejido social sea s\u00f3lido, que demos igualdad de oportunidades para todos, que crezcamos juntos, que constituyamos, que seamos felices, que hagamos lo que quiso Belgrano. Hay demasiadas cosas y s\u00edmbolos metidos en esa bandera, est\u00e1 Belgrano mismo, est\u00e1 San Mart\u00edn, est\u00e1 Yrigoyen, Per\u00f3n ah\u00ed, y hoy no seamos tontos, no estamos en mirada de la divisi\u00f3n o de la grieta. No permitamos que esto haga de nosotros una comunidad desarmada\u201d, resalt\u00f3.<\/p>\n\n\n\n<p>Adem\u00e1s, Passalacqua hizo hincapi\u00e9 en la conexi\u00f3n entre la educaci\u00f3n y la libertad, un valor fundamental para Belgrano. \u00abNo se puede ser libre si no se es letrado. Si uno no se puede manejar en su vida, si uno no estudi\u00f3\u201d aludi\u00f3. Dio cuenta que el pr\u00f3cer respeto hasta a sus adversarios y que un ejemplo a seguir en la actualidad. <\/p>\n\n\n\n<p>Asimismo, recalc\u00f3 que Belgrano \u201cnos deja el legado de la bandera, que se dijo varias veces, es un s\u00edmbolo. \u00bfQu\u00e9 est\u00e1 dentro de la bandera? \u00bfQu\u00e9 es lo que tiene m\u00e1gico de nuestra bandera? Yo veo a las amas de casa, veo a nuestros tareferos all\u00e1 adentro, lo veo a Borges, lo veo a Messi, lo veo a quienes somos, nosotros de ni\u00f1os, nuestra familia, nuestro vecino, la gente que busca trabajo, la gente humilde, el empresario. Sobre todo, nuestras ganas, nuestros valores y el respeto por los dem\u00e1s. Hay que ser respetuoso del otro. No podemos gritarnos entre nosotros. Tenemos que estar juntos, unidos, a la par\u201d. <\/p>\n\n\n\n<p>Por \u00faltimo, reflexion\u00f3 que \u201csi hoy salimos de ac\u00e1 con un poco de reflexi\u00f3n sobre lo que significa el respeto a la bandera, lo que signific\u00f3 Belgrano en nuestras vidas, lo que va a significar Belgrano si le damos bolilla en su humildad, desprendimiento, y esfuerzo. Porque si hacemos eso gente, vamos a hacer de Misiones lo que Belgrano so\u00f1\u00f3\u201d. <\/p>\n\n\n\n<p> En tanto, el intendente de Candelaria, Carlos Flores, celebr\u00f3 que la comunidad misionera \u201ca\u00f1o tras a\u00f1o lleva en alto los valores patri\u00f3ticos de tan noble momento hist\u00f3rico y lo que implica una importancia suprema para nuestra querida ciudad, as\u00ed como a todos los habitantes de este bendecido suelo argentino. Siendo siempre el trabajo y el esfuerzo por valorar la libertad y como creador de nuestra ense\u00f1a patria, impregnando los colores m\u00e1s lindos a este s\u00edmbolo \u00fanico. Sobre todo, sosteniendo los valores que son necesarios para mantener en cada momento de nuestra historia, al pr\u00f3cer y creador de nuestra bandera, que es un sano ejemplo para todas las generaciones, el General Manuel Jos\u00e9 Joaqu\u00edn del Coraz\u00f3n de Jes\u00fas Belgrano\u201d.<\/p>\n\n\n\n<p>El evento comenz\u00f3 con el saludo de la milicia patri\u00f3tica, a cargo del Jefe de Tropas, seguido de un homenaje a la bandera de guerra, incluyendo la colocaci\u00f3n de una ofrenda floral y un minuto de silencio acompa\u00f1ado por disparos de salvas. <\/p>\n\n\n\n<p>Luego, se realiz\u00f3 un saludo especial a la agrupaci\u00f3n 20 de junio, se ofreci\u00f3 una rese\u00f1a hist\u00f3rica y se entonaron los himnos nacionales y la canci\u00f3n oficial de Candelaria. <\/p>\n\n\n\n<p>El acto continu\u00f3 con la promesa y jura a la Bandera Nacional de los estudiantes de cuarto grado de la comunidad escolar a cargo del ministro de Educaci\u00f3n, Ramiro Aranda.\u201cEsta es la bandera que cre\u00f3 Manuel Belgrano en los albores de nuestra libertad. Simboliza a la Rep\u00fablica Argentina, nuestra patria. Es el s\u00edmbolo de nuestra soberan\u00eda y representa nuestra tierra, nuestros mares, r\u00edos, bosques, llanos y monta\u00f1as. Representa el esfuerzo de sus habitantes, sus sue\u00f1os y realizaciones. Convoca al ejercicio de nuestros deberes y derechos, a respetar las leyes y las instituciones. Evoca nuestro presente, en el que d\u00eda a d\u00eda debemos construir la democracia que nos libera a trav\u00e9s del conocimiento\u201d, expres\u00f3 Aranda como parte de la Jura a la Bandera de los peque\u00f1os estudiantes candelarienses.<\/p>\n\n\n\n<p> Asimismo, el ministro de Gobierno, Marcelo P\u00e9rez, tom\u00f3 juramento a los cadetes e integrantes de las fuerzas de seguridad provincial. <\/p>\n\n\n\n<p> La ceremonia culmin\u00f3 con un n\u00famero art\u00edstico en honor a la Bandera Nacional. Tambi\u00e9n, estuvieron presentes la presidenta del Superior Tribunal de Justicia, Rosanna P\u00eda Venchiarutti Sartori, el presidente de la C\u00e1mara de Diputados, Oscar Herrera Ahuad; el senador nacional, Carlos Arce; el comandante de la Brigada de Monte XII, Coronel Carlos Julio Sanmill\u00e1n, junto a otros miembros del Gabinete de Poder Ejecutivo, legisladores, miembros de las Fuerzas de seguridad, autoridades eclesi\u00e1sticas, presidente de entes, intendentes de localidades vecinas, autoridades municipales, alumnos, docentes y vecinos <\/p>\n\n\n\n<p>, <\/p>\n\n\n\n<figure class=\"wp-block-gallery has-nested-images columns-default is-cropped wp-block-gallery-1 is-layout-flex wp-block-gallery-is-layout-flex\">\n<figure class=\"wp-block-image size-large\"><a href=\"https:\/\/cvinoticias.com\/wp-content\/uploads\/2024\/06\/IMG-20240620-WA0090.jpg\"><img decoding=\"async\" width=\"1024\" height=\"683\" data-id=\"33793\" data-src=\"https:\/\/cvinoticias.com\/wp-content\/uploads\/2024\/06\/IMG-20240620-WA0090-1024x683.jpg\" alt=\"\" class=\"wp-image-33793 lazyload\" data-srcset=\"https:\/\/cvinoticias.com\/wp-content\/uploads\/2024\/06\/IMG-20240620-WA0090-1024x683.jpg 1024w, https:\/\/cvinoticias.com\/wp-content\/uploads\/2024\/06\/IMG-20240620-WA0090-300x200.jpg 300w, https:\/\/cvinoticias.com\/wp-content\/uploads\/2024\/06\/IMG-20240620-WA0090-768x512.jpg 768w, https:\/\/cvinoticias.com\/wp-content\/uploads\/2024\/06\/IMG-20240620-WA0090-1536x1024.jpg 1536w, https:\/\/cvinoticias.com\/wp-content\/uploads\/2024\/06\/IMG-20240620-WA0090.jpg 1599w\" data-sizes=\"(max-width: 1024px) 100vw, 1024px\" src=\"data:image\/svg+xml;base64,PHN2ZyB3aWR0aD0iMSIgaGVpZ2h0PSIxIiB4bWxucz0iaHR0cDovL3d3dy53My5vcmcvMjAwMC9zdmciPjwvc3ZnPg==\" style=\"--smush-placeholder-width: 1024px; --smush-placeholder-aspect-ratio: 1024\/683;\" \/><\/a><\/figure>\n\n\n\n<figure class=\"wp-block-image size-large\"><a href=\"https:\/\/cvinoticias.com\/wp-content\/uploads\/2024\/06\/IMG-20240620-WA0087.jpg\"><img decoding=\"async\" width=\"1024\" height=\"576\" data-id=\"33794\" data-src=\"https:\/\/cvinoticias.com\/wp-content\/uploads\/2024\/06\/IMG-20240620-WA0087-1024x576.jpg\" alt=\"\" class=\"wp-image-33794 lazyload\" data-srcset=\"https:\/\/cvinoticias.com\/wp-content\/uploads\/2024\/06\/IMG-20240620-WA0087-1024x576.jpg 1024w, https:\/\/cvinoticias.com\/wp-content\/uploads\/2024\/06\/IMG-20240620-WA0087-300x169.jpg 300w, https:\/\/cvinoticias.com\/wp-content\/uploads\/2024\/06\/IMG-20240620-WA0087-768x432.jpg 768w, https:\/\/cvinoticias.com\/wp-content\/uploads\/2024\/06\/IMG-20240620-WA0087-1536x864.jpg 1536w, https:\/\/cvinoticias.com\/wp-content\/uploads\/2024\/06\/IMG-20240620-WA0087.jpg 1599w\" data-sizes=\"(max-width: 1024px) 100vw, 1024px\" src=\"data:image\/svg+xml;base64,PHN2ZyB3aWR0aD0iMSIgaGVpZ2h0PSIxIiB4bWxucz0iaHR0cDovL3d3dy53My5vcmcvMjAwMC9zdmciPjwvc3ZnPg==\" style=\"--smush-placeholder-width: 1024px; --smush-placeholder-aspect-ratio: 1024\/576;\" \/><\/a><\/figure>\n\n\n\n<figure class=\"wp-block-image size-large\"><a href=\"https:\/\/cvinoticias.com\/wp-content\/uploads\/2024\/06\/Screenshot_20240620-172346.png\"><img decoding=\"async\" width=\"830\" height=\"1024\" data-id=\"33795\" data-src=\"https:\/\/cvinoticias.com\/wp-content\/uploads\/2024\/06\/Screenshot_20240620-172346-830x1024.png\" alt=\"\" class=\"wp-image-33795 lazyload\" data-srcset=\"https:\/\/cvinoticias.com\/wp-content\/uploads\/2024\/06\/Screenshot_20240620-172346-830x1024.png 830w, https:\/\/cvinoticias.com\/wp-content\/uploads\/2024\/06\/Screenshot_20240620-172346-243x300.png 243w, https:\/\/cvinoticias.com\/wp-content\/uploads\/2024\/06\/Screenshot_20240620-172346-768x948.png 768w, https:\/\/cvinoticias.com\/wp-content\/uploads\/2024\/06\/Screenshot_20240620-172346.png 1012w\" data-sizes=\"(max-width: 830px) 100vw, 830px\" src=\"data:image\/svg+xml;base64,PHN2ZyB3aWR0aD0iMSIgaGVpZ2h0PSIxIiB4bWxucz0iaHR0cDovL3d3dy53My5vcmcvMjAwMC9zdmciPjwvc3ZnPg==\" style=\"--smush-placeholder-width: 830px; --smush-placeholder-aspect-ratio: 830\/1024;\" \/><\/a><\/figure>\n<\/figure>\n","protected":false},"excerpt":{"rendered":"<p>El gobernador Hugo Passalacqua encabez\u00f3 el acto central en conmemoraci\u00f3n del D\u00eda de la Bandera Nacional y del 204\u00b0 aniversario del paso a la inmortalidad del General Manuel Belgrano. Esta ma\u00f1ana, el gobernador Hugo Passalacqua junto el vicegobernador Lucas Romero Spinelli participaron en el acto central en conmemoraci\u00f3n del D\u00eda de la Bandera Nacional y [&hellip;]<\/p>\n","protected":false},"author":2,"featured_media":33792,"comment_status":"open","ping_status":"open","sticky":false,"template":"","format":"standard","meta":{"footnotes":""},"categories":[43],"tags":[],"class_list":["post-33791","post","type-post","status-publish","format-standard","has-post-thumbnail","hentry","category-provinciales"],"yoast_head":"<!-- This site is optimized with the Yoast SEO plugin v27.5 - https:\/\/yoast.com\/product\/yoast-seo-wordpress\/ -->\n<title>El Gobernador Passalacqua encabez\u00f3 el Acto Central del D\u00eda de la Bandera en Candelaria | CVI NOTICIAS<\/title>\n<meta name=\"robots\" content=\"index, follow, max-snippet:-1, max-image-preview:large, max-video-preview:-1\" \/>\n<link rel=\"canonical\" href=\"https:\/\/cvinoticias.com\/v3\/el-gobernador-passalaqcua-encabezo-el-acto-central-en-candelaria\/\" \/>\n<meta property=\"og:locale\" content=\"es_ES\" \/>\n<meta property=\"og:type\" content=\"article\" \/>\n<meta property=\"og:title\" content=\"El Gobernador Passalacqua encabez\u00f3 el Acto Central del D\u00eda de la Bandera en Candelaria | CVI NOTICIAS\" \/>\n<meta property=\"og:description\" content=\"El gobernador Hugo Passalacqua encabez\u00f3 el acto central en conmemoraci\u00f3n del D\u00eda de la Bandera Nacional y del 204\u00b0 aniversario del paso a la inmortalidad del General Manuel Belgrano. Esta ma\u00f1ana, el gobernador Hugo Passalacqua junto el vicegobernador Lucas Romero Spinelli participaron en el acto central en conmemoraci\u00f3n del D\u00eda de la Bandera Nacional y [&hellip;]\" \/>\n<meta property=\"og:url\" content=\"https:\/\/cvinoticias.com\/v3\/el-gobernador-passalaqcua-encabezo-el-acto-central-en-candelaria\/\" \/>\n<meta property=\"og:site_name\" content=\"CVI NOTICIAS\" \/>\n<meta property=\"article:publisher\" content=\"https:\/\/www.facebook.com\/cvinoticias\" \/>\n<meta property=\"article:published_time\" content=\"2024-06-20T20:38:42+00:00\" \/>\n<meta property=\"article:modified_time\" content=\"2024-06-20T20:45:46+00:00\" \/>\n<meta property=\"og:image\" content=\"https:\/\/cvinoticias.com\/wp-content\/uploads\/2024\/06\/IMG-20240620-WA0086.jpg\" \/>\n\t<meta property=\"og:image:width\" content=\"1516\" \/>\n\t<meta property=\"og:image:height\" content=\"1007\" \/>\n\t<meta property=\"og:image:type\" content=\"image\/jpeg\" \/>\n<meta name=\"author\" content=\"f1000024\" \/>\n<meta name=\"twitter:card\" content=\"summary_large_image\" \/>\n<meta name=\"twitter:label1\" content=\"Escrito por\" \/>\n\t<meta name=\"twitter:data1\" content=\"f1000024\" \/>\n\t<meta name=\"twitter:label2\" content=\"Tiempo de lectura\" \/>\n\t<meta name=\"twitter:data2\" content=\"6 minutos\" \/>\n<script type=\"application\/ld+json\" class=\"yoast-schema-graph\">{\"@context\":\"https:\\\/\\\/schema.org\",\"@graph\":[{\"@type\":\"Article\",\"@id\":\"https:\\\/\\\/cvinoticias.com\\\/v3\\\/el-gobernador-passalaqcua-encabezo-el-acto-central-en-candelaria\\\/#article\",\"isPartOf\":{\"@id\":\"https:\\\/\\\/cvinoticias.com\\\/v3\\\/el-gobernador-passalaqcua-encabezo-el-acto-central-en-candelaria\\\/\"},\"author\":{\"name\":\"f1000024\",\"@id\":\"https:\\\/\\\/cvinoticias.com\\\/v3\\\/#\\\/schema\\\/person\\\/2db77e3c6bc03c538495d7b2b8be9b66\"},\"headline\":\"El Gobernador Passalacqua encabez\u00f3 el Acto Central del D\u00eda de la Bandera en Candelaria\",\"datePublished\":\"2024-06-20T20:38:42+00:00\",\"dateModified\":\"2024-06-20T20:45:46+00:00\",\"mainEntityOfPage\":{\"@id\":\"https:\\\/\\\/cvinoticias.com\\\/v3\\\/el-gobernador-passalaqcua-encabezo-el-acto-central-en-candelaria\\\/\"},\"wordCount\":1174,\"commentCount\":0,\"publisher\":{\"@id\":\"https:\\\/\\\/cvinoticias.com\\\/v3\\\/#organization\"},\"image\":{\"@id\":\"https:\\\/\\\/cvinoticias.com\\\/v3\\\/el-gobernador-passalaqcua-encabezo-el-acto-central-en-candelaria\\\/#primaryimage\"},\"thumbnailUrl\":\"https:\\\/\\\/cvinoticias.com\\\/wp-content\\\/uploads\\\/2024\\\/06\\\/IMG-20240620-WA0086.jpg\",\"articleSection\":[\"Provinciales\"],\"inLanguage\":\"es\",\"potentialAction\":[{\"@type\":\"CommentAction\",\"name\":\"Comment\",\"target\":[\"https:\\\/\\\/cvinoticias.com\\\/v3\\\/el-gobernador-passalaqcua-encabezo-el-acto-central-en-candelaria\\\/#respond\"]}]},{\"@type\":\"WebPage\",\"@id\":\"https:\\\/\\\/cvinoticias.com\\\/v3\\\/el-gobernador-passalaqcua-encabezo-el-acto-central-en-candelaria\\\/\",\"url\":\"https:\\\/\\\/cvinoticias.com\\\/v3\\\/el-gobernador-passalaqcua-encabezo-el-acto-central-en-candelaria\\\/\",\"name\":\"El Gobernador Passalacqua encabez\u00f3 el Acto Central del D\u00eda de la Bandera en Candelaria | CVI NOTICIAS\",\"isPartOf\":{\"@id\":\"https:\\\/\\\/cvinoticias.com\\\/v3\\\/#website\"},\"primaryImageOfPage\":{\"@id\":\"https:\\\/\\\/cvinoticias.com\\\/v3\\\/el-gobernador-passalaqcua-encabezo-el-acto-central-en-candelaria\\\/#primaryimage\"},\"image\":{\"@id\":\"https:\\\/\\\/cvinoticias.com\\\/v3\\\/el-gobernador-passalaqcua-encabezo-el-acto-central-en-candelaria\\\/#primaryimage\"},\"thumbnailUrl\":\"https:\\\/\\\/cvinoticias.com\\\/wp-content\\\/uploads\\\/2024\\\/06\\\/IMG-20240620-WA0086.jpg\",\"datePublished\":\"2024-06-20T20:38:42+00:00\",\"dateModified\":\"2024-06-20T20:45:46+00:00\",\"breadcrumb\":{\"@id\":\"https:\\\/\\\/cvinoticias.com\\\/v3\\\/el-gobernador-passalaqcua-encabezo-el-acto-central-en-candelaria\\\/#breadcrumb\"},\"inLanguage\":\"es\",\"potentialAction\":[{\"@type\":\"ReadAction\",\"target\":[\"https:\\\/\\\/cvinoticias.com\\\/v3\\\/el-gobernador-passalaqcua-encabezo-el-acto-central-en-candelaria\\\/\"]}]},{\"@type\":\"ImageObject\",\"inLanguage\":\"es\",\"@id\":\"https:\\\/\\\/cvinoticias.com\\\/v3\\\/el-gobernador-passalaqcua-encabezo-el-acto-central-en-candelaria\\\/#primaryimage\",\"url\":\"https:\\\/\\\/cvinoticias.com\\\/wp-content\\\/uploads\\\/2024\\\/06\\\/IMG-20240620-WA0086.jpg\",\"contentUrl\":\"https:\\\/\\\/cvinoticias.com\\\/wp-content\\\/uploads\\\/2024\\\/06\\\/IMG-20240620-WA0086.jpg\",\"width\":1516,\"height\":1007},{\"@type\":\"BreadcrumbList\",\"@id\":\"https:\\\/\\\/cvinoticias.com\\\/v3\\\/el-gobernador-passalaqcua-encabezo-el-acto-central-en-candelaria\\\/#breadcrumb\",\"itemListElement\":[{\"@type\":\"ListItem\",\"position\":1,\"name\":\"Portada\",\"item\":\"https:\\\/\\\/cvinoticias.com\\\/v3\\\/\"},{\"@type\":\"ListItem\",\"position\":2,\"name\":\"El Gobernador Passalacqua encabez\u00f3 el Acto Central del D\u00eda de la Bandera en Candelaria\"}]},{\"@type\":\"WebSite\",\"@id\":\"https:\\\/\\\/cvinoticias.com\\\/v3\\\/#website\",\"url\":\"https:\\\/\\\/cvinoticias.com\\\/v3\\\/\",\"name\":\"CVI NOTICIAS\",\"description\":\"\",\"publisher\":{\"@id\":\"https:\\\/\\\/cvinoticias.com\\\/v3\\\/#organization\"},\"alternateName\":\"CVI\",\"potentialAction\":[{\"@type\":\"SearchAction\",\"target\":{\"@type\":\"EntryPoint\",\"urlTemplate\":\"https:\\\/\\\/cvinoticias.com\\\/v3\\\/?s={search_term_string}\"},\"query-input\":{\"@type\":\"PropertyValueSpecification\",\"valueRequired\":true,\"valueName\":\"search_term_string\"}}],\"inLanguage\":\"es\"},{\"@type\":\"Organization\",\"@id\":\"https:\\\/\\\/cvinoticias.com\\\/v3\\\/#organization\",\"name\":\"CVI NOTICIAS\",\"url\":\"https:\\\/\\\/cvinoticias.com\\\/v3\\\/\",\"logo\":{\"@type\":\"ImageObject\",\"inLanguage\":\"es\",\"@id\":\"https:\\\/\\\/cvinoticias.com\\\/v3\\\/#\\\/schema\\\/logo\\\/image\\\/\",\"url\":\"https:\\\/\\\/cvinoticias.com\\\/wp-content\\\/uploads\\\/2023\\\/04\\\/cropped-cropped-cropped-cropped-cropped-3-1.png\",\"contentUrl\":\"https:\\\/\\\/cvinoticias.com\\\/wp-content\\\/uploads\\\/2023\\\/04\\\/cropped-cropped-cropped-cropped-cropped-3-1.png\",\"width\":95,\"height\":122,\"caption\":\"CVI NOTICIAS\"},\"image\":{\"@id\":\"https:\\\/\\\/cvinoticias.com\\\/v3\\\/#\\\/schema\\\/logo\\\/image\\\/\"},\"sameAs\":[\"https:\\\/\\\/www.facebook.com\\\/cvinoticias\",\"https:\\\/\\\/www.instagram.com\\\/cvinoticias\\\/\",\"https:\\\/\\\/www.youtube.com\\\/@CVINOTICIAS\"]},{\"@type\":\"Person\",\"@id\":\"https:\\\/\\\/cvinoticias.com\\\/v3\\\/#\\\/schema\\\/person\\\/2db77e3c6bc03c538495d7b2b8be9b66\",\"name\":\"f1000024\",\"image\":{\"@type\":\"ImageObject\",\"inLanguage\":\"es\",\"@id\":\"https:\\\/\\\/secure.gravatar.com\\\/avatar\\\/d4fe7459cfc51ff5129ce1a732bbef5928568b8092d412ef95611616376bbeed?s=96&d=mm&r=g\",\"url\":\"https:\\\/\\\/secure.gravatar.com\\\/avatar\\\/d4fe7459cfc51ff5129ce1a732bbef5928568b8092d412ef95611616376bbeed?s=96&d=mm&r=g\",\"contentUrl\":\"https:\\\/\\\/secure.gravatar.com\\\/avatar\\\/d4fe7459cfc51ff5129ce1a732bbef5928568b8092d412ef95611616376bbeed?s=96&d=mm&r=g\",\"caption\":\"f1000024\"},\"url\":\"https:\\\/\\\/cvinoticias.com\\\/v3\\\/author\\\/f1000024\\\/\"}]}<\/script>\n<!-- \/ Yoast SEO plugin. -->","yoast_head_json":{"title":"El Gobernador Passalacqua encabez\u00f3 el Acto Central del D\u00eda de la Bandera en Candelaria | CVI NOTICIAS","robots":{"index":"index","follow":"follow","max-snippet":"max-snippet:-1","max-image-preview":"max-image-preview:large","max-video-preview":"max-video-preview:-1"},"canonical":"https:\/\/cvinoticias.com\/v3\/el-gobernador-passalaqcua-encabezo-el-acto-central-en-candelaria\/","og_locale":"es_ES","og_type":"article","og_title":"El Gobernador Passalacqua encabez\u00f3 el Acto Central del D\u00eda de la Bandera en Candelaria | CVI NOTICIAS","og_description":"El gobernador Hugo Passalacqua encabez\u00f3 el acto central en conmemoraci\u00f3n del D\u00eda de la Bandera Nacional y del 204\u00b0 aniversario del paso a la inmortalidad del General Manuel Belgrano. Esta ma\u00f1ana, el gobernador Hugo Passalacqua junto el vicegobernador Lucas Romero Spinelli participaron en el acto central en conmemoraci\u00f3n del D\u00eda de la Bandera Nacional y [&hellip;]","og_url":"https:\/\/cvinoticias.com\/v3\/el-gobernador-passalaqcua-encabezo-el-acto-central-en-candelaria\/","og_site_name":"CVI NOTICIAS","article_publisher":"https:\/\/www.facebook.com\/cvinoticias","article_published_time":"2024-06-20T20:38:42+00:00","article_modified_time":"2024-06-20T20:45:46+00:00","og_image":[{"width":1516,"height":1007,"url":"https:\/\/cvinoticias.com\/wp-content\/uploads\/2024\/06\/IMG-20240620-WA0086.jpg","type":"image\/jpeg"}],"author":"f1000024","twitter_card":"summary_large_image","twitter_misc":{"Escrito por":"f1000024","Tiempo de lectura":"6 minutos"},"schema":{"@context":"https:\/\/schema.org","@graph":[{"@type":"Article","@id":"https:\/\/cvinoticias.com\/v3\/el-gobernador-passalaqcua-encabezo-el-acto-central-en-candelaria\/#article","isPartOf":{"@id":"https:\/\/cvinoticias.com\/v3\/el-gobernador-passalaqcua-encabezo-el-acto-central-en-candelaria\/"},"author":{"name":"f1000024","@id":"https:\/\/cvinoticias.com\/v3\/#\/schema\/person\/2db77e3c6bc03c538495d7b2b8be9b66"},"headline":"El Gobernador Passalacqua encabez\u00f3 el Acto Central del D\u00eda de la Bandera en Candelaria","datePublished":"2024-06-20T20:38:42+00:00","dateModified":"2024-06-20T20:45:46+00:00","mainEntityOfPage":{"@id":"https:\/\/cvinoticias.com\/v3\/el-gobernador-passalaqcua-encabezo-el-acto-central-en-candelaria\/"},"wordCount":1174,"commentCount":0,"publisher":{"@id":"https:\/\/cvinoticias.com\/v3\/#organization"},"image":{"@id":"https:\/\/cvinoticias.com\/v3\/el-gobernador-passalaqcua-encabezo-el-acto-central-en-candelaria\/#primaryimage"},"thumbnailUrl":"https:\/\/cvinoticias.com\/wp-content\/uploads\/2024\/06\/IMG-20240620-WA0086.jpg","articleSection":["Provinciales"],"inLanguage":"es","potentialAction":[{"@type":"CommentAction","name":"Comment","target":["https:\/\/cvinoticias.com\/v3\/el-gobernador-passalaqcua-encabezo-el-acto-central-en-candelaria\/#respond"]}]},{"@type":"WebPage","@id":"https:\/\/cvinoticias.com\/v3\/el-gobernador-passalaqcua-encabezo-el-acto-central-en-candelaria\/","url":"https:\/\/cvinoticias.com\/v3\/el-gobernador-passalaqcua-encabezo-el-acto-central-en-candelaria\/","name":"El Gobernador Passalacqua encabez\u00f3 el Acto Central del D\u00eda de la Bandera en Candelaria | CVI NOTICIAS","isPartOf":{"@id":"https:\/\/cvinoticias.com\/v3\/#website"},"primaryImageOfPage":{"@id":"https:\/\/cvinoticias.com\/v3\/el-gobernador-passalaqcua-encabezo-el-acto-central-en-candelaria\/#primaryimage"},"image":{"@id":"https:\/\/cvinoticias.com\/v3\/el-gobernador-passalaqcua-encabezo-el-acto-central-en-candelaria\/#primaryimage"},"thumbnailUrl":"https:\/\/cvinoticias.com\/wp-content\/uploads\/2024\/06\/IMG-20240620-WA0086.jpg","datePublished":"2024-06-20T20:38:42+00:00","dateModified":"2024-06-20T20:45:46+00:00","breadcrumb":{"@id":"https:\/\/cvinoticias.com\/v3\/el-gobernador-passalaqcua-encabezo-el-acto-central-en-candelaria\/#breadcrumb"},"inLanguage":"es","potentialAction":[{"@type":"ReadAction","target":["https:\/\/cvinoticias.com\/v3\/el-gobernador-passalaqcua-encabezo-el-acto-central-en-candelaria\/"]}]},{"@type":"ImageObject","inLanguage":"es","@id":"https:\/\/cvinoticias.com\/v3\/el-gobernador-passalaqcua-encabezo-el-acto-central-en-candelaria\/#primaryimage","url":"https:\/\/cvinoticias.com\/wp-content\/uploads\/2024\/06\/IMG-20240620-WA0086.jpg","contentUrl":"https:\/\/cvinoticias.com\/wp-content\/uploads\/2024\/06\/IMG-20240620-WA0086.jpg","width":1516,"height":1007},{"@type":"BreadcrumbList","@id":"https:\/\/cvinoticias.com\/v3\/el-gobernador-passalaqcua-encabezo-el-acto-central-en-candelaria\/#breadcrumb","itemListElement":[{"@type":"ListItem","position":1,"name":"Portada","item":"https:\/\/cvinoticias.com\/v3\/"},{"@type":"ListItem","position":2,"name":"El Gobernador Passalacqua encabez\u00f3 el Acto Central del D\u00eda de la Bandera en Candelaria"}]},{"@type":"WebSite","@id":"https:\/\/cvinoticias.com\/v3\/#website","url":"https:\/\/cvinoticias.com\/v3\/","name":"CVI NOTICIAS","description":"","publisher":{"@id":"https:\/\/cvinoticias.com\/v3\/#organization"},"alternateName":"CVI","potentialAction":[{"@type":"SearchAction","target":{"@type":"EntryPoint","urlTemplate":"https:\/\/cvinoticias.com\/v3\/?s={search_term_string}"},"query-input":{"@type":"PropertyValueSpecification","valueRequired":true,"valueName":"search_term_string"}}],"inLanguage":"es"},{"@type":"Organization","@id":"https:\/\/cvinoticias.com\/v3\/#organization","name":"CVI NOTICIAS","url":"https:\/\/cvinoticias.com\/v3\/","logo":{"@type":"ImageObject","inLanguage":"es","@id":"https:\/\/cvinoticias.com\/v3\/#\/schema\/logo\/image\/","url":"https:\/\/cvinoticias.com\/wp-content\/uploads\/2023\/04\/cropped-cropped-cropped-cropped-cropped-3-1.png","contentUrl":"https:\/\/cvinoticias.com\/wp-content\/uploads\/2023\/04\/cropped-cropped-cropped-cropped-cropped-3-1.png","width":95,"height":122,"caption":"CVI NOTICIAS"},"image":{"@id":"https:\/\/cvinoticias.com\/v3\/#\/schema\/logo\/image\/"},"sameAs":["https:\/\/www.facebook.com\/cvinoticias","https:\/\/www.instagram.com\/cvinoticias\/","https:\/\/www.youtube.com\/@CVINOTICIAS"]},{"@type":"Person","@id":"https:\/\/cvinoticias.com\/v3\/#\/schema\/person\/2db77e3c6bc03c538495d7b2b8be9b66","name":"f1000024","image":{"@type":"ImageObject","inLanguage":"es","@id":"https:\/\/secure.gravatar.com\/avatar\/d4fe7459cfc51ff5129ce1a732bbef5928568b8092d412ef95611616376bbeed?s=96&d=mm&r=g","url":"https:\/\/secure.gravatar.com\/avatar\/d4fe7459cfc51ff5129ce1a732bbef5928568b8092d412ef95611616376bbeed?s=96&d=mm&r=g","contentUrl":"https:\/\/secure.gravatar.com\/avatar\/d4fe7459cfc51ff5129ce1a732bbef5928568b8092d412ef95611616376bbeed?s=96&d=mm&r=g","caption":"f1000024"},"url":"https:\/\/cvinoticias.com\/v3\/author\/f1000024\/"}]}},"_links":{"self":[{"href":"https:\/\/cvinoticias.com\/v3\/wp-json\/wp\/v2\/posts\/33791","targetHints":{"allow":["GET"]}}],"collection":[{"href":"https:\/\/cvinoticias.com\/v3\/wp-json\/wp\/v2\/posts"}],"about":[{"href":"https:\/\/cvinoticias.com\/v3\/wp-json\/wp\/v2\/types\/post"}],"author":[{"embeddable":true,"href":"https:\/\/cvinoticias.com\/v3\/wp-json\/wp\/v2\/users\/2"}],"replies":[{"embeddable":true,"href":"https:\/\/cvinoticias.com\/v3\/wp-json\/wp\/v2\/comments?post=33791"}],"version-history":[{"count":4,"href":"https:\/\/cvinoticias.com\/v3\/wp-json\/wp\/v2\/posts\/33791\/revisions"}],"predecessor-version":[{"id":33799,"href":"https:\/\/cvinoticias.com\/v3\/wp-json\/wp\/v2\/posts\/33791\/revisions\/33799"}],"wp:featuredmedia":[{"embeddable":true,"href":"https:\/\/cvinoticias.com\/v3\/wp-json\/wp\/v2\/media\/33792"}],"wp:attachment":[{"href":"https:\/\/cvinoticias.com\/v3\/wp-json\/wp\/v2\/media?parent=33791"}],"wp:term":[{"taxonomy":"category","embeddable":true,"href":"https:\/\/cvinoticias.com\/v3\/wp-json\/wp\/v2\/categories?post=33791"},{"taxonomy":"post_tag","embeddable":true,"href":"https:\/\/cvinoticias.com\/v3\/wp-json\/wp\/v2\/tags?post=33791"}],"curies":[{"name":"wp","href":"https:\/\/api.w.org\/{rel}","templated":true}]}}