{"id":33745,"date":"2024-06-17T10:43:21","date_gmt":"2024-06-17T13:43:21","guid":{"rendered":"https:\/\/cvinoticias.com\/v3\/?p=33745"},"modified":"2024-06-17T10:43:21","modified_gmt":"2024-06-17T13:43:21","slug":"el-proximo-5-de-julio-se-llevara-adelante-la-reunion-de-comision-de-turismo-del-senado-y-de-diputados-en-pto-iguazu","status":"publish","type":"post","link":"https:\/\/cvinoticias.com\/v3\/el-proximo-5-de-julio-se-llevara-adelante-la-reunion-de-comision-de-turismo-del-senado-y-de-diputados-en-pto-iguazu\/","title":{"rendered":"El pr\u00f3ximo 5 de julio se llevar\u00e1 adelante la reuni\u00f3n de Comisi\u00f3n de Turismo del Senado y de Diputados  en Pto. Iguaz\u00fa"},"content":{"rendered":"\n<p><strong>El Senador Nacional Mart\u00edn Goerling, junto con varios Diputados, est\u00e1 impulsando la iniciativa para que la Comisi\u00f3n de Turismo del Senado y de la C\u00e1mara de Diputados sesione en la localidad de Puerto Iguaz\u00fa el pr\u00f3ximo 5 de julio<\/strong><\/p>\n\n\n\n<p>El Senador misionero propuso que \u00ab<strong><em>la reuni\u00f3n de la Comisi\u00f3n de Turismo se lleve a cabo en Iguaz\u00fa, un punto tur\u00edstico por excelencia de Argentina. La idea es invitar a todos los actores del sector tur\u00edstico para poder tener un ida y vuelta. Adem\u00e1s, se pretende diagramar una agenda de trabajo y ver en qu\u00e9 podemos aggiornar la Ley Nacional de Turismo que existe, qu\u00e9 otras cosas se est\u00e1n necesitando y escuchar\u00bb.<\/em><\/strong><\/p>\n\n\n\n<p>\u00abEstar\u00e1n presentes Senadores de distintos puntos de la Argentina y es muy importante que podamos tener un ida y vuelta con todo el sector para mejorar\u00bb, aclar\u00f3 Goerling.<\/p>\n\n\n\n<p>El 24 y 25 de junio se presentar\u00e1 en Puerto Iguaz\u00fa y llevar\u00e1 a cabo una primera reuni\u00f3n, invitando a todas las c\u00e1maras y asociaciones del sector p\u00fablico como privado.<\/p>\n\n\n\n<p>El objetivo de este encuentro previo es preparar la reuni\u00f3n de la Comisi\u00f3n de Turismo, as\u00ed como armar un temario para que la misma sea productiva y est\u00e9n presentes todos los que puedan aportar sus inquietudes al respecto de como seguir apostando a que Misiones siga siendo auge en el rubro <\/p>\n","protected":false},"excerpt":{"rendered":"<p>El Senador Nacional Mart\u00edn Goerling, junto con varios Diputados, est\u00e1 impulsando la iniciativa para que la Comisi\u00f3n de Turismo del Senado y de la C\u00e1mara de Diputados sesione en la localidad de Puerto Iguaz\u00fa el pr\u00f3ximo 5 de julio El Senador misionero propuso que \u00abla reuni\u00f3n de la Comisi\u00f3n de Turismo se lleve a cabo [&hellip;]<\/p>\n","protected":false},"author":2,"featured_media":33746,"comment_status":"open","ping_status":"open","sticky":false,"template":"","format":"standard","meta":{"footnotes":""},"categories":[35],"tags":[],"class_list":["post-33745","post","type-post","status-publish","format-standard","has-post-thumbnail","hentry","category-informacion-general"],"yoast_head":"<!-- This site is optimized with the Yoast SEO plugin v27.5 - https:\/\/yoast.com\/product\/yoast-seo-wordpress\/ -->\n<title>El pr\u00f3ximo 5 de julio se llevar\u00e1 adelante la reuni\u00f3n de Comisi\u00f3n de Turismo del Senado y de Diputados en Pto. Iguaz\u00fa | CVI NOTICIAS<\/title>\n<meta name=\"robots\" content=\"index, follow, max-snippet:-1, max-image-preview:large, max-video-preview:-1\" \/>\n<link rel=\"canonical\" href=\"https:\/\/cvinoticias.com\/v3\/el-proximo-5-de-julio-se-llevara-adelante-la-reunion-de-comision-de-turismo-del-senado-y-de-diputados-en-pto-iguazu\/\" \/>\n<meta property=\"og:locale\" content=\"es_ES\" \/>\n<meta property=\"og:type\" content=\"article\" \/>\n<meta property=\"og:title\" content=\"El pr\u00f3ximo 5 de julio se llevar\u00e1 adelante la reuni\u00f3n de Comisi\u00f3n de Turismo del Senado y de Diputados en Pto. Iguaz\u00fa | CVI NOTICIAS\" \/>\n<meta property=\"og:description\" content=\"El Senador Nacional Mart\u00edn Goerling, junto con varios Diputados, est\u00e1 impulsando la iniciativa para que la Comisi\u00f3n de Turismo del Senado y de la C\u00e1mara de Diputados sesione en la localidad de Puerto Iguaz\u00fa el pr\u00f3ximo 5 de julio El Senador misionero propuso que \u00abla reuni\u00f3n de la Comisi\u00f3n de Turismo se lleve a cabo [&hellip;]\" \/>\n<meta property=\"og:url\" content=\"https:\/\/cvinoticias.com\/v3\/el-proximo-5-de-julio-se-llevara-adelante-la-reunion-de-comision-de-turismo-del-senado-y-de-diputados-en-pto-iguazu\/\" \/>\n<meta property=\"og:site_name\" content=\"CVI NOTICIAS\" \/>\n<meta property=\"article:publisher\" content=\"https:\/\/www.facebook.com\/cvinoticias\" \/>\n<meta property=\"article:published_time\" content=\"2024-06-17T13:43:21+00:00\" \/>\n<meta property=\"og:image\" content=\"https:\/\/cvinoticias.com\/wp-content\/uploads\/2024\/06\/Senado_de_la_Nacion_DSCF1721.jpg\" \/>\n\t<meta property=\"og:image:width\" content=\"2272\" \/>\n\t<meta property=\"og:image:height\" content=\"1704\" \/>\n\t<meta property=\"og:image:type\" content=\"image\/jpeg\" \/>\n<meta name=\"author\" content=\"f1000024\" \/>\n<meta name=\"twitter:card\" content=\"summary_large_image\" \/>\n<meta name=\"twitter:label1\" content=\"Escrito por\" \/>\n\t<meta name=\"twitter:data1\" content=\"f1000024\" \/>\n\t<meta name=\"twitter:label2\" content=\"Tiempo de lectura\" \/>\n\t<meta name=\"twitter:data2\" content=\"2 minutos\" \/>\n<script type=\"application\/ld+json\" class=\"yoast-schema-graph\">{\"@context\":\"https:\\\/\\\/schema.org\",\"@graph\":[{\"@type\":\"Article\",\"@id\":\"https:\\\/\\\/cvinoticias.com\\\/v3\\\/el-proximo-5-de-julio-se-llevara-adelante-la-reunion-de-comision-de-turismo-del-senado-y-de-diputados-en-pto-iguazu\\\/#article\",\"isPartOf\":{\"@id\":\"https:\\\/\\\/cvinoticias.com\\\/v3\\\/el-proximo-5-de-julio-se-llevara-adelante-la-reunion-de-comision-de-turismo-del-senado-y-de-diputados-en-pto-iguazu\\\/\"},\"author\":{\"name\":\"f1000024\",\"@id\":\"https:\\\/\\\/cvinoticias.com\\\/v3\\\/#\\\/schema\\\/person\\\/2db77e3c6bc03c538495d7b2b8be9b66\"},\"headline\":\"El pr\u00f3ximo 5 de julio se llevar\u00e1 adelante la reuni\u00f3n de Comisi\u00f3n de Turismo del Senado y de Diputados en Pto. Iguaz\u00fa\",\"datePublished\":\"2024-06-17T13:43:21+00:00\",\"mainEntityOfPage\":{\"@id\":\"https:\\\/\\\/cvinoticias.com\\\/v3\\\/el-proximo-5-de-julio-se-llevara-adelante-la-reunion-de-comision-de-turismo-del-senado-y-de-diputados-en-pto-iguazu\\\/\"},\"wordCount\":258,\"commentCount\":0,\"publisher\":{\"@id\":\"https:\\\/\\\/cvinoticias.com\\\/v3\\\/#organization\"},\"image\":{\"@id\":\"https:\\\/\\\/cvinoticias.com\\\/v3\\\/el-proximo-5-de-julio-se-llevara-adelante-la-reunion-de-comision-de-turismo-del-senado-y-de-diputados-en-pto-iguazu\\\/#primaryimage\"},\"thumbnailUrl\":\"https:\\\/\\\/cvinoticias.com\\\/wp-content\\\/uploads\\\/2024\\\/06\\\/Senado_de_la_Nacion_DSCF1721.jpg\",\"articleSection\":[\"Informaci\u00f3n General\"],\"inLanguage\":\"es\",\"potentialAction\":[{\"@type\":\"CommentAction\",\"name\":\"Comment\",\"target\":[\"https:\\\/\\\/cvinoticias.com\\\/v3\\\/el-proximo-5-de-julio-se-llevara-adelante-la-reunion-de-comision-de-turismo-del-senado-y-de-diputados-en-pto-iguazu\\\/#respond\"]}]},{\"@type\":\"WebPage\",\"@id\":\"https:\\\/\\\/cvinoticias.com\\\/v3\\\/el-proximo-5-de-julio-se-llevara-adelante-la-reunion-de-comision-de-turismo-del-senado-y-de-diputados-en-pto-iguazu\\\/\",\"url\":\"https:\\\/\\\/cvinoticias.com\\\/v3\\\/el-proximo-5-de-julio-se-llevara-adelante-la-reunion-de-comision-de-turismo-del-senado-y-de-diputados-en-pto-iguazu\\\/\",\"name\":\"El pr\u00f3ximo 5 de julio se llevar\u00e1 adelante la reuni\u00f3n de Comisi\u00f3n de Turismo del Senado y de Diputados en Pto. Iguaz\u00fa | CVI NOTICIAS\",\"isPartOf\":{\"@id\":\"https:\\\/\\\/cvinoticias.com\\\/v3\\\/#website\"},\"primaryImageOfPage\":{\"@id\":\"https:\\\/\\\/cvinoticias.com\\\/v3\\\/el-proximo-5-de-julio-se-llevara-adelante-la-reunion-de-comision-de-turismo-del-senado-y-de-diputados-en-pto-iguazu\\\/#primaryimage\"},\"image\":{\"@id\":\"https:\\\/\\\/cvinoticias.com\\\/v3\\\/el-proximo-5-de-julio-se-llevara-adelante-la-reunion-de-comision-de-turismo-del-senado-y-de-diputados-en-pto-iguazu\\\/#primaryimage\"},\"thumbnailUrl\":\"https:\\\/\\\/cvinoticias.com\\\/wp-content\\\/uploads\\\/2024\\\/06\\\/Senado_de_la_Nacion_DSCF1721.jpg\",\"datePublished\":\"2024-06-17T13:43:21+00:00\",\"breadcrumb\":{\"@id\":\"https:\\\/\\\/cvinoticias.com\\\/v3\\\/el-proximo-5-de-julio-se-llevara-adelante-la-reunion-de-comision-de-turismo-del-senado-y-de-diputados-en-pto-iguazu\\\/#breadcrumb\"},\"inLanguage\":\"es\",\"potentialAction\":[{\"@type\":\"ReadAction\",\"target\":[\"https:\\\/\\\/cvinoticias.com\\\/v3\\\/el-proximo-5-de-julio-se-llevara-adelante-la-reunion-de-comision-de-turismo-del-senado-y-de-diputados-en-pto-iguazu\\\/\"]}]},{\"@type\":\"ImageObject\",\"inLanguage\":\"es\",\"@id\":\"https:\\\/\\\/cvinoticias.com\\\/v3\\\/el-proximo-5-de-julio-se-llevara-adelante-la-reunion-de-comision-de-turismo-del-senado-y-de-diputados-en-pto-iguazu\\\/#primaryimage\",\"url\":\"https:\\\/\\\/cvinoticias.com\\\/wp-content\\\/uploads\\\/2024\\\/06\\\/Senado_de_la_Nacion_DSCF1721.jpg\",\"contentUrl\":\"https:\\\/\\\/cvinoticias.com\\\/wp-content\\\/uploads\\\/2024\\\/06\\\/Senado_de_la_Nacion_DSCF1721.jpg\",\"width\":2272,\"height\":1704},{\"@type\":\"BreadcrumbList\",\"@id\":\"https:\\\/\\\/cvinoticias.com\\\/v3\\\/el-proximo-5-de-julio-se-llevara-adelante-la-reunion-de-comision-de-turismo-del-senado-y-de-diputados-en-pto-iguazu\\\/#breadcrumb\",\"itemListElement\":[{\"@type\":\"ListItem\",\"position\":1,\"name\":\"Portada\",\"item\":\"https:\\\/\\\/cvinoticias.com\\\/v3\\\/\"},{\"@type\":\"ListItem\",\"position\":2,\"name\":\"El pr\u00f3ximo 5 de julio se llevar\u00e1 adelante la reuni\u00f3n de Comisi\u00f3n de Turismo del Senado y de Diputados en Pto. Iguaz\u00fa\"}]},{\"@type\":\"WebSite\",\"@id\":\"https:\\\/\\\/cvinoticias.com\\\/v3\\\/#website\",\"url\":\"https:\\\/\\\/cvinoticias.com\\\/v3\\\/\",\"name\":\"CVI NOTICIAS\",\"description\":\"\",\"publisher\":{\"@id\":\"https:\\\/\\\/cvinoticias.com\\\/v3\\\/#organization\"},\"alternateName\":\"CVI\",\"potentialAction\":[{\"@type\":\"SearchAction\",\"target\":{\"@type\":\"EntryPoint\",\"urlTemplate\":\"https:\\\/\\\/cvinoticias.com\\\/v3\\\/?s={search_term_string}\"},\"query-input\":{\"@type\":\"PropertyValueSpecification\",\"valueRequired\":true,\"valueName\":\"search_term_string\"}}],\"inLanguage\":\"es\"},{\"@type\":\"Organization\",\"@id\":\"https:\\\/\\\/cvinoticias.com\\\/v3\\\/#organization\",\"name\":\"CVI NOTICIAS\",\"url\":\"https:\\\/\\\/cvinoticias.com\\\/v3\\\/\",\"logo\":{\"@type\":\"ImageObject\",\"inLanguage\":\"es\",\"@id\":\"https:\\\/\\\/cvinoticias.com\\\/v3\\\/#\\\/schema\\\/logo\\\/image\\\/\",\"url\":\"https:\\\/\\\/cvinoticias.com\\\/wp-content\\\/uploads\\\/2023\\\/04\\\/cropped-cropped-cropped-cropped-cropped-3-1.png\",\"contentUrl\":\"https:\\\/\\\/cvinoticias.com\\\/wp-content\\\/uploads\\\/2023\\\/04\\\/cropped-cropped-cropped-cropped-cropped-3-1.png\",\"width\":95,\"height\":122,\"caption\":\"CVI NOTICIAS\"},\"image\":{\"@id\":\"https:\\\/\\\/cvinoticias.com\\\/v3\\\/#\\\/schema\\\/logo\\\/image\\\/\"},\"sameAs\":[\"https:\\\/\\\/www.facebook.com\\\/cvinoticias\",\"https:\\\/\\\/www.instagram.com\\\/cvinoticias\\\/\",\"https:\\\/\\\/www.youtube.com\\\/@CVINOTICIAS\"]},{\"@type\":\"Person\",\"@id\":\"https:\\\/\\\/cvinoticias.com\\\/v3\\\/#\\\/schema\\\/person\\\/2db77e3c6bc03c538495d7b2b8be9b66\",\"name\":\"f1000024\",\"image\":{\"@type\":\"ImageObject\",\"inLanguage\":\"es\",\"@id\":\"https:\\\/\\\/secure.gravatar.com\\\/avatar\\\/d4fe7459cfc51ff5129ce1a732bbef5928568b8092d412ef95611616376bbeed?s=96&d=mm&r=g\",\"url\":\"https:\\\/\\\/secure.gravatar.com\\\/avatar\\\/d4fe7459cfc51ff5129ce1a732bbef5928568b8092d412ef95611616376bbeed?s=96&d=mm&r=g\",\"contentUrl\":\"https:\\\/\\\/secure.gravatar.com\\\/avatar\\\/d4fe7459cfc51ff5129ce1a732bbef5928568b8092d412ef95611616376bbeed?s=96&d=mm&r=g\",\"caption\":\"f1000024\"},\"url\":\"https:\\\/\\\/cvinoticias.com\\\/v3\\\/author\\\/f1000024\\\/\"}]}<\/script>\n<!-- \/ Yoast SEO plugin. -->","yoast_head_json":{"title":"El pr\u00f3ximo 5 de julio se llevar\u00e1 adelante la reuni\u00f3n de Comisi\u00f3n de Turismo del Senado y de Diputados en Pto. Iguaz\u00fa | CVI NOTICIAS","robots":{"index":"index","follow":"follow","max-snippet":"max-snippet:-1","max-image-preview":"max-image-preview:large","max-video-preview":"max-video-preview:-1"},"canonical":"https:\/\/cvinoticias.com\/v3\/el-proximo-5-de-julio-se-llevara-adelante-la-reunion-de-comision-de-turismo-del-senado-y-de-diputados-en-pto-iguazu\/","og_locale":"es_ES","og_type":"article","og_title":"El pr\u00f3ximo 5 de julio se llevar\u00e1 adelante la reuni\u00f3n de Comisi\u00f3n de Turismo del Senado y de Diputados en Pto. Iguaz\u00fa | CVI NOTICIAS","og_description":"El Senador Nacional Mart\u00edn Goerling, junto con varios Diputados, est\u00e1 impulsando la iniciativa para que la Comisi\u00f3n de Turismo del Senado y de la C\u00e1mara de Diputados sesione en la localidad de Puerto Iguaz\u00fa el pr\u00f3ximo 5 de julio El Senador misionero propuso que \u00abla reuni\u00f3n de la Comisi\u00f3n de Turismo se lleve a cabo [&hellip;]","og_url":"https:\/\/cvinoticias.com\/v3\/el-proximo-5-de-julio-se-llevara-adelante-la-reunion-de-comision-de-turismo-del-senado-y-de-diputados-en-pto-iguazu\/","og_site_name":"CVI NOTICIAS","article_publisher":"https:\/\/www.facebook.com\/cvinoticias","article_published_time":"2024-06-17T13:43:21+00:00","og_image":[{"width":2272,"height":1704,"url":"https:\/\/cvinoticias.com\/wp-content\/uploads\/2024\/06\/Senado_de_la_Nacion_DSCF1721.jpg","type":"image\/jpeg"}],"author":"f1000024","twitter_card":"summary_large_image","twitter_misc":{"Escrito por":"f1000024","Tiempo de lectura":"2 minutos"},"schema":{"@context":"https:\/\/schema.org","@graph":[{"@type":"Article","@id":"https:\/\/cvinoticias.com\/v3\/el-proximo-5-de-julio-se-llevara-adelante-la-reunion-de-comision-de-turismo-del-senado-y-de-diputados-en-pto-iguazu\/#article","isPartOf":{"@id":"https:\/\/cvinoticias.com\/v3\/el-proximo-5-de-julio-se-llevara-adelante-la-reunion-de-comision-de-turismo-del-senado-y-de-diputados-en-pto-iguazu\/"},"author":{"name":"f1000024","@id":"https:\/\/cvinoticias.com\/v3\/#\/schema\/person\/2db77e3c6bc03c538495d7b2b8be9b66"},"headline":"El pr\u00f3ximo 5 de julio se llevar\u00e1 adelante la reuni\u00f3n de Comisi\u00f3n de Turismo del Senado y de Diputados en Pto. Iguaz\u00fa","datePublished":"2024-06-17T13:43:21+00:00","mainEntityOfPage":{"@id":"https:\/\/cvinoticias.com\/v3\/el-proximo-5-de-julio-se-llevara-adelante-la-reunion-de-comision-de-turismo-del-senado-y-de-diputados-en-pto-iguazu\/"},"wordCount":258,"commentCount":0,"publisher":{"@id":"https:\/\/cvinoticias.com\/v3\/#organization"},"image":{"@id":"https:\/\/cvinoticias.com\/v3\/el-proximo-5-de-julio-se-llevara-adelante-la-reunion-de-comision-de-turismo-del-senado-y-de-diputados-en-pto-iguazu\/#primaryimage"},"thumbnailUrl":"https:\/\/cvinoticias.com\/wp-content\/uploads\/2024\/06\/Senado_de_la_Nacion_DSCF1721.jpg","articleSection":["Informaci\u00f3n General"],"inLanguage":"es","potentialAction":[{"@type":"CommentAction","name":"Comment","target":["https:\/\/cvinoticias.com\/v3\/el-proximo-5-de-julio-se-llevara-adelante-la-reunion-de-comision-de-turismo-del-senado-y-de-diputados-en-pto-iguazu\/#respond"]}]},{"@type":"WebPage","@id":"https:\/\/cvinoticias.com\/v3\/el-proximo-5-de-julio-se-llevara-adelante-la-reunion-de-comision-de-turismo-del-senado-y-de-diputados-en-pto-iguazu\/","url":"https:\/\/cvinoticias.com\/v3\/el-proximo-5-de-julio-se-llevara-adelante-la-reunion-de-comision-de-turismo-del-senado-y-de-diputados-en-pto-iguazu\/","name":"El pr\u00f3ximo 5 de julio se llevar\u00e1 adelante la reuni\u00f3n de Comisi\u00f3n de Turismo del Senado y de Diputados en Pto. Iguaz\u00fa | CVI NOTICIAS","isPartOf":{"@id":"https:\/\/cvinoticias.com\/v3\/#website"},"primaryImageOfPage":{"@id":"https:\/\/cvinoticias.com\/v3\/el-proximo-5-de-julio-se-llevara-adelante-la-reunion-de-comision-de-turismo-del-senado-y-de-diputados-en-pto-iguazu\/#primaryimage"},"image":{"@id":"https:\/\/cvinoticias.com\/v3\/el-proximo-5-de-julio-se-llevara-adelante-la-reunion-de-comision-de-turismo-del-senado-y-de-diputados-en-pto-iguazu\/#primaryimage"},"thumbnailUrl":"https:\/\/cvinoticias.com\/wp-content\/uploads\/2024\/06\/Senado_de_la_Nacion_DSCF1721.jpg","datePublished":"2024-06-17T13:43:21+00:00","breadcrumb":{"@id":"https:\/\/cvinoticias.com\/v3\/el-proximo-5-de-julio-se-llevara-adelante-la-reunion-de-comision-de-turismo-del-senado-y-de-diputados-en-pto-iguazu\/#breadcrumb"},"inLanguage":"es","potentialAction":[{"@type":"ReadAction","target":["https:\/\/cvinoticias.com\/v3\/el-proximo-5-de-julio-se-llevara-adelante-la-reunion-de-comision-de-turismo-del-senado-y-de-diputados-en-pto-iguazu\/"]}]},{"@type":"ImageObject","inLanguage":"es","@id":"https:\/\/cvinoticias.com\/v3\/el-proximo-5-de-julio-se-llevara-adelante-la-reunion-de-comision-de-turismo-del-senado-y-de-diputados-en-pto-iguazu\/#primaryimage","url":"https:\/\/cvinoticias.com\/wp-content\/uploads\/2024\/06\/Senado_de_la_Nacion_DSCF1721.jpg","contentUrl":"https:\/\/cvinoticias.com\/wp-content\/uploads\/2024\/06\/Senado_de_la_Nacion_DSCF1721.jpg","width":2272,"height":1704},{"@type":"BreadcrumbList","@id":"https:\/\/cvinoticias.com\/v3\/el-proximo-5-de-julio-se-llevara-adelante-la-reunion-de-comision-de-turismo-del-senado-y-de-diputados-en-pto-iguazu\/#breadcrumb","itemListElement":[{"@type":"ListItem","position":1,"name":"Portada","item":"https:\/\/cvinoticias.com\/v3\/"},{"@type":"ListItem","position":2,"name":"El pr\u00f3ximo 5 de julio se llevar\u00e1 adelante la reuni\u00f3n de Comisi\u00f3n de Turismo del Senado y de Diputados en Pto. Iguaz\u00fa"}]},{"@type":"WebSite","@id":"https:\/\/cvinoticias.com\/v3\/#website","url":"https:\/\/cvinoticias.com\/v3\/","name":"CVI NOTICIAS","description":"","publisher":{"@id":"https:\/\/cvinoticias.com\/v3\/#organization"},"alternateName":"CVI","potentialAction":[{"@type":"SearchAction","target":{"@type":"EntryPoint","urlTemplate":"https:\/\/cvinoticias.com\/v3\/?s={search_term_string}"},"query-input":{"@type":"PropertyValueSpecification","valueRequired":true,"valueName":"search_term_string"}}],"inLanguage":"es"},{"@type":"Organization","@id":"https:\/\/cvinoticias.com\/v3\/#organization","name":"CVI NOTICIAS","url":"https:\/\/cvinoticias.com\/v3\/","logo":{"@type":"ImageObject","inLanguage":"es","@id":"https:\/\/cvinoticias.com\/v3\/#\/schema\/logo\/image\/","url":"https:\/\/cvinoticias.com\/wp-content\/uploads\/2023\/04\/cropped-cropped-cropped-cropped-cropped-3-1.png","contentUrl":"https:\/\/cvinoticias.com\/wp-content\/uploads\/2023\/04\/cropped-cropped-cropped-cropped-cropped-3-1.png","width":95,"height":122,"caption":"CVI NOTICIAS"},"image":{"@id":"https:\/\/cvinoticias.com\/v3\/#\/schema\/logo\/image\/"},"sameAs":["https:\/\/www.facebook.com\/cvinoticias","https:\/\/www.instagram.com\/cvinoticias\/","https:\/\/www.youtube.com\/@CVINOTICIAS"]},{"@type":"Person","@id":"https:\/\/cvinoticias.com\/v3\/#\/schema\/person\/2db77e3c6bc03c538495d7b2b8be9b66","name":"f1000024","image":{"@type":"ImageObject","inLanguage":"es","@id":"https:\/\/secure.gravatar.com\/avatar\/d4fe7459cfc51ff5129ce1a732bbef5928568b8092d412ef95611616376bbeed?s=96&d=mm&r=g","url":"https:\/\/secure.gravatar.com\/avatar\/d4fe7459cfc51ff5129ce1a732bbef5928568b8092d412ef95611616376bbeed?s=96&d=mm&r=g","contentUrl":"https:\/\/secure.gravatar.com\/avatar\/d4fe7459cfc51ff5129ce1a732bbef5928568b8092d412ef95611616376bbeed?s=96&d=mm&r=g","caption":"f1000024"},"url":"https:\/\/cvinoticias.com\/v3\/author\/f1000024\/"}]}},"_links":{"self":[{"href":"https:\/\/cvinoticias.com\/v3\/wp-json\/wp\/v2\/posts\/33745","targetHints":{"allow":["GET"]}}],"collection":[{"href":"https:\/\/cvinoticias.com\/v3\/wp-json\/wp\/v2\/posts"}],"about":[{"href":"https:\/\/cvinoticias.com\/v3\/wp-json\/wp\/v2\/types\/post"}],"author":[{"embeddable":true,"href":"https:\/\/cvinoticias.com\/v3\/wp-json\/wp\/v2\/users\/2"}],"replies":[{"embeddable":true,"href":"https:\/\/cvinoticias.com\/v3\/wp-json\/wp\/v2\/comments?post=33745"}],"version-history":[{"count":1,"href":"https:\/\/cvinoticias.com\/v3\/wp-json\/wp\/v2\/posts\/33745\/revisions"}],"predecessor-version":[{"id":33747,"href":"https:\/\/cvinoticias.com\/v3\/wp-json\/wp\/v2\/posts\/33745\/revisions\/33747"}],"wp:featuredmedia":[{"embeddable":true,"href":"https:\/\/cvinoticias.com\/v3\/wp-json\/wp\/v2\/media\/33746"}],"wp:attachment":[{"href":"https:\/\/cvinoticias.com\/v3\/wp-json\/wp\/v2\/media?parent=33745"}],"wp:term":[{"taxonomy":"category","embeddable":true,"href":"https:\/\/cvinoticias.com\/v3\/wp-json\/wp\/v2\/categories?post=33745"},{"taxonomy":"post_tag","embeddable":true,"href":"https:\/\/cvinoticias.com\/v3\/wp-json\/wp\/v2\/tags?post=33745"}],"curies":[{"name":"wp","href":"https:\/\/api.w.org\/{rel}","templated":true}]}}