{"id":33686,"date":"2024-06-12T23:53:42","date_gmt":"2024-06-13T02:53:42","guid":{"rendered":"https:\/\/cvinoticias.com\/v3\/?p=33686"},"modified":"2024-06-12T23:55:17","modified_gmt":"2024-06-13T02:55:17","slug":"villarruel-volvio-a-desempatar-y-milei-consiguio-las-facultades-delegadas","status":"publish","type":"post","link":"https:\/\/cvinoticias.com\/v3\/villarruel-volvio-a-desempatar-y-milei-consiguio-las-facultades-delegadas\/","title":{"rendered":"Ley Bases: Aprobado, Villarruel volvi\u00f3 a desempatar y Milei consigui\u00f3 las facultades delegadas"},"content":{"rendered":"\n<p>Con el voto desempate de Victoria Villarruel, <strong>el Senado aprob\u00f3 la declaraci\u00f3n de la emergencia p\u00fablica en materia administrativa, econ\u00f3mica, financiera y energ\u00e9tica por el plazo de un a\u00f1o, lo que le da facultades al presidente Javier Milei.<\/strong><\/p>\n\n\n\n<p>De esta forma, se delegan en el Poder Ejecutivo nacional (PEN) las facultades vinculadas a materias de administraci\u00f3n y de emergencia, por el mismo plazo.<\/p>\n\n\n\n<p>El PEN deber\u00e1 informar mensualmente de forma detallada al Congreso sobre el ejercicio de estas facultades y los resultados obtenidos.<\/p>\n\n\n\n<p>Apenas minutos despu\u00e9s de la resoluci\u00f3n en el Senado, la Oficina del Presidente emiti\u00f3 un comunicado para celebrar la aprobaci\u00f3n en general de la Ley Bases. En el texto, el Poder Ejecutivo destac\u00f3 <strong><em>\u201cla labor patri\u00f3tica de los se\u00f1ores senadores de la Naci\u00f3n que aportaron su voto positivo\u201d.<\/em><\/strong><\/p>\n\n\n\n<figure class=\"wp-block-gallery has-nested-images columns-default is-cropped wp-block-gallery-1 is-layout-flex wp-block-gallery-is-layout-flex\">\n<figure class=\"wp-block-image size-large\"><a href=\"https:\/\/cvinoticias.com\/wp-content\/uploads\/2024\/06\/bases-votacion-senadojpg.jpg\"><img decoding=\"async\" width=\"375\" height=\"211\" data-id=\"33687\" data-src=\"https:\/\/cvinoticias.com\/wp-content\/uploads\/2024\/06\/bases-votacion-senadojpg.jpg\" alt=\"\" class=\"wp-image-33687 lazyload\" data-srcset=\"https:\/\/cvinoticias.com\/wp-content\/uploads\/2024\/06\/bases-votacion-senadojpg.jpg 375w, https:\/\/cvinoticias.com\/wp-content\/uploads\/2024\/06\/bases-votacion-senadojpg-300x169.jpg 300w\" data-sizes=\"(max-width: 375px) 100vw, 375px\" src=\"data:image\/svg+xml;base64,PHN2ZyB3aWR0aD0iMSIgaGVpZ2h0PSIxIiB4bWxucz0iaHR0cDovL3d3dy53My5vcmcvMjAwMC9zdmciPjwvc3ZnPg==\" style=\"--smush-placeholder-width: 375px; --smush-placeholder-aspect-ratio: 375\/211;\" \/><\/a><\/figure>\n\n\n\n<figure class=\"wp-block-image size-large\"><a href=\"https:\/\/cvinoticias.com\/wp-content\/uploads\/2024\/06\/666a57268c65a_1280_853.jpg\"><img decoding=\"async\" width=\"1024\" height=\"682\" data-id=\"33688\" data-src=\"https:\/\/cvinoticias.com\/wp-content\/uploads\/2024\/06\/666a57268c65a_1280_853-1024x682.jpg\" alt=\"\" class=\"wp-image-33688 lazyload\" data-srcset=\"https:\/\/cvinoticias.com\/wp-content\/uploads\/2024\/06\/666a57268c65a_1280_853-1024x682.jpg 1024w, https:\/\/cvinoticias.com\/wp-content\/uploads\/2024\/06\/666a57268c65a_1280_853-300x200.jpg 300w, https:\/\/cvinoticias.com\/wp-content\/uploads\/2024\/06\/666a57268c65a_1280_853-768x512.jpg 768w, https:\/\/cvinoticias.com\/wp-content\/uploads\/2024\/06\/666a57268c65a_1280_853.jpg 1280w\" data-sizes=\"(max-width: 1024px) 100vw, 1024px\" src=\"data:image\/svg+xml;base64,PHN2ZyB3aWR0aD0iMSIgaGVpZ2h0PSIxIiB4bWxucz0iaHR0cDovL3d3dy53My5vcmcvMjAwMC9zdmciPjwvc3ZnPg==\" style=\"--smush-placeholder-width: 1024px; --smush-placeholder-aspect-ratio: 1024\/682;\" \/><\/a><\/figure>\n<\/figure>\n","protected":false},"excerpt":{"rendered":"<p>Con el voto desempate de Victoria Villarruel, el Senado aprob\u00f3 la declaraci\u00f3n de la emergencia p\u00fablica en materia administrativa, econ\u00f3mica, financiera y energ\u00e9tica por el plazo de un a\u00f1o, lo que le da facultades al presidente Javier Milei. De esta forma, se delegan en el Poder Ejecutivo nacional (PEN) las facultades vinculadas a materias de [&hellip;]<\/p>\n","protected":false},"author":2,"featured_media":33689,"comment_status":"open","ping_status":"open","sticky":false,"template":"","format":"standard","meta":{"footnotes":""},"categories":[39],"tags":[],"class_list":["post-33686","post","type-post","status-publish","format-standard","has-post-thumbnail","hentry","category-nacionales"],"yoast_head":"<!-- This site is optimized with the Yoast SEO plugin v27.5 - https:\/\/yoast.com\/product\/yoast-seo-wordpress\/ -->\n<title>Ley Bases: Aprobado, Villarruel volvi\u00f3 a desempatar y Milei consigui\u00f3 las facultades delegadas | CVI NOTICIAS<\/title>\n<meta name=\"robots\" content=\"index, follow, max-snippet:-1, max-image-preview:large, max-video-preview:-1\" \/>\n<link rel=\"canonical\" href=\"https:\/\/cvinoticias.com\/v3\/villarruel-volvio-a-desempatar-y-milei-consiguio-las-facultades-delegadas\/\" \/>\n<meta property=\"og:locale\" content=\"es_ES\" \/>\n<meta property=\"og:type\" content=\"article\" \/>\n<meta property=\"og:title\" content=\"Ley Bases: Aprobado, Villarruel volvi\u00f3 a desempatar y Milei consigui\u00f3 las facultades delegadas | CVI NOTICIAS\" \/>\n<meta property=\"og:description\" content=\"Con el voto desempate de Victoria Villarruel, el Senado aprob\u00f3 la declaraci\u00f3n de la emergencia p\u00fablica en materia administrativa, econ\u00f3mica, financiera y energ\u00e9tica por el plazo de un a\u00f1o, lo que le da facultades al presidente Javier Milei. De esta forma, se delegan en el Poder Ejecutivo nacional (PEN) las facultades vinculadas a materias de [&hellip;]\" \/>\n<meta property=\"og:url\" content=\"https:\/\/cvinoticias.com\/v3\/villarruel-volvio-a-desempatar-y-milei-consiguio-las-facultades-delegadas\/\" \/>\n<meta property=\"og:site_name\" content=\"CVI NOTICIAS\" \/>\n<meta property=\"article:publisher\" content=\"https:\/\/www.facebook.com\/cvinoticias\" \/>\n<meta property=\"article:published_time\" content=\"2024-06-13T02:53:42+00:00\" \/>\n<meta property=\"article:modified_time\" content=\"2024-06-13T02:55:17+00:00\" \/>\n<meta property=\"og:image\" content=\"https:\/\/cvinoticias.com\/wp-content\/uploads\/2024\/06\/666a55f1200f9_1280_853.jpg\" \/>\n\t<meta property=\"og:image:width\" content=\"1280\" \/>\n\t<meta property=\"og:image:height\" content=\"853\" \/>\n\t<meta property=\"og:image:type\" content=\"image\/jpeg\" \/>\n<meta name=\"author\" content=\"f1000024\" \/>\n<meta name=\"twitter:card\" content=\"summary_large_image\" \/>\n<meta name=\"twitter:label1\" content=\"Escrito por\" \/>\n\t<meta name=\"twitter:data1\" content=\"f1000024\" \/>\n\t<meta name=\"twitter:label2\" content=\"Tiempo de lectura\" \/>\n\t<meta name=\"twitter:data2\" content=\"2 minutos\" \/>\n<script type=\"application\/ld+json\" class=\"yoast-schema-graph\">{\"@context\":\"https:\\\/\\\/schema.org\",\"@graph\":[{\"@type\":\"Article\",\"@id\":\"https:\\\/\\\/cvinoticias.com\\\/v3\\\/villarruel-volvio-a-desempatar-y-milei-consiguio-las-facultades-delegadas\\\/#article\",\"isPartOf\":{\"@id\":\"https:\\\/\\\/cvinoticias.com\\\/v3\\\/villarruel-volvio-a-desempatar-y-milei-consiguio-las-facultades-delegadas\\\/\"},\"author\":{\"name\":\"f1000024\",\"@id\":\"https:\\\/\\\/cvinoticias.com\\\/v3\\\/#\\\/schema\\\/person\\\/2db77e3c6bc03c538495d7b2b8be9b66\"},\"headline\":\"Ley Bases: Aprobado, Villarruel volvi\u00f3 a desempatar y Milei consigui\u00f3 las facultades delegadas\",\"datePublished\":\"2024-06-13T02:53:42+00:00\",\"dateModified\":\"2024-06-13T02:55:17+00:00\",\"mainEntityOfPage\":{\"@id\":\"https:\\\/\\\/cvinoticias.com\\\/v3\\\/villarruel-volvio-a-desempatar-y-milei-consiguio-las-facultades-delegadas\\\/\"},\"wordCount\":156,\"commentCount\":0,\"publisher\":{\"@id\":\"https:\\\/\\\/cvinoticias.com\\\/v3\\\/#organization\"},\"image\":{\"@id\":\"https:\\\/\\\/cvinoticias.com\\\/v3\\\/villarruel-volvio-a-desempatar-y-milei-consiguio-las-facultades-delegadas\\\/#primaryimage\"},\"thumbnailUrl\":\"https:\\\/\\\/cvinoticias.com\\\/wp-content\\\/uploads\\\/2024\\\/06\\\/666a55f1200f9_1280_853.jpg\",\"articleSection\":[\"Nacionales\"],\"inLanguage\":\"es\",\"potentialAction\":[{\"@type\":\"CommentAction\",\"name\":\"Comment\",\"target\":[\"https:\\\/\\\/cvinoticias.com\\\/v3\\\/villarruel-volvio-a-desempatar-y-milei-consiguio-las-facultades-delegadas\\\/#respond\"]}]},{\"@type\":\"WebPage\",\"@id\":\"https:\\\/\\\/cvinoticias.com\\\/v3\\\/villarruel-volvio-a-desempatar-y-milei-consiguio-las-facultades-delegadas\\\/\",\"url\":\"https:\\\/\\\/cvinoticias.com\\\/v3\\\/villarruel-volvio-a-desempatar-y-milei-consiguio-las-facultades-delegadas\\\/\",\"name\":\"Ley Bases: Aprobado, Villarruel volvi\u00f3 a desempatar y Milei consigui\u00f3 las facultades delegadas | CVI NOTICIAS\",\"isPartOf\":{\"@id\":\"https:\\\/\\\/cvinoticias.com\\\/v3\\\/#website\"},\"primaryImageOfPage\":{\"@id\":\"https:\\\/\\\/cvinoticias.com\\\/v3\\\/villarruel-volvio-a-desempatar-y-milei-consiguio-las-facultades-delegadas\\\/#primaryimage\"},\"image\":{\"@id\":\"https:\\\/\\\/cvinoticias.com\\\/v3\\\/villarruel-volvio-a-desempatar-y-milei-consiguio-las-facultades-delegadas\\\/#primaryimage\"},\"thumbnailUrl\":\"https:\\\/\\\/cvinoticias.com\\\/wp-content\\\/uploads\\\/2024\\\/06\\\/666a55f1200f9_1280_853.jpg\",\"datePublished\":\"2024-06-13T02:53:42+00:00\",\"dateModified\":\"2024-06-13T02:55:17+00:00\",\"breadcrumb\":{\"@id\":\"https:\\\/\\\/cvinoticias.com\\\/v3\\\/villarruel-volvio-a-desempatar-y-milei-consiguio-las-facultades-delegadas\\\/#breadcrumb\"},\"inLanguage\":\"es\",\"potentialAction\":[{\"@type\":\"ReadAction\",\"target\":[\"https:\\\/\\\/cvinoticias.com\\\/v3\\\/villarruel-volvio-a-desempatar-y-milei-consiguio-las-facultades-delegadas\\\/\"]}]},{\"@type\":\"ImageObject\",\"inLanguage\":\"es\",\"@id\":\"https:\\\/\\\/cvinoticias.com\\\/v3\\\/villarruel-volvio-a-desempatar-y-milei-consiguio-las-facultades-delegadas\\\/#primaryimage\",\"url\":\"https:\\\/\\\/cvinoticias.com\\\/wp-content\\\/uploads\\\/2024\\\/06\\\/666a55f1200f9_1280_853.jpg\",\"contentUrl\":\"https:\\\/\\\/cvinoticias.com\\\/wp-content\\\/uploads\\\/2024\\\/06\\\/666a55f1200f9_1280_853.jpg\",\"width\":1280,\"height\":853},{\"@type\":\"BreadcrumbList\",\"@id\":\"https:\\\/\\\/cvinoticias.com\\\/v3\\\/villarruel-volvio-a-desempatar-y-milei-consiguio-las-facultades-delegadas\\\/#breadcrumb\",\"itemListElement\":[{\"@type\":\"ListItem\",\"position\":1,\"name\":\"Portada\",\"item\":\"https:\\\/\\\/cvinoticias.com\\\/v3\\\/\"},{\"@type\":\"ListItem\",\"position\":2,\"name\":\"Ley Bases: Aprobado, Villarruel volvi\u00f3 a desempatar y Milei consigui\u00f3 las facultades delegadas\"}]},{\"@type\":\"WebSite\",\"@id\":\"https:\\\/\\\/cvinoticias.com\\\/v3\\\/#website\",\"url\":\"https:\\\/\\\/cvinoticias.com\\\/v3\\\/\",\"name\":\"CVI NOTICIAS\",\"description\":\"\",\"publisher\":{\"@id\":\"https:\\\/\\\/cvinoticias.com\\\/v3\\\/#organization\"},\"alternateName\":\"CVI\",\"potentialAction\":[{\"@type\":\"SearchAction\",\"target\":{\"@type\":\"EntryPoint\",\"urlTemplate\":\"https:\\\/\\\/cvinoticias.com\\\/v3\\\/?s={search_term_string}\"},\"query-input\":{\"@type\":\"PropertyValueSpecification\",\"valueRequired\":true,\"valueName\":\"search_term_string\"}}],\"inLanguage\":\"es\"},{\"@type\":\"Organization\",\"@id\":\"https:\\\/\\\/cvinoticias.com\\\/v3\\\/#organization\",\"name\":\"CVI NOTICIAS\",\"url\":\"https:\\\/\\\/cvinoticias.com\\\/v3\\\/\",\"logo\":{\"@type\":\"ImageObject\",\"inLanguage\":\"es\",\"@id\":\"https:\\\/\\\/cvinoticias.com\\\/v3\\\/#\\\/schema\\\/logo\\\/image\\\/\",\"url\":\"https:\\\/\\\/cvinoticias.com\\\/wp-content\\\/uploads\\\/2023\\\/04\\\/cropped-cropped-cropped-cropped-cropped-3-1.png\",\"contentUrl\":\"https:\\\/\\\/cvinoticias.com\\\/wp-content\\\/uploads\\\/2023\\\/04\\\/cropped-cropped-cropped-cropped-cropped-3-1.png\",\"width\":95,\"height\":122,\"caption\":\"CVI NOTICIAS\"},\"image\":{\"@id\":\"https:\\\/\\\/cvinoticias.com\\\/v3\\\/#\\\/schema\\\/logo\\\/image\\\/\"},\"sameAs\":[\"https:\\\/\\\/www.facebook.com\\\/cvinoticias\",\"https:\\\/\\\/www.instagram.com\\\/cvinoticias\\\/\",\"https:\\\/\\\/www.youtube.com\\\/@CVINOTICIAS\"]},{\"@type\":\"Person\",\"@id\":\"https:\\\/\\\/cvinoticias.com\\\/v3\\\/#\\\/schema\\\/person\\\/2db77e3c6bc03c538495d7b2b8be9b66\",\"name\":\"f1000024\",\"image\":{\"@type\":\"ImageObject\",\"inLanguage\":\"es\",\"@id\":\"https:\\\/\\\/secure.gravatar.com\\\/avatar\\\/d4fe7459cfc51ff5129ce1a732bbef5928568b8092d412ef95611616376bbeed?s=96&d=mm&r=g\",\"url\":\"https:\\\/\\\/secure.gravatar.com\\\/avatar\\\/d4fe7459cfc51ff5129ce1a732bbef5928568b8092d412ef95611616376bbeed?s=96&d=mm&r=g\",\"contentUrl\":\"https:\\\/\\\/secure.gravatar.com\\\/avatar\\\/d4fe7459cfc51ff5129ce1a732bbef5928568b8092d412ef95611616376bbeed?s=96&d=mm&r=g\",\"caption\":\"f1000024\"},\"url\":\"https:\\\/\\\/cvinoticias.com\\\/v3\\\/author\\\/f1000024\\\/\"}]}<\/script>\n<!-- \/ Yoast SEO plugin. -->","yoast_head_json":{"title":"Ley Bases: Aprobado, Villarruel volvi\u00f3 a desempatar y Milei consigui\u00f3 las facultades delegadas | CVI NOTICIAS","robots":{"index":"index","follow":"follow","max-snippet":"max-snippet:-1","max-image-preview":"max-image-preview:large","max-video-preview":"max-video-preview:-1"},"canonical":"https:\/\/cvinoticias.com\/v3\/villarruel-volvio-a-desempatar-y-milei-consiguio-las-facultades-delegadas\/","og_locale":"es_ES","og_type":"article","og_title":"Ley Bases: Aprobado, Villarruel volvi\u00f3 a desempatar y Milei consigui\u00f3 las facultades delegadas | CVI NOTICIAS","og_description":"Con el voto desempate de Victoria Villarruel, el Senado aprob\u00f3 la declaraci\u00f3n de la emergencia p\u00fablica en materia administrativa, econ\u00f3mica, financiera y energ\u00e9tica por el plazo de un a\u00f1o, lo que le da facultades al presidente Javier Milei. De esta forma, se delegan en el Poder Ejecutivo nacional (PEN) las facultades vinculadas a materias de [&hellip;]","og_url":"https:\/\/cvinoticias.com\/v3\/villarruel-volvio-a-desempatar-y-milei-consiguio-las-facultades-delegadas\/","og_site_name":"CVI NOTICIAS","article_publisher":"https:\/\/www.facebook.com\/cvinoticias","article_published_time":"2024-06-13T02:53:42+00:00","article_modified_time":"2024-06-13T02:55:17+00:00","og_image":[{"width":1280,"height":853,"url":"https:\/\/cvinoticias.com\/wp-content\/uploads\/2024\/06\/666a55f1200f9_1280_853.jpg","type":"image\/jpeg"}],"author":"f1000024","twitter_card":"summary_large_image","twitter_misc":{"Escrito por":"f1000024","Tiempo de lectura":"2 minutos"},"schema":{"@context":"https:\/\/schema.org","@graph":[{"@type":"Article","@id":"https:\/\/cvinoticias.com\/v3\/villarruel-volvio-a-desempatar-y-milei-consiguio-las-facultades-delegadas\/#article","isPartOf":{"@id":"https:\/\/cvinoticias.com\/v3\/villarruel-volvio-a-desempatar-y-milei-consiguio-las-facultades-delegadas\/"},"author":{"name":"f1000024","@id":"https:\/\/cvinoticias.com\/v3\/#\/schema\/person\/2db77e3c6bc03c538495d7b2b8be9b66"},"headline":"Ley Bases: Aprobado, Villarruel volvi\u00f3 a desempatar y Milei consigui\u00f3 las facultades delegadas","datePublished":"2024-06-13T02:53:42+00:00","dateModified":"2024-06-13T02:55:17+00:00","mainEntityOfPage":{"@id":"https:\/\/cvinoticias.com\/v3\/villarruel-volvio-a-desempatar-y-milei-consiguio-las-facultades-delegadas\/"},"wordCount":156,"commentCount":0,"publisher":{"@id":"https:\/\/cvinoticias.com\/v3\/#organization"},"image":{"@id":"https:\/\/cvinoticias.com\/v3\/villarruel-volvio-a-desempatar-y-milei-consiguio-las-facultades-delegadas\/#primaryimage"},"thumbnailUrl":"https:\/\/cvinoticias.com\/wp-content\/uploads\/2024\/06\/666a55f1200f9_1280_853.jpg","articleSection":["Nacionales"],"inLanguage":"es","potentialAction":[{"@type":"CommentAction","name":"Comment","target":["https:\/\/cvinoticias.com\/v3\/villarruel-volvio-a-desempatar-y-milei-consiguio-las-facultades-delegadas\/#respond"]}]},{"@type":"WebPage","@id":"https:\/\/cvinoticias.com\/v3\/villarruel-volvio-a-desempatar-y-milei-consiguio-las-facultades-delegadas\/","url":"https:\/\/cvinoticias.com\/v3\/villarruel-volvio-a-desempatar-y-milei-consiguio-las-facultades-delegadas\/","name":"Ley Bases: Aprobado, Villarruel volvi\u00f3 a desempatar y Milei consigui\u00f3 las facultades delegadas | CVI NOTICIAS","isPartOf":{"@id":"https:\/\/cvinoticias.com\/v3\/#website"},"primaryImageOfPage":{"@id":"https:\/\/cvinoticias.com\/v3\/villarruel-volvio-a-desempatar-y-milei-consiguio-las-facultades-delegadas\/#primaryimage"},"image":{"@id":"https:\/\/cvinoticias.com\/v3\/villarruel-volvio-a-desempatar-y-milei-consiguio-las-facultades-delegadas\/#primaryimage"},"thumbnailUrl":"https:\/\/cvinoticias.com\/wp-content\/uploads\/2024\/06\/666a55f1200f9_1280_853.jpg","datePublished":"2024-06-13T02:53:42+00:00","dateModified":"2024-06-13T02:55:17+00:00","breadcrumb":{"@id":"https:\/\/cvinoticias.com\/v3\/villarruel-volvio-a-desempatar-y-milei-consiguio-las-facultades-delegadas\/#breadcrumb"},"inLanguage":"es","potentialAction":[{"@type":"ReadAction","target":["https:\/\/cvinoticias.com\/v3\/villarruel-volvio-a-desempatar-y-milei-consiguio-las-facultades-delegadas\/"]}]},{"@type":"ImageObject","inLanguage":"es","@id":"https:\/\/cvinoticias.com\/v3\/villarruel-volvio-a-desempatar-y-milei-consiguio-las-facultades-delegadas\/#primaryimage","url":"https:\/\/cvinoticias.com\/wp-content\/uploads\/2024\/06\/666a55f1200f9_1280_853.jpg","contentUrl":"https:\/\/cvinoticias.com\/wp-content\/uploads\/2024\/06\/666a55f1200f9_1280_853.jpg","width":1280,"height":853},{"@type":"BreadcrumbList","@id":"https:\/\/cvinoticias.com\/v3\/villarruel-volvio-a-desempatar-y-milei-consiguio-las-facultades-delegadas\/#breadcrumb","itemListElement":[{"@type":"ListItem","position":1,"name":"Portada","item":"https:\/\/cvinoticias.com\/v3\/"},{"@type":"ListItem","position":2,"name":"Ley Bases: Aprobado, Villarruel volvi\u00f3 a desempatar y Milei consigui\u00f3 las facultades delegadas"}]},{"@type":"WebSite","@id":"https:\/\/cvinoticias.com\/v3\/#website","url":"https:\/\/cvinoticias.com\/v3\/","name":"CVI NOTICIAS","description":"","publisher":{"@id":"https:\/\/cvinoticias.com\/v3\/#organization"},"alternateName":"CVI","potentialAction":[{"@type":"SearchAction","target":{"@type":"EntryPoint","urlTemplate":"https:\/\/cvinoticias.com\/v3\/?s={search_term_string}"},"query-input":{"@type":"PropertyValueSpecification","valueRequired":true,"valueName":"search_term_string"}}],"inLanguage":"es"},{"@type":"Organization","@id":"https:\/\/cvinoticias.com\/v3\/#organization","name":"CVI NOTICIAS","url":"https:\/\/cvinoticias.com\/v3\/","logo":{"@type":"ImageObject","inLanguage":"es","@id":"https:\/\/cvinoticias.com\/v3\/#\/schema\/logo\/image\/","url":"https:\/\/cvinoticias.com\/wp-content\/uploads\/2023\/04\/cropped-cropped-cropped-cropped-cropped-3-1.png","contentUrl":"https:\/\/cvinoticias.com\/wp-content\/uploads\/2023\/04\/cropped-cropped-cropped-cropped-cropped-3-1.png","width":95,"height":122,"caption":"CVI NOTICIAS"},"image":{"@id":"https:\/\/cvinoticias.com\/v3\/#\/schema\/logo\/image\/"},"sameAs":["https:\/\/www.facebook.com\/cvinoticias","https:\/\/www.instagram.com\/cvinoticias\/","https:\/\/www.youtube.com\/@CVINOTICIAS"]},{"@type":"Person","@id":"https:\/\/cvinoticias.com\/v3\/#\/schema\/person\/2db77e3c6bc03c538495d7b2b8be9b66","name":"f1000024","image":{"@type":"ImageObject","inLanguage":"es","@id":"https:\/\/secure.gravatar.com\/avatar\/d4fe7459cfc51ff5129ce1a732bbef5928568b8092d412ef95611616376bbeed?s=96&d=mm&r=g","url":"https:\/\/secure.gravatar.com\/avatar\/d4fe7459cfc51ff5129ce1a732bbef5928568b8092d412ef95611616376bbeed?s=96&d=mm&r=g","contentUrl":"https:\/\/secure.gravatar.com\/avatar\/d4fe7459cfc51ff5129ce1a732bbef5928568b8092d412ef95611616376bbeed?s=96&d=mm&r=g","caption":"f1000024"},"url":"https:\/\/cvinoticias.com\/v3\/author\/f1000024\/"}]}},"_links":{"self":[{"href":"https:\/\/cvinoticias.com\/v3\/wp-json\/wp\/v2\/posts\/33686","targetHints":{"allow":["GET"]}}],"collection":[{"href":"https:\/\/cvinoticias.com\/v3\/wp-json\/wp\/v2\/posts"}],"about":[{"href":"https:\/\/cvinoticias.com\/v3\/wp-json\/wp\/v2\/types\/post"}],"author":[{"embeddable":true,"href":"https:\/\/cvinoticias.com\/v3\/wp-json\/wp\/v2\/users\/2"}],"replies":[{"embeddable":true,"href":"https:\/\/cvinoticias.com\/v3\/wp-json\/wp\/v2\/comments?post=33686"}],"version-history":[{"count":3,"href":"https:\/\/cvinoticias.com\/v3\/wp-json\/wp\/v2\/posts\/33686\/revisions"}],"predecessor-version":[{"id":33692,"href":"https:\/\/cvinoticias.com\/v3\/wp-json\/wp\/v2\/posts\/33686\/revisions\/33692"}],"wp:featuredmedia":[{"embeddable":true,"href":"https:\/\/cvinoticias.com\/v3\/wp-json\/wp\/v2\/media\/33689"}],"wp:attachment":[{"href":"https:\/\/cvinoticias.com\/v3\/wp-json\/wp\/v2\/media?parent=33686"}],"wp:term":[{"taxonomy":"category","embeddable":true,"href":"https:\/\/cvinoticias.com\/v3\/wp-json\/wp\/v2\/categories?post=33686"},{"taxonomy":"post_tag","embeddable":true,"href":"https:\/\/cvinoticias.com\/v3\/wp-json\/wp\/v2\/tags?post=33686"}],"curies":[{"name":"wp","href":"https:\/\/api.w.org\/{rel}","templated":true}]}}