{"id":33656,"date":"2024-06-10T18:46:57","date_gmt":"2024-06-10T21:46:57","guid":{"rendered":"https:\/\/cvinoticias.com\/v3\/?p=33656"},"modified":"2024-06-10T18:47:05","modified_gmt":"2024-06-10T21:47:05","slug":"capacitacion-sobre-ecocisternas-en-puerto-iguazu","status":"publish","type":"post","link":"https:\/\/cvinoticias.com\/v3\/capacitacion-sobre-ecocisternas-en-puerto-iguazu\/","title":{"rendered":"Capacitaci\u00f3n sobre \u00abECOCISTERNAS\u00bb en Puerto Iguaz\u00fa"},"content":{"rendered":"\n<p>La productora  Iguazuence Andrea Capelari hizo extensiva la invitaci\u00f3n a toda la comunidad de Puerto Iguaz\u00fa a la capacitaci\u00f3n sobre \u00abECOCISTERNAS\u00bb  los d\u00edas 14 y 15 de Junio en la Chacra San Miguel 2000 Hect\u00e1reas<\/p>\n\n\n\n<p>La tem\u00e1tica es : trabajar con todo lo que sea la reutilizaci\u00f3n del agua de lluvia realizando las ecosisternas.y el objetivo de esta capacitaci\u00f3n es adquirir conocimientos de como se puede reutilizar el agua de lluvia en acciones cotidianas, entre otras cosas para invernaderos, para regar plantas, etc <\/p>\n\n\n\n<p>Para mas informaci\u00f3n sobre inscripci\u00f3n y participaci\u00f3n tel\u00e9fono de contacto es 3757-647036<\/p>\n\n\n\n<figure class=\"wp-block-gallery has-nested-images columns-default is-cropped wp-block-gallery-1 is-layout-flex wp-block-gallery-is-layout-flex\">\n<figure class=\"wp-block-image size-large\"><a href=\"https:\/\/cvinoticias.com\/wp-content\/uploads\/2024\/06\/Screenshot_20240610-123411.png\"><img decoding=\"async\" width=\"1024\" height=\"445\" data-id=\"33658\" data-src=\"https:\/\/cvinoticias.com\/wp-content\/uploads\/2024\/06\/Screenshot_20240610-123411-1024x445.png\" alt=\"\" class=\"wp-image-33658 lazyload\" data-srcset=\"https:\/\/cvinoticias.com\/wp-content\/uploads\/2024\/06\/Screenshot_20240610-123411-1024x445.png 1024w, https:\/\/cvinoticias.com\/wp-content\/uploads\/2024\/06\/Screenshot_20240610-123411-300x130.png 300w, https:\/\/cvinoticias.com\/wp-content\/uploads\/2024\/06\/Screenshot_20240610-123411-768x334.png 768w, https:\/\/cvinoticias.com\/wp-content\/uploads\/2024\/06\/Screenshot_20240610-123411.png 1080w\" data-sizes=\"(max-width: 1024px) 100vw, 1024px\" src=\"data:image\/svg+xml;base64,PHN2ZyB3aWR0aD0iMSIgaGVpZ2h0PSIxIiB4bWxucz0iaHR0cDovL3d3dy53My5vcmcvMjAwMC9zdmciPjwvc3ZnPg==\" style=\"--smush-placeholder-width: 1024px; --smush-placeholder-aspect-ratio: 1024\/445;\" \/><\/a><\/figure>\n\n\n\n<figure class=\"wp-block-image size-large\"><a href=\"https:\/\/cvinoticias.com\/wp-content\/uploads\/2024\/06\/Screenshot_20240610-123333.png\"><img decoding=\"async\" width=\"1024\" height=\"546\" data-id=\"33659\" data-src=\"https:\/\/cvinoticias.com\/wp-content\/uploads\/2024\/06\/Screenshot_20240610-123333-1024x546.png\" alt=\"\" class=\"wp-image-33659 lazyload\" data-srcset=\"https:\/\/cvinoticias.com\/wp-content\/uploads\/2024\/06\/Screenshot_20240610-123333-1024x546.png 1024w, https:\/\/cvinoticias.com\/wp-content\/uploads\/2024\/06\/Screenshot_20240610-123333-300x160.png 300w, https:\/\/cvinoticias.com\/wp-content\/uploads\/2024\/06\/Screenshot_20240610-123333-768x410.png 768w, https:\/\/cvinoticias.com\/wp-content\/uploads\/2024\/06\/Screenshot_20240610-123333.png 1080w\" data-sizes=\"(max-width: 1024px) 100vw, 1024px\" src=\"data:image\/svg+xml;base64,PHN2ZyB3aWR0aD0iMSIgaGVpZ2h0PSIxIiB4bWxucz0iaHR0cDovL3d3dy53My5vcmcvMjAwMC9zdmciPjwvc3ZnPg==\" style=\"--smush-placeholder-width: 1024px; --smush-placeholder-aspect-ratio: 1024\/546;\" \/><\/a><\/figure>\n<\/figure>\n\n\n\n<p><\/p>\n","protected":false},"excerpt":{"rendered":"<p>La productora Iguazuence Andrea Capelari hizo extensiva la invitaci\u00f3n a toda la comunidad de Puerto Iguaz\u00fa a la capacitaci\u00f3n sobre \u00abECOCISTERNAS\u00bb los d\u00edas 14 y 15 de Junio en la Chacra San Miguel 2000 Hect\u00e1reas La tem\u00e1tica es : trabajar con todo lo que sea la reutilizaci\u00f3n del agua de lluvia realizando las ecosisternas.y el [&hellip;]<\/p>\n","protected":false},"author":2,"featured_media":33657,"comment_status":"open","ping_status":"open","sticky":false,"template":"","format":"standard","meta":{"footnotes":""},"categories":[29],"tags":[],"class_list":["post-33656","post","type-post","status-publish","format-standard","has-post-thumbnail","hentry","category-locales"],"yoast_head":"<!-- This site is optimized with the Yoast SEO plugin v27.5 - https:\/\/yoast.com\/product\/yoast-seo-wordpress\/ -->\n<title>Capacitaci\u00f3n sobre &quot;ECOCISTERNAS&quot; en Puerto Iguaz\u00fa | CVI NOTICIAS<\/title>\n<meta name=\"robots\" content=\"index, follow, max-snippet:-1, max-image-preview:large, max-video-preview:-1\" \/>\n<link rel=\"canonical\" href=\"https:\/\/cvinoticias.com\/v3\/capacitacion-sobre-ecocisternas-en-puerto-iguazu\/\" \/>\n<meta property=\"og:locale\" content=\"es_ES\" \/>\n<meta property=\"og:type\" content=\"article\" \/>\n<meta property=\"og:title\" content=\"Capacitaci\u00f3n sobre &quot;ECOCISTERNAS&quot; en Puerto Iguaz\u00fa | CVI NOTICIAS\" \/>\n<meta property=\"og:description\" content=\"La productora Iguazuence Andrea Capelari hizo extensiva la invitaci\u00f3n a toda la comunidad de Puerto Iguaz\u00fa a la capacitaci\u00f3n sobre \u00abECOCISTERNAS\u00bb los d\u00edas 14 y 15 de Junio en la Chacra San Miguel 2000 Hect\u00e1reas La tem\u00e1tica es : trabajar con todo lo que sea la reutilizaci\u00f3n del agua de lluvia realizando las ecosisternas.y el [&hellip;]\" \/>\n<meta property=\"og:url\" content=\"https:\/\/cvinoticias.com\/v3\/capacitacion-sobre-ecocisternas-en-puerto-iguazu\/\" \/>\n<meta property=\"og:site_name\" content=\"CVI NOTICIAS\" \/>\n<meta property=\"article:publisher\" content=\"https:\/\/www.facebook.com\/cvinoticias\" \/>\n<meta property=\"article:published_time\" content=\"2024-06-10T21:46:57+00:00\" \/>\n<meta property=\"article:modified_time\" content=\"2024-06-10T21:47:05+00:00\" \/>\n<meta property=\"og:image\" content=\"https:\/\/cvinoticias.com\/wp-content\/uploads\/2024\/06\/Screenshot_20240610-123747.png\" \/>\n\t<meta property=\"og:image:width\" content=\"1080\" \/>\n\t<meta property=\"og:image:height\" content=\"585\" \/>\n\t<meta property=\"og:image:type\" content=\"image\/png\" \/>\n<meta name=\"author\" content=\"f1000024\" \/>\n<meta name=\"twitter:card\" content=\"summary_large_image\" \/>\n<meta name=\"twitter:label1\" content=\"Escrito por\" \/>\n\t<meta name=\"twitter:data1\" content=\"f1000024\" \/>\n\t<meta name=\"twitter:label2\" content=\"Tiempo de lectura\" \/>\n\t<meta name=\"twitter:data2\" content=\"2 minutos\" \/>\n<script type=\"application\/ld+json\" class=\"yoast-schema-graph\">{\"@context\":\"https:\\\/\\\/schema.org\",\"@graph\":[{\"@type\":\"Article\",\"@id\":\"https:\\\/\\\/cvinoticias.com\\\/v3\\\/capacitacion-sobre-ecocisternas-en-puerto-iguazu\\\/#article\",\"isPartOf\":{\"@id\":\"https:\\\/\\\/cvinoticias.com\\\/v3\\\/capacitacion-sobre-ecocisternas-en-puerto-iguazu\\\/\"},\"author\":{\"name\":\"f1000024\",\"@id\":\"https:\\\/\\\/cvinoticias.com\\\/v3\\\/#\\\/schema\\\/person\\\/2db77e3c6bc03c538495d7b2b8be9b66\"},\"headline\":\"Capacitaci\u00f3n sobre \u00abECOCISTERNAS\u00bb en Puerto Iguaz\u00fa\",\"datePublished\":\"2024-06-10T21:46:57+00:00\",\"dateModified\":\"2024-06-10T21:47:05+00:00\",\"mainEntityOfPage\":{\"@id\":\"https:\\\/\\\/cvinoticias.com\\\/v3\\\/capacitacion-sobre-ecocisternas-en-puerto-iguazu\\\/\"},\"wordCount\":110,\"commentCount\":0,\"publisher\":{\"@id\":\"https:\\\/\\\/cvinoticias.com\\\/v3\\\/#organization\"},\"image\":{\"@id\":\"https:\\\/\\\/cvinoticias.com\\\/v3\\\/capacitacion-sobre-ecocisternas-en-puerto-iguazu\\\/#primaryimage\"},\"thumbnailUrl\":\"https:\\\/\\\/cvinoticias.com\\\/wp-content\\\/uploads\\\/2024\\\/06\\\/Screenshot_20240610-123747.png\",\"articleSection\":[\"Locales\"],\"inLanguage\":\"es\",\"potentialAction\":[{\"@type\":\"CommentAction\",\"name\":\"Comment\",\"target\":[\"https:\\\/\\\/cvinoticias.com\\\/v3\\\/capacitacion-sobre-ecocisternas-en-puerto-iguazu\\\/#respond\"]}]},{\"@type\":\"WebPage\",\"@id\":\"https:\\\/\\\/cvinoticias.com\\\/v3\\\/capacitacion-sobre-ecocisternas-en-puerto-iguazu\\\/\",\"url\":\"https:\\\/\\\/cvinoticias.com\\\/v3\\\/capacitacion-sobre-ecocisternas-en-puerto-iguazu\\\/\",\"name\":\"Capacitaci\u00f3n sobre \\\"ECOCISTERNAS\\\" en Puerto Iguaz\u00fa | CVI NOTICIAS\",\"isPartOf\":{\"@id\":\"https:\\\/\\\/cvinoticias.com\\\/v3\\\/#website\"},\"primaryImageOfPage\":{\"@id\":\"https:\\\/\\\/cvinoticias.com\\\/v3\\\/capacitacion-sobre-ecocisternas-en-puerto-iguazu\\\/#primaryimage\"},\"image\":{\"@id\":\"https:\\\/\\\/cvinoticias.com\\\/v3\\\/capacitacion-sobre-ecocisternas-en-puerto-iguazu\\\/#primaryimage\"},\"thumbnailUrl\":\"https:\\\/\\\/cvinoticias.com\\\/wp-content\\\/uploads\\\/2024\\\/06\\\/Screenshot_20240610-123747.png\",\"datePublished\":\"2024-06-10T21:46:57+00:00\",\"dateModified\":\"2024-06-10T21:47:05+00:00\",\"breadcrumb\":{\"@id\":\"https:\\\/\\\/cvinoticias.com\\\/v3\\\/capacitacion-sobre-ecocisternas-en-puerto-iguazu\\\/#breadcrumb\"},\"inLanguage\":\"es\",\"potentialAction\":[{\"@type\":\"ReadAction\",\"target\":[\"https:\\\/\\\/cvinoticias.com\\\/v3\\\/capacitacion-sobre-ecocisternas-en-puerto-iguazu\\\/\"]}]},{\"@type\":\"ImageObject\",\"inLanguage\":\"es\",\"@id\":\"https:\\\/\\\/cvinoticias.com\\\/v3\\\/capacitacion-sobre-ecocisternas-en-puerto-iguazu\\\/#primaryimage\",\"url\":\"https:\\\/\\\/cvinoticias.com\\\/wp-content\\\/uploads\\\/2024\\\/06\\\/Screenshot_20240610-123747.png\",\"contentUrl\":\"https:\\\/\\\/cvinoticias.com\\\/wp-content\\\/uploads\\\/2024\\\/06\\\/Screenshot_20240610-123747.png\",\"width\":1080,\"height\":585},{\"@type\":\"BreadcrumbList\",\"@id\":\"https:\\\/\\\/cvinoticias.com\\\/v3\\\/capacitacion-sobre-ecocisternas-en-puerto-iguazu\\\/#breadcrumb\",\"itemListElement\":[{\"@type\":\"ListItem\",\"position\":1,\"name\":\"Portada\",\"item\":\"https:\\\/\\\/cvinoticias.com\\\/v3\\\/\"},{\"@type\":\"ListItem\",\"position\":2,\"name\":\"Capacitaci\u00f3n sobre \u00abECOCISTERNAS\u00bb en Puerto Iguaz\u00fa\"}]},{\"@type\":\"WebSite\",\"@id\":\"https:\\\/\\\/cvinoticias.com\\\/v3\\\/#website\",\"url\":\"https:\\\/\\\/cvinoticias.com\\\/v3\\\/\",\"name\":\"CVI NOTICIAS\",\"description\":\"\",\"publisher\":{\"@id\":\"https:\\\/\\\/cvinoticias.com\\\/v3\\\/#organization\"},\"alternateName\":\"CVI\",\"potentialAction\":[{\"@type\":\"SearchAction\",\"target\":{\"@type\":\"EntryPoint\",\"urlTemplate\":\"https:\\\/\\\/cvinoticias.com\\\/v3\\\/?s={search_term_string}\"},\"query-input\":{\"@type\":\"PropertyValueSpecification\",\"valueRequired\":true,\"valueName\":\"search_term_string\"}}],\"inLanguage\":\"es\"},{\"@type\":\"Organization\",\"@id\":\"https:\\\/\\\/cvinoticias.com\\\/v3\\\/#organization\",\"name\":\"CVI NOTICIAS\",\"url\":\"https:\\\/\\\/cvinoticias.com\\\/v3\\\/\",\"logo\":{\"@type\":\"ImageObject\",\"inLanguage\":\"es\",\"@id\":\"https:\\\/\\\/cvinoticias.com\\\/v3\\\/#\\\/schema\\\/logo\\\/image\\\/\",\"url\":\"https:\\\/\\\/cvinoticias.com\\\/wp-content\\\/uploads\\\/2023\\\/04\\\/cropped-cropped-cropped-cropped-cropped-3-1.png\",\"contentUrl\":\"https:\\\/\\\/cvinoticias.com\\\/wp-content\\\/uploads\\\/2023\\\/04\\\/cropped-cropped-cropped-cropped-cropped-3-1.png\",\"width\":95,\"height\":122,\"caption\":\"CVI NOTICIAS\"},\"image\":{\"@id\":\"https:\\\/\\\/cvinoticias.com\\\/v3\\\/#\\\/schema\\\/logo\\\/image\\\/\"},\"sameAs\":[\"https:\\\/\\\/www.facebook.com\\\/cvinoticias\",\"https:\\\/\\\/www.instagram.com\\\/cvinoticias\\\/\",\"https:\\\/\\\/www.youtube.com\\\/@CVINOTICIAS\"]},{\"@type\":\"Person\",\"@id\":\"https:\\\/\\\/cvinoticias.com\\\/v3\\\/#\\\/schema\\\/person\\\/2db77e3c6bc03c538495d7b2b8be9b66\",\"name\":\"f1000024\",\"image\":{\"@type\":\"ImageObject\",\"inLanguage\":\"es\",\"@id\":\"https:\\\/\\\/secure.gravatar.com\\\/avatar\\\/d4fe7459cfc51ff5129ce1a732bbef5928568b8092d412ef95611616376bbeed?s=96&d=mm&r=g\",\"url\":\"https:\\\/\\\/secure.gravatar.com\\\/avatar\\\/d4fe7459cfc51ff5129ce1a732bbef5928568b8092d412ef95611616376bbeed?s=96&d=mm&r=g\",\"contentUrl\":\"https:\\\/\\\/secure.gravatar.com\\\/avatar\\\/d4fe7459cfc51ff5129ce1a732bbef5928568b8092d412ef95611616376bbeed?s=96&d=mm&r=g\",\"caption\":\"f1000024\"},\"url\":\"https:\\\/\\\/cvinoticias.com\\\/v3\\\/author\\\/f1000024\\\/\"}]}<\/script>\n<!-- \/ Yoast SEO plugin. -->","yoast_head_json":{"title":"Capacitaci\u00f3n sobre \"ECOCISTERNAS\" en Puerto Iguaz\u00fa | CVI NOTICIAS","robots":{"index":"index","follow":"follow","max-snippet":"max-snippet:-1","max-image-preview":"max-image-preview:large","max-video-preview":"max-video-preview:-1"},"canonical":"https:\/\/cvinoticias.com\/v3\/capacitacion-sobre-ecocisternas-en-puerto-iguazu\/","og_locale":"es_ES","og_type":"article","og_title":"Capacitaci\u00f3n sobre \"ECOCISTERNAS\" en Puerto Iguaz\u00fa | CVI NOTICIAS","og_description":"La productora Iguazuence Andrea Capelari hizo extensiva la invitaci\u00f3n a toda la comunidad de Puerto Iguaz\u00fa a la capacitaci\u00f3n sobre \u00abECOCISTERNAS\u00bb los d\u00edas 14 y 15 de Junio en la Chacra San Miguel 2000 Hect\u00e1reas La tem\u00e1tica es : trabajar con todo lo que sea la reutilizaci\u00f3n del agua de lluvia realizando las ecosisternas.y el [&hellip;]","og_url":"https:\/\/cvinoticias.com\/v3\/capacitacion-sobre-ecocisternas-en-puerto-iguazu\/","og_site_name":"CVI NOTICIAS","article_publisher":"https:\/\/www.facebook.com\/cvinoticias","article_published_time":"2024-06-10T21:46:57+00:00","article_modified_time":"2024-06-10T21:47:05+00:00","og_image":[{"width":1080,"height":585,"url":"https:\/\/cvinoticias.com\/wp-content\/uploads\/2024\/06\/Screenshot_20240610-123747.png","type":"image\/png"}],"author":"f1000024","twitter_card":"summary_large_image","twitter_misc":{"Escrito por":"f1000024","Tiempo de lectura":"2 minutos"},"schema":{"@context":"https:\/\/schema.org","@graph":[{"@type":"Article","@id":"https:\/\/cvinoticias.com\/v3\/capacitacion-sobre-ecocisternas-en-puerto-iguazu\/#article","isPartOf":{"@id":"https:\/\/cvinoticias.com\/v3\/capacitacion-sobre-ecocisternas-en-puerto-iguazu\/"},"author":{"name":"f1000024","@id":"https:\/\/cvinoticias.com\/v3\/#\/schema\/person\/2db77e3c6bc03c538495d7b2b8be9b66"},"headline":"Capacitaci\u00f3n sobre \u00abECOCISTERNAS\u00bb en Puerto Iguaz\u00fa","datePublished":"2024-06-10T21:46:57+00:00","dateModified":"2024-06-10T21:47:05+00:00","mainEntityOfPage":{"@id":"https:\/\/cvinoticias.com\/v3\/capacitacion-sobre-ecocisternas-en-puerto-iguazu\/"},"wordCount":110,"commentCount":0,"publisher":{"@id":"https:\/\/cvinoticias.com\/v3\/#organization"},"image":{"@id":"https:\/\/cvinoticias.com\/v3\/capacitacion-sobre-ecocisternas-en-puerto-iguazu\/#primaryimage"},"thumbnailUrl":"https:\/\/cvinoticias.com\/wp-content\/uploads\/2024\/06\/Screenshot_20240610-123747.png","articleSection":["Locales"],"inLanguage":"es","potentialAction":[{"@type":"CommentAction","name":"Comment","target":["https:\/\/cvinoticias.com\/v3\/capacitacion-sobre-ecocisternas-en-puerto-iguazu\/#respond"]}]},{"@type":"WebPage","@id":"https:\/\/cvinoticias.com\/v3\/capacitacion-sobre-ecocisternas-en-puerto-iguazu\/","url":"https:\/\/cvinoticias.com\/v3\/capacitacion-sobre-ecocisternas-en-puerto-iguazu\/","name":"Capacitaci\u00f3n sobre \"ECOCISTERNAS\" en Puerto Iguaz\u00fa | CVI NOTICIAS","isPartOf":{"@id":"https:\/\/cvinoticias.com\/v3\/#website"},"primaryImageOfPage":{"@id":"https:\/\/cvinoticias.com\/v3\/capacitacion-sobre-ecocisternas-en-puerto-iguazu\/#primaryimage"},"image":{"@id":"https:\/\/cvinoticias.com\/v3\/capacitacion-sobre-ecocisternas-en-puerto-iguazu\/#primaryimage"},"thumbnailUrl":"https:\/\/cvinoticias.com\/wp-content\/uploads\/2024\/06\/Screenshot_20240610-123747.png","datePublished":"2024-06-10T21:46:57+00:00","dateModified":"2024-06-10T21:47:05+00:00","breadcrumb":{"@id":"https:\/\/cvinoticias.com\/v3\/capacitacion-sobre-ecocisternas-en-puerto-iguazu\/#breadcrumb"},"inLanguage":"es","potentialAction":[{"@type":"ReadAction","target":["https:\/\/cvinoticias.com\/v3\/capacitacion-sobre-ecocisternas-en-puerto-iguazu\/"]}]},{"@type":"ImageObject","inLanguage":"es","@id":"https:\/\/cvinoticias.com\/v3\/capacitacion-sobre-ecocisternas-en-puerto-iguazu\/#primaryimage","url":"https:\/\/cvinoticias.com\/wp-content\/uploads\/2024\/06\/Screenshot_20240610-123747.png","contentUrl":"https:\/\/cvinoticias.com\/wp-content\/uploads\/2024\/06\/Screenshot_20240610-123747.png","width":1080,"height":585},{"@type":"BreadcrumbList","@id":"https:\/\/cvinoticias.com\/v3\/capacitacion-sobre-ecocisternas-en-puerto-iguazu\/#breadcrumb","itemListElement":[{"@type":"ListItem","position":1,"name":"Portada","item":"https:\/\/cvinoticias.com\/v3\/"},{"@type":"ListItem","position":2,"name":"Capacitaci\u00f3n sobre \u00abECOCISTERNAS\u00bb en Puerto Iguaz\u00fa"}]},{"@type":"WebSite","@id":"https:\/\/cvinoticias.com\/v3\/#website","url":"https:\/\/cvinoticias.com\/v3\/","name":"CVI NOTICIAS","description":"","publisher":{"@id":"https:\/\/cvinoticias.com\/v3\/#organization"},"alternateName":"CVI","potentialAction":[{"@type":"SearchAction","target":{"@type":"EntryPoint","urlTemplate":"https:\/\/cvinoticias.com\/v3\/?s={search_term_string}"},"query-input":{"@type":"PropertyValueSpecification","valueRequired":true,"valueName":"search_term_string"}}],"inLanguage":"es"},{"@type":"Organization","@id":"https:\/\/cvinoticias.com\/v3\/#organization","name":"CVI NOTICIAS","url":"https:\/\/cvinoticias.com\/v3\/","logo":{"@type":"ImageObject","inLanguage":"es","@id":"https:\/\/cvinoticias.com\/v3\/#\/schema\/logo\/image\/","url":"https:\/\/cvinoticias.com\/wp-content\/uploads\/2023\/04\/cropped-cropped-cropped-cropped-cropped-3-1.png","contentUrl":"https:\/\/cvinoticias.com\/wp-content\/uploads\/2023\/04\/cropped-cropped-cropped-cropped-cropped-3-1.png","width":95,"height":122,"caption":"CVI NOTICIAS"},"image":{"@id":"https:\/\/cvinoticias.com\/v3\/#\/schema\/logo\/image\/"},"sameAs":["https:\/\/www.facebook.com\/cvinoticias","https:\/\/www.instagram.com\/cvinoticias\/","https:\/\/www.youtube.com\/@CVINOTICIAS"]},{"@type":"Person","@id":"https:\/\/cvinoticias.com\/v3\/#\/schema\/person\/2db77e3c6bc03c538495d7b2b8be9b66","name":"f1000024","image":{"@type":"ImageObject","inLanguage":"es","@id":"https:\/\/secure.gravatar.com\/avatar\/d4fe7459cfc51ff5129ce1a732bbef5928568b8092d412ef95611616376bbeed?s=96&d=mm&r=g","url":"https:\/\/secure.gravatar.com\/avatar\/d4fe7459cfc51ff5129ce1a732bbef5928568b8092d412ef95611616376bbeed?s=96&d=mm&r=g","contentUrl":"https:\/\/secure.gravatar.com\/avatar\/d4fe7459cfc51ff5129ce1a732bbef5928568b8092d412ef95611616376bbeed?s=96&d=mm&r=g","caption":"f1000024"},"url":"https:\/\/cvinoticias.com\/v3\/author\/f1000024\/"}]}},"_links":{"self":[{"href":"https:\/\/cvinoticias.com\/v3\/wp-json\/wp\/v2\/posts\/33656","targetHints":{"allow":["GET"]}}],"collection":[{"href":"https:\/\/cvinoticias.com\/v3\/wp-json\/wp\/v2\/posts"}],"about":[{"href":"https:\/\/cvinoticias.com\/v3\/wp-json\/wp\/v2\/types\/post"}],"author":[{"embeddable":true,"href":"https:\/\/cvinoticias.com\/v3\/wp-json\/wp\/v2\/users\/2"}],"replies":[{"embeddable":true,"href":"https:\/\/cvinoticias.com\/v3\/wp-json\/wp\/v2\/comments?post=33656"}],"version-history":[{"count":1,"href":"https:\/\/cvinoticias.com\/v3\/wp-json\/wp\/v2\/posts\/33656\/revisions"}],"predecessor-version":[{"id":33660,"href":"https:\/\/cvinoticias.com\/v3\/wp-json\/wp\/v2\/posts\/33656\/revisions\/33660"}],"wp:featuredmedia":[{"embeddable":true,"href":"https:\/\/cvinoticias.com\/v3\/wp-json\/wp\/v2\/media\/33657"}],"wp:attachment":[{"href":"https:\/\/cvinoticias.com\/v3\/wp-json\/wp\/v2\/media?parent=33656"}],"wp:term":[{"taxonomy":"category","embeddable":true,"href":"https:\/\/cvinoticias.com\/v3\/wp-json\/wp\/v2\/categories?post=33656"},{"taxonomy":"post_tag","embeddable":true,"href":"https:\/\/cvinoticias.com\/v3\/wp-json\/wp\/v2\/tags?post=33656"}],"curies":[{"name":"wp","href":"https:\/\/api.w.org\/{rel}","templated":true}]}}