{"id":33649,"date":"2024-06-10T12:24:00","date_gmt":"2024-06-10T15:24:00","guid":{"rendered":"https:\/\/cvinoticias.com\/v3\/?p=33649"},"modified":"2024-06-10T12:24:02","modified_gmt":"2024-06-10T15:24:02","slug":"puerto-esperanza-participo-de-la-capacitacion-sobre-educacion-financiera-organizada-por-la-oficina-de-empleo-de-puerto-iguazu","status":"publish","type":"post","link":"https:\/\/cvinoticias.com\/v3\/puerto-esperanza-participo-de-la-capacitacion-sobre-educacion-financiera-organizada-por-la-oficina-de-empleo-de-puerto-iguazu\/","title":{"rendered":"Puerto Esperanza particip\u00f3 de la capacitaci\u00f3n sobre Educaci\u00f3n Financiera organizada por la Oficina de Empleo de Puerto Iguaz\u00fa"},"content":{"rendered":"\n<p>La oficina de Empleo de Puerto Iguaz\u00fa a cargo de la Lic en Trabajo Social Damaris Fern\u00e1ndez, en trabajo articulado con el Ministerio de Trabajo y La Vicegobernaci\u00f3n de la Provincia organiz\u00f3 el viernes \u00faltimo una Capacitaci\u00f3n de Educaci\u00f3n Financiera  para todos los emprendedores, productores y p\u00fablico en general de la localidad y las ciudades de la zona norte donde Puerto Esperanza particip\u00f3 de la misma con una delegaci\u00f3n de emprendedoras enviada por el encargado de la Oficina de Empleo de la localidad Juan Carlos Cristaldo que envio en su representaci\u00f3n a la jefa del \u00c1rea Ornamentaci\u00f3n y Dise\u00f1o Laura Mercado <\/p>\n\n\n\n<figure class=\"wp-block-gallery has-nested-images columns-default is-cropped wp-block-gallery-1 is-layout-flex wp-block-gallery-is-layout-flex\">\n<figure class=\"wp-block-image size-large\"><a href=\"https:\/\/cvinoticias.com\/wp-content\/uploads\/2024\/06\/IMG-20240607-WA0126.jpg\"><img decoding=\"async\" width=\"768\" height=\"1024\" data-id=\"33652\" data-src=\"https:\/\/cvinoticias.com\/wp-content\/uploads\/2024\/06\/IMG-20240607-WA0126-768x1024.jpg\" alt=\"\" class=\"wp-image-33652 lazyload\" data-srcset=\"https:\/\/cvinoticias.com\/wp-content\/uploads\/2024\/06\/IMG-20240607-WA0126-768x1024.jpg 768w, https:\/\/cvinoticias.com\/wp-content\/uploads\/2024\/06\/IMG-20240607-WA0126-225x300.jpg 225w, https:\/\/cvinoticias.com\/wp-content\/uploads\/2024\/06\/IMG-20240607-WA0126-1152x1536.jpg 1152w, https:\/\/cvinoticias.com\/wp-content\/uploads\/2024\/06\/IMG-20240607-WA0126.jpg 1200w\" data-sizes=\"(max-width: 768px) 100vw, 768px\" src=\"data:image\/svg+xml;base64,PHN2ZyB3aWR0aD0iMSIgaGVpZ2h0PSIxIiB4bWxucz0iaHR0cDovL3d3dy53My5vcmcvMjAwMC9zdmciPjwvc3ZnPg==\" style=\"--smush-placeholder-width: 768px; --smush-placeholder-aspect-ratio: 768\/1024;\" \/><\/a><\/figure>\n<\/figure>\n\n\n\n<p>El objetivo de la jornada fue adquirir conocimientos frente a la gran demanda que se tenia de emprendedores y productores para poder aprender a gestionar y planificar todo lo que tiene que ver con las finanzas y los emprendimientos.<\/p>\n\n\n\n<p>Damaris Fern\u00e1ndez di\u00e1logo con CVI contando de que se trataba la capacitaci\u00f3n y dejo abierta una pr\u00f3xima convocatoria para los pr\u00f3ximos meses.<\/p>\n\n\n\n<p>Acompa\u00f1aron la Capacitaci\u00f3n la Subsecretaria de Trabajo la dra. Ver\u00f3nica Derna, el Tec. Gerardo Mietter de Vicegobernaci\u00f3n y capacitadores de la Oficina de Empleo de la Provincia  como as\u00ed tambi\u00e9n la intendente de Wanda Romina Faccio y el concejal Mat\u00edas Duarte <\/p>\n\n\n\n<figure class=\"wp-block-gallery has-nested-images columns-default is-cropped wp-block-gallery-2 is-layout-flex wp-block-gallery-is-layout-flex\">\n<figure class=\"wp-block-image size-large\"><a href=\"https:\/\/cvinoticias.com\/wp-content\/uploads\/2024\/06\/IMG_20240607_100412489-scaled.jpg\"><img decoding=\"async\" width=\"1024\" height=\"576\" data-id=\"33654\" data-src=\"https:\/\/cvinoticias.com\/wp-content\/uploads\/2024\/06\/IMG_20240607_100412489-1024x576.jpg\" alt=\"\" class=\"wp-image-33654 lazyload\" data-srcset=\"https:\/\/cvinoticias.com\/wp-content\/uploads\/2024\/06\/IMG_20240607_100412489-1024x576.jpg 1024w, https:\/\/cvinoticias.com\/wp-content\/uploads\/2024\/06\/IMG_20240607_100412489-300x169.jpg 300w, https:\/\/cvinoticias.com\/wp-content\/uploads\/2024\/06\/IMG_20240607_100412489-768x432.jpg 768w, https:\/\/cvinoticias.com\/wp-content\/uploads\/2024\/06\/IMG_20240607_100412489-1536x864.jpg 1536w, https:\/\/cvinoticias.com\/wp-content\/uploads\/2024\/06\/IMG_20240607_100412489-2048x1153.jpg 2048w\" data-sizes=\"(max-width: 1024px) 100vw, 1024px\" src=\"data:image\/svg+xml;base64,PHN2ZyB3aWR0aD0iMSIgaGVpZ2h0PSIxIiB4bWxucz0iaHR0cDovL3d3dy53My5vcmcvMjAwMC9zdmciPjwvc3ZnPg==\" style=\"--smush-placeholder-width: 1024px; --smush-placeholder-aspect-ratio: 1024\/576;\" \/><\/a><\/figure>\n<\/figure>\n","protected":false},"excerpt":{"rendered":"<p>La oficina de Empleo de Puerto Iguaz\u00fa a cargo de la Lic en Trabajo Social Damaris Fern\u00e1ndez, en trabajo articulado con el Ministerio de Trabajo y La Vicegobernaci\u00f3n de la Provincia organiz\u00f3 el viernes \u00faltimo una Capacitaci\u00f3n de Educaci\u00f3n Financiera para todos los emprendedores, productores y p\u00fablico en general de la localidad y las ciudades [&hellip;]<\/p>\n","protected":false},"author":2,"featured_media":33653,"comment_status":"open","ping_status":"open","sticky":false,"template":"","format":"standard","meta":{"footnotes":""},"categories":[29],"tags":[],"class_list":["post-33649","post","type-post","status-publish","format-standard","has-post-thumbnail","hentry","category-locales"],"yoast_head":"<!-- This site is optimized with the Yoast SEO plugin v27.5 - https:\/\/yoast.com\/product\/yoast-seo-wordpress\/ -->\n<title>Puerto Esperanza particip\u00f3 de la capacitaci\u00f3n sobre Educaci\u00f3n Financiera organizada por la Oficina de Empleo de Puerto Iguaz\u00fa | CVI NOTICIAS<\/title>\n<meta name=\"robots\" content=\"index, follow, max-snippet:-1, max-image-preview:large, max-video-preview:-1\" \/>\n<link rel=\"canonical\" href=\"https:\/\/cvinoticias.com\/v3\/puerto-esperanza-participo-de-la-capacitacion-sobre-educacion-financiera-organizada-por-la-oficina-de-empleo-de-puerto-iguazu\/\" \/>\n<meta property=\"og:locale\" content=\"es_ES\" \/>\n<meta property=\"og:type\" content=\"article\" \/>\n<meta property=\"og:title\" content=\"Puerto Esperanza particip\u00f3 de la capacitaci\u00f3n sobre Educaci\u00f3n Financiera organizada por la Oficina de Empleo de Puerto Iguaz\u00fa | CVI NOTICIAS\" \/>\n<meta property=\"og:description\" content=\"La oficina de Empleo de Puerto Iguaz\u00fa a cargo de la Lic en Trabajo Social Damaris Fern\u00e1ndez, en trabajo articulado con el Ministerio de Trabajo y La Vicegobernaci\u00f3n de la Provincia organiz\u00f3 el viernes \u00faltimo una Capacitaci\u00f3n de Educaci\u00f3n Financiera para todos los emprendedores, productores y p\u00fablico en general de la localidad y las ciudades [&hellip;]\" \/>\n<meta property=\"og:url\" content=\"https:\/\/cvinoticias.com\/v3\/puerto-esperanza-participo-de-la-capacitacion-sobre-educacion-financiera-organizada-por-la-oficina-de-empleo-de-puerto-iguazu\/\" \/>\n<meta property=\"og:site_name\" content=\"CVI NOTICIAS\" \/>\n<meta property=\"article:publisher\" content=\"https:\/\/www.facebook.com\/cvinoticias\" \/>\n<meta property=\"article:published_time\" content=\"2024-06-10T15:24:00+00:00\" \/>\n<meta property=\"article:modified_time\" content=\"2024-06-10T15:24:02+00:00\" \/>\n<meta property=\"og:image\" content=\"https:\/\/cvinoticias.com\/wp-content\/uploads\/2024\/06\/IMG_20240607_105208996_HDR-scaled.jpg\" \/>\n\t<meta property=\"og:image:width\" content=\"1441\" \/>\n\t<meta property=\"og:image:height\" content=\"2560\" \/>\n\t<meta property=\"og:image:type\" content=\"image\/jpeg\" \/>\n<meta name=\"author\" content=\"f1000024\" \/>\n<meta name=\"twitter:card\" content=\"summary_large_image\" \/>\n<meta name=\"twitter:label1\" content=\"Escrito por\" \/>\n\t<meta name=\"twitter:data1\" content=\"f1000024\" \/>\n\t<meta name=\"twitter:label2\" content=\"Tiempo de lectura\" \/>\n\t<meta name=\"twitter:data2\" content=\"2 minutos\" \/>\n<script type=\"application\/ld+json\" class=\"yoast-schema-graph\">{\"@context\":\"https:\\\/\\\/schema.org\",\"@graph\":[{\"@type\":\"Article\",\"@id\":\"https:\\\/\\\/cvinoticias.com\\\/v3\\\/puerto-esperanza-participo-de-la-capacitacion-sobre-educacion-financiera-organizada-por-la-oficina-de-empleo-de-puerto-iguazu\\\/#article\",\"isPartOf\":{\"@id\":\"https:\\\/\\\/cvinoticias.com\\\/v3\\\/puerto-esperanza-participo-de-la-capacitacion-sobre-educacion-financiera-organizada-por-la-oficina-de-empleo-de-puerto-iguazu\\\/\"},\"author\":{\"name\":\"f1000024\",\"@id\":\"https:\\\/\\\/cvinoticias.com\\\/v3\\\/#\\\/schema\\\/person\\\/2db77e3c6bc03c538495d7b2b8be9b66\"},\"headline\":\"Puerto Esperanza particip\u00f3 de la capacitaci\u00f3n sobre Educaci\u00f3n Financiera organizada por la Oficina de Empleo de Puerto Iguaz\u00fa\",\"datePublished\":\"2024-06-10T15:24:00+00:00\",\"dateModified\":\"2024-06-10T15:24:02+00:00\",\"mainEntityOfPage\":{\"@id\":\"https:\\\/\\\/cvinoticias.com\\\/v3\\\/puerto-esperanza-participo-de-la-capacitacion-sobre-educacion-financiera-organizada-por-la-oficina-de-empleo-de-puerto-iguazu\\\/\"},\"wordCount\":243,\"commentCount\":0,\"publisher\":{\"@id\":\"https:\\\/\\\/cvinoticias.com\\\/v3\\\/#organization\"},\"image\":{\"@id\":\"https:\\\/\\\/cvinoticias.com\\\/v3\\\/puerto-esperanza-participo-de-la-capacitacion-sobre-educacion-financiera-organizada-por-la-oficina-de-empleo-de-puerto-iguazu\\\/#primaryimage\"},\"thumbnailUrl\":\"https:\\\/\\\/cvinoticias.com\\\/wp-content\\\/uploads\\\/2024\\\/06\\\/IMG_20240607_105208996_HDR-scaled.jpg\",\"articleSection\":[\"Locales\"],\"inLanguage\":\"es\",\"potentialAction\":[{\"@type\":\"CommentAction\",\"name\":\"Comment\",\"target\":[\"https:\\\/\\\/cvinoticias.com\\\/v3\\\/puerto-esperanza-participo-de-la-capacitacion-sobre-educacion-financiera-organizada-por-la-oficina-de-empleo-de-puerto-iguazu\\\/#respond\"]}]},{\"@type\":\"WebPage\",\"@id\":\"https:\\\/\\\/cvinoticias.com\\\/v3\\\/puerto-esperanza-participo-de-la-capacitacion-sobre-educacion-financiera-organizada-por-la-oficina-de-empleo-de-puerto-iguazu\\\/\",\"url\":\"https:\\\/\\\/cvinoticias.com\\\/v3\\\/puerto-esperanza-participo-de-la-capacitacion-sobre-educacion-financiera-organizada-por-la-oficina-de-empleo-de-puerto-iguazu\\\/\",\"name\":\"Puerto Esperanza particip\u00f3 de la capacitaci\u00f3n sobre Educaci\u00f3n Financiera organizada por la Oficina de Empleo de Puerto Iguaz\u00fa | CVI NOTICIAS\",\"isPartOf\":{\"@id\":\"https:\\\/\\\/cvinoticias.com\\\/v3\\\/#website\"},\"primaryImageOfPage\":{\"@id\":\"https:\\\/\\\/cvinoticias.com\\\/v3\\\/puerto-esperanza-participo-de-la-capacitacion-sobre-educacion-financiera-organizada-por-la-oficina-de-empleo-de-puerto-iguazu\\\/#primaryimage\"},\"image\":{\"@id\":\"https:\\\/\\\/cvinoticias.com\\\/v3\\\/puerto-esperanza-participo-de-la-capacitacion-sobre-educacion-financiera-organizada-por-la-oficina-de-empleo-de-puerto-iguazu\\\/#primaryimage\"},\"thumbnailUrl\":\"https:\\\/\\\/cvinoticias.com\\\/wp-content\\\/uploads\\\/2024\\\/06\\\/IMG_20240607_105208996_HDR-scaled.jpg\",\"datePublished\":\"2024-06-10T15:24:00+00:00\",\"dateModified\":\"2024-06-10T15:24:02+00:00\",\"breadcrumb\":{\"@id\":\"https:\\\/\\\/cvinoticias.com\\\/v3\\\/puerto-esperanza-participo-de-la-capacitacion-sobre-educacion-financiera-organizada-por-la-oficina-de-empleo-de-puerto-iguazu\\\/#breadcrumb\"},\"inLanguage\":\"es\",\"potentialAction\":[{\"@type\":\"ReadAction\",\"target\":[\"https:\\\/\\\/cvinoticias.com\\\/v3\\\/puerto-esperanza-participo-de-la-capacitacion-sobre-educacion-financiera-organizada-por-la-oficina-de-empleo-de-puerto-iguazu\\\/\"]}]},{\"@type\":\"ImageObject\",\"inLanguage\":\"es\",\"@id\":\"https:\\\/\\\/cvinoticias.com\\\/v3\\\/puerto-esperanza-participo-de-la-capacitacion-sobre-educacion-financiera-organizada-por-la-oficina-de-empleo-de-puerto-iguazu\\\/#primaryimage\",\"url\":\"https:\\\/\\\/cvinoticias.com\\\/wp-content\\\/uploads\\\/2024\\\/06\\\/IMG_20240607_105208996_HDR-scaled.jpg\",\"contentUrl\":\"https:\\\/\\\/cvinoticias.com\\\/wp-content\\\/uploads\\\/2024\\\/06\\\/IMG_20240607_105208996_HDR-scaled.jpg\",\"width\":1441,\"height\":2560},{\"@type\":\"BreadcrumbList\",\"@id\":\"https:\\\/\\\/cvinoticias.com\\\/v3\\\/puerto-esperanza-participo-de-la-capacitacion-sobre-educacion-financiera-organizada-por-la-oficina-de-empleo-de-puerto-iguazu\\\/#breadcrumb\",\"itemListElement\":[{\"@type\":\"ListItem\",\"position\":1,\"name\":\"Portada\",\"item\":\"https:\\\/\\\/cvinoticias.com\\\/v3\\\/\"},{\"@type\":\"ListItem\",\"position\":2,\"name\":\"Puerto Esperanza particip\u00f3 de la capacitaci\u00f3n sobre Educaci\u00f3n Financiera organizada por la Oficina de Empleo de Puerto Iguaz\u00fa\"}]},{\"@type\":\"WebSite\",\"@id\":\"https:\\\/\\\/cvinoticias.com\\\/v3\\\/#website\",\"url\":\"https:\\\/\\\/cvinoticias.com\\\/v3\\\/\",\"name\":\"CVI NOTICIAS\",\"description\":\"\",\"publisher\":{\"@id\":\"https:\\\/\\\/cvinoticias.com\\\/v3\\\/#organization\"},\"alternateName\":\"CVI\",\"potentialAction\":[{\"@type\":\"SearchAction\",\"target\":{\"@type\":\"EntryPoint\",\"urlTemplate\":\"https:\\\/\\\/cvinoticias.com\\\/v3\\\/?s={search_term_string}\"},\"query-input\":{\"@type\":\"PropertyValueSpecification\",\"valueRequired\":true,\"valueName\":\"search_term_string\"}}],\"inLanguage\":\"es\"},{\"@type\":\"Organization\",\"@id\":\"https:\\\/\\\/cvinoticias.com\\\/v3\\\/#organization\",\"name\":\"CVI NOTICIAS\",\"url\":\"https:\\\/\\\/cvinoticias.com\\\/v3\\\/\",\"logo\":{\"@type\":\"ImageObject\",\"inLanguage\":\"es\",\"@id\":\"https:\\\/\\\/cvinoticias.com\\\/v3\\\/#\\\/schema\\\/logo\\\/image\\\/\",\"url\":\"https:\\\/\\\/cvinoticias.com\\\/wp-content\\\/uploads\\\/2023\\\/04\\\/cropped-cropped-cropped-cropped-cropped-3-1.png\",\"contentUrl\":\"https:\\\/\\\/cvinoticias.com\\\/wp-content\\\/uploads\\\/2023\\\/04\\\/cropped-cropped-cropped-cropped-cropped-3-1.png\",\"width\":95,\"height\":122,\"caption\":\"CVI NOTICIAS\"},\"image\":{\"@id\":\"https:\\\/\\\/cvinoticias.com\\\/v3\\\/#\\\/schema\\\/logo\\\/image\\\/\"},\"sameAs\":[\"https:\\\/\\\/www.facebook.com\\\/cvinoticias\",\"https:\\\/\\\/www.instagram.com\\\/cvinoticias\\\/\",\"https:\\\/\\\/www.youtube.com\\\/@CVINOTICIAS\"]},{\"@type\":\"Person\",\"@id\":\"https:\\\/\\\/cvinoticias.com\\\/v3\\\/#\\\/schema\\\/person\\\/2db77e3c6bc03c538495d7b2b8be9b66\",\"name\":\"f1000024\",\"image\":{\"@type\":\"ImageObject\",\"inLanguage\":\"es\",\"@id\":\"https:\\\/\\\/secure.gravatar.com\\\/avatar\\\/d4fe7459cfc51ff5129ce1a732bbef5928568b8092d412ef95611616376bbeed?s=96&d=mm&r=g\",\"url\":\"https:\\\/\\\/secure.gravatar.com\\\/avatar\\\/d4fe7459cfc51ff5129ce1a732bbef5928568b8092d412ef95611616376bbeed?s=96&d=mm&r=g\",\"contentUrl\":\"https:\\\/\\\/secure.gravatar.com\\\/avatar\\\/d4fe7459cfc51ff5129ce1a732bbef5928568b8092d412ef95611616376bbeed?s=96&d=mm&r=g\",\"caption\":\"f1000024\"},\"url\":\"https:\\\/\\\/cvinoticias.com\\\/v3\\\/author\\\/f1000024\\\/\"}]}<\/script>\n<!-- \/ Yoast SEO plugin. -->","yoast_head_json":{"title":"Puerto Esperanza particip\u00f3 de la capacitaci\u00f3n sobre Educaci\u00f3n Financiera organizada por la Oficina de Empleo de Puerto Iguaz\u00fa | CVI NOTICIAS","robots":{"index":"index","follow":"follow","max-snippet":"max-snippet:-1","max-image-preview":"max-image-preview:large","max-video-preview":"max-video-preview:-1"},"canonical":"https:\/\/cvinoticias.com\/v3\/puerto-esperanza-participo-de-la-capacitacion-sobre-educacion-financiera-organizada-por-la-oficina-de-empleo-de-puerto-iguazu\/","og_locale":"es_ES","og_type":"article","og_title":"Puerto Esperanza particip\u00f3 de la capacitaci\u00f3n sobre Educaci\u00f3n Financiera organizada por la Oficina de Empleo de Puerto Iguaz\u00fa | CVI NOTICIAS","og_description":"La oficina de Empleo de Puerto Iguaz\u00fa a cargo de la Lic en Trabajo Social Damaris Fern\u00e1ndez, en trabajo articulado con el Ministerio de Trabajo y La Vicegobernaci\u00f3n de la Provincia organiz\u00f3 el viernes \u00faltimo una Capacitaci\u00f3n de Educaci\u00f3n Financiera para todos los emprendedores, productores y p\u00fablico en general de la localidad y las ciudades [&hellip;]","og_url":"https:\/\/cvinoticias.com\/v3\/puerto-esperanza-participo-de-la-capacitacion-sobre-educacion-financiera-organizada-por-la-oficina-de-empleo-de-puerto-iguazu\/","og_site_name":"CVI NOTICIAS","article_publisher":"https:\/\/www.facebook.com\/cvinoticias","article_published_time":"2024-06-10T15:24:00+00:00","article_modified_time":"2024-06-10T15:24:02+00:00","og_image":[{"width":1441,"height":2560,"url":"https:\/\/cvinoticias.com\/wp-content\/uploads\/2024\/06\/IMG_20240607_105208996_HDR-scaled.jpg","type":"image\/jpeg"}],"author":"f1000024","twitter_card":"summary_large_image","twitter_misc":{"Escrito por":"f1000024","Tiempo de lectura":"2 minutos"},"schema":{"@context":"https:\/\/schema.org","@graph":[{"@type":"Article","@id":"https:\/\/cvinoticias.com\/v3\/puerto-esperanza-participo-de-la-capacitacion-sobre-educacion-financiera-organizada-por-la-oficina-de-empleo-de-puerto-iguazu\/#article","isPartOf":{"@id":"https:\/\/cvinoticias.com\/v3\/puerto-esperanza-participo-de-la-capacitacion-sobre-educacion-financiera-organizada-por-la-oficina-de-empleo-de-puerto-iguazu\/"},"author":{"name":"f1000024","@id":"https:\/\/cvinoticias.com\/v3\/#\/schema\/person\/2db77e3c6bc03c538495d7b2b8be9b66"},"headline":"Puerto Esperanza particip\u00f3 de la capacitaci\u00f3n sobre Educaci\u00f3n Financiera organizada por la Oficina de Empleo de Puerto Iguaz\u00fa","datePublished":"2024-06-10T15:24:00+00:00","dateModified":"2024-06-10T15:24:02+00:00","mainEntityOfPage":{"@id":"https:\/\/cvinoticias.com\/v3\/puerto-esperanza-participo-de-la-capacitacion-sobre-educacion-financiera-organizada-por-la-oficina-de-empleo-de-puerto-iguazu\/"},"wordCount":243,"commentCount":0,"publisher":{"@id":"https:\/\/cvinoticias.com\/v3\/#organization"},"image":{"@id":"https:\/\/cvinoticias.com\/v3\/puerto-esperanza-participo-de-la-capacitacion-sobre-educacion-financiera-organizada-por-la-oficina-de-empleo-de-puerto-iguazu\/#primaryimage"},"thumbnailUrl":"https:\/\/cvinoticias.com\/wp-content\/uploads\/2024\/06\/IMG_20240607_105208996_HDR-scaled.jpg","articleSection":["Locales"],"inLanguage":"es","potentialAction":[{"@type":"CommentAction","name":"Comment","target":["https:\/\/cvinoticias.com\/v3\/puerto-esperanza-participo-de-la-capacitacion-sobre-educacion-financiera-organizada-por-la-oficina-de-empleo-de-puerto-iguazu\/#respond"]}]},{"@type":"WebPage","@id":"https:\/\/cvinoticias.com\/v3\/puerto-esperanza-participo-de-la-capacitacion-sobre-educacion-financiera-organizada-por-la-oficina-de-empleo-de-puerto-iguazu\/","url":"https:\/\/cvinoticias.com\/v3\/puerto-esperanza-participo-de-la-capacitacion-sobre-educacion-financiera-organizada-por-la-oficina-de-empleo-de-puerto-iguazu\/","name":"Puerto Esperanza particip\u00f3 de la capacitaci\u00f3n sobre Educaci\u00f3n Financiera organizada por la Oficina de Empleo de Puerto Iguaz\u00fa | CVI NOTICIAS","isPartOf":{"@id":"https:\/\/cvinoticias.com\/v3\/#website"},"primaryImageOfPage":{"@id":"https:\/\/cvinoticias.com\/v3\/puerto-esperanza-participo-de-la-capacitacion-sobre-educacion-financiera-organizada-por-la-oficina-de-empleo-de-puerto-iguazu\/#primaryimage"},"image":{"@id":"https:\/\/cvinoticias.com\/v3\/puerto-esperanza-participo-de-la-capacitacion-sobre-educacion-financiera-organizada-por-la-oficina-de-empleo-de-puerto-iguazu\/#primaryimage"},"thumbnailUrl":"https:\/\/cvinoticias.com\/wp-content\/uploads\/2024\/06\/IMG_20240607_105208996_HDR-scaled.jpg","datePublished":"2024-06-10T15:24:00+00:00","dateModified":"2024-06-10T15:24:02+00:00","breadcrumb":{"@id":"https:\/\/cvinoticias.com\/v3\/puerto-esperanza-participo-de-la-capacitacion-sobre-educacion-financiera-organizada-por-la-oficina-de-empleo-de-puerto-iguazu\/#breadcrumb"},"inLanguage":"es","potentialAction":[{"@type":"ReadAction","target":["https:\/\/cvinoticias.com\/v3\/puerto-esperanza-participo-de-la-capacitacion-sobre-educacion-financiera-organizada-por-la-oficina-de-empleo-de-puerto-iguazu\/"]}]},{"@type":"ImageObject","inLanguage":"es","@id":"https:\/\/cvinoticias.com\/v3\/puerto-esperanza-participo-de-la-capacitacion-sobre-educacion-financiera-organizada-por-la-oficina-de-empleo-de-puerto-iguazu\/#primaryimage","url":"https:\/\/cvinoticias.com\/wp-content\/uploads\/2024\/06\/IMG_20240607_105208996_HDR-scaled.jpg","contentUrl":"https:\/\/cvinoticias.com\/wp-content\/uploads\/2024\/06\/IMG_20240607_105208996_HDR-scaled.jpg","width":1441,"height":2560},{"@type":"BreadcrumbList","@id":"https:\/\/cvinoticias.com\/v3\/puerto-esperanza-participo-de-la-capacitacion-sobre-educacion-financiera-organizada-por-la-oficina-de-empleo-de-puerto-iguazu\/#breadcrumb","itemListElement":[{"@type":"ListItem","position":1,"name":"Portada","item":"https:\/\/cvinoticias.com\/v3\/"},{"@type":"ListItem","position":2,"name":"Puerto Esperanza particip\u00f3 de la capacitaci\u00f3n sobre Educaci\u00f3n Financiera organizada por la Oficina de Empleo de Puerto Iguaz\u00fa"}]},{"@type":"WebSite","@id":"https:\/\/cvinoticias.com\/v3\/#website","url":"https:\/\/cvinoticias.com\/v3\/","name":"CVI NOTICIAS","description":"","publisher":{"@id":"https:\/\/cvinoticias.com\/v3\/#organization"},"alternateName":"CVI","potentialAction":[{"@type":"SearchAction","target":{"@type":"EntryPoint","urlTemplate":"https:\/\/cvinoticias.com\/v3\/?s={search_term_string}"},"query-input":{"@type":"PropertyValueSpecification","valueRequired":true,"valueName":"search_term_string"}}],"inLanguage":"es"},{"@type":"Organization","@id":"https:\/\/cvinoticias.com\/v3\/#organization","name":"CVI NOTICIAS","url":"https:\/\/cvinoticias.com\/v3\/","logo":{"@type":"ImageObject","inLanguage":"es","@id":"https:\/\/cvinoticias.com\/v3\/#\/schema\/logo\/image\/","url":"https:\/\/cvinoticias.com\/wp-content\/uploads\/2023\/04\/cropped-cropped-cropped-cropped-cropped-3-1.png","contentUrl":"https:\/\/cvinoticias.com\/wp-content\/uploads\/2023\/04\/cropped-cropped-cropped-cropped-cropped-3-1.png","width":95,"height":122,"caption":"CVI NOTICIAS"},"image":{"@id":"https:\/\/cvinoticias.com\/v3\/#\/schema\/logo\/image\/"},"sameAs":["https:\/\/www.facebook.com\/cvinoticias","https:\/\/www.instagram.com\/cvinoticias\/","https:\/\/www.youtube.com\/@CVINOTICIAS"]},{"@type":"Person","@id":"https:\/\/cvinoticias.com\/v3\/#\/schema\/person\/2db77e3c6bc03c538495d7b2b8be9b66","name":"f1000024","image":{"@type":"ImageObject","inLanguage":"es","@id":"https:\/\/secure.gravatar.com\/avatar\/d4fe7459cfc51ff5129ce1a732bbef5928568b8092d412ef95611616376bbeed?s=96&d=mm&r=g","url":"https:\/\/secure.gravatar.com\/avatar\/d4fe7459cfc51ff5129ce1a732bbef5928568b8092d412ef95611616376bbeed?s=96&d=mm&r=g","contentUrl":"https:\/\/secure.gravatar.com\/avatar\/d4fe7459cfc51ff5129ce1a732bbef5928568b8092d412ef95611616376bbeed?s=96&d=mm&r=g","caption":"f1000024"},"url":"https:\/\/cvinoticias.com\/v3\/author\/f1000024\/"}]}},"_links":{"self":[{"href":"https:\/\/cvinoticias.com\/v3\/wp-json\/wp\/v2\/posts\/33649","targetHints":{"allow":["GET"]}}],"collection":[{"href":"https:\/\/cvinoticias.com\/v3\/wp-json\/wp\/v2\/posts"}],"about":[{"href":"https:\/\/cvinoticias.com\/v3\/wp-json\/wp\/v2\/types\/post"}],"author":[{"embeddable":true,"href":"https:\/\/cvinoticias.com\/v3\/wp-json\/wp\/v2\/users\/2"}],"replies":[{"embeddable":true,"href":"https:\/\/cvinoticias.com\/v3\/wp-json\/wp\/v2\/comments?post=33649"}],"version-history":[{"count":1,"href":"https:\/\/cvinoticias.com\/v3\/wp-json\/wp\/v2\/posts\/33649\/revisions"}],"predecessor-version":[{"id":33655,"href":"https:\/\/cvinoticias.com\/v3\/wp-json\/wp\/v2\/posts\/33649\/revisions\/33655"}],"wp:featuredmedia":[{"embeddable":true,"href":"https:\/\/cvinoticias.com\/v3\/wp-json\/wp\/v2\/media\/33653"}],"wp:attachment":[{"href":"https:\/\/cvinoticias.com\/v3\/wp-json\/wp\/v2\/media?parent=33649"}],"wp:term":[{"taxonomy":"category","embeddable":true,"href":"https:\/\/cvinoticias.com\/v3\/wp-json\/wp\/v2\/categories?post=33649"},{"taxonomy":"post_tag","embeddable":true,"href":"https:\/\/cvinoticias.com\/v3\/wp-json\/wp\/v2\/tags?post=33649"}],"curies":[{"name":"wp","href":"https:\/\/api.w.org\/{rel}","templated":true}]}}