{"id":33639,"date":"2024-06-08T09:06:04","date_gmt":"2024-06-08T12:06:04","guid":{"rendered":"https:\/\/cvinoticias.com\/v3\/?p=33639"},"modified":"2024-06-08T09:06:05","modified_gmt":"2024-06-08T12:06:05","slug":"los-gremios-docentes-acordaron-levantar-el-acampe-y-firmaron-acuerdo","status":"publish","type":"post","link":"https:\/\/cvinoticias.com\/v3\/los-gremios-docentes-acordaron-levantar-el-acampe-y-firmaron-acuerdo\/","title":{"rendered":"Los gremios docentes acordaron levantar el acampe y firmaron acuerdo"},"content":{"rendered":"\n<p><strong>No habr\u00e1 acciones contra los participantes de las medidas de fuerza y establece canales de di\u00e1logo<\/strong><\/p>\n\n\n\n<p>En la jornada de ayer El Frente de Trabajadores de la Educaci\u00f3n en Lucha (Ftel), el grupo de Autoconvocados,el Movimiento Pedag\u00f3gico de Liberaci\u00f3n (MPL), la Uni\u00f3n de Trabajadores de la Educaci\u00f3n de Misiones (UTEM), la Union Docentes Nueva Argentina de Misiones (Udnam) y la Asociaci\u00f3n de Trabajadores del Estado (ATE) finalmente llegaron a un acuerdo con el Gobierno provincial.  <\/p>\n\n\n\n<p>El acta indica que \u201c<strong>las partes avanzan a partir de gestos en encaminar el conflicto sin lesionar intereses ni derechos de las partes, desde el Consejo General de Educaci\u00f3n y el Servicio Provincial de Ense\u00f1anza Privada (Spepm) no se impulsar\u00e1n acciones, ni administrativas ni legales, sobre los trabajadores que participaron de la medida de fuerza\u201d.<\/strong><\/p>\n\n\n\n<p>Tambi\u00e9n especifica que \u201c<strong>las partes iniciar\u00e1n el di\u00e1logo para gestionar con todos los actores del sistema educativos a efectos de acordar los criterios que permitan una soluci\u00f3n definitiva al salario docente (grilla y matriz salarial). Por este punto, este sector se reunir\u00e1 con el representante del Consejo General de Educaci\u00f3n el viernes 14 de junio de 2024\u201d.<\/strong><\/p>\n\n\n\n<p>Este acuerdo entre el Gobierno provincial y el sector docente se da luego de semanas de manifestaciones docentes que incluyeron paros sin actividades, marchas y cortes de ruta en diferentes arterias de la provincia de Misiones, adem\u00e1s de un acampe en el centro de la ciudad de Posadas. <\/p>\n","protected":false},"excerpt":{"rendered":"<p>No habr\u00e1 acciones contra los participantes de las medidas de fuerza y establece canales de di\u00e1logo En la jornada de ayer El Frente de Trabajadores de la Educaci\u00f3n en Lucha (Ftel), el grupo de Autoconvocados,el Movimiento Pedag\u00f3gico de Liberaci\u00f3n (MPL), la Uni\u00f3n de Trabajadores de la Educaci\u00f3n de Misiones (UTEM), la Union Docentes Nueva Argentina [&hellip;]<\/p>\n","protected":false},"author":2,"featured_media":33640,"comment_status":"open","ping_status":"open","sticky":false,"template":"","format":"standard","meta":{"footnotes":""},"categories":[43],"tags":[],"class_list":["post-33639","post","type-post","status-publish","format-standard","has-post-thumbnail","hentry","category-provinciales"],"yoast_head":"<!-- This site is optimized with the Yoast SEO plugin v27.5 - https:\/\/yoast.com\/product\/yoast-seo-wordpress\/ -->\n<title>Los gremios docentes acordaron levantar el acampe y firmaron acuerdo | CVI NOTICIAS<\/title>\n<meta name=\"robots\" content=\"index, follow, max-snippet:-1, max-image-preview:large, max-video-preview:-1\" \/>\n<link rel=\"canonical\" href=\"https:\/\/cvinoticias.com\/v3\/los-gremios-docentes-acordaron-levantar-el-acampe-y-firmaron-acuerdo\/\" \/>\n<meta property=\"og:locale\" content=\"es_ES\" \/>\n<meta property=\"og:type\" content=\"article\" \/>\n<meta property=\"og:title\" content=\"Los gremios docentes acordaron levantar el acampe y firmaron acuerdo | CVI NOTICIAS\" \/>\n<meta property=\"og:description\" content=\"No habr\u00e1 acciones contra los participantes de las medidas de fuerza y establece canales de di\u00e1logo En la jornada de ayer El Frente de Trabajadores de la Educaci\u00f3n en Lucha (Ftel), el grupo de Autoconvocados,el Movimiento Pedag\u00f3gico de Liberaci\u00f3n (MPL), la Uni\u00f3n de Trabajadores de la Educaci\u00f3n de Misiones (UTEM), la Union Docentes Nueva Argentina [&hellip;]\" \/>\n<meta property=\"og:url\" content=\"https:\/\/cvinoticias.com\/v3\/los-gremios-docentes-acordaron-levantar-el-acampe-y-firmaron-acuerdo\/\" \/>\n<meta property=\"og:site_name\" content=\"CVI NOTICIAS\" \/>\n<meta property=\"article:publisher\" content=\"https:\/\/www.facebook.com\/cvinoticias\" \/>\n<meta property=\"article:published_time\" content=\"2024-06-08T12:06:04+00:00\" \/>\n<meta property=\"article:modified_time\" content=\"2024-06-08T12:06:05+00:00\" \/>\n<meta property=\"og:image\" content=\"https:\/\/cvinoticias.com\/wp-content\/uploads\/2024\/06\/docentes-misionesjpg.jpg\" \/>\n\t<meta property=\"og:image:width\" content=\"375\" \/>\n\t<meta property=\"og:image:height\" content=\"211\" \/>\n\t<meta property=\"og:image:type\" content=\"image\/jpeg\" \/>\n<meta name=\"author\" content=\"f1000024\" \/>\n<meta name=\"twitter:card\" content=\"summary_large_image\" \/>\n<meta name=\"twitter:label1\" content=\"Escrito por\" \/>\n\t<meta name=\"twitter:data1\" content=\"f1000024\" \/>\n\t<meta name=\"twitter:label2\" content=\"Tiempo de lectura\" \/>\n\t<meta name=\"twitter:data2\" content=\"2 minutos\" \/>\n<script type=\"application\/ld+json\" class=\"yoast-schema-graph\">{\"@context\":\"https:\\\/\\\/schema.org\",\"@graph\":[{\"@type\":\"Article\",\"@id\":\"https:\\\/\\\/cvinoticias.com\\\/v3\\\/los-gremios-docentes-acordaron-levantar-el-acampe-y-firmaron-acuerdo\\\/#article\",\"isPartOf\":{\"@id\":\"https:\\\/\\\/cvinoticias.com\\\/v3\\\/los-gremios-docentes-acordaron-levantar-el-acampe-y-firmaron-acuerdo\\\/\"},\"author\":{\"name\":\"f1000024\",\"@id\":\"https:\\\/\\\/cvinoticias.com\\\/v3\\\/#\\\/schema\\\/person\\\/2db77e3c6bc03c538495d7b2b8be9b66\"},\"headline\":\"Los gremios docentes acordaron levantar el acampe y firmaron acuerdo\",\"datePublished\":\"2024-06-08T12:06:04+00:00\",\"dateModified\":\"2024-06-08T12:06:05+00:00\",\"mainEntityOfPage\":{\"@id\":\"https:\\\/\\\/cvinoticias.com\\\/v3\\\/los-gremios-docentes-acordaron-levantar-el-acampe-y-firmaron-acuerdo\\\/\"},\"wordCount\":260,\"commentCount\":0,\"publisher\":{\"@id\":\"https:\\\/\\\/cvinoticias.com\\\/v3\\\/#organization\"},\"image\":{\"@id\":\"https:\\\/\\\/cvinoticias.com\\\/v3\\\/los-gremios-docentes-acordaron-levantar-el-acampe-y-firmaron-acuerdo\\\/#primaryimage\"},\"thumbnailUrl\":\"https:\\\/\\\/cvinoticias.com\\\/wp-content\\\/uploads\\\/2024\\\/06\\\/docentes-misionesjpg.jpg\",\"articleSection\":[\"Provinciales\"],\"inLanguage\":\"es\",\"potentialAction\":[{\"@type\":\"CommentAction\",\"name\":\"Comment\",\"target\":[\"https:\\\/\\\/cvinoticias.com\\\/v3\\\/los-gremios-docentes-acordaron-levantar-el-acampe-y-firmaron-acuerdo\\\/#respond\"]}]},{\"@type\":\"WebPage\",\"@id\":\"https:\\\/\\\/cvinoticias.com\\\/v3\\\/los-gremios-docentes-acordaron-levantar-el-acampe-y-firmaron-acuerdo\\\/\",\"url\":\"https:\\\/\\\/cvinoticias.com\\\/v3\\\/los-gremios-docentes-acordaron-levantar-el-acampe-y-firmaron-acuerdo\\\/\",\"name\":\"Los gremios docentes acordaron levantar el acampe y firmaron acuerdo | CVI NOTICIAS\",\"isPartOf\":{\"@id\":\"https:\\\/\\\/cvinoticias.com\\\/v3\\\/#website\"},\"primaryImageOfPage\":{\"@id\":\"https:\\\/\\\/cvinoticias.com\\\/v3\\\/los-gremios-docentes-acordaron-levantar-el-acampe-y-firmaron-acuerdo\\\/#primaryimage\"},\"image\":{\"@id\":\"https:\\\/\\\/cvinoticias.com\\\/v3\\\/los-gremios-docentes-acordaron-levantar-el-acampe-y-firmaron-acuerdo\\\/#primaryimage\"},\"thumbnailUrl\":\"https:\\\/\\\/cvinoticias.com\\\/wp-content\\\/uploads\\\/2024\\\/06\\\/docentes-misionesjpg.jpg\",\"datePublished\":\"2024-06-08T12:06:04+00:00\",\"dateModified\":\"2024-06-08T12:06:05+00:00\",\"breadcrumb\":{\"@id\":\"https:\\\/\\\/cvinoticias.com\\\/v3\\\/los-gremios-docentes-acordaron-levantar-el-acampe-y-firmaron-acuerdo\\\/#breadcrumb\"},\"inLanguage\":\"es\",\"potentialAction\":[{\"@type\":\"ReadAction\",\"target\":[\"https:\\\/\\\/cvinoticias.com\\\/v3\\\/los-gremios-docentes-acordaron-levantar-el-acampe-y-firmaron-acuerdo\\\/\"]}]},{\"@type\":\"ImageObject\",\"inLanguage\":\"es\",\"@id\":\"https:\\\/\\\/cvinoticias.com\\\/v3\\\/los-gremios-docentes-acordaron-levantar-el-acampe-y-firmaron-acuerdo\\\/#primaryimage\",\"url\":\"https:\\\/\\\/cvinoticias.com\\\/wp-content\\\/uploads\\\/2024\\\/06\\\/docentes-misionesjpg.jpg\",\"contentUrl\":\"https:\\\/\\\/cvinoticias.com\\\/wp-content\\\/uploads\\\/2024\\\/06\\\/docentes-misionesjpg.jpg\",\"width\":375,\"height\":211},{\"@type\":\"BreadcrumbList\",\"@id\":\"https:\\\/\\\/cvinoticias.com\\\/v3\\\/los-gremios-docentes-acordaron-levantar-el-acampe-y-firmaron-acuerdo\\\/#breadcrumb\",\"itemListElement\":[{\"@type\":\"ListItem\",\"position\":1,\"name\":\"Portada\",\"item\":\"https:\\\/\\\/cvinoticias.com\\\/v3\\\/\"},{\"@type\":\"ListItem\",\"position\":2,\"name\":\"Los gremios docentes acordaron levantar el acampe y firmaron acuerdo\"}]},{\"@type\":\"WebSite\",\"@id\":\"https:\\\/\\\/cvinoticias.com\\\/v3\\\/#website\",\"url\":\"https:\\\/\\\/cvinoticias.com\\\/v3\\\/\",\"name\":\"CVI NOTICIAS\",\"description\":\"\",\"publisher\":{\"@id\":\"https:\\\/\\\/cvinoticias.com\\\/v3\\\/#organization\"},\"alternateName\":\"CVI\",\"potentialAction\":[{\"@type\":\"SearchAction\",\"target\":{\"@type\":\"EntryPoint\",\"urlTemplate\":\"https:\\\/\\\/cvinoticias.com\\\/v3\\\/?s={search_term_string}\"},\"query-input\":{\"@type\":\"PropertyValueSpecification\",\"valueRequired\":true,\"valueName\":\"search_term_string\"}}],\"inLanguage\":\"es\"},{\"@type\":\"Organization\",\"@id\":\"https:\\\/\\\/cvinoticias.com\\\/v3\\\/#organization\",\"name\":\"CVI NOTICIAS\",\"url\":\"https:\\\/\\\/cvinoticias.com\\\/v3\\\/\",\"logo\":{\"@type\":\"ImageObject\",\"inLanguage\":\"es\",\"@id\":\"https:\\\/\\\/cvinoticias.com\\\/v3\\\/#\\\/schema\\\/logo\\\/image\\\/\",\"url\":\"https:\\\/\\\/cvinoticias.com\\\/wp-content\\\/uploads\\\/2023\\\/04\\\/cropped-cropped-cropped-cropped-cropped-3-1.png\",\"contentUrl\":\"https:\\\/\\\/cvinoticias.com\\\/wp-content\\\/uploads\\\/2023\\\/04\\\/cropped-cropped-cropped-cropped-cropped-3-1.png\",\"width\":95,\"height\":122,\"caption\":\"CVI NOTICIAS\"},\"image\":{\"@id\":\"https:\\\/\\\/cvinoticias.com\\\/v3\\\/#\\\/schema\\\/logo\\\/image\\\/\"},\"sameAs\":[\"https:\\\/\\\/www.facebook.com\\\/cvinoticias\",\"https:\\\/\\\/www.instagram.com\\\/cvinoticias\\\/\",\"https:\\\/\\\/www.youtube.com\\\/@CVINOTICIAS\"]},{\"@type\":\"Person\",\"@id\":\"https:\\\/\\\/cvinoticias.com\\\/v3\\\/#\\\/schema\\\/person\\\/2db77e3c6bc03c538495d7b2b8be9b66\",\"name\":\"f1000024\",\"image\":{\"@type\":\"ImageObject\",\"inLanguage\":\"es\",\"@id\":\"https:\\\/\\\/secure.gravatar.com\\\/avatar\\\/d4fe7459cfc51ff5129ce1a732bbef5928568b8092d412ef95611616376bbeed?s=96&d=mm&r=g\",\"url\":\"https:\\\/\\\/secure.gravatar.com\\\/avatar\\\/d4fe7459cfc51ff5129ce1a732bbef5928568b8092d412ef95611616376bbeed?s=96&d=mm&r=g\",\"contentUrl\":\"https:\\\/\\\/secure.gravatar.com\\\/avatar\\\/d4fe7459cfc51ff5129ce1a732bbef5928568b8092d412ef95611616376bbeed?s=96&d=mm&r=g\",\"caption\":\"f1000024\"},\"url\":\"https:\\\/\\\/cvinoticias.com\\\/v3\\\/author\\\/f1000024\\\/\"}]}<\/script>\n<!-- \/ Yoast SEO plugin. -->","yoast_head_json":{"title":"Los gremios docentes acordaron levantar el acampe y firmaron acuerdo | CVI NOTICIAS","robots":{"index":"index","follow":"follow","max-snippet":"max-snippet:-1","max-image-preview":"max-image-preview:large","max-video-preview":"max-video-preview:-1"},"canonical":"https:\/\/cvinoticias.com\/v3\/los-gremios-docentes-acordaron-levantar-el-acampe-y-firmaron-acuerdo\/","og_locale":"es_ES","og_type":"article","og_title":"Los gremios docentes acordaron levantar el acampe y firmaron acuerdo | CVI NOTICIAS","og_description":"No habr\u00e1 acciones contra los participantes de las medidas de fuerza y establece canales de di\u00e1logo En la jornada de ayer El Frente de Trabajadores de la Educaci\u00f3n en Lucha (Ftel), el grupo de Autoconvocados,el Movimiento Pedag\u00f3gico de Liberaci\u00f3n (MPL), la Uni\u00f3n de Trabajadores de la Educaci\u00f3n de Misiones (UTEM), la Union Docentes Nueva Argentina [&hellip;]","og_url":"https:\/\/cvinoticias.com\/v3\/los-gremios-docentes-acordaron-levantar-el-acampe-y-firmaron-acuerdo\/","og_site_name":"CVI NOTICIAS","article_publisher":"https:\/\/www.facebook.com\/cvinoticias","article_published_time":"2024-06-08T12:06:04+00:00","article_modified_time":"2024-06-08T12:06:05+00:00","og_image":[{"width":375,"height":211,"url":"https:\/\/cvinoticias.com\/wp-content\/uploads\/2024\/06\/docentes-misionesjpg.jpg","type":"image\/jpeg"}],"author":"f1000024","twitter_card":"summary_large_image","twitter_misc":{"Escrito por":"f1000024","Tiempo de lectura":"2 minutos"},"schema":{"@context":"https:\/\/schema.org","@graph":[{"@type":"Article","@id":"https:\/\/cvinoticias.com\/v3\/los-gremios-docentes-acordaron-levantar-el-acampe-y-firmaron-acuerdo\/#article","isPartOf":{"@id":"https:\/\/cvinoticias.com\/v3\/los-gremios-docentes-acordaron-levantar-el-acampe-y-firmaron-acuerdo\/"},"author":{"name":"f1000024","@id":"https:\/\/cvinoticias.com\/v3\/#\/schema\/person\/2db77e3c6bc03c538495d7b2b8be9b66"},"headline":"Los gremios docentes acordaron levantar el acampe y firmaron acuerdo","datePublished":"2024-06-08T12:06:04+00:00","dateModified":"2024-06-08T12:06:05+00:00","mainEntityOfPage":{"@id":"https:\/\/cvinoticias.com\/v3\/los-gremios-docentes-acordaron-levantar-el-acampe-y-firmaron-acuerdo\/"},"wordCount":260,"commentCount":0,"publisher":{"@id":"https:\/\/cvinoticias.com\/v3\/#organization"},"image":{"@id":"https:\/\/cvinoticias.com\/v3\/los-gremios-docentes-acordaron-levantar-el-acampe-y-firmaron-acuerdo\/#primaryimage"},"thumbnailUrl":"https:\/\/cvinoticias.com\/wp-content\/uploads\/2024\/06\/docentes-misionesjpg.jpg","articleSection":["Provinciales"],"inLanguage":"es","potentialAction":[{"@type":"CommentAction","name":"Comment","target":["https:\/\/cvinoticias.com\/v3\/los-gremios-docentes-acordaron-levantar-el-acampe-y-firmaron-acuerdo\/#respond"]}]},{"@type":"WebPage","@id":"https:\/\/cvinoticias.com\/v3\/los-gremios-docentes-acordaron-levantar-el-acampe-y-firmaron-acuerdo\/","url":"https:\/\/cvinoticias.com\/v3\/los-gremios-docentes-acordaron-levantar-el-acampe-y-firmaron-acuerdo\/","name":"Los gremios docentes acordaron levantar el acampe y firmaron acuerdo | CVI NOTICIAS","isPartOf":{"@id":"https:\/\/cvinoticias.com\/v3\/#website"},"primaryImageOfPage":{"@id":"https:\/\/cvinoticias.com\/v3\/los-gremios-docentes-acordaron-levantar-el-acampe-y-firmaron-acuerdo\/#primaryimage"},"image":{"@id":"https:\/\/cvinoticias.com\/v3\/los-gremios-docentes-acordaron-levantar-el-acampe-y-firmaron-acuerdo\/#primaryimage"},"thumbnailUrl":"https:\/\/cvinoticias.com\/wp-content\/uploads\/2024\/06\/docentes-misionesjpg.jpg","datePublished":"2024-06-08T12:06:04+00:00","dateModified":"2024-06-08T12:06:05+00:00","breadcrumb":{"@id":"https:\/\/cvinoticias.com\/v3\/los-gremios-docentes-acordaron-levantar-el-acampe-y-firmaron-acuerdo\/#breadcrumb"},"inLanguage":"es","potentialAction":[{"@type":"ReadAction","target":["https:\/\/cvinoticias.com\/v3\/los-gremios-docentes-acordaron-levantar-el-acampe-y-firmaron-acuerdo\/"]}]},{"@type":"ImageObject","inLanguage":"es","@id":"https:\/\/cvinoticias.com\/v3\/los-gremios-docentes-acordaron-levantar-el-acampe-y-firmaron-acuerdo\/#primaryimage","url":"https:\/\/cvinoticias.com\/wp-content\/uploads\/2024\/06\/docentes-misionesjpg.jpg","contentUrl":"https:\/\/cvinoticias.com\/wp-content\/uploads\/2024\/06\/docentes-misionesjpg.jpg","width":375,"height":211},{"@type":"BreadcrumbList","@id":"https:\/\/cvinoticias.com\/v3\/los-gremios-docentes-acordaron-levantar-el-acampe-y-firmaron-acuerdo\/#breadcrumb","itemListElement":[{"@type":"ListItem","position":1,"name":"Portada","item":"https:\/\/cvinoticias.com\/v3\/"},{"@type":"ListItem","position":2,"name":"Los gremios docentes acordaron levantar el acampe y firmaron acuerdo"}]},{"@type":"WebSite","@id":"https:\/\/cvinoticias.com\/v3\/#website","url":"https:\/\/cvinoticias.com\/v3\/","name":"CVI NOTICIAS","description":"","publisher":{"@id":"https:\/\/cvinoticias.com\/v3\/#organization"},"alternateName":"CVI","potentialAction":[{"@type":"SearchAction","target":{"@type":"EntryPoint","urlTemplate":"https:\/\/cvinoticias.com\/v3\/?s={search_term_string}"},"query-input":{"@type":"PropertyValueSpecification","valueRequired":true,"valueName":"search_term_string"}}],"inLanguage":"es"},{"@type":"Organization","@id":"https:\/\/cvinoticias.com\/v3\/#organization","name":"CVI NOTICIAS","url":"https:\/\/cvinoticias.com\/v3\/","logo":{"@type":"ImageObject","inLanguage":"es","@id":"https:\/\/cvinoticias.com\/v3\/#\/schema\/logo\/image\/","url":"https:\/\/cvinoticias.com\/wp-content\/uploads\/2023\/04\/cropped-cropped-cropped-cropped-cropped-3-1.png","contentUrl":"https:\/\/cvinoticias.com\/wp-content\/uploads\/2023\/04\/cropped-cropped-cropped-cropped-cropped-3-1.png","width":95,"height":122,"caption":"CVI NOTICIAS"},"image":{"@id":"https:\/\/cvinoticias.com\/v3\/#\/schema\/logo\/image\/"},"sameAs":["https:\/\/www.facebook.com\/cvinoticias","https:\/\/www.instagram.com\/cvinoticias\/","https:\/\/www.youtube.com\/@CVINOTICIAS"]},{"@type":"Person","@id":"https:\/\/cvinoticias.com\/v3\/#\/schema\/person\/2db77e3c6bc03c538495d7b2b8be9b66","name":"f1000024","image":{"@type":"ImageObject","inLanguage":"es","@id":"https:\/\/secure.gravatar.com\/avatar\/d4fe7459cfc51ff5129ce1a732bbef5928568b8092d412ef95611616376bbeed?s=96&d=mm&r=g","url":"https:\/\/secure.gravatar.com\/avatar\/d4fe7459cfc51ff5129ce1a732bbef5928568b8092d412ef95611616376bbeed?s=96&d=mm&r=g","contentUrl":"https:\/\/secure.gravatar.com\/avatar\/d4fe7459cfc51ff5129ce1a732bbef5928568b8092d412ef95611616376bbeed?s=96&d=mm&r=g","caption":"f1000024"},"url":"https:\/\/cvinoticias.com\/v3\/author\/f1000024\/"}]}},"_links":{"self":[{"href":"https:\/\/cvinoticias.com\/v3\/wp-json\/wp\/v2\/posts\/33639","targetHints":{"allow":["GET"]}}],"collection":[{"href":"https:\/\/cvinoticias.com\/v3\/wp-json\/wp\/v2\/posts"}],"about":[{"href":"https:\/\/cvinoticias.com\/v3\/wp-json\/wp\/v2\/types\/post"}],"author":[{"embeddable":true,"href":"https:\/\/cvinoticias.com\/v3\/wp-json\/wp\/v2\/users\/2"}],"replies":[{"embeddable":true,"href":"https:\/\/cvinoticias.com\/v3\/wp-json\/wp\/v2\/comments?post=33639"}],"version-history":[{"count":1,"href":"https:\/\/cvinoticias.com\/v3\/wp-json\/wp\/v2\/posts\/33639\/revisions"}],"predecessor-version":[{"id":33641,"href":"https:\/\/cvinoticias.com\/v3\/wp-json\/wp\/v2\/posts\/33639\/revisions\/33641"}],"wp:featuredmedia":[{"embeddable":true,"href":"https:\/\/cvinoticias.com\/v3\/wp-json\/wp\/v2\/media\/33640"}],"wp:attachment":[{"href":"https:\/\/cvinoticias.com\/v3\/wp-json\/wp\/v2\/media?parent=33639"}],"wp:term":[{"taxonomy":"category","embeddable":true,"href":"https:\/\/cvinoticias.com\/v3\/wp-json\/wp\/v2\/categories?post=33639"},{"taxonomy":"post_tag","embeddable":true,"href":"https:\/\/cvinoticias.com\/v3\/wp-json\/wp\/v2\/tags?post=33639"}],"curies":[{"name":"wp","href":"https:\/\/api.w.org\/{rel}","templated":true}]}}