{"id":33627,"date":"2024-06-06T20:47:26","date_gmt":"2024-06-06T23:47:26","guid":{"rendered":"https:\/\/cvinoticias.com\/v3\/?p=33627"},"modified":"2024-06-06T21:06:17","modified_gmt":"2024-06-07T00:06:17","slug":"en-la-sesion-de-hoy-de-la-hcr-se-aprobo-el-programa-de-promocion-de-empleo-joven","status":"publish","type":"post","link":"https:\/\/cvinoticias.com\/v3\/en-la-sesion-de-hoy-de-la-hcr-se-aprobo-el-programa-de-promocion-de-empleo-joven\/","title":{"rendered":"En la sesi\u00f3n de hoy de la HCR se aprob\u00f3 el Programa de Promoci\u00f3n de Empleo Joven"},"content":{"rendered":"\n<p><\/p>\n\n\n\n<p>El d\u00eda de hoy se aprob\u00f3 una Ley importante cuyo beneficiarios de las pol\u00edticas y acciones ser\u00e1n los j\u00f3venes institucionalizados en los hogares para ni\u00f1os, ni\u00f1as y adolescentes de Misiones.<\/p>\n\n\n\n<p><\/p>\n\n\n\n<p>Se trata del Programa de Promoci\u00f3n de Empleo Joven: proyecto impulsado por los diputados Carlos Rovira, Silvia Rojas, Lucas Romero, Rita N\u00fa\u00f1ez (mandato cumplido), Pablo Ram\u00edrez (mc), Waldemar Wolenberg (mc) y Pedro Pietrowski (mc); que tiene por objetivo brindar un marco a las pol\u00edticas de egreso de los adolescentes residentes en hogares de ni\u00f1os, ni\u00f1as y adolescentes de la provincia orientadas a promover su inserci\u00f3n socio-laboral. <\/p>\n\n\n\n<p>La norma sancionada es de vital importancia dada la caracter\u00edstica particular que ostenta Misiones, la provincia joven por excelencia de Argentina, con la mitad de su poblaci\u00f3n en el  rango etario de personas desde los 16 a los 30 a\u00f1os.<\/p>\n\n\n\n<p><strong>Es por ello que se crear\u00e1 el Registro Provincial de J\u00f3venes Aspirantes y Empleadores. Dicho registro conformar\u00e1 una base de datos actualizada sobre j\u00f3venes interesados, sus perfiles y formaci\u00f3n profesional, empleadores participantes del Programa y todo otro dato de inter\u00e9s para el dise\u00f1o de medidas y acciones orientadas a facilitar los circuitos de b\u00fasqueda de empleo. <\/strong><\/p>\n\n\n\n<p><\/p>\n","protected":false},"excerpt":{"rendered":"<p>El d\u00eda de hoy se aprob\u00f3 una Ley importante cuyo beneficiarios de las pol\u00edticas y acciones ser\u00e1n los j\u00f3venes institucionalizados en los hogares para ni\u00f1os, ni\u00f1as y adolescentes de Misiones. Se trata del Programa de Promoci\u00f3n de Empleo Joven: proyecto impulsado por los diputados Carlos Rovira, Silvia Rojas, Lucas Romero, Rita N\u00fa\u00f1ez (mandato cumplido), Pablo [&hellip;]<\/p>\n","protected":false},"author":2,"featured_media":33628,"comment_status":"open","ping_status":"open","sticky":false,"template":"","format":"standard","meta":{"footnotes":""},"categories":[43],"tags":[],"class_list":["post-33627","post","type-post","status-publish","format-standard","has-post-thumbnail","hentry","category-provinciales"],"yoast_head":"<!-- This site is optimized with the Yoast SEO plugin v27.5 - https:\/\/yoast.com\/product\/yoast-seo-wordpress\/ -->\n<title>En la sesi\u00f3n de hoy de la HCR se aprob\u00f3 el Programa de Promoci\u00f3n de Empleo Joven | CVI NOTICIAS<\/title>\n<meta name=\"robots\" content=\"index, follow, max-snippet:-1, max-image-preview:large, max-video-preview:-1\" \/>\n<link rel=\"canonical\" href=\"https:\/\/cvinoticias.com\/v3\/en-la-sesion-de-hoy-de-la-hcr-se-aprobo-el-programa-de-promocion-de-empleo-joven\/\" \/>\n<meta property=\"og:locale\" content=\"es_ES\" \/>\n<meta property=\"og:type\" content=\"article\" \/>\n<meta property=\"og:title\" content=\"En la sesi\u00f3n de hoy de la HCR se aprob\u00f3 el Programa de Promoci\u00f3n de Empleo Joven | CVI NOTICIAS\" \/>\n<meta property=\"og:description\" content=\"El d\u00eda de hoy se aprob\u00f3 una Ley importante cuyo beneficiarios de las pol\u00edticas y acciones ser\u00e1n los j\u00f3venes institucionalizados en los hogares para ni\u00f1os, ni\u00f1as y adolescentes de Misiones. Se trata del Programa de Promoci\u00f3n de Empleo Joven: proyecto impulsado por los diputados Carlos Rovira, Silvia Rojas, Lucas Romero, Rita N\u00fa\u00f1ez (mandato cumplido), Pablo [&hellip;]\" \/>\n<meta property=\"og:url\" content=\"https:\/\/cvinoticias.com\/v3\/en-la-sesion-de-hoy-de-la-hcr-se-aprobo-el-programa-de-promocion-de-empleo-joven\/\" \/>\n<meta property=\"og:site_name\" content=\"CVI NOTICIAS\" \/>\n<meta property=\"article:publisher\" content=\"https:\/\/www.facebook.com\/cvinoticias\" \/>\n<meta property=\"article:published_time\" content=\"2024-06-06T23:47:26+00:00\" \/>\n<meta property=\"article:modified_time\" content=\"2024-06-07T00:06:17+00:00\" \/>\n<meta property=\"og:image\" content=\"https:\/\/cvinoticias.com\/wp-content\/uploads\/2024\/06\/Empleo-joven-jovenes-trabajadores.jpg\" \/>\n\t<meta property=\"og:image:width\" content=\"1200\" \/>\n\t<meta property=\"og:image:height\" content=\"800\" \/>\n\t<meta property=\"og:image:type\" content=\"image\/jpeg\" \/>\n<meta name=\"author\" content=\"f1000024\" \/>\n<meta name=\"twitter:card\" content=\"summary_large_image\" \/>\n<meta name=\"twitter:label1\" content=\"Escrito por\" \/>\n\t<meta name=\"twitter:data1\" content=\"f1000024\" \/>\n\t<meta name=\"twitter:label2\" content=\"Tiempo de lectura\" \/>\n\t<meta name=\"twitter:data2\" content=\"2 minutos\" \/>\n<script type=\"application\/ld+json\" class=\"yoast-schema-graph\">{\"@context\":\"https:\\\/\\\/schema.org\",\"@graph\":[{\"@type\":\"Article\",\"@id\":\"https:\\\/\\\/cvinoticias.com\\\/v3\\\/en-la-sesion-de-hoy-de-la-hcr-se-aprobo-el-programa-de-promocion-de-empleo-joven\\\/#article\",\"isPartOf\":{\"@id\":\"https:\\\/\\\/cvinoticias.com\\\/v3\\\/en-la-sesion-de-hoy-de-la-hcr-se-aprobo-el-programa-de-promocion-de-empleo-joven\\\/\"},\"author\":{\"name\":\"f1000024\",\"@id\":\"https:\\\/\\\/cvinoticias.com\\\/v3\\\/#\\\/schema\\\/person\\\/2db77e3c6bc03c538495d7b2b8be9b66\"},\"headline\":\"En la sesi\u00f3n de hoy de la HCR se aprob\u00f3 el Programa de Promoci\u00f3n de Empleo Joven\",\"datePublished\":\"2024-06-06T23:47:26+00:00\",\"dateModified\":\"2024-06-07T00:06:17+00:00\",\"mainEntityOfPage\":{\"@id\":\"https:\\\/\\\/cvinoticias.com\\\/v3\\\/en-la-sesion-de-hoy-de-la-hcr-se-aprobo-el-programa-de-promocion-de-empleo-joven\\\/\"},\"wordCount\":231,\"commentCount\":0,\"publisher\":{\"@id\":\"https:\\\/\\\/cvinoticias.com\\\/v3\\\/#organization\"},\"image\":{\"@id\":\"https:\\\/\\\/cvinoticias.com\\\/v3\\\/en-la-sesion-de-hoy-de-la-hcr-se-aprobo-el-programa-de-promocion-de-empleo-joven\\\/#primaryimage\"},\"thumbnailUrl\":\"https:\\\/\\\/cvinoticias.com\\\/wp-content\\\/uploads\\\/2024\\\/06\\\/Empleo-joven-jovenes-trabajadores.jpg\",\"articleSection\":[\"Provinciales\"],\"inLanguage\":\"es\",\"potentialAction\":[{\"@type\":\"CommentAction\",\"name\":\"Comment\",\"target\":[\"https:\\\/\\\/cvinoticias.com\\\/v3\\\/en-la-sesion-de-hoy-de-la-hcr-se-aprobo-el-programa-de-promocion-de-empleo-joven\\\/#respond\"]}]},{\"@type\":\"WebPage\",\"@id\":\"https:\\\/\\\/cvinoticias.com\\\/v3\\\/en-la-sesion-de-hoy-de-la-hcr-se-aprobo-el-programa-de-promocion-de-empleo-joven\\\/\",\"url\":\"https:\\\/\\\/cvinoticias.com\\\/v3\\\/en-la-sesion-de-hoy-de-la-hcr-se-aprobo-el-programa-de-promocion-de-empleo-joven\\\/\",\"name\":\"En la sesi\u00f3n de hoy de la HCR se aprob\u00f3 el Programa de Promoci\u00f3n de Empleo Joven | CVI NOTICIAS\",\"isPartOf\":{\"@id\":\"https:\\\/\\\/cvinoticias.com\\\/v3\\\/#website\"},\"primaryImageOfPage\":{\"@id\":\"https:\\\/\\\/cvinoticias.com\\\/v3\\\/en-la-sesion-de-hoy-de-la-hcr-se-aprobo-el-programa-de-promocion-de-empleo-joven\\\/#primaryimage\"},\"image\":{\"@id\":\"https:\\\/\\\/cvinoticias.com\\\/v3\\\/en-la-sesion-de-hoy-de-la-hcr-se-aprobo-el-programa-de-promocion-de-empleo-joven\\\/#primaryimage\"},\"thumbnailUrl\":\"https:\\\/\\\/cvinoticias.com\\\/wp-content\\\/uploads\\\/2024\\\/06\\\/Empleo-joven-jovenes-trabajadores.jpg\",\"datePublished\":\"2024-06-06T23:47:26+00:00\",\"dateModified\":\"2024-06-07T00:06:17+00:00\",\"breadcrumb\":{\"@id\":\"https:\\\/\\\/cvinoticias.com\\\/v3\\\/en-la-sesion-de-hoy-de-la-hcr-se-aprobo-el-programa-de-promocion-de-empleo-joven\\\/#breadcrumb\"},\"inLanguage\":\"es\",\"potentialAction\":[{\"@type\":\"ReadAction\",\"target\":[\"https:\\\/\\\/cvinoticias.com\\\/v3\\\/en-la-sesion-de-hoy-de-la-hcr-se-aprobo-el-programa-de-promocion-de-empleo-joven\\\/\"]}]},{\"@type\":\"ImageObject\",\"inLanguage\":\"es\",\"@id\":\"https:\\\/\\\/cvinoticias.com\\\/v3\\\/en-la-sesion-de-hoy-de-la-hcr-se-aprobo-el-programa-de-promocion-de-empleo-joven\\\/#primaryimage\",\"url\":\"https:\\\/\\\/cvinoticias.com\\\/wp-content\\\/uploads\\\/2024\\\/06\\\/Empleo-joven-jovenes-trabajadores.jpg\",\"contentUrl\":\"https:\\\/\\\/cvinoticias.com\\\/wp-content\\\/uploads\\\/2024\\\/06\\\/Empleo-joven-jovenes-trabajadores.jpg\",\"width\":1200,\"height\":800},{\"@type\":\"BreadcrumbList\",\"@id\":\"https:\\\/\\\/cvinoticias.com\\\/v3\\\/en-la-sesion-de-hoy-de-la-hcr-se-aprobo-el-programa-de-promocion-de-empleo-joven\\\/#breadcrumb\",\"itemListElement\":[{\"@type\":\"ListItem\",\"position\":1,\"name\":\"Portada\",\"item\":\"https:\\\/\\\/cvinoticias.com\\\/v3\\\/\"},{\"@type\":\"ListItem\",\"position\":2,\"name\":\"En la sesi\u00f3n de hoy de la HCR se aprob\u00f3 el Programa de Promoci\u00f3n de Empleo Joven\"}]},{\"@type\":\"WebSite\",\"@id\":\"https:\\\/\\\/cvinoticias.com\\\/v3\\\/#website\",\"url\":\"https:\\\/\\\/cvinoticias.com\\\/v3\\\/\",\"name\":\"CVI NOTICIAS\",\"description\":\"\",\"publisher\":{\"@id\":\"https:\\\/\\\/cvinoticias.com\\\/v3\\\/#organization\"},\"alternateName\":\"CVI\",\"potentialAction\":[{\"@type\":\"SearchAction\",\"target\":{\"@type\":\"EntryPoint\",\"urlTemplate\":\"https:\\\/\\\/cvinoticias.com\\\/v3\\\/?s={search_term_string}\"},\"query-input\":{\"@type\":\"PropertyValueSpecification\",\"valueRequired\":true,\"valueName\":\"search_term_string\"}}],\"inLanguage\":\"es\"},{\"@type\":\"Organization\",\"@id\":\"https:\\\/\\\/cvinoticias.com\\\/v3\\\/#organization\",\"name\":\"CVI NOTICIAS\",\"url\":\"https:\\\/\\\/cvinoticias.com\\\/v3\\\/\",\"logo\":{\"@type\":\"ImageObject\",\"inLanguage\":\"es\",\"@id\":\"https:\\\/\\\/cvinoticias.com\\\/v3\\\/#\\\/schema\\\/logo\\\/image\\\/\",\"url\":\"https:\\\/\\\/cvinoticias.com\\\/wp-content\\\/uploads\\\/2023\\\/04\\\/cropped-cropped-cropped-cropped-cropped-3-1.png\",\"contentUrl\":\"https:\\\/\\\/cvinoticias.com\\\/wp-content\\\/uploads\\\/2023\\\/04\\\/cropped-cropped-cropped-cropped-cropped-3-1.png\",\"width\":95,\"height\":122,\"caption\":\"CVI NOTICIAS\"},\"image\":{\"@id\":\"https:\\\/\\\/cvinoticias.com\\\/v3\\\/#\\\/schema\\\/logo\\\/image\\\/\"},\"sameAs\":[\"https:\\\/\\\/www.facebook.com\\\/cvinoticias\",\"https:\\\/\\\/www.instagram.com\\\/cvinoticias\\\/\",\"https:\\\/\\\/www.youtube.com\\\/@CVINOTICIAS\"]},{\"@type\":\"Person\",\"@id\":\"https:\\\/\\\/cvinoticias.com\\\/v3\\\/#\\\/schema\\\/person\\\/2db77e3c6bc03c538495d7b2b8be9b66\",\"name\":\"f1000024\",\"image\":{\"@type\":\"ImageObject\",\"inLanguage\":\"es\",\"@id\":\"https:\\\/\\\/secure.gravatar.com\\\/avatar\\\/d4fe7459cfc51ff5129ce1a732bbef5928568b8092d412ef95611616376bbeed?s=96&d=mm&r=g\",\"url\":\"https:\\\/\\\/secure.gravatar.com\\\/avatar\\\/d4fe7459cfc51ff5129ce1a732bbef5928568b8092d412ef95611616376bbeed?s=96&d=mm&r=g\",\"contentUrl\":\"https:\\\/\\\/secure.gravatar.com\\\/avatar\\\/d4fe7459cfc51ff5129ce1a732bbef5928568b8092d412ef95611616376bbeed?s=96&d=mm&r=g\",\"caption\":\"f1000024\"},\"url\":\"https:\\\/\\\/cvinoticias.com\\\/v3\\\/author\\\/f1000024\\\/\"}]}<\/script>\n<!-- \/ Yoast SEO plugin. -->","yoast_head_json":{"title":"En la sesi\u00f3n de hoy de la HCR se aprob\u00f3 el Programa de Promoci\u00f3n de Empleo Joven | CVI NOTICIAS","robots":{"index":"index","follow":"follow","max-snippet":"max-snippet:-1","max-image-preview":"max-image-preview:large","max-video-preview":"max-video-preview:-1"},"canonical":"https:\/\/cvinoticias.com\/v3\/en-la-sesion-de-hoy-de-la-hcr-se-aprobo-el-programa-de-promocion-de-empleo-joven\/","og_locale":"es_ES","og_type":"article","og_title":"En la sesi\u00f3n de hoy de la HCR se aprob\u00f3 el Programa de Promoci\u00f3n de Empleo Joven | CVI NOTICIAS","og_description":"El d\u00eda de hoy se aprob\u00f3 una Ley importante cuyo beneficiarios de las pol\u00edticas y acciones ser\u00e1n los j\u00f3venes institucionalizados en los hogares para ni\u00f1os, ni\u00f1as y adolescentes de Misiones. Se trata del Programa de Promoci\u00f3n de Empleo Joven: proyecto impulsado por los diputados Carlos Rovira, Silvia Rojas, Lucas Romero, Rita N\u00fa\u00f1ez (mandato cumplido), Pablo [&hellip;]","og_url":"https:\/\/cvinoticias.com\/v3\/en-la-sesion-de-hoy-de-la-hcr-se-aprobo-el-programa-de-promocion-de-empleo-joven\/","og_site_name":"CVI NOTICIAS","article_publisher":"https:\/\/www.facebook.com\/cvinoticias","article_published_time":"2024-06-06T23:47:26+00:00","article_modified_time":"2024-06-07T00:06:17+00:00","og_image":[{"width":1200,"height":800,"url":"https:\/\/cvinoticias.com\/wp-content\/uploads\/2024\/06\/Empleo-joven-jovenes-trabajadores.jpg","type":"image\/jpeg"}],"author":"f1000024","twitter_card":"summary_large_image","twitter_misc":{"Escrito por":"f1000024","Tiempo de lectura":"2 minutos"},"schema":{"@context":"https:\/\/schema.org","@graph":[{"@type":"Article","@id":"https:\/\/cvinoticias.com\/v3\/en-la-sesion-de-hoy-de-la-hcr-se-aprobo-el-programa-de-promocion-de-empleo-joven\/#article","isPartOf":{"@id":"https:\/\/cvinoticias.com\/v3\/en-la-sesion-de-hoy-de-la-hcr-se-aprobo-el-programa-de-promocion-de-empleo-joven\/"},"author":{"name":"f1000024","@id":"https:\/\/cvinoticias.com\/v3\/#\/schema\/person\/2db77e3c6bc03c538495d7b2b8be9b66"},"headline":"En la sesi\u00f3n de hoy de la HCR se aprob\u00f3 el Programa de Promoci\u00f3n de Empleo Joven","datePublished":"2024-06-06T23:47:26+00:00","dateModified":"2024-06-07T00:06:17+00:00","mainEntityOfPage":{"@id":"https:\/\/cvinoticias.com\/v3\/en-la-sesion-de-hoy-de-la-hcr-se-aprobo-el-programa-de-promocion-de-empleo-joven\/"},"wordCount":231,"commentCount":0,"publisher":{"@id":"https:\/\/cvinoticias.com\/v3\/#organization"},"image":{"@id":"https:\/\/cvinoticias.com\/v3\/en-la-sesion-de-hoy-de-la-hcr-se-aprobo-el-programa-de-promocion-de-empleo-joven\/#primaryimage"},"thumbnailUrl":"https:\/\/cvinoticias.com\/wp-content\/uploads\/2024\/06\/Empleo-joven-jovenes-trabajadores.jpg","articleSection":["Provinciales"],"inLanguage":"es","potentialAction":[{"@type":"CommentAction","name":"Comment","target":["https:\/\/cvinoticias.com\/v3\/en-la-sesion-de-hoy-de-la-hcr-se-aprobo-el-programa-de-promocion-de-empleo-joven\/#respond"]}]},{"@type":"WebPage","@id":"https:\/\/cvinoticias.com\/v3\/en-la-sesion-de-hoy-de-la-hcr-se-aprobo-el-programa-de-promocion-de-empleo-joven\/","url":"https:\/\/cvinoticias.com\/v3\/en-la-sesion-de-hoy-de-la-hcr-se-aprobo-el-programa-de-promocion-de-empleo-joven\/","name":"En la sesi\u00f3n de hoy de la HCR se aprob\u00f3 el Programa de Promoci\u00f3n de Empleo Joven | CVI NOTICIAS","isPartOf":{"@id":"https:\/\/cvinoticias.com\/v3\/#website"},"primaryImageOfPage":{"@id":"https:\/\/cvinoticias.com\/v3\/en-la-sesion-de-hoy-de-la-hcr-se-aprobo-el-programa-de-promocion-de-empleo-joven\/#primaryimage"},"image":{"@id":"https:\/\/cvinoticias.com\/v3\/en-la-sesion-de-hoy-de-la-hcr-se-aprobo-el-programa-de-promocion-de-empleo-joven\/#primaryimage"},"thumbnailUrl":"https:\/\/cvinoticias.com\/wp-content\/uploads\/2024\/06\/Empleo-joven-jovenes-trabajadores.jpg","datePublished":"2024-06-06T23:47:26+00:00","dateModified":"2024-06-07T00:06:17+00:00","breadcrumb":{"@id":"https:\/\/cvinoticias.com\/v3\/en-la-sesion-de-hoy-de-la-hcr-se-aprobo-el-programa-de-promocion-de-empleo-joven\/#breadcrumb"},"inLanguage":"es","potentialAction":[{"@type":"ReadAction","target":["https:\/\/cvinoticias.com\/v3\/en-la-sesion-de-hoy-de-la-hcr-se-aprobo-el-programa-de-promocion-de-empleo-joven\/"]}]},{"@type":"ImageObject","inLanguage":"es","@id":"https:\/\/cvinoticias.com\/v3\/en-la-sesion-de-hoy-de-la-hcr-se-aprobo-el-programa-de-promocion-de-empleo-joven\/#primaryimage","url":"https:\/\/cvinoticias.com\/wp-content\/uploads\/2024\/06\/Empleo-joven-jovenes-trabajadores.jpg","contentUrl":"https:\/\/cvinoticias.com\/wp-content\/uploads\/2024\/06\/Empleo-joven-jovenes-trabajadores.jpg","width":1200,"height":800},{"@type":"BreadcrumbList","@id":"https:\/\/cvinoticias.com\/v3\/en-la-sesion-de-hoy-de-la-hcr-se-aprobo-el-programa-de-promocion-de-empleo-joven\/#breadcrumb","itemListElement":[{"@type":"ListItem","position":1,"name":"Portada","item":"https:\/\/cvinoticias.com\/v3\/"},{"@type":"ListItem","position":2,"name":"En la sesi\u00f3n de hoy de la HCR se aprob\u00f3 el Programa de Promoci\u00f3n de Empleo Joven"}]},{"@type":"WebSite","@id":"https:\/\/cvinoticias.com\/v3\/#website","url":"https:\/\/cvinoticias.com\/v3\/","name":"CVI NOTICIAS","description":"","publisher":{"@id":"https:\/\/cvinoticias.com\/v3\/#organization"},"alternateName":"CVI","potentialAction":[{"@type":"SearchAction","target":{"@type":"EntryPoint","urlTemplate":"https:\/\/cvinoticias.com\/v3\/?s={search_term_string}"},"query-input":{"@type":"PropertyValueSpecification","valueRequired":true,"valueName":"search_term_string"}}],"inLanguage":"es"},{"@type":"Organization","@id":"https:\/\/cvinoticias.com\/v3\/#organization","name":"CVI NOTICIAS","url":"https:\/\/cvinoticias.com\/v3\/","logo":{"@type":"ImageObject","inLanguage":"es","@id":"https:\/\/cvinoticias.com\/v3\/#\/schema\/logo\/image\/","url":"https:\/\/cvinoticias.com\/wp-content\/uploads\/2023\/04\/cropped-cropped-cropped-cropped-cropped-3-1.png","contentUrl":"https:\/\/cvinoticias.com\/wp-content\/uploads\/2023\/04\/cropped-cropped-cropped-cropped-cropped-3-1.png","width":95,"height":122,"caption":"CVI NOTICIAS"},"image":{"@id":"https:\/\/cvinoticias.com\/v3\/#\/schema\/logo\/image\/"},"sameAs":["https:\/\/www.facebook.com\/cvinoticias","https:\/\/www.instagram.com\/cvinoticias\/","https:\/\/www.youtube.com\/@CVINOTICIAS"]},{"@type":"Person","@id":"https:\/\/cvinoticias.com\/v3\/#\/schema\/person\/2db77e3c6bc03c538495d7b2b8be9b66","name":"f1000024","image":{"@type":"ImageObject","inLanguage":"es","@id":"https:\/\/secure.gravatar.com\/avatar\/d4fe7459cfc51ff5129ce1a732bbef5928568b8092d412ef95611616376bbeed?s=96&d=mm&r=g","url":"https:\/\/secure.gravatar.com\/avatar\/d4fe7459cfc51ff5129ce1a732bbef5928568b8092d412ef95611616376bbeed?s=96&d=mm&r=g","contentUrl":"https:\/\/secure.gravatar.com\/avatar\/d4fe7459cfc51ff5129ce1a732bbef5928568b8092d412ef95611616376bbeed?s=96&d=mm&r=g","caption":"f1000024"},"url":"https:\/\/cvinoticias.com\/v3\/author\/f1000024\/"}]}},"_links":{"self":[{"href":"https:\/\/cvinoticias.com\/v3\/wp-json\/wp\/v2\/posts\/33627","targetHints":{"allow":["GET"]}}],"collection":[{"href":"https:\/\/cvinoticias.com\/v3\/wp-json\/wp\/v2\/posts"}],"about":[{"href":"https:\/\/cvinoticias.com\/v3\/wp-json\/wp\/v2\/types\/post"}],"author":[{"embeddable":true,"href":"https:\/\/cvinoticias.com\/v3\/wp-json\/wp\/v2\/users\/2"}],"replies":[{"embeddable":true,"href":"https:\/\/cvinoticias.com\/v3\/wp-json\/wp\/v2\/comments?post=33627"}],"version-history":[{"count":2,"href":"https:\/\/cvinoticias.com\/v3\/wp-json\/wp\/v2\/posts\/33627\/revisions"}],"predecessor-version":[{"id":33631,"href":"https:\/\/cvinoticias.com\/v3\/wp-json\/wp\/v2\/posts\/33627\/revisions\/33631"}],"wp:featuredmedia":[{"embeddable":true,"href":"https:\/\/cvinoticias.com\/v3\/wp-json\/wp\/v2\/media\/33628"}],"wp:attachment":[{"href":"https:\/\/cvinoticias.com\/v3\/wp-json\/wp\/v2\/media?parent=33627"}],"wp:term":[{"taxonomy":"category","embeddable":true,"href":"https:\/\/cvinoticias.com\/v3\/wp-json\/wp\/v2\/categories?post=33627"},{"taxonomy":"post_tag","embeddable":true,"href":"https:\/\/cvinoticias.com\/v3\/wp-json\/wp\/v2\/tags?post=33627"}],"curies":[{"name":"wp","href":"https:\/\/api.w.org\/{rel}","templated":true}]}}