{"id":33622,"date":"2024-06-06T20:02:18","date_gmt":"2024-06-06T23:02:18","guid":{"rendered":"https:\/\/cvinoticias.com\/v3\/?p=33622"},"modified":"2024-06-06T20:02:19","modified_gmt":"2024-06-06T23:02:19","slug":"trabajadores-de-salud-llegaron-a-un-acuerdo-salarial","status":"publish","type":"post","link":"https:\/\/cvinoticias.com\/v3\/trabajadores-de-salud-llegaron-a-un-acuerdo-salarial\/","title":{"rendered":"Trabajadores de Salud llegaron a un acuerdo salarial"},"content":{"rendered":"\n<p><strong>Autoridades provinciales e integrantes de la mesa t\u00e9cnica salarial de salud, con la representaci\u00f3n de las seis seccionales que la componen, sellaron un acuerdo y los trabajadores en protesta levantaron el acampe que ven\u00edan realizando desde hace varios d\u00edas frente al ministerio ubicado sobre calle Tucum\u00e1n de Posadas.<\/strong><\/p>\n\n\n\n<p>Del encuentro fueron parte representantes sindicales, como as\u00ed tambi\u00e9n el ministro de Salud, H\u00e9ctor Gonz\u00e1lez; el ministro de Hacienda, Adolfo Safr\u00e1n; y la ministra de Trabajo y Empleo, Silvana Gim\u00e9nez.<\/p>\n\n\n\n<p>\u201c<strong>Pudimos firmar con las seis seccionales. Aceptamos el acuerdo. Estamos felices por el pase a planta de los compa\u00f1eros. Estamos felices porque sentamos un antecedente a nivel nacional donde la provincia se har\u00e1 cargo de un sector nacional que fue desmantelado por (Javier) Milei y que hoy, a partir de junio, van a tener su contrato dentro del ministerio de Salud. Seguimos luchando por los dem\u00e1s sectores\u201d<\/strong>, resalt\u00f3 una representante de ATE CDT tras la r\u00fabrica.<\/p>\n\n\n\n<p>Seg\u00fan detallaron, entre otros puntos, el acuerdo establece un incremento salarial a partir de junio para los agentes de la carrera sanitaria de $17.522 al b\u00e1sico para la categor\u00eda DII, con un 10% de aumento progresivo en las dem\u00e1s categor\u00edas superiores.<\/p>\n\n\n\n<p>Una vez estampadas las firmas necesarias para formalizar el acuerdo, los trabajadores en protesta decidieron levantar el acampe que se ven\u00eda realizando frente al ministerio de Salud ubicado sobre calle Tucum\u00e1n, liberando as\u00ed el tr\u00e1nsito sobre esa arteria del microcentro posade\u00f1o.<\/p>\n\n\n\n<figure class=\"wp-block-gallery has-nested-images columns-default is-cropped wp-block-gallery-1 is-layout-flex wp-block-gallery-is-layout-flex\">\n<figure class=\"wp-block-image size-large\"><a href=\"https:\/\/cvinoticias.com\/wp-content\/uploads\/2024\/06\/salud1.jpg\"><img decoding=\"async\" width=\"1000\" height=\"563\" data-id=\"33625\" data-src=\"https:\/\/cvinoticias.com\/wp-content\/uploads\/2024\/06\/salud1.jpg\" alt=\"\" class=\"wp-image-33625 lazyload\" data-srcset=\"https:\/\/cvinoticias.com\/wp-content\/uploads\/2024\/06\/salud1.jpg 1000w, https:\/\/cvinoticias.com\/wp-content\/uploads\/2024\/06\/salud1-300x169.jpg 300w, https:\/\/cvinoticias.com\/wp-content\/uploads\/2024\/06\/salud1-768x432.jpg 768w\" data-sizes=\"(max-width: 1000px) 100vw, 1000px\" src=\"data:image\/svg+xml;base64,PHN2ZyB3aWR0aD0iMSIgaGVpZ2h0PSIxIiB4bWxucz0iaHR0cDovL3d3dy53My5vcmcvMjAwMC9zdmciPjwvc3ZnPg==\" style=\"--smush-placeholder-width: 1000px; --smush-placeholder-aspect-ratio: 1000\/563;\" \/><\/a><\/figure>\n<\/figure>\n","protected":false},"excerpt":{"rendered":"<p>Autoridades provinciales e integrantes de la mesa t\u00e9cnica salarial de salud, con la representaci\u00f3n de las seis seccionales que la componen, sellaron un acuerdo y los trabajadores en protesta levantaron el acampe que ven\u00edan realizando desde hace varios d\u00edas frente al ministerio ubicado sobre calle Tucum\u00e1n de Posadas. Del encuentro fueron parte representantes sindicales, como [&hellip;]<\/p>\n","protected":false},"author":2,"featured_media":33624,"comment_status":"open","ping_status":"open","sticky":false,"template":"","format":"standard","meta":{"footnotes":""},"categories":[43],"tags":[],"class_list":["post-33622","post","type-post","status-publish","format-standard","has-post-thumbnail","hentry","category-provinciales"],"yoast_head":"<!-- This site is optimized with the Yoast SEO plugin v27.5 - https:\/\/yoast.com\/product\/yoast-seo-wordpress\/ -->\n<title>Trabajadores de Salud llegaron a un acuerdo salarial | CVI NOTICIAS<\/title>\n<meta name=\"robots\" content=\"index, follow, max-snippet:-1, max-image-preview:large, max-video-preview:-1\" \/>\n<link rel=\"canonical\" href=\"https:\/\/cvinoticias.com\/v3\/trabajadores-de-salud-llegaron-a-un-acuerdo-salarial\/\" \/>\n<meta property=\"og:locale\" content=\"es_ES\" \/>\n<meta property=\"og:type\" content=\"article\" \/>\n<meta property=\"og:title\" content=\"Trabajadores de Salud llegaron a un acuerdo salarial | CVI NOTICIAS\" \/>\n<meta property=\"og:description\" content=\"Autoridades provinciales e integrantes de la mesa t\u00e9cnica salarial de salud, con la representaci\u00f3n de las seis seccionales que la componen, sellaron un acuerdo y los trabajadores en protesta levantaron el acampe que ven\u00edan realizando desde hace varios d\u00edas frente al ministerio ubicado sobre calle Tucum\u00e1n de Posadas. Del encuentro fueron parte representantes sindicales, como [&hellip;]\" \/>\n<meta property=\"og:url\" content=\"https:\/\/cvinoticias.com\/v3\/trabajadores-de-salud-llegaron-a-un-acuerdo-salarial\/\" \/>\n<meta property=\"og:site_name\" content=\"CVI NOTICIAS\" \/>\n<meta property=\"article:publisher\" content=\"https:\/\/www.facebook.com\/cvinoticias\" \/>\n<meta property=\"article:published_time\" content=\"2024-06-06T23:02:18+00:00\" \/>\n<meta property=\"article:modified_time\" content=\"2024-06-06T23:02:19+00:00\" \/>\n<meta property=\"og:image\" content=\"https:\/\/cvinoticias.com\/wp-content\/uploads\/2024\/06\/salud-750x375-1.jpg\" \/>\n\t<meta property=\"og:image:width\" content=\"750\" \/>\n\t<meta property=\"og:image:height\" content=\"375\" \/>\n\t<meta property=\"og:image:type\" content=\"image\/jpeg\" \/>\n<meta name=\"author\" content=\"f1000024\" \/>\n<meta name=\"twitter:card\" content=\"summary_large_image\" \/>\n<meta name=\"twitter:label1\" content=\"Escrito por\" \/>\n\t<meta name=\"twitter:data1\" content=\"f1000024\" \/>\n\t<meta name=\"twitter:label2\" content=\"Tiempo de lectura\" \/>\n\t<meta name=\"twitter:data2\" content=\"2 minutos\" \/>\n<script type=\"application\/ld+json\" class=\"yoast-schema-graph\">{\"@context\":\"https:\\\/\\\/schema.org\",\"@graph\":[{\"@type\":\"Article\",\"@id\":\"https:\\\/\\\/cvinoticias.com\\\/v3\\\/trabajadores-de-salud-llegaron-a-un-acuerdo-salarial\\\/#article\",\"isPartOf\":{\"@id\":\"https:\\\/\\\/cvinoticias.com\\\/v3\\\/trabajadores-de-salud-llegaron-a-un-acuerdo-salarial\\\/\"},\"author\":{\"name\":\"f1000024\",\"@id\":\"https:\\\/\\\/cvinoticias.com\\\/v3\\\/#\\\/schema\\\/person\\\/2db77e3c6bc03c538495d7b2b8be9b66\"},\"headline\":\"Trabajadores de Salud llegaron a un acuerdo salarial\",\"datePublished\":\"2024-06-06T23:02:18+00:00\",\"dateModified\":\"2024-06-06T23:02:19+00:00\",\"mainEntityOfPage\":{\"@id\":\"https:\\\/\\\/cvinoticias.com\\\/v3\\\/trabajadores-de-salud-llegaron-a-un-acuerdo-salarial\\\/\"},\"wordCount\":264,\"commentCount\":0,\"publisher\":{\"@id\":\"https:\\\/\\\/cvinoticias.com\\\/v3\\\/#organization\"},\"image\":{\"@id\":\"https:\\\/\\\/cvinoticias.com\\\/v3\\\/trabajadores-de-salud-llegaron-a-un-acuerdo-salarial\\\/#primaryimage\"},\"thumbnailUrl\":\"https:\\\/\\\/cvinoticias.com\\\/wp-content\\\/uploads\\\/2024\\\/06\\\/salud-750x375-1.jpg\",\"articleSection\":[\"Provinciales\"],\"inLanguage\":\"es\",\"potentialAction\":[{\"@type\":\"CommentAction\",\"name\":\"Comment\",\"target\":[\"https:\\\/\\\/cvinoticias.com\\\/v3\\\/trabajadores-de-salud-llegaron-a-un-acuerdo-salarial\\\/#respond\"]}]},{\"@type\":\"WebPage\",\"@id\":\"https:\\\/\\\/cvinoticias.com\\\/v3\\\/trabajadores-de-salud-llegaron-a-un-acuerdo-salarial\\\/\",\"url\":\"https:\\\/\\\/cvinoticias.com\\\/v3\\\/trabajadores-de-salud-llegaron-a-un-acuerdo-salarial\\\/\",\"name\":\"Trabajadores de Salud llegaron a un acuerdo salarial | CVI NOTICIAS\",\"isPartOf\":{\"@id\":\"https:\\\/\\\/cvinoticias.com\\\/v3\\\/#website\"},\"primaryImageOfPage\":{\"@id\":\"https:\\\/\\\/cvinoticias.com\\\/v3\\\/trabajadores-de-salud-llegaron-a-un-acuerdo-salarial\\\/#primaryimage\"},\"image\":{\"@id\":\"https:\\\/\\\/cvinoticias.com\\\/v3\\\/trabajadores-de-salud-llegaron-a-un-acuerdo-salarial\\\/#primaryimage\"},\"thumbnailUrl\":\"https:\\\/\\\/cvinoticias.com\\\/wp-content\\\/uploads\\\/2024\\\/06\\\/salud-750x375-1.jpg\",\"datePublished\":\"2024-06-06T23:02:18+00:00\",\"dateModified\":\"2024-06-06T23:02:19+00:00\",\"breadcrumb\":{\"@id\":\"https:\\\/\\\/cvinoticias.com\\\/v3\\\/trabajadores-de-salud-llegaron-a-un-acuerdo-salarial\\\/#breadcrumb\"},\"inLanguage\":\"es\",\"potentialAction\":[{\"@type\":\"ReadAction\",\"target\":[\"https:\\\/\\\/cvinoticias.com\\\/v3\\\/trabajadores-de-salud-llegaron-a-un-acuerdo-salarial\\\/\"]}]},{\"@type\":\"ImageObject\",\"inLanguage\":\"es\",\"@id\":\"https:\\\/\\\/cvinoticias.com\\\/v3\\\/trabajadores-de-salud-llegaron-a-un-acuerdo-salarial\\\/#primaryimage\",\"url\":\"https:\\\/\\\/cvinoticias.com\\\/wp-content\\\/uploads\\\/2024\\\/06\\\/salud-750x375-1.jpg\",\"contentUrl\":\"https:\\\/\\\/cvinoticias.com\\\/wp-content\\\/uploads\\\/2024\\\/06\\\/salud-750x375-1.jpg\",\"width\":750,\"height\":375},{\"@type\":\"BreadcrumbList\",\"@id\":\"https:\\\/\\\/cvinoticias.com\\\/v3\\\/trabajadores-de-salud-llegaron-a-un-acuerdo-salarial\\\/#breadcrumb\",\"itemListElement\":[{\"@type\":\"ListItem\",\"position\":1,\"name\":\"Portada\",\"item\":\"https:\\\/\\\/cvinoticias.com\\\/v3\\\/\"},{\"@type\":\"ListItem\",\"position\":2,\"name\":\"Trabajadores de Salud llegaron a un acuerdo salarial\"}]},{\"@type\":\"WebSite\",\"@id\":\"https:\\\/\\\/cvinoticias.com\\\/v3\\\/#website\",\"url\":\"https:\\\/\\\/cvinoticias.com\\\/v3\\\/\",\"name\":\"CVI NOTICIAS\",\"description\":\"\",\"publisher\":{\"@id\":\"https:\\\/\\\/cvinoticias.com\\\/v3\\\/#organization\"},\"alternateName\":\"CVI\",\"potentialAction\":[{\"@type\":\"SearchAction\",\"target\":{\"@type\":\"EntryPoint\",\"urlTemplate\":\"https:\\\/\\\/cvinoticias.com\\\/v3\\\/?s={search_term_string}\"},\"query-input\":{\"@type\":\"PropertyValueSpecification\",\"valueRequired\":true,\"valueName\":\"search_term_string\"}}],\"inLanguage\":\"es\"},{\"@type\":\"Organization\",\"@id\":\"https:\\\/\\\/cvinoticias.com\\\/v3\\\/#organization\",\"name\":\"CVI NOTICIAS\",\"url\":\"https:\\\/\\\/cvinoticias.com\\\/v3\\\/\",\"logo\":{\"@type\":\"ImageObject\",\"inLanguage\":\"es\",\"@id\":\"https:\\\/\\\/cvinoticias.com\\\/v3\\\/#\\\/schema\\\/logo\\\/image\\\/\",\"url\":\"https:\\\/\\\/cvinoticias.com\\\/wp-content\\\/uploads\\\/2023\\\/04\\\/cropped-cropped-cropped-cropped-cropped-3-1.png\",\"contentUrl\":\"https:\\\/\\\/cvinoticias.com\\\/wp-content\\\/uploads\\\/2023\\\/04\\\/cropped-cropped-cropped-cropped-cropped-3-1.png\",\"width\":95,\"height\":122,\"caption\":\"CVI NOTICIAS\"},\"image\":{\"@id\":\"https:\\\/\\\/cvinoticias.com\\\/v3\\\/#\\\/schema\\\/logo\\\/image\\\/\"},\"sameAs\":[\"https:\\\/\\\/www.facebook.com\\\/cvinoticias\",\"https:\\\/\\\/www.instagram.com\\\/cvinoticias\\\/\",\"https:\\\/\\\/www.youtube.com\\\/@CVINOTICIAS\"]},{\"@type\":\"Person\",\"@id\":\"https:\\\/\\\/cvinoticias.com\\\/v3\\\/#\\\/schema\\\/person\\\/2db77e3c6bc03c538495d7b2b8be9b66\",\"name\":\"f1000024\",\"image\":{\"@type\":\"ImageObject\",\"inLanguage\":\"es\",\"@id\":\"https:\\\/\\\/secure.gravatar.com\\\/avatar\\\/d4fe7459cfc51ff5129ce1a732bbef5928568b8092d412ef95611616376bbeed?s=96&d=mm&r=g\",\"url\":\"https:\\\/\\\/secure.gravatar.com\\\/avatar\\\/d4fe7459cfc51ff5129ce1a732bbef5928568b8092d412ef95611616376bbeed?s=96&d=mm&r=g\",\"contentUrl\":\"https:\\\/\\\/secure.gravatar.com\\\/avatar\\\/d4fe7459cfc51ff5129ce1a732bbef5928568b8092d412ef95611616376bbeed?s=96&d=mm&r=g\",\"caption\":\"f1000024\"},\"url\":\"https:\\\/\\\/cvinoticias.com\\\/v3\\\/author\\\/f1000024\\\/\"}]}<\/script>\n<!-- \/ Yoast SEO plugin. -->","yoast_head_json":{"title":"Trabajadores de Salud llegaron a un acuerdo salarial | CVI NOTICIAS","robots":{"index":"index","follow":"follow","max-snippet":"max-snippet:-1","max-image-preview":"max-image-preview:large","max-video-preview":"max-video-preview:-1"},"canonical":"https:\/\/cvinoticias.com\/v3\/trabajadores-de-salud-llegaron-a-un-acuerdo-salarial\/","og_locale":"es_ES","og_type":"article","og_title":"Trabajadores de Salud llegaron a un acuerdo salarial | CVI NOTICIAS","og_description":"Autoridades provinciales e integrantes de la mesa t\u00e9cnica salarial de salud, con la representaci\u00f3n de las seis seccionales que la componen, sellaron un acuerdo y los trabajadores en protesta levantaron el acampe que ven\u00edan realizando desde hace varios d\u00edas frente al ministerio ubicado sobre calle Tucum\u00e1n de Posadas. Del encuentro fueron parte representantes sindicales, como [&hellip;]","og_url":"https:\/\/cvinoticias.com\/v3\/trabajadores-de-salud-llegaron-a-un-acuerdo-salarial\/","og_site_name":"CVI NOTICIAS","article_publisher":"https:\/\/www.facebook.com\/cvinoticias","article_published_time":"2024-06-06T23:02:18+00:00","article_modified_time":"2024-06-06T23:02:19+00:00","og_image":[{"width":750,"height":375,"url":"https:\/\/cvinoticias.com\/wp-content\/uploads\/2024\/06\/salud-750x375-1.jpg","type":"image\/jpeg"}],"author":"f1000024","twitter_card":"summary_large_image","twitter_misc":{"Escrito por":"f1000024","Tiempo de lectura":"2 minutos"},"schema":{"@context":"https:\/\/schema.org","@graph":[{"@type":"Article","@id":"https:\/\/cvinoticias.com\/v3\/trabajadores-de-salud-llegaron-a-un-acuerdo-salarial\/#article","isPartOf":{"@id":"https:\/\/cvinoticias.com\/v3\/trabajadores-de-salud-llegaron-a-un-acuerdo-salarial\/"},"author":{"name":"f1000024","@id":"https:\/\/cvinoticias.com\/v3\/#\/schema\/person\/2db77e3c6bc03c538495d7b2b8be9b66"},"headline":"Trabajadores de Salud llegaron a un acuerdo salarial","datePublished":"2024-06-06T23:02:18+00:00","dateModified":"2024-06-06T23:02:19+00:00","mainEntityOfPage":{"@id":"https:\/\/cvinoticias.com\/v3\/trabajadores-de-salud-llegaron-a-un-acuerdo-salarial\/"},"wordCount":264,"commentCount":0,"publisher":{"@id":"https:\/\/cvinoticias.com\/v3\/#organization"},"image":{"@id":"https:\/\/cvinoticias.com\/v3\/trabajadores-de-salud-llegaron-a-un-acuerdo-salarial\/#primaryimage"},"thumbnailUrl":"https:\/\/cvinoticias.com\/wp-content\/uploads\/2024\/06\/salud-750x375-1.jpg","articleSection":["Provinciales"],"inLanguage":"es","potentialAction":[{"@type":"CommentAction","name":"Comment","target":["https:\/\/cvinoticias.com\/v3\/trabajadores-de-salud-llegaron-a-un-acuerdo-salarial\/#respond"]}]},{"@type":"WebPage","@id":"https:\/\/cvinoticias.com\/v3\/trabajadores-de-salud-llegaron-a-un-acuerdo-salarial\/","url":"https:\/\/cvinoticias.com\/v3\/trabajadores-de-salud-llegaron-a-un-acuerdo-salarial\/","name":"Trabajadores de Salud llegaron a un acuerdo salarial | CVI NOTICIAS","isPartOf":{"@id":"https:\/\/cvinoticias.com\/v3\/#website"},"primaryImageOfPage":{"@id":"https:\/\/cvinoticias.com\/v3\/trabajadores-de-salud-llegaron-a-un-acuerdo-salarial\/#primaryimage"},"image":{"@id":"https:\/\/cvinoticias.com\/v3\/trabajadores-de-salud-llegaron-a-un-acuerdo-salarial\/#primaryimage"},"thumbnailUrl":"https:\/\/cvinoticias.com\/wp-content\/uploads\/2024\/06\/salud-750x375-1.jpg","datePublished":"2024-06-06T23:02:18+00:00","dateModified":"2024-06-06T23:02:19+00:00","breadcrumb":{"@id":"https:\/\/cvinoticias.com\/v3\/trabajadores-de-salud-llegaron-a-un-acuerdo-salarial\/#breadcrumb"},"inLanguage":"es","potentialAction":[{"@type":"ReadAction","target":["https:\/\/cvinoticias.com\/v3\/trabajadores-de-salud-llegaron-a-un-acuerdo-salarial\/"]}]},{"@type":"ImageObject","inLanguage":"es","@id":"https:\/\/cvinoticias.com\/v3\/trabajadores-de-salud-llegaron-a-un-acuerdo-salarial\/#primaryimage","url":"https:\/\/cvinoticias.com\/wp-content\/uploads\/2024\/06\/salud-750x375-1.jpg","contentUrl":"https:\/\/cvinoticias.com\/wp-content\/uploads\/2024\/06\/salud-750x375-1.jpg","width":750,"height":375},{"@type":"BreadcrumbList","@id":"https:\/\/cvinoticias.com\/v3\/trabajadores-de-salud-llegaron-a-un-acuerdo-salarial\/#breadcrumb","itemListElement":[{"@type":"ListItem","position":1,"name":"Portada","item":"https:\/\/cvinoticias.com\/v3\/"},{"@type":"ListItem","position":2,"name":"Trabajadores de Salud llegaron a un acuerdo salarial"}]},{"@type":"WebSite","@id":"https:\/\/cvinoticias.com\/v3\/#website","url":"https:\/\/cvinoticias.com\/v3\/","name":"CVI NOTICIAS","description":"","publisher":{"@id":"https:\/\/cvinoticias.com\/v3\/#organization"},"alternateName":"CVI","potentialAction":[{"@type":"SearchAction","target":{"@type":"EntryPoint","urlTemplate":"https:\/\/cvinoticias.com\/v3\/?s={search_term_string}"},"query-input":{"@type":"PropertyValueSpecification","valueRequired":true,"valueName":"search_term_string"}}],"inLanguage":"es"},{"@type":"Organization","@id":"https:\/\/cvinoticias.com\/v3\/#organization","name":"CVI NOTICIAS","url":"https:\/\/cvinoticias.com\/v3\/","logo":{"@type":"ImageObject","inLanguage":"es","@id":"https:\/\/cvinoticias.com\/v3\/#\/schema\/logo\/image\/","url":"https:\/\/cvinoticias.com\/wp-content\/uploads\/2023\/04\/cropped-cropped-cropped-cropped-cropped-3-1.png","contentUrl":"https:\/\/cvinoticias.com\/wp-content\/uploads\/2023\/04\/cropped-cropped-cropped-cropped-cropped-3-1.png","width":95,"height":122,"caption":"CVI NOTICIAS"},"image":{"@id":"https:\/\/cvinoticias.com\/v3\/#\/schema\/logo\/image\/"},"sameAs":["https:\/\/www.facebook.com\/cvinoticias","https:\/\/www.instagram.com\/cvinoticias\/","https:\/\/www.youtube.com\/@CVINOTICIAS"]},{"@type":"Person","@id":"https:\/\/cvinoticias.com\/v3\/#\/schema\/person\/2db77e3c6bc03c538495d7b2b8be9b66","name":"f1000024","image":{"@type":"ImageObject","inLanguage":"es","@id":"https:\/\/secure.gravatar.com\/avatar\/d4fe7459cfc51ff5129ce1a732bbef5928568b8092d412ef95611616376bbeed?s=96&d=mm&r=g","url":"https:\/\/secure.gravatar.com\/avatar\/d4fe7459cfc51ff5129ce1a732bbef5928568b8092d412ef95611616376bbeed?s=96&d=mm&r=g","contentUrl":"https:\/\/secure.gravatar.com\/avatar\/d4fe7459cfc51ff5129ce1a732bbef5928568b8092d412ef95611616376bbeed?s=96&d=mm&r=g","caption":"f1000024"},"url":"https:\/\/cvinoticias.com\/v3\/author\/f1000024\/"}]}},"_links":{"self":[{"href":"https:\/\/cvinoticias.com\/v3\/wp-json\/wp\/v2\/posts\/33622","targetHints":{"allow":["GET"]}}],"collection":[{"href":"https:\/\/cvinoticias.com\/v3\/wp-json\/wp\/v2\/posts"}],"about":[{"href":"https:\/\/cvinoticias.com\/v3\/wp-json\/wp\/v2\/types\/post"}],"author":[{"embeddable":true,"href":"https:\/\/cvinoticias.com\/v3\/wp-json\/wp\/v2\/users\/2"}],"replies":[{"embeddable":true,"href":"https:\/\/cvinoticias.com\/v3\/wp-json\/wp\/v2\/comments?post=33622"}],"version-history":[{"count":2,"href":"https:\/\/cvinoticias.com\/v3\/wp-json\/wp\/v2\/posts\/33622\/revisions"}],"predecessor-version":[{"id":33626,"href":"https:\/\/cvinoticias.com\/v3\/wp-json\/wp\/v2\/posts\/33622\/revisions\/33626"}],"wp:featuredmedia":[{"embeddable":true,"href":"https:\/\/cvinoticias.com\/v3\/wp-json\/wp\/v2\/media\/33624"}],"wp:attachment":[{"href":"https:\/\/cvinoticias.com\/v3\/wp-json\/wp\/v2\/media?parent=33622"}],"wp:term":[{"taxonomy":"category","embeddable":true,"href":"https:\/\/cvinoticias.com\/v3\/wp-json\/wp\/v2\/categories?post=33622"},{"taxonomy":"post_tag","embeddable":true,"href":"https:\/\/cvinoticias.com\/v3\/wp-json\/wp\/v2\/tags?post=33622"}],"curies":[{"name":"wp","href":"https:\/\/api.w.org\/{rel}","templated":true}]}}