{"id":33617,"date":"2024-06-06T12:15:21","date_gmt":"2024-06-06T15:15:21","guid":{"rendered":"https:\/\/cvinoticias.com\/v3\/?p=33617"},"modified":"2024-06-06T12:15:22","modified_gmt":"2024-06-06T15:15:22","slug":"lanzamiento-de-la-estrategia-fluvial-maritimo-contra-el-crimen-organizado","status":"publish","type":"post","link":"https:\/\/cvinoticias.com\/v3\/lanzamiento-de-la-estrategia-fluvial-maritimo-contra-el-crimen-organizado\/","title":{"rendered":"Lanzamiento de la Estrategia Fluvial Mar\u00edtimo contra el Crimen Organizado"},"content":{"rendered":"\n<p><strong>El d\u00eda de ayer en la  sede de la SENAD, se llev\u00f3 a cabo el acto de lanzamiento de la Estrategia Fluvial Mar\u00edtimo contra el Crimen Organizado denominado \u00abRespuesta Especial Grupo SEACOP &#8211; Atl\u00e1ntico Sur\u00bb, proyecto impulsado por la Uni\u00f3n Europea en coordinaci\u00f3n con la SENAD en nuestro pa\u00eds<\/strong>.<\/p>\n\n\n\n<p>El evento cont\u00f3 con la presencia del Ministro Jalil Rachid, el Director Nacional de Ingresos Tributario Oscar Oru\u00e9, el Prefecto General de la Armada Paraguaya Contralmirante Oscar Girardoni, as\u00ed como representantes de la Polic\u00eda Federal del Brasil, la Administraci\u00f3n de Control de Drogas (DEA) del Departamento de Justicia de EEUU, expertos italianos de la EUROFRONT, Ministerio P\u00fablico paraguayo y Prefecturas Navales de Brasil y Argentina.SEACOP tiene como objetivo crear capacidades y fortalecer la cooperaci\u00f3n internacional en la lucha contra el tr\u00e1fico mar\u00edtimo y las redes criminales asociadas a Latinoam\u00e9rica y Europa. <\/p>\n\n\n\n<p><strong>El objetivo es fomentar la creaci\u00f3n de estructuras que utilicen la informaci\u00f3n disponible, recurriendo a la cooperaci\u00f3n internacional.<\/strong><\/p>\n\n\n\n<figure class=\"wp-block-gallery has-nested-images columns-default is-cropped wp-block-gallery-1 is-layout-flex wp-block-gallery-is-layout-flex\">\n<figure class=\"wp-block-image size-large\"><a href=\"https:\/\/cvinoticias.com\/wp-content\/uploads\/2024\/06\/IMG-20240605-WA0291-scaled.jpg\"><img decoding=\"async\" width=\"1024\" height=\"683\" data-id=\"33620\" data-src=\"https:\/\/cvinoticias.com\/wp-content\/uploads\/2024\/06\/IMG-20240605-WA0291-1024x683.jpg\" alt=\"\" class=\"wp-image-33620 lazyload\" data-srcset=\"https:\/\/cvinoticias.com\/wp-content\/uploads\/2024\/06\/IMG-20240605-WA0291-1024x683.jpg 1024w, https:\/\/cvinoticias.com\/wp-content\/uploads\/2024\/06\/IMG-20240605-WA0291-300x200.jpg 300w, https:\/\/cvinoticias.com\/wp-content\/uploads\/2024\/06\/IMG-20240605-WA0291-768x512.jpg 768w, https:\/\/cvinoticias.com\/wp-content\/uploads\/2024\/06\/IMG-20240605-WA0291-1536x1024.jpg 1536w, https:\/\/cvinoticias.com\/wp-content\/uploads\/2024\/06\/IMG-20240605-WA0291-2048x1365.jpg 2048w\" data-sizes=\"(max-width: 1024px) 100vw, 1024px\" src=\"data:image\/svg+xml;base64,PHN2ZyB3aWR0aD0iMSIgaGVpZ2h0PSIxIiB4bWxucz0iaHR0cDovL3d3dy53My5vcmcvMjAwMC9zdmciPjwvc3ZnPg==\" style=\"--smush-placeholder-width: 1024px; --smush-placeholder-aspect-ratio: 1024\/683;\" \/><\/a><\/figure>\n\n\n\n<figure class=\"wp-block-image size-large\"><a href=\"https:\/\/cvinoticias.com\/wp-content\/uploads\/2024\/06\/IMG-20240605-WA0299-scaled.jpg\"><img decoding=\"async\" width=\"1024\" height=\"683\" data-id=\"33619\" data-src=\"https:\/\/cvinoticias.com\/wp-content\/uploads\/2024\/06\/IMG-20240605-WA0299-1024x683.jpg\" alt=\"\" class=\"wp-image-33619 lazyload\" data-srcset=\"https:\/\/cvinoticias.com\/wp-content\/uploads\/2024\/06\/IMG-20240605-WA0299-1024x683.jpg 1024w, https:\/\/cvinoticias.com\/wp-content\/uploads\/2024\/06\/IMG-20240605-WA0299-300x200.jpg 300w, https:\/\/cvinoticias.com\/wp-content\/uploads\/2024\/06\/IMG-20240605-WA0299-768x512.jpg 768w, https:\/\/cvinoticias.com\/wp-content\/uploads\/2024\/06\/IMG-20240605-WA0299-1536x1024.jpg 1536w, https:\/\/cvinoticias.com\/wp-content\/uploads\/2024\/06\/IMG-20240605-WA0299-2048x1365.jpg 2048w\" data-sizes=\"(max-width: 1024px) 100vw, 1024px\" src=\"data:image\/svg+xml;base64,PHN2ZyB3aWR0aD0iMSIgaGVpZ2h0PSIxIiB4bWxucz0iaHR0cDovL3d3dy53My5vcmcvMjAwMC9zdmciPjwvc3ZnPg==\" style=\"--smush-placeholder-width: 1024px; --smush-placeholder-aspect-ratio: 1024\/683;\" \/><\/a><\/figure>\n<\/figure>\n","protected":false},"excerpt":{"rendered":"<p>El d\u00eda de ayer en la sede de la SENAD, se llev\u00f3 a cabo el acto de lanzamiento de la Estrategia Fluvial Mar\u00edtimo contra el Crimen Organizado denominado \u00abRespuesta Especial Grupo SEACOP &#8211; Atl\u00e1ntico Sur\u00bb, proyecto impulsado por la Uni\u00f3n Europea en coordinaci\u00f3n con la SENAD en nuestro pa\u00eds. El evento cont\u00f3 con la presencia [&hellip;]<\/p>\n","protected":false},"author":2,"featured_media":33618,"comment_status":"open","ping_status":"open","sticky":false,"template":"","format":"standard","meta":{"footnotes":""},"categories":[45],"tags":[],"class_list":["post-33617","post","type-post","status-publish","format-standard","has-post-thumbnail","hentry","category-seguridad"],"yoast_head":"<!-- This site is optimized with the Yoast SEO plugin v27.4 - https:\/\/yoast.com\/product\/yoast-seo-wordpress\/ -->\n<title>Lanzamiento de la Estrategia Fluvial Mar\u00edtimo contra el Crimen Organizado | CVI NOTICIAS<\/title>\n<meta name=\"robots\" content=\"index, follow, max-snippet:-1, max-image-preview:large, max-video-preview:-1\" \/>\n<link rel=\"canonical\" href=\"https:\/\/cvinoticias.com\/v3\/lanzamiento-de-la-estrategia-fluvial-maritimo-contra-el-crimen-organizado\/\" \/>\n<meta property=\"og:locale\" content=\"es_ES\" \/>\n<meta property=\"og:type\" content=\"article\" \/>\n<meta property=\"og:title\" content=\"Lanzamiento de la Estrategia Fluvial Mar\u00edtimo contra el Crimen Organizado | CVI NOTICIAS\" \/>\n<meta property=\"og:description\" content=\"El d\u00eda de ayer en la sede de la SENAD, se llev\u00f3 a cabo el acto de lanzamiento de la Estrategia Fluvial Mar\u00edtimo contra el Crimen Organizado denominado \u00abRespuesta Especial Grupo SEACOP &#8211; Atl\u00e1ntico Sur\u00bb, proyecto impulsado por la Uni\u00f3n Europea en coordinaci\u00f3n con la SENAD en nuestro pa\u00eds. El evento cont\u00f3 con la presencia [&hellip;]\" \/>\n<meta property=\"og:url\" content=\"https:\/\/cvinoticias.com\/v3\/lanzamiento-de-la-estrategia-fluvial-maritimo-contra-el-crimen-organizado\/\" \/>\n<meta property=\"og:site_name\" content=\"CVI NOTICIAS\" \/>\n<meta property=\"article:publisher\" content=\"https:\/\/www.facebook.com\/cvinoticias\" \/>\n<meta property=\"article:published_time\" content=\"2024-06-06T15:15:21+00:00\" \/>\n<meta property=\"article:modified_time\" content=\"2024-06-06T15:15:22+00:00\" \/>\n<meta property=\"og:image\" content=\"https:\/\/cvinoticias.com\/wp-content\/uploads\/2024\/06\/IMG-20240605-WA0293-scaled.jpg\" \/>\n\t<meta property=\"og:image:width\" content=\"2560\" \/>\n\t<meta property=\"og:image:height\" content=\"1411\" \/>\n\t<meta property=\"og:image:type\" content=\"image\/jpeg\" \/>\n<meta name=\"author\" content=\"f1000024\" \/>\n<meta name=\"twitter:card\" content=\"summary_large_image\" \/>\n<meta name=\"twitter:label1\" content=\"Escrito por\" \/>\n\t<meta name=\"twitter:data1\" content=\"f1000024\" \/>\n\t<meta name=\"twitter:label2\" content=\"Tiempo de lectura\" \/>\n\t<meta name=\"twitter:data2\" content=\"2 minutos\" \/>\n<script type=\"application\/ld+json\" class=\"yoast-schema-graph\">{\"@context\":\"https:\\\/\\\/schema.org\",\"@graph\":[{\"@type\":\"Article\",\"@id\":\"https:\\\/\\\/cvinoticias.com\\\/v3\\\/lanzamiento-de-la-estrategia-fluvial-maritimo-contra-el-crimen-organizado\\\/#article\",\"isPartOf\":{\"@id\":\"https:\\\/\\\/cvinoticias.com\\\/v3\\\/lanzamiento-de-la-estrategia-fluvial-maritimo-contra-el-crimen-organizado\\\/\"},\"author\":{\"name\":\"f1000024\",\"@id\":\"https:\\\/\\\/cvinoticias.com\\\/v3\\\/#\\\/schema\\\/person\\\/2db77e3c6bc03c538495d7b2b8be9b66\"},\"headline\":\"Lanzamiento de la Estrategia Fluvial Mar\u00edtimo contra el Crimen Organizado\",\"datePublished\":\"2024-06-06T15:15:21+00:00\",\"dateModified\":\"2024-06-06T15:15:22+00:00\",\"mainEntityOfPage\":{\"@id\":\"https:\\\/\\\/cvinoticias.com\\\/v3\\\/lanzamiento-de-la-estrategia-fluvial-maritimo-contra-el-crimen-organizado\\\/\"},\"wordCount\":186,\"commentCount\":0,\"publisher\":{\"@id\":\"https:\\\/\\\/cvinoticias.com\\\/v3\\\/#organization\"},\"image\":{\"@id\":\"https:\\\/\\\/cvinoticias.com\\\/v3\\\/lanzamiento-de-la-estrategia-fluvial-maritimo-contra-el-crimen-organizado\\\/#primaryimage\"},\"thumbnailUrl\":\"https:\\\/\\\/cvinoticias.com\\\/wp-content\\\/uploads\\\/2024\\\/06\\\/IMG-20240605-WA0293-scaled.jpg\",\"articleSection\":[\"Seguridad\"],\"inLanguage\":\"es\",\"potentialAction\":[{\"@type\":\"CommentAction\",\"name\":\"Comment\",\"target\":[\"https:\\\/\\\/cvinoticias.com\\\/v3\\\/lanzamiento-de-la-estrategia-fluvial-maritimo-contra-el-crimen-organizado\\\/#respond\"]}]},{\"@type\":\"WebPage\",\"@id\":\"https:\\\/\\\/cvinoticias.com\\\/v3\\\/lanzamiento-de-la-estrategia-fluvial-maritimo-contra-el-crimen-organizado\\\/\",\"url\":\"https:\\\/\\\/cvinoticias.com\\\/v3\\\/lanzamiento-de-la-estrategia-fluvial-maritimo-contra-el-crimen-organizado\\\/\",\"name\":\"Lanzamiento de la Estrategia Fluvial Mar\u00edtimo contra el Crimen Organizado | CVI NOTICIAS\",\"isPartOf\":{\"@id\":\"https:\\\/\\\/cvinoticias.com\\\/v3\\\/#website\"},\"primaryImageOfPage\":{\"@id\":\"https:\\\/\\\/cvinoticias.com\\\/v3\\\/lanzamiento-de-la-estrategia-fluvial-maritimo-contra-el-crimen-organizado\\\/#primaryimage\"},\"image\":{\"@id\":\"https:\\\/\\\/cvinoticias.com\\\/v3\\\/lanzamiento-de-la-estrategia-fluvial-maritimo-contra-el-crimen-organizado\\\/#primaryimage\"},\"thumbnailUrl\":\"https:\\\/\\\/cvinoticias.com\\\/wp-content\\\/uploads\\\/2024\\\/06\\\/IMG-20240605-WA0293-scaled.jpg\",\"datePublished\":\"2024-06-06T15:15:21+00:00\",\"dateModified\":\"2024-06-06T15:15:22+00:00\",\"breadcrumb\":{\"@id\":\"https:\\\/\\\/cvinoticias.com\\\/v3\\\/lanzamiento-de-la-estrategia-fluvial-maritimo-contra-el-crimen-organizado\\\/#breadcrumb\"},\"inLanguage\":\"es\",\"potentialAction\":[{\"@type\":\"ReadAction\",\"target\":[\"https:\\\/\\\/cvinoticias.com\\\/v3\\\/lanzamiento-de-la-estrategia-fluvial-maritimo-contra-el-crimen-organizado\\\/\"]}]},{\"@type\":\"ImageObject\",\"inLanguage\":\"es\",\"@id\":\"https:\\\/\\\/cvinoticias.com\\\/v3\\\/lanzamiento-de-la-estrategia-fluvial-maritimo-contra-el-crimen-organizado\\\/#primaryimage\",\"url\":\"https:\\\/\\\/cvinoticias.com\\\/wp-content\\\/uploads\\\/2024\\\/06\\\/IMG-20240605-WA0293-scaled.jpg\",\"contentUrl\":\"https:\\\/\\\/cvinoticias.com\\\/wp-content\\\/uploads\\\/2024\\\/06\\\/IMG-20240605-WA0293-scaled.jpg\",\"width\":2560,\"height\":1411},{\"@type\":\"BreadcrumbList\",\"@id\":\"https:\\\/\\\/cvinoticias.com\\\/v3\\\/lanzamiento-de-la-estrategia-fluvial-maritimo-contra-el-crimen-organizado\\\/#breadcrumb\",\"itemListElement\":[{\"@type\":\"ListItem\",\"position\":1,\"name\":\"Portada\",\"item\":\"https:\\\/\\\/cvinoticias.com\\\/v3\\\/\"},{\"@type\":\"ListItem\",\"position\":2,\"name\":\"Lanzamiento de la Estrategia Fluvial Mar\u00edtimo contra el Crimen Organizado\"}]},{\"@type\":\"WebSite\",\"@id\":\"https:\\\/\\\/cvinoticias.com\\\/v3\\\/#website\",\"url\":\"https:\\\/\\\/cvinoticias.com\\\/v3\\\/\",\"name\":\"CVI NOTICIAS\",\"description\":\"\",\"publisher\":{\"@id\":\"https:\\\/\\\/cvinoticias.com\\\/v3\\\/#organization\"},\"alternateName\":\"CVI\",\"potentialAction\":[{\"@type\":\"SearchAction\",\"target\":{\"@type\":\"EntryPoint\",\"urlTemplate\":\"https:\\\/\\\/cvinoticias.com\\\/v3\\\/?s={search_term_string}\"},\"query-input\":{\"@type\":\"PropertyValueSpecification\",\"valueRequired\":true,\"valueName\":\"search_term_string\"}}],\"inLanguage\":\"es\"},{\"@type\":\"Organization\",\"@id\":\"https:\\\/\\\/cvinoticias.com\\\/v3\\\/#organization\",\"name\":\"CVI NOTICIAS\",\"url\":\"https:\\\/\\\/cvinoticias.com\\\/v3\\\/\",\"logo\":{\"@type\":\"ImageObject\",\"inLanguage\":\"es\",\"@id\":\"https:\\\/\\\/cvinoticias.com\\\/v3\\\/#\\\/schema\\\/logo\\\/image\\\/\",\"url\":\"https:\\\/\\\/cvinoticias.com\\\/wp-content\\\/uploads\\\/2023\\\/04\\\/cropped-cropped-cropped-cropped-cropped-3-1.png\",\"contentUrl\":\"https:\\\/\\\/cvinoticias.com\\\/wp-content\\\/uploads\\\/2023\\\/04\\\/cropped-cropped-cropped-cropped-cropped-3-1.png\",\"width\":95,\"height\":122,\"caption\":\"CVI NOTICIAS\"},\"image\":{\"@id\":\"https:\\\/\\\/cvinoticias.com\\\/v3\\\/#\\\/schema\\\/logo\\\/image\\\/\"},\"sameAs\":[\"https:\\\/\\\/www.facebook.com\\\/cvinoticias\",\"https:\\\/\\\/www.instagram.com\\\/cvinoticias\\\/\",\"https:\\\/\\\/www.youtube.com\\\/@CVINOTICIAS\"]},{\"@type\":\"Person\",\"@id\":\"https:\\\/\\\/cvinoticias.com\\\/v3\\\/#\\\/schema\\\/person\\\/2db77e3c6bc03c538495d7b2b8be9b66\",\"name\":\"f1000024\",\"image\":{\"@type\":\"ImageObject\",\"inLanguage\":\"es\",\"@id\":\"https:\\\/\\\/secure.gravatar.com\\\/avatar\\\/d4fe7459cfc51ff5129ce1a732bbef5928568b8092d412ef95611616376bbeed?s=96&d=mm&r=g\",\"url\":\"https:\\\/\\\/secure.gravatar.com\\\/avatar\\\/d4fe7459cfc51ff5129ce1a732bbef5928568b8092d412ef95611616376bbeed?s=96&d=mm&r=g\",\"contentUrl\":\"https:\\\/\\\/secure.gravatar.com\\\/avatar\\\/d4fe7459cfc51ff5129ce1a732bbef5928568b8092d412ef95611616376bbeed?s=96&d=mm&r=g\",\"caption\":\"f1000024\"},\"url\":\"https:\\\/\\\/cvinoticias.com\\\/v3\\\/author\\\/f1000024\\\/\"}]}<\/script>\n<!-- \/ Yoast SEO plugin. -->","yoast_head_json":{"title":"Lanzamiento de la Estrategia Fluvial Mar\u00edtimo contra el Crimen Organizado | CVI NOTICIAS","robots":{"index":"index","follow":"follow","max-snippet":"max-snippet:-1","max-image-preview":"max-image-preview:large","max-video-preview":"max-video-preview:-1"},"canonical":"https:\/\/cvinoticias.com\/v3\/lanzamiento-de-la-estrategia-fluvial-maritimo-contra-el-crimen-organizado\/","og_locale":"es_ES","og_type":"article","og_title":"Lanzamiento de la Estrategia Fluvial Mar\u00edtimo contra el Crimen Organizado | CVI NOTICIAS","og_description":"El d\u00eda de ayer en la sede de la SENAD, se llev\u00f3 a cabo el acto de lanzamiento de la Estrategia Fluvial Mar\u00edtimo contra el Crimen Organizado denominado \u00abRespuesta Especial Grupo SEACOP &#8211; Atl\u00e1ntico Sur\u00bb, proyecto impulsado por la Uni\u00f3n Europea en coordinaci\u00f3n con la SENAD en nuestro pa\u00eds. El evento cont\u00f3 con la presencia [&hellip;]","og_url":"https:\/\/cvinoticias.com\/v3\/lanzamiento-de-la-estrategia-fluvial-maritimo-contra-el-crimen-organizado\/","og_site_name":"CVI NOTICIAS","article_publisher":"https:\/\/www.facebook.com\/cvinoticias","article_published_time":"2024-06-06T15:15:21+00:00","article_modified_time":"2024-06-06T15:15:22+00:00","og_image":[{"width":2560,"height":1411,"url":"https:\/\/cvinoticias.com\/wp-content\/uploads\/2024\/06\/IMG-20240605-WA0293-scaled.jpg","type":"image\/jpeg"}],"author":"f1000024","twitter_card":"summary_large_image","twitter_misc":{"Escrito por":"f1000024","Tiempo de lectura":"2 minutos"},"schema":{"@context":"https:\/\/schema.org","@graph":[{"@type":"Article","@id":"https:\/\/cvinoticias.com\/v3\/lanzamiento-de-la-estrategia-fluvial-maritimo-contra-el-crimen-organizado\/#article","isPartOf":{"@id":"https:\/\/cvinoticias.com\/v3\/lanzamiento-de-la-estrategia-fluvial-maritimo-contra-el-crimen-organizado\/"},"author":{"name":"f1000024","@id":"https:\/\/cvinoticias.com\/v3\/#\/schema\/person\/2db77e3c6bc03c538495d7b2b8be9b66"},"headline":"Lanzamiento de la Estrategia Fluvial Mar\u00edtimo contra el Crimen Organizado","datePublished":"2024-06-06T15:15:21+00:00","dateModified":"2024-06-06T15:15:22+00:00","mainEntityOfPage":{"@id":"https:\/\/cvinoticias.com\/v3\/lanzamiento-de-la-estrategia-fluvial-maritimo-contra-el-crimen-organizado\/"},"wordCount":186,"commentCount":0,"publisher":{"@id":"https:\/\/cvinoticias.com\/v3\/#organization"},"image":{"@id":"https:\/\/cvinoticias.com\/v3\/lanzamiento-de-la-estrategia-fluvial-maritimo-contra-el-crimen-organizado\/#primaryimage"},"thumbnailUrl":"https:\/\/cvinoticias.com\/wp-content\/uploads\/2024\/06\/IMG-20240605-WA0293-scaled.jpg","articleSection":["Seguridad"],"inLanguage":"es","potentialAction":[{"@type":"CommentAction","name":"Comment","target":["https:\/\/cvinoticias.com\/v3\/lanzamiento-de-la-estrategia-fluvial-maritimo-contra-el-crimen-organizado\/#respond"]}]},{"@type":"WebPage","@id":"https:\/\/cvinoticias.com\/v3\/lanzamiento-de-la-estrategia-fluvial-maritimo-contra-el-crimen-organizado\/","url":"https:\/\/cvinoticias.com\/v3\/lanzamiento-de-la-estrategia-fluvial-maritimo-contra-el-crimen-organizado\/","name":"Lanzamiento de la Estrategia Fluvial Mar\u00edtimo contra el Crimen Organizado | CVI NOTICIAS","isPartOf":{"@id":"https:\/\/cvinoticias.com\/v3\/#website"},"primaryImageOfPage":{"@id":"https:\/\/cvinoticias.com\/v3\/lanzamiento-de-la-estrategia-fluvial-maritimo-contra-el-crimen-organizado\/#primaryimage"},"image":{"@id":"https:\/\/cvinoticias.com\/v3\/lanzamiento-de-la-estrategia-fluvial-maritimo-contra-el-crimen-organizado\/#primaryimage"},"thumbnailUrl":"https:\/\/cvinoticias.com\/wp-content\/uploads\/2024\/06\/IMG-20240605-WA0293-scaled.jpg","datePublished":"2024-06-06T15:15:21+00:00","dateModified":"2024-06-06T15:15:22+00:00","breadcrumb":{"@id":"https:\/\/cvinoticias.com\/v3\/lanzamiento-de-la-estrategia-fluvial-maritimo-contra-el-crimen-organizado\/#breadcrumb"},"inLanguage":"es","potentialAction":[{"@type":"ReadAction","target":["https:\/\/cvinoticias.com\/v3\/lanzamiento-de-la-estrategia-fluvial-maritimo-contra-el-crimen-organizado\/"]}]},{"@type":"ImageObject","inLanguage":"es","@id":"https:\/\/cvinoticias.com\/v3\/lanzamiento-de-la-estrategia-fluvial-maritimo-contra-el-crimen-organizado\/#primaryimage","url":"https:\/\/cvinoticias.com\/wp-content\/uploads\/2024\/06\/IMG-20240605-WA0293-scaled.jpg","contentUrl":"https:\/\/cvinoticias.com\/wp-content\/uploads\/2024\/06\/IMG-20240605-WA0293-scaled.jpg","width":2560,"height":1411},{"@type":"BreadcrumbList","@id":"https:\/\/cvinoticias.com\/v3\/lanzamiento-de-la-estrategia-fluvial-maritimo-contra-el-crimen-organizado\/#breadcrumb","itemListElement":[{"@type":"ListItem","position":1,"name":"Portada","item":"https:\/\/cvinoticias.com\/v3\/"},{"@type":"ListItem","position":2,"name":"Lanzamiento de la Estrategia Fluvial Mar\u00edtimo contra el Crimen Organizado"}]},{"@type":"WebSite","@id":"https:\/\/cvinoticias.com\/v3\/#website","url":"https:\/\/cvinoticias.com\/v3\/","name":"CVI NOTICIAS","description":"","publisher":{"@id":"https:\/\/cvinoticias.com\/v3\/#organization"},"alternateName":"CVI","potentialAction":[{"@type":"SearchAction","target":{"@type":"EntryPoint","urlTemplate":"https:\/\/cvinoticias.com\/v3\/?s={search_term_string}"},"query-input":{"@type":"PropertyValueSpecification","valueRequired":true,"valueName":"search_term_string"}}],"inLanguage":"es"},{"@type":"Organization","@id":"https:\/\/cvinoticias.com\/v3\/#organization","name":"CVI NOTICIAS","url":"https:\/\/cvinoticias.com\/v3\/","logo":{"@type":"ImageObject","inLanguage":"es","@id":"https:\/\/cvinoticias.com\/v3\/#\/schema\/logo\/image\/","url":"https:\/\/cvinoticias.com\/wp-content\/uploads\/2023\/04\/cropped-cropped-cropped-cropped-cropped-3-1.png","contentUrl":"https:\/\/cvinoticias.com\/wp-content\/uploads\/2023\/04\/cropped-cropped-cropped-cropped-cropped-3-1.png","width":95,"height":122,"caption":"CVI NOTICIAS"},"image":{"@id":"https:\/\/cvinoticias.com\/v3\/#\/schema\/logo\/image\/"},"sameAs":["https:\/\/www.facebook.com\/cvinoticias","https:\/\/www.instagram.com\/cvinoticias\/","https:\/\/www.youtube.com\/@CVINOTICIAS"]},{"@type":"Person","@id":"https:\/\/cvinoticias.com\/v3\/#\/schema\/person\/2db77e3c6bc03c538495d7b2b8be9b66","name":"f1000024","image":{"@type":"ImageObject","inLanguage":"es","@id":"https:\/\/secure.gravatar.com\/avatar\/d4fe7459cfc51ff5129ce1a732bbef5928568b8092d412ef95611616376bbeed?s=96&d=mm&r=g","url":"https:\/\/secure.gravatar.com\/avatar\/d4fe7459cfc51ff5129ce1a732bbef5928568b8092d412ef95611616376bbeed?s=96&d=mm&r=g","contentUrl":"https:\/\/secure.gravatar.com\/avatar\/d4fe7459cfc51ff5129ce1a732bbef5928568b8092d412ef95611616376bbeed?s=96&d=mm&r=g","caption":"f1000024"},"url":"https:\/\/cvinoticias.com\/v3\/author\/f1000024\/"}]}},"_links":{"self":[{"href":"https:\/\/cvinoticias.com\/v3\/wp-json\/wp\/v2\/posts\/33617","targetHints":{"allow":["GET"]}}],"collection":[{"href":"https:\/\/cvinoticias.com\/v3\/wp-json\/wp\/v2\/posts"}],"about":[{"href":"https:\/\/cvinoticias.com\/v3\/wp-json\/wp\/v2\/types\/post"}],"author":[{"embeddable":true,"href":"https:\/\/cvinoticias.com\/v3\/wp-json\/wp\/v2\/users\/2"}],"replies":[{"embeddable":true,"href":"https:\/\/cvinoticias.com\/v3\/wp-json\/wp\/v2\/comments?post=33617"}],"version-history":[{"count":1,"href":"https:\/\/cvinoticias.com\/v3\/wp-json\/wp\/v2\/posts\/33617\/revisions"}],"predecessor-version":[{"id":33621,"href":"https:\/\/cvinoticias.com\/v3\/wp-json\/wp\/v2\/posts\/33617\/revisions\/33621"}],"wp:featuredmedia":[{"embeddable":true,"href":"https:\/\/cvinoticias.com\/v3\/wp-json\/wp\/v2\/media\/33618"}],"wp:attachment":[{"href":"https:\/\/cvinoticias.com\/v3\/wp-json\/wp\/v2\/media?parent=33617"}],"wp:term":[{"taxonomy":"category","embeddable":true,"href":"https:\/\/cvinoticias.com\/v3\/wp-json\/wp\/v2\/categories?post=33617"},{"taxonomy":"post_tag","embeddable":true,"href":"https:\/\/cvinoticias.com\/v3\/wp-json\/wp\/v2\/tags?post=33617"}],"curies":[{"name":"wp","href":"https:\/\/api.w.org\/{rel}","templated":true}]}}