{"id":33590,"date":"2024-06-05T21:30:35","date_gmt":"2024-06-06T00:30:35","guid":{"rendered":"https:\/\/cvinoticias.com\/v3\/?p=33590"},"modified":"2024-06-05T21:30:36","modified_gmt":"2024-06-06T00:30:36","slug":"innovacion-federal-el-interbloque-pasara-a-tener-25-diputados","status":"publish","type":"post","link":"https:\/\/cvinoticias.com\/v3\/innovacion-federal-el-interbloque-pasara-a-tener-25-diputados\/","title":{"rendered":"Innovaci\u00f3n Federal: el Interbloque pasar\u00e1 a tener 25 diputados"},"content":{"rendered":"\n<p>Luego de la sesi\u00f3n del martes en el Congreso, hubo nuevos movimientos en los bloques de la C\u00e1mara de Diputados. <\/p>\n\n\n\n<p><strong>Misiones liderar\u00e1 uno de los bloques m\u00e1s numerosos, con al menos 25 legisladores. Los diputados nacionales de Innovaci\u00f3n Federal consolidaron la conformaci\u00f3n de uno de los 5 interbloques m\u00e1s importantes de la C\u00e1mara Baja. <\/strong><\/p>\n\n\n\n<p><strong>El nuevo espacio parlamentario liderado por los legisladores misioneros (Daniel Vancsik, Carlos Fern\u00e1ndez, Yamila Ruiz y Alberto Arr\u00faa), <\/strong>estar\u00e1 integrado adem\u00e1s por Miguel \u00c1ngel Pichetto, Florencio Randazo, Emilio Monz\u00f3, Nicol\u00e1s Massot, Margarita Stolbizer, Ricardo L\u00f3pez Murphy, Oscar Agost Carre\u00f1o, M\u00f3nica Fein, Esteban Paul\u00f3n, Ignacio Garc\u00eda Aresca, Carlos Guti\u00e9rrez, Natalia de la Sota, Juan Br\u00fcgge, Alejandra Torres, Jorge \u00c1vila y Francisco Morchio, los salte\u00f1os Pamela Caletti, Pablo Outes y Yolanda Vega, y el rionegrino Agust\u00edn Domingo. <\/p>\n\n\n\n<p>Previo a la conformaci\u00f3n de este nuevo interbloque, los integrantes de Innovaci\u00f3n Federal hab\u00edan mantenido una agenda de trabajo en com\u00fan que permiti\u00f3 la incorporaci\u00f3n del cap\u00edtulo del tabaco en la Ley Bases, un gran logro para la Provincia de Misiones. <\/p>\n\n\n\n<p>Esta nueva bancada se caracteriza por ser un espacio heterog\u00e9neo con una marcada impronta federal y se erige como una de las m\u00e1s importantes de la C\u00e1mara Baja tras lograr agrupar a legisladores de siete provincias y la Ciudad Aut\u00f3noma de Buenos Aires. }<\/p>\n\n\n\n<p><strong>Luego de este reacomodamiento, los bloques de la C\u00e1mara de Diputados quedaron conformados de la siguiente manera: Uni\u00f3n por la Patria, 99 diputados; La Libertad Avanza, 38 diputados; PRO, 37 diputados; Uni\u00f3n C\u00edvica Radical, 34 diputados; Bloque Federal, 25 diputados; Coalici\u00f3n C\u00edvica, 6 diputados; Frente de Izquierda, 5 diputados; Movimiento de Integraci\u00f3n y Desarrollo, 3 diputados; Independencia, 3 diputados; Por Santa Cruz, 2 diputados; Producci\u00f3n y Trabajo, 2 diputados; Buenos Aires Libre, 2 diputadas, y Creo, 1 diputada.<\/strong><\/p>\n","protected":false},"excerpt":{"rendered":"<p>Luego de la sesi\u00f3n del martes en el Congreso, hubo nuevos movimientos en los bloques de la C\u00e1mara de Diputados. Misiones liderar\u00e1 uno de los bloques m\u00e1s numerosos, con al menos 25 legisladores. Los diputados nacionales de Innovaci\u00f3n Federal consolidaron la conformaci\u00f3n de uno de los 5 interbloques m\u00e1s importantes de la C\u00e1mara Baja. El [&hellip;]<\/p>\n","protected":false},"author":2,"featured_media":33591,"comment_status":"open","ping_status":"open","sticky":false,"template":"","format":"standard","meta":{"footnotes":""},"categories":[39],"tags":[],"class_list":["post-33590","post","type-post","status-publish","format-standard","has-post-thumbnail","hentry","category-nacionales"],"yoast_head":"<!-- This site is optimized with the Yoast SEO plugin v27.4 - https:\/\/yoast.com\/product\/yoast-seo-wordpress\/ -->\n<title>Innovaci\u00f3n Federal: el Interbloque pasar\u00e1 a tener 25 diputados | CVI NOTICIAS<\/title>\n<meta name=\"robots\" content=\"index, follow, max-snippet:-1, max-image-preview:large, max-video-preview:-1\" \/>\n<link rel=\"canonical\" href=\"https:\/\/cvinoticias.com\/v3\/innovacion-federal-el-interbloque-pasara-a-tener-25-diputados\/\" \/>\n<meta property=\"og:locale\" content=\"es_ES\" \/>\n<meta property=\"og:type\" content=\"article\" \/>\n<meta property=\"og:title\" content=\"Innovaci\u00f3n Federal: el Interbloque pasar\u00e1 a tener 25 diputados | CVI NOTICIAS\" \/>\n<meta property=\"og:description\" content=\"Luego de la sesi\u00f3n del martes en el Congreso, hubo nuevos movimientos en los bloques de la C\u00e1mara de Diputados. Misiones liderar\u00e1 uno de los bloques m\u00e1s numerosos, con al menos 25 legisladores. Los diputados nacionales de Innovaci\u00f3n Federal consolidaron la conformaci\u00f3n de uno de los 5 interbloques m\u00e1s importantes de la C\u00e1mara Baja. El [&hellip;]\" \/>\n<meta property=\"og:url\" content=\"https:\/\/cvinoticias.com\/v3\/innovacion-federal-el-interbloque-pasara-a-tener-25-diputados\/\" \/>\n<meta property=\"og:site_name\" content=\"CVI NOTICIAS\" \/>\n<meta property=\"article:publisher\" content=\"https:\/\/www.facebook.com\/cvinoticias\" \/>\n<meta property=\"article:published_time\" content=\"2024-06-06T00:30:35+00:00\" \/>\n<meta property=\"article:modified_time\" content=\"2024-06-06T00:30:36+00:00\" \/>\n<meta property=\"og:image\" content=\"https:\/\/cvinoticias.com\/wp-content\/uploads\/2024\/06\/IMG-20240605-WA0013.jpg\" \/>\n\t<meta property=\"og:image:width\" content=\"891\" \/>\n\t<meta property=\"og:image:height\" content=\"571\" \/>\n\t<meta property=\"og:image:type\" content=\"image\/jpeg\" \/>\n<meta name=\"author\" content=\"f1000024\" \/>\n<meta name=\"twitter:card\" content=\"summary_large_image\" \/>\n<meta name=\"twitter:label1\" content=\"Escrito por\" \/>\n\t<meta name=\"twitter:data1\" content=\"f1000024\" \/>\n\t<meta name=\"twitter:label2\" content=\"Tiempo de lectura\" \/>\n\t<meta name=\"twitter:data2\" content=\"2 minutos\" \/>\n<script type=\"application\/ld+json\" class=\"yoast-schema-graph\">{\"@context\":\"https:\\\/\\\/schema.org\",\"@graph\":[{\"@type\":\"Article\",\"@id\":\"https:\\\/\\\/cvinoticias.com\\\/v3\\\/innovacion-federal-el-interbloque-pasara-a-tener-25-diputados\\\/#article\",\"isPartOf\":{\"@id\":\"https:\\\/\\\/cvinoticias.com\\\/v3\\\/innovacion-federal-el-interbloque-pasara-a-tener-25-diputados\\\/\"},\"author\":{\"name\":\"f1000024\",\"@id\":\"https:\\\/\\\/cvinoticias.com\\\/v3\\\/#\\\/schema\\\/person\\\/2db77e3c6bc03c538495d7b2b8be9b66\"},\"headline\":\"Innovaci\u00f3n Federal: el Interbloque pasar\u00e1 a tener 25 diputados\",\"datePublished\":\"2024-06-06T00:30:35+00:00\",\"dateModified\":\"2024-06-06T00:30:36+00:00\",\"mainEntityOfPage\":{\"@id\":\"https:\\\/\\\/cvinoticias.com\\\/v3\\\/innovacion-federal-el-interbloque-pasara-a-tener-25-diputados\\\/\"},\"wordCount\":323,\"commentCount\":0,\"publisher\":{\"@id\":\"https:\\\/\\\/cvinoticias.com\\\/v3\\\/#organization\"},\"image\":{\"@id\":\"https:\\\/\\\/cvinoticias.com\\\/v3\\\/innovacion-federal-el-interbloque-pasara-a-tener-25-diputados\\\/#primaryimage\"},\"thumbnailUrl\":\"https:\\\/\\\/cvinoticias.com\\\/wp-content\\\/uploads\\\/2024\\\/06\\\/IMG-20240605-WA0013.jpg\",\"articleSection\":[\"Nacionales\"],\"inLanguage\":\"es\",\"potentialAction\":[{\"@type\":\"CommentAction\",\"name\":\"Comment\",\"target\":[\"https:\\\/\\\/cvinoticias.com\\\/v3\\\/innovacion-federal-el-interbloque-pasara-a-tener-25-diputados\\\/#respond\"]}]},{\"@type\":\"WebPage\",\"@id\":\"https:\\\/\\\/cvinoticias.com\\\/v3\\\/innovacion-federal-el-interbloque-pasara-a-tener-25-diputados\\\/\",\"url\":\"https:\\\/\\\/cvinoticias.com\\\/v3\\\/innovacion-federal-el-interbloque-pasara-a-tener-25-diputados\\\/\",\"name\":\"Innovaci\u00f3n Federal: el Interbloque pasar\u00e1 a tener 25 diputados | CVI NOTICIAS\",\"isPartOf\":{\"@id\":\"https:\\\/\\\/cvinoticias.com\\\/v3\\\/#website\"},\"primaryImageOfPage\":{\"@id\":\"https:\\\/\\\/cvinoticias.com\\\/v3\\\/innovacion-federal-el-interbloque-pasara-a-tener-25-diputados\\\/#primaryimage\"},\"image\":{\"@id\":\"https:\\\/\\\/cvinoticias.com\\\/v3\\\/innovacion-federal-el-interbloque-pasara-a-tener-25-diputados\\\/#primaryimage\"},\"thumbnailUrl\":\"https:\\\/\\\/cvinoticias.com\\\/wp-content\\\/uploads\\\/2024\\\/06\\\/IMG-20240605-WA0013.jpg\",\"datePublished\":\"2024-06-06T00:30:35+00:00\",\"dateModified\":\"2024-06-06T00:30:36+00:00\",\"breadcrumb\":{\"@id\":\"https:\\\/\\\/cvinoticias.com\\\/v3\\\/innovacion-federal-el-interbloque-pasara-a-tener-25-diputados\\\/#breadcrumb\"},\"inLanguage\":\"es\",\"potentialAction\":[{\"@type\":\"ReadAction\",\"target\":[\"https:\\\/\\\/cvinoticias.com\\\/v3\\\/innovacion-federal-el-interbloque-pasara-a-tener-25-diputados\\\/\"]}]},{\"@type\":\"ImageObject\",\"inLanguage\":\"es\",\"@id\":\"https:\\\/\\\/cvinoticias.com\\\/v3\\\/innovacion-federal-el-interbloque-pasara-a-tener-25-diputados\\\/#primaryimage\",\"url\":\"https:\\\/\\\/cvinoticias.com\\\/wp-content\\\/uploads\\\/2024\\\/06\\\/IMG-20240605-WA0013.jpg\",\"contentUrl\":\"https:\\\/\\\/cvinoticias.com\\\/wp-content\\\/uploads\\\/2024\\\/06\\\/IMG-20240605-WA0013.jpg\",\"width\":891,\"height\":571},{\"@type\":\"BreadcrumbList\",\"@id\":\"https:\\\/\\\/cvinoticias.com\\\/v3\\\/innovacion-federal-el-interbloque-pasara-a-tener-25-diputados\\\/#breadcrumb\",\"itemListElement\":[{\"@type\":\"ListItem\",\"position\":1,\"name\":\"Portada\",\"item\":\"https:\\\/\\\/cvinoticias.com\\\/v3\\\/\"},{\"@type\":\"ListItem\",\"position\":2,\"name\":\"Innovaci\u00f3n Federal: el Interbloque pasar\u00e1 a tener 25 diputados\"}]},{\"@type\":\"WebSite\",\"@id\":\"https:\\\/\\\/cvinoticias.com\\\/v3\\\/#website\",\"url\":\"https:\\\/\\\/cvinoticias.com\\\/v3\\\/\",\"name\":\"CVI NOTICIAS\",\"description\":\"\",\"publisher\":{\"@id\":\"https:\\\/\\\/cvinoticias.com\\\/v3\\\/#organization\"},\"alternateName\":\"CVI\",\"potentialAction\":[{\"@type\":\"SearchAction\",\"target\":{\"@type\":\"EntryPoint\",\"urlTemplate\":\"https:\\\/\\\/cvinoticias.com\\\/v3\\\/?s={search_term_string}\"},\"query-input\":{\"@type\":\"PropertyValueSpecification\",\"valueRequired\":true,\"valueName\":\"search_term_string\"}}],\"inLanguage\":\"es\"},{\"@type\":\"Organization\",\"@id\":\"https:\\\/\\\/cvinoticias.com\\\/v3\\\/#organization\",\"name\":\"CVI NOTICIAS\",\"url\":\"https:\\\/\\\/cvinoticias.com\\\/v3\\\/\",\"logo\":{\"@type\":\"ImageObject\",\"inLanguage\":\"es\",\"@id\":\"https:\\\/\\\/cvinoticias.com\\\/v3\\\/#\\\/schema\\\/logo\\\/image\\\/\",\"url\":\"https:\\\/\\\/cvinoticias.com\\\/wp-content\\\/uploads\\\/2023\\\/04\\\/cropped-cropped-cropped-cropped-cropped-3-1.png\",\"contentUrl\":\"https:\\\/\\\/cvinoticias.com\\\/wp-content\\\/uploads\\\/2023\\\/04\\\/cropped-cropped-cropped-cropped-cropped-3-1.png\",\"width\":95,\"height\":122,\"caption\":\"CVI NOTICIAS\"},\"image\":{\"@id\":\"https:\\\/\\\/cvinoticias.com\\\/v3\\\/#\\\/schema\\\/logo\\\/image\\\/\"},\"sameAs\":[\"https:\\\/\\\/www.facebook.com\\\/cvinoticias\",\"https:\\\/\\\/www.instagram.com\\\/cvinoticias\\\/\",\"https:\\\/\\\/www.youtube.com\\\/@CVINOTICIAS\"]},{\"@type\":\"Person\",\"@id\":\"https:\\\/\\\/cvinoticias.com\\\/v3\\\/#\\\/schema\\\/person\\\/2db77e3c6bc03c538495d7b2b8be9b66\",\"name\":\"f1000024\",\"image\":{\"@type\":\"ImageObject\",\"inLanguage\":\"es\",\"@id\":\"https:\\\/\\\/secure.gravatar.com\\\/avatar\\\/d4fe7459cfc51ff5129ce1a732bbef5928568b8092d412ef95611616376bbeed?s=96&d=mm&r=g\",\"url\":\"https:\\\/\\\/secure.gravatar.com\\\/avatar\\\/d4fe7459cfc51ff5129ce1a732bbef5928568b8092d412ef95611616376bbeed?s=96&d=mm&r=g\",\"contentUrl\":\"https:\\\/\\\/secure.gravatar.com\\\/avatar\\\/d4fe7459cfc51ff5129ce1a732bbef5928568b8092d412ef95611616376bbeed?s=96&d=mm&r=g\",\"caption\":\"f1000024\"},\"url\":\"https:\\\/\\\/cvinoticias.com\\\/v3\\\/author\\\/f1000024\\\/\"}]}<\/script>\n<!-- \/ Yoast SEO plugin. -->","yoast_head_json":{"title":"Innovaci\u00f3n Federal: el Interbloque pasar\u00e1 a tener 25 diputados | CVI NOTICIAS","robots":{"index":"index","follow":"follow","max-snippet":"max-snippet:-1","max-image-preview":"max-image-preview:large","max-video-preview":"max-video-preview:-1"},"canonical":"https:\/\/cvinoticias.com\/v3\/innovacion-federal-el-interbloque-pasara-a-tener-25-diputados\/","og_locale":"es_ES","og_type":"article","og_title":"Innovaci\u00f3n Federal: el Interbloque pasar\u00e1 a tener 25 diputados | CVI NOTICIAS","og_description":"Luego de la sesi\u00f3n del martes en el Congreso, hubo nuevos movimientos en los bloques de la C\u00e1mara de Diputados. Misiones liderar\u00e1 uno de los bloques m\u00e1s numerosos, con al menos 25 legisladores. Los diputados nacionales de Innovaci\u00f3n Federal consolidaron la conformaci\u00f3n de uno de los 5 interbloques m\u00e1s importantes de la C\u00e1mara Baja. El [&hellip;]","og_url":"https:\/\/cvinoticias.com\/v3\/innovacion-federal-el-interbloque-pasara-a-tener-25-diputados\/","og_site_name":"CVI NOTICIAS","article_publisher":"https:\/\/www.facebook.com\/cvinoticias","article_published_time":"2024-06-06T00:30:35+00:00","article_modified_time":"2024-06-06T00:30:36+00:00","og_image":[{"width":891,"height":571,"url":"https:\/\/cvinoticias.com\/wp-content\/uploads\/2024\/06\/IMG-20240605-WA0013.jpg","type":"image\/jpeg"}],"author":"f1000024","twitter_card":"summary_large_image","twitter_misc":{"Escrito por":"f1000024","Tiempo de lectura":"2 minutos"},"schema":{"@context":"https:\/\/schema.org","@graph":[{"@type":"Article","@id":"https:\/\/cvinoticias.com\/v3\/innovacion-federal-el-interbloque-pasara-a-tener-25-diputados\/#article","isPartOf":{"@id":"https:\/\/cvinoticias.com\/v3\/innovacion-federal-el-interbloque-pasara-a-tener-25-diputados\/"},"author":{"name":"f1000024","@id":"https:\/\/cvinoticias.com\/v3\/#\/schema\/person\/2db77e3c6bc03c538495d7b2b8be9b66"},"headline":"Innovaci\u00f3n Federal: el Interbloque pasar\u00e1 a tener 25 diputados","datePublished":"2024-06-06T00:30:35+00:00","dateModified":"2024-06-06T00:30:36+00:00","mainEntityOfPage":{"@id":"https:\/\/cvinoticias.com\/v3\/innovacion-federal-el-interbloque-pasara-a-tener-25-diputados\/"},"wordCount":323,"commentCount":0,"publisher":{"@id":"https:\/\/cvinoticias.com\/v3\/#organization"},"image":{"@id":"https:\/\/cvinoticias.com\/v3\/innovacion-federal-el-interbloque-pasara-a-tener-25-diputados\/#primaryimage"},"thumbnailUrl":"https:\/\/cvinoticias.com\/wp-content\/uploads\/2024\/06\/IMG-20240605-WA0013.jpg","articleSection":["Nacionales"],"inLanguage":"es","potentialAction":[{"@type":"CommentAction","name":"Comment","target":["https:\/\/cvinoticias.com\/v3\/innovacion-federal-el-interbloque-pasara-a-tener-25-diputados\/#respond"]}]},{"@type":"WebPage","@id":"https:\/\/cvinoticias.com\/v3\/innovacion-federal-el-interbloque-pasara-a-tener-25-diputados\/","url":"https:\/\/cvinoticias.com\/v3\/innovacion-federal-el-interbloque-pasara-a-tener-25-diputados\/","name":"Innovaci\u00f3n Federal: el Interbloque pasar\u00e1 a tener 25 diputados | CVI NOTICIAS","isPartOf":{"@id":"https:\/\/cvinoticias.com\/v3\/#website"},"primaryImageOfPage":{"@id":"https:\/\/cvinoticias.com\/v3\/innovacion-federal-el-interbloque-pasara-a-tener-25-diputados\/#primaryimage"},"image":{"@id":"https:\/\/cvinoticias.com\/v3\/innovacion-federal-el-interbloque-pasara-a-tener-25-diputados\/#primaryimage"},"thumbnailUrl":"https:\/\/cvinoticias.com\/wp-content\/uploads\/2024\/06\/IMG-20240605-WA0013.jpg","datePublished":"2024-06-06T00:30:35+00:00","dateModified":"2024-06-06T00:30:36+00:00","breadcrumb":{"@id":"https:\/\/cvinoticias.com\/v3\/innovacion-federal-el-interbloque-pasara-a-tener-25-diputados\/#breadcrumb"},"inLanguage":"es","potentialAction":[{"@type":"ReadAction","target":["https:\/\/cvinoticias.com\/v3\/innovacion-federal-el-interbloque-pasara-a-tener-25-diputados\/"]}]},{"@type":"ImageObject","inLanguage":"es","@id":"https:\/\/cvinoticias.com\/v3\/innovacion-federal-el-interbloque-pasara-a-tener-25-diputados\/#primaryimage","url":"https:\/\/cvinoticias.com\/wp-content\/uploads\/2024\/06\/IMG-20240605-WA0013.jpg","contentUrl":"https:\/\/cvinoticias.com\/wp-content\/uploads\/2024\/06\/IMG-20240605-WA0013.jpg","width":891,"height":571},{"@type":"BreadcrumbList","@id":"https:\/\/cvinoticias.com\/v3\/innovacion-federal-el-interbloque-pasara-a-tener-25-diputados\/#breadcrumb","itemListElement":[{"@type":"ListItem","position":1,"name":"Portada","item":"https:\/\/cvinoticias.com\/v3\/"},{"@type":"ListItem","position":2,"name":"Innovaci\u00f3n Federal: el Interbloque pasar\u00e1 a tener 25 diputados"}]},{"@type":"WebSite","@id":"https:\/\/cvinoticias.com\/v3\/#website","url":"https:\/\/cvinoticias.com\/v3\/","name":"CVI NOTICIAS","description":"","publisher":{"@id":"https:\/\/cvinoticias.com\/v3\/#organization"},"alternateName":"CVI","potentialAction":[{"@type":"SearchAction","target":{"@type":"EntryPoint","urlTemplate":"https:\/\/cvinoticias.com\/v3\/?s={search_term_string}"},"query-input":{"@type":"PropertyValueSpecification","valueRequired":true,"valueName":"search_term_string"}}],"inLanguage":"es"},{"@type":"Organization","@id":"https:\/\/cvinoticias.com\/v3\/#organization","name":"CVI NOTICIAS","url":"https:\/\/cvinoticias.com\/v3\/","logo":{"@type":"ImageObject","inLanguage":"es","@id":"https:\/\/cvinoticias.com\/v3\/#\/schema\/logo\/image\/","url":"https:\/\/cvinoticias.com\/wp-content\/uploads\/2023\/04\/cropped-cropped-cropped-cropped-cropped-3-1.png","contentUrl":"https:\/\/cvinoticias.com\/wp-content\/uploads\/2023\/04\/cropped-cropped-cropped-cropped-cropped-3-1.png","width":95,"height":122,"caption":"CVI NOTICIAS"},"image":{"@id":"https:\/\/cvinoticias.com\/v3\/#\/schema\/logo\/image\/"},"sameAs":["https:\/\/www.facebook.com\/cvinoticias","https:\/\/www.instagram.com\/cvinoticias\/","https:\/\/www.youtube.com\/@CVINOTICIAS"]},{"@type":"Person","@id":"https:\/\/cvinoticias.com\/v3\/#\/schema\/person\/2db77e3c6bc03c538495d7b2b8be9b66","name":"f1000024","image":{"@type":"ImageObject","inLanguage":"es","@id":"https:\/\/secure.gravatar.com\/avatar\/d4fe7459cfc51ff5129ce1a732bbef5928568b8092d412ef95611616376bbeed?s=96&d=mm&r=g","url":"https:\/\/secure.gravatar.com\/avatar\/d4fe7459cfc51ff5129ce1a732bbef5928568b8092d412ef95611616376bbeed?s=96&d=mm&r=g","contentUrl":"https:\/\/secure.gravatar.com\/avatar\/d4fe7459cfc51ff5129ce1a732bbef5928568b8092d412ef95611616376bbeed?s=96&d=mm&r=g","caption":"f1000024"},"url":"https:\/\/cvinoticias.com\/v3\/author\/f1000024\/"}]}},"_links":{"self":[{"href":"https:\/\/cvinoticias.com\/v3\/wp-json\/wp\/v2\/posts\/33590","targetHints":{"allow":["GET"]}}],"collection":[{"href":"https:\/\/cvinoticias.com\/v3\/wp-json\/wp\/v2\/posts"}],"about":[{"href":"https:\/\/cvinoticias.com\/v3\/wp-json\/wp\/v2\/types\/post"}],"author":[{"embeddable":true,"href":"https:\/\/cvinoticias.com\/v3\/wp-json\/wp\/v2\/users\/2"}],"replies":[{"embeddable":true,"href":"https:\/\/cvinoticias.com\/v3\/wp-json\/wp\/v2\/comments?post=33590"}],"version-history":[{"count":1,"href":"https:\/\/cvinoticias.com\/v3\/wp-json\/wp\/v2\/posts\/33590\/revisions"}],"predecessor-version":[{"id":33592,"href":"https:\/\/cvinoticias.com\/v3\/wp-json\/wp\/v2\/posts\/33590\/revisions\/33592"}],"wp:featuredmedia":[{"embeddable":true,"href":"https:\/\/cvinoticias.com\/v3\/wp-json\/wp\/v2\/media\/33591"}],"wp:attachment":[{"href":"https:\/\/cvinoticias.com\/v3\/wp-json\/wp\/v2\/media?parent=33590"}],"wp:term":[{"taxonomy":"category","embeddable":true,"href":"https:\/\/cvinoticias.com\/v3\/wp-json\/wp\/v2\/categories?post=33590"},{"taxonomy":"post_tag","embeddable":true,"href":"https:\/\/cvinoticias.com\/v3\/wp-json\/wp\/v2\/tags?post=33590"}],"curies":[{"name":"wp","href":"https:\/\/api.w.org\/{rel}","templated":true}]}}