{"id":33540,"date":"2024-06-01T18:52:11","date_gmt":"2024-06-01T21:52:11","guid":{"rendered":"https:\/\/cvinoticias.com\/v3\/?p=33540"},"modified":"2024-06-01T18:52:38","modified_gmt":"2024-06-01T21:52:38","slug":"real-madrid-campeon-de-la-champions-league-2024","status":"publish","type":"post","link":"https:\/\/cvinoticias.com\/v3\/real-madrid-campeon-de-la-champions-league-2024\/","title":{"rendered":"Real Madrid Campe\u00f3n de la Champions League 2024"},"content":{"rendered":"\n<p>El Real Madrid sac\u00f3 a relucir su historia y se consagr\u00f3 hoy campe\u00f3n de la Champions League tras vencer en la final al Borussia Dortmund de Alemania por 2 a 0, en Wembley y, as\u00ed obtuvo su decimoquinto trofeo de Europa.<\/p>\n\n\n\n<p> <strong>Dani Carvajal, a los 28 minutos del complemento, y Vinicius Jr., a los 37 del mismo per\u00edodo, fueron los art\u00edfices de la victoria del conjunto espa\u00f1ol.<\/strong><\/p>\n\n\n\n<p>El encuentro comenz\u00f3 con una ins\u00f3lita invasi\u00f3n por parte de tres fan\u00e1ticos al campo de juego, lo que llev\u00f3 a que el \u00e1rbitro detenga las acciones y tambi\u00e9n a una demora de casi cuatro minutos. <\/p>\n\n\n\n<p>En la reanudaci\u00f3n, lo exhibido por ambos equipos estuvo muy lejos de los que se imagin\u00f3 en la previa, ya que centraron el juego en una batalla en el mediocampo, en la que ninguno logr\u00f3 sobresalir.<\/p>\n\n\n\n<p>Pero con el correr de los minutos, Borussia Dortmund logr\u00f3 romper la paridad, en cuanto al juego y, acech\u00f3 al Real Madrid que tuvo que depender de la destaca labor de su arquero Thibaut Courtois, quien le ahog\u00f3 el grito de gol a Karim Adeyemi y luego a Marcel Sahitzer.<\/p>\n\n\n\n<figure class=\"wp-block-gallery has-nested-images columns-default is-cropped wp-block-gallery-1 is-layout-flex wp-block-gallery-is-layout-flex\">\n<figure class=\"wp-block-image size-large\"><a href=\"https:\/\/cvinoticias.com\/wp-content\/uploads\/2024\/06\/f1456x819-1603216_1773586_4841-1.jpg\"><img decoding=\"async\" width=\"1024\" height=\"576\" data-id=\"33542\" data-src=\"https:\/\/cvinoticias.com\/wp-content\/uploads\/2024\/06\/f1456x819-1603216_1773586_4841-1-1024x576.jpg\" alt=\"\" class=\"wp-image-33542 lazyload\" data-srcset=\"https:\/\/cvinoticias.com\/wp-content\/uploads\/2024\/06\/f1456x819-1603216_1773586_4841-1-1024x576.jpg 1024w, https:\/\/cvinoticias.com\/wp-content\/uploads\/2024\/06\/f1456x819-1603216_1773586_4841-1-300x169.jpg 300w, https:\/\/cvinoticias.com\/wp-content\/uploads\/2024\/06\/f1456x819-1603216_1773586_4841-1-768x432.jpg 768w, https:\/\/cvinoticias.com\/wp-content\/uploads\/2024\/06\/f1456x819-1603216_1773586_4841-1.jpg 1456w\" data-sizes=\"(max-width: 1024px) 100vw, 1024px\" src=\"data:image\/svg+xml;base64,PHN2ZyB3aWR0aD0iMSIgaGVpZ2h0PSIxIiB4bWxucz0iaHR0cDovL3d3dy53My5vcmcvMjAwMC9zdmciPjwvc3ZnPg==\" style=\"--smush-placeholder-width: 1024px; --smush-placeholder-aspect-ratio: 1024\/576;\" \/><\/a><\/figure>\n<\/figure>\n","protected":false},"excerpt":{"rendered":"<p>El Real Madrid sac\u00f3 a relucir su historia y se consagr\u00f3 hoy campe\u00f3n de la Champions League tras vencer en la final al Borussia Dortmund de Alemania por 2 a 0, en Wembley y, as\u00ed obtuvo su decimoquinto trofeo de Europa. Dani Carvajal, a los 28 minutos del complemento, y Vinicius Jr., a los 37 [&hellip;]<\/p>\n","protected":false},"author":2,"featured_media":33541,"comment_status":"open","ping_status":"open","sticky":false,"template":"","format":"standard","meta":{"footnotes":""},"categories":[24],"tags":[],"class_list":["post-33540","post","type-post","status-publish","format-standard","has-post-thumbnail","hentry","category-deportes"],"yoast_head":"<!-- This site is optimized with the Yoast SEO plugin v27.4 - https:\/\/yoast.com\/product\/yoast-seo-wordpress\/ -->\n<title>Real Madrid Campe\u00f3n de la Champions League 2024 | CVI NOTICIAS<\/title>\n<meta name=\"robots\" content=\"index, follow, max-snippet:-1, max-image-preview:large, max-video-preview:-1\" \/>\n<link rel=\"canonical\" href=\"https:\/\/cvinoticias.com\/v3\/real-madrid-campeon-de-la-champions-league-2024\/\" \/>\n<meta property=\"og:locale\" content=\"es_ES\" \/>\n<meta property=\"og:type\" content=\"article\" \/>\n<meta property=\"og:title\" content=\"Real Madrid Campe\u00f3n de la Champions League 2024 | CVI NOTICIAS\" \/>\n<meta property=\"og:description\" content=\"El Real Madrid sac\u00f3 a relucir su historia y se consagr\u00f3 hoy campe\u00f3n de la Champions League tras vencer en la final al Borussia Dortmund de Alemania por 2 a 0, en Wembley y, as\u00ed obtuvo su decimoquinto trofeo de Europa. Dani Carvajal, a los 28 minutos del complemento, y Vinicius Jr., a los 37 [&hellip;]\" \/>\n<meta property=\"og:url\" content=\"https:\/\/cvinoticias.com\/v3\/real-madrid-campeon-de-la-champions-league-2024\/\" \/>\n<meta property=\"og:site_name\" content=\"CVI NOTICIAS\" \/>\n<meta property=\"article:publisher\" content=\"https:\/\/www.facebook.com\/cvinoticias\" \/>\n<meta property=\"article:published_time\" content=\"2024-06-01T21:52:11+00:00\" \/>\n<meta property=\"article:modified_time\" content=\"2024-06-01T21:52:38+00:00\" \/>\n<meta property=\"og:image\" content=\"https:\/\/cvinoticias.com\/wp-content\/uploads\/2024\/06\/f1456x819-1603216_1773586_4841.jpg\" \/>\n\t<meta property=\"og:image:width\" content=\"1456\" \/>\n\t<meta property=\"og:image:height\" content=\"819\" \/>\n\t<meta property=\"og:image:type\" content=\"image\/jpeg\" \/>\n<meta name=\"author\" content=\"f1000024\" \/>\n<meta name=\"twitter:card\" content=\"summary_large_image\" \/>\n<meta name=\"twitter:label1\" content=\"Escrito por\" \/>\n\t<meta name=\"twitter:data1\" content=\"f1000024\" \/>\n\t<meta name=\"twitter:label2\" content=\"Tiempo de lectura\" \/>\n\t<meta name=\"twitter:data2\" content=\"2 minutos\" \/>\n<script type=\"application\/ld+json\" class=\"yoast-schema-graph\">{\"@context\":\"https:\\\/\\\/schema.org\",\"@graph\":[{\"@type\":\"Article\",\"@id\":\"https:\\\/\\\/cvinoticias.com\\\/v3\\\/real-madrid-campeon-de-la-champions-league-2024\\\/#article\",\"isPartOf\":{\"@id\":\"https:\\\/\\\/cvinoticias.com\\\/v3\\\/real-madrid-campeon-de-la-champions-league-2024\\\/\"},\"author\":{\"name\":\"f1000024\",\"@id\":\"https:\\\/\\\/cvinoticias.com\\\/v3\\\/#\\\/schema\\\/person\\\/2db77e3c6bc03c538495d7b2b8be9b66\"},\"headline\":\"Real Madrid Campe\u00f3n de la Champions League 2024\",\"datePublished\":\"2024-06-01T21:52:11+00:00\",\"dateModified\":\"2024-06-01T21:52:38+00:00\",\"mainEntityOfPage\":{\"@id\":\"https:\\\/\\\/cvinoticias.com\\\/v3\\\/real-madrid-campeon-de-la-champions-league-2024\\\/\"},\"wordCount\":201,\"commentCount\":0,\"publisher\":{\"@id\":\"https:\\\/\\\/cvinoticias.com\\\/v3\\\/#organization\"},\"image\":{\"@id\":\"https:\\\/\\\/cvinoticias.com\\\/v3\\\/real-madrid-campeon-de-la-champions-league-2024\\\/#primaryimage\"},\"thumbnailUrl\":\"https:\\\/\\\/cvinoticias.com\\\/wp-content\\\/uploads\\\/2024\\\/06\\\/f1456x819-1603216_1773586_4841.jpg\",\"articleSection\":[\"Deportes\"],\"inLanguage\":\"es\",\"potentialAction\":[{\"@type\":\"CommentAction\",\"name\":\"Comment\",\"target\":[\"https:\\\/\\\/cvinoticias.com\\\/v3\\\/real-madrid-campeon-de-la-champions-league-2024\\\/#respond\"]}]},{\"@type\":\"WebPage\",\"@id\":\"https:\\\/\\\/cvinoticias.com\\\/v3\\\/real-madrid-campeon-de-la-champions-league-2024\\\/\",\"url\":\"https:\\\/\\\/cvinoticias.com\\\/v3\\\/real-madrid-campeon-de-la-champions-league-2024\\\/\",\"name\":\"Real Madrid Campe\u00f3n de la Champions League 2024 | CVI NOTICIAS\",\"isPartOf\":{\"@id\":\"https:\\\/\\\/cvinoticias.com\\\/v3\\\/#website\"},\"primaryImageOfPage\":{\"@id\":\"https:\\\/\\\/cvinoticias.com\\\/v3\\\/real-madrid-campeon-de-la-champions-league-2024\\\/#primaryimage\"},\"image\":{\"@id\":\"https:\\\/\\\/cvinoticias.com\\\/v3\\\/real-madrid-campeon-de-la-champions-league-2024\\\/#primaryimage\"},\"thumbnailUrl\":\"https:\\\/\\\/cvinoticias.com\\\/wp-content\\\/uploads\\\/2024\\\/06\\\/f1456x819-1603216_1773586_4841.jpg\",\"datePublished\":\"2024-06-01T21:52:11+00:00\",\"dateModified\":\"2024-06-01T21:52:38+00:00\",\"breadcrumb\":{\"@id\":\"https:\\\/\\\/cvinoticias.com\\\/v3\\\/real-madrid-campeon-de-la-champions-league-2024\\\/#breadcrumb\"},\"inLanguage\":\"es\",\"potentialAction\":[{\"@type\":\"ReadAction\",\"target\":[\"https:\\\/\\\/cvinoticias.com\\\/v3\\\/real-madrid-campeon-de-la-champions-league-2024\\\/\"]}]},{\"@type\":\"ImageObject\",\"inLanguage\":\"es\",\"@id\":\"https:\\\/\\\/cvinoticias.com\\\/v3\\\/real-madrid-campeon-de-la-champions-league-2024\\\/#primaryimage\",\"url\":\"https:\\\/\\\/cvinoticias.com\\\/wp-content\\\/uploads\\\/2024\\\/06\\\/f1456x819-1603216_1773586_4841.jpg\",\"contentUrl\":\"https:\\\/\\\/cvinoticias.com\\\/wp-content\\\/uploads\\\/2024\\\/06\\\/f1456x819-1603216_1773586_4841.jpg\",\"width\":1456,\"height\":819},{\"@type\":\"BreadcrumbList\",\"@id\":\"https:\\\/\\\/cvinoticias.com\\\/v3\\\/real-madrid-campeon-de-la-champions-league-2024\\\/#breadcrumb\",\"itemListElement\":[{\"@type\":\"ListItem\",\"position\":1,\"name\":\"Portada\",\"item\":\"https:\\\/\\\/cvinoticias.com\\\/v3\\\/\"},{\"@type\":\"ListItem\",\"position\":2,\"name\":\"Real Madrid Campe\u00f3n de la Champions League 2024\"}]},{\"@type\":\"WebSite\",\"@id\":\"https:\\\/\\\/cvinoticias.com\\\/v3\\\/#website\",\"url\":\"https:\\\/\\\/cvinoticias.com\\\/v3\\\/\",\"name\":\"CVI NOTICIAS\",\"description\":\"\",\"publisher\":{\"@id\":\"https:\\\/\\\/cvinoticias.com\\\/v3\\\/#organization\"},\"alternateName\":\"CVI\",\"potentialAction\":[{\"@type\":\"SearchAction\",\"target\":{\"@type\":\"EntryPoint\",\"urlTemplate\":\"https:\\\/\\\/cvinoticias.com\\\/v3\\\/?s={search_term_string}\"},\"query-input\":{\"@type\":\"PropertyValueSpecification\",\"valueRequired\":true,\"valueName\":\"search_term_string\"}}],\"inLanguage\":\"es\"},{\"@type\":\"Organization\",\"@id\":\"https:\\\/\\\/cvinoticias.com\\\/v3\\\/#organization\",\"name\":\"CVI NOTICIAS\",\"url\":\"https:\\\/\\\/cvinoticias.com\\\/v3\\\/\",\"logo\":{\"@type\":\"ImageObject\",\"inLanguage\":\"es\",\"@id\":\"https:\\\/\\\/cvinoticias.com\\\/v3\\\/#\\\/schema\\\/logo\\\/image\\\/\",\"url\":\"https:\\\/\\\/cvinoticias.com\\\/wp-content\\\/uploads\\\/2023\\\/04\\\/cropped-cropped-cropped-cropped-cropped-3-1.png\",\"contentUrl\":\"https:\\\/\\\/cvinoticias.com\\\/wp-content\\\/uploads\\\/2023\\\/04\\\/cropped-cropped-cropped-cropped-cropped-3-1.png\",\"width\":95,\"height\":122,\"caption\":\"CVI NOTICIAS\"},\"image\":{\"@id\":\"https:\\\/\\\/cvinoticias.com\\\/v3\\\/#\\\/schema\\\/logo\\\/image\\\/\"},\"sameAs\":[\"https:\\\/\\\/www.facebook.com\\\/cvinoticias\",\"https:\\\/\\\/www.instagram.com\\\/cvinoticias\\\/\",\"https:\\\/\\\/www.youtube.com\\\/@CVINOTICIAS\"]},{\"@type\":\"Person\",\"@id\":\"https:\\\/\\\/cvinoticias.com\\\/v3\\\/#\\\/schema\\\/person\\\/2db77e3c6bc03c538495d7b2b8be9b66\",\"name\":\"f1000024\",\"image\":{\"@type\":\"ImageObject\",\"inLanguage\":\"es\",\"@id\":\"https:\\\/\\\/secure.gravatar.com\\\/avatar\\\/d4fe7459cfc51ff5129ce1a732bbef5928568b8092d412ef95611616376bbeed?s=96&d=mm&r=g\",\"url\":\"https:\\\/\\\/secure.gravatar.com\\\/avatar\\\/d4fe7459cfc51ff5129ce1a732bbef5928568b8092d412ef95611616376bbeed?s=96&d=mm&r=g\",\"contentUrl\":\"https:\\\/\\\/secure.gravatar.com\\\/avatar\\\/d4fe7459cfc51ff5129ce1a732bbef5928568b8092d412ef95611616376bbeed?s=96&d=mm&r=g\",\"caption\":\"f1000024\"},\"url\":\"https:\\\/\\\/cvinoticias.com\\\/v3\\\/author\\\/f1000024\\\/\"}]}<\/script>\n<!-- \/ Yoast SEO plugin. -->","yoast_head_json":{"title":"Real Madrid Campe\u00f3n de la Champions League 2024 | CVI NOTICIAS","robots":{"index":"index","follow":"follow","max-snippet":"max-snippet:-1","max-image-preview":"max-image-preview:large","max-video-preview":"max-video-preview:-1"},"canonical":"https:\/\/cvinoticias.com\/v3\/real-madrid-campeon-de-la-champions-league-2024\/","og_locale":"es_ES","og_type":"article","og_title":"Real Madrid Campe\u00f3n de la Champions League 2024 | CVI NOTICIAS","og_description":"El Real Madrid sac\u00f3 a relucir su historia y se consagr\u00f3 hoy campe\u00f3n de la Champions League tras vencer en la final al Borussia Dortmund de Alemania por 2 a 0, en Wembley y, as\u00ed obtuvo su decimoquinto trofeo de Europa. Dani Carvajal, a los 28 minutos del complemento, y Vinicius Jr., a los 37 [&hellip;]","og_url":"https:\/\/cvinoticias.com\/v3\/real-madrid-campeon-de-la-champions-league-2024\/","og_site_name":"CVI NOTICIAS","article_publisher":"https:\/\/www.facebook.com\/cvinoticias","article_published_time":"2024-06-01T21:52:11+00:00","article_modified_time":"2024-06-01T21:52:38+00:00","og_image":[{"width":1456,"height":819,"url":"https:\/\/cvinoticias.com\/wp-content\/uploads\/2024\/06\/f1456x819-1603216_1773586_4841.jpg","type":"image\/jpeg"}],"author":"f1000024","twitter_card":"summary_large_image","twitter_misc":{"Escrito por":"f1000024","Tiempo de lectura":"2 minutos"},"schema":{"@context":"https:\/\/schema.org","@graph":[{"@type":"Article","@id":"https:\/\/cvinoticias.com\/v3\/real-madrid-campeon-de-la-champions-league-2024\/#article","isPartOf":{"@id":"https:\/\/cvinoticias.com\/v3\/real-madrid-campeon-de-la-champions-league-2024\/"},"author":{"name":"f1000024","@id":"https:\/\/cvinoticias.com\/v3\/#\/schema\/person\/2db77e3c6bc03c538495d7b2b8be9b66"},"headline":"Real Madrid Campe\u00f3n de la Champions League 2024","datePublished":"2024-06-01T21:52:11+00:00","dateModified":"2024-06-01T21:52:38+00:00","mainEntityOfPage":{"@id":"https:\/\/cvinoticias.com\/v3\/real-madrid-campeon-de-la-champions-league-2024\/"},"wordCount":201,"commentCount":0,"publisher":{"@id":"https:\/\/cvinoticias.com\/v3\/#organization"},"image":{"@id":"https:\/\/cvinoticias.com\/v3\/real-madrid-campeon-de-la-champions-league-2024\/#primaryimage"},"thumbnailUrl":"https:\/\/cvinoticias.com\/wp-content\/uploads\/2024\/06\/f1456x819-1603216_1773586_4841.jpg","articleSection":["Deportes"],"inLanguage":"es","potentialAction":[{"@type":"CommentAction","name":"Comment","target":["https:\/\/cvinoticias.com\/v3\/real-madrid-campeon-de-la-champions-league-2024\/#respond"]}]},{"@type":"WebPage","@id":"https:\/\/cvinoticias.com\/v3\/real-madrid-campeon-de-la-champions-league-2024\/","url":"https:\/\/cvinoticias.com\/v3\/real-madrid-campeon-de-la-champions-league-2024\/","name":"Real Madrid Campe\u00f3n de la Champions League 2024 | CVI NOTICIAS","isPartOf":{"@id":"https:\/\/cvinoticias.com\/v3\/#website"},"primaryImageOfPage":{"@id":"https:\/\/cvinoticias.com\/v3\/real-madrid-campeon-de-la-champions-league-2024\/#primaryimage"},"image":{"@id":"https:\/\/cvinoticias.com\/v3\/real-madrid-campeon-de-la-champions-league-2024\/#primaryimage"},"thumbnailUrl":"https:\/\/cvinoticias.com\/wp-content\/uploads\/2024\/06\/f1456x819-1603216_1773586_4841.jpg","datePublished":"2024-06-01T21:52:11+00:00","dateModified":"2024-06-01T21:52:38+00:00","breadcrumb":{"@id":"https:\/\/cvinoticias.com\/v3\/real-madrid-campeon-de-la-champions-league-2024\/#breadcrumb"},"inLanguage":"es","potentialAction":[{"@type":"ReadAction","target":["https:\/\/cvinoticias.com\/v3\/real-madrid-campeon-de-la-champions-league-2024\/"]}]},{"@type":"ImageObject","inLanguage":"es","@id":"https:\/\/cvinoticias.com\/v3\/real-madrid-campeon-de-la-champions-league-2024\/#primaryimage","url":"https:\/\/cvinoticias.com\/wp-content\/uploads\/2024\/06\/f1456x819-1603216_1773586_4841.jpg","contentUrl":"https:\/\/cvinoticias.com\/wp-content\/uploads\/2024\/06\/f1456x819-1603216_1773586_4841.jpg","width":1456,"height":819},{"@type":"BreadcrumbList","@id":"https:\/\/cvinoticias.com\/v3\/real-madrid-campeon-de-la-champions-league-2024\/#breadcrumb","itemListElement":[{"@type":"ListItem","position":1,"name":"Portada","item":"https:\/\/cvinoticias.com\/v3\/"},{"@type":"ListItem","position":2,"name":"Real Madrid Campe\u00f3n de la Champions League 2024"}]},{"@type":"WebSite","@id":"https:\/\/cvinoticias.com\/v3\/#website","url":"https:\/\/cvinoticias.com\/v3\/","name":"CVI NOTICIAS","description":"","publisher":{"@id":"https:\/\/cvinoticias.com\/v3\/#organization"},"alternateName":"CVI","potentialAction":[{"@type":"SearchAction","target":{"@type":"EntryPoint","urlTemplate":"https:\/\/cvinoticias.com\/v3\/?s={search_term_string}"},"query-input":{"@type":"PropertyValueSpecification","valueRequired":true,"valueName":"search_term_string"}}],"inLanguage":"es"},{"@type":"Organization","@id":"https:\/\/cvinoticias.com\/v3\/#organization","name":"CVI NOTICIAS","url":"https:\/\/cvinoticias.com\/v3\/","logo":{"@type":"ImageObject","inLanguage":"es","@id":"https:\/\/cvinoticias.com\/v3\/#\/schema\/logo\/image\/","url":"https:\/\/cvinoticias.com\/wp-content\/uploads\/2023\/04\/cropped-cropped-cropped-cropped-cropped-3-1.png","contentUrl":"https:\/\/cvinoticias.com\/wp-content\/uploads\/2023\/04\/cropped-cropped-cropped-cropped-cropped-3-1.png","width":95,"height":122,"caption":"CVI NOTICIAS"},"image":{"@id":"https:\/\/cvinoticias.com\/v3\/#\/schema\/logo\/image\/"},"sameAs":["https:\/\/www.facebook.com\/cvinoticias","https:\/\/www.instagram.com\/cvinoticias\/","https:\/\/www.youtube.com\/@CVINOTICIAS"]},{"@type":"Person","@id":"https:\/\/cvinoticias.com\/v3\/#\/schema\/person\/2db77e3c6bc03c538495d7b2b8be9b66","name":"f1000024","image":{"@type":"ImageObject","inLanguage":"es","@id":"https:\/\/secure.gravatar.com\/avatar\/d4fe7459cfc51ff5129ce1a732bbef5928568b8092d412ef95611616376bbeed?s=96&d=mm&r=g","url":"https:\/\/secure.gravatar.com\/avatar\/d4fe7459cfc51ff5129ce1a732bbef5928568b8092d412ef95611616376bbeed?s=96&d=mm&r=g","contentUrl":"https:\/\/secure.gravatar.com\/avatar\/d4fe7459cfc51ff5129ce1a732bbef5928568b8092d412ef95611616376bbeed?s=96&d=mm&r=g","caption":"f1000024"},"url":"https:\/\/cvinoticias.com\/v3\/author\/f1000024\/"}]}},"_links":{"self":[{"href":"https:\/\/cvinoticias.com\/v3\/wp-json\/wp\/v2\/posts\/33540","targetHints":{"allow":["GET"]}}],"collection":[{"href":"https:\/\/cvinoticias.com\/v3\/wp-json\/wp\/v2\/posts"}],"about":[{"href":"https:\/\/cvinoticias.com\/v3\/wp-json\/wp\/v2\/types\/post"}],"author":[{"embeddable":true,"href":"https:\/\/cvinoticias.com\/v3\/wp-json\/wp\/v2\/users\/2"}],"replies":[{"embeddable":true,"href":"https:\/\/cvinoticias.com\/v3\/wp-json\/wp\/v2\/comments?post=33540"}],"version-history":[{"count":1,"href":"https:\/\/cvinoticias.com\/v3\/wp-json\/wp\/v2\/posts\/33540\/revisions"}],"predecessor-version":[{"id":33543,"href":"https:\/\/cvinoticias.com\/v3\/wp-json\/wp\/v2\/posts\/33540\/revisions\/33543"}],"wp:featuredmedia":[{"embeddable":true,"href":"https:\/\/cvinoticias.com\/v3\/wp-json\/wp\/v2\/media\/33541"}],"wp:attachment":[{"href":"https:\/\/cvinoticias.com\/v3\/wp-json\/wp\/v2\/media?parent=33540"}],"wp:term":[{"taxonomy":"category","embeddable":true,"href":"https:\/\/cvinoticias.com\/v3\/wp-json\/wp\/v2\/categories?post=33540"},{"taxonomy":"post_tag","embeddable":true,"href":"https:\/\/cvinoticias.com\/v3\/wp-json\/wp\/v2\/tags?post=33540"}],"curies":[{"name":"wp","href":"https:\/\/api.w.org\/{rel}","templated":true}]}}