{"id":33478,"date":"2024-05-23T22:11:50","date_gmt":"2024-05-24T01:11:50","guid":{"rendered":"https:\/\/cvinoticias.com\/v3\/?p=33478"},"modified":"2024-05-23T22:16:46","modified_gmt":"2024-05-24T01:16:46","slug":"incidentes-en-la-legislatura-de-misiones-durante-la-sesion-ordinaria","status":"publish","type":"post","link":"https:\/\/cvinoticias.com\/v3\/incidentes-en-la-legislatura-de-misiones-durante-la-sesion-ordinaria\/","title":{"rendered":"Incidentes en la Legislatura de Misiones durante la sesi\u00f3n Ordinaria"},"content":{"rendered":"\n<p><strong>Este tenso momento se produjo en el marco del S\u00e9ptimo d\u00eda de protestas el la provincia <\/strong><\/p>\n\n\n\n<p>Personal docente y no docente se concentr\u00f3 en las inmediaciones de la Legislatura Provincial y reclam\u00f3 frente al edificio institucional por mejoras salariales.<\/p>\n\n\n\n<p>La medida de fuerza se produce en el marco del S\u00e9ptimo d\u00eda de protestas de diversos sectores de la Provincia, en la misma protesta se suman los efectivos de la fuerza de seguridad, quienes hasta el cierre de esta Edici\u00f3n instaban a las autoridades a otorgarles un incremento de sus haberes en un 100%<\/p>\n\n\n\n<p>R\u00e1pidamente se viralizaron im\u00e1genes en las redes sociales donde se ve a Manifestantes rompiendo vallas e irrumpiendo en el hall de la Legislatura mientras se desarrollaba la Sesi\u00f3n <\/p>\n\n\n\n<p>Se trata  de la tercera marcha hacia la C\u00e1mara de Representantes, siendo est\u00e1 una extensi\u00f3n del acampe que lleva siete d\u00edas, y que se desarrolla con asambleas sobre la avenida Uruguay en reclamo por los acuerdos paritarios firmados por gremios, que rondan el 20% de aumento.<\/p>\n\n\n\n<p>Junto al Sector de la Educaci\u00f3n, est\u00e1n los agentes activos y pasivos de la polic\u00eda de la provincia, Penitenciarios, Agentes de Salud, Judiciales, se suman gremios como Luz y Fuerza y otros de distintos medios de Comunicaci\u00f3n,  como as\u00ed tambi\u00e9n peque\u00f1os y medianos productores, tabacaleros y algunos yerbateros que se ven en la encrucijada de poner en riesgo su producci\u00f3n.<\/p>\n\n\n\n<p>Cerca de las 20,30 la protesta de traslad\u00f3 a la puerta del Gobernador de la provincia de manera pac\u00edfica pero mostrando un poco de descontento, agentes de  seguridad impidieron que se acercaran y nada pas\u00f3 a mayores.<\/p>\n\n\n\n<p><strong>UNA NUEVA NEGOCIACI\u00d3N FALLIDA CON LAS FUERZAS DE SEGURIDAD PROVINCIALES:<\/strong><\/p>\n\n\n\n<p>*Horas antes de los incidentes en la Legislatura, la Polic\u00eda <strong>rechaz\u00f3 un nuevo ofrecimiento de las autoridades estatales, que consist\u00eda en un incremento del 30% de la liquidaci\u00f3n <\/strong><\/p>\n\n\n\n<p>No hubo aceptaci\u00f3n de parte de los manifestantes y permanecer\u00e1n en ese lugar y en ese plan de lucha<\/p>\n\n\n\n<p>Hasta el d\u00eda de la fecha, fueron tres las ofertas de incrementos salariales rechazadas por el cuerpo.<\/p>\n\n\n\n<p><strong>Desde el Gobierno Nacional el ministro del Interior Francos, sostuvo que la situaci\u00f3n est\u00e1 controlada y asegur\u00f3 estar en permanente contacto con las autoridades locales, asegurando tambi\u00e9n que Bullrich est\u00e1 atenta con las fuerzas nacionales para colaborar en caso de que sea necesario reforzar la seguridad de los Misioneros<\/strong><\/p>\n\n\n\n<p>El clima de Protestas generalizadas se instal\u00f3 en distintos puntos de la provincia con cortes de ruta de los Docentes, tambi\u00e9n en plan de lucha.<\/p>\n\n\n\n<figure class=\"wp-block-gallery has-nested-images columns-default is-cropped wp-block-gallery-1 is-layout-flex wp-block-gallery-is-layout-flex\">\n<figure class=\"wp-block-image\"><img decoding=\"async\" src=\"blob:https:\/\/cvinoticias.com\/ede00631-8f7e-40ea-8a42-c3729d8046b2\" alt=\"\"\/><\/figure>\n\n\n\n<figure class=\"wp-block-image size-large\"><a href=\"https:\/\/cvinoticias.com\/wp-content\/uploads\/2024\/05\/Screenshot_20240523-203855.png\"><img decoding=\"async\" width=\"1024\" height=\"790\" data-id=\"33481\" data-src=\"https:\/\/cvinoticias.com\/wp-content\/uploads\/2024\/05\/Screenshot_20240523-203855-1024x790.png\" alt=\"\" class=\"wp-image-33481 lazyload\" data-srcset=\"https:\/\/cvinoticias.com\/wp-content\/uploads\/2024\/05\/Screenshot_20240523-203855-1024x790.png 1024w, https:\/\/cvinoticias.com\/wp-content\/uploads\/2024\/05\/Screenshot_20240523-203855-300x231.png 300w, https:\/\/cvinoticias.com\/wp-content\/uploads\/2024\/05\/Screenshot_20240523-203855-768x592.png 768w, https:\/\/cvinoticias.com\/wp-content\/uploads\/2024\/05\/Screenshot_20240523-203855.png 1080w\" data-sizes=\"(max-width: 1024px) 100vw, 1024px\" src=\"data:image\/svg+xml;base64,PHN2ZyB3aWR0aD0iMSIgaGVpZ2h0PSIxIiB4bWxucz0iaHR0cDovL3d3dy53My5vcmcvMjAwMC9zdmciPjwvc3ZnPg==\" style=\"--smush-placeholder-width: 1024px; --smush-placeholder-aspect-ratio: 1024\/790;\" \/><\/a><\/figure>\n\n\n\n<figure class=\"wp-block-image\"><img decoding=\"async\" src=\"blob:https:\/\/cvinoticias.com\/f5c2a597-18a4-4b35-9bad-6e2717eb004a\" alt=\"\"\/><\/figure>\n<\/figure>\n","protected":false},"excerpt":{"rendered":"<p>Este tenso momento se produjo en el marco del S\u00e9ptimo d\u00eda de protestas el la provincia Personal docente y no docente se concentr\u00f3 en las inmediaciones de la Legislatura Provincial y reclam\u00f3 frente al edificio institucional por mejoras salariales. La medida de fuerza se produce en el marco del S\u00e9ptimo d\u00eda de protestas de diversos [&hellip;]<\/p>\n","protected":false},"author":2,"featured_media":33479,"comment_status":"open","ping_status":"open","sticky":false,"template":"","format":"standard","meta":{"footnotes":""},"categories":[43],"tags":[],"class_list":["post-33478","post","type-post","status-publish","format-standard","has-post-thumbnail","hentry","category-provinciales"],"yoast_head":"<!-- This site is optimized with the Yoast SEO plugin v27.4 - https:\/\/yoast.com\/product\/yoast-seo-wordpress\/ -->\n<title>Incidentes en la Legislatura de Misiones durante la sesi\u00f3n Ordinaria | CVI NOTICIAS<\/title>\n<meta name=\"robots\" content=\"index, follow, max-snippet:-1, max-image-preview:large, max-video-preview:-1\" \/>\n<link rel=\"canonical\" href=\"https:\/\/cvinoticias.com\/v3\/incidentes-en-la-legislatura-de-misiones-durante-la-sesion-ordinaria\/\" \/>\n<meta property=\"og:locale\" content=\"es_ES\" \/>\n<meta property=\"og:type\" content=\"article\" \/>\n<meta property=\"og:title\" content=\"Incidentes en la Legislatura de Misiones durante la sesi\u00f3n Ordinaria | CVI NOTICIAS\" \/>\n<meta property=\"og:description\" content=\"Este tenso momento se produjo en el marco del S\u00e9ptimo d\u00eda de protestas el la provincia Personal docente y no docente se concentr\u00f3 en las inmediaciones de la Legislatura Provincial y reclam\u00f3 frente al edificio institucional por mejoras salariales. La medida de fuerza se produce en el marco del S\u00e9ptimo d\u00eda de protestas de diversos [&hellip;]\" \/>\n<meta property=\"og:url\" content=\"https:\/\/cvinoticias.com\/v3\/incidentes-en-la-legislatura-de-misiones-durante-la-sesion-ordinaria\/\" \/>\n<meta property=\"og:site_name\" content=\"CVI NOTICIAS\" \/>\n<meta property=\"article:publisher\" content=\"https:\/\/www.facebook.com\/cvinoticias\" \/>\n<meta property=\"article:published_time\" content=\"2024-05-24T01:11:50+00:00\" \/>\n<meta property=\"article:modified_time\" content=\"2024-05-24T01:16:46+00:00\" \/>\n<meta property=\"og:image\" content=\"https:\/\/cvinoticias.com\/wp-content\/uploads\/2024\/05\/Screenshot_20240523-203556.png\" \/>\n\t<meta property=\"og:image:width\" content=\"945\" \/>\n\t<meta property=\"og:image:height\" content=\"522\" \/>\n\t<meta property=\"og:image:type\" content=\"image\/png\" \/>\n<meta name=\"author\" content=\"f1000024\" \/>\n<meta name=\"twitter:card\" content=\"summary_large_image\" \/>\n<meta name=\"twitter:label1\" content=\"Escrito por\" \/>\n\t<meta name=\"twitter:data1\" content=\"f1000024\" \/>\n\t<meta name=\"twitter:label2\" content=\"Tiempo de lectura\" \/>\n\t<meta name=\"twitter:data2\" content=\"3 minutos\" \/>\n<script type=\"application\/ld+json\" class=\"yoast-schema-graph\">{\"@context\":\"https:\\\/\\\/schema.org\",\"@graph\":[{\"@type\":\"Article\",\"@id\":\"https:\\\/\\\/cvinoticias.com\\\/v3\\\/incidentes-en-la-legislatura-de-misiones-durante-la-sesion-ordinaria\\\/#article\",\"isPartOf\":{\"@id\":\"https:\\\/\\\/cvinoticias.com\\\/v3\\\/incidentes-en-la-legislatura-de-misiones-durante-la-sesion-ordinaria\\\/\"},\"author\":{\"name\":\"f1000024\",\"@id\":\"https:\\\/\\\/cvinoticias.com\\\/v3\\\/#\\\/schema\\\/person\\\/2db77e3c6bc03c538495d7b2b8be9b66\"},\"headline\":\"Incidentes en la Legislatura de Misiones durante la sesi\u00f3n Ordinaria\",\"datePublished\":\"2024-05-24T01:11:50+00:00\",\"dateModified\":\"2024-05-24T01:16:46+00:00\",\"mainEntityOfPage\":{\"@id\":\"https:\\\/\\\/cvinoticias.com\\\/v3\\\/incidentes-en-la-legislatura-de-misiones-durante-la-sesion-ordinaria\\\/\"},\"wordCount\":448,\"commentCount\":0,\"publisher\":{\"@id\":\"https:\\\/\\\/cvinoticias.com\\\/v3\\\/#organization\"},\"image\":{\"@id\":\"https:\\\/\\\/cvinoticias.com\\\/v3\\\/incidentes-en-la-legislatura-de-misiones-durante-la-sesion-ordinaria\\\/#primaryimage\"},\"thumbnailUrl\":\"https:\\\/\\\/cvinoticias.com\\\/wp-content\\\/uploads\\\/2024\\\/05\\\/Screenshot_20240523-203556.png\",\"articleSection\":[\"Provinciales\"],\"inLanguage\":\"es\",\"potentialAction\":[{\"@type\":\"CommentAction\",\"name\":\"Comment\",\"target\":[\"https:\\\/\\\/cvinoticias.com\\\/v3\\\/incidentes-en-la-legislatura-de-misiones-durante-la-sesion-ordinaria\\\/#respond\"]}]},{\"@type\":\"WebPage\",\"@id\":\"https:\\\/\\\/cvinoticias.com\\\/v3\\\/incidentes-en-la-legislatura-de-misiones-durante-la-sesion-ordinaria\\\/\",\"url\":\"https:\\\/\\\/cvinoticias.com\\\/v3\\\/incidentes-en-la-legislatura-de-misiones-durante-la-sesion-ordinaria\\\/\",\"name\":\"Incidentes en la Legislatura de Misiones durante la sesi\u00f3n Ordinaria | CVI NOTICIAS\",\"isPartOf\":{\"@id\":\"https:\\\/\\\/cvinoticias.com\\\/v3\\\/#website\"},\"primaryImageOfPage\":{\"@id\":\"https:\\\/\\\/cvinoticias.com\\\/v3\\\/incidentes-en-la-legislatura-de-misiones-durante-la-sesion-ordinaria\\\/#primaryimage\"},\"image\":{\"@id\":\"https:\\\/\\\/cvinoticias.com\\\/v3\\\/incidentes-en-la-legislatura-de-misiones-durante-la-sesion-ordinaria\\\/#primaryimage\"},\"thumbnailUrl\":\"https:\\\/\\\/cvinoticias.com\\\/wp-content\\\/uploads\\\/2024\\\/05\\\/Screenshot_20240523-203556.png\",\"datePublished\":\"2024-05-24T01:11:50+00:00\",\"dateModified\":\"2024-05-24T01:16:46+00:00\",\"breadcrumb\":{\"@id\":\"https:\\\/\\\/cvinoticias.com\\\/v3\\\/incidentes-en-la-legislatura-de-misiones-durante-la-sesion-ordinaria\\\/#breadcrumb\"},\"inLanguage\":\"es\",\"potentialAction\":[{\"@type\":\"ReadAction\",\"target\":[\"https:\\\/\\\/cvinoticias.com\\\/v3\\\/incidentes-en-la-legislatura-de-misiones-durante-la-sesion-ordinaria\\\/\"]}]},{\"@type\":\"ImageObject\",\"inLanguage\":\"es\",\"@id\":\"https:\\\/\\\/cvinoticias.com\\\/v3\\\/incidentes-en-la-legislatura-de-misiones-durante-la-sesion-ordinaria\\\/#primaryimage\",\"url\":\"https:\\\/\\\/cvinoticias.com\\\/wp-content\\\/uploads\\\/2024\\\/05\\\/Screenshot_20240523-203556.png\",\"contentUrl\":\"https:\\\/\\\/cvinoticias.com\\\/wp-content\\\/uploads\\\/2024\\\/05\\\/Screenshot_20240523-203556.png\",\"width\":945,\"height\":522},{\"@type\":\"BreadcrumbList\",\"@id\":\"https:\\\/\\\/cvinoticias.com\\\/v3\\\/incidentes-en-la-legislatura-de-misiones-durante-la-sesion-ordinaria\\\/#breadcrumb\",\"itemListElement\":[{\"@type\":\"ListItem\",\"position\":1,\"name\":\"Portada\",\"item\":\"https:\\\/\\\/cvinoticias.com\\\/v3\\\/\"},{\"@type\":\"ListItem\",\"position\":2,\"name\":\"Incidentes en la Legislatura de Misiones durante la sesi\u00f3n Ordinaria\"}]},{\"@type\":\"WebSite\",\"@id\":\"https:\\\/\\\/cvinoticias.com\\\/v3\\\/#website\",\"url\":\"https:\\\/\\\/cvinoticias.com\\\/v3\\\/\",\"name\":\"CVI NOTICIAS\",\"description\":\"\",\"publisher\":{\"@id\":\"https:\\\/\\\/cvinoticias.com\\\/v3\\\/#organization\"},\"alternateName\":\"CVI\",\"potentialAction\":[{\"@type\":\"SearchAction\",\"target\":{\"@type\":\"EntryPoint\",\"urlTemplate\":\"https:\\\/\\\/cvinoticias.com\\\/v3\\\/?s={search_term_string}\"},\"query-input\":{\"@type\":\"PropertyValueSpecification\",\"valueRequired\":true,\"valueName\":\"search_term_string\"}}],\"inLanguage\":\"es\"},{\"@type\":\"Organization\",\"@id\":\"https:\\\/\\\/cvinoticias.com\\\/v3\\\/#organization\",\"name\":\"CVI NOTICIAS\",\"url\":\"https:\\\/\\\/cvinoticias.com\\\/v3\\\/\",\"logo\":{\"@type\":\"ImageObject\",\"inLanguage\":\"es\",\"@id\":\"https:\\\/\\\/cvinoticias.com\\\/v3\\\/#\\\/schema\\\/logo\\\/image\\\/\",\"url\":\"https:\\\/\\\/cvinoticias.com\\\/wp-content\\\/uploads\\\/2023\\\/04\\\/cropped-cropped-cropped-cropped-cropped-3-1.png\",\"contentUrl\":\"https:\\\/\\\/cvinoticias.com\\\/wp-content\\\/uploads\\\/2023\\\/04\\\/cropped-cropped-cropped-cropped-cropped-3-1.png\",\"width\":95,\"height\":122,\"caption\":\"CVI NOTICIAS\"},\"image\":{\"@id\":\"https:\\\/\\\/cvinoticias.com\\\/v3\\\/#\\\/schema\\\/logo\\\/image\\\/\"},\"sameAs\":[\"https:\\\/\\\/www.facebook.com\\\/cvinoticias\",\"https:\\\/\\\/www.instagram.com\\\/cvinoticias\\\/\",\"https:\\\/\\\/www.youtube.com\\\/@CVINOTICIAS\"]},{\"@type\":\"Person\",\"@id\":\"https:\\\/\\\/cvinoticias.com\\\/v3\\\/#\\\/schema\\\/person\\\/2db77e3c6bc03c538495d7b2b8be9b66\",\"name\":\"f1000024\",\"image\":{\"@type\":\"ImageObject\",\"inLanguage\":\"es\",\"@id\":\"https:\\\/\\\/secure.gravatar.com\\\/avatar\\\/d4fe7459cfc51ff5129ce1a732bbef5928568b8092d412ef95611616376bbeed?s=96&d=mm&r=g\",\"url\":\"https:\\\/\\\/secure.gravatar.com\\\/avatar\\\/d4fe7459cfc51ff5129ce1a732bbef5928568b8092d412ef95611616376bbeed?s=96&d=mm&r=g\",\"contentUrl\":\"https:\\\/\\\/secure.gravatar.com\\\/avatar\\\/d4fe7459cfc51ff5129ce1a732bbef5928568b8092d412ef95611616376bbeed?s=96&d=mm&r=g\",\"caption\":\"f1000024\"},\"url\":\"https:\\\/\\\/cvinoticias.com\\\/v3\\\/author\\\/f1000024\\\/\"}]}<\/script>\n<!-- \/ Yoast SEO plugin. -->","yoast_head_json":{"title":"Incidentes en la Legislatura de Misiones durante la sesi\u00f3n Ordinaria | CVI NOTICIAS","robots":{"index":"index","follow":"follow","max-snippet":"max-snippet:-1","max-image-preview":"max-image-preview:large","max-video-preview":"max-video-preview:-1"},"canonical":"https:\/\/cvinoticias.com\/v3\/incidentes-en-la-legislatura-de-misiones-durante-la-sesion-ordinaria\/","og_locale":"es_ES","og_type":"article","og_title":"Incidentes en la Legislatura de Misiones durante la sesi\u00f3n Ordinaria | CVI NOTICIAS","og_description":"Este tenso momento se produjo en el marco del S\u00e9ptimo d\u00eda de protestas el la provincia Personal docente y no docente se concentr\u00f3 en las inmediaciones de la Legislatura Provincial y reclam\u00f3 frente al edificio institucional por mejoras salariales. La medida de fuerza se produce en el marco del S\u00e9ptimo d\u00eda de protestas de diversos [&hellip;]","og_url":"https:\/\/cvinoticias.com\/v3\/incidentes-en-la-legislatura-de-misiones-durante-la-sesion-ordinaria\/","og_site_name":"CVI NOTICIAS","article_publisher":"https:\/\/www.facebook.com\/cvinoticias","article_published_time":"2024-05-24T01:11:50+00:00","article_modified_time":"2024-05-24T01:16:46+00:00","og_image":[{"width":945,"height":522,"url":"https:\/\/cvinoticias.com\/wp-content\/uploads\/2024\/05\/Screenshot_20240523-203556.png","type":"image\/png"}],"author":"f1000024","twitter_card":"summary_large_image","twitter_misc":{"Escrito por":"f1000024","Tiempo de lectura":"3 minutos"},"schema":{"@context":"https:\/\/schema.org","@graph":[{"@type":"Article","@id":"https:\/\/cvinoticias.com\/v3\/incidentes-en-la-legislatura-de-misiones-durante-la-sesion-ordinaria\/#article","isPartOf":{"@id":"https:\/\/cvinoticias.com\/v3\/incidentes-en-la-legislatura-de-misiones-durante-la-sesion-ordinaria\/"},"author":{"name":"f1000024","@id":"https:\/\/cvinoticias.com\/v3\/#\/schema\/person\/2db77e3c6bc03c538495d7b2b8be9b66"},"headline":"Incidentes en la Legislatura de Misiones durante la sesi\u00f3n Ordinaria","datePublished":"2024-05-24T01:11:50+00:00","dateModified":"2024-05-24T01:16:46+00:00","mainEntityOfPage":{"@id":"https:\/\/cvinoticias.com\/v3\/incidentes-en-la-legislatura-de-misiones-durante-la-sesion-ordinaria\/"},"wordCount":448,"commentCount":0,"publisher":{"@id":"https:\/\/cvinoticias.com\/v3\/#organization"},"image":{"@id":"https:\/\/cvinoticias.com\/v3\/incidentes-en-la-legislatura-de-misiones-durante-la-sesion-ordinaria\/#primaryimage"},"thumbnailUrl":"https:\/\/cvinoticias.com\/wp-content\/uploads\/2024\/05\/Screenshot_20240523-203556.png","articleSection":["Provinciales"],"inLanguage":"es","potentialAction":[{"@type":"CommentAction","name":"Comment","target":["https:\/\/cvinoticias.com\/v3\/incidentes-en-la-legislatura-de-misiones-durante-la-sesion-ordinaria\/#respond"]}]},{"@type":"WebPage","@id":"https:\/\/cvinoticias.com\/v3\/incidentes-en-la-legislatura-de-misiones-durante-la-sesion-ordinaria\/","url":"https:\/\/cvinoticias.com\/v3\/incidentes-en-la-legislatura-de-misiones-durante-la-sesion-ordinaria\/","name":"Incidentes en la Legislatura de Misiones durante la sesi\u00f3n Ordinaria | CVI NOTICIAS","isPartOf":{"@id":"https:\/\/cvinoticias.com\/v3\/#website"},"primaryImageOfPage":{"@id":"https:\/\/cvinoticias.com\/v3\/incidentes-en-la-legislatura-de-misiones-durante-la-sesion-ordinaria\/#primaryimage"},"image":{"@id":"https:\/\/cvinoticias.com\/v3\/incidentes-en-la-legislatura-de-misiones-durante-la-sesion-ordinaria\/#primaryimage"},"thumbnailUrl":"https:\/\/cvinoticias.com\/wp-content\/uploads\/2024\/05\/Screenshot_20240523-203556.png","datePublished":"2024-05-24T01:11:50+00:00","dateModified":"2024-05-24T01:16:46+00:00","breadcrumb":{"@id":"https:\/\/cvinoticias.com\/v3\/incidentes-en-la-legislatura-de-misiones-durante-la-sesion-ordinaria\/#breadcrumb"},"inLanguage":"es","potentialAction":[{"@type":"ReadAction","target":["https:\/\/cvinoticias.com\/v3\/incidentes-en-la-legislatura-de-misiones-durante-la-sesion-ordinaria\/"]}]},{"@type":"ImageObject","inLanguage":"es","@id":"https:\/\/cvinoticias.com\/v3\/incidentes-en-la-legislatura-de-misiones-durante-la-sesion-ordinaria\/#primaryimage","url":"https:\/\/cvinoticias.com\/wp-content\/uploads\/2024\/05\/Screenshot_20240523-203556.png","contentUrl":"https:\/\/cvinoticias.com\/wp-content\/uploads\/2024\/05\/Screenshot_20240523-203556.png","width":945,"height":522},{"@type":"BreadcrumbList","@id":"https:\/\/cvinoticias.com\/v3\/incidentes-en-la-legislatura-de-misiones-durante-la-sesion-ordinaria\/#breadcrumb","itemListElement":[{"@type":"ListItem","position":1,"name":"Portada","item":"https:\/\/cvinoticias.com\/v3\/"},{"@type":"ListItem","position":2,"name":"Incidentes en la Legislatura de Misiones durante la sesi\u00f3n Ordinaria"}]},{"@type":"WebSite","@id":"https:\/\/cvinoticias.com\/v3\/#website","url":"https:\/\/cvinoticias.com\/v3\/","name":"CVI NOTICIAS","description":"","publisher":{"@id":"https:\/\/cvinoticias.com\/v3\/#organization"},"alternateName":"CVI","potentialAction":[{"@type":"SearchAction","target":{"@type":"EntryPoint","urlTemplate":"https:\/\/cvinoticias.com\/v3\/?s={search_term_string}"},"query-input":{"@type":"PropertyValueSpecification","valueRequired":true,"valueName":"search_term_string"}}],"inLanguage":"es"},{"@type":"Organization","@id":"https:\/\/cvinoticias.com\/v3\/#organization","name":"CVI NOTICIAS","url":"https:\/\/cvinoticias.com\/v3\/","logo":{"@type":"ImageObject","inLanguage":"es","@id":"https:\/\/cvinoticias.com\/v3\/#\/schema\/logo\/image\/","url":"https:\/\/cvinoticias.com\/wp-content\/uploads\/2023\/04\/cropped-cropped-cropped-cropped-cropped-3-1.png","contentUrl":"https:\/\/cvinoticias.com\/wp-content\/uploads\/2023\/04\/cropped-cropped-cropped-cropped-cropped-3-1.png","width":95,"height":122,"caption":"CVI NOTICIAS"},"image":{"@id":"https:\/\/cvinoticias.com\/v3\/#\/schema\/logo\/image\/"},"sameAs":["https:\/\/www.facebook.com\/cvinoticias","https:\/\/www.instagram.com\/cvinoticias\/","https:\/\/www.youtube.com\/@CVINOTICIAS"]},{"@type":"Person","@id":"https:\/\/cvinoticias.com\/v3\/#\/schema\/person\/2db77e3c6bc03c538495d7b2b8be9b66","name":"f1000024","image":{"@type":"ImageObject","inLanguage":"es","@id":"https:\/\/secure.gravatar.com\/avatar\/d4fe7459cfc51ff5129ce1a732bbef5928568b8092d412ef95611616376bbeed?s=96&d=mm&r=g","url":"https:\/\/secure.gravatar.com\/avatar\/d4fe7459cfc51ff5129ce1a732bbef5928568b8092d412ef95611616376bbeed?s=96&d=mm&r=g","contentUrl":"https:\/\/secure.gravatar.com\/avatar\/d4fe7459cfc51ff5129ce1a732bbef5928568b8092d412ef95611616376bbeed?s=96&d=mm&r=g","caption":"f1000024"},"url":"https:\/\/cvinoticias.com\/v3\/author\/f1000024\/"}]}},"_links":{"self":[{"href":"https:\/\/cvinoticias.com\/v3\/wp-json\/wp\/v2\/posts\/33478","targetHints":{"allow":["GET"]}}],"collection":[{"href":"https:\/\/cvinoticias.com\/v3\/wp-json\/wp\/v2\/posts"}],"about":[{"href":"https:\/\/cvinoticias.com\/v3\/wp-json\/wp\/v2\/types\/post"}],"author":[{"embeddable":true,"href":"https:\/\/cvinoticias.com\/v3\/wp-json\/wp\/v2\/users\/2"}],"replies":[{"embeddable":true,"href":"https:\/\/cvinoticias.com\/v3\/wp-json\/wp\/v2\/comments?post=33478"}],"version-history":[{"count":3,"href":"https:\/\/cvinoticias.com\/v3\/wp-json\/wp\/v2\/posts\/33478\/revisions"}],"predecessor-version":[{"id":33485,"href":"https:\/\/cvinoticias.com\/v3\/wp-json\/wp\/v2\/posts\/33478\/revisions\/33485"}],"wp:featuredmedia":[{"embeddable":true,"href":"https:\/\/cvinoticias.com\/v3\/wp-json\/wp\/v2\/media\/33479"}],"wp:attachment":[{"href":"https:\/\/cvinoticias.com\/v3\/wp-json\/wp\/v2\/media?parent=33478"}],"wp:term":[{"taxonomy":"category","embeddable":true,"href":"https:\/\/cvinoticias.com\/v3\/wp-json\/wp\/v2\/categories?post=33478"},{"taxonomy":"post_tag","embeddable":true,"href":"https:\/\/cvinoticias.com\/v3\/wp-json\/wp\/v2\/tags?post=33478"}],"curies":[{"name":"wp","href":"https:\/\/api.w.org\/{rel}","templated":true}]}}