{"id":33432,"date":"2024-05-21T12:40:00","date_gmt":"2024-05-21T15:40:00","guid":{"rendered":"https:\/\/cvinoticias.com\/v3\/?p=33432"},"modified":"2024-05-21T12:40:07","modified_gmt":"2024-05-21T15:40:07","slug":"bullrich-no-descarta-viajar-a-misiones","status":"publish","type":"post","link":"https:\/\/cvinoticias.com\/v3\/bullrich-no-descarta-viajar-a-misiones\/","title":{"rendered":"Bullrich no descarta viajar a Misiones"},"content":{"rendered":"\n<p>\u201c<strong><em>Cuando una provincia pide ayuda estamos, no nos hacemos los distra\u00eddos. Por ahora estoy hablando con el gobernador y con el ministro. Si siento que la cosa se desborda, viajar\u00e9\u201d<\/em><\/strong> dijo La Ministra de Seguridad Patricia Bullrich al ser consultada por distintos medios del pa\u00eds sobre la Situaci\u00f3n de Misiones <\/p>\n\n\n\n<p>A cinco d\u00edas del inicio de la protesta policial que pone a Misiones en el ojo de la tormenta, la ministra de Seguridad Patricia Bullrich se refiri\u00f3 sobre la cuesti\u00f3n  y asegur\u00f3 que el conflicto debe ser resuelto por la provincia, aunque adelant\u00f3 que si la situaci\u00f3n \u201cse desborda\u201d viajar\u00e1 a la tierra colorada.<\/p>\n\n\n\n<p>\u201cAh\u00ed donde la Polic\u00eda de Misiones no est\u00e1, vamos a estar nosotros. Ahora hay una gran parte de la Polic\u00eda que no est\u00e1 levantada y para sacar o recuperar el comando es una tarea que lo tienen que hacer ellos. Nosotros acompa\u00f1amos, no vamos a dejar al pueblo misionero sin seguridad\u201d.<\/p>\n\n\n\n<p>En esa l\u00ednea, Bullrich, que encabeza una segunda gesti\u00f3n al frente de la cartera de Seguridad tras un primer paso durante la presidencia de Mauricio Macri, precis\u00f3 que \u201cestamos en un comit\u00e9 de crisis con el gobernador. No nos metemos con los conflictos con los docentes, ni con otros sectores. Ahora, en seguridad no puede haber una Polic\u00eda que abandone a los ciudadanos y abandone su tarea. Ah\u00ed estamos nosotros\u201d<\/p>\n\n\n\n<p>.Sobre las medidas dispuestas por el mencionado comit\u00e9 creado el viernes con el objetivo de garantizar \u201cla seguridad interna\u201d en la provincia, la ministra detall\u00f3 que \u201cyo mand\u00e9 gendarmes, prefectos y efectivos de la Polic\u00eda Federal que hoy est\u00e1n patrullando Posadas y los lugares donde no est\u00e9n los polic\u00edas. Cuidando bancos, cuidando la casa de gobierno, las instituciones\u201d.<\/p>\n","protected":false},"excerpt":{"rendered":"<p>\u201cCuando una provincia pide ayuda estamos, no nos hacemos los distra\u00eddos. Por ahora estoy hablando con el gobernador y con el ministro. Si siento que la cosa se desborda, viajar\u00e9\u201d dijo La Ministra de Seguridad Patricia Bullrich al ser consultada por distintos medios del pa\u00eds sobre la Situaci\u00f3n de Misiones A cinco d\u00edas del inicio [&hellip;]<\/p>\n","protected":false},"author":2,"featured_media":33433,"comment_status":"open","ping_status":"open","sticky":false,"template":"","format":"standard","meta":{"footnotes":""},"categories":[45],"tags":[],"class_list":["post-33432","post","type-post","status-publish","format-standard","has-post-thumbnail","hentry","category-seguridad"],"yoast_head":"<!-- This site is optimized with the Yoast SEO plugin v27.4 - https:\/\/yoast.com\/product\/yoast-seo-wordpress\/ -->\n<title>Bullrich no descarta viajar a Misiones | CVI NOTICIAS<\/title>\n<meta name=\"robots\" content=\"index, follow, max-snippet:-1, max-image-preview:large, max-video-preview:-1\" \/>\n<link rel=\"canonical\" href=\"https:\/\/cvinoticias.com\/v3\/bullrich-no-descarta-viajar-a-misiones\/\" \/>\n<meta property=\"og:locale\" content=\"es_ES\" \/>\n<meta property=\"og:type\" content=\"article\" \/>\n<meta property=\"og:title\" content=\"Bullrich no descarta viajar a Misiones | CVI NOTICIAS\" \/>\n<meta property=\"og:description\" content=\"\u201cCuando una provincia pide ayuda estamos, no nos hacemos los distra\u00eddos. Por ahora estoy hablando con el gobernador y con el ministro. Si siento que la cosa se desborda, viajar\u00e9\u201d dijo La Ministra de Seguridad Patricia Bullrich al ser consultada por distintos medios del pa\u00eds sobre la Situaci\u00f3n de Misiones A cinco d\u00edas del inicio [&hellip;]\" \/>\n<meta property=\"og:url\" content=\"https:\/\/cvinoticias.com\/v3\/bullrich-no-descarta-viajar-a-misiones\/\" \/>\n<meta property=\"og:site_name\" content=\"CVI NOTICIAS\" \/>\n<meta property=\"article:publisher\" content=\"https:\/\/www.facebook.com\/cvinoticias\" \/>\n<meta property=\"article:published_time\" content=\"2024-05-21T15:40:00+00:00\" \/>\n<meta property=\"article:modified_time\" content=\"2024-05-21T15:40:07+00:00\" \/>\n<meta property=\"og:image\" content=\"https:\/\/cvinoticias.com\/wp-content\/uploads\/2024\/05\/bullrich2-1024x682-1.jpeg\" \/>\n\t<meta property=\"og:image:width\" content=\"1024\" \/>\n\t<meta property=\"og:image:height\" content=\"682\" \/>\n\t<meta property=\"og:image:type\" content=\"image\/jpeg\" \/>\n<meta name=\"author\" content=\"f1000024\" \/>\n<meta name=\"twitter:card\" content=\"summary_large_image\" \/>\n<meta name=\"twitter:label1\" content=\"Escrito por\" \/>\n\t<meta name=\"twitter:data1\" content=\"f1000024\" \/>\n\t<meta name=\"twitter:label2\" content=\"Tiempo de lectura\" \/>\n\t<meta name=\"twitter:data2\" content=\"2 minutos\" \/>\n<script type=\"application\/ld+json\" class=\"yoast-schema-graph\">{\"@context\":\"https:\\\/\\\/schema.org\",\"@graph\":[{\"@type\":\"Article\",\"@id\":\"https:\\\/\\\/cvinoticias.com\\\/v3\\\/bullrich-no-descarta-viajar-a-misiones\\\/#article\",\"isPartOf\":{\"@id\":\"https:\\\/\\\/cvinoticias.com\\\/v3\\\/bullrich-no-descarta-viajar-a-misiones\\\/\"},\"author\":{\"name\":\"f1000024\",\"@id\":\"https:\\\/\\\/cvinoticias.com\\\/v3\\\/#\\\/schema\\\/person\\\/2db77e3c6bc03c538495d7b2b8be9b66\"},\"headline\":\"Bullrich no descarta viajar a Misiones\",\"datePublished\":\"2024-05-21T15:40:00+00:00\",\"dateModified\":\"2024-05-21T15:40:07+00:00\",\"mainEntityOfPage\":{\"@id\":\"https:\\\/\\\/cvinoticias.com\\\/v3\\\/bullrich-no-descarta-viajar-a-misiones\\\/\"},\"wordCount\":305,\"commentCount\":0,\"publisher\":{\"@id\":\"https:\\\/\\\/cvinoticias.com\\\/v3\\\/#organization\"},\"image\":{\"@id\":\"https:\\\/\\\/cvinoticias.com\\\/v3\\\/bullrich-no-descarta-viajar-a-misiones\\\/#primaryimage\"},\"thumbnailUrl\":\"https:\\\/\\\/cvinoticias.com\\\/wp-content\\\/uploads\\\/2024\\\/05\\\/bullrich2-1024x682-1.jpeg\",\"articleSection\":[\"Seguridad\"],\"inLanguage\":\"es\",\"potentialAction\":[{\"@type\":\"CommentAction\",\"name\":\"Comment\",\"target\":[\"https:\\\/\\\/cvinoticias.com\\\/v3\\\/bullrich-no-descarta-viajar-a-misiones\\\/#respond\"]}]},{\"@type\":\"WebPage\",\"@id\":\"https:\\\/\\\/cvinoticias.com\\\/v3\\\/bullrich-no-descarta-viajar-a-misiones\\\/\",\"url\":\"https:\\\/\\\/cvinoticias.com\\\/v3\\\/bullrich-no-descarta-viajar-a-misiones\\\/\",\"name\":\"Bullrich no descarta viajar a Misiones | CVI NOTICIAS\",\"isPartOf\":{\"@id\":\"https:\\\/\\\/cvinoticias.com\\\/v3\\\/#website\"},\"primaryImageOfPage\":{\"@id\":\"https:\\\/\\\/cvinoticias.com\\\/v3\\\/bullrich-no-descarta-viajar-a-misiones\\\/#primaryimage\"},\"image\":{\"@id\":\"https:\\\/\\\/cvinoticias.com\\\/v3\\\/bullrich-no-descarta-viajar-a-misiones\\\/#primaryimage\"},\"thumbnailUrl\":\"https:\\\/\\\/cvinoticias.com\\\/wp-content\\\/uploads\\\/2024\\\/05\\\/bullrich2-1024x682-1.jpeg\",\"datePublished\":\"2024-05-21T15:40:00+00:00\",\"dateModified\":\"2024-05-21T15:40:07+00:00\",\"breadcrumb\":{\"@id\":\"https:\\\/\\\/cvinoticias.com\\\/v3\\\/bullrich-no-descarta-viajar-a-misiones\\\/#breadcrumb\"},\"inLanguage\":\"es\",\"potentialAction\":[{\"@type\":\"ReadAction\",\"target\":[\"https:\\\/\\\/cvinoticias.com\\\/v3\\\/bullrich-no-descarta-viajar-a-misiones\\\/\"]}]},{\"@type\":\"ImageObject\",\"inLanguage\":\"es\",\"@id\":\"https:\\\/\\\/cvinoticias.com\\\/v3\\\/bullrich-no-descarta-viajar-a-misiones\\\/#primaryimage\",\"url\":\"https:\\\/\\\/cvinoticias.com\\\/wp-content\\\/uploads\\\/2024\\\/05\\\/bullrich2-1024x682-1.jpeg\",\"contentUrl\":\"https:\\\/\\\/cvinoticias.com\\\/wp-content\\\/uploads\\\/2024\\\/05\\\/bullrich2-1024x682-1.jpeg\",\"width\":1024,\"height\":682},{\"@type\":\"BreadcrumbList\",\"@id\":\"https:\\\/\\\/cvinoticias.com\\\/v3\\\/bullrich-no-descarta-viajar-a-misiones\\\/#breadcrumb\",\"itemListElement\":[{\"@type\":\"ListItem\",\"position\":1,\"name\":\"Portada\",\"item\":\"https:\\\/\\\/cvinoticias.com\\\/v3\\\/\"},{\"@type\":\"ListItem\",\"position\":2,\"name\":\"Bullrich no descarta viajar a Misiones\"}]},{\"@type\":\"WebSite\",\"@id\":\"https:\\\/\\\/cvinoticias.com\\\/v3\\\/#website\",\"url\":\"https:\\\/\\\/cvinoticias.com\\\/v3\\\/\",\"name\":\"CVI NOTICIAS\",\"description\":\"\",\"publisher\":{\"@id\":\"https:\\\/\\\/cvinoticias.com\\\/v3\\\/#organization\"},\"alternateName\":\"CVI\",\"potentialAction\":[{\"@type\":\"SearchAction\",\"target\":{\"@type\":\"EntryPoint\",\"urlTemplate\":\"https:\\\/\\\/cvinoticias.com\\\/v3\\\/?s={search_term_string}\"},\"query-input\":{\"@type\":\"PropertyValueSpecification\",\"valueRequired\":true,\"valueName\":\"search_term_string\"}}],\"inLanguage\":\"es\"},{\"@type\":\"Organization\",\"@id\":\"https:\\\/\\\/cvinoticias.com\\\/v3\\\/#organization\",\"name\":\"CVI NOTICIAS\",\"url\":\"https:\\\/\\\/cvinoticias.com\\\/v3\\\/\",\"logo\":{\"@type\":\"ImageObject\",\"inLanguage\":\"es\",\"@id\":\"https:\\\/\\\/cvinoticias.com\\\/v3\\\/#\\\/schema\\\/logo\\\/image\\\/\",\"url\":\"https:\\\/\\\/cvinoticias.com\\\/wp-content\\\/uploads\\\/2023\\\/04\\\/cropped-cropped-cropped-cropped-cropped-3-1.png\",\"contentUrl\":\"https:\\\/\\\/cvinoticias.com\\\/wp-content\\\/uploads\\\/2023\\\/04\\\/cropped-cropped-cropped-cropped-cropped-3-1.png\",\"width\":95,\"height\":122,\"caption\":\"CVI NOTICIAS\"},\"image\":{\"@id\":\"https:\\\/\\\/cvinoticias.com\\\/v3\\\/#\\\/schema\\\/logo\\\/image\\\/\"},\"sameAs\":[\"https:\\\/\\\/www.facebook.com\\\/cvinoticias\",\"https:\\\/\\\/www.instagram.com\\\/cvinoticias\\\/\",\"https:\\\/\\\/www.youtube.com\\\/@CVINOTICIAS\"]},{\"@type\":\"Person\",\"@id\":\"https:\\\/\\\/cvinoticias.com\\\/v3\\\/#\\\/schema\\\/person\\\/2db77e3c6bc03c538495d7b2b8be9b66\",\"name\":\"f1000024\",\"image\":{\"@type\":\"ImageObject\",\"inLanguage\":\"es\",\"@id\":\"https:\\\/\\\/secure.gravatar.com\\\/avatar\\\/d4fe7459cfc51ff5129ce1a732bbef5928568b8092d412ef95611616376bbeed?s=96&d=mm&r=g\",\"url\":\"https:\\\/\\\/secure.gravatar.com\\\/avatar\\\/d4fe7459cfc51ff5129ce1a732bbef5928568b8092d412ef95611616376bbeed?s=96&d=mm&r=g\",\"contentUrl\":\"https:\\\/\\\/secure.gravatar.com\\\/avatar\\\/d4fe7459cfc51ff5129ce1a732bbef5928568b8092d412ef95611616376bbeed?s=96&d=mm&r=g\",\"caption\":\"f1000024\"},\"url\":\"https:\\\/\\\/cvinoticias.com\\\/v3\\\/author\\\/f1000024\\\/\"}]}<\/script>\n<!-- \/ Yoast SEO plugin. -->","yoast_head_json":{"title":"Bullrich no descarta viajar a Misiones | CVI NOTICIAS","robots":{"index":"index","follow":"follow","max-snippet":"max-snippet:-1","max-image-preview":"max-image-preview:large","max-video-preview":"max-video-preview:-1"},"canonical":"https:\/\/cvinoticias.com\/v3\/bullrich-no-descarta-viajar-a-misiones\/","og_locale":"es_ES","og_type":"article","og_title":"Bullrich no descarta viajar a Misiones | CVI NOTICIAS","og_description":"\u201cCuando una provincia pide ayuda estamos, no nos hacemos los distra\u00eddos. Por ahora estoy hablando con el gobernador y con el ministro. Si siento que la cosa se desborda, viajar\u00e9\u201d dijo La Ministra de Seguridad Patricia Bullrich al ser consultada por distintos medios del pa\u00eds sobre la Situaci\u00f3n de Misiones A cinco d\u00edas del inicio [&hellip;]","og_url":"https:\/\/cvinoticias.com\/v3\/bullrich-no-descarta-viajar-a-misiones\/","og_site_name":"CVI NOTICIAS","article_publisher":"https:\/\/www.facebook.com\/cvinoticias","article_published_time":"2024-05-21T15:40:00+00:00","article_modified_time":"2024-05-21T15:40:07+00:00","og_image":[{"width":1024,"height":682,"url":"https:\/\/cvinoticias.com\/wp-content\/uploads\/2024\/05\/bullrich2-1024x682-1.jpeg","type":"image\/jpeg"}],"author":"f1000024","twitter_card":"summary_large_image","twitter_misc":{"Escrito por":"f1000024","Tiempo de lectura":"2 minutos"},"schema":{"@context":"https:\/\/schema.org","@graph":[{"@type":"Article","@id":"https:\/\/cvinoticias.com\/v3\/bullrich-no-descarta-viajar-a-misiones\/#article","isPartOf":{"@id":"https:\/\/cvinoticias.com\/v3\/bullrich-no-descarta-viajar-a-misiones\/"},"author":{"name":"f1000024","@id":"https:\/\/cvinoticias.com\/v3\/#\/schema\/person\/2db77e3c6bc03c538495d7b2b8be9b66"},"headline":"Bullrich no descarta viajar a Misiones","datePublished":"2024-05-21T15:40:00+00:00","dateModified":"2024-05-21T15:40:07+00:00","mainEntityOfPage":{"@id":"https:\/\/cvinoticias.com\/v3\/bullrich-no-descarta-viajar-a-misiones\/"},"wordCount":305,"commentCount":0,"publisher":{"@id":"https:\/\/cvinoticias.com\/v3\/#organization"},"image":{"@id":"https:\/\/cvinoticias.com\/v3\/bullrich-no-descarta-viajar-a-misiones\/#primaryimage"},"thumbnailUrl":"https:\/\/cvinoticias.com\/wp-content\/uploads\/2024\/05\/bullrich2-1024x682-1.jpeg","articleSection":["Seguridad"],"inLanguage":"es","potentialAction":[{"@type":"CommentAction","name":"Comment","target":["https:\/\/cvinoticias.com\/v3\/bullrich-no-descarta-viajar-a-misiones\/#respond"]}]},{"@type":"WebPage","@id":"https:\/\/cvinoticias.com\/v3\/bullrich-no-descarta-viajar-a-misiones\/","url":"https:\/\/cvinoticias.com\/v3\/bullrich-no-descarta-viajar-a-misiones\/","name":"Bullrich no descarta viajar a Misiones | CVI NOTICIAS","isPartOf":{"@id":"https:\/\/cvinoticias.com\/v3\/#website"},"primaryImageOfPage":{"@id":"https:\/\/cvinoticias.com\/v3\/bullrich-no-descarta-viajar-a-misiones\/#primaryimage"},"image":{"@id":"https:\/\/cvinoticias.com\/v3\/bullrich-no-descarta-viajar-a-misiones\/#primaryimage"},"thumbnailUrl":"https:\/\/cvinoticias.com\/wp-content\/uploads\/2024\/05\/bullrich2-1024x682-1.jpeg","datePublished":"2024-05-21T15:40:00+00:00","dateModified":"2024-05-21T15:40:07+00:00","breadcrumb":{"@id":"https:\/\/cvinoticias.com\/v3\/bullrich-no-descarta-viajar-a-misiones\/#breadcrumb"},"inLanguage":"es","potentialAction":[{"@type":"ReadAction","target":["https:\/\/cvinoticias.com\/v3\/bullrich-no-descarta-viajar-a-misiones\/"]}]},{"@type":"ImageObject","inLanguage":"es","@id":"https:\/\/cvinoticias.com\/v3\/bullrich-no-descarta-viajar-a-misiones\/#primaryimage","url":"https:\/\/cvinoticias.com\/wp-content\/uploads\/2024\/05\/bullrich2-1024x682-1.jpeg","contentUrl":"https:\/\/cvinoticias.com\/wp-content\/uploads\/2024\/05\/bullrich2-1024x682-1.jpeg","width":1024,"height":682},{"@type":"BreadcrumbList","@id":"https:\/\/cvinoticias.com\/v3\/bullrich-no-descarta-viajar-a-misiones\/#breadcrumb","itemListElement":[{"@type":"ListItem","position":1,"name":"Portada","item":"https:\/\/cvinoticias.com\/v3\/"},{"@type":"ListItem","position":2,"name":"Bullrich no descarta viajar a Misiones"}]},{"@type":"WebSite","@id":"https:\/\/cvinoticias.com\/v3\/#website","url":"https:\/\/cvinoticias.com\/v3\/","name":"CVI NOTICIAS","description":"","publisher":{"@id":"https:\/\/cvinoticias.com\/v3\/#organization"},"alternateName":"CVI","potentialAction":[{"@type":"SearchAction","target":{"@type":"EntryPoint","urlTemplate":"https:\/\/cvinoticias.com\/v3\/?s={search_term_string}"},"query-input":{"@type":"PropertyValueSpecification","valueRequired":true,"valueName":"search_term_string"}}],"inLanguage":"es"},{"@type":"Organization","@id":"https:\/\/cvinoticias.com\/v3\/#organization","name":"CVI NOTICIAS","url":"https:\/\/cvinoticias.com\/v3\/","logo":{"@type":"ImageObject","inLanguage":"es","@id":"https:\/\/cvinoticias.com\/v3\/#\/schema\/logo\/image\/","url":"https:\/\/cvinoticias.com\/wp-content\/uploads\/2023\/04\/cropped-cropped-cropped-cropped-cropped-3-1.png","contentUrl":"https:\/\/cvinoticias.com\/wp-content\/uploads\/2023\/04\/cropped-cropped-cropped-cropped-cropped-3-1.png","width":95,"height":122,"caption":"CVI NOTICIAS"},"image":{"@id":"https:\/\/cvinoticias.com\/v3\/#\/schema\/logo\/image\/"},"sameAs":["https:\/\/www.facebook.com\/cvinoticias","https:\/\/www.instagram.com\/cvinoticias\/","https:\/\/www.youtube.com\/@CVINOTICIAS"]},{"@type":"Person","@id":"https:\/\/cvinoticias.com\/v3\/#\/schema\/person\/2db77e3c6bc03c538495d7b2b8be9b66","name":"f1000024","image":{"@type":"ImageObject","inLanguage":"es","@id":"https:\/\/secure.gravatar.com\/avatar\/d4fe7459cfc51ff5129ce1a732bbef5928568b8092d412ef95611616376bbeed?s=96&d=mm&r=g","url":"https:\/\/secure.gravatar.com\/avatar\/d4fe7459cfc51ff5129ce1a732bbef5928568b8092d412ef95611616376bbeed?s=96&d=mm&r=g","contentUrl":"https:\/\/secure.gravatar.com\/avatar\/d4fe7459cfc51ff5129ce1a732bbef5928568b8092d412ef95611616376bbeed?s=96&d=mm&r=g","caption":"f1000024"},"url":"https:\/\/cvinoticias.com\/v3\/author\/f1000024\/"}]}},"_links":{"self":[{"href":"https:\/\/cvinoticias.com\/v3\/wp-json\/wp\/v2\/posts\/33432","targetHints":{"allow":["GET"]}}],"collection":[{"href":"https:\/\/cvinoticias.com\/v3\/wp-json\/wp\/v2\/posts"}],"about":[{"href":"https:\/\/cvinoticias.com\/v3\/wp-json\/wp\/v2\/types\/post"}],"author":[{"embeddable":true,"href":"https:\/\/cvinoticias.com\/v3\/wp-json\/wp\/v2\/users\/2"}],"replies":[{"embeddable":true,"href":"https:\/\/cvinoticias.com\/v3\/wp-json\/wp\/v2\/comments?post=33432"}],"version-history":[{"count":1,"href":"https:\/\/cvinoticias.com\/v3\/wp-json\/wp\/v2\/posts\/33432\/revisions"}],"predecessor-version":[{"id":33434,"href":"https:\/\/cvinoticias.com\/v3\/wp-json\/wp\/v2\/posts\/33432\/revisions\/33434"}],"wp:featuredmedia":[{"embeddable":true,"href":"https:\/\/cvinoticias.com\/v3\/wp-json\/wp\/v2\/media\/33433"}],"wp:attachment":[{"href":"https:\/\/cvinoticias.com\/v3\/wp-json\/wp\/v2\/media?parent=33432"}],"wp:term":[{"taxonomy":"category","embeddable":true,"href":"https:\/\/cvinoticias.com\/v3\/wp-json\/wp\/v2\/categories?post=33432"},{"taxonomy":"post_tag","embeddable":true,"href":"https:\/\/cvinoticias.com\/v3\/wp-json\/wp\/v2\/tags?post=33432"}],"curies":[{"name":"wp","href":"https:\/\/api.w.org\/{rel}","templated":true}]}}