{"id":33407,"date":"2024-05-20T11:58:45","date_gmt":"2024-05-20T14:58:45","guid":{"rendered":"https:\/\/cvinoticias.com\/v3\/?p=33407"},"modified":"2024-05-20T11:58:55","modified_gmt":"2024-05-20T14:58:55","slug":"docentes-cortan-la-ruta-12-frente-a-los-peajes-de-santa-ana-y-colonia-victoria","status":"publish","type":"post","link":"https:\/\/cvinoticias.com\/v3\/docentes-cortan-la-ruta-12-frente-a-los-peajes-de-santa-ana-y-colonia-victoria\/","title":{"rendered":"Docentes cortan la ruta 12 frente a los peajes de Santa Ana y Colonia Victoria"},"content":{"rendered":"\n<p><strong>Docentes de la provincia de Misiones comenzaron una nueva semana de reclamo salarial, a la espera de lo suceda con la convocatoria del Gobierno provincial a los referentes del sector este lunes y martes para tratar la recomposici\u00f3n del salario.<\/strong><\/p>\n\n\n\n<p>Uno de las movidas m\u00e1s grandes se realiza frente al Peaje de Santa Ana, donde un numeroso grupo de docentes corta la ruta nacional 12, por tiempo indeterminado.<\/p>\n\n\n\n<p><strong>Tambi\u00e9n se lleva a cabo un corte total de la ruta 12 frente al Peaje de Colonia Victoria<\/strong>. <\/p>\n\n\n\n<p>En este lugar, el corte durar\u00eda dos horas y luego dejar\u00edan pasar al tr\u00e1nsito, seg\u00fan la polic\u00eda.<\/p>\n\n\n\n<p>En ambos cortes hay \u201cpase sanitario\u201d para ambulancias, enfermos y fuerzas de seguridad.<\/p>\n\n\n\n<p>El otro c\u00famulo de docentes en protesta se concentra en la ciudad de Posadas, donde partieron desde el M\u00e1stil y bajaron por la avenida Uruguay hasta Trincheras de San Jos\u00e9 y luego se unieron a la manifestaci\u00f3n policial nuevamente frente al Comando Radioel\u00e9ctrico<\/p>\n\n\n\n<p><\/p>\n\n\n\n<figure class=\"wp-block-gallery has-nested-images columns-default is-cropped wp-block-gallery-1 is-layout-flex wp-block-gallery-is-layout-flex\">\n<figure class=\"wp-block-image size-large\"><a href=\"https:\/\/cvinoticias.com\/wp-content\/uploads\/2024\/05\/corte-peaje-Colonia-Victoria-docentes.jpg\"><img decoding=\"async\" width=\"1000\" height=\"560\" data-id=\"33409\" data-src=\"https:\/\/cvinoticias.com\/wp-content\/uploads\/2024\/05\/corte-peaje-Colonia-Victoria-docentes.jpg\" alt=\"\" class=\"wp-image-33409 lazyload\" data-srcset=\"https:\/\/cvinoticias.com\/wp-content\/uploads\/2024\/05\/corte-peaje-Colonia-Victoria-docentes.jpg 1000w, https:\/\/cvinoticias.com\/wp-content\/uploads\/2024\/05\/corte-peaje-Colonia-Victoria-docentes-300x168.jpg 300w, https:\/\/cvinoticias.com\/wp-content\/uploads\/2024\/05\/corte-peaje-Colonia-Victoria-docentes-768x430.jpg 768w\" data-sizes=\"(max-width: 1000px) 100vw, 1000px\" src=\"data:image\/svg+xml;base64,PHN2ZyB3aWR0aD0iMSIgaGVpZ2h0PSIxIiB4bWxucz0iaHR0cDovL3d3dy53My5vcmcvMjAwMC9zdmciPjwvc3ZnPg==\" style=\"--smush-placeholder-width: 1000px; --smush-placeholder-aspect-ratio: 1000\/560;\" \/><\/a><\/figure>\n\n\n\n<figure class=\"wp-block-image size-large\"><a href=\"https:\/\/cvinoticias.com\/wp-content\/uploads\/2024\/05\/corte-puente-internacional-Alba-Posse-Porto-Maua-e1716208294859.jpg\"><img decoding=\"async\" width=\"1000\" height=\"570\" data-id=\"33410\" data-src=\"https:\/\/cvinoticias.com\/wp-content\/uploads\/2024\/05\/corte-puente-internacional-Alba-Posse-Porto-Maua-e1716208294859.jpg\" alt=\"\" class=\"wp-image-33410 lazyload\" data-srcset=\"https:\/\/cvinoticias.com\/wp-content\/uploads\/2024\/05\/corte-puente-internacional-Alba-Posse-Porto-Maua-e1716208294859.jpg 1000w, https:\/\/cvinoticias.com\/wp-content\/uploads\/2024\/05\/corte-puente-internacional-Alba-Posse-Porto-Maua-e1716208294859-300x171.jpg 300w, https:\/\/cvinoticias.com\/wp-content\/uploads\/2024\/05\/corte-puente-internacional-Alba-Posse-Porto-Maua-e1716208294859-768x438.jpg 768w\" data-sizes=\"(max-width: 1000px) 100vw, 1000px\" src=\"data:image\/svg+xml;base64,PHN2ZyB3aWR0aD0iMSIgaGVpZ2h0PSIxIiB4bWxucz0iaHR0cDovL3d3dy53My5vcmcvMjAwMC9zdmciPjwvc3ZnPg==\" style=\"--smush-placeholder-width: 1000px; --smush-placeholder-aspect-ratio: 1000\/570;\" \/><\/a><\/figure>\n<\/figure>\n","protected":false},"excerpt":{"rendered":"<p>Docentes de la provincia de Misiones comenzaron una nueva semana de reclamo salarial, a la espera de lo suceda con la convocatoria del Gobierno provincial a los referentes del sector este lunes y martes para tratar la recomposici\u00f3n del salario. Uno de las movidas m\u00e1s grandes se realiza frente al Peaje de Santa Ana, donde [&hellip;]<\/p>\n","protected":false},"author":2,"featured_media":33408,"comment_status":"open","ping_status":"open","sticky":false,"template":"","format":"standard","meta":{"footnotes":""},"categories":[43],"tags":[],"class_list":["post-33407","post","type-post","status-publish","format-standard","has-post-thumbnail","hentry","category-provinciales"],"yoast_head":"<!-- This site is optimized with the Yoast SEO plugin v27.5 - https:\/\/yoast.com\/product\/yoast-seo-wordpress\/ -->\n<title>Docentes cortan la ruta 12 frente a los peajes de Santa Ana y Colonia Victoria | CVI NOTICIAS<\/title>\n<meta name=\"robots\" content=\"index, follow, max-snippet:-1, max-image-preview:large, max-video-preview:-1\" \/>\n<link rel=\"canonical\" href=\"https:\/\/cvinoticias.com\/v3\/docentes-cortan-la-ruta-12-frente-a-los-peajes-de-santa-ana-y-colonia-victoria\/\" \/>\n<meta property=\"og:locale\" content=\"es_ES\" \/>\n<meta property=\"og:type\" content=\"article\" \/>\n<meta property=\"og:title\" content=\"Docentes cortan la ruta 12 frente a los peajes de Santa Ana y Colonia Victoria | CVI NOTICIAS\" \/>\n<meta property=\"og:description\" content=\"Docentes de la provincia de Misiones comenzaron una nueva semana de reclamo salarial, a la espera de lo suceda con la convocatoria del Gobierno provincial a los referentes del sector este lunes y martes para tratar la recomposici\u00f3n del salario. Uno de las movidas m\u00e1s grandes se realiza frente al Peaje de Santa Ana, donde [&hellip;]\" \/>\n<meta property=\"og:url\" content=\"https:\/\/cvinoticias.com\/v3\/docentes-cortan-la-ruta-12-frente-a-los-peajes-de-santa-ana-y-colonia-victoria\/\" \/>\n<meta property=\"og:site_name\" content=\"CVI NOTICIAS\" \/>\n<meta property=\"article:publisher\" content=\"https:\/\/www.facebook.com\/cvinoticias\" \/>\n<meta property=\"article:published_time\" content=\"2024-05-20T14:58:45+00:00\" \/>\n<meta property=\"article:modified_time\" content=\"2024-05-20T14:58:55+00:00\" \/>\n<meta property=\"og:image\" content=\"https:\/\/cvinoticias.com\/wp-content\/uploads\/2024\/05\/corte-peaje-santa-ana-docentes-3.jpg\" \/>\n\t<meta property=\"og:image:width\" content=\"1000\" \/>\n\t<meta property=\"og:image:height\" content=\"515\" \/>\n\t<meta property=\"og:image:type\" content=\"image\/jpeg\" \/>\n<meta name=\"author\" content=\"f1000024\" \/>\n<meta name=\"twitter:card\" content=\"summary_large_image\" \/>\n<meta name=\"twitter:label1\" content=\"Escrito por\" \/>\n\t<meta name=\"twitter:data1\" content=\"f1000024\" \/>\n\t<meta name=\"twitter:label2\" content=\"Tiempo de lectura\" \/>\n\t<meta name=\"twitter:data2\" content=\"2 minutos\" \/>\n<script type=\"application\/ld+json\" class=\"yoast-schema-graph\">{\"@context\":\"https:\\\/\\\/schema.org\",\"@graph\":[{\"@type\":\"Article\",\"@id\":\"https:\\\/\\\/cvinoticias.com\\\/v3\\\/docentes-cortan-la-ruta-12-frente-a-los-peajes-de-santa-ana-y-colonia-victoria\\\/#article\",\"isPartOf\":{\"@id\":\"https:\\\/\\\/cvinoticias.com\\\/v3\\\/docentes-cortan-la-ruta-12-frente-a-los-peajes-de-santa-ana-y-colonia-victoria\\\/\"},\"author\":{\"name\":\"f1000024\",\"@id\":\"https:\\\/\\\/cvinoticias.com\\\/v3\\\/#\\\/schema\\\/person\\\/2db77e3c6bc03c538495d7b2b8be9b66\"},\"headline\":\"Docentes cortan la ruta 12 frente a los peajes de Santa Ana y Colonia Victoria\",\"datePublished\":\"2024-05-20T14:58:45+00:00\",\"dateModified\":\"2024-05-20T14:58:55+00:00\",\"mainEntityOfPage\":{\"@id\":\"https:\\\/\\\/cvinoticias.com\\\/v3\\\/docentes-cortan-la-ruta-12-frente-a-los-peajes-de-santa-ana-y-colonia-victoria\\\/\"},\"wordCount\":183,\"commentCount\":0,\"publisher\":{\"@id\":\"https:\\\/\\\/cvinoticias.com\\\/v3\\\/#organization\"},\"image\":{\"@id\":\"https:\\\/\\\/cvinoticias.com\\\/v3\\\/docentes-cortan-la-ruta-12-frente-a-los-peajes-de-santa-ana-y-colonia-victoria\\\/#primaryimage\"},\"thumbnailUrl\":\"https:\\\/\\\/cvinoticias.com\\\/wp-content\\\/uploads\\\/2024\\\/05\\\/corte-peaje-santa-ana-docentes-3.jpg\",\"articleSection\":[\"Provinciales\"],\"inLanguage\":\"es\",\"potentialAction\":[{\"@type\":\"CommentAction\",\"name\":\"Comment\",\"target\":[\"https:\\\/\\\/cvinoticias.com\\\/v3\\\/docentes-cortan-la-ruta-12-frente-a-los-peajes-de-santa-ana-y-colonia-victoria\\\/#respond\"]}]},{\"@type\":\"WebPage\",\"@id\":\"https:\\\/\\\/cvinoticias.com\\\/v3\\\/docentes-cortan-la-ruta-12-frente-a-los-peajes-de-santa-ana-y-colonia-victoria\\\/\",\"url\":\"https:\\\/\\\/cvinoticias.com\\\/v3\\\/docentes-cortan-la-ruta-12-frente-a-los-peajes-de-santa-ana-y-colonia-victoria\\\/\",\"name\":\"Docentes cortan la ruta 12 frente a los peajes de Santa Ana y Colonia Victoria | CVI NOTICIAS\",\"isPartOf\":{\"@id\":\"https:\\\/\\\/cvinoticias.com\\\/v3\\\/#website\"},\"primaryImageOfPage\":{\"@id\":\"https:\\\/\\\/cvinoticias.com\\\/v3\\\/docentes-cortan-la-ruta-12-frente-a-los-peajes-de-santa-ana-y-colonia-victoria\\\/#primaryimage\"},\"image\":{\"@id\":\"https:\\\/\\\/cvinoticias.com\\\/v3\\\/docentes-cortan-la-ruta-12-frente-a-los-peajes-de-santa-ana-y-colonia-victoria\\\/#primaryimage\"},\"thumbnailUrl\":\"https:\\\/\\\/cvinoticias.com\\\/wp-content\\\/uploads\\\/2024\\\/05\\\/corte-peaje-santa-ana-docentes-3.jpg\",\"datePublished\":\"2024-05-20T14:58:45+00:00\",\"dateModified\":\"2024-05-20T14:58:55+00:00\",\"breadcrumb\":{\"@id\":\"https:\\\/\\\/cvinoticias.com\\\/v3\\\/docentes-cortan-la-ruta-12-frente-a-los-peajes-de-santa-ana-y-colonia-victoria\\\/#breadcrumb\"},\"inLanguage\":\"es\",\"potentialAction\":[{\"@type\":\"ReadAction\",\"target\":[\"https:\\\/\\\/cvinoticias.com\\\/v3\\\/docentes-cortan-la-ruta-12-frente-a-los-peajes-de-santa-ana-y-colonia-victoria\\\/\"]}]},{\"@type\":\"ImageObject\",\"inLanguage\":\"es\",\"@id\":\"https:\\\/\\\/cvinoticias.com\\\/v3\\\/docentes-cortan-la-ruta-12-frente-a-los-peajes-de-santa-ana-y-colonia-victoria\\\/#primaryimage\",\"url\":\"https:\\\/\\\/cvinoticias.com\\\/wp-content\\\/uploads\\\/2024\\\/05\\\/corte-peaje-santa-ana-docentes-3.jpg\",\"contentUrl\":\"https:\\\/\\\/cvinoticias.com\\\/wp-content\\\/uploads\\\/2024\\\/05\\\/corte-peaje-santa-ana-docentes-3.jpg\",\"width\":1000,\"height\":515},{\"@type\":\"BreadcrumbList\",\"@id\":\"https:\\\/\\\/cvinoticias.com\\\/v3\\\/docentes-cortan-la-ruta-12-frente-a-los-peajes-de-santa-ana-y-colonia-victoria\\\/#breadcrumb\",\"itemListElement\":[{\"@type\":\"ListItem\",\"position\":1,\"name\":\"Portada\",\"item\":\"https:\\\/\\\/cvinoticias.com\\\/v3\\\/\"},{\"@type\":\"ListItem\",\"position\":2,\"name\":\"Docentes cortan la ruta 12 frente a los peajes de Santa Ana y Colonia Victoria\"}]},{\"@type\":\"WebSite\",\"@id\":\"https:\\\/\\\/cvinoticias.com\\\/v3\\\/#website\",\"url\":\"https:\\\/\\\/cvinoticias.com\\\/v3\\\/\",\"name\":\"CVI NOTICIAS\",\"description\":\"\",\"publisher\":{\"@id\":\"https:\\\/\\\/cvinoticias.com\\\/v3\\\/#organization\"},\"alternateName\":\"CVI\",\"potentialAction\":[{\"@type\":\"SearchAction\",\"target\":{\"@type\":\"EntryPoint\",\"urlTemplate\":\"https:\\\/\\\/cvinoticias.com\\\/v3\\\/?s={search_term_string}\"},\"query-input\":{\"@type\":\"PropertyValueSpecification\",\"valueRequired\":true,\"valueName\":\"search_term_string\"}}],\"inLanguage\":\"es\"},{\"@type\":\"Organization\",\"@id\":\"https:\\\/\\\/cvinoticias.com\\\/v3\\\/#organization\",\"name\":\"CVI NOTICIAS\",\"url\":\"https:\\\/\\\/cvinoticias.com\\\/v3\\\/\",\"logo\":{\"@type\":\"ImageObject\",\"inLanguage\":\"es\",\"@id\":\"https:\\\/\\\/cvinoticias.com\\\/v3\\\/#\\\/schema\\\/logo\\\/image\\\/\",\"url\":\"https:\\\/\\\/cvinoticias.com\\\/wp-content\\\/uploads\\\/2023\\\/04\\\/cropped-cropped-cropped-cropped-cropped-3-1.png\",\"contentUrl\":\"https:\\\/\\\/cvinoticias.com\\\/wp-content\\\/uploads\\\/2023\\\/04\\\/cropped-cropped-cropped-cropped-cropped-3-1.png\",\"width\":95,\"height\":122,\"caption\":\"CVI NOTICIAS\"},\"image\":{\"@id\":\"https:\\\/\\\/cvinoticias.com\\\/v3\\\/#\\\/schema\\\/logo\\\/image\\\/\"},\"sameAs\":[\"https:\\\/\\\/www.facebook.com\\\/cvinoticias\",\"https:\\\/\\\/www.instagram.com\\\/cvinoticias\\\/\",\"https:\\\/\\\/www.youtube.com\\\/@CVINOTICIAS\"]},{\"@type\":\"Person\",\"@id\":\"https:\\\/\\\/cvinoticias.com\\\/v3\\\/#\\\/schema\\\/person\\\/2db77e3c6bc03c538495d7b2b8be9b66\",\"name\":\"f1000024\",\"image\":{\"@type\":\"ImageObject\",\"inLanguage\":\"es\",\"@id\":\"https:\\\/\\\/secure.gravatar.com\\\/avatar\\\/d4fe7459cfc51ff5129ce1a732bbef5928568b8092d412ef95611616376bbeed?s=96&d=mm&r=g\",\"url\":\"https:\\\/\\\/secure.gravatar.com\\\/avatar\\\/d4fe7459cfc51ff5129ce1a732bbef5928568b8092d412ef95611616376bbeed?s=96&d=mm&r=g\",\"contentUrl\":\"https:\\\/\\\/secure.gravatar.com\\\/avatar\\\/d4fe7459cfc51ff5129ce1a732bbef5928568b8092d412ef95611616376bbeed?s=96&d=mm&r=g\",\"caption\":\"f1000024\"},\"url\":\"https:\\\/\\\/cvinoticias.com\\\/v3\\\/author\\\/f1000024\\\/\"}]}<\/script>\n<!-- \/ Yoast SEO plugin. -->","yoast_head_json":{"title":"Docentes cortan la ruta 12 frente a los peajes de Santa Ana y Colonia Victoria | CVI NOTICIAS","robots":{"index":"index","follow":"follow","max-snippet":"max-snippet:-1","max-image-preview":"max-image-preview:large","max-video-preview":"max-video-preview:-1"},"canonical":"https:\/\/cvinoticias.com\/v3\/docentes-cortan-la-ruta-12-frente-a-los-peajes-de-santa-ana-y-colonia-victoria\/","og_locale":"es_ES","og_type":"article","og_title":"Docentes cortan la ruta 12 frente a los peajes de Santa Ana y Colonia Victoria | CVI NOTICIAS","og_description":"Docentes de la provincia de Misiones comenzaron una nueva semana de reclamo salarial, a la espera de lo suceda con la convocatoria del Gobierno provincial a los referentes del sector este lunes y martes para tratar la recomposici\u00f3n del salario. Uno de las movidas m\u00e1s grandes se realiza frente al Peaje de Santa Ana, donde [&hellip;]","og_url":"https:\/\/cvinoticias.com\/v3\/docentes-cortan-la-ruta-12-frente-a-los-peajes-de-santa-ana-y-colonia-victoria\/","og_site_name":"CVI NOTICIAS","article_publisher":"https:\/\/www.facebook.com\/cvinoticias","article_published_time":"2024-05-20T14:58:45+00:00","article_modified_time":"2024-05-20T14:58:55+00:00","og_image":[{"width":1000,"height":515,"url":"https:\/\/cvinoticias.com\/wp-content\/uploads\/2024\/05\/corte-peaje-santa-ana-docentes-3.jpg","type":"image\/jpeg"}],"author":"f1000024","twitter_card":"summary_large_image","twitter_misc":{"Escrito por":"f1000024","Tiempo de lectura":"2 minutos"},"schema":{"@context":"https:\/\/schema.org","@graph":[{"@type":"Article","@id":"https:\/\/cvinoticias.com\/v3\/docentes-cortan-la-ruta-12-frente-a-los-peajes-de-santa-ana-y-colonia-victoria\/#article","isPartOf":{"@id":"https:\/\/cvinoticias.com\/v3\/docentes-cortan-la-ruta-12-frente-a-los-peajes-de-santa-ana-y-colonia-victoria\/"},"author":{"name":"f1000024","@id":"https:\/\/cvinoticias.com\/v3\/#\/schema\/person\/2db77e3c6bc03c538495d7b2b8be9b66"},"headline":"Docentes cortan la ruta 12 frente a los peajes de Santa Ana y Colonia Victoria","datePublished":"2024-05-20T14:58:45+00:00","dateModified":"2024-05-20T14:58:55+00:00","mainEntityOfPage":{"@id":"https:\/\/cvinoticias.com\/v3\/docentes-cortan-la-ruta-12-frente-a-los-peajes-de-santa-ana-y-colonia-victoria\/"},"wordCount":183,"commentCount":0,"publisher":{"@id":"https:\/\/cvinoticias.com\/v3\/#organization"},"image":{"@id":"https:\/\/cvinoticias.com\/v3\/docentes-cortan-la-ruta-12-frente-a-los-peajes-de-santa-ana-y-colonia-victoria\/#primaryimage"},"thumbnailUrl":"https:\/\/cvinoticias.com\/wp-content\/uploads\/2024\/05\/corte-peaje-santa-ana-docentes-3.jpg","articleSection":["Provinciales"],"inLanguage":"es","potentialAction":[{"@type":"CommentAction","name":"Comment","target":["https:\/\/cvinoticias.com\/v3\/docentes-cortan-la-ruta-12-frente-a-los-peajes-de-santa-ana-y-colonia-victoria\/#respond"]}]},{"@type":"WebPage","@id":"https:\/\/cvinoticias.com\/v3\/docentes-cortan-la-ruta-12-frente-a-los-peajes-de-santa-ana-y-colonia-victoria\/","url":"https:\/\/cvinoticias.com\/v3\/docentes-cortan-la-ruta-12-frente-a-los-peajes-de-santa-ana-y-colonia-victoria\/","name":"Docentes cortan la ruta 12 frente a los peajes de Santa Ana y Colonia Victoria | CVI NOTICIAS","isPartOf":{"@id":"https:\/\/cvinoticias.com\/v3\/#website"},"primaryImageOfPage":{"@id":"https:\/\/cvinoticias.com\/v3\/docentes-cortan-la-ruta-12-frente-a-los-peajes-de-santa-ana-y-colonia-victoria\/#primaryimage"},"image":{"@id":"https:\/\/cvinoticias.com\/v3\/docentes-cortan-la-ruta-12-frente-a-los-peajes-de-santa-ana-y-colonia-victoria\/#primaryimage"},"thumbnailUrl":"https:\/\/cvinoticias.com\/wp-content\/uploads\/2024\/05\/corte-peaje-santa-ana-docentes-3.jpg","datePublished":"2024-05-20T14:58:45+00:00","dateModified":"2024-05-20T14:58:55+00:00","breadcrumb":{"@id":"https:\/\/cvinoticias.com\/v3\/docentes-cortan-la-ruta-12-frente-a-los-peajes-de-santa-ana-y-colonia-victoria\/#breadcrumb"},"inLanguage":"es","potentialAction":[{"@type":"ReadAction","target":["https:\/\/cvinoticias.com\/v3\/docentes-cortan-la-ruta-12-frente-a-los-peajes-de-santa-ana-y-colonia-victoria\/"]}]},{"@type":"ImageObject","inLanguage":"es","@id":"https:\/\/cvinoticias.com\/v3\/docentes-cortan-la-ruta-12-frente-a-los-peajes-de-santa-ana-y-colonia-victoria\/#primaryimage","url":"https:\/\/cvinoticias.com\/wp-content\/uploads\/2024\/05\/corte-peaje-santa-ana-docentes-3.jpg","contentUrl":"https:\/\/cvinoticias.com\/wp-content\/uploads\/2024\/05\/corte-peaje-santa-ana-docentes-3.jpg","width":1000,"height":515},{"@type":"BreadcrumbList","@id":"https:\/\/cvinoticias.com\/v3\/docentes-cortan-la-ruta-12-frente-a-los-peajes-de-santa-ana-y-colonia-victoria\/#breadcrumb","itemListElement":[{"@type":"ListItem","position":1,"name":"Portada","item":"https:\/\/cvinoticias.com\/v3\/"},{"@type":"ListItem","position":2,"name":"Docentes cortan la ruta 12 frente a los peajes de Santa Ana y Colonia Victoria"}]},{"@type":"WebSite","@id":"https:\/\/cvinoticias.com\/v3\/#website","url":"https:\/\/cvinoticias.com\/v3\/","name":"CVI NOTICIAS","description":"","publisher":{"@id":"https:\/\/cvinoticias.com\/v3\/#organization"},"alternateName":"CVI","potentialAction":[{"@type":"SearchAction","target":{"@type":"EntryPoint","urlTemplate":"https:\/\/cvinoticias.com\/v3\/?s={search_term_string}"},"query-input":{"@type":"PropertyValueSpecification","valueRequired":true,"valueName":"search_term_string"}}],"inLanguage":"es"},{"@type":"Organization","@id":"https:\/\/cvinoticias.com\/v3\/#organization","name":"CVI NOTICIAS","url":"https:\/\/cvinoticias.com\/v3\/","logo":{"@type":"ImageObject","inLanguage":"es","@id":"https:\/\/cvinoticias.com\/v3\/#\/schema\/logo\/image\/","url":"https:\/\/cvinoticias.com\/wp-content\/uploads\/2023\/04\/cropped-cropped-cropped-cropped-cropped-3-1.png","contentUrl":"https:\/\/cvinoticias.com\/wp-content\/uploads\/2023\/04\/cropped-cropped-cropped-cropped-cropped-3-1.png","width":95,"height":122,"caption":"CVI NOTICIAS"},"image":{"@id":"https:\/\/cvinoticias.com\/v3\/#\/schema\/logo\/image\/"},"sameAs":["https:\/\/www.facebook.com\/cvinoticias","https:\/\/www.instagram.com\/cvinoticias\/","https:\/\/www.youtube.com\/@CVINOTICIAS"]},{"@type":"Person","@id":"https:\/\/cvinoticias.com\/v3\/#\/schema\/person\/2db77e3c6bc03c538495d7b2b8be9b66","name":"f1000024","image":{"@type":"ImageObject","inLanguage":"es","@id":"https:\/\/secure.gravatar.com\/avatar\/d4fe7459cfc51ff5129ce1a732bbef5928568b8092d412ef95611616376bbeed?s=96&d=mm&r=g","url":"https:\/\/secure.gravatar.com\/avatar\/d4fe7459cfc51ff5129ce1a732bbef5928568b8092d412ef95611616376bbeed?s=96&d=mm&r=g","contentUrl":"https:\/\/secure.gravatar.com\/avatar\/d4fe7459cfc51ff5129ce1a732bbef5928568b8092d412ef95611616376bbeed?s=96&d=mm&r=g","caption":"f1000024"},"url":"https:\/\/cvinoticias.com\/v3\/author\/f1000024\/"}]}},"_links":{"self":[{"href":"https:\/\/cvinoticias.com\/v3\/wp-json\/wp\/v2\/posts\/33407","targetHints":{"allow":["GET"]}}],"collection":[{"href":"https:\/\/cvinoticias.com\/v3\/wp-json\/wp\/v2\/posts"}],"about":[{"href":"https:\/\/cvinoticias.com\/v3\/wp-json\/wp\/v2\/types\/post"}],"author":[{"embeddable":true,"href":"https:\/\/cvinoticias.com\/v3\/wp-json\/wp\/v2\/users\/2"}],"replies":[{"embeddable":true,"href":"https:\/\/cvinoticias.com\/v3\/wp-json\/wp\/v2\/comments?post=33407"}],"version-history":[{"count":1,"href":"https:\/\/cvinoticias.com\/v3\/wp-json\/wp\/v2\/posts\/33407\/revisions"}],"predecessor-version":[{"id":33411,"href":"https:\/\/cvinoticias.com\/v3\/wp-json\/wp\/v2\/posts\/33407\/revisions\/33411"}],"wp:featuredmedia":[{"embeddable":true,"href":"https:\/\/cvinoticias.com\/v3\/wp-json\/wp\/v2\/media\/33408"}],"wp:attachment":[{"href":"https:\/\/cvinoticias.com\/v3\/wp-json\/wp\/v2\/media?parent=33407"}],"wp:term":[{"taxonomy":"category","embeddable":true,"href":"https:\/\/cvinoticias.com\/v3\/wp-json\/wp\/v2\/categories?post=33407"},{"taxonomy":"post_tag","embeddable":true,"href":"https:\/\/cvinoticias.com\/v3\/wp-json\/wp\/v2\/tags?post=33407"}],"curies":[{"name":"wp","href":"https:\/\/api.w.org\/{rel}","templated":true}]}}