{"id":33376,"date":"2024-05-17T14:17:36","date_gmt":"2024-05-17T17:17:36","guid":{"rendered":"https:\/\/cvinoticias.com\/v3\/?p=33376"},"modified":"2024-05-17T14:17:45","modified_gmt":"2024-05-17T17:17:45","slug":"el-hcd-de-puerto-iguazu-declaro-la-emergencia-educativa","status":"publish","type":"post","link":"https:\/\/cvinoticias.com\/v3\/el-hcd-de-puerto-iguazu-declaro-la-emergencia-educativa\/","title":{"rendered":"El HCD de Puerto Iguaz\u00fa declar\u00f3 la Emergencia Educativa"},"content":{"rendered":"\n<p><strong>En la sesi\u00f3n ordinaria del Honorable Concejo Deliberante de Iguaz\u00fa, adem\u00e1s de los 5 puntos plasmados en el orden del d\u00eda se trataron dos proyectos sobre tablas, el primero un proyecto de comunicaci\u00f3n que solicita al gobierno provincial que arbitre los medios necesarios para resolver el conflicto docente y el segundo, un proyecto de declaraci\u00f3n de Emergencia Educativa, ambos proyectos fueron aprobados de forma un\u00e1nime.<\/strong><\/p>\n\n\n\n<p>Ambos proyectos fueron aprobados por unanimidad, y dicha decisi\u00f3n fue celebrada por los docentes que se encontraban dentro del recinto y los que estaban en vigilia fuera del edificio que no ingresaron al Concejo por falta de espacio<\/p>\n\n\n\n<p>El proyecto, no solo solicita que se declare la Emergencia Educativa la Ciudad de Puerto Iguaz\u00fa, por el plazo de 60 d\u00edas, renovables de ser necesario; en materia de infraestructura, recursos humanos y salud escolar en los tres niveles a partir de la sanci\u00f3n de la presente.<\/p>\n\n\n\n<figure class=\"wp-block-gallery has-nested-images columns-default is-cropped wp-block-gallery-1 is-layout-flex wp-block-gallery-is-layout-flex\">\n<figure class=\"wp-block-image size-large\"><a href=\"https:\/\/cvinoticias.com\/wp-content\/uploads\/2024\/05\/IMG-20240517-WA0058.jpg\"><img decoding=\"async\" width=\"1024\" height=\"576\" data-id=\"33380\" data-src=\"https:\/\/cvinoticias.com\/wp-content\/uploads\/2024\/05\/IMG-20240517-WA0058-1024x576.jpg\" alt=\"\" class=\"wp-image-33380 lazyload\" data-srcset=\"https:\/\/cvinoticias.com\/wp-content\/uploads\/2024\/05\/IMG-20240517-WA0058-1024x576.jpg 1024w, https:\/\/cvinoticias.com\/wp-content\/uploads\/2024\/05\/IMG-20240517-WA0058-300x169.jpg 300w, https:\/\/cvinoticias.com\/wp-content\/uploads\/2024\/05\/IMG-20240517-WA0058-768x432.jpg 768w, https:\/\/cvinoticias.com\/wp-content\/uploads\/2024\/05\/IMG-20240517-WA0058-1536x864.jpg 1536w, https:\/\/cvinoticias.com\/wp-content\/uploads\/2024\/05\/IMG-20240517-WA0058.jpg 1600w\" data-sizes=\"(max-width: 1024px) 100vw, 1024px\" src=\"data:image\/svg+xml;base64,PHN2ZyB3aWR0aD0iMSIgaGVpZ2h0PSIxIiB4bWxucz0iaHR0cDovL3d3dy53My5vcmcvMjAwMC9zdmciPjwvc3ZnPg==\" style=\"--smush-placeholder-width: 1024px; --smush-placeholder-aspect-ratio: 1024\/576;\" \/><\/a><\/figure>\n\n\n\n<figure class=\"wp-block-image size-large\"><a href=\"https:\/\/cvinoticias.com\/wp-content\/uploads\/2024\/05\/IMG-20240517-WA0056.jpg\"><img decoding=\"async\" width=\"1024\" height=\"576\" data-id=\"33379\" data-src=\"https:\/\/cvinoticias.com\/wp-content\/uploads\/2024\/05\/IMG-20240517-WA0056-1024x576.jpg\" alt=\"\" class=\"wp-image-33379 lazyload\" data-srcset=\"https:\/\/cvinoticias.com\/wp-content\/uploads\/2024\/05\/IMG-20240517-WA0056-1024x576.jpg 1024w, https:\/\/cvinoticias.com\/wp-content\/uploads\/2024\/05\/IMG-20240517-WA0056-300x169.jpg 300w, https:\/\/cvinoticias.com\/wp-content\/uploads\/2024\/05\/IMG-20240517-WA0056-768x432.jpg 768w, https:\/\/cvinoticias.com\/wp-content\/uploads\/2024\/05\/IMG-20240517-WA0056.jpg 1280w\" data-sizes=\"(max-width: 1024px) 100vw, 1024px\" src=\"data:image\/svg+xml;base64,PHN2ZyB3aWR0aD0iMSIgaGVpZ2h0PSIxIiB4bWxucz0iaHR0cDovL3d3dy53My5vcmcvMjAwMC9zdmciPjwvc3ZnPg==\" style=\"--smush-placeholder-width: 1024px; --smush-placeholder-aspect-ratio: 1024\/576;\" \/><\/a><\/figure>\n\n\n\n<figure class=\"wp-block-image size-large\"><a href=\"https:\/\/cvinoticias.com\/wp-content\/uploads\/2024\/05\/md-1-1.webp\"><img decoding=\"async\" width=\"992\" height=\"558\" data-id=\"33378\" data-src=\"https:\/\/cvinoticias.com\/wp-content\/uploads\/2024\/05\/md-1-1.webp\" alt=\"\" class=\"wp-image-33378 lazyload\" data-srcset=\"https:\/\/cvinoticias.com\/wp-content\/uploads\/2024\/05\/md-1-1.webp 992w, https:\/\/cvinoticias.com\/wp-content\/uploads\/2024\/05\/md-1-1-300x169.webp 300w, https:\/\/cvinoticias.com\/wp-content\/uploads\/2024\/05\/md-1-1-768x432.webp 768w\" data-sizes=\"(max-width: 992px) 100vw, 992px\" src=\"data:image\/svg+xml;base64,PHN2ZyB3aWR0aD0iMSIgaGVpZ2h0PSIxIiB4bWxucz0iaHR0cDovL3d3dy53My5vcmcvMjAwMC9zdmciPjwvc3ZnPg==\" style=\"--smush-placeholder-width: 992px; --smush-placeholder-aspect-ratio: 992\/558;\" \/><\/a><\/figure>\n<\/figure>\n","protected":false},"excerpt":{"rendered":"<p>En la sesi\u00f3n ordinaria del Honorable Concejo Deliberante de Iguaz\u00fa, adem\u00e1s de los 5 puntos plasmados en el orden del d\u00eda se trataron dos proyectos sobre tablas, el primero un proyecto de comunicaci\u00f3n que solicita al gobierno provincial que arbitre los medios necesarios para resolver el conflicto docente y el segundo, un proyecto de declaraci\u00f3n [&hellip;]<\/p>\n","protected":false},"author":2,"featured_media":33377,"comment_status":"open","ping_status":"open","sticky":false,"template":"","format":"standard","meta":{"footnotes":""},"categories":[29],"tags":[],"class_list":["post-33376","post","type-post","status-publish","format-standard","has-post-thumbnail","hentry","category-locales"],"yoast_head":"<!-- This site is optimized with the Yoast SEO plugin v27.4 - https:\/\/yoast.com\/product\/yoast-seo-wordpress\/ -->\n<title>El HCD de Puerto Iguaz\u00fa declar\u00f3 la Emergencia Educativa | CVI NOTICIAS<\/title>\n<meta name=\"robots\" content=\"index, follow, max-snippet:-1, max-image-preview:large, max-video-preview:-1\" \/>\n<link rel=\"canonical\" href=\"https:\/\/cvinoticias.com\/v3\/el-hcd-de-puerto-iguazu-declaro-la-emergencia-educativa\/\" \/>\n<meta property=\"og:locale\" content=\"es_ES\" \/>\n<meta property=\"og:type\" content=\"article\" \/>\n<meta property=\"og:title\" content=\"El HCD de Puerto Iguaz\u00fa declar\u00f3 la Emergencia Educativa | CVI NOTICIAS\" \/>\n<meta property=\"og:description\" content=\"En la sesi\u00f3n ordinaria del Honorable Concejo Deliberante de Iguaz\u00fa, adem\u00e1s de los 5 puntos plasmados en el orden del d\u00eda se trataron dos proyectos sobre tablas, el primero un proyecto de comunicaci\u00f3n que solicita al gobierno provincial que arbitre los medios necesarios para resolver el conflicto docente y el segundo, un proyecto de declaraci\u00f3n [&hellip;]\" \/>\n<meta property=\"og:url\" content=\"https:\/\/cvinoticias.com\/v3\/el-hcd-de-puerto-iguazu-declaro-la-emergencia-educativa\/\" \/>\n<meta property=\"og:site_name\" content=\"CVI NOTICIAS\" \/>\n<meta property=\"article:publisher\" content=\"https:\/\/www.facebook.com\/cvinoticias\" \/>\n<meta property=\"article:published_time\" content=\"2024-05-17T17:17:36+00:00\" \/>\n<meta property=\"article:modified_time\" content=\"2024-05-17T17:17:45+00:00\" \/>\n<meta property=\"og:image\" content=\"https:\/\/cvinoticias.com\/wp-content\/uploads\/2024\/05\/Screenshot_20240517-130329-461x1024.png\" \/>\n\t<meta property=\"og:image:width\" content=\"461\" \/>\n\t<meta property=\"og:image:height\" content=\"1024\" \/>\n\t<meta property=\"og:image:type\" content=\"image\/png\" \/>\n<meta name=\"author\" content=\"f1000024\" \/>\n<meta name=\"twitter:card\" content=\"summary_large_image\" \/>\n<meta name=\"twitter:label1\" content=\"Escrito por\" \/>\n\t<meta name=\"twitter:data1\" content=\"f1000024\" \/>\n\t<meta name=\"twitter:label2\" content=\"Tiempo de lectura\" \/>\n\t<meta name=\"twitter:data2\" content=\"2 minutos\" \/>\n<script type=\"application\/ld+json\" class=\"yoast-schema-graph\">{\"@context\":\"https:\\\/\\\/schema.org\",\"@graph\":[{\"@type\":\"Article\",\"@id\":\"https:\\\/\\\/cvinoticias.com\\\/v3\\\/el-hcd-de-puerto-iguazu-declaro-la-emergencia-educativa\\\/#article\",\"isPartOf\":{\"@id\":\"https:\\\/\\\/cvinoticias.com\\\/v3\\\/el-hcd-de-puerto-iguazu-declaro-la-emergencia-educativa\\\/\"},\"author\":{\"name\":\"f1000024\",\"@id\":\"https:\\\/\\\/cvinoticias.com\\\/v3\\\/#\\\/schema\\\/person\\\/2db77e3c6bc03c538495d7b2b8be9b66\"},\"headline\":\"El HCD de Puerto Iguaz\u00fa declar\u00f3 la Emergencia Educativa\",\"datePublished\":\"2024-05-17T17:17:36+00:00\",\"dateModified\":\"2024-05-17T17:17:45+00:00\",\"mainEntityOfPage\":{\"@id\":\"https:\\\/\\\/cvinoticias.com\\\/v3\\\/el-hcd-de-puerto-iguazu-declaro-la-emergencia-educativa\\\/\"},\"wordCount\":166,\"commentCount\":0,\"publisher\":{\"@id\":\"https:\\\/\\\/cvinoticias.com\\\/v3\\\/#organization\"},\"image\":{\"@id\":\"https:\\\/\\\/cvinoticias.com\\\/v3\\\/el-hcd-de-puerto-iguazu-declaro-la-emergencia-educativa\\\/#primaryimage\"},\"thumbnailUrl\":\"https:\\\/\\\/cvinoticias.com\\\/wp-content\\\/uploads\\\/2024\\\/05\\\/Screenshot_20240517-130329.png\",\"articleSection\":[\"Locales\"],\"inLanguage\":\"es\",\"potentialAction\":[{\"@type\":\"CommentAction\",\"name\":\"Comment\",\"target\":[\"https:\\\/\\\/cvinoticias.com\\\/v3\\\/el-hcd-de-puerto-iguazu-declaro-la-emergencia-educativa\\\/#respond\"]}]},{\"@type\":\"WebPage\",\"@id\":\"https:\\\/\\\/cvinoticias.com\\\/v3\\\/el-hcd-de-puerto-iguazu-declaro-la-emergencia-educativa\\\/\",\"url\":\"https:\\\/\\\/cvinoticias.com\\\/v3\\\/el-hcd-de-puerto-iguazu-declaro-la-emergencia-educativa\\\/\",\"name\":\"El HCD de Puerto Iguaz\u00fa declar\u00f3 la Emergencia Educativa | CVI NOTICIAS\",\"isPartOf\":{\"@id\":\"https:\\\/\\\/cvinoticias.com\\\/v3\\\/#website\"},\"primaryImageOfPage\":{\"@id\":\"https:\\\/\\\/cvinoticias.com\\\/v3\\\/el-hcd-de-puerto-iguazu-declaro-la-emergencia-educativa\\\/#primaryimage\"},\"image\":{\"@id\":\"https:\\\/\\\/cvinoticias.com\\\/v3\\\/el-hcd-de-puerto-iguazu-declaro-la-emergencia-educativa\\\/#primaryimage\"},\"thumbnailUrl\":\"https:\\\/\\\/cvinoticias.com\\\/wp-content\\\/uploads\\\/2024\\\/05\\\/Screenshot_20240517-130329.png\",\"datePublished\":\"2024-05-17T17:17:36+00:00\",\"dateModified\":\"2024-05-17T17:17:45+00:00\",\"breadcrumb\":{\"@id\":\"https:\\\/\\\/cvinoticias.com\\\/v3\\\/el-hcd-de-puerto-iguazu-declaro-la-emergencia-educativa\\\/#breadcrumb\"},\"inLanguage\":\"es\",\"potentialAction\":[{\"@type\":\"ReadAction\",\"target\":[\"https:\\\/\\\/cvinoticias.com\\\/v3\\\/el-hcd-de-puerto-iguazu-declaro-la-emergencia-educativa\\\/\"]}]},{\"@type\":\"ImageObject\",\"inLanguage\":\"es\",\"@id\":\"https:\\\/\\\/cvinoticias.com\\\/v3\\\/el-hcd-de-puerto-iguazu-declaro-la-emergencia-educativa\\\/#primaryimage\",\"url\":\"https:\\\/\\\/cvinoticias.com\\\/wp-content\\\/uploads\\\/2024\\\/05\\\/Screenshot_20240517-130329.png\",\"contentUrl\":\"https:\\\/\\\/cvinoticias.com\\\/wp-content\\\/uploads\\\/2024\\\/05\\\/Screenshot_20240517-130329.png\",\"width\":1080,\"height\":2400},{\"@type\":\"BreadcrumbList\",\"@id\":\"https:\\\/\\\/cvinoticias.com\\\/v3\\\/el-hcd-de-puerto-iguazu-declaro-la-emergencia-educativa\\\/#breadcrumb\",\"itemListElement\":[{\"@type\":\"ListItem\",\"position\":1,\"name\":\"Portada\",\"item\":\"https:\\\/\\\/cvinoticias.com\\\/v3\\\/\"},{\"@type\":\"ListItem\",\"position\":2,\"name\":\"El HCD de Puerto Iguaz\u00fa declar\u00f3 la Emergencia Educativa\"}]},{\"@type\":\"WebSite\",\"@id\":\"https:\\\/\\\/cvinoticias.com\\\/v3\\\/#website\",\"url\":\"https:\\\/\\\/cvinoticias.com\\\/v3\\\/\",\"name\":\"CVI NOTICIAS\",\"description\":\"\",\"publisher\":{\"@id\":\"https:\\\/\\\/cvinoticias.com\\\/v3\\\/#organization\"},\"alternateName\":\"CVI\",\"potentialAction\":[{\"@type\":\"SearchAction\",\"target\":{\"@type\":\"EntryPoint\",\"urlTemplate\":\"https:\\\/\\\/cvinoticias.com\\\/v3\\\/?s={search_term_string}\"},\"query-input\":{\"@type\":\"PropertyValueSpecification\",\"valueRequired\":true,\"valueName\":\"search_term_string\"}}],\"inLanguage\":\"es\"},{\"@type\":\"Organization\",\"@id\":\"https:\\\/\\\/cvinoticias.com\\\/v3\\\/#organization\",\"name\":\"CVI NOTICIAS\",\"url\":\"https:\\\/\\\/cvinoticias.com\\\/v3\\\/\",\"logo\":{\"@type\":\"ImageObject\",\"inLanguage\":\"es\",\"@id\":\"https:\\\/\\\/cvinoticias.com\\\/v3\\\/#\\\/schema\\\/logo\\\/image\\\/\",\"url\":\"https:\\\/\\\/cvinoticias.com\\\/wp-content\\\/uploads\\\/2023\\\/04\\\/cropped-cropped-cropped-cropped-cropped-3-1.png\",\"contentUrl\":\"https:\\\/\\\/cvinoticias.com\\\/wp-content\\\/uploads\\\/2023\\\/04\\\/cropped-cropped-cropped-cropped-cropped-3-1.png\",\"width\":95,\"height\":122,\"caption\":\"CVI NOTICIAS\"},\"image\":{\"@id\":\"https:\\\/\\\/cvinoticias.com\\\/v3\\\/#\\\/schema\\\/logo\\\/image\\\/\"},\"sameAs\":[\"https:\\\/\\\/www.facebook.com\\\/cvinoticias\",\"https:\\\/\\\/www.instagram.com\\\/cvinoticias\\\/\",\"https:\\\/\\\/www.youtube.com\\\/@CVINOTICIAS\"]},{\"@type\":\"Person\",\"@id\":\"https:\\\/\\\/cvinoticias.com\\\/v3\\\/#\\\/schema\\\/person\\\/2db77e3c6bc03c538495d7b2b8be9b66\",\"name\":\"f1000024\",\"image\":{\"@type\":\"ImageObject\",\"inLanguage\":\"es\",\"@id\":\"https:\\\/\\\/secure.gravatar.com\\\/avatar\\\/d4fe7459cfc51ff5129ce1a732bbef5928568b8092d412ef95611616376bbeed?s=96&d=mm&r=g\",\"url\":\"https:\\\/\\\/secure.gravatar.com\\\/avatar\\\/d4fe7459cfc51ff5129ce1a732bbef5928568b8092d412ef95611616376bbeed?s=96&d=mm&r=g\",\"contentUrl\":\"https:\\\/\\\/secure.gravatar.com\\\/avatar\\\/d4fe7459cfc51ff5129ce1a732bbef5928568b8092d412ef95611616376bbeed?s=96&d=mm&r=g\",\"caption\":\"f1000024\"},\"url\":\"https:\\\/\\\/cvinoticias.com\\\/v3\\\/author\\\/f1000024\\\/\"}]}<\/script>\n<!-- \/ Yoast SEO plugin. -->","yoast_head_json":{"title":"El HCD de Puerto Iguaz\u00fa declar\u00f3 la Emergencia Educativa | CVI NOTICIAS","robots":{"index":"index","follow":"follow","max-snippet":"max-snippet:-1","max-image-preview":"max-image-preview:large","max-video-preview":"max-video-preview:-1"},"canonical":"https:\/\/cvinoticias.com\/v3\/el-hcd-de-puerto-iguazu-declaro-la-emergencia-educativa\/","og_locale":"es_ES","og_type":"article","og_title":"El HCD de Puerto Iguaz\u00fa declar\u00f3 la Emergencia Educativa | CVI NOTICIAS","og_description":"En la sesi\u00f3n ordinaria del Honorable Concejo Deliberante de Iguaz\u00fa, adem\u00e1s de los 5 puntos plasmados en el orden del d\u00eda se trataron dos proyectos sobre tablas, el primero un proyecto de comunicaci\u00f3n que solicita al gobierno provincial que arbitre los medios necesarios para resolver el conflicto docente y el segundo, un proyecto de declaraci\u00f3n [&hellip;]","og_url":"https:\/\/cvinoticias.com\/v3\/el-hcd-de-puerto-iguazu-declaro-la-emergencia-educativa\/","og_site_name":"CVI NOTICIAS","article_publisher":"https:\/\/www.facebook.com\/cvinoticias","article_published_time":"2024-05-17T17:17:36+00:00","article_modified_time":"2024-05-17T17:17:45+00:00","og_image":[{"width":461,"height":1024,"url":"https:\/\/cvinoticias.com\/wp-content\/uploads\/2024\/05\/Screenshot_20240517-130329-461x1024.png","type":"image\/png"}],"author":"f1000024","twitter_card":"summary_large_image","twitter_misc":{"Escrito por":"f1000024","Tiempo de lectura":"2 minutos"},"schema":{"@context":"https:\/\/schema.org","@graph":[{"@type":"Article","@id":"https:\/\/cvinoticias.com\/v3\/el-hcd-de-puerto-iguazu-declaro-la-emergencia-educativa\/#article","isPartOf":{"@id":"https:\/\/cvinoticias.com\/v3\/el-hcd-de-puerto-iguazu-declaro-la-emergencia-educativa\/"},"author":{"name":"f1000024","@id":"https:\/\/cvinoticias.com\/v3\/#\/schema\/person\/2db77e3c6bc03c538495d7b2b8be9b66"},"headline":"El HCD de Puerto Iguaz\u00fa declar\u00f3 la Emergencia Educativa","datePublished":"2024-05-17T17:17:36+00:00","dateModified":"2024-05-17T17:17:45+00:00","mainEntityOfPage":{"@id":"https:\/\/cvinoticias.com\/v3\/el-hcd-de-puerto-iguazu-declaro-la-emergencia-educativa\/"},"wordCount":166,"commentCount":0,"publisher":{"@id":"https:\/\/cvinoticias.com\/v3\/#organization"},"image":{"@id":"https:\/\/cvinoticias.com\/v3\/el-hcd-de-puerto-iguazu-declaro-la-emergencia-educativa\/#primaryimage"},"thumbnailUrl":"https:\/\/cvinoticias.com\/wp-content\/uploads\/2024\/05\/Screenshot_20240517-130329.png","articleSection":["Locales"],"inLanguage":"es","potentialAction":[{"@type":"CommentAction","name":"Comment","target":["https:\/\/cvinoticias.com\/v3\/el-hcd-de-puerto-iguazu-declaro-la-emergencia-educativa\/#respond"]}]},{"@type":"WebPage","@id":"https:\/\/cvinoticias.com\/v3\/el-hcd-de-puerto-iguazu-declaro-la-emergencia-educativa\/","url":"https:\/\/cvinoticias.com\/v3\/el-hcd-de-puerto-iguazu-declaro-la-emergencia-educativa\/","name":"El HCD de Puerto Iguaz\u00fa declar\u00f3 la Emergencia Educativa | CVI NOTICIAS","isPartOf":{"@id":"https:\/\/cvinoticias.com\/v3\/#website"},"primaryImageOfPage":{"@id":"https:\/\/cvinoticias.com\/v3\/el-hcd-de-puerto-iguazu-declaro-la-emergencia-educativa\/#primaryimage"},"image":{"@id":"https:\/\/cvinoticias.com\/v3\/el-hcd-de-puerto-iguazu-declaro-la-emergencia-educativa\/#primaryimage"},"thumbnailUrl":"https:\/\/cvinoticias.com\/wp-content\/uploads\/2024\/05\/Screenshot_20240517-130329.png","datePublished":"2024-05-17T17:17:36+00:00","dateModified":"2024-05-17T17:17:45+00:00","breadcrumb":{"@id":"https:\/\/cvinoticias.com\/v3\/el-hcd-de-puerto-iguazu-declaro-la-emergencia-educativa\/#breadcrumb"},"inLanguage":"es","potentialAction":[{"@type":"ReadAction","target":["https:\/\/cvinoticias.com\/v3\/el-hcd-de-puerto-iguazu-declaro-la-emergencia-educativa\/"]}]},{"@type":"ImageObject","inLanguage":"es","@id":"https:\/\/cvinoticias.com\/v3\/el-hcd-de-puerto-iguazu-declaro-la-emergencia-educativa\/#primaryimage","url":"https:\/\/cvinoticias.com\/wp-content\/uploads\/2024\/05\/Screenshot_20240517-130329.png","contentUrl":"https:\/\/cvinoticias.com\/wp-content\/uploads\/2024\/05\/Screenshot_20240517-130329.png","width":1080,"height":2400},{"@type":"BreadcrumbList","@id":"https:\/\/cvinoticias.com\/v3\/el-hcd-de-puerto-iguazu-declaro-la-emergencia-educativa\/#breadcrumb","itemListElement":[{"@type":"ListItem","position":1,"name":"Portada","item":"https:\/\/cvinoticias.com\/v3\/"},{"@type":"ListItem","position":2,"name":"El HCD de Puerto Iguaz\u00fa declar\u00f3 la Emergencia Educativa"}]},{"@type":"WebSite","@id":"https:\/\/cvinoticias.com\/v3\/#website","url":"https:\/\/cvinoticias.com\/v3\/","name":"CVI NOTICIAS","description":"","publisher":{"@id":"https:\/\/cvinoticias.com\/v3\/#organization"},"alternateName":"CVI","potentialAction":[{"@type":"SearchAction","target":{"@type":"EntryPoint","urlTemplate":"https:\/\/cvinoticias.com\/v3\/?s={search_term_string}"},"query-input":{"@type":"PropertyValueSpecification","valueRequired":true,"valueName":"search_term_string"}}],"inLanguage":"es"},{"@type":"Organization","@id":"https:\/\/cvinoticias.com\/v3\/#organization","name":"CVI NOTICIAS","url":"https:\/\/cvinoticias.com\/v3\/","logo":{"@type":"ImageObject","inLanguage":"es","@id":"https:\/\/cvinoticias.com\/v3\/#\/schema\/logo\/image\/","url":"https:\/\/cvinoticias.com\/wp-content\/uploads\/2023\/04\/cropped-cropped-cropped-cropped-cropped-3-1.png","contentUrl":"https:\/\/cvinoticias.com\/wp-content\/uploads\/2023\/04\/cropped-cropped-cropped-cropped-cropped-3-1.png","width":95,"height":122,"caption":"CVI NOTICIAS"},"image":{"@id":"https:\/\/cvinoticias.com\/v3\/#\/schema\/logo\/image\/"},"sameAs":["https:\/\/www.facebook.com\/cvinoticias","https:\/\/www.instagram.com\/cvinoticias\/","https:\/\/www.youtube.com\/@CVINOTICIAS"]},{"@type":"Person","@id":"https:\/\/cvinoticias.com\/v3\/#\/schema\/person\/2db77e3c6bc03c538495d7b2b8be9b66","name":"f1000024","image":{"@type":"ImageObject","inLanguage":"es","@id":"https:\/\/secure.gravatar.com\/avatar\/d4fe7459cfc51ff5129ce1a732bbef5928568b8092d412ef95611616376bbeed?s=96&d=mm&r=g","url":"https:\/\/secure.gravatar.com\/avatar\/d4fe7459cfc51ff5129ce1a732bbef5928568b8092d412ef95611616376bbeed?s=96&d=mm&r=g","contentUrl":"https:\/\/secure.gravatar.com\/avatar\/d4fe7459cfc51ff5129ce1a732bbef5928568b8092d412ef95611616376bbeed?s=96&d=mm&r=g","caption":"f1000024"},"url":"https:\/\/cvinoticias.com\/v3\/author\/f1000024\/"}]}},"_links":{"self":[{"href":"https:\/\/cvinoticias.com\/v3\/wp-json\/wp\/v2\/posts\/33376","targetHints":{"allow":["GET"]}}],"collection":[{"href":"https:\/\/cvinoticias.com\/v3\/wp-json\/wp\/v2\/posts"}],"about":[{"href":"https:\/\/cvinoticias.com\/v3\/wp-json\/wp\/v2\/types\/post"}],"author":[{"embeddable":true,"href":"https:\/\/cvinoticias.com\/v3\/wp-json\/wp\/v2\/users\/2"}],"replies":[{"embeddable":true,"href":"https:\/\/cvinoticias.com\/v3\/wp-json\/wp\/v2\/comments?post=33376"}],"version-history":[{"count":1,"href":"https:\/\/cvinoticias.com\/v3\/wp-json\/wp\/v2\/posts\/33376\/revisions"}],"predecessor-version":[{"id":33381,"href":"https:\/\/cvinoticias.com\/v3\/wp-json\/wp\/v2\/posts\/33376\/revisions\/33381"}],"wp:featuredmedia":[{"embeddable":true,"href":"https:\/\/cvinoticias.com\/v3\/wp-json\/wp\/v2\/media\/33377"}],"wp:attachment":[{"href":"https:\/\/cvinoticias.com\/v3\/wp-json\/wp\/v2\/media?parent=33376"}],"wp:term":[{"taxonomy":"category","embeddable":true,"href":"https:\/\/cvinoticias.com\/v3\/wp-json\/wp\/v2\/categories?post=33376"},{"taxonomy":"post_tag","embeddable":true,"href":"https:\/\/cvinoticias.com\/v3\/wp-json\/wp\/v2\/tags?post=33376"}],"curies":[{"name":"wp","href":"https:\/\/api.w.org\/{rel}","templated":true}]}}