{"id":33365,"date":"2024-05-15T23:59:37","date_gmt":"2024-05-16T02:59:37","guid":{"rendered":"https:\/\/cvinoticias.com\/v3\/?p=33365"},"modified":"2024-05-16T00:00:32","modified_gmt":"2024-05-16T03:00:32","slug":"la-seleccion-argentina-de-voley-entrena-en-misiones","status":"publish","type":"post","link":"https:\/\/cvinoticias.com\/v3\/la-seleccion-argentina-de-voley-entrena-en-misiones\/","title":{"rendered":"La Selecci\u00f3n Argentina de V\u00f3ley entrena en Misiones"},"content":{"rendered":"\n<p><strong>El combinado nacional disputar\u00e1 dos encuentros amistosos ante Cuba, el viernes en Posadas y el s\u00e1bado en Montecarlo.<\/strong><\/p>\n\n\n\n<p>La Selecci\u00f3n Argentina de V\u00f3ley realiz\u00f3 este martes 14 su primer entrenamiento en Posadas, en la previa de los amistosos ante Cuba. <\/p>\n\n\n\n<p>Se trata de la \u00faltima etapa de preparaci\u00f3n previo a la Liga de Naciones, evento que marcar\u00e1 la clasificaci\u00f3n de selecciones restantes a los Juegos Ol\u00edmpicos Par\u00eds 2024.<\/p>\n\n\n\n<p> <strong>En este contexto, el entrenador del equipo Marcelo M\u00e9ndez y el capit\u00e1n Luciano De Cecco expresaron su alegr\u00eda de poder entrenar en la tierra colorada<\/strong>.<\/p>\n\n\n\n<p> La delegaci\u00f3n que arrib\u00f3 a Misiones se compone de 16 jugadores que se entrenan en el Centro Provincial de Alto Rendimiento Deportivo (CePARD), d\u00f3nde Marcelo M\u00e9ndez se mostr\u00f3 maravillado por las condiciones que presenta el predio deportivo para la preparaci\u00f3n del equipo.<\/p>\n\n\n\n<p><strong><em> \u201cMisiones nos recibi\u00f3 muy bien, con todas las condiciones que una selecci\u00f3n profesional necesita para poder trabajar de la mejor manera, estamos muy contentos con las instalaciones que tenemos<\/em><\/strong>\u201d, sostuvo<\/p>\n\n\n\n<p>El plantel completo: Luciano De Cecco, Mat\u00edas S\u00e1nchez, Bruno Lima, Pablo Kukartsev, Agust\u00edn Loser, Mart\u00edn Ramos, Nicol\u00e1s Zerba, Joaqu\u00edn Gallego <strong>Gustavo Maciel ( misionero)<\/strong> Ezequiel Palacios, Facundo Conte, Luciano Vicent\u00edn, Luciano Palonsky, Jan Mart\u00ednez Franchi, Manuel Armoa Morel y Santiago Danani<\/p>\n\n\n\n<figure class=\"wp-block-gallery has-nested-images columns-default is-cropped wp-block-gallery-1 is-layout-flex wp-block-gallery-is-layout-flex\">\n<figure class=\"wp-block-image size-large\"><a href=\"https:\/\/cvinoticias.com\/wp-content\/uploads\/2024\/05\/WhatsApp-Image-2024-05-14-at-23.28.35-2-edited-1024x576-1.jpeg\"><img decoding=\"async\" width=\"1024\" height=\"576\" data-id=\"33367\" data-src=\"https:\/\/cvinoticias.com\/wp-content\/uploads\/2024\/05\/WhatsApp-Image-2024-05-14-at-23.28.35-2-edited-1024x576-1.jpeg\" alt=\"\" class=\"wp-image-33367 lazyload\" data-srcset=\"https:\/\/cvinoticias.com\/wp-content\/uploads\/2024\/05\/WhatsApp-Image-2024-05-14-at-23.28.35-2-edited-1024x576-1.jpeg 1024w, https:\/\/cvinoticias.com\/wp-content\/uploads\/2024\/05\/WhatsApp-Image-2024-05-14-at-23.28.35-2-edited-1024x576-1-300x169.jpeg 300w, https:\/\/cvinoticias.com\/wp-content\/uploads\/2024\/05\/WhatsApp-Image-2024-05-14-at-23.28.35-2-edited-1024x576-1-768x432.jpeg 768w\" data-sizes=\"(max-width: 1024px) 100vw, 1024px\" src=\"data:image\/svg+xml;base64,PHN2ZyB3aWR0aD0iMSIgaGVpZ2h0PSIxIiB4bWxucz0iaHR0cDovL3d3dy53My5vcmcvMjAwMC9zdmciPjwvc3ZnPg==\" style=\"--smush-placeholder-width: 1024px; --smush-placeholder-aspect-ratio: 1024\/576;\" \/><\/a><\/figure>\n<\/figure>\n","protected":false},"excerpt":{"rendered":"<p>El combinado nacional disputar\u00e1 dos encuentros amistosos ante Cuba, el viernes en Posadas y el s\u00e1bado en Montecarlo. La Selecci\u00f3n Argentina de V\u00f3ley realiz\u00f3 este martes 14 su primer entrenamiento en Posadas, en la previa de los amistosos ante Cuba. Se trata de la \u00faltima etapa de preparaci\u00f3n previo a la Liga de Naciones, evento [&hellip;]<\/p>\n","protected":false},"author":2,"featured_media":33366,"comment_status":"open","ping_status":"open","sticky":false,"template":"","format":"standard","meta":{"footnotes":""},"categories":[24],"tags":[],"class_list":["post-33365","post","type-post","status-publish","format-standard","has-post-thumbnail","hentry","category-deportes"],"yoast_head":"<!-- This site is optimized with the Yoast SEO plugin v27.4 - https:\/\/yoast.com\/product\/yoast-seo-wordpress\/ -->\n<title>La Selecci\u00f3n Argentina de V\u00f3ley entrena en Misiones | CVI NOTICIAS<\/title>\n<meta name=\"robots\" content=\"index, follow, max-snippet:-1, max-image-preview:large, max-video-preview:-1\" \/>\n<link rel=\"canonical\" href=\"https:\/\/cvinoticias.com\/v3\/la-seleccion-argentina-de-voley-entrena-en-misiones\/\" \/>\n<meta property=\"og:locale\" content=\"es_ES\" \/>\n<meta property=\"og:type\" content=\"article\" \/>\n<meta property=\"og:title\" content=\"La Selecci\u00f3n Argentina de V\u00f3ley entrena en Misiones | CVI NOTICIAS\" \/>\n<meta property=\"og:description\" content=\"El combinado nacional disputar\u00e1 dos encuentros amistosos ante Cuba, el viernes en Posadas y el s\u00e1bado en Montecarlo. La Selecci\u00f3n Argentina de V\u00f3ley realiz\u00f3 este martes 14 su primer entrenamiento en Posadas, en la previa de los amistosos ante Cuba. Se trata de la \u00faltima etapa de preparaci\u00f3n previo a la Liga de Naciones, evento [&hellip;]\" \/>\n<meta property=\"og:url\" content=\"https:\/\/cvinoticias.com\/v3\/la-seleccion-argentina-de-voley-entrena-en-misiones\/\" \/>\n<meta property=\"og:site_name\" content=\"CVI NOTICIAS\" \/>\n<meta property=\"article:publisher\" content=\"https:\/\/www.facebook.com\/cvinoticias\" \/>\n<meta property=\"article:published_time\" content=\"2024-05-16T02:59:37+00:00\" \/>\n<meta property=\"article:modified_time\" content=\"2024-05-16T03:00:32+00:00\" \/>\n<meta property=\"og:image\" content=\"https:\/\/cvinoticias.com\/wp-content\/uploads\/2024\/05\/WhatsApp-Image-2024-05-14-at-23.28.35-1089x730-1.jpeg\" \/>\n\t<meta property=\"og:image:width\" content=\"1089\" \/>\n\t<meta property=\"og:image:height\" content=\"730\" \/>\n\t<meta property=\"og:image:type\" content=\"image\/jpeg\" \/>\n<meta name=\"author\" content=\"f1000024\" \/>\n<meta name=\"twitter:card\" content=\"summary_large_image\" \/>\n<meta name=\"twitter:label1\" content=\"Escrito por\" \/>\n\t<meta name=\"twitter:data1\" content=\"f1000024\" \/>\n\t<meta name=\"twitter:label2\" content=\"Tiempo de lectura\" \/>\n\t<meta name=\"twitter:data2\" content=\"2 minutos\" \/>\n<script type=\"application\/ld+json\" class=\"yoast-schema-graph\">{\"@context\":\"https:\\\/\\\/schema.org\",\"@graph\":[{\"@type\":\"Article\",\"@id\":\"https:\\\/\\\/cvinoticias.com\\\/v3\\\/la-seleccion-argentina-de-voley-entrena-en-misiones\\\/#article\",\"isPartOf\":{\"@id\":\"https:\\\/\\\/cvinoticias.com\\\/v3\\\/la-seleccion-argentina-de-voley-entrena-en-misiones\\\/\"},\"author\":{\"name\":\"f1000024\",\"@id\":\"https:\\\/\\\/cvinoticias.com\\\/v3\\\/#\\\/schema\\\/person\\\/2db77e3c6bc03c538495d7b2b8be9b66\"},\"headline\":\"La Selecci\u00f3n Argentina de V\u00f3ley entrena en Misiones\",\"datePublished\":\"2024-05-16T02:59:37+00:00\",\"dateModified\":\"2024-05-16T03:00:32+00:00\",\"mainEntityOfPage\":{\"@id\":\"https:\\\/\\\/cvinoticias.com\\\/v3\\\/la-seleccion-argentina-de-voley-entrena-en-misiones\\\/\"},\"wordCount\":235,\"commentCount\":0,\"publisher\":{\"@id\":\"https:\\\/\\\/cvinoticias.com\\\/v3\\\/#organization\"},\"image\":{\"@id\":\"https:\\\/\\\/cvinoticias.com\\\/v3\\\/la-seleccion-argentina-de-voley-entrena-en-misiones\\\/#primaryimage\"},\"thumbnailUrl\":\"https:\\\/\\\/cvinoticias.com\\\/wp-content\\\/uploads\\\/2024\\\/05\\\/WhatsApp-Image-2024-05-14-at-23.28.35-1089x730-1.jpeg\",\"articleSection\":[\"Deportes\"],\"inLanguage\":\"es\",\"potentialAction\":[{\"@type\":\"CommentAction\",\"name\":\"Comment\",\"target\":[\"https:\\\/\\\/cvinoticias.com\\\/v3\\\/la-seleccion-argentina-de-voley-entrena-en-misiones\\\/#respond\"]}]},{\"@type\":\"WebPage\",\"@id\":\"https:\\\/\\\/cvinoticias.com\\\/v3\\\/la-seleccion-argentina-de-voley-entrena-en-misiones\\\/\",\"url\":\"https:\\\/\\\/cvinoticias.com\\\/v3\\\/la-seleccion-argentina-de-voley-entrena-en-misiones\\\/\",\"name\":\"La Selecci\u00f3n Argentina de V\u00f3ley entrena en Misiones | CVI NOTICIAS\",\"isPartOf\":{\"@id\":\"https:\\\/\\\/cvinoticias.com\\\/v3\\\/#website\"},\"primaryImageOfPage\":{\"@id\":\"https:\\\/\\\/cvinoticias.com\\\/v3\\\/la-seleccion-argentina-de-voley-entrena-en-misiones\\\/#primaryimage\"},\"image\":{\"@id\":\"https:\\\/\\\/cvinoticias.com\\\/v3\\\/la-seleccion-argentina-de-voley-entrena-en-misiones\\\/#primaryimage\"},\"thumbnailUrl\":\"https:\\\/\\\/cvinoticias.com\\\/wp-content\\\/uploads\\\/2024\\\/05\\\/WhatsApp-Image-2024-05-14-at-23.28.35-1089x730-1.jpeg\",\"datePublished\":\"2024-05-16T02:59:37+00:00\",\"dateModified\":\"2024-05-16T03:00:32+00:00\",\"breadcrumb\":{\"@id\":\"https:\\\/\\\/cvinoticias.com\\\/v3\\\/la-seleccion-argentina-de-voley-entrena-en-misiones\\\/#breadcrumb\"},\"inLanguage\":\"es\",\"potentialAction\":[{\"@type\":\"ReadAction\",\"target\":[\"https:\\\/\\\/cvinoticias.com\\\/v3\\\/la-seleccion-argentina-de-voley-entrena-en-misiones\\\/\"]}]},{\"@type\":\"ImageObject\",\"inLanguage\":\"es\",\"@id\":\"https:\\\/\\\/cvinoticias.com\\\/v3\\\/la-seleccion-argentina-de-voley-entrena-en-misiones\\\/#primaryimage\",\"url\":\"https:\\\/\\\/cvinoticias.com\\\/wp-content\\\/uploads\\\/2024\\\/05\\\/WhatsApp-Image-2024-05-14-at-23.28.35-1089x730-1.jpeg\",\"contentUrl\":\"https:\\\/\\\/cvinoticias.com\\\/wp-content\\\/uploads\\\/2024\\\/05\\\/WhatsApp-Image-2024-05-14-at-23.28.35-1089x730-1.jpeg\",\"width\":1089,\"height\":730},{\"@type\":\"BreadcrumbList\",\"@id\":\"https:\\\/\\\/cvinoticias.com\\\/v3\\\/la-seleccion-argentina-de-voley-entrena-en-misiones\\\/#breadcrumb\",\"itemListElement\":[{\"@type\":\"ListItem\",\"position\":1,\"name\":\"Portada\",\"item\":\"https:\\\/\\\/cvinoticias.com\\\/v3\\\/\"},{\"@type\":\"ListItem\",\"position\":2,\"name\":\"La Selecci\u00f3n Argentina de V\u00f3ley entrena en Misiones\"}]},{\"@type\":\"WebSite\",\"@id\":\"https:\\\/\\\/cvinoticias.com\\\/v3\\\/#website\",\"url\":\"https:\\\/\\\/cvinoticias.com\\\/v3\\\/\",\"name\":\"CVI NOTICIAS\",\"description\":\"\",\"publisher\":{\"@id\":\"https:\\\/\\\/cvinoticias.com\\\/v3\\\/#organization\"},\"alternateName\":\"CVI\",\"potentialAction\":[{\"@type\":\"SearchAction\",\"target\":{\"@type\":\"EntryPoint\",\"urlTemplate\":\"https:\\\/\\\/cvinoticias.com\\\/v3\\\/?s={search_term_string}\"},\"query-input\":{\"@type\":\"PropertyValueSpecification\",\"valueRequired\":true,\"valueName\":\"search_term_string\"}}],\"inLanguage\":\"es\"},{\"@type\":\"Organization\",\"@id\":\"https:\\\/\\\/cvinoticias.com\\\/v3\\\/#organization\",\"name\":\"CVI NOTICIAS\",\"url\":\"https:\\\/\\\/cvinoticias.com\\\/v3\\\/\",\"logo\":{\"@type\":\"ImageObject\",\"inLanguage\":\"es\",\"@id\":\"https:\\\/\\\/cvinoticias.com\\\/v3\\\/#\\\/schema\\\/logo\\\/image\\\/\",\"url\":\"https:\\\/\\\/cvinoticias.com\\\/wp-content\\\/uploads\\\/2023\\\/04\\\/cropped-cropped-cropped-cropped-cropped-3-1.png\",\"contentUrl\":\"https:\\\/\\\/cvinoticias.com\\\/wp-content\\\/uploads\\\/2023\\\/04\\\/cropped-cropped-cropped-cropped-cropped-3-1.png\",\"width\":95,\"height\":122,\"caption\":\"CVI NOTICIAS\"},\"image\":{\"@id\":\"https:\\\/\\\/cvinoticias.com\\\/v3\\\/#\\\/schema\\\/logo\\\/image\\\/\"},\"sameAs\":[\"https:\\\/\\\/www.facebook.com\\\/cvinoticias\",\"https:\\\/\\\/www.instagram.com\\\/cvinoticias\\\/\",\"https:\\\/\\\/www.youtube.com\\\/@CVINOTICIAS\"]},{\"@type\":\"Person\",\"@id\":\"https:\\\/\\\/cvinoticias.com\\\/v3\\\/#\\\/schema\\\/person\\\/2db77e3c6bc03c538495d7b2b8be9b66\",\"name\":\"f1000024\",\"image\":{\"@type\":\"ImageObject\",\"inLanguage\":\"es\",\"@id\":\"https:\\\/\\\/secure.gravatar.com\\\/avatar\\\/d4fe7459cfc51ff5129ce1a732bbef5928568b8092d412ef95611616376bbeed?s=96&d=mm&r=g\",\"url\":\"https:\\\/\\\/secure.gravatar.com\\\/avatar\\\/d4fe7459cfc51ff5129ce1a732bbef5928568b8092d412ef95611616376bbeed?s=96&d=mm&r=g\",\"contentUrl\":\"https:\\\/\\\/secure.gravatar.com\\\/avatar\\\/d4fe7459cfc51ff5129ce1a732bbef5928568b8092d412ef95611616376bbeed?s=96&d=mm&r=g\",\"caption\":\"f1000024\"},\"url\":\"https:\\\/\\\/cvinoticias.com\\\/v3\\\/author\\\/f1000024\\\/\"}]}<\/script>\n<!-- \/ Yoast SEO plugin. -->","yoast_head_json":{"title":"La Selecci\u00f3n Argentina de V\u00f3ley entrena en Misiones | CVI NOTICIAS","robots":{"index":"index","follow":"follow","max-snippet":"max-snippet:-1","max-image-preview":"max-image-preview:large","max-video-preview":"max-video-preview:-1"},"canonical":"https:\/\/cvinoticias.com\/v3\/la-seleccion-argentina-de-voley-entrena-en-misiones\/","og_locale":"es_ES","og_type":"article","og_title":"La Selecci\u00f3n Argentina de V\u00f3ley entrena en Misiones | CVI NOTICIAS","og_description":"El combinado nacional disputar\u00e1 dos encuentros amistosos ante Cuba, el viernes en Posadas y el s\u00e1bado en Montecarlo. La Selecci\u00f3n Argentina de V\u00f3ley realiz\u00f3 este martes 14 su primer entrenamiento en Posadas, en la previa de los amistosos ante Cuba. Se trata de la \u00faltima etapa de preparaci\u00f3n previo a la Liga de Naciones, evento [&hellip;]","og_url":"https:\/\/cvinoticias.com\/v3\/la-seleccion-argentina-de-voley-entrena-en-misiones\/","og_site_name":"CVI NOTICIAS","article_publisher":"https:\/\/www.facebook.com\/cvinoticias","article_published_time":"2024-05-16T02:59:37+00:00","article_modified_time":"2024-05-16T03:00:32+00:00","og_image":[{"width":1089,"height":730,"url":"https:\/\/cvinoticias.com\/wp-content\/uploads\/2024\/05\/WhatsApp-Image-2024-05-14-at-23.28.35-1089x730-1.jpeg","type":"image\/jpeg"}],"author":"f1000024","twitter_card":"summary_large_image","twitter_misc":{"Escrito por":"f1000024","Tiempo de lectura":"2 minutos"},"schema":{"@context":"https:\/\/schema.org","@graph":[{"@type":"Article","@id":"https:\/\/cvinoticias.com\/v3\/la-seleccion-argentina-de-voley-entrena-en-misiones\/#article","isPartOf":{"@id":"https:\/\/cvinoticias.com\/v3\/la-seleccion-argentina-de-voley-entrena-en-misiones\/"},"author":{"name":"f1000024","@id":"https:\/\/cvinoticias.com\/v3\/#\/schema\/person\/2db77e3c6bc03c538495d7b2b8be9b66"},"headline":"La Selecci\u00f3n Argentina de V\u00f3ley entrena en Misiones","datePublished":"2024-05-16T02:59:37+00:00","dateModified":"2024-05-16T03:00:32+00:00","mainEntityOfPage":{"@id":"https:\/\/cvinoticias.com\/v3\/la-seleccion-argentina-de-voley-entrena-en-misiones\/"},"wordCount":235,"commentCount":0,"publisher":{"@id":"https:\/\/cvinoticias.com\/v3\/#organization"},"image":{"@id":"https:\/\/cvinoticias.com\/v3\/la-seleccion-argentina-de-voley-entrena-en-misiones\/#primaryimage"},"thumbnailUrl":"https:\/\/cvinoticias.com\/wp-content\/uploads\/2024\/05\/WhatsApp-Image-2024-05-14-at-23.28.35-1089x730-1.jpeg","articleSection":["Deportes"],"inLanguage":"es","potentialAction":[{"@type":"CommentAction","name":"Comment","target":["https:\/\/cvinoticias.com\/v3\/la-seleccion-argentina-de-voley-entrena-en-misiones\/#respond"]}]},{"@type":"WebPage","@id":"https:\/\/cvinoticias.com\/v3\/la-seleccion-argentina-de-voley-entrena-en-misiones\/","url":"https:\/\/cvinoticias.com\/v3\/la-seleccion-argentina-de-voley-entrena-en-misiones\/","name":"La Selecci\u00f3n Argentina de V\u00f3ley entrena en Misiones | CVI NOTICIAS","isPartOf":{"@id":"https:\/\/cvinoticias.com\/v3\/#website"},"primaryImageOfPage":{"@id":"https:\/\/cvinoticias.com\/v3\/la-seleccion-argentina-de-voley-entrena-en-misiones\/#primaryimage"},"image":{"@id":"https:\/\/cvinoticias.com\/v3\/la-seleccion-argentina-de-voley-entrena-en-misiones\/#primaryimage"},"thumbnailUrl":"https:\/\/cvinoticias.com\/wp-content\/uploads\/2024\/05\/WhatsApp-Image-2024-05-14-at-23.28.35-1089x730-1.jpeg","datePublished":"2024-05-16T02:59:37+00:00","dateModified":"2024-05-16T03:00:32+00:00","breadcrumb":{"@id":"https:\/\/cvinoticias.com\/v3\/la-seleccion-argentina-de-voley-entrena-en-misiones\/#breadcrumb"},"inLanguage":"es","potentialAction":[{"@type":"ReadAction","target":["https:\/\/cvinoticias.com\/v3\/la-seleccion-argentina-de-voley-entrena-en-misiones\/"]}]},{"@type":"ImageObject","inLanguage":"es","@id":"https:\/\/cvinoticias.com\/v3\/la-seleccion-argentina-de-voley-entrena-en-misiones\/#primaryimage","url":"https:\/\/cvinoticias.com\/wp-content\/uploads\/2024\/05\/WhatsApp-Image-2024-05-14-at-23.28.35-1089x730-1.jpeg","contentUrl":"https:\/\/cvinoticias.com\/wp-content\/uploads\/2024\/05\/WhatsApp-Image-2024-05-14-at-23.28.35-1089x730-1.jpeg","width":1089,"height":730},{"@type":"BreadcrumbList","@id":"https:\/\/cvinoticias.com\/v3\/la-seleccion-argentina-de-voley-entrena-en-misiones\/#breadcrumb","itemListElement":[{"@type":"ListItem","position":1,"name":"Portada","item":"https:\/\/cvinoticias.com\/v3\/"},{"@type":"ListItem","position":2,"name":"La Selecci\u00f3n Argentina de V\u00f3ley entrena en Misiones"}]},{"@type":"WebSite","@id":"https:\/\/cvinoticias.com\/v3\/#website","url":"https:\/\/cvinoticias.com\/v3\/","name":"CVI NOTICIAS","description":"","publisher":{"@id":"https:\/\/cvinoticias.com\/v3\/#organization"},"alternateName":"CVI","potentialAction":[{"@type":"SearchAction","target":{"@type":"EntryPoint","urlTemplate":"https:\/\/cvinoticias.com\/v3\/?s={search_term_string}"},"query-input":{"@type":"PropertyValueSpecification","valueRequired":true,"valueName":"search_term_string"}}],"inLanguage":"es"},{"@type":"Organization","@id":"https:\/\/cvinoticias.com\/v3\/#organization","name":"CVI NOTICIAS","url":"https:\/\/cvinoticias.com\/v3\/","logo":{"@type":"ImageObject","inLanguage":"es","@id":"https:\/\/cvinoticias.com\/v3\/#\/schema\/logo\/image\/","url":"https:\/\/cvinoticias.com\/wp-content\/uploads\/2023\/04\/cropped-cropped-cropped-cropped-cropped-3-1.png","contentUrl":"https:\/\/cvinoticias.com\/wp-content\/uploads\/2023\/04\/cropped-cropped-cropped-cropped-cropped-3-1.png","width":95,"height":122,"caption":"CVI NOTICIAS"},"image":{"@id":"https:\/\/cvinoticias.com\/v3\/#\/schema\/logo\/image\/"},"sameAs":["https:\/\/www.facebook.com\/cvinoticias","https:\/\/www.instagram.com\/cvinoticias\/","https:\/\/www.youtube.com\/@CVINOTICIAS"]},{"@type":"Person","@id":"https:\/\/cvinoticias.com\/v3\/#\/schema\/person\/2db77e3c6bc03c538495d7b2b8be9b66","name":"f1000024","image":{"@type":"ImageObject","inLanguage":"es","@id":"https:\/\/secure.gravatar.com\/avatar\/d4fe7459cfc51ff5129ce1a732bbef5928568b8092d412ef95611616376bbeed?s=96&d=mm&r=g","url":"https:\/\/secure.gravatar.com\/avatar\/d4fe7459cfc51ff5129ce1a732bbef5928568b8092d412ef95611616376bbeed?s=96&d=mm&r=g","contentUrl":"https:\/\/secure.gravatar.com\/avatar\/d4fe7459cfc51ff5129ce1a732bbef5928568b8092d412ef95611616376bbeed?s=96&d=mm&r=g","caption":"f1000024"},"url":"https:\/\/cvinoticias.com\/v3\/author\/f1000024\/"}]}},"_links":{"self":[{"href":"https:\/\/cvinoticias.com\/v3\/wp-json\/wp\/v2\/posts\/33365","targetHints":{"allow":["GET"]}}],"collection":[{"href":"https:\/\/cvinoticias.com\/v3\/wp-json\/wp\/v2\/posts"}],"about":[{"href":"https:\/\/cvinoticias.com\/v3\/wp-json\/wp\/v2\/types\/post"}],"author":[{"embeddable":true,"href":"https:\/\/cvinoticias.com\/v3\/wp-json\/wp\/v2\/users\/2"}],"replies":[{"embeddable":true,"href":"https:\/\/cvinoticias.com\/v3\/wp-json\/wp\/v2\/comments?post=33365"}],"version-history":[{"count":1,"href":"https:\/\/cvinoticias.com\/v3\/wp-json\/wp\/v2\/posts\/33365\/revisions"}],"predecessor-version":[{"id":33368,"href":"https:\/\/cvinoticias.com\/v3\/wp-json\/wp\/v2\/posts\/33365\/revisions\/33368"}],"wp:featuredmedia":[{"embeddable":true,"href":"https:\/\/cvinoticias.com\/v3\/wp-json\/wp\/v2\/media\/33366"}],"wp:attachment":[{"href":"https:\/\/cvinoticias.com\/v3\/wp-json\/wp\/v2\/media?parent=33365"}],"wp:term":[{"taxonomy":"category","embeddable":true,"href":"https:\/\/cvinoticias.com\/v3\/wp-json\/wp\/v2\/categories?post=33365"},{"taxonomy":"post_tag","embeddable":true,"href":"https:\/\/cvinoticias.com\/v3\/wp-json\/wp\/v2\/tags?post=33365"}],"curies":[{"name":"wp","href":"https:\/\/api.w.org\/{rel}","templated":true}]}}