{"id":33358,"date":"2024-05-15T18:23:51","date_gmt":"2024-05-15T21:23:51","guid":{"rendered":"https:\/\/cvinoticias.com\/v3\/?p=33358"},"modified":"2024-05-15T18:24:21","modified_gmt":"2024-05-15T21:24:21","slug":"yerbateros-se-reunieron-ayer-como-positiva-la-reunion-en-el-congreso-de-la-nacion","status":"publish","type":"post","link":"https:\/\/cvinoticias.com\/v3\/yerbateros-se-reunieron-ayer-como-positiva-la-reunion-en-el-congreso-de-la-nacion\/","title":{"rendered":"Yerbateros se reunieron en el Congreso de la Naci\u00f3n"},"content":{"rendered":"\n<p>El d\u00eda de ayer productores yerbateros de San Pedro, Andresito, San Vicente y Arist\u00f3bulo del Valle, participaron del plenario conjunto de la Comisi\u00f3n de Econom\u00edas y Desarrollo Regional y de Agricultura y Ganader\u00eda de la C\u00e1mara de Diputados de la Naci\u00f3n, donde expusieron la \u201csituaci\u00f3n cr\u00edtica\u201d por la que atraviesan ante el aluvi\u00f3n de importaciones de yerba canchada y molida que provienen de Paraguay y Brasil. <\/p>\n\n\n\n<p>Si <strong>bien consideraron que la instancia fue \u201cpositiva\u201d, no descartan tomar medidas ante el estancamiento de posibles soluciones inmediatas.  <\/strong><\/p>\n\n\n\n<p><strong>La reuni\u00f3n que se desarroll\u00f3 en un recinto de la C\u00e1mara de Diputados permiti\u00f3 visibilizar las preocupaciones de los productores yerbateros y los desaf\u00edos que atraviesan tras la apertura de importaciones implementada por el gobierno de Javier Milei en los \u00faltimos meses, lo que gener\u00f3 un r\u00e9cord hist\u00f3rico de 3,83 millones de kilos de yerba durante los primeros meses del 2024, perjudicando a los productores tanto misioneros como correntinos. <\/strong><\/p>\n\n\n\n<p><strong>En el recinto estuvieron presentes autoridades del Instituto Nacional de la Yerba Mate (Inym), como Ricardo Maciel; el ministro del Agro y la Producci\u00f3n de Misiones, Facundo L\u00f3pez Sartori; y el diputado nacional por la Uni\u00f3n C\u00edvica Radical (UCR), Mart\u00edn Arjol<\/strong><\/p>\n\n\n\n<p>.Adem\u00e1s de Arjol, se hicieron presentes tres de los siete diputados que tiene Misiones, los renovadores Carlos Fern\u00e1ndez, Yamila Ruiz y Daniel Vancsik.<\/p>\n","protected":false},"excerpt":{"rendered":"<p>El d\u00eda de ayer productores yerbateros de San Pedro, Andresito, San Vicente y Arist\u00f3bulo del Valle, participaron del plenario conjunto de la Comisi\u00f3n de Econom\u00edas y Desarrollo Regional y de Agricultura y Ganader\u00eda de la C\u00e1mara de Diputados de la Naci\u00f3n, donde expusieron la \u201csituaci\u00f3n cr\u00edtica\u201d por la que atraviesan ante el aluvi\u00f3n de importaciones [&hellip;]<\/p>\n","protected":false},"author":2,"featured_media":33359,"comment_status":"open","ping_status":"open","sticky":false,"template":"","format":"standard","meta":{"footnotes":""},"categories":[39],"tags":[],"class_list":["post-33358","post","type-post","status-publish","format-standard","has-post-thumbnail","hentry","category-nacionales"],"yoast_head":"<!-- This site is optimized with the Yoast SEO plugin v27.4 - https:\/\/yoast.com\/product\/yoast-seo-wordpress\/ -->\n<title>Yerbateros se reunieron en el Congreso de la Naci\u00f3n | CVI NOTICIAS<\/title>\n<meta name=\"robots\" content=\"index, follow, max-snippet:-1, max-image-preview:large, max-video-preview:-1\" \/>\n<link rel=\"canonical\" href=\"https:\/\/cvinoticias.com\/v3\/yerbateros-se-reunieron-ayer-como-positiva-la-reunion-en-el-congreso-de-la-nacion\/\" \/>\n<meta property=\"og:locale\" content=\"es_ES\" \/>\n<meta property=\"og:type\" content=\"article\" \/>\n<meta property=\"og:title\" content=\"Yerbateros se reunieron en el Congreso de la Naci\u00f3n | CVI NOTICIAS\" \/>\n<meta property=\"og:description\" content=\"El d\u00eda de ayer productores yerbateros de San Pedro, Andresito, San Vicente y Arist\u00f3bulo del Valle, participaron del plenario conjunto de la Comisi\u00f3n de Econom\u00edas y Desarrollo Regional y de Agricultura y Ganader\u00eda de la C\u00e1mara de Diputados de la Naci\u00f3n, donde expusieron la \u201csituaci\u00f3n cr\u00edtica\u201d por la que atraviesan ante el aluvi\u00f3n de importaciones [&hellip;]\" \/>\n<meta property=\"og:url\" content=\"https:\/\/cvinoticias.com\/v3\/yerbateros-se-reunieron-ayer-como-positiva-la-reunion-en-el-congreso-de-la-nacion\/\" \/>\n<meta property=\"og:site_name\" content=\"CVI NOTICIAS\" \/>\n<meta property=\"article:publisher\" content=\"https:\/\/www.facebook.com\/cvinoticias\" \/>\n<meta property=\"article:published_time\" content=\"2024-05-15T21:23:51+00:00\" \/>\n<meta property=\"article:modified_time\" content=\"2024-05-15T21:24:21+00:00\" \/>\n<meta property=\"og:image\" content=\"https:\/\/cvinoticias.com\/wp-content\/uploads\/2024\/05\/Christian-Klingbeil-1024x576-1.webp\" \/>\n\t<meta property=\"og:image:width\" content=\"1024\" \/>\n\t<meta property=\"og:image:height\" content=\"576\" \/>\n\t<meta property=\"og:image:type\" content=\"image\/webp\" \/>\n<meta name=\"author\" content=\"f1000024\" \/>\n<meta name=\"twitter:card\" content=\"summary_large_image\" \/>\n<meta name=\"twitter:label1\" content=\"Escrito por\" \/>\n\t<meta name=\"twitter:data1\" content=\"f1000024\" \/>\n\t<meta name=\"twitter:label2\" content=\"Tiempo de lectura\" \/>\n\t<meta name=\"twitter:data2\" content=\"2 minutos\" \/>\n<script type=\"application\/ld+json\" class=\"yoast-schema-graph\">{\"@context\":\"https:\\\/\\\/schema.org\",\"@graph\":[{\"@type\":\"Article\",\"@id\":\"https:\\\/\\\/cvinoticias.com\\\/v3\\\/yerbateros-se-reunieron-ayer-como-positiva-la-reunion-en-el-congreso-de-la-nacion\\\/#article\",\"isPartOf\":{\"@id\":\"https:\\\/\\\/cvinoticias.com\\\/v3\\\/yerbateros-se-reunieron-ayer-como-positiva-la-reunion-en-el-congreso-de-la-nacion\\\/\"},\"author\":{\"name\":\"f1000024\",\"@id\":\"https:\\\/\\\/cvinoticias.com\\\/v3\\\/#\\\/schema\\\/person\\\/2db77e3c6bc03c538495d7b2b8be9b66\"},\"headline\":\"Yerbateros se reunieron en el Congreso de la Naci\u00f3n\",\"datePublished\":\"2024-05-15T21:23:51+00:00\",\"dateModified\":\"2024-05-15T21:24:21+00:00\",\"mainEntityOfPage\":{\"@id\":\"https:\\\/\\\/cvinoticias.com\\\/v3\\\/yerbateros-se-reunieron-ayer-como-positiva-la-reunion-en-el-congreso-de-la-nacion\\\/\"},\"wordCount\":248,\"commentCount\":0,\"publisher\":{\"@id\":\"https:\\\/\\\/cvinoticias.com\\\/v3\\\/#organization\"},\"image\":{\"@id\":\"https:\\\/\\\/cvinoticias.com\\\/v3\\\/yerbateros-se-reunieron-ayer-como-positiva-la-reunion-en-el-congreso-de-la-nacion\\\/#primaryimage\"},\"thumbnailUrl\":\"https:\\\/\\\/cvinoticias.com\\\/wp-content\\\/uploads\\\/2024\\\/05\\\/Christian-Klingbeil-1024x576-1.webp\",\"articleSection\":[\"Nacionales\"],\"inLanguage\":\"es\",\"potentialAction\":[{\"@type\":\"CommentAction\",\"name\":\"Comment\",\"target\":[\"https:\\\/\\\/cvinoticias.com\\\/v3\\\/yerbateros-se-reunieron-ayer-como-positiva-la-reunion-en-el-congreso-de-la-nacion\\\/#respond\"]}]},{\"@type\":\"WebPage\",\"@id\":\"https:\\\/\\\/cvinoticias.com\\\/v3\\\/yerbateros-se-reunieron-ayer-como-positiva-la-reunion-en-el-congreso-de-la-nacion\\\/\",\"url\":\"https:\\\/\\\/cvinoticias.com\\\/v3\\\/yerbateros-se-reunieron-ayer-como-positiva-la-reunion-en-el-congreso-de-la-nacion\\\/\",\"name\":\"Yerbateros se reunieron en el Congreso de la Naci\u00f3n | CVI NOTICIAS\",\"isPartOf\":{\"@id\":\"https:\\\/\\\/cvinoticias.com\\\/v3\\\/#website\"},\"primaryImageOfPage\":{\"@id\":\"https:\\\/\\\/cvinoticias.com\\\/v3\\\/yerbateros-se-reunieron-ayer-como-positiva-la-reunion-en-el-congreso-de-la-nacion\\\/#primaryimage\"},\"image\":{\"@id\":\"https:\\\/\\\/cvinoticias.com\\\/v3\\\/yerbateros-se-reunieron-ayer-como-positiva-la-reunion-en-el-congreso-de-la-nacion\\\/#primaryimage\"},\"thumbnailUrl\":\"https:\\\/\\\/cvinoticias.com\\\/wp-content\\\/uploads\\\/2024\\\/05\\\/Christian-Klingbeil-1024x576-1.webp\",\"datePublished\":\"2024-05-15T21:23:51+00:00\",\"dateModified\":\"2024-05-15T21:24:21+00:00\",\"breadcrumb\":{\"@id\":\"https:\\\/\\\/cvinoticias.com\\\/v3\\\/yerbateros-se-reunieron-ayer-como-positiva-la-reunion-en-el-congreso-de-la-nacion\\\/#breadcrumb\"},\"inLanguage\":\"es\",\"potentialAction\":[{\"@type\":\"ReadAction\",\"target\":[\"https:\\\/\\\/cvinoticias.com\\\/v3\\\/yerbateros-se-reunieron-ayer-como-positiva-la-reunion-en-el-congreso-de-la-nacion\\\/\"]}]},{\"@type\":\"ImageObject\",\"inLanguage\":\"es\",\"@id\":\"https:\\\/\\\/cvinoticias.com\\\/v3\\\/yerbateros-se-reunieron-ayer-como-positiva-la-reunion-en-el-congreso-de-la-nacion\\\/#primaryimage\",\"url\":\"https:\\\/\\\/cvinoticias.com\\\/wp-content\\\/uploads\\\/2024\\\/05\\\/Christian-Klingbeil-1024x576-1.webp\",\"contentUrl\":\"https:\\\/\\\/cvinoticias.com\\\/wp-content\\\/uploads\\\/2024\\\/05\\\/Christian-Klingbeil-1024x576-1.webp\",\"width\":1024,\"height\":576},{\"@type\":\"BreadcrumbList\",\"@id\":\"https:\\\/\\\/cvinoticias.com\\\/v3\\\/yerbateros-se-reunieron-ayer-como-positiva-la-reunion-en-el-congreso-de-la-nacion\\\/#breadcrumb\",\"itemListElement\":[{\"@type\":\"ListItem\",\"position\":1,\"name\":\"Portada\",\"item\":\"https:\\\/\\\/cvinoticias.com\\\/v3\\\/\"},{\"@type\":\"ListItem\",\"position\":2,\"name\":\"Yerbateros se reunieron en el Congreso de la Naci\u00f3n\"}]},{\"@type\":\"WebSite\",\"@id\":\"https:\\\/\\\/cvinoticias.com\\\/v3\\\/#website\",\"url\":\"https:\\\/\\\/cvinoticias.com\\\/v3\\\/\",\"name\":\"CVI NOTICIAS\",\"description\":\"\",\"publisher\":{\"@id\":\"https:\\\/\\\/cvinoticias.com\\\/v3\\\/#organization\"},\"alternateName\":\"CVI\",\"potentialAction\":[{\"@type\":\"SearchAction\",\"target\":{\"@type\":\"EntryPoint\",\"urlTemplate\":\"https:\\\/\\\/cvinoticias.com\\\/v3\\\/?s={search_term_string}\"},\"query-input\":{\"@type\":\"PropertyValueSpecification\",\"valueRequired\":true,\"valueName\":\"search_term_string\"}}],\"inLanguage\":\"es\"},{\"@type\":\"Organization\",\"@id\":\"https:\\\/\\\/cvinoticias.com\\\/v3\\\/#organization\",\"name\":\"CVI NOTICIAS\",\"url\":\"https:\\\/\\\/cvinoticias.com\\\/v3\\\/\",\"logo\":{\"@type\":\"ImageObject\",\"inLanguage\":\"es\",\"@id\":\"https:\\\/\\\/cvinoticias.com\\\/v3\\\/#\\\/schema\\\/logo\\\/image\\\/\",\"url\":\"https:\\\/\\\/cvinoticias.com\\\/wp-content\\\/uploads\\\/2023\\\/04\\\/cropped-cropped-cropped-cropped-cropped-3-1.png\",\"contentUrl\":\"https:\\\/\\\/cvinoticias.com\\\/wp-content\\\/uploads\\\/2023\\\/04\\\/cropped-cropped-cropped-cropped-cropped-3-1.png\",\"width\":95,\"height\":122,\"caption\":\"CVI NOTICIAS\"},\"image\":{\"@id\":\"https:\\\/\\\/cvinoticias.com\\\/v3\\\/#\\\/schema\\\/logo\\\/image\\\/\"},\"sameAs\":[\"https:\\\/\\\/www.facebook.com\\\/cvinoticias\",\"https:\\\/\\\/www.instagram.com\\\/cvinoticias\\\/\",\"https:\\\/\\\/www.youtube.com\\\/@CVINOTICIAS\"]},{\"@type\":\"Person\",\"@id\":\"https:\\\/\\\/cvinoticias.com\\\/v3\\\/#\\\/schema\\\/person\\\/2db77e3c6bc03c538495d7b2b8be9b66\",\"name\":\"f1000024\",\"image\":{\"@type\":\"ImageObject\",\"inLanguage\":\"es\",\"@id\":\"https:\\\/\\\/secure.gravatar.com\\\/avatar\\\/d4fe7459cfc51ff5129ce1a732bbef5928568b8092d412ef95611616376bbeed?s=96&d=mm&r=g\",\"url\":\"https:\\\/\\\/secure.gravatar.com\\\/avatar\\\/d4fe7459cfc51ff5129ce1a732bbef5928568b8092d412ef95611616376bbeed?s=96&d=mm&r=g\",\"contentUrl\":\"https:\\\/\\\/secure.gravatar.com\\\/avatar\\\/d4fe7459cfc51ff5129ce1a732bbef5928568b8092d412ef95611616376bbeed?s=96&d=mm&r=g\",\"caption\":\"f1000024\"},\"url\":\"https:\\\/\\\/cvinoticias.com\\\/v3\\\/author\\\/f1000024\\\/\"}]}<\/script>\n<!-- \/ Yoast SEO plugin. -->","yoast_head_json":{"title":"Yerbateros se reunieron en el Congreso de la Naci\u00f3n | CVI NOTICIAS","robots":{"index":"index","follow":"follow","max-snippet":"max-snippet:-1","max-image-preview":"max-image-preview:large","max-video-preview":"max-video-preview:-1"},"canonical":"https:\/\/cvinoticias.com\/v3\/yerbateros-se-reunieron-ayer-como-positiva-la-reunion-en-el-congreso-de-la-nacion\/","og_locale":"es_ES","og_type":"article","og_title":"Yerbateros se reunieron en el Congreso de la Naci\u00f3n | CVI NOTICIAS","og_description":"El d\u00eda de ayer productores yerbateros de San Pedro, Andresito, San Vicente y Arist\u00f3bulo del Valle, participaron del plenario conjunto de la Comisi\u00f3n de Econom\u00edas y Desarrollo Regional y de Agricultura y Ganader\u00eda de la C\u00e1mara de Diputados de la Naci\u00f3n, donde expusieron la \u201csituaci\u00f3n cr\u00edtica\u201d por la que atraviesan ante el aluvi\u00f3n de importaciones [&hellip;]","og_url":"https:\/\/cvinoticias.com\/v3\/yerbateros-se-reunieron-ayer-como-positiva-la-reunion-en-el-congreso-de-la-nacion\/","og_site_name":"CVI NOTICIAS","article_publisher":"https:\/\/www.facebook.com\/cvinoticias","article_published_time":"2024-05-15T21:23:51+00:00","article_modified_time":"2024-05-15T21:24:21+00:00","og_image":[{"width":1024,"height":576,"url":"https:\/\/cvinoticias.com\/wp-content\/uploads\/2024\/05\/Christian-Klingbeil-1024x576-1.webp","type":"image\/webp"}],"author":"f1000024","twitter_card":"summary_large_image","twitter_misc":{"Escrito por":"f1000024","Tiempo de lectura":"2 minutos"},"schema":{"@context":"https:\/\/schema.org","@graph":[{"@type":"Article","@id":"https:\/\/cvinoticias.com\/v3\/yerbateros-se-reunieron-ayer-como-positiva-la-reunion-en-el-congreso-de-la-nacion\/#article","isPartOf":{"@id":"https:\/\/cvinoticias.com\/v3\/yerbateros-se-reunieron-ayer-como-positiva-la-reunion-en-el-congreso-de-la-nacion\/"},"author":{"name":"f1000024","@id":"https:\/\/cvinoticias.com\/v3\/#\/schema\/person\/2db77e3c6bc03c538495d7b2b8be9b66"},"headline":"Yerbateros se reunieron en el Congreso de la Naci\u00f3n","datePublished":"2024-05-15T21:23:51+00:00","dateModified":"2024-05-15T21:24:21+00:00","mainEntityOfPage":{"@id":"https:\/\/cvinoticias.com\/v3\/yerbateros-se-reunieron-ayer-como-positiva-la-reunion-en-el-congreso-de-la-nacion\/"},"wordCount":248,"commentCount":0,"publisher":{"@id":"https:\/\/cvinoticias.com\/v3\/#organization"},"image":{"@id":"https:\/\/cvinoticias.com\/v3\/yerbateros-se-reunieron-ayer-como-positiva-la-reunion-en-el-congreso-de-la-nacion\/#primaryimage"},"thumbnailUrl":"https:\/\/cvinoticias.com\/wp-content\/uploads\/2024\/05\/Christian-Klingbeil-1024x576-1.webp","articleSection":["Nacionales"],"inLanguage":"es","potentialAction":[{"@type":"CommentAction","name":"Comment","target":["https:\/\/cvinoticias.com\/v3\/yerbateros-se-reunieron-ayer-como-positiva-la-reunion-en-el-congreso-de-la-nacion\/#respond"]}]},{"@type":"WebPage","@id":"https:\/\/cvinoticias.com\/v3\/yerbateros-se-reunieron-ayer-como-positiva-la-reunion-en-el-congreso-de-la-nacion\/","url":"https:\/\/cvinoticias.com\/v3\/yerbateros-se-reunieron-ayer-como-positiva-la-reunion-en-el-congreso-de-la-nacion\/","name":"Yerbateros se reunieron en el Congreso de la Naci\u00f3n | CVI NOTICIAS","isPartOf":{"@id":"https:\/\/cvinoticias.com\/v3\/#website"},"primaryImageOfPage":{"@id":"https:\/\/cvinoticias.com\/v3\/yerbateros-se-reunieron-ayer-como-positiva-la-reunion-en-el-congreso-de-la-nacion\/#primaryimage"},"image":{"@id":"https:\/\/cvinoticias.com\/v3\/yerbateros-se-reunieron-ayer-como-positiva-la-reunion-en-el-congreso-de-la-nacion\/#primaryimage"},"thumbnailUrl":"https:\/\/cvinoticias.com\/wp-content\/uploads\/2024\/05\/Christian-Klingbeil-1024x576-1.webp","datePublished":"2024-05-15T21:23:51+00:00","dateModified":"2024-05-15T21:24:21+00:00","breadcrumb":{"@id":"https:\/\/cvinoticias.com\/v3\/yerbateros-se-reunieron-ayer-como-positiva-la-reunion-en-el-congreso-de-la-nacion\/#breadcrumb"},"inLanguage":"es","potentialAction":[{"@type":"ReadAction","target":["https:\/\/cvinoticias.com\/v3\/yerbateros-se-reunieron-ayer-como-positiva-la-reunion-en-el-congreso-de-la-nacion\/"]}]},{"@type":"ImageObject","inLanguage":"es","@id":"https:\/\/cvinoticias.com\/v3\/yerbateros-se-reunieron-ayer-como-positiva-la-reunion-en-el-congreso-de-la-nacion\/#primaryimage","url":"https:\/\/cvinoticias.com\/wp-content\/uploads\/2024\/05\/Christian-Klingbeil-1024x576-1.webp","contentUrl":"https:\/\/cvinoticias.com\/wp-content\/uploads\/2024\/05\/Christian-Klingbeil-1024x576-1.webp","width":1024,"height":576},{"@type":"BreadcrumbList","@id":"https:\/\/cvinoticias.com\/v3\/yerbateros-se-reunieron-ayer-como-positiva-la-reunion-en-el-congreso-de-la-nacion\/#breadcrumb","itemListElement":[{"@type":"ListItem","position":1,"name":"Portada","item":"https:\/\/cvinoticias.com\/v3\/"},{"@type":"ListItem","position":2,"name":"Yerbateros se reunieron en el Congreso de la Naci\u00f3n"}]},{"@type":"WebSite","@id":"https:\/\/cvinoticias.com\/v3\/#website","url":"https:\/\/cvinoticias.com\/v3\/","name":"CVI NOTICIAS","description":"","publisher":{"@id":"https:\/\/cvinoticias.com\/v3\/#organization"},"alternateName":"CVI","potentialAction":[{"@type":"SearchAction","target":{"@type":"EntryPoint","urlTemplate":"https:\/\/cvinoticias.com\/v3\/?s={search_term_string}"},"query-input":{"@type":"PropertyValueSpecification","valueRequired":true,"valueName":"search_term_string"}}],"inLanguage":"es"},{"@type":"Organization","@id":"https:\/\/cvinoticias.com\/v3\/#organization","name":"CVI NOTICIAS","url":"https:\/\/cvinoticias.com\/v3\/","logo":{"@type":"ImageObject","inLanguage":"es","@id":"https:\/\/cvinoticias.com\/v3\/#\/schema\/logo\/image\/","url":"https:\/\/cvinoticias.com\/wp-content\/uploads\/2023\/04\/cropped-cropped-cropped-cropped-cropped-3-1.png","contentUrl":"https:\/\/cvinoticias.com\/wp-content\/uploads\/2023\/04\/cropped-cropped-cropped-cropped-cropped-3-1.png","width":95,"height":122,"caption":"CVI NOTICIAS"},"image":{"@id":"https:\/\/cvinoticias.com\/v3\/#\/schema\/logo\/image\/"},"sameAs":["https:\/\/www.facebook.com\/cvinoticias","https:\/\/www.instagram.com\/cvinoticias\/","https:\/\/www.youtube.com\/@CVINOTICIAS"]},{"@type":"Person","@id":"https:\/\/cvinoticias.com\/v3\/#\/schema\/person\/2db77e3c6bc03c538495d7b2b8be9b66","name":"f1000024","image":{"@type":"ImageObject","inLanguage":"es","@id":"https:\/\/secure.gravatar.com\/avatar\/d4fe7459cfc51ff5129ce1a732bbef5928568b8092d412ef95611616376bbeed?s=96&d=mm&r=g","url":"https:\/\/secure.gravatar.com\/avatar\/d4fe7459cfc51ff5129ce1a732bbef5928568b8092d412ef95611616376bbeed?s=96&d=mm&r=g","contentUrl":"https:\/\/secure.gravatar.com\/avatar\/d4fe7459cfc51ff5129ce1a732bbef5928568b8092d412ef95611616376bbeed?s=96&d=mm&r=g","caption":"f1000024"},"url":"https:\/\/cvinoticias.com\/v3\/author\/f1000024\/"}]}},"_links":{"self":[{"href":"https:\/\/cvinoticias.com\/v3\/wp-json\/wp\/v2\/posts\/33358","targetHints":{"allow":["GET"]}}],"collection":[{"href":"https:\/\/cvinoticias.com\/v3\/wp-json\/wp\/v2\/posts"}],"about":[{"href":"https:\/\/cvinoticias.com\/v3\/wp-json\/wp\/v2\/types\/post"}],"author":[{"embeddable":true,"href":"https:\/\/cvinoticias.com\/v3\/wp-json\/wp\/v2\/users\/2"}],"replies":[{"embeddable":true,"href":"https:\/\/cvinoticias.com\/v3\/wp-json\/wp\/v2\/comments?post=33358"}],"version-history":[{"count":2,"href":"https:\/\/cvinoticias.com\/v3\/wp-json\/wp\/v2\/posts\/33358\/revisions"}],"predecessor-version":[{"id":33361,"href":"https:\/\/cvinoticias.com\/v3\/wp-json\/wp\/v2\/posts\/33358\/revisions\/33361"}],"wp:featuredmedia":[{"embeddable":true,"href":"https:\/\/cvinoticias.com\/v3\/wp-json\/wp\/v2\/media\/33359"}],"wp:attachment":[{"href":"https:\/\/cvinoticias.com\/v3\/wp-json\/wp\/v2\/media?parent=33358"}],"wp:term":[{"taxonomy":"category","embeddable":true,"href":"https:\/\/cvinoticias.com\/v3\/wp-json\/wp\/v2\/categories?post=33358"},{"taxonomy":"post_tag","embeddable":true,"href":"https:\/\/cvinoticias.com\/v3\/wp-json\/wp\/v2\/tags?post=33358"}],"curies":[{"name":"wp","href":"https:\/\/api.w.org\/{rel}","templated":true}]}}