{"id":33332,"date":"2024-05-11T19:24:17","date_gmt":"2024-05-11T22:24:17","guid":{"rendered":"https:\/\/cvinoticias.com\/v3\/?p=33332"},"modified":"2024-05-11T19:24:18","modified_gmt":"2024-05-11T22:24:18","slug":"a-los-73-anos-fallecio-la-leyenda-del-automovilismo-argentino-juan-maria-traverso-el-flaco","status":"publish","type":"post","link":"https:\/\/cvinoticias.com\/v3\/a-los-73-anos-fallecio-la-leyenda-del-automovilismo-argentino-juan-maria-traverso-el-flaco\/","title":{"rendered":"A los 73 a\u00f1os falleci\u00f3 la leyenda del Automovilismo Argentino Juan Mar\u00eda Traverso \u00bb el Flaco\u00bb"},"content":{"rendered":"\n<p><strong>Este s\u00e1bado falleci\u00f3 a los 73 a\u00f1os Juan Mar\u00eda Traverso, uno de los pilotos m\u00e1s destacados del automovilismo argentino.<\/strong> <\/p>\n\n\n\n<p>Un c\u00e1ncer de es\u00f3fago lo ten\u00eda en coma desde hac\u00eda un par de d\u00edas, y el Flaco muri\u00f3 en su casa, de Ramallo, en compa\u00f1\u00eda de sus hijos.<\/p>\n\n\n\n<p>El Flaco de Ramallo brill\u00f3 en las pistas locales durante d\u00e9cadas, con innumerables logros y epopyas en Turismo Carretera y TC2000<\/p>\n\n\n\n<p>Falleci\u00f3 en su casa de Ramallo, su ciudad natal. Fue all\u00ed en donde empez\u00f3 a coquetear con el deporte motor para convertirse en una leyenda. <\/p>\n\n\n\n<p><strong>Ganador de seis t\u00edtulos de Turismo Carretera, siete en el Turismo Competici\u00f3n 2000 y tres en el Top Race, Traverso fue protagonista del automovilismo nacional durante m\u00e1s de <\/strong>tres d\u00e9cadas.<\/p>\n","protected":false},"excerpt":{"rendered":"<p>Este s\u00e1bado falleci\u00f3 a los 73 a\u00f1os Juan Mar\u00eda Traverso, uno de los pilotos m\u00e1s destacados del automovilismo argentino. Un c\u00e1ncer de es\u00f3fago lo ten\u00eda en coma desde hac\u00eda un par de d\u00edas, y el Flaco muri\u00f3 en su casa, de Ramallo, en compa\u00f1\u00eda de sus hijos. El Flaco de Ramallo brill\u00f3 en las pistas [&hellip;]<\/p>\n","protected":false},"author":2,"featured_media":33333,"comment_status":"open","ping_status":"open","sticky":false,"template":"","format":"standard","meta":{"footnotes":""},"categories":[35],"tags":[],"class_list":["post-33332","post","type-post","status-publish","format-standard","has-post-thumbnail","hentry","category-informacion-general"],"yoast_head":"<!-- This site is optimized with the Yoast SEO plugin v27.4 - https:\/\/yoast.com\/product\/yoast-seo-wordpress\/ -->\n<title>A los 73 a\u00f1os falleci\u00f3 la leyenda del Automovilismo Argentino Juan Mar\u00eda Traverso &quot; el Flaco&quot; | CVI NOTICIAS<\/title>\n<meta name=\"robots\" content=\"index, follow, max-snippet:-1, max-image-preview:large, max-video-preview:-1\" \/>\n<link rel=\"canonical\" href=\"https:\/\/cvinoticias.com\/v3\/a-los-73-anos-fallecio-la-leyenda-del-automovilismo-argentino-juan-maria-traverso-el-flaco\/\" \/>\n<meta property=\"og:locale\" content=\"es_ES\" \/>\n<meta property=\"og:type\" content=\"article\" \/>\n<meta property=\"og:title\" content=\"A los 73 a\u00f1os falleci\u00f3 la leyenda del Automovilismo Argentino Juan Mar\u00eda Traverso &quot; el Flaco&quot; | CVI NOTICIAS\" \/>\n<meta property=\"og:description\" content=\"Este s\u00e1bado falleci\u00f3 a los 73 a\u00f1os Juan Mar\u00eda Traverso, uno de los pilotos m\u00e1s destacados del automovilismo argentino. Un c\u00e1ncer de es\u00f3fago lo ten\u00eda en coma desde hac\u00eda un par de d\u00edas, y el Flaco muri\u00f3 en su casa, de Ramallo, en compa\u00f1\u00eda de sus hijos. El Flaco de Ramallo brill\u00f3 en las pistas [&hellip;]\" \/>\n<meta property=\"og:url\" content=\"https:\/\/cvinoticias.com\/v3\/a-los-73-anos-fallecio-la-leyenda-del-automovilismo-argentino-juan-maria-traverso-el-flaco\/\" \/>\n<meta property=\"og:site_name\" content=\"CVI NOTICIAS\" \/>\n<meta property=\"article:publisher\" content=\"https:\/\/www.facebook.com\/cvinoticias\" \/>\n<meta property=\"article:published_time\" content=\"2024-05-11T22:24:17+00:00\" \/>\n<meta property=\"article:modified_time\" content=\"2024-05-11T22:24:18+00:00\" \/>\n<meta property=\"og:image\" content=\"https:\/\/cvinoticias.com\/wp-content\/uploads\/2024\/05\/GZ7ELSHUBJEKPCB2JMWONTV5JM.jpg\" \/>\n\t<meta property=\"og:image:width\" content=\"1762\" \/>\n\t<meta property=\"og:image:height\" content=\"1176\" \/>\n\t<meta property=\"og:image:type\" content=\"image\/jpeg\" \/>\n<meta name=\"author\" content=\"f1000024\" \/>\n<meta name=\"twitter:card\" content=\"summary_large_image\" \/>\n<meta name=\"twitter:label1\" content=\"Escrito por\" \/>\n\t<meta name=\"twitter:data1\" content=\"f1000024\" \/>\n\t<meta name=\"twitter:label2\" content=\"Tiempo de lectura\" \/>\n\t<meta name=\"twitter:data2\" content=\"1 minuto\" \/>\n<script type=\"application\/ld+json\" class=\"yoast-schema-graph\">{\"@context\":\"https:\\\/\\\/schema.org\",\"@graph\":[{\"@type\":\"Article\",\"@id\":\"https:\\\/\\\/cvinoticias.com\\\/v3\\\/a-los-73-anos-fallecio-la-leyenda-del-automovilismo-argentino-juan-maria-traverso-el-flaco\\\/#article\",\"isPartOf\":{\"@id\":\"https:\\\/\\\/cvinoticias.com\\\/v3\\\/a-los-73-anos-fallecio-la-leyenda-del-automovilismo-argentino-juan-maria-traverso-el-flaco\\\/\"},\"author\":{\"name\":\"f1000024\",\"@id\":\"https:\\\/\\\/cvinoticias.com\\\/v3\\\/#\\\/schema\\\/person\\\/2db77e3c6bc03c538495d7b2b8be9b66\"},\"headline\":\"A los 73 a\u00f1os falleci\u00f3 la leyenda del Automovilismo Argentino Juan Mar\u00eda Traverso \u00bb el Flaco\u00bb\",\"datePublished\":\"2024-05-11T22:24:17+00:00\",\"dateModified\":\"2024-05-11T22:24:18+00:00\",\"mainEntityOfPage\":{\"@id\":\"https:\\\/\\\/cvinoticias.com\\\/v3\\\/a-los-73-anos-fallecio-la-leyenda-del-automovilismo-argentino-juan-maria-traverso-el-flaco\\\/\"},\"wordCount\":152,\"commentCount\":0,\"publisher\":{\"@id\":\"https:\\\/\\\/cvinoticias.com\\\/v3\\\/#organization\"},\"image\":{\"@id\":\"https:\\\/\\\/cvinoticias.com\\\/v3\\\/a-los-73-anos-fallecio-la-leyenda-del-automovilismo-argentino-juan-maria-traverso-el-flaco\\\/#primaryimage\"},\"thumbnailUrl\":\"https:\\\/\\\/cvinoticias.com\\\/wp-content\\\/uploads\\\/2024\\\/05\\\/GZ7ELSHUBJEKPCB2JMWONTV5JM.jpg\",\"articleSection\":[\"Informaci\u00f3n General\"],\"inLanguage\":\"es\",\"potentialAction\":[{\"@type\":\"CommentAction\",\"name\":\"Comment\",\"target\":[\"https:\\\/\\\/cvinoticias.com\\\/v3\\\/a-los-73-anos-fallecio-la-leyenda-del-automovilismo-argentino-juan-maria-traverso-el-flaco\\\/#respond\"]}]},{\"@type\":\"WebPage\",\"@id\":\"https:\\\/\\\/cvinoticias.com\\\/v3\\\/a-los-73-anos-fallecio-la-leyenda-del-automovilismo-argentino-juan-maria-traverso-el-flaco\\\/\",\"url\":\"https:\\\/\\\/cvinoticias.com\\\/v3\\\/a-los-73-anos-fallecio-la-leyenda-del-automovilismo-argentino-juan-maria-traverso-el-flaco\\\/\",\"name\":\"A los 73 a\u00f1os falleci\u00f3 la leyenda del Automovilismo Argentino Juan Mar\u00eda Traverso \\\" el Flaco\\\" | CVI NOTICIAS\",\"isPartOf\":{\"@id\":\"https:\\\/\\\/cvinoticias.com\\\/v3\\\/#website\"},\"primaryImageOfPage\":{\"@id\":\"https:\\\/\\\/cvinoticias.com\\\/v3\\\/a-los-73-anos-fallecio-la-leyenda-del-automovilismo-argentino-juan-maria-traverso-el-flaco\\\/#primaryimage\"},\"image\":{\"@id\":\"https:\\\/\\\/cvinoticias.com\\\/v3\\\/a-los-73-anos-fallecio-la-leyenda-del-automovilismo-argentino-juan-maria-traverso-el-flaco\\\/#primaryimage\"},\"thumbnailUrl\":\"https:\\\/\\\/cvinoticias.com\\\/wp-content\\\/uploads\\\/2024\\\/05\\\/GZ7ELSHUBJEKPCB2JMWONTV5JM.jpg\",\"datePublished\":\"2024-05-11T22:24:17+00:00\",\"dateModified\":\"2024-05-11T22:24:18+00:00\",\"breadcrumb\":{\"@id\":\"https:\\\/\\\/cvinoticias.com\\\/v3\\\/a-los-73-anos-fallecio-la-leyenda-del-automovilismo-argentino-juan-maria-traverso-el-flaco\\\/#breadcrumb\"},\"inLanguage\":\"es\",\"potentialAction\":[{\"@type\":\"ReadAction\",\"target\":[\"https:\\\/\\\/cvinoticias.com\\\/v3\\\/a-los-73-anos-fallecio-la-leyenda-del-automovilismo-argentino-juan-maria-traverso-el-flaco\\\/\"]}]},{\"@type\":\"ImageObject\",\"inLanguage\":\"es\",\"@id\":\"https:\\\/\\\/cvinoticias.com\\\/v3\\\/a-los-73-anos-fallecio-la-leyenda-del-automovilismo-argentino-juan-maria-traverso-el-flaco\\\/#primaryimage\",\"url\":\"https:\\\/\\\/cvinoticias.com\\\/wp-content\\\/uploads\\\/2024\\\/05\\\/GZ7ELSHUBJEKPCB2JMWONTV5JM.jpg\",\"contentUrl\":\"https:\\\/\\\/cvinoticias.com\\\/wp-content\\\/uploads\\\/2024\\\/05\\\/GZ7ELSHUBJEKPCB2JMWONTV5JM.jpg\",\"width\":1762,\"height\":1176},{\"@type\":\"BreadcrumbList\",\"@id\":\"https:\\\/\\\/cvinoticias.com\\\/v3\\\/a-los-73-anos-fallecio-la-leyenda-del-automovilismo-argentino-juan-maria-traverso-el-flaco\\\/#breadcrumb\",\"itemListElement\":[{\"@type\":\"ListItem\",\"position\":1,\"name\":\"Portada\",\"item\":\"https:\\\/\\\/cvinoticias.com\\\/v3\\\/\"},{\"@type\":\"ListItem\",\"position\":2,\"name\":\"A los 73 a\u00f1os falleci\u00f3 la leyenda del Automovilismo Argentino Juan Mar\u00eda Traverso \u00bb el Flaco\u00bb\"}]},{\"@type\":\"WebSite\",\"@id\":\"https:\\\/\\\/cvinoticias.com\\\/v3\\\/#website\",\"url\":\"https:\\\/\\\/cvinoticias.com\\\/v3\\\/\",\"name\":\"CVI NOTICIAS\",\"description\":\"\",\"publisher\":{\"@id\":\"https:\\\/\\\/cvinoticias.com\\\/v3\\\/#organization\"},\"alternateName\":\"CVI\",\"potentialAction\":[{\"@type\":\"SearchAction\",\"target\":{\"@type\":\"EntryPoint\",\"urlTemplate\":\"https:\\\/\\\/cvinoticias.com\\\/v3\\\/?s={search_term_string}\"},\"query-input\":{\"@type\":\"PropertyValueSpecification\",\"valueRequired\":true,\"valueName\":\"search_term_string\"}}],\"inLanguage\":\"es\"},{\"@type\":\"Organization\",\"@id\":\"https:\\\/\\\/cvinoticias.com\\\/v3\\\/#organization\",\"name\":\"CVI NOTICIAS\",\"url\":\"https:\\\/\\\/cvinoticias.com\\\/v3\\\/\",\"logo\":{\"@type\":\"ImageObject\",\"inLanguage\":\"es\",\"@id\":\"https:\\\/\\\/cvinoticias.com\\\/v3\\\/#\\\/schema\\\/logo\\\/image\\\/\",\"url\":\"https:\\\/\\\/cvinoticias.com\\\/wp-content\\\/uploads\\\/2023\\\/04\\\/cropped-cropped-cropped-cropped-cropped-3-1.png\",\"contentUrl\":\"https:\\\/\\\/cvinoticias.com\\\/wp-content\\\/uploads\\\/2023\\\/04\\\/cropped-cropped-cropped-cropped-cropped-3-1.png\",\"width\":95,\"height\":122,\"caption\":\"CVI NOTICIAS\"},\"image\":{\"@id\":\"https:\\\/\\\/cvinoticias.com\\\/v3\\\/#\\\/schema\\\/logo\\\/image\\\/\"},\"sameAs\":[\"https:\\\/\\\/www.facebook.com\\\/cvinoticias\",\"https:\\\/\\\/www.instagram.com\\\/cvinoticias\\\/\",\"https:\\\/\\\/www.youtube.com\\\/@CVINOTICIAS\"]},{\"@type\":\"Person\",\"@id\":\"https:\\\/\\\/cvinoticias.com\\\/v3\\\/#\\\/schema\\\/person\\\/2db77e3c6bc03c538495d7b2b8be9b66\",\"name\":\"f1000024\",\"image\":{\"@type\":\"ImageObject\",\"inLanguage\":\"es\",\"@id\":\"https:\\\/\\\/secure.gravatar.com\\\/avatar\\\/d4fe7459cfc51ff5129ce1a732bbef5928568b8092d412ef95611616376bbeed?s=96&d=mm&r=g\",\"url\":\"https:\\\/\\\/secure.gravatar.com\\\/avatar\\\/d4fe7459cfc51ff5129ce1a732bbef5928568b8092d412ef95611616376bbeed?s=96&d=mm&r=g\",\"contentUrl\":\"https:\\\/\\\/secure.gravatar.com\\\/avatar\\\/d4fe7459cfc51ff5129ce1a732bbef5928568b8092d412ef95611616376bbeed?s=96&d=mm&r=g\",\"caption\":\"f1000024\"},\"url\":\"https:\\\/\\\/cvinoticias.com\\\/v3\\\/author\\\/f1000024\\\/\"}]}<\/script>\n<!-- \/ Yoast SEO plugin. -->","yoast_head_json":{"title":"A los 73 a\u00f1os falleci\u00f3 la leyenda del Automovilismo Argentino Juan Mar\u00eda Traverso \" el Flaco\" | CVI NOTICIAS","robots":{"index":"index","follow":"follow","max-snippet":"max-snippet:-1","max-image-preview":"max-image-preview:large","max-video-preview":"max-video-preview:-1"},"canonical":"https:\/\/cvinoticias.com\/v3\/a-los-73-anos-fallecio-la-leyenda-del-automovilismo-argentino-juan-maria-traverso-el-flaco\/","og_locale":"es_ES","og_type":"article","og_title":"A los 73 a\u00f1os falleci\u00f3 la leyenda del Automovilismo Argentino Juan Mar\u00eda Traverso \" el Flaco\" | CVI NOTICIAS","og_description":"Este s\u00e1bado falleci\u00f3 a los 73 a\u00f1os Juan Mar\u00eda Traverso, uno de los pilotos m\u00e1s destacados del automovilismo argentino. Un c\u00e1ncer de es\u00f3fago lo ten\u00eda en coma desde hac\u00eda un par de d\u00edas, y el Flaco muri\u00f3 en su casa, de Ramallo, en compa\u00f1\u00eda de sus hijos. El Flaco de Ramallo brill\u00f3 en las pistas [&hellip;]","og_url":"https:\/\/cvinoticias.com\/v3\/a-los-73-anos-fallecio-la-leyenda-del-automovilismo-argentino-juan-maria-traverso-el-flaco\/","og_site_name":"CVI NOTICIAS","article_publisher":"https:\/\/www.facebook.com\/cvinoticias","article_published_time":"2024-05-11T22:24:17+00:00","article_modified_time":"2024-05-11T22:24:18+00:00","og_image":[{"width":1762,"height":1176,"url":"https:\/\/cvinoticias.com\/wp-content\/uploads\/2024\/05\/GZ7ELSHUBJEKPCB2JMWONTV5JM.jpg","type":"image\/jpeg"}],"author":"f1000024","twitter_card":"summary_large_image","twitter_misc":{"Escrito por":"f1000024","Tiempo de lectura":"1 minuto"},"schema":{"@context":"https:\/\/schema.org","@graph":[{"@type":"Article","@id":"https:\/\/cvinoticias.com\/v3\/a-los-73-anos-fallecio-la-leyenda-del-automovilismo-argentino-juan-maria-traverso-el-flaco\/#article","isPartOf":{"@id":"https:\/\/cvinoticias.com\/v3\/a-los-73-anos-fallecio-la-leyenda-del-automovilismo-argentino-juan-maria-traverso-el-flaco\/"},"author":{"name":"f1000024","@id":"https:\/\/cvinoticias.com\/v3\/#\/schema\/person\/2db77e3c6bc03c538495d7b2b8be9b66"},"headline":"A los 73 a\u00f1os falleci\u00f3 la leyenda del Automovilismo Argentino Juan Mar\u00eda Traverso \u00bb el Flaco\u00bb","datePublished":"2024-05-11T22:24:17+00:00","dateModified":"2024-05-11T22:24:18+00:00","mainEntityOfPage":{"@id":"https:\/\/cvinoticias.com\/v3\/a-los-73-anos-fallecio-la-leyenda-del-automovilismo-argentino-juan-maria-traverso-el-flaco\/"},"wordCount":152,"commentCount":0,"publisher":{"@id":"https:\/\/cvinoticias.com\/v3\/#organization"},"image":{"@id":"https:\/\/cvinoticias.com\/v3\/a-los-73-anos-fallecio-la-leyenda-del-automovilismo-argentino-juan-maria-traverso-el-flaco\/#primaryimage"},"thumbnailUrl":"https:\/\/cvinoticias.com\/wp-content\/uploads\/2024\/05\/GZ7ELSHUBJEKPCB2JMWONTV5JM.jpg","articleSection":["Informaci\u00f3n General"],"inLanguage":"es","potentialAction":[{"@type":"CommentAction","name":"Comment","target":["https:\/\/cvinoticias.com\/v3\/a-los-73-anos-fallecio-la-leyenda-del-automovilismo-argentino-juan-maria-traverso-el-flaco\/#respond"]}]},{"@type":"WebPage","@id":"https:\/\/cvinoticias.com\/v3\/a-los-73-anos-fallecio-la-leyenda-del-automovilismo-argentino-juan-maria-traverso-el-flaco\/","url":"https:\/\/cvinoticias.com\/v3\/a-los-73-anos-fallecio-la-leyenda-del-automovilismo-argentino-juan-maria-traverso-el-flaco\/","name":"A los 73 a\u00f1os falleci\u00f3 la leyenda del Automovilismo Argentino Juan Mar\u00eda Traverso \" el Flaco\" | CVI NOTICIAS","isPartOf":{"@id":"https:\/\/cvinoticias.com\/v3\/#website"},"primaryImageOfPage":{"@id":"https:\/\/cvinoticias.com\/v3\/a-los-73-anos-fallecio-la-leyenda-del-automovilismo-argentino-juan-maria-traverso-el-flaco\/#primaryimage"},"image":{"@id":"https:\/\/cvinoticias.com\/v3\/a-los-73-anos-fallecio-la-leyenda-del-automovilismo-argentino-juan-maria-traverso-el-flaco\/#primaryimage"},"thumbnailUrl":"https:\/\/cvinoticias.com\/wp-content\/uploads\/2024\/05\/GZ7ELSHUBJEKPCB2JMWONTV5JM.jpg","datePublished":"2024-05-11T22:24:17+00:00","dateModified":"2024-05-11T22:24:18+00:00","breadcrumb":{"@id":"https:\/\/cvinoticias.com\/v3\/a-los-73-anos-fallecio-la-leyenda-del-automovilismo-argentino-juan-maria-traverso-el-flaco\/#breadcrumb"},"inLanguage":"es","potentialAction":[{"@type":"ReadAction","target":["https:\/\/cvinoticias.com\/v3\/a-los-73-anos-fallecio-la-leyenda-del-automovilismo-argentino-juan-maria-traverso-el-flaco\/"]}]},{"@type":"ImageObject","inLanguage":"es","@id":"https:\/\/cvinoticias.com\/v3\/a-los-73-anos-fallecio-la-leyenda-del-automovilismo-argentino-juan-maria-traverso-el-flaco\/#primaryimage","url":"https:\/\/cvinoticias.com\/wp-content\/uploads\/2024\/05\/GZ7ELSHUBJEKPCB2JMWONTV5JM.jpg","contentUrl":"https:\/\/cvinoticias.com\/wp-content\/uploads\/2024\/05\/GZ7ELSHUBJEKPCB2JMWONTV5JM.jpg","width":1762,"height":1176},{"@type":"BreadcrumbList","@id":"https:\/\/cvinoticias.com\/v3\/a-los-73-anos-fallecio-la-leyenda-del-automovilismo-argentino-juan-maria-traverso-el-flaco\/#breadcrumb","itemListElement":[{"@type":"ListItem","position":1,"name":"Portada","item":"https:\/\/cvinoticias.com\/v3\/"},{"@type":"ListItem","position":2,"name":"A los 73 a\u00f1os falleci\u00f3 la leyenda del Automovilismo Argentino Juan Mar\u00eda Traverso \u00bb el Flaco\u00bb"}]},{"@type":"WebSite","@id":"https:\/\/cvinoticias.com\/v3\/#website","url":"https:\/\/cvinoticias.com\/v3\/","name":"CVI NOTICIAS","description":"","publisher":{"@id":"https:\/\/cvinoticias.com\/v3\/#organization"},"alternateName":"CVI","potentialAction":[{"@type":"SearchAction","target":{"@type":"EntryPoint","urlTemplate":"https:\/\/cvinoticias.com\/v3\/?s={search_term_string}"},"query-input":{"@type":"PropertyValueSpecification","valueRequired":true,"valueName":"search_term_string"}}],"inLanguage":"es"},{"@type":"Organization","@id":"https:\/\/cvinoticias.com\/v3\/#organization","name":"CVI NOTICIAS","url":"https:\/\/cvinoticias.com\/v3\/","logo":{"@type":"ImageObject","inLanguage":"es","@id":"https:\/\/cvinoticias.com\/v3\/#\/schema\/logo\/image\/","url":"https:\/\/cvinoticias.com\/wp-content\/uploads\/2023\/04\/cropped-cropped-cropped-cropped-cropped-3-1.png","contentUrl":"https:\/\/cvinoticias.com\/wp-content\/uploads\/2023\/04\/cropped-cropped-cropped-cropped-cropped-3-1.png","width":95,"height":122,"caption":"CVI NOTICIAS"},"image":{"@id":"https:\/\/cvinoticias.com\/v3\/#\/schema\/logo\/image\/"},"sameAs":["https:\/\/www.facebook.com\/cvinoticias","https:\/\/www.instagram.com\/cvinoticias\/","https:\/\/www.youtube.com\/@CVINOTICIAS"]},{"@type":"Person","@id":"https:\/\/cvinoticias.com\/v3\/#\/schema\/person\/2db77e3c6bc03c538495d7b2b8be9b66","name":"f1000024","image":{"@type":"ImageObject","inLanguage":"es","@id":"https:\/\/secure.gravatar.com\/avatar\/d4fe7459cfc51ff5129ce1a732bbef5928568b8092d412ef95611616376bbeed?s=96&d=mm&r=g","url":"https:\/\/secure.gravatar.com\/avatar\/d4fe7459cfc51ff5129ce1a732bbef5928568b8092d412ef95611616376bbeed?s=96&d=mm&r=g","contentUrl":"https:\/\/secure.gravatar.com\/avatar\/d4fe7459cfc51ff5129ce1a732bbef5928568b8092d412ef95611616376bbeed?s=96&d=mm&r=g","caption":"f1000024"},"url":"https:\/\/cvinoticias.com\/v3\/author\/f1000024\/"}]}},"_links":{"self":[{"href":"https:\/\/cvinoticias.com\/v3\/wp-json\/wp\/v2\/posts\/33332","targetHints":{"allow":["GET"]}}],"collection":[{"href":"https:\/\/cvinoticias.com\/v3\/wp-json\/wp\/v2\/posts"}],"about":[{"href":"https:\/\/cvinoticias.com\/v3\/wp-json\/wp\/v2\/types\/post"}],"author":[{"embeddable":true,"href":"https:\/\/cvinoticias.com\/v3\/wp-json\/wp\/v2\/users\/2"}],"replies":[{"embeddable":true,"href":"https:\/\/cvinoticias.com\/v3\/wp-json\/wp\/v2\/comments?post=33332"}],"version-history":[{"count":1,"href":"https:\/\/cvinoticias.com\/v3\/wp-json\/wp\/v2\/posts\/33332\/revisions"}],"predecessor-version":[{"id":33334,"href":"https:\/\/cvinoticias.com\/v3\/wp-json\/wp\/v2\/posts\/33332\/revisions\/33334"}],"wp:featuredmedia":[{"embeddable":true,"href":"https:\/\/cvinoticias.com\/v3\/wp-json\/wp\/v2\/media\/33333"}],"wp:attachment":[{"href":"https:\/\/cvinoticias.com\/v3\/wp-json\/wp\/v2\/media?parent=33332"}],"wp:term":[{"taxonomy":"category","embeddable":true,"href":"https:\/\/cvinoticias.com\/v3\/wp-json\/wp\/v2\/categories?post=33332"},{"taxonomy":"post_tag","embeddable":true,"href":"https:\/\/cvinoticias.com\/v3\/wp-json\/wp\/v2\/tags?post=33332"}],"curies":[{"name":"wp","href":"https:\/\/api.w.org\/{rel}","templated":true}]}}