{"id":33308,"date":"2024-05-09T19:43:43","date_gmt":"2024-05-09T22:43:43","guid":{"rendered":"https:\/\/cvinoticias.com\/v3\/?p=33308"},"modified":"2024-05-09T19:43:47","modified_gmt":"2024-05-09T22:43:47","slug":"nueva-propuesta-educativa-del-programa-conozco-misiones-promotores-ambientales-en-accion","status":"publish","type":"post","link":"https:\/\/cvinoticias.com\/v3\/nueva-propuesta-educativa-del-programa-conozco-misiones-promotores-ambientales-en-accion\/","title":{"rendered":"Nueva Propuesta educativa del Programa Conozco Misiones: Promotores Ambientales en acci\u00f3n"},"content":{"rendered":"\n<p><span style=\"color: rgb(43, 43, 43); font-family: &quot;PT Serif&quot;, Georgia, serif; white-space-collapse: collapse;\">El Programa Conozco Misiones con mi Escuela a cargo del Subsecretario Cristian Robert Acu\u00f1a puso en marcha una propuesta educativa destinada a la concientizaci\u00f3n y cuidado de la biodiversidad de nuestra Provincia: Promotores ambientales en Acci\u00f3n.<\/span><\/p>\n\n\n\n<p>Esta l\u00ednea de acci\u00f3n tiene como objetivo crear conciencia desde la ni\u00f1ez sobre la importancia de los recursos naturales, nuestra flora y fauna, nuestros Parques Provinciales y todo lo que hace que la biodiversidad sea la identidad m\u00e1s cabal de Misiones<\/p>\n\n\n\n<p>Generar conciencia a los ni\u00f1os dentro del \u00e1mbito educativo es un camino que fusiona contenidos espec\u00edficos de Misiones con experiencias grupales y l\u00fadicas de todo tipo. Alumnos de 4\u00b0 y 5\u00b0 comparten juegos que tienen como protagonistas a nuestros animales, arboles, r\u00edos, arroyos y Parques Provinciales; los ni\u00f1os en forma grupal y con la impronta del trabajo colaborativo, resolviendo en equipo y guiados por sus docentes tienen un acercamiento a tem\u00e1ticas relacionadas a la naturaleza, con el claro concepto del cuidado que merece la misma, sobre todo en nuestra regi\u00f3n.<\/p>\n\n\n\n<p>\u201cEstos espacios promueven la participaci\u00f3n y el trabajo en conjunto con las comunidades educativas y las familias, los alumnos trasladan a sus hogares la experiencia vivida en la escuela, desde el Conozco Misiones buscamos que los chicos sean protagonistas agentes de cambio, verdaderos promotores ambientales\u201d explic\u00f3 Cristian Acu\u00f1a.<\/p>\n\n\n\n<p>Las propuestas son diversas y combinan trivias digitales, desaf\u00edos l\u00fadicos, juegos, crucigramas, creaci\u00f3n y producci\u00f3n de historias y leyendas. Los alumnos de 6\u00b0 grado comparten una experiencia literaria, como verdaderos escritores crean historias de todo tipo, pero con la premisa de imaginar situaciones en nuestra selva, en nuestros r\u00edos, siempre haciendo referencia a nuestra biodiversidad, se comparten esos relatos y se viven momentos muy importantes de concientizaci\u00f3n, risas y aprendizaje durante cada lectura.<\/p>\n\n\n\n<p>Los alumnos de 7\u00b0 comparten una experiencia ambiental pero relacionada con la tecnolog\u00eda. Compiten en el juego de \u201cPreguntados Misionero\u201d: una trivia que fusiona conocimiento y entretenimiento donde no s\u00f3lo responden en tiempo determinado preguntas sobre biodiversidad, sino que tambi\u00e9n se incluyen contenidos de geograf\u00eda, historia, turismo y cultura de Misiones. La experiencia se desarrolla en lugares comunes de cada instituci\u00f3n, tiene una duraci\u00f3n aproximada de 2 horas con actividades muy din\u00e1micas. A su vez, la propuesta incluye la entrega de un Kit de Aprendizaje Sostenible que incluye un l\u00e1piz plantable, textos literarios relacionados a la biodiversidad de nuestra Provincia y distintas herramientas l\u00fadicas para aprendizajes significativos.<\/p>\n\n\n\n<p>Cada encuentro cuenta con la participaci\u00f3n de docentes y la presencia multidisciplinaria del equipo del programa Conozco Misiones con mi Escuela.<\/p>\n\n\n\n<p>Hasta la fecha participaron de la actividad los alumnos de las escuelas N\u00b0 783 y N\u00b0 835 de la ciudad de Posadas.<\/p>\n\n\n\n<p>El programa Conozco Misiones con mi Escuela invita a las instituciones interesadas en participar a contactarse a trav\u00e9s de los canales de comunicaci\u00f3n oficiales:<br>En Instagram @conozco_misiones<br>En Facebook: Conozco Misiones Programa Provincial<br>Por Email:&nbsp;prensa.conozco.misiones@gmail.com<\/p>\n\n\n\n<figure class=\"wp-block-gallery has-nested-images columns-default is-cropped wp-block-gallery-1 is-layout-flex wp-block-gallery-is-layout-flex\">\n<figure class=\"wp-block-image size-large\"><a href=\"https:\/\/cvinoticias.com\/wp-content\/uploads\/2024\/05\/WhatsApp-Image-2024-05-09-at-8.18.11-AM.jpeg.webp\"><img decoding=\"async\" width=\"1024\" height=\"576\" data-id=\"33310\" data-src=\"https:\/\/cvinoticias.com\/wp-content\/uploads\/2024\/05\/WhatsApp-Image-2024-05-09-at-8.18.11-AM.jpeg-1024x576.webp\" alt=\"\" class=\"wp-image-33310 lazyload\" data-srcset=\"https:\/\/cvinoticias.com\/wp-content\/uploads\/2024\/05\/WhatsApp-Image-2024-05-09-at-8.18.11-AM.jpeg-1024x576.webp 1024w, https:\/\/cvinoticias.com\/wp-content\/uploads\/2024\/05\/WhatsApp-Image-2024-05-09-at-8.18.11-AM.jpeg-300x169.webp 300w, https:\/\/cvinoticias.com\/wp-content\/uploads\/2024\/05\/WhatsApp-Image-2024-05-09-at-8.18.11-AM.jpeg-768x432.webp 768w, https:\/\/cvinoticias.com\/wp-content\/uploads\/2024\/05\/WhatsApp-Image-2024-05-09-at-8.18.11-AM.jpeg.webp 1250w\" data-sizes=\"(max-width: 1024px) 100vw, 1024px\" src=\"data:image\/svg+xml;base64,PHN2ZyB3aWR0aD0iMSIgaGVpZ2h0PSIxIiB4bWxucz0iaHR0cDovL3d3dy53My5vcmcvMjAwMC9zdmciPjwvc3ZnPg==\" style=\"--smush-placeholder-width: 1024px; --smush-placeholder-aspect-ratio: 1024\/576;\" \/><\/a><\/figure>\n<\/figure>\n","protected":false},"excerpt":{"rendered":"<p>El Programa Conozco Misiones con mi Escuela a cargo del Subsecretario Cristian Robert Acu\u00f1a puso en marcha una propuesta educativa destinada a la concientizaci\u00f3n y cuidado de la biodiversidad de nuestra Provincia: Promotores ambientales en Acci\u00f3n. Esta l\u00ednea de acci\u00f3n tiene como objetivo crear conciencia desde la ni\u00f1ez sobre la importancia de los recursos naturales, [&hellip;]<\/p>\n","protected":false},"author":2,"featured_media":33309,"comment_status":"open","ping_status":"open","sticky":false,"template":"","format":"standard","meta":{"footnotes":""},"categories":[43],"tags":[],"class_list":["post-33308","post","type-post","status-publish","format-standard","has-post-thumbnail","hentry","category-provinciales"],"yoast_head":"<!-- This site is optimized with the Yoast SEO plugin v27.4 - https:\/\/yoast.com\/product\/yoast-seo-wordpress\/ -->\n<title>Nueva Propuesta educativa del Programa Conozco Misiones: Promotores Ambientales en acci\u00f3n | CVI NOTICIAS<\/title>\n<meta name=\"robots\" content=\"index, follow, max-snippet:-1, max-image-preview:large, max-video-preview:-1\" \/>\n<link rel=\"canonical\" href=\"https:\/\/cvinoticias.com\/v3\/nueva-propuesta-educativa-del-programa-conozco-misiones-promotores-ambientales-en-accion\/\" \/>\n<meta property=\"og:locale\" content=\"es_ES\" \/>\n<meta property=\"og:type\" content=\"article\" \/>\n<meta property=\"og:title\" content=\"Nueva Propuesta educativa del Programa Conozco Misiones: Promotores Ambientales en acci\u00f3n | CVI NOTICIAS\" \/>\n<meta property=\"og:description\" content=\"El Programa Conozco Misiones con mi Escuela a cargo del Subsecretario Cristian Robert Acu\u00f1a puso en marcha una propuesta educativa destinada a la concientizaci\u00f3n y cuidado de la biodiversidad de nuestra Provincia: Promotores ambientales en Acci\u00f3n. Esta l\u00ednea de acci\u00f3n tiene como objetivo crear conciencia desde la ni\u00f1ez sobre la importancia de los recursos naturales, [&hellip;]\" \/>\n<meta property=\"og:url\" content=\"https:\/\/cvinoticias.com\/v3\/nueva-propuesta-educativa-del-programa-conozco-misiones-promotores-ambientales-en-accion\/\" \/>\n<meta property=\"og:site_name\" content=\"CVI NOTICIAS\" \/>\n<meta property=\"article:publisher\" content=\"https:\/\/www.facebook.com\/cvinoticias\" \/>\n<meta property=\"article:published_time\" content=\"2024-05-09T22:43:43+00:00\" \/>\n<meta property=\"article:modified_time\" content=\"2024-05-09T22:43:47+00:00\" \/>\n<meta property=\"og:image\" content=\"https:\/\/cvinoticias.com\/wp-content\/uploads\/2024\/05\/WhatsApp-Image-2024-05-09-at-8.18.12-AM.jpeg.webp\" \/>\n\t<meta property=\"og:image:width\" content=\"921\" \/>\n\t<meta property=\"og:image:height\" content=\"883\" \/>\n\t<meta property=\"og:image:type\" content=\"image\/webp\" \/>\n<meta name=\"author\" content=\"f1000024\" \/>\n<meta name=\"twitter:card\" content=\"summary_large_image\" \/>\n<meta name=\"twitter:label1\" content=\"Escrito por\" \/>\n\t<meta name=\"twitter:data1\" content=\"f1000024\" \/>\n\t<meta name=\"twitter:label2\" content=\"Tiempo de lectura\" \/>\n\t<meta name=\"twitter:data2\" content=\"3 minutos\" \/>\n<script type=\"application\/ld+json\" class=\"yoast-schema-graph\">{\"@context\":\"https:\\\/\\\/schema.org\",\"@graph\":[{\"@type\":\"Article\",\"@id\":\"https:\\\/\\\/cvinoticias.com\\\/v3\\\/nueva-propuesta-educativa-del-programa-conozco-misiones-promotores-ambientales-en-accion\\\/#article\",\"isPartOf\":{\"@id\":\"https:\\\/\\\/cvinoticias.com\\\/v3\\\/nueva-propuesta-educativa-del-programa-conozco-misiones-promotores-ambientales-en-accion\\\/\"},\"author\":{\"name\":\"f1000024\",\"@id\":\"https:\\\/\\\/cvinoticias.com\\\/v3\\\/#\\\/schema\\\/person\\\/2db77e3c6bc03c538495d7b2b8be9b66\"},\"headline\":\"Nueva Propuesta educativa del Programa Conozco Misiones: Promotores Ambientales en acci\u00f3n\",\"datePublished\":\"2024-05-09T22:43:43+00:00\",\"dateModified\":\"2024-05-09T22:43:47+00:00\",\"mainEntityOfPage\":{\"@id\":\"https:\\\/\\\/cvinoticias.com\\\/v3\\\/nueva-propuesta-educativa-del-programa-conozco-misiones-promotores-ambientales-en-accion\\\/\"},\"wordCount\":517,\"commentCount\":0,\"publisher\":{\"@id\":\"https:\\\/\\\/cvinoticias.com\\\/v3\\\/#organization\"},\"image\":{\"@id\":\"https:\\\/\\\/cvinoticias.com\\\/v3\\\/nueva-propuesta-educativa-del-programa-conozco-misiones-promotores-ambientales-en-accion\\\/#primaryimage\"},\"thumbnailUrl\":\"https:\\\/\\\/cvinoticias.com\\\/wp-content\\\/uploads\\\/2024\\\/05\\\/WhatsApp-Image-2024-05-09-at-8.18.12-AM.jpeg.webp\",\"articleSection\":[\"Provinciales\"],\"inLanguage\":\"es\",\"potentialAction\":[{\"@type\":\"CommentAction\",\"name\":\"Comment\",\"target\":[\"https:\\\/\\\/cvinoticias.com\\\/v3\\\/nueva-propuesta-educativa-del-programa-conozco-misiones-promotores-ambientales-en-accion\\\/#respond\"]}]},{\"@type\":\"WebPage\",\"@id\":\"https:\\\/\\\/cvinoticias.com\\\/v3\\\/nueva-propuesta-educativa-del-programa-conozco-misiones-promotores-ambientales-en-accion\\\/\",\"url\":\"https:\\\/\\\/cvinoticias.com\\\/v3\\\/nueva-propuesta-educativa-del-programa-conozco-misiones-promotores-ambientales-en-accion\\\/\",\"name\":\"Nueva Propuesta educativa del Programa Conozco Misiones: Promotores Ambientales en acci\u00f3n | CVI NOTICIAS\",\"isPartOf\":{\"@id\":\"https:\\\/\\\/cvinoticias.com\\\/v3\\\/#website\"},\"primaryImageOfPage\":{\"@id\":\"https:\\\/\\\/cvinoticias.com\\\/v3\\\/nueva-propuesta-educativa-del-programa-conozco-misiones-promotores-ambientales-en-accion\\\/#primaryimage\"},\"image\":{\"@id\":\"https:\\\/\\\/cvinoticias.com\\\/v3\\\/nueva-propuesta-educativa-del-programa-conozco-misiones-promotores-ambientales-en-accion\\\/#primaryimage\"},\"thumbnailUrl\":\"https:\\\/\\\/cvinoticias.com\\\/wp-content\\\/uploads\\\/2024\\\/05\\\/WhatsApp-Image-2024-05-09-at-8.18.12-AM.jpeg.webp\",\"datePublished\":\"2024-05-09T22:43:43+00:00\",\"dateModified\":\"2024-05-09T22:43:47+00:00\",\"breadcrumb\":{\"@id\":\"https:\\\/\\\/cvinoticias.com\\\/v3\\\/nueva-propuesta-educativa-del-programa-conozco-misiones-promotores-ambientales-en-accion\\\/#breadcrumb\"},\"inLanguage\":\"es\",\"potentialAction\":[{\"@type\":\"ReadAction\",\"target\":[\"https:\\\/\\\/cvinoticias.com\\\/v3\\\/nueva-propuesta-educativa-del-programa-conozco-misiones-promotores-ambientales-en-accion\\\/\"]}]},{\"@type\":\"ImageObject\",\"inLanguage\":\"es\",\"@id\":\"https:\\\/\\\/cvinoticias.com\\\/v3\\\/nueva-propuesta-educativa-del-programa-conozco-misiones-promotores-ambientales-en-accion\\\/#primaryimage\",\"url\":\"https:\\\/\\\/cvinoticias.com\\\/wp-content\\\/uploads\\\/2024\\\/05\\\/WhatsApp-Image-2024-05-09-at-8.18.12-AM.jpeg.webp\",\"contentUrl\":\"https:\\\/\\\/cvinoticias.com\\\/wp-content\\\/uploads\\\/2024\\\/05\\\/WhatsApp-Image-2024-05-09-at-8.18.12-AM.jpeg.webp\",\"width\":921,\"height\":883},{\"@type\":\"BreadcrumbList\",\"@id\":\"https:\\\/\\\/cvinoticias.com\\\/v3\\\/nueva-propuesta-educativa-del-programa-conozco-misiones-promotores-ambientales-en-accion\\\/#breadcrumb\",\"itemListElement\":[{\"@type\":\"ListItem\",\"position\":1,\"name\":\"Portada\",\"item\":\"https:\\\/\\\/cvinoticias.com\\\/v3\\\/\"},{\"@type\":\"ListItem\",\"position\":2,\"name\":\"Nueva Propuesta educativa del Programa Conozco Misiones: Promotores Ambientales en acci\u00f3n\"}]},{\"@type\":\"WebSite\",\"@id\":\"https:\\\/\\\/cvinoticias.com\\\/v3\\\/#website\",\"url\":\"https:\\\/\\\/cvinoticias.com\\\/v3\\\/\",\"name\":\"CVI NOTICIAS\",\"description\":\"\",\"publisher\":{\"@id\":\"https:\\\/\\\/cvinoticias.com\\\/v3\\\/#organization\"},\"alternateName\":\"CVI\",\"potentialAction\":[{\"@type\":\"SearchAction\",\"target\":{\"@type\":\"EntryPoint\",\"urlTemplate\":\"https:\\\/\\\/cvinoticias.com\\\/v3\\\/?s={search_term_string}\"},\"query-input\":{\"@type\":\"PropertyValueSpecification\",\"valueRequired\":true,\"valueName\":\"search_term_string\"}}],\"inLanguage\":\"es\"},{\"@type\":\"Organization\",\"@id\":\"https:\\\/\\\/cvinoticias.com\\\/v3\\\/#organization\",\"name\":\"CVI NOTICIAS\",\"url\":\"https:\\\/\\\/cvinoticias.com\\\/v3\\\/\",\"logo\":{\"@type\":\"ImageObject\",\"inLanguage\":\"es\",\"@id\":\"https:\\\/\\\/cvinoticias.com\\\/v3\\\/#\\\/schema\\\/logo\\\/image\\\/\",\"url\":\"https:\\\/\\\/cvinoticias.com\\\/wp-content\\\/uploads\\\/2023\\\/04\\\/cropped-cropped-cropped-cropped-cropped-3-1.png\",\"contentUrl\":\"https:\\\/\\\/cvinoticias.com\\\/wp-content\\\/uploads\\\/2023\\\/04\\\/cropped-cropped-cropped-cropped-cropped-3-1.png\",\"width\":95,\"height\":122,\"caption\":\"CVI NOTICIAS\"},\"image\":{\"@id\":\"https:\\\/\\\/cvinoticias.com\\\/v3\\\/#\\\/schema\\\/logo\\\/image\\\/\"},\"sameAs\":[\"https:\\\/\\\/www.facebook.com\\\/cvinoticias\",\"https:\\\/\\\/www.instagram.com\\\/cvinoticias\\\/\",\"https:\\\/\\\/www.youtube.com\\\/@CVINOTICIAS\"]},{\"@type\":\"Person\",\"@id\":\"https:\\\/\\\/cvinoticias.com\\\/v3\\\/#\\\/schema\\\/person\\\/2db77e3c6bc03c538495d7b2b8be9b66\",\"name\":\"f1000024\",\"image\":{\"@type\":\"ImageObject\",\"inLanguage\":\"es\",\"@id\":\"https:\\\/\\\/secure.gravatar.com\\\/avatar\\\/d4fe7459cfc51ff5129ce1a732bbef5928568b8092d412ef95611616376bbeed?s=96&d=mm&r=g\",\"url\":\"https:\\\/\\\/secure.gravatar.com\\\/avatar\\\/d4fe7459cfc51ff5129ce1a732bbef5928568b8092d412ef95611616376bbeed?s=96&d=mm&r=g\",\"contentUrl\":\"https:\\\/\\\/secure.gravatar.com\\\/avatar\\\/d4fe7459cfc51ff5129ce1a732bbef5928568b8092d412ef95611616376bbeed?s=96&d=mm&r=g\",\"caption\":\"f1000024\"},\"url\":\"https:\\\/\\\/cvinoticias.com\\\/v3\\\/author\\\/f1000024\\\/\"}]}<\/script>\n<!-- \/ Yoast SEO plugin. -->","yoast_head_json":{"title":"Nueva Propuesta educativa del Programa Conozco Misiones: Promotores Ambientales en acci\u00f3n | CVI NOTICIAS","robots":{"index":"index","follow":"follow","max-snippet":"max-snippet:-1","max-image-preview":"max-image-preview:large","max-video-preview":"max-video-preview:-1"},"canonical":"https:\/\/cvinoticias.com\/v3\/nueva-propuesta-educativa-del-programa-conozco-misiones-promotores-ambientales-en-accion\/","og_locale":"es_ES","og_type":"article","og_title":"Nueva Propuesta educativa del Programa Conozco Misiones: Promotores Ambientales en acci\u00f3n | CVI NOTICIAS","og_description":"El Programa Conozco Misiones con mi Escuela a cargo del Subsecretario Cristian Robert Acu\u00f1a puso en marcha una propuesta educativa destinada a la concientizaci\u00f3n y cuidado de la biodiversidad de nuestra Provincia: Promotores ambientales en Acci\u00f3n. Esta l\u00ednea de acci\u00f3n tiene como objetivo crear conciencia desde la ni\u00f1ez sobre la importancia de los recursos naturales, [&hellip;]","og_url":"https:\/\/cvinoticias.com\/v3\/nueva-propuesta-educativa-del-programa-conozco-misiones-promotores-ambientales-en-accion\/","og_site_name":"CVI NOTICIAS","article_publisher":"https:\/\/www.facebook.com\/cvinoticias","article_published_time":"2024-05-09T22:43:43+00:00","article_modified_time":"2024-05-09T22:43:47+00:00","og_image":[{"width":921,"height":883,"url":"https:\/\/cvinoticias.com\/wp-content\/uploads\/2024\/05\/WhatsApp-Image-2024-05-09-at-8.18.12-AM.jpeg.webp","type":"image\/webp"}],"author":"f1000024","twitter_card":"summary_large_image","twitter_misc":{"Escrito por":"f1000024","Tiempo de lectura":"3 minutos"},"schema":{"@context":"https:\/\/schema.org","@graph":[{"@type":"Article","@id":"https:\/\/cvinoticias.com\/v3\/nueva-propuesta-educativa-del-programa-conozco-misiones-promotores-ambientales-en-accion\/#article","isPartOf":{"@id":"https:\/\/cvinoticias.com\/v3\/nueva-propuesta-educativa-del-programa-conozco-misiones-promotores-ambientales-en-accion\/"},"author":{"name":"f1000024","@id":"https:\/\/cvinoticias.com\/v3\/#\/schema\/person\/2db77e3c6bc03c538495d7b2b8be9b66"},"headline":"Nueva Propuesta educativa del Programa Conozco Misiones: Promotores Ambientales en acci\u00f3n","datePublished":"2024-05-09T22:43:43+00:00","dateModified":"2024-05-09T22:43:47+00:00","mainEntityOfPage":{"@id":"https:\/\/cvinoticias.com\/v3\/nueva-propuesta-educativa-del-programa-conozco-misiones-promotores-ambientales-en-accion\/"},"wordCount":517,"commentCount":0,"publisher":{"@id":"https:\/\/cvinoticias.com\/v3\/#organization"},"image":{"@id":"https:\/\/cvinoticias.com\/v3\/nueva-propuesta-educativa-del-programa-conozco-misiones-promotores-ambientales-en-accion\/#primaryimage"},"thumbnailUrl":"https:\/\/cvinoticias.com\/wp-content\/uploads\/2024\/05\/WhatsApp-Image-2024-05-09-at-8.18.12-AM.jpeg.webp","articleSection":["Provinciales"],"inLanguage":"es","potentialAction":[{"@type":"CommentAction","name":"Comment","target":["https:\/\/cvinoticias.com\/v3\/nueva-propuesta-educativa-del-programa-conozco-misiones-promotores-ambientales-en-accion\/#respond"]}]},{"@type":"WebPage","@id":"https:\/\/cvinoticias.com\/v3\/nueva-propuesta-educativa-del-programa-conozco-misiones-promotores-ambientales-en-accion\/","url":"https:\/\/cvinoticias.com\/v3\/nueva-propuesta-educativa-del-programa-conozco-misiones-promotores-ambientales-en-accion\/","name":"Nueva Propuesta educativa del Programa Conozco Misiones: Promotores Ambientales en acci\u00f3n | CVI NOTICIAS","isPartOf":{"@id":"https:\/\/cvinoticias.com\/v3\/#website"},"primaryImageOfPage":{"@id":"https:\/\/cvinoticias.com\/v3\/nueva-propuesta-educativa-del-programa-conozco-misiones-promotores-ambientales-en-accion\/#primaryimage"},"image":{"@id":"https:\/\/cvinoticias.com\/v3\/nueva-propuesta-educativa-del-programa-conozco-misiones-promotores-ambientales-en-accion\/#primaryimage"},"thumbnailUrl":"https:\/\/cvinoticias.com\/wp-content\/uploads\/2024\/05\/WhatsApp-Image-2024-05-09-at-8.18.12-AM.jpeg.webp","datePublished":"2024-05-09T22:43:43+00:00","dateModified":"2024-05-09T22:43:47+00:00","breadcrumb":{"@id":"https:\/\/cvinoticias.com\/v3\/nueva-propuesta-educativa-del-programa-conozco-misiones-promotores-ambientales-en-accion\/#breadcrumb"},"inLanguage":"es","potentialAction":[{"@type":"ReadAction","target":["https:\/\/cvinoticias.com\/v3\/nueva-propuesta-educativa-del-programa-conozco-misiones-promotores-ambientales-en-accion\/"]}]},{"@type":"ImageObject","inLanguage":"es","@id":"https:\/\/cvinoticias.com\/v3\/nueva-propuesta-educativa-del-programa-conozco-misiones-promotores-ambientales-en-accion\/#primaryimage","url":"https:\/\/cvinoticias.com\/wp-content\/uploads\/2024\/05\/WhatsApp-Image-2024-05-09-at-8.18.12-AM.jpeg.webp","contentUrl":"https:\/\/cvinoticias.com\/wp-content\/uploads\/2024\/05\/WhatsApp-Image-2024-05-09-at-8.18.12-AM.jpeg.webp","width":921,"height":883},{"@type":"BreadcrumbList","@id":"https:\/\/cvinoticias.com\/v3\/nueva-propuesta-educativa-del-programa-conozco-misiones-promotores-ambientales-en-accion\/#breadcrumb","itemListElement":[{"@type":"ListItem","position":1,"name":"Portada","item":"https:\/\/cvinoticias.com\/v3\/"},{"@type":"ListItem","position":2,"name":"Nueva Propuesta educativa del Programa Conozco Misiones: Promotores Ambientales en acci\u00f3n"}]},{"@type":"WebSite","@id":"https:\/\/cvinoticias.com\/v3\/#website","url":"https:\/\/cvinoticias.com\/v3\/","name":"CVI NOTICIAS","description":"","publisher":{"@id":"https:\/\/cvinoticias.com\/v3\/#organization"},"alternateName":"CVI","potentialAction":[{"@type":"SearchAction","target":{"@type":"EntryPoint","urlTemplate":"https:\/\/cvinoticias.com\/v3\/?s={search_term_string}"},"query-input":{"@type":"PropertyValueSpecification","valueRequired":true,"valueName":"search_term_string"}}],"inLanguage":"es"},{"@type":"Organization","@id":"https:\/\/cvinoticias.com\/v3\/#organization","name":"CVI NOTICIAS","url":"https:\/\/cvinoticias.com\/v3\/","logo":{"@type":"ImageObject","inLanguage":"es","@id":"https:\/\/cvinoticias.com\/v3\/#\/schema\/logo\/image\/","url":"https:\/\/cvinoticias.com\/wp-content\/uploads\/2023\/04\/cropped-cropped-cropped-cropped-cropped-3-1.png","contentUrl":"https:\/\/cvinoticias.com\/wp-content\/uploads\/2023\/04\/cropped-cropped-cropped-cropped-cropped-3-1.png","width":95,"height":122,"caption":"CVI NOTICIAS"},"image":{"@id":"https:\/\/cvinoticias.com\/v3\/#\/schema\/logo\/image\/"},"sameAs":["https:\/\/www.facebook.com\/cvinoticias","https:\/\/www.instagram.com\/cvinoticias\/","https:\/\/www.youtube.com\/@CVINOTICIAS"]},{"@type":"Person","@id":"https:\/\/cvinoticias.com\/v3\/#\/schema\/person\/2db77e3c6bc03c538495d7b2b8be9b66","name":"f1000024","image":{"@type":"ImageObject","inLanguage":"es","@id":"https:\/\/secure.gravatar.com\/avatar\/d4fe7459cfc51ff5129ce1a732bbef5928568b8092d412ef95611616376bbeed?s=96&d=mm&r=g","url":"https:\/\/secure.gravatar.com\/avatar\/d4fe7459cfc51ff5129ce1a732bbef5928568b8092d412ef95611616376bbeed?s=96&d=mm&r=g","contentUrl":"https:\/\/secure.gravatar.com\/avatar\/d4fe7459cfc51ff5129ce1a732bbef5928568b8092d412ef95611616376bbeed?s=96&d=mm&r=g","caption":"f1000024"},"url":"https:\/\/cvinoticias.com\/v3\/author\/f1000024\/"}]}},"_links":{"self":[{"href":"https:\/\/cvinoticias.com\/v3\/wp-json\/wp\/v2\/posts\/33308","targetHints":{"allow":["GET"]}}],"collection":[{"href":"https:\/\/cvinoticias.com\/v3\/wp-json\/wp\/v2\/posts"}],"about":[{"href":"https:\/\/cvinoticias.com\/v3\/wp-json\/wp\/v2\/types\/post"}],"author":[{"embeddable":true,"href":"https:\/\/cvinoticias.com\/v3\/wp-json\/wp\/v2\/users\/2"}],"replies":[{"embeddable":true,"href":"https:\/\/cvinoticias.com\/v3\/wp-json\/wp\/v2\/comments?post=33308"}],"version-history":[{"count":1,"href":"https:\/\/cvinoticias.com\/v3\/wp-json\/wp\/v2\/posts\/33308\/revisions"}],"predecessor-version":[{"id":33311,"href":"https:\/\/cvinoticias.com\/v3\/wp-json\/wp\/v2\/posts\/33308\/revisions\/33311"}],"wp:featuredmedia":[{"embeddable":true,"href":"https:\/\/cvinoticias.com\/v3\/wp-json\/wp\/v2\/media\/33309"}],"wp:attachment":[{"href":"https:\/\/cvinoticias.com\/v3\/wp-json\/wp\/v2\/media?parent=33308"}],"wp:term":[{"taxonomy":"category","embeddable":true,"href":"https:\/\/cvinoticias.com\/v3\/wp-json\/wp\/v2\/categories?post=33308"},{"taxonomy":"post_tag","embeddable":true,"href":"https:\/\/cvinoticias.com\/v3\/wp-json\/wp\/v2\/tags?post=33308"}],"curies":[{"name":"wp","href":"https:\/\/api.w.org\/{rel}","templated":true}]}}