{"id":32658,"date":"2024-03-25T08:01:41","date_gmt":"2024-03-25T11:01:41","guid":{"rendered":"https:\/\/cvinoticias.com\/v3\/?p=32658"},"modified":"2024-04-04T10:38:11","modified_gmt":"2024-04-04T13:38:11","slug":"se-llevo-a-cabo-la-25-edicion-de-la-fiesta-provincial-del-ternero-misionero-en-montecarlo","status":"publish","type":"post","link":"https:\/\/cvinoticias.com\/v3\/se-llevo-a-cabo-la-25-edicion-de-la-fiesta-provincial-del-ternero-misionero-en-montecarlo\/","title":{"rendered":"Se llev\u00f3 a cabo la 25\u00b0 Edici\u00f3n de la Fiesta Provincial del Ternero Misionero en Montecarlo"},"content":{"rendered":"\n<p>La localidad de Montecarlo se visti\u00f3 de gala para celebrar la 25\u00ba edici\u00f3n de su tradicional Fiesta Provincial del Ternero, un evento emblem\u00e1tico que re\u00fane a la comunidad en torno a la industria ganadera y agropecuaria. Con una gran asistencia y entusiasmo, los residentes y visitantes disfrutaron de diversas actividades y eventos destacados.<\/p>\n\n\n\n<p>El predio de la Asociaci\u00f3n Ganadera del Alto Paran\u00e1 reuni\u00f3, una vez m\u00e1s, a municipios de Misiones en torno a esta fiesta tan representativa de la industria ganadera.<\/p>\n\n\n\n<p><strong>El intendente Julio \u00abChun\u00bb Barreto y la vice intendente Kathia Joerg<\/strong> fueron los anfitriones de estos tres d\u00edas de actividades dentro del Predio de la Asociaci\u00f3n de Ganaderos ubicado sobre la Ruta Nacional 12.<\/p>\n\n\n\n<p><strong>El Domingo la jornada cerr\u00f3 con el Acto Oficial luego de un almuerzo campestre, y el broche de oro el gran Remate Ganadero a cargo de la Asociaci\u00f3n de ganaderos del Alto Paran\u00e1<\/strong><\/p>\n\n\n\n<p><\/p>\n\n\n\n<p>Acompa\u00f1aron este remate productores de la provincia, Carlos Caraves Subsecretario de Desarrollo y Producci\u00f3n Animal de Misiones; Mirtha Lezcano, intendente de Puerto Piray; Horacio Zarza, intendente de Puerto Esperanza; Mario Peyer, intendente de Caraguatay y miembros del Gabinete de la Municipalidad de Montecarlo.<\/p>\n\n\n\n<p><strong>Camilo Sosa, presidente de la Asociaci\u00f3n Ganadera Alto Paran\u00e1, <\/strong>habl\u00f3 con <strong>CVI NOTICIAS <\/strong>y expres\u00f3<strong><em>: \u201cla funci\u00f3n de los que estamos en la dirigencia de la Asociaci\u00f3n es apuntalar a los j\u00f3venes que se inserten, que tengan el deseo de participar y de hacer cosas tanto en este \u00e1mbito como en otros. En esta oportunidad la calidad de animales que juntamos es muy buena, volvemos a superar un r\u00e9cord provincial de cantidad de animales rematados, la verdad que eso para la Asociaci\u00f3n es un orgullo, y agradecemos a los productores que conf\u00edan en esta Asociaci\u00f3n.\u201d<\/em><\/strong><\/p>\n\n\n\n<p><\/p>\n","protected":false},"excerpt":{"rendered":"<p>La localidad de Montecarlo se visti\u00f3 de gala para celebrar la 25\u00ba edici\u00f3n de su tradicional Fiesta Provincial del Ternero, un evento emblem\u00e1tico que re\u00fane a la comunidad en torno a la industria ganadera y agropecuaria. Con una gran asistencia y entusiasmo, los residentes y visitantes disfrutaron de diversas actividades y eventos destacados. El predio [&hellip;]<\/p>\n","protected":false},"author":2,"featured_media":32659,"comment_status":"open","ping_status":"open","sticky":false,"template":"","format":"standard","meta":{"footnotes":""},"categories":[28],"tags":[],"class_list":["post-32658","post","type-post","status-publish","format-standard","has-post-thumbnail","hentry","category-agro-y-produccion"],"yoast_head":"<!-- This site is optimized with the Yoast SEO plugin v27.5 - https:\/\/yoast.com\/product\/yoast-seo-wordpress\/ -->\n<title>Se llev\u00f3 a cabo la 25\u00b0 Edici\u00f3n de la Fiesta Provincial del Ternero Misionero en Montecarlo | CVI NOTICIAS<\/title>\n<meta name=\"robots\" content=\"index, follow, max-snippet:-1, max-image-preview:large, max-video-preview:-1\" \/>\n<link rel=\"canonical\" href=\"https:\/\/cvinoticias.com\/v3\/se-llevo-a-cabo-la-25-edicion-de-la-fiesta-provincial-del-ternero-misionero-en-montecarlo\/\" \/>\n<meta property=\"og:locale\" content=\"es_ES\" \/>\n<meta property=\"og:type\" content=\"article\" \/>\n<meta property=\"og:title\" content=\"Se llev\u00f3 a cabo la 25\u00b0 Edici\u00f3n de la Fiesta Provincial del Ternero Misionero en Montecarlo | CVI NOTICIAS\" \/>\n<meta property=\"og:description\" content=\"La localidad de Montecarlo se visti\u00f3 de gala para celebrar la 25\u00ba edici\u00f3n de su tradicional Fiesta Provincial del Ternero, un evento emblem\u00e1tico que re\u00fane a la comunidad en torno a la industria ganadera y agropecuaria. Con una gran asistencia y entusiasmo, los residentes y visitantes disfrutaron de diversas actividades y eventos destacados. El predio [&hellip;]\" \/>\n<meta property=\"og:url\" content=\"https:\/\/cvinoticias.com\/v3\/se-llevo-a-cabo-la-25-edicion-de-la-fiesta-provincial-del-ternero-misionero-en-montecarlo\/\" \/>\n<meta property=\"og:site_name\" content=\"CVI NOTICIAS\" \/>\n<meta property=\"article:publisher\" content=\"https:\/\/www.facebook.com\/cvinoticias\" \/>\n<meta property=\"article:published_time\" content=\"2024-03-25T11:01:41+00:00\" \/>\n<meta property=\"article:modified_time\" content=\"2024-04-04T13:38:11+00:00\" \/>\n<meta property=\"og:image\" content=\"https:\/\/cvinoticias.com\/wp-content\/uploads\/2024\/03\/IMG-20240324-WA0193.jpg\" \/>\n\t<meta property=\"og:image:width\" content=\"1280\" \/>\n\t<meta property=\"og:image:height\" content=\"856\" \/>\n\t<meta property=\"og:image:type\" content=\"image\/jpeg\" \/>\n<meta name=\"author\" content=\"f1000024\" \/>\n<meta name=\"twitter:card\" content=\"summary_large_image\" \/>\n<meta name=\"twitter:label1\" content=\"Escrito por\" \/>\n\t<meta name=\"twitter:data1\" content=\"f1000024\" \/>\n\t<meta name=\"twitter:label2\" content=\"Tiempo de lectura\" \/>\n\t<meta name=\"twitter:data2\" content=\"2 minutos\" \/>\n<script type=\"application\/ld+json\" class=\"yoast-schema-graph\">{\"@context\":\"https:\\\/\\\/schema.org\",\"@graph\":[{\"@type\":\"Article\",\"@id\":\"https:\\\/\\\/cvinoticias.com\\\/v3\\\/se-llevo-a-cabo-la-25-edicion-de-la-fiesta-provincial-del-ternero-misionero-en-montecarlo\\\/#article\",\"isPartOf\":{\"@id\":\"https:\\\/\\\/cvinoticias.com\\\/v3\\\/se-llevo-a-cabo-la-25-edicion-de-la-fiesta-provincial-del-ternero-misionero-en-montecarlo\\\/\"},\"author\":{\"name\":\"f1000024\",\"@id\":\"https:\\\/\\\/cvinoticias.com\\\/v3\\\/#\\\/schema\\\/person\\\/2db77e3c6bc03c538495d7b2b8be9b66\"},\"headline\":\"Se llev\u00f3 a cabo la 25\u00b0 Edici\u00f3n de la Fiesta Provincial del Ternero Misionero en Montecarlo\",\"datePublished\":\"2024-03-25T11:01:41+00:00\",\"dateModified\":\"2024-04-04T13:38:11+00:00\",\"mainEntityOfPage\":{\"@id\":\"https:\\\/\\\/cvinoticias.com\\\/v3\\\/se-llevo-a-cabo-la-25-edicion-de-la-fiesta-provincial-del-ternero-misionero-en-montecarlo\\\/\"},\"wordCount\":318,\"commentCount\":0,\"publisher\":{\"@id\":\"https:\\\/\\\/cvinoticias.com\\\/v3\\\/#organization\"},\"image\":{\"@id\":\"https:\\\/\\\/cvinoticias.com\\\/v3\\\/se-llevo-a-cabo-la-25-edicion-de-la-fiesta-provincial-del-ternero-misionero-en-montecarlo\\\/#primaryimage\"},\"thumbnailUrl\":\"https:\\\/\\\/cvinoticias.com\\\/wp-content\\\/uploads\\\/2024\\\/03\\\/IMG-20240324-WA0193.jpg\",\"articleSection\":[\"Agro y Producci\u00f3n\"],\"inLanguage\":\"es\",\"potentialAction\":[{\"@type\":\"CommentAction\",\"name\":\"Comment\",\"target\":[\"https:\\\/\\\/cvinoticias.com\\\/v3\\\/se-llevo-a-cabo-la-25-edicion-de-la-fiesta-provincial-del-ternero-misionero-en-montecarlo\\\/#respond\"]}]},{\"@type\":\"WebPage\",\"@id\":\"https:\\\/\\\/cvinoticias.com\\\/v3\\\/se-llevo-a-cabo-la-25-edicion-de-la-fiesta-provincial-del-ternero-misionero-en-montecarlo\\\/\",\"url\":\"https:\\\/\\\/cvinoticias.com\\\/v3\\\/se-llevo-a-cabo-la-25-edicion-de-la-fiesta-provincial-del-ternero-misionero-en-montecarlo\\\/\",\"name\":\"Se llev\u00f3 a cabo la 25\u00b0 Edici\u00f3n de la Fiesta Provincial del Ternero Misionero en Montecarlo | CVI NOTICIAS\",\"isPartOf\":{\"@id\":\"https:\\\/\\\/cvinoticias.com\\\/v3\\\/#website\"},\"primaryImageOfPage\":{\"@id\":\"https:\\\/\\\/cvinoticias.com\\\/v3\\\/se-llevo-a-cabo-la-25-edicion-de-la-fiesta-provincial-del-ternero-misionero-en-montecarlo\\\/#primaryimage\"},\"image\":{\"@id\":\"https:\\\/\\\/cvinoticias.com\\\/v3\\\/se-llevo-a-cabo-la-25-edicion-de-la-fiesta-provincial-del-ternero-misionero-en-montecarlo\\\/#primaryimage\"},\"thumbnailUrl\":\"https:\\\/\\\/cvinoticias.com\\\/wp-content\\\/uploads\\\/2024\\\/03\\\/IMG-20240324-WA0193.jpg\",\"datePublished\":\"2024-03-25T11:01:41+00:00\",\"dateModified\":\"2024-04-04T13:38:11+00:00\",\"breadcrumb\":{\"@id\":\"https:\\\/\\\/cvinoticias.com\\\/v3\\\/se-llevo-a-cabo-la-25-edicion-de-la-fiesta-provincial-del-ternero-misionero-en-montecarlo\\\/#breadcrumb\"},\"inLanguage\":\"es\",\"potentialAction\":[{\"@type\":\"ReadAction\",\"target\":[\"https:\\\/\\\/cvinoticias.com\\\/v3\\\/se-llevo-a-cabo-la-25-edicion-de-la-fiesta-provincial-del-ternero-misionero-en-montecarlo\\\/\"]}]},{\"@type\":\"ImageObject\",\"inLanguage\":\"es\",\"@id\":\"https:\\\/\\\/cvinoticias.com\\\/v3\\\/se-llevo-a-cabo-la-25-edicion-de-la-fiesta-provincial-del-ternero-misionero-en-montecarlo\\\/#primaryimage\",\"url\":\"https:\\\/\\\/cvinoticias.com\\\/wp-content\\\/uploads\\\/2024\\\/03\\\/IMG-20240324-WA0193.jpg\",\"contentUrl\":\"https:\\\/\\\/cvinoticias.com\\\/wp-content\\\/uploads\\\/2024\\\/03\\\/IMG-20240324-WA0193.jpg\",\"width\":1280,\"height\":856},{\"@type\":\"BreadcrumbList\",\"@id\":\"https:\\\/\\\/cvinoticias.com\\\/v3\\\/se-llevo-a-cabo-la-25-edicion-de-la-fiesta-provincial-del-ternero-misionero-en-montecarlo\\\/#breadcrumb\",\"itemListElement\":[{\"@type\":\"ListItem\",\"position\":1,\"name\":\"Portada\",\"item\":\"https:\\\/\\\/cvinoticias.com\\\/v3\\\/\"},{\"@type\":\"ListItem\",\"position\":2,\"name\":\"Se llev\u00f3 a cabo la 25\u00b0 Edici\u00f3n de la Fiesta Provincial del Ternero Misionero en Montecarlo\"}]},{\"@type\":\"WebSite\",\"@id\":\"https:\\\/\\\/cvinoticias.com\\\/v3\\\/#website\",\"url\":\"https:\\\/\\\/cvinoticias.com\\\/v3\\\/\",\"name\":\"CVI NOTICIAS\",\"description\":\"\",\"publisher\":{\"@id\":\"https:\\\/\\\/cvinoticias.com\\\/v3\\\/#organization\"},\"alternateName\":\"CVI\",\"potentialAction\":[{\"@type\":\"SearchAction\",\"target\":{\"@type\":\"EntryPoint\",\"urlTemplate\":\"https:\\\/\\\/cvinoticias.com\\\/v3\\\/?s={search_term_string}\"},\"query-input\":{\"@type\":\"PropertyValueSpecification\",\"valueRequired\":true,\"valueName\":\"search_term_string\"}}],\"inLanguage\":\"es\"},{\"@type\":\"Organization\",\"@id\":\"https:\\\/\\\/cvinoticias.com\\\/v3\\\/#organization\",\"name\":\"CVI NOTICIAS\",\"url\":\"https:\\\/\\\/cvinoticias.com\\\/v3\\\/\",\"logo\":{\"@type\":\"ImageObject\",\"inLanguage\":\"es\",\"@id\":\"https:\\\/\\\/cvinoticias.com\\\/v3\\\/#\\\/schema\\\/logo\\\/image\\\/\",\"url\":\"https:\\\/\\\/cvinoticias.com\\\/wp-content\\\/uploads\\\/2023\\\/04\\\/cropped-cropped-cropped-cropped-cropped-3-1.png\",\"contentUrl\":\"https:\\\/\\\/cvinoticias.com\\\/wp-content\\\/uploads\\\/2023\\\/04\\\/cropped-cropped-cropped-cropped-cropped-3-1.png\",\"width\":95,\"height\":122,\"caption\":\"CVI NOTICIAS\"},\"image\":{\"@id\":\"https:\\\/\\\/cvinoticias.com\\\/v3\\\/#\\\/schema\\\/logo\\\/image\\\/\"},\"sameAs\":[\"https:\\\/\\\/www.facebook.com\\\/cvinoticias\",\"https:\\\/\\\/www.instagram.com\\\/cvinoticias\\\/\",\"https:\\\/\\\/www.youtube.com\\\/@CVINOTICIAS\"]},{\"@type\":\"Person\",\"@id\":\"https:\\\/\\\/cvinoticias.com\\\/v3\\\/#\\\/schema\\\/person\\\/2db77e3c6bc03c538495d7b2b8be9b66\",\"name\":\"f1000024\",\"image\":{\"@type\":\"ImageObject\",\"inLanguage\":\"es\",\"@id\":\"https:\\\/\\\/secure.gravatar.com\\\/avatar\\\/d4fe7459cfc51ff5129ce1a732bbef5928568b8092d412ef95611616376bbeed?s=96&d=mm&r=g\",\"url\":\"https:\\\/\\\/secure.gravatar.com\\\/avatar\\\/d4fe7459cfc51ff5129ce1a732bbef5928568b8092d412ef95611616376bbeed?s=96&d=mm&r=g\",\"contentUrl\":\"https:\\\/\\\/secure.gravatar.com\\\/avatar\\\/d4fe7459cfc51ff5129ce1a732bbef5928568b8092d412ef95611616376bbeed?s=96&d=mm&r=g\",\"caption\":\"f1000024\"},\"url\":\"https:\\\/\\\/cvinoticias.com\\\/v3\\\/author\\\/f1000024\\\/\"}]}<\/script>\n<!-- \/ Yoast SEO plugin. -->","yoast_head_json":{"title":"Se llev\u00f3 a cabo la 25\u00b0 Edici\u00f3n de la Fiesta Provincial del Ternero Misionero en Montecarlo | CVI NOTICIAS","robots":{"index":"index","follow":"follow","max-snippet":"max-snippet:-1","max-image-preview":"max-image-preview:large","max-video-preview":"max-video-preview:-1"},"canonical":"https:\/\/cvinoticias.com\/v3\/se-llevo-a-cabo-la-25-edicion-de-la-fiesta-provincial-del-ternero-misionero-en-montecarlo\/","og_locale":"es_ES","og_type":"article","og_title":"Se llev\u00f3 a cabo la 25\u00b0 Edici\u00f3n de la Fiesta Provincial del Ternero Misionero en Montecarlo | CVI NOTICIAS","og_description":"La localidad de Montecarlo se visti\u00f3 de gala para celebrar la 25\u00ba edici\u00f3n de su tradicional Fiesta Provincial del Ternero, un evento emblem\u00e1tico que re\u00fane a la comunidad en torno a la industria ganadera y agropecuaria. Con una gran asistencia y entusiasmo, los residentes y visitantes disfrutaron de diversas actividades y eventos destacados. El predio [&hellip;]","og_url":"https:\/\/cvinoticias.com\/v3\/se-llevo-a-cabo-la-25-edicion-de-la-fiesta-provincial-del-ternero-misionero-en-montecarlo\/","og_site_name":"CVI NOTICIAS","article_publisher":"https:\/\/www.facebook.com\/cvinoticias","article_published_time":"2024-03-25T11:01:41+00:00","article_modified_time":"2024-04-04T13:38:11+00:00","og_image":[{"width":1280,"height":856,"url":"https:\/\/cvinoticias.com\/wp-content\/uploads\/2024\/03\/IMG-20240324-WA0193.jpg","type":"image\/jpeg"}],"author":"f1000024","twitter_card":"summary_large_image","twitter_misc":{"Escrito por":"f1000024","Tiempo de lectura":"2 minutos"},"schema":{"@context":"https:\/\/schema.org","@graph":[{"@type":"Article","@id":"https:\/\/cvinoticias.com\/v3\/se-llevo-a-cabo-la-25-edicion-de-la-fiesta-provincial-del-ternero-misionero-en-montecarlo\/#article","isPartOf":{"@id":"https:\/\/cvinoticias.com\/v3\/se-llevo-a-cabo-la-25-edicion-de-la-fiesta-provincial-del-ternero-misionero-en-montecarlo\/"},"author":{"name":"f1000024","@id":"https:\/\/cvinoticias.com\/v3\/#\/schema\/person\/2db77e3c6bc03c538495d7b2b8be9b66"},"headline":"Se llev\u00f3 a cabo la 25\u00b0 Edici\u00f3n de la Fiesta Provincial del Ternero Misionero en Montecarlo","datePublished":"2024-03-25T11:01:41+00:00","dateModified":"2024-04-04T13:38:11+00:00","mainEntityOfPage":{"@id":"https:\/\/cvinoticias.com\/v3\/se-llevo-a-cabo-la-25-edicion-de-la-fiesta-provincial-del-ternero-misionero-en-montecarlo\/"},"wordCount":318,"commentCount":0,"publisher":{"@id":"https:\/\/cvinoticias.com\/v3\/#organization"},"image":{"@id":"https:\/\/cvinoticias.com\/v3\/se-llevo-a-cabo-la-25-edicion-de-la-fiesta-provincial-del-ternero-misionero-en-montecarlo\/#primaryimage"},"thumbnailUrl":"https:\/\/cvinoticias.com\/wp-content\/uploads\/2024\/03\/IMG-20240324-WA0193.jpg","articleSection":["Agro y Producci\u00f3n"],"inLanguage":"es","potentialAction":[{"@type":"CommentAction","name":"Comment","target":["https:\/\/cvinoticias.com\/v3\/se-llevo-a-cabo-la-25-edicion-de-la-fiesta-provincial-del-ternero-misionero-en-montecarlo\/#respond"]}]},{"@type":"WebPage","@id":"https:\/\/cvinoticias.com\/v3\/se-llevo-a-cabo-la-25-edicion-de-la-fiesta-provincial-del-ternero-misionero-en-montecarlo\/","url":"https:\/\/cvinoticias.com\/v3\/se-llevo-a-cabo-la-25-edicion-de-la-fiesta-provincial-del-ternero-misionero-en-montecarlo\/","name":"Se llev\u00f3 a cabo la 25\u00b0 Edici\u00f3n de la Fiesta Provincial del Ternero Misionero en Montecarlo | CVI NOTICIAS","isPartOf":{"@id":"https:\/\/cvinoticias.com\/v3\/#website"},"primaryImageOfPage":{"@id":"https:\/\/cvinoticias.com\/v3\/se-llevo-a-cabo-la-25-edicion-de-la-fiesta-provincial-del-ternero-misionero-en-montecarlo\/#primaryimage"},"image":{"@id":"https:\/\/cvinoticias.com\/v3\/se-llevo-a-cabo-la-25-edicion-de-la-fiesta-provincial-del-ternero-misionero-en-montecarlo\/#primaryimage"},"thumbnailUrl":"https:\/\/cvinoticias.com\/wp-content\/uploads\/2024\/03\/IMG-20240324-WA0193.jpg","datePublished":"2024-03-25T11:01:41+00:00","dateModified":"2024-04-04T13:38:11+00:00","breadcrumb":{"@id":"https:\/\/cvinoticias.com\/v3\/se-llevo-a-cabo-la-25-edicion-de-la-fiesta-provincial-del-ternero-misionero-en-montecarlo\/#breadcrumb"},"inLanguage":"es","potentialAction":[{"@type":"ReadAction","target":["https:\/\/cvinoticias.com\/v3\/se-llevo-a-cabo-la-25-edicion-de-la-fiesta-provincial-del-ternero-misionero-en-montecarlo\/"]}]},{"@type":"ImageObject","inLanguage":"es","@id":"https:\/\/cvinoticias.com\/v3\/se-llevo-a-cabo-la-25-edicion-de-la-fiesta-provincial-del-ternero-misionero-en-montecarlo\/#primaryimage","url":"https:\/\/cvinoticias.com\/wp-content\/uploads\/2024\/03\/IMG-20240324-WA0193.jpg","contentUrl":"https:\/\/cvinoticias.com\/wp-content\/uploads\/2024\/03\/IMG-20240324-WA0193.jpg","width":1280,"height":856},{"@type":"BreadcrumbList","@id":"https:\/\/cvinoticias.com\/v3\/se-llevo-a-cabo-la-25-edicion-de-la-fiesta-provincial-del-ternero-misionero-en-montecarlo\/#breadcrumb","itemListElement":[{"@type":"ListItem","position":1,"name":"Portada","item":"https:\/\/cvinoticias.com\/v3\/"},{"@type":"ListItem","position":2,"name":"Se llev\u00f3 a cabo la 25\u00b0 Edici\u00f3n de la Fiesta Provincial del Ternero Misionero en Montecarlo"}]},{"@type":"WebSite","@id":"https:\/\/cvinoticias.com\/v3\/#website","url":"https:\/\/cvinoticias.com\/v3\/","name":"CVI NOTICIAS","description":"","publisher":{"@id":"https:\/\/cvinoticias.com\/v3\/#organization"},"alternateName":"CVI","potentialAction":[{"@type":"SearchAction","target":{"@type":"EntryPoint","urlTemplate":"https:\/\/cvinoticias.com\/v3\/?s={search_term_string}"},"query-input":{"@type":"PropertyValueSpecification","valueRequired":true,"valueName":"search_term_string"}}],"inLanguage":"es"},{"@type":"Organization","@id":"https:\/\/cvinoticias.com\/v3\/#organization","name":"CVI NOTICIAS","url":"https:\/\/cvinoticias.com\/v3\/","logo":{"@type":"ImageObject","inLanguage":"es","@id":"https:\/\/cvinoticias.com\/v3\/#\/schema\/logo\/image\/","url":"https:\/\/cvinoticias.com\/wp-content\/uploads\/2023\/04\/cropped-cropped-cropped-cropped-cropped-3-1.png","contentUrl":"https:\/\/cvinoticias.com\/wp-content\/uploads\/2023\/04\/cropped-cropped-cropped-cropped-cropped-3-1.png","width":95,"height":122,"caption":"CVI NOTICIAS"},"image":{"@id":"https:\/\/cvinoticias.com\/v3\/#\/schema\/logo\/image\/"},"sameAs":["https:\/\/www.facebook.com\/cvinoticias","https:\/\/www.instagram.com\/cvinoticias\/","https:\/\/www.youtube.com\/@CVINOTICIAS"]},{"@type":"Person","@id":"https:\/\/cvinoticias.com\/v3\/#\/schema\/person\/2db77e3c6bc03c538495d7b2b8be9b66","name":"f1000024","image":{"@type":"ImageObject","inLanguage":"es","@id":"https:\/\/secure.gravatar.com\/avatar\/d4fe7459cfc51ff5129ce1a732bbef5928568b8092d412ef95611616376bbeed?s=96&d=mm&r=g","url":"https:\/\/secure.gravatar.com\/avatar\/d4fe7459cfc51ff5129ce1a732bbef5928568b8092d412ef95611616376bbeed?s=96&d=mm&r=g","contentUrl":"https:\/\/secure.gravatar.com\/avatar\/d4fe7459cfc51ff5129ce1a732bbef5928568b8092d412ef95611616376bbeed?s=96&d=mm&r=g","caption":"f1000024"},"url":"https:\/\/cvinoticias.com\/v3\/author\/f1000024\/"}]}},"_links":{"self":[{"href":"https:\/\/cvinoticias.com\/v3\/wp-json\/wp\/v2\/posts\/32658","targetHints":{"allow":["GET"]}}],"collection":[{"href":"https:\/\/cvinoticias.com\/v3\/wp-json\/wp\/v2\/posts"}],"about":[{"href":"https:\/\/cvinoticias.com\/v3\/wp-json\/wp\/v2\/types\/post"}],"author":[{"embeddable":true,"href":"https:\/\/cvinoticias.com\/v3\/wp-json\/wp\/v2\/users\/2"}],"replies":[{"embeddable":true,"href":"https:\/\/cvinoticias.com\/v3\/wp-json\/wp\/v2\/comments?post=32658"}],"version-history":[{"count":1,"href":"https:\/\/cvinoticias.com\/v3\/wp-json\/wp\/v2\/posts\/32658\/revisions"}],"predecessor-version":[{"id":32660,"href":"https:\/\/cvinoticias.com\/v3\/wp-json\/wp\/v2\/posts\/32658\/revisions\/32660"}],"wp:featuredmedia":[{"embeddable":true,"href":"https:\/\/cvinoticias.com\/v3\/wp-json\/wp\/v2\/media\/32659"}],"wp:attachment":[{"href":"https:\/\/cvinoticias.com\/v3\/wp-json\/wp\/v2\/media?parent=32658"}],"wp:term":[{"taxonomy":"category","embeddable":true,"href":"https:\/\/cvinoticias.com\/v3\/wp-json\/wp\/v2\/categories?post=32658"},{"taxonomy":"post_tag","embeddable":true,"href":"https:\/\/cvinoticias.com\/v3\/wp-json\/wp\/v2\/tags?post=32658"}],"curies":[{"name":"wp","href":"https:\/\/api.w.org\/{rel}","templated":true}]}}