{"id":32423,"date":"2024-03-12T09:04:58","date_gmt":"2024-03-12T12:04:58","guid":{"rendered":"https:\/\/cvinoticias.com\/v3\/?p=32423"},"modified":"2024-04-04T10:39:32","modified_gmt":"2024-04-04T13:39:32","slug":"la-primera-expo-car-recibio-208-autos","status":"publish","type":"post","link":"https:\/\/cvinoticias.com\/v3\/la-primera-expo-car-recibio-208-autos\/","title":{"rendered":"La primera Expo Car recibi\u00f3 a 208 autos en la ciudad de Ap\u00f3stoles"},"content":{"rendered":"\n<p>Se desarroll\u00f3 el fin de semana en la \u00abciudad de las flores\u00bb la primera Expo Car organizada por el grupo \u201cLos de Fierros\u201d. <\/p>\n\n\n\n<p>Tuvo fines solidarios y recibi\u00f3 208 veh\u00edculos entre cl\u00e1sicos, antiguos y modificados\/ especiales, que llegaron de distintos puntos de Misiones, Corrientes y del vecino pa\u00eds de Brasil.<\/p>\n\n\n\n<p> El evento se desarroll\u00f3 en el predio de la Expo Yerba, el cual durante el s\u00e1bado y domingo la recibi\u00f3 con todos palmares a los amantes de los fierros. <\/p>\n\n\n\n<p>La inscripci\u00f3n era gratuita y se ped\u00eda un alimento no perecedero que ser\u00e1 entregado a una entidad de la ciudad en los pr\u00f3ximos d\u00edas.<\/p>\n\n\n\n<p>M\u00e1s all\u00e1 de la exposici\u00f3n de autos que cont\u00f3 con cl\u00e1sicos de diversas marcas, como una Baguet con motor Chevrolet del a\u00f1o 1919 como veh\u00edculo m\u00e1s antiguo del evento.<\/p>\n\n\n\n<p> Los autos modificados se lucieron fuera del predio, se pudo observar veh\u00edculos con suspensi\u00f3n neum\u00e1ticas, regulables, fijas, y autos de diversos colores de pintura, con mucho tiempo, dinero y trabajo invertido para que luzcan. <\/p>\n\n\n\n<p>Los visitantes y p\u00fablico en general pudieron apreciar artesanos de autos en madera, de autos a escala en metal y de emprendedores que apuestas a las remeras personalizadas del rubro. <\/p>\n\n\n\n<p>Los organizadores de eventos de la provincia no solo se llevaron su menci\u00f3n, si no que tambi\u00e9n pudieron tomar la palabra sobre el escenario e invitar a sus eventos.<\/p>\n\n\n\n<p> <strong>El trabajo del grupo \u201cLos de Fierro\u201d, tuvo el acompa\u00f1amiento del municipio para esta edici\u00f3n brindando el espacio de la Expo Yerba, la log\u00edstica tr\u00e1nsito, servicio de salud, albergue, limpieza del lugar. <\/strong><\/p>\n\n\n\n<p><a href=\"https:\/\/www.deportesmisiones.com.ar\/automovilismo\/automovilismo-misionero\/2024\/03\/11\/la-1-expo-car-de-apostoles-recibio-208-autos\/attachment\/expo-auto-apostoles1\/\"><\/a><\/p>\n\n\n\n<figure class=\"wp-block-image size-large\"><a href=\"https:\/\/cvinoticias.com\/wp-content\/uploads\/2024\/03\/expo-auto-Apostoles.webp\"><img decoding=\"async\" width=\"1024\" height=\"576\" data-src=\"https:\/\/cvinoticias.com\/wp-content\/uploads\/2024\/03\/expo-auto-Apostoles-1024x576.webp\" alt=\"\" class=\"wp-image-32425 lazyload\" data-srcset=\"https:\/\/cvinoticias.com\/wp-content\/uploads\/2024\/03\/expo-auto-Apostoles-1024x576.webp 1024w, https:\/\/cvinoticias.com\/wp-content\/uploads\/2024\/03\/expo-auto-Apostoles-300x169.webp 300w, https:\/\/cvinoticias.com\/wp-content\/uploads\/2024\/03\/expo-auto-Apostoles-768x432.webp 768w, https:\/\/cvinoticias.com\/wp-content\/uploads\/2024\/03\/expo-auto-Apostoles-1536x864.webp 1536w, https:\/\/cvinoticias.com\/wp-content\/uploads\/2024\/03\/expo-auto-Apostoles.webp 1600w\" data-sizes=\"(max-width: 1024px) 100vw, 1024px\" src=\"data:image\/svg+xml;base64,PHN2ZyB3aWR0aD0iMSIgaGVpZ2h0PSIxIiB4bWxucz0iaHR0cDovL3d3dy53My5vcmcvMjAwMC9zdmciPjwvc3ZnPg==\" style=\"--smush-placeholder-width: 1024px; --smush-placeholder-aspect-ratio: 1024\/576;\" \/><\/a><\/figure>\n\n\n\n<p>CALENDARIO ENCUENTROS DE AUTOS 2024 MISIONES<\/p>\n\n\n\n<p>Abril<br>6 Y 7 Campo Viera Lugar: Bowling Club Ita Campo Viera<br>27-28 Eldorado Low Cars \u201c1 Expo Car\u201d<br>Mayo<br>25 \u2013 26 posadas 25 encuentro provincial (la cascada)<br>Junio<br>8 y 9 gobernador Virasoro corrientes (3 encuentro nacional solidario chevy\u00b4s sin fronteras<br>Julio<br>5 \u2013 6 y 7 ituzaingo (org. Itu cl\u00e1sicos)<br>Agosto<br>3 y 4 Capiovi (org: fierros cl\u00e1sicos capiovi)<br>Septiembre<br>7 y 8 puerto esperanza (org. Grupo escape libre.<br>14 \u2013 15 san vicente (org: custom cars meeting san vicente<br>Octubre<br>5 y 6 eldorado 10 encuentro de veh\u00edculos cl\u00e1sicos \u2013 antiguos y especiales (los carrosaurios) lugar: galp\u00f3n 10 km9<br>Diciembre<br>7 y 8 Obera 4to encuentro cl\u00e1sicos +30obera<\/p>\n","protected":false},"excerpt":{"rendered":"<p>Se desarroll\u00f3 el fin de semana en la \u00abciudad de las flores\u00bb la primera Expo Car organizada por el grupo \u201cLos de Fierros\u201d. Tuvo fines solidarios y recibi\u00f3 208 veh\u00edculos entre cl\u00e1sicos, antiguos y modificados\/ especiales, que llegaron de distintos puntos de Misiones, Corrientes y del vecino pa\u00eds de Brasil. El evento se desarroll\u00f3 en [&hellip;]<\/p>\n","protected":false},"author":2,"featured_media":32424,"comment_status":"open","ping_status":"open","sticky":false,"template":"","format":"standard","meta":{"footnotes":""},"categories":[35],"tags":[],"class_list":["post-32423","post","type-post","status-publish","format-standard","has-post-thumbnail","hentry","category-informacion-general"],"yoast_head":"<!-- This site is optimized with the Yoast SEO plugin v27.5 - https:\/\/yoast.com\/product\/yoast-seo-wordpress\/ -->\n<title>La primera Expo Car recibi\u00f3 a 208 autos en la ciudad de Ap\u00f3stoles | CVI NOTICIAS<\/title>\n<meta name=\"robots\" content=\"index, follow, max-snippet:-1, max-image-preview:large, max-video-preview:-1\" \/>\n<link rel=\"canonical\" href=\"https:\/\/cvinoticias.com\/v3\/la-primera-expo-car-recibio-208-autos\/\" \/>\n<meta property=\"og:locale\" content=\"es_ES\" \/>\n<meta property=\"og:type\" content=\"article\" \/>\n<meta property=\"og:title\" content=\"La primera Expo Car recibi\u00f3 a 208 autos en la ciudad de Ap\u00f3stoles | CVI NOTICIAS\" \/>\n<meta property=\"og:description\" content=\"Se desarroll\u00f3 el fin de semana en la \u00abciudad de las flores\u00bb la primera Expo Car organizada por el grupo \u201cLos de Fierros\u201d. Tuvo fines solidarios y recibi\u00f3 208 veh\u00edculos entre cl\u00e1sicos, antiguos y modificados\/ especiales, que llegaron de distintos puntos de Misiones, Corrientes y del vecino pa\u00eds de Brasil. El evento se desarroll\u00f3 en [&hellip;]\" \/>\n<meta property=\"og:url\" content=\"https:\/\/cvinoticias.com\/v3\/la-primera-expo-car-recibio-208-autos\/\" \/>\n<meta property=\"og:site_name\" content=\"CVI NOTICIAS\" \/>\n<meta property=\"article:publisher\" content=\"https:\/\/www.facebook.com\/cvinoticias\" \/>\n<meta property=\"article:published_time\" content=\"2024-03-12T12:04:58+00:00\" \/>\n<meta property=\"article:modified_time\" content=\"2024-04-04T13:39:32+00:00\" \/>\n<meta property=\"og:image\" content=\"https:\/\/cvinoticias.com\/wp-content\/uploads\/2024\/03\/expo-auto-Apostoles1.webp\" \/>\n\t<meta property=\"og:image:width\" content=\"1600\" \/>\n\t<meta property=\"og:image:height\" content=\"900\" \/>\n\t<meta property=\"og:image:type\" content=\"image\/webp\" \/>\n<meta name=\"author\" content=\"f1000024\" \/>\n<meta name=\"twitter:card\" content=\"summary_large_image\" \/>\n<meta name=\"twitter:label1\" content=\"Escrito por\" \/>\n\t<meta name=\"twitter:data1\" content=\"f1000024\" \/>\n\t<meta name=\"twitter:label2\" content=\"Tiempo de lectura\" \/>\n\t<meta name=\"twitter:data2\" content=\"2 minutos\" \/>\n<script type=\"application\/ld+json\" class=\"yoast-schema-graph\">{\"@context\":\"https:\\\/\\\/schema.org\",\"@graph\":[{\"@type\":\"Article\",\"@id\":\"https:\\\/\\\/cvinoticias.com\\\/v3\\\/la-primera-expo-car-recibio-208-autos\\\/#article\",\"isPartOf\":{\"@id\":\"https:\\\/\\\/cvinoticias.com\\\/v3\\\/la-primera-expo-car-recibio-208-autos\\\/\"},\"author\":{\"name\":\"f1000024\",\"@id\":\"https:\\\/\\\/cvinoticias.com\\\/v3\\\/#\\\/schema\\\/person\\\/2db77e3c6bc03c538495d7b2b8be9b66\"},\"headline\":\"La primera Expo Car recibi\u00f3 a 208 autos en la ciudad de Ap\u00f3stoles\",\"datePublished\":\"2024-03-12T12:04:58+00:00\",\"dateModified\":\"2024-04-04T13:39:32+00:00\",\"mainEntityOfPage\":{\"@id\":\"https:\\\/\\\/cvinoticias.com\\\/v3\\\/la-primera-expo-car-recibio-208-autos\\\/\"},\"wordCount\":386,\"commentCount\":0,\"publisher\":{\"@id\":\"https:\\\/\\\/cvinoticias.com\\\/v3\\\/#organization\"},\"image\":{\"@id\":\"https:\\\/\\\/cvinoticias.com\\\/v3\\\/la-primera-expo-car-recibio-208-autos\\\/#primaryimage\"},\"thumbnailUrl\":\"https:\\\/\\\/cvinoticias.com\\\/wp-content\\\/uploads\\\/2024\\\/03\\\/expo-auto-Apostoles1.webp\",\"articleSection\":[\"Informaci\u00f3n General\"],\"inLanguage\":\"es\",\"potentialAction\":[{\"@type\":\"CommentAction\",\"name\":\"Comment\",\"target\":[\"https:\\\/\\\/cvinoticias.com\\\/v3\\\/la-primera-expo-car-recibio-208-autos\\\/#respond\"]}]},{\"@type\":\"WebPage\",\"@id\":\"https:\\\/\\\/cvinoticias.com\\\/v3\\\/la-primera-expo-car-recibio-208-autos\\\/\",\"url\":\"https:\\\/\\\/cvinoticias.com\\\/v3\\\/la-primera-expo-car-recibio-208-autos\\\/\",\"name\":\"La primera Expo Car recibi\u00f3 a 208 autos en la ciudad de Ap\u00f3stoles | CVI NOTICIAS\",\"isPartOf\":{\"@id\":\"https:\\\/\\\/cvinoticias.com\\\/v3\\\/#website\"},\"primaryImageOfPage\":{\"@id\":\"https:\\\/\\\/cvinoticias.com\\\/v3\\\/la-primera-expo-car-recibio-208-autos\\\/#primaryimage\"},\"image\":{\"@id\":\"https:\\\/\\\/cvinoticias.com\\\/v3\\\/la-primera-expo-car-recibio-208-autos\\\/#primaryimage\"},\"thumbnailUrl\":\"https:\\\/\\\/cvinoticias.com\\\/wp-content\\\/uploads\\\/2024\\\/03\\\/expo-auto-Apostoles1.webp\",\"datePublished\":\"2024-03-12T12:04:58+00:00\",\"dateModified\":\"2024-04-04T13:39:32+00:00\",\"breadcrumb\":{\"@id\":\"https:\\\/\\\/cvinoticias.com\\\/v3\\\/la-primera-expo-car-recibio-208-autos\\\/#breadcrumb\"},\"inLanguage\":\"es\",\"potentialAction\":[{\"@type\":\"ReadAction\",\"target\":[\"https:\\\/\\\/cvinoticias.com\\\/v3\\\/la-primera-expo-car-recibio-208-autos\\\/\"]}]},{\"@type\":\"ImageObject\",\"inLanguage\":\"es\",\"@id\":\"https:\\\/\\\/cvinoticias.com\\\/v3\\\/la-primera-expo-car-recibio-208-autos\\\/#primaryimage\",\"url\":\"https:\\\/\\\/cvinoticias.com\\\/wp-content\\\/uploads\\\/2024\\\/03\\\/expo-auto-Apostoles1.webp\",\"contentUrl\":\"https:\\\/\\\/cvinoticias.com\\\/wp-content\\\/uploads\\\/2024\\\/03\\\/expo-auto-Apostoles1.webp\",\"width\":1600,\"height\":900},{\"@type\":\"BreadcrumbList\",\"@id\":\"https:\\\/\\\/cvinoticias.com\\\/v3\\\/la-primera-expo-car-recibio-208-autos\\\/#breadcrumb\",\"itemListElement\":[{\"@type\":\"ListItem\",\"position\":1,\"name\":\"Portada\",\"item\":\"https:\\\/\\\/cvinoticias.com\\\/v3\\\/\"},{\"@type\":\"ListItem\",\"position\":2,\"name\":\"La primera Expo Car recibi\u00f3 a 208 autos en la ciudad de Ap\u00f3stoles\"}]},{\"@type\":\"WebSite\",\"@id\":\"https:\\\/\\\/cvinoticias.com\\\/v3\\\/#website\",\"url\":\"https:\\\/\\\/cvinoticias.com\\\/v3\\\/\",\"name\":\"CVI NOTICIAS\",\"description\":\"\",\"publisher\":{\"@id\":\"https:\\\/\\\/cvinoticias.com\\\/v3\\\/#organization\"},\"alternateName\":\"CVI\",\"potentialAction\":[{\"@type\":\"SearchAction\",\"target\":{\"@type\":\"EntryPoint\",\"urlTemplate\":\"https:\\\/\\\/cvinoticias.com\\\/v3\\\/?s={search_term_string}\"},\"query-input\":{\"@type\":\"PropertyValueSpecification\",\"valueRequired\":true,\"valueName\":\"search_term_string\"}}],\"inLanguage\":\"es\"},{\"@type\":\"Organization\",\"@id\":\"https:\\\/\\\/cvinoticias.com\\\/v3\\\/#organization\",\"name\":\"CVI NOTICIAS\",\"url\":\"https:\\\/\\\/cvinoticias.com\\\/v3\\\/\",\"logo\":{\"@type\":\"ImageObject\",\"inLanguage\":\"es\",\"@id\":\"https:\\\/\\\/cvinoticias.com\\\/v3\\\/#\\\/schema\\\/logo\\\/image\\\/\",\"url\":\"https:\\\/\\\/cvinoticias.com\\\/wp-content\\\/uploads\\\/2023\\\/04\\\/cropped-cropped-cropped-cropped-cropped-3-1.png\",\"contentUrl\":\"https:\\\/\\\/cvinoticias.com\\\/wp-content\\\/uploads\\\/2023\\\/04\\\/cropped-cropped-cropped-cropped-cropped-3-1.png\",\"width\":95,\"height\":122,\"caption\":\"CVI NOTICIAS\"},\"image\":{\"@id\":\"https:\\\/\\\/cvinoticias.com\\\/v3\\\/#\\\/schema\\\/logo\\\/image\\\/\"},\"sameAs\":[\"https:\\\/\\\/www.facebook.com\\\/cvinoticias\",\"https:\\\/\\\/www.instagram.com\\\/cvinoticias\\\/\",\"https:\\\/\\\/www.youtube.com\\\/@CVINOTICIAS\"]},{\"@type\":\"Person\",\"@id\":\"https:\\\/\\\/cvinoticias.com\\\/v3\\\/#\\\/schema\\\/person\\\/2db77e3c6bc03c538495d7b2b8be9b66\",\"name\":\"f1000024\",\"image\":{\"@type\":\"ImageObject\",\"inLanguage\":\"es\",\"@id\":\"https:\\\/\\\/secure.gravatar.com\\\/avatar\\\/d4fe7459cfc51ff5129ce1a732bbef5928568b8092d412ef95611616376bbeed?s=96&d=mm&r=g\",\"url\":\"https:\\\/\\\/secure.gravatar.com\\\/avatar\\\/d4fe7459cfc51ff5129ce1a732bbef5928568b8092d412ef95611616376bbeed?s=96&d=mm&r=g\",\"contentUrl\":\"https:\\\/\\\/secure.gravatar.com\\\/avatar\\\/d4fe7459cfc51ff5129ce1a732bbef5928568b8092d412ef95611616376bbeed?s=96&d=mm&r=g\",\"caption\":\"f1000024\"},\"url\":\"https:\\\/\\\/cvinoticias.com\\\/v3\\\/author\\\/f1000024\\\/\"}]}<\/script>\n<!-- \/ Yoast SEO plugin. -->","yoast_head_json":{"title":"La primera Expo Car recibi\u00f3 a 208 autos en la ciudad de Ap\u00f3stoles | CVI NOTICIAS","robots":{"index":"index","follow":"follow","max-snippet":"max-snippet:-1","max-image-preview":"max-image-preview:large","max-video-preview":"max-video-preview:-1"},"canonical":"https:\/\/cvinoticias.com\/v3\/la-primera-expo-car-recibio-208-autos\/","og_locale":"es_ES","og_type":"article","og_title":"La primera Expo Car recibi\u00f3 a 208 autos en la ciudad de Ap\u00f3stoles | CVI NOTICIAS","og_description":"Se desarroll\u00f3 el fin de semana en la \u00abciudad de las flores\u00bb la primera Expo Car organizada por el grupo \u201cLos de Fierros\u201d. Tuvo fines solidarios y recibi\u00f3 208 veh\u00edculos entre cl\u00e1sicos, antiguos y modificados\/ especiales, que llegaron de distintos puntos de Misiones, Corrientes y del vecino pa\u00eds de Brasil. El evento se desarroll\u00f3 en [&hellip;]","og_url":"https:\/\/cvinoticias.com\/v3\/la-primera-expo-car-recibio-208-autos\/","og_site_name":"CVI NOTICIAS","article_publisher":"https:\/\/www.facebook.com\/cvinoticias","article_published_time":"2024-03-12T12:04:58+00:00","article_modified_time":"2024-04-04T13:39:32+00:00","og_image":[{"width":1600,"height":900,"url":"https:\/\/cvinoticias.com\/wp-content\/uploads\/2024\/03\/expo-auto-Apostoles1.webp","type":"image\/webp"}],"author":"f1000024","twitter_card":"summary_large_image","twitter_misc":{"Escrito por":"f1000024","Tiempo de lectura":"2 minutos"},"schema":{"@context":"https:\/\/schema.org","@graph":[{"@type":"Article","@id":"https:\/\/cvinoticias.com\/v3\/la-primera-expo-car-recibio-208-autos\/#article","isPartOf":{"@id":"https:\/\/cvinoticias.com\/v3\/la-primera-expo-car-recibio-208-autos\/"},"author":{"name":"f1000024","@id":"https:\/\/cvinoticias.com\/v3\/#\/schema\/person\/2db77e3c6bc03c538495d7b2b8be9b66"},"headline":"La primera Expo Car recibi\u00f3 a 208 autos en la ciudad de Ap\u00f3stoles","datePublished":"2024-03-12T12:04:58+00:00","dateModified":"2024-04-04T13:39:32+00:00","mainEntityOfPage":{"@id":"https:\/\/cvinoticias.com\/v3\/la-primera-expo-car-recibio-208-autos\/"},"wordCount":386,"commentCount":0,"publisher":{"@id":"https:\/\/cvinoticias.com\/v3\/#organization"},"image":{"@id":"https:\/\/cvinoticias.com\/v3\/la-primera-expo-car-recibio-208-autos\/#primaryimage"},"thumbnailUrl":"https:\/\/cvinoticias.com\/wp-content\/uploads\/2024\/03\/expo-auto-Apostoles1.webp","articleSection":["Informaci\u00f3n General"],"inLanguage":"es","potentialAction":[{"@type":"CommentAction","name":"Comment","target":["https:\/\/cvinoticias.com\/v3\/la-primera-expo-car-recibio-208-autos\/#respond"]}]},{"@type":"WebPage","@id":"https:\/\/cvinoticias.com\/v3\/la-primera-expo-car-recibio-208-autos\/","url":"https:\/\/cvinoticias.com\/v3\/la-primera-expo-car-recibio-208-autos\/","name":"La primera Expo Car recibi\u00f3 a 208 autos en la ciudad de Ap\u00f3stoles | CVI NOTICIAS","isPartOf":{"@id":"https:\/\/cvinoticias.com\/v3\/#website"},"primaryImageOfPage":{"@id":"https:\/\/cvinoticias.com\/v3\/la-primera-expo-car-recibio-208-autos\/#primaryimage"},"image":{"@id":"https:\/\/cvinoticias.com\/v3\/la-primera-expo-car-recibio-208-autos\/#primaryimage"},"thumbnailUrl":"https:\/\/cvinoticias.com\/wp-content\/uploads\/2024\/03\/expo-auto-Apostoles1.webp","datePublished":"2024-03-12T12:04:58+00:00","dateModified":"2024-04-04T13:39:32+00:00","breadcrumb":{"@id":"https:\/\/cvinoticias.com\/v3\/la-primera-expo-car-recibio-208-autos\/#breadcrumb"},"inLanguage":"es","potentialAction":[{"@type":"ReadAction","target":["https:\/\/cvinoticias.com\/v3\/la-primera-expo-car-recibio-208-autos\/"]}]},{"@type":"ImageObject","inLanguage":"es","@id":"https:\/\/cvinoticias.com\/v3\/la-primera-expo-car-recibio-208-autos\/#primaryimage","url":"https:\/\/cvinoticias.com\/wp-content\/uploads\/2024\/03\/expo-auto-Apostoles1.webp","contentUrl":"https:\/\/cvinoticias.com\/wp-content\/uploads\/2024\/03\/expo-auto-Apostoles1.webp","width":1600,"height":900},{"@type":"BreadcrumbList","@id":"https:\/\/cvinoticias.com\/v3\/la-primera-expo-car-recibio-208-autos\/#breadcrumb","itemListElement":[{"@type":"ListItem","position":1,"name":"Portada","item":"https:\/\/cvinoticias.com\/v3\/"},{"@type":"ListItem","position":2,"name":"La primera Expo Car recibi\u00f3 a 208 autos en la ciudad de Ap\u00f3stoles"}]},{"@type":"WebSite","@id":"https:\/\/cvinoticias.com\/v3\/#website","url":"https:\/\/cvinoticias.com\/v3\/","name":"CVI NOTICIAS","description":"","publisher":{"@id":"https:\/\/cvinoticias.com\/v3\/#organization"},"alternateName":"CVI","potentialAction":[{"@type":"SearchAction","target":{"@type":"EntryPoint","urlTemplate":"https:\/\/cvinoticias.com\/v3\/?s={search_term_string}"},"query-input":{"@type":"PropertyValueSpecification","valueRequired":true,"valueName":"search_term_string"}}],"inLanguage":"es"},{"@type":"Organization","@id":"https:\/\/cvinoticias.com\/v3\/#organization","name":"CVI NOTICIAS","url":"https:\/\/cvinoticias.com\/v3\/","logo":{"@type":"ImageObject","inLanguage":"es","@id":"https:\/\/cvinoticias.com\/v3\/#\/schema\/logo\/image\/","url":"https:\/\/cvinoticias.com\/wp-content\/uploads\/2023\/04\/cropped-cropped-cropped-cropped-cropped-3-1.png","contentUrl":"https:\/\/cvinoticias.com\/wp-content\/uploads\/2023\/04\/cropped-cropped-cropped-cropped-cropped-3-1.png","width":95,"height":122,"caption":"CVI NOTICIAS"},"image":{"@id":"https:\/\/cvinoticias.com\/v3\/#\/schema\/logo\/image\/"},"sameAs":["https:\/\/www.facebook.com\/cvinoticias","https:\/\/www.instagram.com\/cvinoticias\/","https:\/\/www.youtube.com\/@CVINOTICIAS"]},{"@type":"Person","@id":"https:\/\/cvinoticias.com\/v3\/#\/schema\/person\/2db77e3c6bc03c538495d7b2b8be9b66","name":"f1000024","image":{"@type":"ImageObject","inLanguage":"es","@id":"https:\/\/secure.gravatar.com\/avatar\/d4fe7459cfc51ff5129ce1a732bbef5928568b8092d412ef95611616376bbeed?s=96&d=mm&r=g","url":"https:\/\/secure.gravatar.com\/avatar\/d4fe7459cfc51ff5129ce1a732bbef5928568b8092d412ef95611616376bbeed?s=96&d=mm&r=g","contentUrl":"https:\/\/secure.gravatar.com\/avatar\/d4fe7459cfc51ff5129ce1a732bbef5928568b8092d412ef95611616376bbeed?s=96&d=mm&r=g","caption":"f1000024"},"url":"https:\/\/cvinoticias.com\/v3\/author\/f1000024\/"}]}},"_links":{"self":[{"href":"https:\/\/cvinoticias.com\/v3\/wp-json\/wp\/v2\/posts\/32423","targetHints":{"allow":["GET"]}}],"collection":[{"href":"https:\/\/cvinoticias.com\/v3\/wp-json\/wp\/v2\/posts"}],"about":[{"href":"https:\/\/cvinoticias.com\/v3\/wp-json\/wp\/v2\/types\/post"}],"author":[{"embeddable":true,"href":"https:\/\/cvinoticias.com\/v3\/wp-json\/wp\/v2\/users\/2"}],"replies":[{"embeddable":true,"href":"https:\/\/cvinoticias.com\/v3\/wp-json\/wp\/v2\/comments?post=32423"}],"version-history":[{"count":3,"href":"https:\/\/cvinoticias.com\/v3\/wp-json\/wp\/v2\/posts\/32423\/revisions"}],"predecessor-version":[{"id":32435,"href":"https:\/\/cvinoticias.com\/v3\/wp-json\/wp\/v2\/posts\/32423\/revisions\/32435"}],"wp:featuredmedia":[{"embeddable":true,"href":"https:\/\/cvinoticias.com\/v3\/wp-json\/wp\/v2\/media\/32424"}],"wp:attachment":[{"href":"https:\/\/cvinoticias.com\/v3\/wp-json\/wp\/v2\/media?parent=32423"}],"wp:term":[{"taxonomy":"category","embeddable":true,"href":"https:\/\/cvinoticias.com\/v3\/wp-json\/wp\/v2\/categories?post=32423"},{"taxonomy":"post_tag","embeddable":true,"href":"https:\/\/cvinoticias.com\/v3\/wp-json\/wp\/v2\/tags?post=32423"}],"curies":[{"name":"wp","href":"https:\/\/api.w.org\/{rel}","templated":true}]}}