{"id":32387,"date":"2024-03-10T10:13:08","date_gmt":"2024-03-10T13:13:08","guid":{"rendered":"https:\/\/cvinoticias.com\/v3\/?p=32387"},"modified":"2024-04-04T10:40:21","modified_gmt":"2024-04-04T13:40:21","slug":"las-cenizas-de-ramon-ayala-regresaran-a-misiones-en-abril","status":"publish","type":"post","link":"https:\/\/cvinoticias.com\/v3\/las-cenizas-de-ramon-ayala-regresaran-a-misiones-en-abril\/","title":{"rendered":"Las cenizas de Ram\u00f3n Ayala regresar\u00e1n a Misiones en Abril"},"content":{"rendered":"\n<p><strong>Coincidiendo con el D\u00eda Nacional del Gualambao y el primer cumplea\u00f1os sin su presencia f\u00edsica, la Secretar\u00eda de Cultura informa que las cenizas Ram\u00f3n Ayala llegar\u00e1n a Misiones los d\u00edas 6 y 7 de abril, para as\u00ed cumplir el deseo de descansar en su tierra natal.<\/strong><\/p>\n\n\n\n<p><strong>El calendario marca que hoy cumplir\u00eda 97 a\u00f1os, pero todos sabemos que Ram\u00f3n Gumercindo Cidade, El Mens\u00fa, pertenece a esa selecta pl\u00e9yade de seres sin edad.<\/strong><\/p>\n\n\n\n<p> Nos dej\u00f3 hace poco m\u00e1s de tres meses, pero su huella en cada uno de los caminos misioneros y los corazones de todo aqu\u00e9l que haya pisado la tierra colorada, no se borrar\u00e1 jam\u00e1s.<\/p>\n\n\n\n<p><strong>El padre del Gualambao finalmente descansar\u00e1 en su tierra natal cuando los d\u00edas 6 y 7 de abril, de la mano de Teresa Cuenca, quien fuera su compa\u00f1era hasta el final, las cenizas de Ram\u00f3n recorran los caminos misioneros, desde el Iguaz\u00fa al las barrancas del Uruguay, y del Paran\u00e1 a esa selva y sus rojos caminos que tan bien supo representar<\/strong>.<\/p>\n\n\n\n<p><strong>El 1er cumplea\u00f1os sin el creador del Gualambao<\/strong><\/p>\n\n\n\n<p><strong>Hoy domingo 10 de marzo, se conmemora el natalicio del mayor \u00edcono musical de la provincia de Misiones<\/strong>, y una de las figuras m\u00e1s relevantes de la historia del folklore latinoamericano, Ram\u00f3n Gumercindo Ayala Cidade, quien naci\u00f3 en 1937 en la localidad de Garup\u00e1\u00a0y falleci\u00f3 el 7 de diciembre de 2023 en la ciudad de Buenos Aires, a los 96 a\u00f1os de edad.<\/p>\n\n\n\n<p> En su honor, cada 10 de marzo y desde 2017, se celebra el D\u00eda Nacional del Gualambao.<\/p>\n","protected":false},"excerpt":{"rendered":"<p>Coincidiendo con el D\u00eda Nacional del Gualambao y el primer cumplea\u00f1os sin su presencia f\u00edsica, la Secretar\u00eda de Cultura informa que las cenizas Ram\u00f3n Ayala llegar\u00e1n a Misiones los d\u00edas 6 y 7 de abril, para as\u00ed cumplir el deseo de descansar en su tierra natal. El calendario marca que hoy cumplir\u00eda 97 a\u00f1os, pero [&hellip;]<\/p>\n","protected":false},"author":2,"featured_media":32388,"comment_status":"open","ping_status":"open","sticky":false,"template":"","format":"standard","meta":{"footnotes":""},"categories":[27],"tags":[],"class_list":["post-32387","post","type-post","status-publish","format-standard","has-post-thumbnail","hentry","category-cultura"],"yoast_head":"<!-- This site is optimized with the Yoast SEO plugin v27.4 - https:\/\/yoast.com\/product\/yoast-seo-wordpress\/ -->\n<title>Las cenizas de Ram\u00f3n Ayala regresar\u00e1n a Misiones en Abril | CVI NOTICIAS<\/title>\n<meta name=\"robots\" content=\"index, follow, max-snippet:-1, max-image-preview:large, max-video-preview:-1\" \/>\n<link rel=\"canonical\" href=\"https:\/\/cvinoticias.com\/v3\/las-cenizas-de-ramon-ayala-regresaran-a-misiones-en-abril\/\" \/>\n<meta property=\"og:locale\" content=\"es_ES\" \/>\n<meta property=\"og:type\" content=\"article\" \/>\n<meta property=\"og:title\" content=\"Las cenizas de Ram\u00f3n Ayala regresar\u00e1n a Misiones en Abril | CVI NOTICIAS\" \/>\n<meta property=\"og:description\" content=\"Coincidiendo con el D\u00eda Nacional del Gualambao y el primer cumplea\u00f1os sin su presencia f\u00edsica, la Secretar\u00eda de Cultura informa que las cenizas Ram\u00f3n Ayala llegar\u00e1n a Misiones los d\u00edas 6 y 7 de abril, para as\u00ed cumplir el deseo de descansar en su tierra natal. El calendario marca que hoy cumplir\u00eda 97 a\u00f1os, pero [&hellip;]\" \/>\n<meta property=\"og:url\" content=\"https:\/\/cvinoticias.com\/v3\/las-cenizas-de-ramon-ayala-regresaran-a-misiones-en-abril\/\" \/>\n<meta property=\"og:site_name\" content=\"CVI NOTICIAS\" \/>\n<meta property=\"article:publisher\" content=\"https:\/\/www.facebook.com\/cvinoticias\" \/>\n<meta property=\"article:published_time\" content=\"2024-03-10T13:13:08+00:00\" \/>\n<meta property=\"article:modified_time\" content=\"2024-04-04T13:40:21+00:00\" \/>\n<meta property=\"og:image\" content=\"https:\/\/cvinoticias.com\/wp-content\/uploads\/2024\/03\/20240310_094352.png\" \/>\n\t<meta property=\"og:image:width\" content=\"1342\" \/>\n\t<meta property=\"og:image:height\" content=\"1011\" \/>\n\t<meta property=\"og:image:type\" content=\"image\/png\" \/>\n<meta name=\"author\" content=\"f1000024\" \/>\n<meta name=\"twitter:card\" content=\"summary_large_image\" \/>\n<meta name=\"twitter:label1\" content=\"Escrito por\" \/>\n\t<meta name=\"twitter:data1\" content=\"f1000024\" \/>\n\t<meta name=\"twitter:label2\" content=\"Tiempo de lectura\" \/>\n\t<meta name=\"twitter:data2\" content=\"1 minuto\" \/>\n<script type=\"application\/ld+json\" class=\"yoast-schema-graph\">{\"@context\":\"https:\\\/\\\/schema.org\",\"@graph\":[{\"@type\":\"Article\",\"@id\":\"https:\\\/\\\/cvinoticias.com\\\/v3\\\/las-cenizas-de-ramon-ayala-regresaran-a-misiones-en-abril\\\/#article\",\"isPartOf\":{\"@id\":\"https:\\\/\\\/cvinoticias.com\\\/v3\\\/las-cenizas-de-ramon-ayala-regresaran-a-misiones-en-abril\\\/\"},\"author\":{\"name\":\"f1000024\",\"@id\":\"https:\\\/\\\/cvinoticias.com\\\/v3\\\/#\\\/schema\\\/person\\\/2db77e3c6bc03c538495d7b2b8be9b66\"},\"headline\":\"Las cenizas de Ram\u00f3n Ayala regresar\u00e1n a Misiones en Abril\",\"datePublished\":\"2024-03-10T13:13:08+00:00\",\"dateModified\":\"2024-04-04T13:40:21+00:00\",\"mainEntityOfPage\":{\"@id\":\"https:\\\/\\\/cvinoticias.com\\\/v3\\\/las-cenizas-de-ramon-ayala-regresaran-a-misiones-en-abril\\\/\"},\"wordCount\":279,\"commentCount\":0,\"publisher\":{\"@id\":\"https:\\\/\\\/cvinoticias.com\\\/v3\\\/#organization\"},\"image\":{\"@id\":\"https:\\\/\\\/cvinoticias.com\\\/v3\\\/las-cenizas-de-ramon-ayala-regresaran-a-misiones-en-abril\\\/#primaryimage\"},\"thumbnailUrl\":\"https:\\\/\\\/cvinoticias.com\\\/wp-content\\\/uploads\\\/2024\\\/03\\\/20240310_094352.png\",\"articleSection\":[\"Cultura\"],\"inLanguage\":\"es\",\"potentialAction\":[{\"@type\":\"CommentAction\",\"name\":\"Comment\",\"target\":[\"https:\\\/\\\/cvinoticias.com\\\/v3\\\/las-cenizas-de-ramon-ayala-regresaran-a-misiones-en-abril\\\/#respond\"]}]},{\"@type\":\"WebPage\",\"@id\":\"https:\\\/\\\/cvinoticias.com\\\/v3\\\/las-cenizas-de-ramon-ayala-regresaran-a-misiones-en-abril\\\/\",\"url\":\"https:\\\/\\\/cvinoticias.com\\\/v3\\\/las-cenizas-de-ramon-ayala-regresaran-a-misiones-en-abril\\\/\",\"name\":\"Las cenizas de Ram\u00f3n Ayala regresar\u00e1n a Misiones en Abril | CVI NOTICIAS\",\"isPartOf\":{\"@id\":\"https:\\\/\\\/cvinoticias.com\\\/v3\\\/#website\"},\"primaryImageOfPage\":{\"@id\":\"https:\\\/\\\/cvinoticias.com\\\/v3\\\/las-cenizas-de-ramon-ayala-regresaran-a-misiones-en-abril\\\/#primaryimage\"},\"image\":{\"@id\":\"https:\\\/\\\/cvinoticias.com\\\/v3\\\/las-cenizas-de-ramon-ayala-regresaran-a-misiones-en-abril\\\/#primaryimage\"},\"thumbnailUrl\":\"https:\\\/\\\/cvinoticias.com\\\/wp-content\\\/uploads\\\/2024\\\/03\\\/20240310_094352.png\",\"datePublished\":\"2024-03-10T13:13:08+00:00\",\"dateModified\":\"2024-04-04T13:40:21+00:00\",\"breadcrumb\":{\"@id\":\"https:\\\/\\\/cvinoticias.com\\\/v3\\\/las-cenizas-de-ramon-ayala-regresaran-a-misiones-en-abril\\\/#breadcrumb\"},\"inLanguage\":\"es\",\"potentialAction\":[{\"@type\":\"ReadAction\",\"target\":[\"https:\\\/\\\/cvinoticias.com\\\/v3\\\/las-cenizas-de-ramon-ayala-regresaran-a-misiones-en-abril\\\/\"]}]},{\"@type\":\"ImageObject\",\"inLanguage\":\"es\",\"@id\":\"https:\\\/\\\/cvinoticias.com\\\/v3\\\/las-cenizas-de-ramon-ayala-regresaran-a-misiones-en-abril\\\/#primaryimage\",\"url\":\"https:\\\/\\\/cvinoticias.com\\\/wp-content\\\/uploads\\\/2024\\\/03\\\/20240310_094352.png\",\"contentUrl\":\"https:\\\/\\\/cvinoticias.com\\\/wp-content\\\/uploads\\\/2024\\\/03\\\/20240310_094352.png\",\"width\":1342,\"height\":1011},{\"@type\":\"BreadcrumbList\",\"@id\":\"https:\\\/\\\/cvinoticias.com\\\/v3\\\/las-cenizas-de-ramon-ayala-regresaran-a-misiones-en-abril\\\/#breadcrumb\",\"itemListElement\":[{\"@type\":\"ListItem\",\"position\":1,\"name\":\"Portada\",\"item\":\"https:\\\/\\\/cvinoticias.com\\\/v3\\\/\"},{\"@type\":\"ListItem\",\"position\":2,\"name\":\"Las cenizas de Ram\u00f3n Ayala regresar\u00e1n a Misiones en Abril\"}]},{\"@type\":\"WebSite\",\"@id\":\"https:\\\/\\\/cvinoticias.com\\\/v3\\\/#website\",\"url\":\"https:\\\/\\\/cvinoticias.com\\\/v3\\\/\",\"name\":\"CVI NOTICIAS\",\"description\":\"\",\"publisher\":{\"@id\":\"https:\\\/\\\/cvinoticias.com\\\/v3\\\/#organization\"},\"alternateName\":\"CVI\",\"potentialAction\":[{\"@type\":\"SearchAction\",\"target\":{\"@type\":\"EntryPoint\",\"urlTemplate\":\"https:\\\/\\\/cvinoticias.com\\\/v3\\\/?s={search_term_string}\"},\"query-input\":{\"@type\":\"PropertyValueSpecification\",\"valueRequired\":true,\"valueName\":\"search_term_string\"}}],\"inLanguage\":\"es\"},{\"@type\":\"Organization\",\"@id\":\"https:\\\/\\\/cvinoticias.com\\\/v3\\\/#organization\",\"name\":\"CVI NOTICIAS\",\"url\":\"https:\\\/\\\/cvinoticias.com\\\/v3\\\/\",\"logo\":{\"@type\":\"ImageObject\",\"inLanguage\":\"es\",\"@id\":\"https:\\\/\\\/cvinoticias.com\\\/v3\\\/#\\\/schema\\\/logo\\\/image\\\/\",\"url\":\"https:\\\/\\\/cvinoticias.com\\\/wp-content\\\/uploads\\\/2023\\\/04\\\/cropped-cropped-cropped-cropped-cropped-3-1.png\",\"contentUrl\":\"https:\\\/\\\/cvinoticias.com\\\/wp-content\\\/uploads\\\/2023\\\/04\\\/cropped-cropped-cropped-cropped-cropped-3-1.png\",\"width\":95,\"height\":122,\"caption\":\"CVI NOTICIAS\"},\"image\":{\"@id\":\"https:\\\/\\\/cvinoticias.com\\\/v3\\\/#\\\/schema\\\/logo\\\/image\\\/\"},\"sameAs\":[\"https:\\\/\\\/www.facebook.com\\\/cvinoticias\",\"https:\\\/\\\/www.instagram.com\\\/cvinoticias\\\/\",\"https:\\\/\\\/www.youtube.com\\\/@CVINOTICIAS\"]},{\"@type\":\"Person\",\"@id\":\"https:\\\/\\\/cvinoticias.com\\\/v3\\\/#\\\/schema\\\/person\\\/2db77e3c6bc03c538495d7b2b8be9b66\",\"name\":\"f1000024\",\"image\":{\"@type\":\"ImageObject\",\"inLanguage\":\"es\",\"@id\":\"https:\\\/\\\/secure.gravatar.com\\\/avatar\\\/d4fe7459cfc51ff5129ce1a732bbef5928568b8092d412ef95611616376bbeed?s=96&d=mm&r=g\",\"url\":\"https:\\\/\\\/secure.gravatar.com\\\/avatar\\\/d4fe7459cfc51ff5129ce1a732bbef5928568b8092d412ef95611616376bbeed?s=96&d=mm&r=g\",\"contentUrl\":\"https:\\\/\\\/secure.gravatar.com\\\/avatar\\\/d4fe7459cfc51ff5129ce1a732bbef5928568b8092d412ef95611616376bbeed?s=96&d=mm&r=g\",\"caption\":\"f1000024\"},\"url\":\"https:\\\/\\\/cvinoticias.com\\\/v3\\\/author\\\/f1000024\\\/\"}]}<\/script>\n<!-- \/ Yoast SEO plugin. -->","yoast_head_json":{"title":"Las cenizas de Ram\u00f3n Ayala regresar\u00e1n a Misiones en Abril | CVI NOTICIAS","robots":{"index":"index","follow":"follow","max-snippet":"max-snippet:-1","max-image-preview":"max-image-preview:large","max-video-preview":"max-video-preview:-1"},"canonical":"https:\/\/cvinoticias.com\/v3\/las-cenizas-de-ramon-ayala-regresaran-a-misiones-en-abril\/","og_locale":"es_ES","og_type":"article","og_title":"Las cenizas de Ram\u00f3n Ayala regresar\u00e1n a Misiones en Abril | CVI NOTICIAS","og_description":"Coincidiendo con el D\u00eda Nacional del Gualambao y el primer cumplea\u00f1os sin su presencia f\u00edsica, la Secretar\u00eda de Cultura informa que las cenizas Ram\u00f3n Ayala llegar\u00e1n a Misiones los d\u00edas 6 y 7 de abril, para as\u00ed cumplir el deseo de descansar en su tierra natal. El calendario marca que hoy cumplir\u00eda 97 a\u00f1os, pero [&hellip;]","og_url":"https:\/\/cvinoticias.com\/v3\/las-cenizas-de-ramon-ayala-regresaran-a-misiones-en-abril\/","og_site_name":"CVI NOTICIAS","article_publisher":"https:\/\/www.facebook.com\/cvinoticias","article_published_time":"2024-03-10T13:13:08+00:00","article_modified_time":"2024-04-04T13:40:21+00:00","og_image":[{"width":1342,"height":1011,"url":"https:\/\/cvinoticias.com\/wp-content\/uploads\/2024\/03\/20240310_094352.png","type":"image\/png"}],"author":"f1000024","twitter_card":"summary_large_image","twitter_misc":{"Escrito por":"f1000024","Tiempo de lectura":"1 minuto"},"schema":{"@context":"https:\/\/schema.org","@graph":[{"@type":"Article","@id":"https:\/\/cvinoticias.com\/v3\/las-cenizas-de-ramon-ayala-regresaran-a-misiones-en-abril\/#article","isPartOf":{"@id":"https:\/\/cvinoticias.com\/v3\/las-cenizas-de-ramon-ayala-regresaran-a-misiones-en-abril\/"},"author":{"name":"f1000024","@id":"https:\/\/cvinoticias.com\/v3\/#\/schema\/person\/2db77e3c6bc03c538495d7b2b8be9b66"},"headline":"Las cenizas de Ram\u00f3n Ayala regresar\u00e1n a Misiones en Abril","datePublished":"2024-03-10T13:13:08+00:00","dateModified":"2024-04-04T13:40:21+00:00","mainEntityOfPage":{"@id":"https:\/\/cvinoticias.com\/v3\/las-cenizas-de-ramon-ayala-regresaran-a-misiones-en-abril\/"},"wordCount":279,"commentCount":0,"publisher":{"@id":"https:\/\/cvinoticias.com\/v3\/#organization"},"image":{"@id":"https:\/\/cvinoticias.com\/v3\/las-cenizas-de-ramon-ayala-regresaran-a-misiones-en-abril\/#primaryimage"},"thumbnailUrl":"https:\/\/cvinoticias.com\/wp-content\/uploads\/2024\/03\/20240310_094352.png","articleSection":["Cultura"],"inLanguage":"es","potentialAction":[{"@type":"CommentAction","name":"Comment","target":["https:\/\/cvinoticias.com\/v3\/las-cenizas-de-ramon-ayala-regresaran-a-misiones-en-abril\/#respond"]}]},{"@type":"WebPage","@id":"https:\/\/cvinoticias.com\/v3\/las-cenizas-de-ramon-ayala-regresaran-a-misiones-en-abril\/","url":"https:\/\/cvinoticias.com\/v3\/las-cenizas-de-ramon-ayala-regresaran-a-misiones-en-abril\/","name":"Las cenizas de Ram\u00f3n Ayala regresar\u00e1n a Misiones en Abril | CVI NOTICIAS","isPartOf":{"@id":"https:\/\/cvinoticias.com\/v3\/#website"},"primaryImageOfPage":{"@id":"https:\/\/cvinoticias.com\/v3\/las-cenizas-de-ramon-ayala-regresaran-a-misiones-en-abril\/#primaryimage"},"image":{"@id":"https:\/\/cvinoticias.com\/v3\/las-cenizas-de-ramon-ayala-regresaran-a-misiones-en-abril\/#primaryimage"},"thumbnailUrl":"https:\/\/cvinoticias.com\/wp-content\/uploads\/2024\/03\/20240310_094352.png","datePublished":"2024-03-10T13:13:08+00:00","dateModified":"2024-04-04T13:40:21+00:00","breadcrumb":{"@id":"https:\/\/cvinoticias.com\/v3\/las-cenizas-de-ramon-ayala-regresaran-a-misiones-en-abril\/#breadcrumb"},"inLanguage":"es","potentialAction":[{"@type":"ReadAction","target":["https:\/\/cvinoticias.com\/v3\/las-cenizas-de-ramon-ayala-regresaran-a-misiones-en-abril\/"]}]},{"@type":"ImageObject","inLanguage":"es","@id":"https:\/\/cvinoticias.com\/v3\/las-cenizas-de-ramon-ayala-regresaran-a-misiones-en-abril\/#primaryimage","url":"https:\/\/cvinoticias.com\/wp-content\/uploads\/2024\/03\/20240310_094352.png","contentUrl":"https:\/\/cvinoticias.com\/wp-content\/uploads\/2024\/03\/20240310_094352.png","width":1342,"height":1011},{"@type":"BreadcrumbList","@id":"https:\/\/cvinoticias.com\/v3\/las-cenizas-de-ramon-ayala-regresaran-a-misiones-en-abril\/#breadcrumb","itemListElement":[{"@type":"ListItem","position":1,"name":"Portada","item":"https:\/\/cvinoticias.com\/v3\/"},{"@type":"ListItem","position":2,"name":"Las cenizas de Ram\u00f3n Ayala regresar\u00e1n a Misiones en Abril"}]},{"@type":"WebSite","@id":"https:\/\/cvinoticias.com\/v3\/#website","url":"https:\/\/cvinoticias.com\/v3\/","name":"CVI NOTICIAS","description":"","publisher":{"@id":"https:\/\/cvinoticias.com\/v3\/#organization"},"alternateName":"CVI","potentialAction":[{"@type":"SearchAction","target":{"@type":"EntryPoint","urlTemplate":"https:\/\/cvinoticias.com\/v3\/?s={search_term_string}"},"query-input":{"@type":"PropertyValueSpecification","valueRequired":true,"valueName":"search_term_string"}}],"inLanguage":"es"},{"@type":"Organization","@id":"https:\/\/cvinoticias.com\/v3\/#organization","name":"CVI NOTICIAS","url":"https:\/\/cvinoticias.com\/v3\/","logo":{"@type":"ImageObject","inLanguage":"es","@id":"https:\/\/cvinoticias.com\/v3\/#\/schema\/logo\/image\/","url":"https:\/\/cvinoticias.com\/wp-content\/uploads\/2023\/04\/cropped-cropped-cropped-cropped-cropped-3-1.png","contentUrl":"https:\/\/cvinoticias.com\/wp-content\/uploads\/2023\/04\/cropped-cropped-cropped-cropped-cropped-3-1.png","width":95,"height":122,"caption":"CVI NOTICIAS"},"image":{"@id":"https:\/\/cvinoticias.com\/v3\/#\/schema\/logo\/image\/"},"sameAs":["https:\/\/www.facebook.com\/cvinoticias","https:\/\/www.instagram.com\/cvinoticias\/","https:\/\/www.youtube.com\/@CVINOTICIAS"]},{"@type":"Person","@id":"https:\/\/cvinoticias.com\/v3\/#\/schema\/person\/2db77e3c6bc03c538495d7b2b8be9b66","name":"f1000024","image":{"@type":"ImageObject","inLanguage":"es","@id":"https:\/\/secure.gravatar.com\/avatar\/d4fe7459cfc51ff5129ce1a732bbef5928568b8092d412ef95611616376bbeed?s=96&d=mm&r=g","url":"https:\/\/secure.gravatar.com\/avatar\/d4fe7459cfc51ff5129ce1a732bbef5928568b8092d412ef95611616376bbeed?s=96&d=mm&r=g","contentUrl":"https:\/\/secure.gravatar.com\/avatar\/d4fe7459cfc51ff5129ce1a732bbef5928568b8092d412ef95611616376bbeed?s=96&d=mm&r=g","caption":"f1000024"},"url":"https:\/\/cvinoticias.com\/v3\/author\/f1000024\/"}]}},"_links":{"self":[{"href":"https:\/\/cvinoticias.com\/v3\/wp-json\/wp\/v2\/posts\/32387","targetHints":{"allow":["GET"]}}],"collection":[{"href":"https:\/\/cvinoticias.com\/v3\/wp-json\/wp\/v2\/posts"}],"about":[{"href":"https:\/\/cvinoticias.com\/v3\/wp-json\/wp\/v2\/types\/post"}],"author":[{"embeddable":true,"href":"https:\/\/cvinoticias.com\/v3\/wp-json\/wp\/v2\/users\/2"}],"replies":[{"embeddable":true,"href":"https:\/\/cvinoticias.com\/v3\/wp-json\/wp\/v2\/comments?post=32387"}],"version-history":[{"count":1,"href":"https:\/\/cvinoticias.com\/v3\/wp-json\/wp\/v2\/posts\/32387\/revisions"}],"predecessor-version":[{"id":32389,"href":"https:\/\/cvinoticias.com\/v3\/wp-json\/wp\/v2\/posts\/32387\/revisions\/32389"}],"wp:featuredmedia":[{"embeddable":true,"href":"https:\/\/cvinoticias.com\/v3\/wp-json\/wp\/v2\/media\/32388"}],"wp:attachment":[{"href":"https:\/\/cvinoticias.com\/v3\/wp-json\/wp\/v2\/media?parent=32387"}],"wp:term":[{"taxonomy":"category","embeddable":true,"href":"https:\/\/cvinoticias.com\/v3\/wp-json\/wp\/v2\/categories?post=32387"},{"taxonomy":"post_tag","embeddable":true,"href":"https:\/\/cvinoticias.com\/v3\/wp-json\/wp\/v2\/tags?post=32387"}],"curies":[{"name":"wp","href":"https:\/\/api.w.org\/{rel}","templated":true}]}}