{"id":3234,"date":"2021-03-10T10:17:16","date_gmt":"2021-03-10T10:17:16","guid":{"rendered":"https:\/\/cvinoticias.com\/v3\/?p=3234"},"modified":"2021-03-10T10:17:16","modified_gmt":"2021-03-10T10:17:16","slug":"comenzaron-las-clases-en-la-epet-n4-en-forma-bi-modal-ciclo-2021","status":"publish","type":"post","link":"https:\/\/cvinoticias.com\/v3\/comenzaron-las-clases-en-la-epet-n4-en-forma-bi-modal-ciclo-2021\/","title":{"rendered":"Comenzaron las clases en la EPET N\u00b04 en forma Bi-modal, ciclo 2021"},"content":{"rendered":"\n<p><strong><em>En el establecimiento EPET N\u00b04 de Iguaz\u00fa el ciclo lectivo 2021 se vio afectado por el paro docente y sobre ello dialog\u00f3 con Cable Noticias Gerardo Coronel, director quien se\u00f1al\u00f3 que los docentes del turno ma\u00f1ana se adhirieron, en su totalidad, al paro provincial de docentes.<\/em><\/strong><\/p>\n\n\n\n<p>Coronel tambi\u00e9n se refiri\u00f3 al sistema de asistencia que se implementar\u00e1 en el establecimiento con respecto a este ciclo lectivo 2021. <\/p>\n\n\n\n<figure class=\"wp-block-embed is-type-video is-provider-youtube wp-block-embed-youtube wp-embed-aspect-4-3 wp-has-aspect-ratio\"><div class=\"wp-block-embed__wrapper\">\n<iframe title=\"COMENZARON LAS  CLASES EN FORMA BI-MODAL CICLO 2021\" width=\"640\" height=\"480\" data-src=\"https:\/\/www.youtube.com\/embed\/5qThS3QPSyY?feature=oembed\" frameborder=\"0\" allow=\"accelerometer; autoplay; clipboard-write; encrypted-media; gyroscope; picture-in-picture; web-share\" referrerpolicy=\"strict-origin-when-cross-origin\" allowfullscreen src=\"data:image\/svg+xml;base64,PHN2ZyB3aWR0aD0iMSIgaGVpZ2h0PSIxIiB4bWxucz0iaHR0cDovL3d3dy53My5vcmcvMjAwMC9zdmciPjwvc3ZnPg==\" class=\"lazyload\" data-load-mode=\"1\"><\/iframe>\n<\/div><\/figure>\n","protected":false},"excerpt":{"rendered":"<p>En el establecimiento EPET N\u00b04 de Iguaz\u00fa el ciclo lectivo 2021 se vio afectado por el paro docente y sobre ello dialog\u00f3 con Cable Noticias Gerardo Coronel, director quien se\u00f1al\u00f3 que los docentes del turno ma\u00f1ana se adhirieron, en su totalidad, al paro provincial de docentes. Coronel tambi\u00e9n se refiri\u00f3 al sistema de asistencia que [&hellip;]<\/p>\n","protected":false},"author":2,"featured_media":3235,"comment_status":"open","ping_status":"open","sticky":false,"template":"","format":"standard","meta":{"footnotes":""},"categories":[26],"tags":[],"class_list":["post-3234","post","type-post","status-publish","format-standard","has-post-thumbnail","hentry","category-educacion"],"yoast_head":"<!-- This site is optimized with the Yoast SEO plugin v27.5 - https:\/\/yoast.com\/product\/yoast-seo-wordpress\/ -->\n<title>Comenzaron las clases en la EPET N\u00b04 en forma Bi-modal, ciclo 2021 | CVI NOTICIAS<\/title>\n<meta name=\"robots\" content=\"index, follow, max-snippet:-1, max-image-preview:large, max-video-preview:-1\" \/>\n<link rel=\"canonical\" href=\"https:\/\/cvinoticias.com\/v3\/comenzaron-las-clases-en-la-epet-n4-en-forma-bi-modal-ciclo-2021\/\" \/>\n<meta property=\"og:locale\" content=\"es_ES\" \/>\n<meta property=\"og:type\" content=\"article\" \/>\n<meta property=\"og:title\" content=\"Comenzaron las clases en la EPET N\u00b04 en forma Bi-modal, ciclo 2021 | CVI NOTICIAS\" \/>\n<meta property=\"og:description\" content=\"En el establecimiento EPET N\u00b04 de Iguaz\u00fa el ciclo lectivo 2021 se vio afectado por el paro docente y sobre ello dialog\u00f3 con Cable Noticias Gerardo Coronel, director quien se\u00f1al\u00f3 que los docentes del turno ma\u00f1ana se adhirieron, en su totalidad, al paro provincial de docentes. Coronel tambi\u00e9n se refiri\u00f3 al sistema de asistencia que [&hellip;]\" \/>\n<meta property=\"og:url\" content=\"https:\/\/cvinoticias.com\/v3\/comenzaron-las-clases-en-la-epet-n4-en-forma-bi-modal-ciclo-2021\/\" \/>\n<meta property=\"og:site_name\" content=\"CVI NOTICIAS\" \/>\n<meta property=\"article:publisher\" content=\"https:\/\/www.facebook.com\/cvinoticias\" \/>\n<meta property=\"article:published_time\" content=\"2021-03-10T10:17:16+00:00\" \/>\n<meta property=\"og:image\" content=\"https:\/\/cvinoticias.com\/wp-content\/uploads\/2021\/03\/IMG-20210309-WA0077.jpg\" \/>\n\t<meta property=\"og:image:width\" content=\"1032\" \/>\n\t<meta property=\"og:image:height\" content=\"581\" \/>\n\t<meta property=\"og:image:type\" content=\"image\/jpeg\" \/>\n<meta name=\"author\" content=\"f1000024\" \/>\n<meta name=\"twitter:card\" content=\"summary_large_image\" \/>\n<meta name=\"twitter:label1\" content=\"Escrito por\" \/>\n\t<meta name=\"twitter:data1\" content=\"f1000024\" \/>\n<script type=\"application\/ld+json\" class=\"yoast-schema-graph\">{\"@context\":\"https:\\\/\\\/schema.org\",\"@graph\":[{\"@type\":\"Article\",\"@id\":\"https:\\\/\\\/cvinoticias.com\\\/v3\\\/comenzaron-las-clases-en-la-epet-n4-en-forma-bi-modal-ciclo-2021\\\/#article\",\"isPartOf\":{\"@id\":\"https:\\\/\\\/cvinoticias.com\\\/v3\\\/comenzaron-las-clases-en-la-epet-n4-en-forma-bi-modal-ciclo-2021\\\/\"},\"author\":{\"name\":\"f1000024\",\"@id\":\"https:\\\/\\\/cvinoticias.com\\\/v3\\\/#\\\/schema\\\/person\\\/2db77e3c6bc03c538495d7b2b8be9b66\"},\"headline\":\"Comenzaron las clases en la EPET N\u00b04 en forma Bi-modal, ciclo 2021\",\"datePublished\":\"2021-03-10T10:17:16+00:00\",\"mainEntityOfPage\":{\"@id\":\"https:\\\/\\\/cvinoticias.com\\\/v3\\\/comenzaron-las-clases-en-la-epet-n4-en-forma-bi-modal-ciclo-2021\\\/\"},\"wordCount\":84,\"commentCount\":0,\"publisher\":{\"@id\":\"https:\\\/\\\/cvinoticias.com\\\/v3\\\/#organization\"},\"image\":{\"@id\":\"https:\\\/\\\/cvinoticias.com\\\/v3\\\/comenzaron-las-clases-en-la-epet-n4-en-forma-bi-modal-ciclo-2021\\\/#primaryimage\"},\"thumbnailUrl\":\"https:\\\/\\\/cvinoticias.com\\\/wp-content\\\/uploads\\\/2021\\\/03\\\/IMG-20210309-WA0077.jpg\",\"articleSection\":[\"Educacion\"],\"inLanguage\":\"es\",\"potentialAction\":[{\"@type\":\"CommentAction\",\"name\":\"Comment\",\"target\":[\"https:\\\/\\\/cvinoticias.com\\\/v3\\\/comenzaron-las-clases-en-la-epet-n4-en-forma-bi-modal-ciclo-2021\\\/#respond\"]}]},{\"@type\":\"WebPage\",\"@id\":\"https:\\\/\\\/cvinoticias.com\\\/v3\\\/comenzaron-las-clases-en-la-epet-n4-en-forma-bi-modal-ciclo-2021\\\/\",\"url\":\"https:\\\/\\\/cvinoticias.com\\\/v3\\\/comenzaron-las-clases-en-la-epet-n4-en-forma-bi-modal-ciclo-2021\\\/\",\"name\":\"Comenzaron las clases en la EPET N\u00b04 en forma Bi-modal, ciclo 2021 | CVI NOTICIAS\",\"isPartOf\":{\"@id\":\"https:\\\/\\\/cvinoticias.com\\\/v3\\\/#website\"},\"primaryImageOfPage\":{\"@id\":\"https:\\\/\\\/cvinoticias.com\\\/v3\\\/comenzaron-las-clases-en-la-epet-n4-en-forma-bi-modal-ciclo-2021\\\/#primaryimage\"},\"image\":{\"@id\":\"https:\\\/\\\/cvinoticias.com\\\/v3\\\/comenzaron-las-clases-en-la-epet-n4-en-forma-bi-modal-ciclo-2021\\\/#primaryimage\"},\"thumbnailUrl\":\"https:\\\/\\\/cvinoticias.com\\\/wp-content\\\/uploads\\\/2021\\\/03\\\/IMG-20210309-WA0077.jpg\",\"datePublished\":\"2021-03-10T10:17:16+00:00\",\"breadcrumb\":{\"@id\":\"https:\\\/\\\/cvinoticias.com\\\/v3\\\/comenzaron-las-clases-en-la-epet-n4-en-forma-bi-modal-ciclo-2021\\\/#breadcrumb\"},\"inLanguage\":\"es\",\"potentialAction\":[{\"@type\":\"ReadAction\",\"target\":[\"https:\\\/\\\/cvinoticias.com\\\/v3\\\/comenzaron-las-clases-en-la-epet-n4-en-forma-bi-modal-ciclo-2021\\\/\"]}]},{\"@type\":\"ImageObject\",\"inLanguage\":\"es\",\"@id\":\"https:\\\/\\\/cvinoticias.com\\\/v3\\\/comenzaron-las-clases-en-la-epet-n4-en-forma-bi-modal-ciclo-2021\\\/#primaryimage\",\"url\":\"https:\\\/\\\/cvinoticias.com\\\/wp-content\\\/uploads\\\/2021\\\/03\\\/IMG-20210309-WA0077.jpg\",\"contentUrl\":\"https:\\\/\\\/cvinoticias.com\\\/wp-content\\\/uploads\\\/2021\\\/03\\\/IMG-20210309-WA0077.jpg\",\"width\":1032,\"height\":581},{\"@type\":\"BreadcrumbList\",\"@id\":\"https:\\\/\\\/cvinoticias.com\\\/v3\\\/comenzaron-las-clases-en-la-epet-n4-en-forma-bi-modal-ciclo-2021\\\/#breadcrumb\",\"itemListElement\":[{\"@type\":\"ListItem\",\"position\":1,\"name\":\"Portada\",\"item\":\"https:\\\/\\\/cvinoticias.com\\\/v3\\\/\"},{\"@type\":\"ListItem\",\"position\":2,\"name\":\"Comenzaron las clases en la EPET N\u00b04 en forma Bi-modal, ciclo 2021\"}]},{\"@type\":\"WebSite\",\"@id\":\"https:\\\/\\\/cvinoticias.com\\\/v3\\\/#website\",\"url\":\"https:\\\/\\\/cvinoticias.com\\\/v3\\\/\",\"name\":\"CVI NOTICIAS\",\"description\":\"\",\"publisher\":{\"@id\":\"https:\\\/\\\/cvinoticias.com\\\/v3\\\/#organization\"},\"alternateName\":\"CVI\",\"potentialAction\":[{\"@type\":\"SearchAction\",\"target\":{\"@type\":\"EntryPoint\",\"urlTemplate\":\"https:\\\/\\\/cvinoticias.com\\\/v3\\\/?s={search_term_string}\"},\"query-input\":{\"@type\":\"PropertyValueSpecification\",\"valueRequired\":true,\"valueName\":\"search_term_string\"}}],\"inLanguage\":\"es\"},{\"@type\":\"Organization\",\"@id\":\"https:\\\/\\\/cvinoticias.com\\\/v3\\\/#organization\",\"name\":\"CVI NOTICIAS\",\"url\":\"https:\\\/\\\/cvinoticias.com\\\/v3\\\/\",\"logo\":{\"@type\":\"ImageObject\",\"inLanguage\":\"es\",\"@id\":\"https:\\\/\\\/cvinoticias.com\\\/v3\\\/#\\\/schema\\\/logo\\\/image\\\/\",\"url\":\"https:\\\/\\\/cvinoticias.com\\\/wp-content\\\/uploads\\\/2023\\\/04\\\/cropped-cropped-cropped-cropped-cropped-3-1.png\",\"contentUrl\":\"https:\\\/\\\/cvinoticias.com\\\/wp-content\\\/uploads\\\/2023\\\/04\\\/cropped-cropped-cropped-cropped-cropped-3-1.png\",\"width\":95,\"height\":122,\"caption\":\"CVI NOTICIAS\"},\"image\":{\"@id\":\"https:\\\/\\\/cvinoticias.com\\\/v3\\\/#\\\/schema\\\/logo\\\/image\\\/\"},\"sameAs\":[\"https:\\\/\\\/www.facebook.com\\\/cvinoticias\",\"https:\\\/\\\/www.instagram.com\\\/cvinoticias\\\/\",\"https:\\\/\\\/www.youtube.com\\\/@CVINOTICIAS\"]},{\"@type\":\"Person\",\"@id\":\"https:\\\/\\\/cvinoticias.com\\\/v3\\\/#\\\/schema\\\/person\\\/2db77e3c6bc03c538495d7b2b8be9b66\",\"name\":\"f1000024\",\"image\":{\"@type\":\"ImageObject\",\"inLanguage\":\"es\",\"@id\":\"https:\\\/\\\/secure.gravatar.com\\\/avatar\\\/d4fe7459cfc51ff5129ce1a732bbef5928568b8092d412ef95611616376bbeed?s=96&d=mm&r=g\",\"url\":\"https:\\\/\\\/secure.gravatar.com\\\/avatar\\\/d4fe7459cfc51ff5129ce1a732bbef5928568b8092d412ef95611616376bbeed?s=96&d=mm&r=g\",\"contentUrl\":\"https:\\\/\\\/secure.gravatar.com\\\/avatar\\\/d4fe7459cfc51ff5129ce1a732bbef5928568b8092d412ef95611616376bbeed?s=96&d=mm&r=g\",\"caption\":\"f1000024\"},\"url\":\"https:\\\/\\\/cvinoticias.com\\\/v3\\\/author\\\/f1000024\\\/\"}]}<\/script>\n<!-- \/ Yoast SEO plugin. -->","yoast_head_json":{"title":"Comenzaron las clases en la EPET N\u00b04 en forma Bi-modal, ciclo 2021 | CVI NOTICIAS","robots":{"index":"index","follow":"follow","max-snippet":"max-snippet:-1","max-image-preview":"max-image-preview:large","max-video-preview":"max-video-preview:-1"},"canonical":"https:\/\/cvinoticias.com\/v3\/comenzaron-las-clases-en-la-epet-n4-en-forma-bi-modal-ciclo-2021\/","og_locale":"es_ES","og_type":"article","og_title":"Comenzaron las clases en la EPET N\u00b04 en forma Bi-modal, ciclo 2021 | CVI NOTICIAS","og_description":"En el establecimiento EPET N\u00b04 de Iguaz\u00fa el ciclo lectivo 2021 se vio afectado por el paro docente y sobre ello dialog\u00f3 con Cable Noticias Gerardo Coronel, director quien se\u00f1al\u00f3 que los docentes del turno ma\u00f1ana se adhirieron, en su totalidad, al paro provincial de docentes. Coronel tambi\u00e9n se refiri\u00f3 al sistema de asistencia que [&hellip;]","og_url":"https:\/\/cvinoticias.com\/v3\/comenzaron-las-clases-en-la-epet-n4-en-forma-bi-modal-ciclo-2021\/","og_site_name":"CVI NOTICIAS","article_publisher":"https:\/\/www.facebook.com\/cvinoticias","article_published_time":"2021-03-10T10:17:16+00:00","og_image":[{"width":1032,"height":581,"url":"https:\/\/cvinoticias.com\/wp-content\/uploads\/2021\/03\/IMG-20210309-WA0077.jpg","type":"image\/jpeg"}],"author":"f1000024","twitter_card":"summary_large_image","twitter_misc":{"Escrito por":"f1000024"},"schema":{"@context":"https:\/\/schema.org","@graph":[{"@type":"Article","@id":"https:\/\/cvinoticias.com\/v3\/comenzaron-las-clases-en-la-epet-n4-en-forma-bi-modal-ciclo-2021\/#article","isPartOf":{"@id":"https:\/\/cvinoticias.com\/v3\/comenzaron-las-clases-en-la-epet-n4-en-forma-bi-modal-ciclo-2021\/"},"author":{"name":"f1000024","@id":"https:\/\/cvinoticias.com\/v3\/#\/schema\/person\/2db77e3c6bc03c538495d7b2b8be9b66"},"headline":"Comenzaron las clases en la EPET N\u00b04 en forma Bi-modal, ciclo 2021","datePublished":"2021-03-10T10:17:16+00:00","mainEntityOfPage":{"@id":"https:\/\/cvinoticias.com\/v3\/comenzaron-las-clases-en-la-epet-n4-en-forma-bi-modal-ciclo-2021\/"},"wordCount":84,"commentCount":0,"publisher":{"@id":"https:\/\/cvinoticias.com\/v3\/#organization"},"image":{"@id":"https:\/\/cvinoticias.com\/v3\/comenzaron-las-clases-en-la-epet-n4-en-forma-bi-modal-ciclo-2021\/#primaryimage"},"thumbnailUrl":"https:\/\/cvinoticias.com\/wp-content\/uploads\/2021\/03\/IMG-20210309-WA0077.jpg","articleSection":["Educacion"],"inLanguage":"es","potentialAction":[{"@type":"CommentAction","name":"Comment","target":["https:\/\/cvinoticias.com\/v3\/comenzaron-las-clases-en-la-epet-n4-en-forma-bi-modal-ciclo-2021\/#respond"]}]},{"@type":"WebPage","@id":"https:\/\/cvinoticias.com\/v3\/comenzaron-las-clases-en-la-epet-n4-en-forma-bi-modal-ciclo-2021\/","url":"https:\/\/cvinoticias.com\/v3\/comenzaron-las-clases-en-la-epet-n4-en-forma-bi-modal-ciclo-2021\/","name":"Comenzaron las clases en la EPET N\u00b04 en forma Bi-modal, ciclo 2021 | CVI NOTICIAS","isPartOf":{"@id":"https:\/\/cvinoticias.com\/v3\/#website"},"primaryImageOfPage":{"@id":"https:\/\/cvinoticias.com\/v3\/comenzaron-las-clases-en-la-epet-n4-en-forma-bi-modal-ciclo-2021\/#primaryimage"},"image":{"@id":"https:\/\/cvinoticias.com\/v3\/comenzaron-las-clases-en-la-epet-n4-en-forma-bi-modal-ciclo-2021\/#primaryimage"},"thumbnailUrl":"https:\/\/cvinoticias.com\/wp-content\/uploads\/2021\/03\/IMG-20210309-WA0077.jpg","datePublished":"2021-03-10T10:17:16+00:00","breadcrumb":{"@id":"https:\/\/cvinoticias.com\/v3\/comenzaron-las-clases-en-la-epet-n4-en-forma-bi-modal-ciclo-2021\/#breadcrumb"},"inLanguage":"es","potentialAction":[{"@type":"ReadAction","target":["https:\/\/cvinoticias.com\/v3\/comenzaron-las-clases-en-la-epet-n4-en-forma-bi-modal-ciclo-2021\/"]}]},{"@type":"ImageObject","inLanguage":"es","@id":"https:\/\/cvinoticias.com\/v3\/comenzaron-las-clases-en-la-epet-n4-en-forma-bi-modal-ciclo-2021\/#primaryimage","url":"https:\/\/cvinoticias.com\/wp-content\/uploads\/2021\/03\/IMG-20210309-WA0077.jpg","contentUrl":"https:\/\/cvinoticias.com\/wp-content\/uploads\/2021\/03\/IMG-20210309-WA0077.jpg","width":1032,"height":581},{"@type":"BreadcrumbList","@id":"https:\/\/cvinoticias.com\/v3\/comenzaron-las-clases-en-la-epet-n4-en-forma-bi-modal-ciclo-2021\/#breadcrumb","itemListElement":[{"@type":"ListItem","position":1,"name":"Portada","item":"https:\/\/cvinoticias.com\/v3\/"},{"@type":"ListItem","position":2,"name":"Comenzaron las clases en la EPET N\u00b04 en forma Bi-modal, ciclo 2021"}]},{"@type":"WebSite","@id":"https:\/\/cvinoticias.com\/v3\/#website","url":"https:\/\/cvinoticias.com\/v3\/","name":"CVI NOTICIAS","description":"","publisher":{"@id":"https:\/\/cvinoticias.com\/v3\/#organization"},"alternateName":"CVI","potentialAction":[{"@type":"SearchAction","target":{"@type":"EntryPoint","urlTemplate":"https:\/\/cvinoticias.com\/v3\/?s={search_term_string}"},"query-input":{"@type":"PropertyValueSpecification","valueRequired":true,"valueName":"search_term_string"}}],"inLanguage":"es"},{"@type":"Organization","@id":"https:\/\/cvinoticias.com\/v3\/#organization","name":"CVI NOTICIAS","url":"https:\/\/cvinoticias.com\/v3\/","logo":{"@type":"ImageObject","inLanguage":"es","@id":"https:\/\/cvinoticias.com\/v3\/#\/schema\/logo\/image\/","url":"https:\/\/cvinoticias.com\/wp-content\/uploads\/2023\/04\/cropped-cropped-cropped-cropped-cropped-3-1.png","contentUrl":"https:\/\/cvinoticias.com\/wp-content\/uploads\/2023\/04\/cropped-cropped-cropped-cropped-cropped-3-1.png","width":95,"height":122,"caption":"CVI NOTICIAS"},"image":{"@id":"https:\/\/cvinoticias.com\/v3\/#\/schema\/logo\/image\/"},"sameAs":["https:\/\/www.facebook.com\/cvinoticias","https:\/\/www.instagram.com\/cvinoticias\/","https:\/\/www.youtube.com\/@CVINOTICIAS"]},{"@type":"Person","@id":"https:\/\/cvinoticias.com\/v3\/#\/schema\/person\/2db77e3c6bc03c538495d7b2b8be9b66","name":"f1000024","image":{"@type":"ImageObject","inLanguage":"es","@id":"https:\/\/secure.gravatar.com\/avatar\/d4fe7459cfc51ff5129ce1a732bbef5928568b8092d412ef95611616376bbeed?s=96&d=mm&r=g","url":"https:\/\/secure.gravatar.com\/avatar\/d4fe7459cfc51ff5129ce1a732bbef5928568b8092d412ef95611616376bbeed?s=96&d=mm&r=g","contentUrl":"https:\/\/secure.gravatar.com\/avatar\/d4fe7459cfc51ff5129ce1a732bbef5928568b8092d412ef95611616376bbeed?s=96&d=mm&r=g","caption":"f1000024"},"url":"https:\/\/cvinoticias.com\/v3\/author\/f1000024\/"}]}},"_links":{"self":[{"href":"https:\/\/cvinoticias.com\/v3\/wp-json\/wp\/v2\/posts\/3234","targetHints":{"allow":["GET"]}}],"collection":[{"href":"https:\/\/cvinoticias.com\/v3\/wp-json\/wp\/v2\/posts"}],"about":[{"href":"https:\/\/cvinoticias.com\/v3\/wp-json\/wp\/v2\/types\/post"}],"author":[{"embeddable":true,"href":"https:\/\/cvinoticias.com\/v3\/wp-json\/wp\/v2\/users\/2"}],"replies":[{"embeddable":true,"href":"https:\/\/cvinoticias.com\/v3\/wp-json\/wp\/v2\/comments?post=3234"}],"version-history":[{"count":1,"href":"https:\/\/cvinoticias.com\/v3\/wp-json\/wp\/v2\/posts\/3234\/revisions"}],"predecessor-version":[{"id":3236,"href":"https:\/\/cvinoticias.com\/v3\/wp-json\/wp\/v2\/posts\/3234\/revisions\/3236"}],"wp:featuredmedia":[{"embeddable":true,"href":"https:\/\/cvinoticias.com\/v3\/wp-json\/wp\/v2\/media\/3235"}],"wp:attachment":[{"href":"https:\/\/cvinoticias.com\/v3\/wp-json\/wp\/v2\/media?parent=3234"}],"wp:term":[{"taxonomy":"category","embeddable":true,"href":"https:\/\/cvinoticias.com\/v3\/wp-json\/wp\/v2\/categories?post=3234"},{"taxonomy":"post_tag","embeddable":true,"href":"https:\/\/cvinoticias.com\/v3\/wp-json\/wp\/v2\/tags?post=3234"}],"curies":[{"name":"wp","href":"https:\/\/api.w.org\/{rel}","templated":true}]}}