{"id":32241,"date":"2024-02-29T21:09:04","date_gmt":"2024-03-01T00:09:04","guid":{"rendered":"https:\/\/cvinoticias.com\/v3\/?p=32241"},"modified":"2024-04-04T10:40:57","modified_gmt":"2024-04-04T13:40:57","slug":"passalacqua-se-reunio-con-daniel-scioli-en-bs-as","status":"publish","type":"post","link":"https:\/\/cvinoticias.com\/v3\/passalacqua-se-reunio-con-daniel-scioli-en-bs-as\/","title":{"rendered":"Passalacqua se reuni\u00f3 con Daniel Scioli  en Bs.As."},"content":{"rendered":"\n<p><strong>Este jueves el Gobernador de la Provincia Hugo Passalacqua  fue recibido en la sede de la cartera del ex-embajador Argentino en Brasil Daniel Scioli actual Secretario de Turismo, Ambiente y Deportes de la Naci\u00f3n.<\/strong><\/p>\n\n\n\n<p>Passalacqua inform\u00f3 de la reuni\u00f3n en su cuenta de la red social X, en una publicaci\u00f3n donde resalt\u00f3 su amistad con el funcionario y\u00a0pol\u00edtico peronista, incorporado al gabinete libertario tras dejar su cargo diplom\u00e1tico en el vecino pa\u00eds.<\/p>\n\n\n\n<p><strong>La comitiva misionera incluy\u00f3 a los ministros de Turismo,\u00a0Jos\u00e9 Mar\u00eda Arr\u00faa; de Ecolog\u00eda,\u00a0Mart\u00edn Recam\u00e1n; y Deportes,\u00a0Aldo Steinhorst<\/strong>.<\/p>\n\n\n\n<p>Scioli estuvo acompa\u00f1ado de la subsecretaria de la cartera,\u00a0Yanina Mart\u00ednez.<\/p>\n\n\n\n<p>Sobre los temas tratados en la reuni\u00f3n, luego <strong>informaron que se charl\u00f3 respecto a la implementaci\u00f3n de\u00a0Bonos Verdes, como as\u00ed tambi\u00e9n de un proyecto de corredor biol\u00f3gico internacional en la\u00a0Selva Paranaense\u00a0y sobre la base Ap\u00f3stoles de\u00a0Manejo del Fuego.<\/strong><\/p>\n\n\n\n<p><strong>El Turismo receptivo, el programa misionero de descuentos para turistas, el nivel de reservas para\u00a0Semana Santa, los avances en el\u00a0Centro de Alto Rendimiento Deportivo\u00a0local y la destacada participaci\u00f3n de deportistas misioneros con aspiraciones de competir en los\u00a0Juegos Ol\u00edmpicos de Par\u00eds 2024, fueron otros de los \u00edtems desarrollados en el encuentro<\/strong>.<\/p>\n\n\n\n<p><\/p>\n","protected":false},"excerpt":{"rendered":"<p>Este jueves el Gobernador de la Provincia Hugo Passalacqua fue recibido en la sede de la cartera del ex-embajador Argentino en Brasil Daniel Scioli actual Secretario de Turismo, Ambiente y Deportes de la Naci\u00f3n. Passalacqua inform\u00f3 de la reuni\u00f3n en su cuenta de la red social X, en una publicaci\u00f3n donde resalt\u00f3 su amistad con [&hellip;]<\/p>\n","protected":false},"author":2,"featured_media":32242,"comment_status":"open","ping_status":"open","sticky":false,"template":"","format":"standard","meta":{"footnotes":""},"categories":[43],"tags":[],"class_list":["post-32241","post","type-post","status-publish","format-standard","has-post-thumbnail","hentry","category-provinciales"],"yoast_head":"<!-- This site is optimized with the Yoast SEO plugin v27.5 - https:\/\/yoast.com\/product\/yoast-seo-wordpress\/ -->\n<title>Passalacqua se reuni\u00f3 con Daniel Scioli en Bs.As. | CVI NOTICIAS<\/title>\n<meta name=\"robots\" content=\"index, follow, max-snippet:-1, max-image-preview:large, max-video-preview:-1\" \/>\n<link rel=\"canonical\" href=\"https:\/\/cvinoticias.com\/v3\/passalacqua-se-reunio-con-daniel-scioli-en-bs-as\/\" \/>\n<meta property=\"og:locale\" content=\"es_ES\" \/>\n<meta property=\"og:type\" content=\"article\" \/>\n<meta property=\"og:title\" content=\"Passalacqua se reuni\u00f3 con Daniel Scioli en Bs.As. | CVI NOTICIAS\" \/>\n<meta property=\"og:description\" content=\"Este jueves el Gobernador de la Provincia Hugo Passalacqua fue recibido en la sede de la cartera del ex-embajador Argentino en Brasil Daniel Scioli actual Secretario de Turismo, Ambiente y Deportes de la Naci\u00f3n. Passalacqua inform\u00f3 de la reuni\u00f3n en su cuenta de la red social X, en una publicaci\u00f3n donde resalt\u00f3 su amistad con [&hellip;]\" \/>\n<meta property=\"og:url\" content=\"https:\/\/cvinoticias.com\/v3\/passalacqua-se-reunio-con-daniel-scioli-en-bs-as\/\" \/>\n<meta property=\"og:site_name\" content=\"CVI NOTICIAS\" \/>\n<meta property=\"article:publisher\" content=\"https:\/\/www.facebook.com\/cvinoticias\" \/>\n<meta property=\"article:published_time\" content=\"2024-03-01T00:09:04+00:00\" \/>\n<meta property=\"article:modified_time\" content=\"2024-04-04T13:40:57+00:00\" \/>\n<meta property=\"og:image\" content=\"https:\/\/cvinoticias.com\/wp-content\/uploads\/2024\/02\/Passalacqua-scioli-768x575-1.jpg\" \/>\n\t<meta property=\"og:image:width\" content=\"768\" \/>\n\t<meta property=\"og:image:height\" content=\"575\" \/>\n\t<meta property=\"og:image:type\" content=\"image\/jpeg\" \/>\n<meta name=\"author\" content=\"f1000024\" \/>\n<meta name=\"twitter:card\" content=\"summary_large_image\" \/>\n<meta name=\"twitter:label1\" content=\"Escrito por\" \/>\n\t<meta name=\"twitter:data1\" content=\"f1000024\" \/>\n\t<meta name=\"twitter:label2\" content=\"Tiempo de lectura\" \/>\n\t<meta name=\"twitter:data2\" content=\"1 minuto\" \/>\n<script type=\"application\/ld+json\" class=\"yoast-schema-graph\">{\"@context\":\"https:\\\/\\\/schema.org\",\"@graph\":[{\"@type\":\"Article\",\"@id\":\"https:\\\/\\\/cvinoticias.com\\\/v3\\\/passalacqua-se-reunio-con-daniel-scioli-en-bs-as\\\/#article\",\"isPartOf\":{\"@id\":\"https:\\\/\\\/cvinoticias.com\\\/v3\\\/passalacqua-se-reunio-con-daniel-scioli-en-bs-as\\\/\"},\"author\":{\"name\":\"f1000024\",\"@id\":\"https:\\\/\\\/cvinoticias.com\\\/v3\\\/#\\\/schema\\\/person\\\/2db77e3c6bc03c538495d7b2b8be9b66\"},\"headline\":\"Passalacqua se reuni\u00f3 con Daniel Scioli en Bs.As.\",\"datePublished\":\"2024-03-01T00:09:04+00:00\",\"dateModified\":\"2024-04-04T13:40:57+00:00\",\"mainEntityOfPage\":{\"@id\":\"https:\\\/\\\/cvinoticias.com\\\/v3\\\/passalacqua-se-reunio-con-daniel-scioli-en-bs-as\\\/\"},\"wordCount\":229,\"commentCount\":0,\"publisher\":{\"@id\":\"https:\\\/\\\/cvinoticias.com\\\/v3\\\/#organization\"},\"image\":{\"@id\":\"https:\\\/\\\/cvinoticias.com\\\/v3\\\/passalacqua-se-reunio-con-daniel-scioli-en-bs-as\\\/#primaryimage\"},\"thumbnailUrl\":\"https:\\\/\\\/cvinoticias.com\\\/wp-content\\\/uploads\\\/2024\\\/02\\\/Passalacqua-scioli-768x575-1.jpg\",\"articleSection\":[\"Provinciales\"],\"inLanguage\":\"es\",\"potentialAction\":[{\"@type\":\"CommentAction\",\"name\":\"Comment\",\"target\":[\"https:\\\/\\\/cvinoticias.com\\\/v3\\\/passalacqua-se-reunio-con-daniel-scioli-en-bs-as\\\/#respond\"]}]},{\"@type\":\"WebPage\",\"@id\":\"https:\\\/\\\/cvinoticias.com\\\/v3\\\/passalacqua-se-reunio-con-daniel-scioli-en-bs-as\\\/\",\"url\":\"https:\\\/\\\/cvinoticias.com\\\/v3\\\/passalacqua-se-reunio-con-daniel-scioli-en-bs-as\\\/\",\"name\":\"Passalacqua se reuni\u00f3 con Daniel Scioli en Bs.As. | CVI NOTICIAS\",\"isPartOf\":{\"@id\":\"https:\\\/\\\/cvinoticias.com\\\/v3\\\/#website\"},\"primaryImageOfPage\":{\"@id\":\"https:\\\/\\\/cvinoticias.com\\\/v3\\\/passalacqua-se-reunio-con-daniel-scioli-en-bs-as\\\/#primaryimage\"},\"image\":{\"@id\":\"https:\\\/\\\/cvinoticias.com\\\/v3\\\/passalacqua-se-reunio-con-daniel-scioli-en-bs-as\\\/#primaryimage\"},\"thumbnailUrl\":\"https:\\\/\\\/cvinoticias.com\\\/wp-content\\\/uploads\\\/2024\\\/02\\\/Passalacqua-scioli-768x575-1.jpg\",\"datePublished\":\"2024-03-01T00:09:04+00:00\",\"dateModified\":\"2024-04-04T13:40:57+00:00\",\"breadcrumb\":{\"@id\":\"https:\\\/\\\/cvinoticias.com\\\/v3\\\/passalacqua-se-reunio-con-daniel-scioli-en-bs-as\\\/#breadcrumb\"},\"inLanguage\":\"es\",\"potentialAction\":[{\"@type\":\"ReadAction\",\"target\":[\"https:\\\/\\\/cvinoticias.com\\\/v3\\\/passalacqua-se-reunio-con-daniel-scioli-en-bs-as\\\/\"]}]},{\"@type\":\"ImageObject\",\"inLanguage\":\"es\",\"@id\":\"https:\\\/\\\/cvinoticias.com\\\/v3\\\/passalacqua-se-reunio-con-daniel-scioli-en-bs-as\\\/#primaryimage\",\"url\":\"https:\\\/\\\/cvinoticias.com\\\/wp-content\\\/uploads\\\/2024\\\/02\\\/Passalacqua-scioli-768x575-1.jpg\",\"contentUrl\":\"https:\\\/\\\/cvinoticias.com\\\/wp-content\\\/uploads\\\/2024\\\/02\\\/Passalacqua-scioli-768x575-1.jpg\",\"width\":768,\"height\":575},{\"@type\":\"BreadcrumbList\",\"@id\":\"https:\\\/\\\/cvinoticias.com\\\/v3\\\/passalacqua-se-reunio-con-daniel-scioli-en-bs-as\\\/#breadcrumb\",\"itemListElement\":[{\"@type\":\"ListItem\",\"position\":1,\"name\":\"Portada\",\"item\":\"https:\\\/\\\/cvinoticias.com\\\/v3\\\/\"},{\"@type\":\"ListItem\",\"position\":2,\"name\":\"Passalacqua se reuni\u00f3 con Daniel Scioli en Bs.As.\"}]},{\"@type\":\"WebSite\",\"@id\":\"https:\\\/\\\/cvinoticias.com\\\/v3\\\/#website\",\"url\":\"https:\\\/\\\/cvinoticias.com\\\/v3\\\/\",\"name\":\"CVI NOTICIAS\",\"description\":\"\",\"publisher\":{\"@id\":\"https:\\\/\\\/cvinoticias.com\\\/v3\\\/#organization\"},\"alternateName\":\"CVI\",\"potentialAction\":[{\"@type\":\"SearchAction\",\"target\":{\"@type\":\"EntryPoint\",\"urlTemplate\":\"https:\\\/\\\/cvinoticias.com\\\/v3\\\/?s={search_term_string}\"},\"query-input\":{\"@type\":\"PropertyValueSpecification\",\"valueRequired\":true,\"valueName\":\"search_term_string\"}}],\"inLanguage\":\"es\"},{\"@type\":\"Organization\",\"@id\":\"https:\\\/\\\/cvinoticias.com\\\/v3\\\/#organization\",\"name\":\"CVI NOTICIAS\",\"url\":\"https:\\\/\\\/cvinoticias.com\\\/v3\\\/\",\"logo\":{\"@type\":\"ImageObject\",\"inLanguage\":\"es\",\"@id\":\"https:\\\/\\\/cvinoticias.com\\\/v3\\\/#\\\/schema\\\/logo\\\/image\\\/\",\"url\":\"https:\\\/\\\/cvinoticias.com\\\/wp-content\\\/uploads\\\/2023\\\/04\\\/cropped-cropped-cropped-cropped-cropped-3-1.png\",\"contentUrl\":\"https:\\\/\\\/cvinoticias.com\\\/wp-content\\\/uploads\\\/2023\\\/04\\\/cropped-cropped-cropped-cropped-cropped-3-1.png\",\"width\":95,\"height\":122,\"caption\":\"CVI NOTICIAS\"},\"image\":{\"@id\":\"https:\\\/\\\/cvinoticias.com\\\/v3\\\/#\\\/schema\\\/logo\\\/image\\\/\"},\"sameAs\":[\"https:\\\/\\\/www.facebook.com\\\/cvinoticias\",\"https:\\\/\\\/www.instagram.com\\\/cvinoticias\\\/\",\"https:\\\/\\\/www.youtube.com\\\/@CVINOTICIAS\"]},{\"@type\":\"Person\",\"@id\":\"https:\\\/\\\/cvinoticias.com\\\/v3\\\/#\\\/schema\\\/person\\\/2db77e3c6bc03c538495d7b2b8be9b66\",\"name\":\"f1000024\",\"image\":{\"@type\":\"ImageObject\",\"inLanguage\":\"es\",\"@id\":\"https:\\\/\\\/secure.gravatar.com\\\/avatar\\\/d4fe7459cfc51ff5129ce1a732bbef5928568b8092d412ef95611616376bbeed?s=96&d=mm&r=g\",\"url\":\"https:\\\/\\\/secure.gravatar.com\\\/avatar\\\/d4fe7459cfc51ff5129ce1a732bbef5928568b8092d412ef95611616376bbeed?s=96&d=mm&r=g\",\"contentUrl\":\"https:\\\/\\\/secure.gravatar.com\\\/avatar\\\/d4fe7459cfc51ff5129ce1a732bbef5928568b8092d412ef95611616376bbeed?s=96&d=mm&r=g\",\"caption\":\"f1000024\"},\"url\":\"https:\\\/\\\/cvinoticias.com\\\/v3\\\/author\\\/f1000024\\\/\"}]}<\/script>\n<!-- \/ Yoast SEO plugin. -->","yoast_head_json":{"title":"Passalacqua se reuni\u00f3 con Daniel Scioli en Bs.As. | CVI NOTICIAS","robots":{"index":"index","follow":"follow","max-snippet":"max-snippet:-1","max-image-preview":"max-image-preview:large","max-video-preview":"max-video-preview:-1"},"canonical":"https:\/\/cvinoticias.com\/v3\/passalacqua-se-reunio-con-daniel-scioli-en-bs-as\/","og_locale":"es_ES","og_type":"article","og_title":"Passalacqua se reuni\u00f3 con Daniel Scioli en Bs.As. | CVI NOTICIAS","og_description":"Este jueves el Gobernador de la Provincia Hugo Passalacqua fue recibido en la sede de la cartera del ex-embajador Argentino en Brasil Daniel Scioli actual Secretario de Turismo, Ambiente y Deportes de la Naci\u00f3n. Passalacqua inform\u00f3 de la reuni\u00f3n en su cuenta de la red social X, en una publicaci\u00f3n donde resalt\u00f3 su amistad con [&hellip;]","og_url":"https:\/\/cvinoticias.com\/v3\/passalacqua-se-reunio-con-daniel-scioli-en-bs-as\/","og_site_name":"CVI NOTICIAS","article_publisher":"https:\/\/www.facebook.com\/cvinoticias","article_published_time":"2024-03-01T00:09:04+00:00","article_modified_time":"2024-04-04T13:40:57+00:00","og_image":[{"width":768,"height":575,"url":"https:\/\/cvinoticias.com\/wp-content\/uploads\/2024\/02\/Passalacqua-scioli-768x575-1.jpg","type":"image\/jpeg"}],"author":"f1000024","twitter_card":"summary_large_image","twitter_misc":{"Escrito por":"f1000024","Tiempo de lectura":"1 minuto"},"schema":{"@context":"https:\/\/schema.org","@graph":[{"@type":"Article","@id":"https:\/\/cvinoticias.com\/v3\/passalacqua-se-reunio-con-daniel-scioli-en-bs-as\/#article","isPartOf":{"@id":"https:\/\/cvinoticias.com\/v3\/passalacqua-se-reunio-con-daniel-scioli-en-bs-as\/"},"author":{"name":"f1000024","@id":"https:\/\/cvinoticias.com\/v3\/#\/schema\/person\/2db77e3c6bc03c538495d7b2b8be9b66"},"headline":"Passalacqua se reuni\u00f3 con Daniel Scioli en Bs.As.","datePublished":"2024-03-01T00:09:04+00:00","dateModified":"2024-04-04T13:40:57+00:00","mainEntityOfPage":{"@id":"https:\/\/cvinoticias.com\/v3\/passalacqua-se-reunio-con-daniel-scioli-en-bs-as\/"},"wordCount":229,"commentCount":0,"publisher":{"@id":"https:\/\/cvinoticias.com\/v3\/#organization"},"image":{"@id":"https:\/\/cvinoticias.com\/v3\/passalacqua-se-reunio-con-daniel-scioli-en-bs-as\/#primaryimage"},"thumbnailUrl":"https:\/\/cvinoticias.com\/wp-content\/uploads\/2024\/02\/Passalacqua-scioli-768x575-1.jpg","articleSection":["Provinciales"],"inLanguage":"es","potentialAction":[{"@type":"CommentAction","name":"Comment","target":["https:\/\/cvinoticias.com\/v3\/passalacqua-se-reunio-con-daniel-scioli-en-bs-as\/#respond"]}]},{"@type":"WebPage","@id":"https:\/\/cvinoticias.com\/v3\/passalacqua-se-reunio-con-daniel-scioli-en-bs-as\/","url":"https:\/\/cvinoticias.com\/v3\/passalacqua-se-reunio-con-daniel-scioli-en-bs-as\/","name":"Passalacqua se reuni\u00f3 con Daniel Scioli en Bs.As. | CVI NOTICIAS","isPartOf":{"@id":"https:\/\/cvinoticias.com\/v3\/#website"},"primaryImageOfPage":{"@id":"https:\/\/cvinoticias.com\/v3\/passalacqua-se-reunio-con-daniel-scioli-en-bs-as\/#primaryimage"},"image":{"@id":"https:\/\/cvinoticias.com\/v3\/passalacqua-se-reunio-con-daniel-scioli-en-bs-as\/#primaryimage"},"thumbnailUrl":"https:\/\/cvinoticias.com\/wp-content\/uploads\/2024\/02\/Passalacqua-scioli-768x575-1.jpg","datePublished":"2024-03-01T00:09:04+00:00","dateModified":"2024-04-04T13:40:57+00:00","breadcrumb":{"@id":"https:\/\/cvinoticias.com\/v3\/passalacqua-se-reunio-con-daniel-scioli-en-bs-as\/#breadcrumb"},"inLanguage":"es","potentialAction":[{"@type":"ReadAction","target":["https:\/\/cvinoticias.com\/v3\/passalacqua-se-reunio-con-daniel-scioli-en-bs-as\/"]}]},{"@type":"ImageObject","inLanguage":"es","@id":"https:\/\/cvinoticias.com\/v3\/passalacqua-se-reunio-con-daniel-scioli-en-bs-as\/#primaryimage","url":"https:\/\/cvinoticias.com\/wp-content\/uploads\/2024\/02\/Passalacqua-scioli-768x575-1.jpg","contentUrl":"https:\/\/cvinoticias.com\/wp-content\/uploads\/2024\/02\/Passalacqua-scioli-768x575-1.jpg","width":768,"height":575},{"@type":"BreadcrumbList","@id":"https:\/\/cvinoticias.com\/v3\/passalacqua-se-reunio-con-daniel-scioli-en-bs-as\/#breadcrumb","itemListElement":[{"@type":"ListItem","position":1,"name":"Portada","item":"https:\/\/cvinoticias.com\/v3\/"},{"@type":"ListItem","position":2,"name":"Passalacqua se reuni\u00f3 con Daniel Scioli en Bs.As."}]},{"@type":"WebSite","@id":"https:\/\/cvinoticias.com\/v3\/#website","url":"https:\/\/cvinoticias.com\/v3\/","name":"CVI NOTICIAS","description":"","publisher":{"@id":"https:\/\/cvinoticias.com\/v3\/#organization"},"alternateName":"CVI","potentialAction":[{"@type":"SearchAction","target":{"@type":"EntryPoint","urlTemplate":"https:\/\/cvinoticias.com\/v3\/?s={search_term_string}"},"query-input":{"@type":"PropertyValueSpecification","valueRequired":true,"valueName":"search_term_string"}}],"inLanguage":"es"},{"@type":"Organization","@id":"https:\/\/cvinoticias.com\/v3\/#organization","name":"CVI NOTICIAS","url":"https:\/\/cvinoticias.com\/v3\/","logo":{"@type":"ImageObject","inLanguage":"es","@id":"https:\/\/cvinoticias.com\/v3\/#\/schema\/logo\/image\/","url":"https:\/\/cvinoticias.com\/wp-content\/uploads\/2023\/04\/cropped-cropped-cropped-cropped-cropped-3-1.png","contentUrl":"https:\/\/cvinoticias.com\/wp-content\/uploads\/2023\/04\/cropped-cropped-cropped-cropped-cropped-3-1.png","width":95,"height":122,"caption":"CVI NOTICIAS"},"image":{"@id":"https:\/\/cvinoticias.com\/v3\/#\/schema\/logo\/image\/"},"sameAs":["https:\/\/www.facebook.com\/cvinoticias","https:\/\/www.instagram.com\/cvinoticias\/","https:\/\/www.youtube.com\/@CVINOTICIAS"]},{"@type":"Person","@id":"https:\/\/cvinoticias.com\/v3\/#\/schema\/person\/2db77e3c6bc03c538495d7b2b8be9b66","name":"f1000024","image":{"@type":"ImageObject","inLanguage":"es","@id":"https:\/\/secure.gravatar.com\/avatar\/d4fe7459cfc51ff5129ce1a732bbef5928568b8092d412ef95611616376bbeed?s=96&d=mm&r=g","url":"https:\/\/secure.gravatar.com\/avatar\/d4fe7459cfc51ff5129ce1a732bbef5928568b8092d412ef95611616376bbeed?s=96&d=mm&r=g","contentUrl":"https:\/\/secure.gravatar.com\/avatar\/d4fe7459cfc51ff5129ce1a732bbef5928568b8092d412ef95611616376bbeed?s=96&d=mm&r=g","caption":"f1000024"},"url":"https:\/\/cvinoticias.com\/v3\/author\/f1000024\/"}]}},"_links":{"self":[{"href":"https:\/\/cvinoticias.com\/v3\/wp-json\/wp\/v2\/posts\/32241","targetHints":{"allow":["GET"]}}],"collection":[{"href":"https:\/\/cvinoticias.com\/v3\/wp-json\/wp\/v2\/posts"}],"about":[{"href":"https:\/\/cvinoticias.com\/v3\/wp-json\/wp\/v2\/types\/post"}],"author":[{"embeddable":true,"href":"https:\/\/cvinoticias.com\/v3\/wp-json\/wp\/v2\/users\/2"}],"replies":[{"embeddable":true,"href":"https:\/\/cvinoticias.com\/v3\/wp-json\/wp\/v2\/comments?post=32241"}],"version-history":[{"count":1,"href":"https:\/\/cvinoticias.com\/v3\/wp-json\/wp\/v2\/posts\/32241\/revisions"}],"predecessor-version":[{"id":32243,"href":"https:\/\/cvinoticias.com\/v3\/wp-json\/wp\/v2\/posts\/32241\/revisions\/32243"}],"wp:featuredmedia":[{"embeddable":true,"href":"https:\/\/cvinoticias.com\/v3\/wp-json\/wp\/v2\/media\/32242"}],"wp:attachment":[{"href":"https:\/\/cvinoticias.com\/v3\/wp-json\/wp\/v2\/media?parent=32241"}],"wp:term":[{"taxonomy":"category","embeddable":true,"href":"https:\/\/cvinoticias.com\/v3\/wp-json\/wp\/v2\/categories?post=32241"},{"taxonomy":"post_tag","embeddable":true,"href":"https:\/\/cvinoticias.com\/v3\/wp-json\/wp\/v2\/tags?post=32241"}],"curies":[{"name":"wp","href":"https:\/\/api.w.org\/{rel}","templated":true}]}}