{"id":31948,"date":"2024-02-13T20:53:25","date_gmt":"2024-02-13T23:53:25","guid":{"rendered":"https:\/\/cvinoticias.com\/v3\/?p=31948"},"modified":"2024-04-04T10:42:03","modified_gmt":"2024-04-04T13:42:03","slug":"13-de-febrero-dia-mundial-de-la-radio","status":"publish","type":"post","link":"https:\/\/cvinoticias.com\/v3\/13-de-febrero-dia-mundial-de-la-radio\/","title":{"rendered":"13 de Febrero: D\u00eda Mundial de la Radio"},"content":{"rendered":"\n<p class=\"has-black-color has-text-color has-link-color wp-elements-be038fe16f29ed7df9ac5731e547263a\"><strong>Desde el a\u00f1o 2012 se celebra el d\u00eda Mundial de la Radio, proclamado por la UNESCO.<\/strong><\/p>\n\n\n\n<p><strong><em>La radio es hoy por hoy el medio informativo m\u00e1s extenso, elegida por millones de personas en todos los rincones del mundo.<\/em><\/strong><\/p>\n\n\n\n<p>M\u00e1s all\u00e1 de los avances tecnol\u00f3gicos y nuevos sistemas de comunicaci\u00f3n que han surgido en el \u00faltimo siglo, sigue siendo uno de los medios mas elegidos.<\/p>\n\n\n\n<p><em style=\"\"><b>El objetivo pricipal de este d\u00eda es hacer de la radio un medio interactivo que propicie el debate para tratar distintos temas que interesan a la comunidad toda. Ade<\/b><\/em><strong><em>m\u00e1s, la radio tiene la ventaja de llegar a lugares remotos, que no es posible el uso de otras tecnolog\u00edas mas modernas.<\/em><\/strong><\/p>\n\n\n\n<p><strong>LA CREACI\u00d3N DE LA RADIO:<\/strong><\/p>\n\n\n\n<p>Aunque para la historia ha quedado que el inventor de la radio fue Guillermo Marconi, realmente fue <em style=\"\"><b>Nikola Tesla qu<\/b><\/em><strong><em>ien, en 1895<\/em><\/strong> <strong><em>invent\u00f3<\/em><\/strong> <strong><em>un sistema para transmitir mensajes de voz sin hilos.<\/em><\/strong><\/p>\n\n\n\n<p>El inventor de la radio remarcaba: <em style=\"\"><b>\u00abla ciencia no es m\u00e1s que pervers<\/b><\/em><strong><em>i\u00f3n en si misma a menos que tenga como objetivo \u00faltimo mejorar la humanidad\u00bb<\/em><\/strong><\/p>\n\n\n\n<p><strong><em>\u00abEN EL DIA MUNDIAL DE LA RADIO, UN RECONOCIMIENTO PARA LAS Y LOS TRABAJADORES QUE MANTIENEN VIVA LA MAGIA DE LA RADIO, INFORMANDO Y ACOMPA\u00d1ANDO, EN ESPECIAL A AQUELLOS QUE LO HACEN DEL LADO DE LOS TRABAJADORES Y SECTORES POPULARES\u00bb<\/em><\/strong><\/p>\n\n\n\n<p><\/p>\n\n\n\n<p><\/p>\n\n\n\n<p><\/p>\n","protected":false},"excerpt":{"rendered":"<p>Desde el a\u00f1o 2012 se celebra el d\u00eda Mundial de la Radio, proclamado por la UNESCO. La radio es hoy por hoy el medio informativo m\u00e1s extenso, elegida por millones de personas en todos los rincones del mundo. M\u00e1s all\u00e1 de los avances tecnol\u00f3gicos y nuevos sistemas de comunicaci\u00f3n que han surgido en el \u00faltimo [&hellip;]<\/p>\n","protected":false},"author":2,"featured_media":31950,"comment_status":"open","ping_status":"open","sticky":false,"template":"","format":"standard","meta":{"footnotes":""},"categories":[441,442],"tags":[],"class_list":["post-31948","post","type-post","status-publish","format-standard","has-post-thumbnail","hentry","category-efemerides","category-efemerides-2"],"yoast_head":"<!-- This site is optimized with the Yoast SEO plugin v27.4 - https:\/\/yoast.com\/product\/yoast-seo-wordpress\/ -->\n<title>13 de Febrero: D\u00eda Mundial de la Radio | CVI NOTICIAS<\/title>\n<meta name=\"robots\" content=\"index, follow, max-snippet:-1, max-image-preview:large, max-video-preview:-1\" \/>\n<link rel=\"canonical\" href=\"https:\/\/cvinoticias.com\/v3\/13-de-febrero-dia-mundial-de-la-radio\/\" \/>\n<meta property=\"og:locale\" content=\"es_ES\" \/>\n<meta property=\"og:type\" content=\"article\" \/>\n<meta property=\"og:title\" content=\"13 de Febrero: D\u00eda Mundial de la Radio | CVI NOTICIAS\" \/>\n<meta property=\"og:description\" content=\"Desde el a\u00f1o 2012 se celebra el d\u00eda Mundial de la Radio, proclamado por la UNESCO. La radio es hoy por hoy el medio informativo m\u00e1s extenso, elegida por millones de personas en todos los rincones del mundo. M\u00e1s all\u00e1 de los avances tecnol\u00f3gicos y nuevos sistemas de comunicaci\u00f3n que han surgido en el \u00faltimo [&hellip;]\" \/>\n<meta property=\"og:url\" content=\"https:\/\/cvinoticias.com\/v3\/13-de-febrero-dia-mundial-de-la-radio\/\" \/>\n<meta property=\"og:site_name\" content=\"CVI NOTICIAS\" \/>\n<meta property=\"article:publisher\" content=\"https:\/\/www.facebook.com\/cvinoticias\" \/>\n<meta property=\"article:published_time\" content=\"2024-02-13T23:53:25+00:00\" \/>\n<meta property=\"article:modified_time\" content=\"2024-04-04T13:42:03+00:00\" \/>\n<meta property=\"og:image\" content=\"https:\/\/cvinoticias.com\/wp-content\/uploads\/2024\/02\/RADIO.jpg\" \/>\n\t<meta property=\"og:image:width\" content=\"474\" \/>\n\t<meta property=\"og:image:height\" content=\"266\" \/>\n\t<meta property=\"og:image:type\" content=\"image\/jpeg\" \/>\n<meta name=\"author\" content=\"f1000024\" \/>\n<meta name=\"twitter:card\" content=\"summary_large_image\" \/>\n<meta name=\"twitter:label1\" content=\"Escrito por\" \/>\n\t<meta name=\"twitter:data1\" content=\"f1000024\" \/>\n\t<meta name=\"twitter:label2\" content=\"Tiempo de lectura\" \/>\n\t<meta name=\"twitter:data2\" content=\"1 minuto\" \/>\n<script type=\"application\/ld+json\" class=\"yoast-schema-graph\">{\"@context\":\"https:\\\/\\\/schema.org\",\"@graph\":[{\"@type\":\"Article\",\"@id\":\"https:\\\/\\\/cvinoticias.com\\\/v3\\\/13-de-febrero-dia-mundial-de-la-radio\\\/#article\",\"isPartOf\":{\"@id\":\"https:\\\/\\\/cvinoticias.com\\\/v3\\\/13-de-febrero-dia-mundial-de-la-radio\\\/\"},\"author\":{\"name\":\"f1000024\",\"@id\":\"https:\\\/\\\/cvinoticias.com\\\/v3\\\/#\\\/schema\\\/person\\\/2db77e3c6bc03c538495d7b2b8be9b66\"},\"headline\":\"13 de Febrero: D\u00eda Mundial de la Radio\",\"datePublished\":\"2024-02-13T23:53:25+00:00\",\"dateModified\":\"2024-04-04T13:42:03+00:00\",\"mainEntityOfPage\":{\"@id\":\"https:\\\/\\\/cvinoticias.com\\\/v3\\\/13-de-febrero-dia-mundial-de-la-radio\\\/\"},\"wordCount\":239,\"commentCount\":0,\"publisher\":{\"@id\":\"https:\\\/\\\/cvinoticias.com\\\/v3\\\/#organization\"},\"image\":{\"@id\":\"https:\\\/\\\/cvinoticias.com\\\/v3\\\/13-de-febrero-dia-mundial-de-la-radio\\\/#primaryimage\"},\"thumbnailUrl\":\"https:\\\/\\\/cvinoticias.com\\\/wp-content\\\/uploads\\\/2024\\\/02\\\/RADIO.jpg\",\"articleSection\":[\"EFEMERIDES\",\"EFEMERIDES\"],\"inLanguage\":\"es\",\"potentialAction\":[{\"@type\":\"CommentAction\",\"name\":\"Comment\",\"target\":[\"https:\\\/\\\/cvinoticias.com\\\/v3\\\/13-de-febrero-dia-mundial-de-la-radio\\\/#respond\"]}]},{\"@type\":\"WebPage\",\"@id\":\"https:\\\/\\\/cvinoticias.com\\\/v3\\\/13-de-febrero-dia-mundial-de-la-radio\\\/\",\"url\":\"https:\\\/\\\/cvinoticias.com\\\/v3\\\/13-de-febrero-dia-mundial-de-la-radio\\\/\",\"name\":\"13 de Febrero: D\u00eda Mundial de la Radio | CVI NOTICIAS\",\"isPartOf\":{\"@id\":\"https:\\\/\\\/cvinoticias.com\\\/v3\\\/#website\"},\"primaryImageOfPage\":{\"@id\":\"https:\\\/\\\/cvinoticias.com\\\/v3\\\/13-de-febrero-dia-mundial-de-la-radio\\\/#primaryimage\"},\"image\":{\"@id\":\"https:\\\/\\\/cvinoticias.com\\\/v3\\\/13-de-febrero-dia-mundial-de-la-radio\\\/#primaryimage\"},\"thumbnailUrl\":\"https:\\\/\\\/cvinoticias.com\\\/wp-content\\\/uploads\\\/2024\\\/02\\\/RADIO.jpg\",\"datePublished\":\"2024-02-13T23:53:25+00:00\",\"dateModified\":\"2024-04-04T13:42:03+00:00\",\"breadcrumb\":{\"@id\":\"https:\\\/\\\/cvinoticias.com\\\/v3\\\/13-de-febrero-dia-mundial-de-la-radio\\\/#breadcrumb\"},\"inLanguage\":\"es\",\"potentialAction\":[{\"@type\":\"ReadAction\",\"target\":[\"https:\\\/\\\/cvinoticias.com\\\/v3\\\/13-de-febrero-dia-mundial-de-la-radio\\\/\"]}]},{\"@type\":\"ImageObject\",\"inLanguage\":\"es\",\"@id\":\"https:\\\/\\\/cvinoticias.com\\\/v3\\\/13-de-febrero-dia-mundial-de-la-radio\\\/#primaryimage\",\"url\":\"https:\\\/\\\/cvinoticias.com\\\/wp-content\\\/uploads\\\/2024\\\/02\\\/RADIO.jpg\",\"contentUrl\":\"https:\\\/\\\/cvinoticias.com\\\/wp-content\\\/uploads\\\/2024\\\/02\\\/RADIO.jpg\",\"width\":474,\"height\":266},{\"@type\":\"BreadcrumbList\",\"@id\":\"https:\\\/\\\/cvinoticias.com\\\/v3\\\/13-de-febrero-dia-mundial-de-la-radio\\\/#breadcrumb\",\"itemListElement\":[{\"@type\":\"ListItem\",\"position\":1,\"name\":\"Portada\",\"item\":\"https:\\\/\\\/cvinoticias.com\\\/v3\\\/\"},{\"@type\":\"ListItem\",\"position\":2,\"name\":\"13 de Febrero: D\u00eda Mundial de la Radio\"}]},{\"@type\":\"WebSite\",\"@id\":\"https:\\\/\\\/cvinoticias.com\\\/v3\\\/#website\",\"url\":\"https:\\\/\\\/cvinoticias.com\\\/v3\\\/\",\"name\":\"CVI NOTICIAS\",\"description\":\"\",\"publisher\":{\"@id\":\"https:\\\/\\\/cvinoticias.com\\\/v3\\\/#organization\"},\"alternateName\":\"CVI\",\"potentialAction\":[{\"@type\":\"SearchAction\",\"target\":{\"@type\":\"EntryPoint\",\"urlTemplate\":\"https:\\\/\\\/cvinoticias.com\\\/v3\\\/?s={search_term_string}\"},\"query-input\":{\"@type\":\"PropertyValueSpecification\",\"valueRequired\":true,\"valueName\":\"search_term_string\"}}],\"inLanguage\":\"es\"},{\"@type\":\"Organization\",\"@id\":\"https:\\\/\\\/cvinoticias.com\\\/v3\\\/#organization\",\"name\":\"CVI NOTICIAS\",\"url\":\"https:\\\/\\\/cvinoticias.com\\\/v3\\\/\",\"logo\":{\"@type\":\"ImageObject\",\"inLanguage\":\"es\",\"@id\":\"https:\\\/\\\/cvinoticias.com\\\/v3\\\/#\\\/schema\\\/logo\\\/image\\\/\",\"url\":\"https:\\\/\\\/cvinoticias.com\\\/wp-content\\\/uploads\\\/2023\\\/04\\\/cropped-cropped-cropped-cropped-cropped-3-1.png\",\"contentUrl\":\"https:\\\/\\\/cvinoticias.com\\\/wp-content\\\/uploads\\\/2023\\\/04\\\/cropped-cropped-cropped-cropped-cropped-3-1.png\",\"width\":95,\"height\":122,\"caption\":\"CVI NOTICIAS\"},\"image\":{\"@id\":\"https:\\\/\\\/cvinoticias.com\\\/v3\\\/#\\\/schema\\\/logo\\\/image\\\/\"},\"sameAs\":[\"https:\\\/\\\/www.facebook.com\\\/cvinoticias\",\"https:\\\/\\\/www.instagram.com\\\/cvinoticias\\\/\",\"https:\\\/\\\/www.youtube.com\\\/@CVINOTICIAS\"]},{\"@type\":\"Person\",\"@id\":\"https:\\\/\\\/cvinoticias.com\\\/v3\\\/#\\\/schema\\\/person\\\/2db77e3c6bc03c538495d7b2b8be9b66\",\"name\":\"f1000024\",\"image\":{\"@type\":\"ImageObject\",\"inLanguage\":\"es\",\"@id\":\"https:\\\/\\\/secure.gravatar.com\\\/avatar\\\/d4fe7459cfc51ff5129ce1a732bbef5928568b8092d412ef95611616376bbeed?s=96&d=mm&r=g\",\"url\":\"https:\\\/\\\/secure.gravatar.com\\\/avatar\\\/d4fe7459cfc51ff5129ce1a732bbef5928568b8092d412ef95611616376bbeed?s=96&d=mm&r=g\",\"contentUrl\":\"https:\\\/\\\/secure.gravatar.com\\\/avatar\\\/d4fe7459cfc51ff5129ce1a732bbef5928568b8092d412ef95611616376bbeed?s=96&d=mm&r=g\",\"caption\":\"f1000024\"},\"url\":\"https:\\\/\\\/cvinoticias.com\\\/v3\\\/author\\\/f1000024\\\/\"}]}<\/script>\n<!-- \/ Yoast SEO plugin. -->","yoast_head_json":{"title":"13 de Febrero: D\u00eda Mundial de la Radio | CVI NOTICIAS","robots":{"index":"index","follow":"follow","max-snippet":"max-snippet:-1","max-image-preview":"max-image-preview:large","max-video-preview":"max-video-preview:-1"},"canonical":"https:\/\/cvinoticias.com\/v3\/13-de-febrero-dia-mundial-de-la-radio\/","og_locale":"es_ES","og_type":"article","og_title":"13 de Febrero: D\u00eda Mundial de la Radio | CVI NOTICIAS","og_description":"Desde el a\u00f1o 2012 se celebra el d\u00eda Mundial de la Radio, proclamado por la UNESCO. La radio es hoy por hoy el medio informativo m\u00e1s extenso, elegida por millones de personas en todos los rincones del mundo. M\u00e1s all\u00e1 de los avances tecnol\u00f3gicos y nuevos sistemas de comunicaci\u00f3n que han surgido en el \u00faltimo [&hellip;]","og_url":"https:\/\/cvinoticias.com\/v3\/13-de-febrero-dia-mundial-de-la-radio\/","og_site_name":"CVI NOTICIAS","article_publisher":"https:\/\/www.facebook.com\/cvinoticias","article_published_time":"2024-02-13T23:53:25+00:00","article_modified_time":"2024-04-04T13:42:03+00:00","og_image":[{"width":474,"height":266,"url":"https:\/\/cvinoticias.com\/wp-content\/uploads\/2024\/02\/RADIO.jpg","type":"image\/jpeg"}],"author":"f1000024","twitter_card":"summary_large_image","twitter_misc":{"Escrito por":"f1000024","Tiempo de lectura":"1 minuto"},"schema":{"@context":"https:\/\/schema.org","@graph":[{"@type":"Article","@id":"https:\/\/cvinoticias.com\/v3\/13-de-febrero-dia-mundial-de-la-radio\/#article","isPartOf":{"@id":"https:\/\/cvinoticias.com\/v3\/13-de-febrero-dia-mundial-de-la-radio\/"},"author":{"name":"f1000024","@id":"https:\/\/cvinoticias.com\/v3\/#\/schema\/person\/2db77e3c6bc03c538495d7b2b8be9b66"},"headline":"13 de Febrero: D\u00eda Mundial de la Radio","datePublished":"2024-02-13T23:53:25+00:00","dateModified":"2024-04-04T13:42:03+00:00","mainEntityOfPage":{"@id":"https:\/\/cvinoticias.com\/v3\/13-de-febrero-dia-mundial-de-la-radio\/"},"wordCount":239,"commentCount":0,"publisher":{"@id":"https:\/\/cvinoticias.com\/v3\/#organization"},"image":{"@id":"https:\/\/cvinoticias.com\/v3\/13-de-febrero-dia-mundial-de-la-radio\/#primaryimage"},"thumbnailUrl":"https:\/\/cvinoticias.com\/wp-content\/uploads\/2024\/02\/RADIO.jpg","articleSection":["EFEMERIDES","EFEMERIDES"],"inLanguage":"es","potentialAction":[{"@type":"CommentAction","name":"Comment","target":["https:\/\/cvinoticias.com\/v3\/13-de-febrero-dia-mundial-de-la-radio\/#respond"]}]},{"@type":"WebPage","@id":"https:\/\/cvinoticias.com\/v3\/13-de-febrero-dia-mundial-de-la-radio\/","url":"https:\/\/cvinoticias.com\/v3\/13-de-febrero-dia-mundial-de-la-radio\/","name":"13 de Febrero: D\u00eda Mundial de la Radio | CVI NOTICIAS","isPartOf":{"@id":"https:\/\/cvinoticias.com\/v3\/#website"},"primaryImageOfPage":{"@id":"https:\/\/cvinoticias.com\/v3\/13-de-febrero-dia-mundial-de-la-radio\/#primaryimage"},"image":{"@id":"https:\/\/cvinoticias.com\/v3\/13-de-febrero-dia-mundial-de-la-radio\/#primaryimage"},"thumbnailUrl":"https:\/\/cvinoticias.com\/wp-content\/uploads\/2024\/02\/RADIO.jpg","datePublished":"2024-02-13T23:53:25+00:00","dateModified":"2024-04-04T13:42:03+00:00","breadcrumb":{"@id":"https:\/\/cvinoticias.com\/v3\/13-de-febrero-dia-mundial-de-la-radio\/#breadcrumb"},"inLanguage":"es","potentialAction":[{"@type":"ReadAction","target":["https:\/\/cvinoticias.com\/v3\/13-de-febrero-dia-mundial-de-la-radio\/"]}]},{"@type":"ImageObject","inLanguage":"es","@id":"https:\/\/cvinoticias.com\/v3\/13-de-febrero-dia-mundial-de-la-radio\/#primaryimage","url":"https:\/\/cvinoticias.com\/wp-content\/uploads\/2024\/02\/RADIO.jpg","contentUrl":"https:\/\/cvinoticias.com\/wp-content\/uploads\/2024\/02\/RADIO.jpg","width":474,"height":266},{"@type":"BreadcrumbList","@id":"https:\/\/cvinoticias.com\/v3\/13-de-febrero-dia-mundial-de-la-radio\/#breadcrumb","itemListElement":[{"@type":"ListItem","position":1,"name":"Portada","item":"https:\/\/cvinoticias.com\/v3\/"},{"@type":"ListItem","position":2,"name":"13 de Febrero: D\u00eda Mundial de la Radio"}]},{"@type":"WebSite","@id":"https:\/\/cvinoticias.com\/v3\/#website","url":"https:\/\/cvinoticias.com\/v3\/","name":"CVI NOTICIAS","description":"","publisher":{"@id":"https:\/\/cvinoticias.com\/v3\/#organization"},"alternateName":"CVI","potentialAction":[{"@type":"SearchAction","target":{"@type":"EntryPoint","urlTemplate":"https:\/\/cvinoticias.com\/v3\/?s={search_term_string}"},"query-input":{"@type":"PropertyValueSpecification","valueRequired":true,"valueName":"search_term_string"}}],"inLanguage":"es"},{"@type":"Organization","@id":"https:\/\/cvinoticias.com\/v3\/#organization","name":"CVI NOTICIAS","url":"https:\/\/cvinoticias.com\/v3\/","logo":{"@type":"ImageObject","inLanguage":"es","@id":"https:\/\/cvinoticias.com\/v3\/#\/schema\/logo\/image\/","url":"https:\/\/cvinoticias.com\/wp-content\/uploads\/2023\/04\/cropped-cropped-cropped-cropped-cropped-3-1.png","contentUrl":"https:\/\/cvinoticias.com\/wp-content\/uploads\/2023\/04\/cropped-cropped-cropped-cropped-cropped-3-1.png","width":95,"height":122,"caption":"CVI NOTICIAS"},"image":{"@id":"https:\/\/cvinoticias.com\/v3\/#\/schema\/logo\/image\/"},"sameAs":["https:\/\/www.facebook.com\/cvinoticias","https:\/\/www.instagram.com\/cvinoticias\/","https:\/\/www.youtube.com\/@CVINOTICIAS"]},{"@type":"Person","@id":"https:\/\/cvinoticias.com\/v3\/#\/schema\/person\/2db77e3c6bc03c538495d7b2b8be9b66","name":"f1000024","image":{"@type":"ImageObject","inLanguage":"es","@id":"https:\/\/secure.gravatar.com\/avatar\/d4fe7459cfc51ff5129ce1a732bbef5928568b8092d412ef95611616376bbeed?s=96&d=mm&r=g","url":"https:\/\/secure.gravatar.com\/avatar\/d4fe7459cfc51ff5129ce1a732bbef5928568b8092d412ef95611616376bbeed?s=96&d=mm&r=g","contentUrl":"https:\/\/secure.gravatar.com\/avatar\/d4fe7459cfc51ff5129ce1a732bbef5928568b8092d412ef95611616376bbeed?s=96&d=mm&r=g","caption":"f1000024"},"url":"https:\/\/cvinoticias.com\/v3\/author\/f1000024\/"}]}},"_links":{"self":[{"href":"https:\/\/cvinoticias.com\/v3\/wp-json\/wp\/v2\/posts\/31948","targetHints":{"allow":["GET"]}}],"collection":[{"href":"https:\/\/cvinoticias.com\/v3\/wp-json\/wp\/v2\/posts"}],"about":[{"href":"https:\/\/cvinoticias.com\/v3\/wp-json\/wp\/v2\/types\/post"}],"author":[{"embeddable":true,"href":"https:\/\/cvinoticias.com\/v3\/wp-json\/wp\/v2\/users\/2"}],"replies":[{"embeddable":true,"href":"https:\/\/cvinoticias.com\/v3\/wp-json\/wp\/v2\/comments?post=31948"}],"version-history":[{"count":2,"href":"https:\/\/cvinoticias.com\/v3\/wp-json\/wp\/v2\/posts\/31948\/revisions"}],"predecessor-version":[{"id":31951,"href":"https:\/\/cvinoticias.com\/v3\/wp-json\/wp\/v2\/posts\/31948\/revisions\/31951"}],"wp:featuredmedia":[{"embeddable":true,"href":"https:\/\/cvinoticias.com\/v3\/wp-json\/wp\/v2\/media\/31950"}],"wp:attachment":[{"href":"https:\/\/cvinoticias.com\/v3\/wp-json\/wp\/v2\/media?parent=31948"}],"wp:term":[{"taxonomy":"category","embeddable":true,"href":"https:\/\/cvinoticias.com\/v3\/wp-json\/wp\/v2\/categories?post=31948"},{"taxonomy":"post_tag","embeddable":true,"href":"https:\/\/cvinoticias.com\/v3\/wp-json\/wp\/v2\/tags?post=31948"}],"curies":[{"name":"wp","href":"https:\/\/api.w.org\/{rel}","templated":true}]}}