{"id":3192,"date":"2021-03-06T22:32:54","date_gmt":"2021-03-06T22:32:54","guid":{"rendered":"https:\/\/cvinoticias.com\/v3\/?p=3192"},"modified":"2021-03-06T22:32:54","modified_gmt":"2021-03-06T22:32:54","slug":"iguazu-la-policia-recupero-indumentaria-de-fuerzas-de-seguridad-que-habian-sido-comercializadas-hay-un-detenido","status":"publish","type":"post","link":"https:\/\/cvinoticias.com\/v3\/iguazu-la-policia-recupero-indumentaria-de-fuerzas-de-seguridad-que-habian-sido-comercializadas-hay-un-detenido\/","title":{"rendered":"Iguaz\u00fa: La Polic\u00eda recuper\u00f3 indumentaria de fuerzas de seguridad que hab\u00edan sido comercializadas: hay un detenido"},"content":{"rendered":"\n<p><\/p>\n\n\n\n<p><strong><em>La investigaci\u00f3n se inici\u00f3 a ra\u00edz de la denuncia de Zunilda A. Quien quien relat\u00f3 ante la Comisar\u00eda jurisdiccional que el pasado jueves alrededor de las 08.00 horas constat\u00f3 que personas desconocidos tras violentar el ventiluz del Comercio destinado a la venta de indumentaria militar ubicado en la zona c\u00e9ntrica de esta ciudad sustrajeron distintos elementos.<\/em><\/strong><\/p>\n\n\n\n<p>Inmediatamente abocados a la investigaci\u00f3n y esclarecimiento del hecho, como resultado de intensas pesquisas el personal encubierto llego hasta una vecina quien manifest\u00f3 haber adquirido los elementos de buena fe. Los investigadores le explicaron los pormenores de ma situaciones y esta no dud\u00f3 en entregar los elementos malhabidos, ademas indicando qui\u00e9n ser\u00eda el vendedor.<\/p>\n\n\n\n<p>En las \u00faltimas horas en la v\u00eda p\u00fablica la polic\u00eda detuvo a un joven de 29 a\u00f1os quien fue puesto a disposici\u00f3n de la justicia en averiguaci\u00f3n del hecho. En tanto los elementos seran restituidos a su propietaria.<\/p>\n","protected":false},"excerpt":{"rendered":"<p>La investigaci\u00f3n se inici\u00f3 a ra\u00edz de la denuncia de Zunilda A. Quien quien relat\u00f3 ante la Comisar\u00eda jurisdiccional que el pasado jueves alrededor de las 08.00 horas constat\u00f3 que personas desconocidos tras violentar el ventiluz del Comercio destinado a la venta de indumentaria militar ubicado en la zona c\u00e9ntrica de esta ciudad sustrajeron distintos [&hellip;]<\/p>\n","protected":false},"author":2,"featured_media":3193,"comment_status":"open","ping_status":"open","sticky":false,"template":"","format":"standard","meta":{"footnotes":""},"categories":[41],"tags":[],"class_list":["post-3192","post","type-post","status-publish","format-standard","has-post-thumbnail","hentry","category-policiales"],"yoast_head":"<!-- This site is optimized with the Yoast SEO plugin v27.5 - https:\/\/yoast.com\/product\/yoast-seo-wordpress\/ -->\n<title>Iguaz\u00fa: La Polic\u00eda recuper\u00f3 indumentaria de fuerzas de seguridad que hab\u00edan sido comercializadas: hay un detenido | CVI NOTICIAS<\/title>\n<meta name=\"robots\" content=\"index, follow, max-snippet:-1, max-image-preview:large, max-video-preview:-1\" \/>\n<link rel=\"canonical\" href=\"https:\/\/cvinoticias.com\/v3\/iguazu-la-policia-recupero-indumentaria-de-fuerzas-de-seguridad-que-habian-sido-comercializadas-hay-un-detenido\/\" \/>\n<meta property=\"og:locale\" content=\"es_ES\" \/>\n<meta property=\"og:type\" content=\"article\" \/>\n<meta property=\"og:title\" content=\"Iguaz\u00fa: La Polic\u00eda recuper\u00f3 indumentaria de fuerzas de seguridad que hab\u00edan sido comercializadas: hay un detenido | CVI NOTICIAS\" \/>\n<meta property=\"og:description\" content=\"La investigaci\u00f3n se inici\u00f3 a ra\u00edz de la denuncia de Zunilda A. Quien quien relat\u00f3 ante la Comisar\u00eda jurisdiccional que el pasado jueves alrededor de las 08.00 horas constat\u00f3 que personas desconocidos tras violentar el ventiluz del Comercio destinado a la venta de indumentaria militar ubicado en la zona c\u00e9ntrica de esta ciudad sustrajeron distintos [&hellip;]\" \/>\n<meta property=\"og:url\" content=\"https:\/\/cvinoticias.com\/v3\/iguazu-la-policia-recupero-indumentaria-de-fuerzas-de-seguridad-que-habian-sido-comercializadas-hay-un-detenido\/\" \/>\n<meta property=\"og:site_name\" content=\"CVI NOTICIAS\" \/>\n<meta property=\"article:publisher\" content=\"https:\/\/www.facebook.com\/cvinoticias\" \/>\n<meta property=\"article:published_time\" content=\"2021-03-06T22:32:54+00:00\" \/>\n<meta property=\"og:image\" content=\"https:\/\/cvinoticias.com\/wp-content\/uploads\/2021\/03\/FB_IMG_1615069770937.jpg\" \/>\n\t<meta property=\"og:image:width\" content=\"960\" \/>\n\t<meta property=\"og:image:height\" content=\"1280\" \/>\n\t<meta property=\"og:image:type\" content=\"image\/jpeg\" \/>\n<meta name=\"author\" content=\"f1000024\" \/>\n<meta name=\"twitter:card\" content=\"summary_large_image\" \/>\n<meta name=\"twitter:label1\" content=\"Escrito por\" \/>\n\t<meta name=\"twitter:data1\" content=\"f1000024\" \/>\n\t<meta name=\"twitter:label2\" content=\"Tiempo de lectura\" \/>\n\t<meta name=\"twitter:data2\" content=\"1 minuto\" \/>\n<script type=\"application\/ld+json\" class=\"yoast-schema-graph\">{\"@context\":\"https:\\\/\\\/schema.org\",\"@graph\":[{\"@type\":\"Article\",\"@id\":\"https:\\\/\\\/cvinoticias.com\\\/v3\\\/iguazu-la-policia-recupero-indumentaria-de-fuerzas-de-seguridad-que-habian-sido-comercializadas-hay-un-detenido\\\/#article\",\"isPartOf\":{\"@id\":\"https:\\\/\\\/cvinoticias.com\\\/v3\\\/iguazu-la-policia-recupero-indumentaria-de-fuerzas-de-seguridad-que-habian-sido-comercializadas-hay-un-detenido\\\/\"},\"author\":{\"name\":\"f1000024\",\"@id\":\"https:\\\/\\\/cvinoticias.com\\\/v3\\\/#\\\/schema\\\/person\\\/2db77e3c6bc03c538495d7b2b8be9b66\"},\"headline\":\"Iguaz\u00fa: La Polic\u00eda recuper\u00f3 indumentaria de fuerzas de seguridad que hab\u00edan sido comercializadas: hay un detenido\",\"datePublished\":\"2021-03-06T22:32:54+00:00\",\"mainEntityOfPage\":{\"@id\":\"https:\\\/\\\/cvinoticias.com\\\/v3\\\/iguazu-la-policia-recupero-indumentaria-de-fuerzas-de-seguridad-que-habian-sido-comercializadas-hay-un-detenido\\\/\"},\"wordCount\":177,\"commentCount\":0,\"publisher\":{\"@id\":\"https:\\\/\\\/cvinoticias.com\\\/v3\\\/#organization\"},\"image\":{\"@id\":\"https:\\\/\\\/cvinoticias.com\\\/v3\\\/iguazu-la-policia-recupero-indumentaria-de-fuerzas-de-seguridad-que-habian-sido-comercializadas-hay-un-detenido\\\/#primaryimage\"},\"thumbnailUrl\":\"https:\\\/\\\/cvinoticias.com\\\/wp-content\\\/uploads\\\/2021\\\/03\\\/FB_IMG_1615069770937.jpg\",\"articleSection\":[\"Policiales\"],\"inLanguage\":\"es\",\"potentialAction\":[{\"@type\":\"CommentAction\",\"name\":\"Comment\",\"target\":[\"https:\\\/\\\/cvinoticias.com\\\/v3\\\/iguazu-la-policia-recupero-indumentaria-de-fuerzas-de-seguridad-que-habian-sido-comercializadas-hay-un-detenido\\\/#respond\"]}]},{\"@type\":\"WebPage\",\"@id\":\"https:\\\/\\\/cvinoticias.com\\\/v3\\\/iguazu-la-policia-recupero-indumentaria-de-fuerzas-de-seguridad-que-habian-sido-comercializadas-hay-un-detenido\\\/\",\"url\":\"https:\\\/\\\/cvinoticias.com\\\/v3\\\/iguazu-la-policia-recupero-indumentaria-de-fuerzas-de-seguridad-que-habian-sido-comercializadas-hay-un-detenido\\\/\",\"name\":\"Iguaz\u00fa: La Polic\u00eda recuper\u00f3 indumentaria de fuerzas de seguridad que hab\u00edan sido comercializadas: hay un detenido | CVI NOTICIAS\",\"isPartOf\":{\"@id\":\"https:\\\/\\\/cvinoticias.com\\\/v3\\\/#website\"},\"primaryImageOfPage\":{\"@id\":\"https:\\\/\\\/cvinoticias.com\\\/v3\\\/iguazu-la-policia-recupero-indumentaria-de-fuerzas-de-seguridad-que-habian-sido-comercializadas-hay-un-detenido\\\/#primaryimage\"},\"image\":{\"@id\":\"https:\\\/\\\/cvinoticias.com\\\/v3\\\/iguazu-la-policia-recupero-indumentaria-de-fuerzas-de-seguridad-que-habian-sido-comercializadas-hay-un-detenido\\\/#primaryimage\"},\"thumbnailUrl\":\"https:\\\/\\\/cvinoticias.com\\\/wp-content\\\/uploads\\\/2021\\\/03\\\/FB_IMG_1615069770937.jpg\",\"datePublished\":\"2021-03-06T22:32:54+00:00\",\"breadcrumb\":{\"@id\":\"https:\\\/\\\/cvinoticias.com\\\/v3\\\/iguazu-la-policia-recupero-indumentaria-de-fuerzas-de-seguridad-que-habian-sido-comercializadas-hay-un-detenido\\\/#breadcrumb\"},\"inLanguage\":\"es\",\"potentialAction\":[{\"@type\":\"ReadAction\",\"target\":[\"https:\\\/\\\/cvinoticias.com\\\/v3\\\/iguazu-la-policia-recupero-indumentaria-de-fuerzas-de-seguridad-que-habian-sido-comercializadas-hay-un-detenido\\\/\"]}]},{\"@type\":\"ImageObject\",\"inLanguage\":\"es\",\"@id\":\"https:\\\/\\\/cvinoticias.com\\\/v3\\\/iguazu-la-policia-recupero-indumentaria-de-fuerzas-de-seguridad-que-habian-sido-comercializadas-hay-un-detenido\\\/#primaryimage\",\"url\":\"https:\\\/\\\/cvinoticias.com\\\/wp-content\\\/uploads\\\/2021\\\/03\\\/FB_IMG_1615069770937.jpg\",\"contentUrl\":\"https:\\\/\\\/cvinoticias.com\\\/wp-content\\\/uploads\\\/2021\\\/03\\\/FB_IMG_1615069770937.jpg\",\"width\":960,\"height\":1280},{\"@type\":\"BreadcrumbList\",\"@id\":\"https:\\\/\\\/cvinoticias.com\\\/v3\\\/iguazu-la-policia-recupero-indumentaria-de-fuerzas-de-seguridad-que-habian-sido-comercializadas-hay-un-detenido\\\/#breadcrumb\",\"itemListElement\":[{\"@type\":\"ListItem\",\"position\":1,\"name\":\"Portada\",\"item\":\"https:\\\/\\\/cvinoticias.com\\\/v3\\\/\"},{\"@type\":\"ListItem\",\"position\":2,\"name\":\"Iguaz\u00fa: La Polic\u00eda recuper\u00f3 indumentaria de fuerzas de seguridad que hab\u00edan sido comercializadas: hay un detenido\"}]},{\"@type\":\"WebSite\",\"@id\":\"https:\\\/\\\/cvinoticias.com\\\/v3\\\/#website\",\"url\":\"https:\\\/\\\/cvinoticias.com\\\/v3\\\/\",\"name\":\"CVI NOTICIAS\",\"description\":\"\",\"publisher\":{\"@id\":\"https:\\\/\\\/cvinoticias.com\\\/v3\\\/#organization\"},\"alternateName\":\"CVI\",\"potentialAction\":[{\"@type\":\"SearchAction\",\"target\":{\"@type\":\"EntryPoint\",\"urlTemplate\":\"https:\\\/\\\/cvinoticias.com\\\/v3\\\/?s={search_term_string}\"},\"query-input\":{\"@type\":\"PropertyValueSpecification\",\"valueRequired\":true,\"valueName\":\"search_term_string\"}}],\"inLanguage\":\"es\"},{\"@type\":\"Organization\",\"@id\":\"https:\\\/\\\/cvinoticias.com\\\/v3\\\/#organization\",\"name\":\"CVI NOTICIAS\",\"url\":\"https:\\\/\\\/cvinoticias.com\\\/v3\\\/\",\"logo\":{\"@type\":\"ImageObject\",\"inLanguage\":\"es\",\"@id\":\"https:\\\/\\\/cvinoticias.com\\\/v3\\\/#\\\/schema\\\/logo\\\/image\\\/\",\"url\":\"https:\\\/\\\/cvinoticias.com\\\/wp-content\\\/uploads\\\/2023\\\/04\\\/cropped-cropped-cropped-cropped-cropped-3-1.png\",\"contentUrl\":\"https:\\\/\\\/cvinoticias.com\\\/wp-content\\\/uploads\\\/2023\\\/04\\\/cropped-cropped-cropped-cropped-cropped-3-1.png\",\"width\":95,\"height\":122,\"caption\":\"CVI NOTICIAS\"},\"image\":{\"@id\":\"https:\\\/\\\/cvinoticias.com\\\/v3\\\/#\\\/schema\\\/logo\\\/image\\\/\"},\"sameAs\":[\"https:\\\/\\\/www.facebook.com\\\/cvinoticias\",\"https:\\\/\\\/www.instagram.com\\\/cvinoticias\\\/\",\"https:\\\/\\\/www.youtube.com\\\/@CVINOTICIAS\"]},{\"@type\":\"Person\",\"@id\":\"https:\\\/\\\/cvinoticias.com\\\/v3\\\/#\\\/schema\\\/person\\\/2db77e3c6bc03c538495d7b2b8be9b66\",\"name\":\"f1000024\",\"image\":{\"@type\":\"ImageObject\",\"inLanguage\":\"es\",\"@id\":\"https:\\\/\\\/secure.gravatar.com\\\/avatar\\\/d4fe7459cfc51ff5129ce1a732bbef5928568b8092d412ef95611616376bbeed?s=96&d=mm&r=g\",\"url\":\"https:\\\/\\\/secure.gravatar.com\\\/avatar\\\/d4fe7459cfc51ff5129ce1a732bbef5928568b8092d412ef95611616376bbeed?s=96&d=mm&r=g\",\"contentUrl\":\"https:\\\/\\\/secure.gravatar.com\\\/avatar\\\/d4fe7459cfc51ff5129ce1a732bbef5928568b8092d412ef95611616376bbeed?s=96&d=mm&r=g\",\"caption\":\"f1000024\"},\"url\":\"https:\\\/\\\/cvinoticias.com\\\/v3\\\/author\\\/f1000024\\\/\"}]}<\/script>\n<!-- \/ Yoast SEO plugin. -->","yoast_head_json":{"title":"Iguaz\u00fa: La Polic\u00eda recuper\u00f3 indumentaria de fuerzas de seguridad que hab\u00edan sido comercializadas: hay un detenido | CVI NOTICIAS","robots":{"index":"index","follow":"follow","max-snippet":"max-snippet:-1","max-image-preview":"max-image-preview:large","max-video-preview":"max-video-preview:-1"},"canonical":"https:\/\/cvinoticias.com\/v3\/iguazu-la-policia-recupero-indumentaria-de-fuerzas-de-seguridad-que-habian-sido-comercializadas-hay-un-detenido\/","og_locale":"es_ES","og_type":"article","og_title":"Iguaz\u00fa: La Polic\u00eda recuper\u00f3 indumentaria de fuerzas de seguridad que hab\u00edan sido comercializadas: hay un detenido | CVI NOTICIAS","og_description":"La investigaci\u00f3n se inici\u00f3 a ra\u00edz de la denuncia de Zunilda A. Quien quien relat\u00f3 ante la Comisar\u00eda jurisdiccional que el pasado jueves alrededor de las 08.00 horas constat\u00f3 que personas desconocidos tras violentar el ventiluz del Comercio destinado a la venta de indumentaria militar ubicado en la zona c\u00e9ntrica de esta ciudad sustrajeron distintos [&hellip;]","og_url":"https:\/\/cvinoticias.com\/v3\/iguazu-la-policia-recupero-indumentaria-de-fuerzas-de-seguridad-que-habian-sido-comercializadas-hay-un-detenido\/","og_site_name":"CVI NOTICIAS","article_publisher":"https:\/\/www.facebook.com\/cvinoticias","article_published_time":"2021-03-06T22:32:54+00:00","og_image":[{"width":960,"height":1280,"url":"https:\/\/cvinoticias.com\/wp-content\/uploads\/2021\/03\/FB_IMG_1615069770937.jpg","type":"image\/jpeg"}],"author":"f1000024","twitter_card":"summary_large_image","twitter_misc":{"Escrito por":"f1000024","Tiempo de lectura":"1 minuto"},"schema":{"@context":"https:\/\/schema.org","@graph":[{"@type":"Article","@id":"https:\/\/cvinoticias.com\/v3\/iguazu-la-policia-recupero-indumentaria-de-fuerzas-de-seguridad-que-habian-sido-comercializadas-hay-un-detenido\/#article","isPartOf":{"@id":"https:\/\/cvinoticias.com\/v3\/iguazu-la-policia-recupero-indumentaria-de-fuerzas-de-seguridad-que-habian-sido-comercializadas-hay-un-detenido\/"},"author":{"name":"f1000024","@id":"https:\/\/cvinoticias.com\/v3\/#\/schema\/person\/2db77e3c6bc03c538495d7b2b8be9b66"},"headline":"Iguaz\u00fa: La Polic\u00eda recuper\u00f3 indumentaria de fuerzas de seguridad que hab\u00edan sido comercializadas: hay un detenido","datePublished":"2021-03-06T22:32:54+00:00","mainEntityOfPage":{"@id":"https:\/\/cvinoticias.com\/v3\/iguazu-la-policia-recupero-indumentaria-de-fuerzas-de-seguridad-que-habian-sido-comercializadas-hay-un-detenido\/"},"wordCount":177,"commentCount":0,"publisher":{"@id":"https:\/\/cvinoticias.com\/v3\/#organization"},"image":{"@id":"https:\/\/cvinoticias.com\/v3\/iguazu-la-policia-recupero-indumentaria-de-fuerzas-de-seguridad-que-habian-sido-comercializadas-hay-un-detenido\/#primaryimage"},"thumbnailUrl":"https:\/\/cvinoticias.com\/wp-content\/uploads\/2021\/03\/FB_IMG_1615069770937.jpg","articleSection":["Policiales"],"inLanguage":"es","potentialAction":[{"@type":"CommentAction","name":"Comment","target":["https:\/\/cvinoticias.com\/v3\/iguazu-la-policia-recupero-indumentaria-de-fuerzas-de-seguridad-que-habian-sido-comercializadas-hay-un-detenido\/#respond"]}]},{"@type":"WebPage","@id":"https:\/\/cvinoticias.com\/v3\/iguazu-la-policia-recupero-indumentaria-de-fuerzas-de-seguridad-que-habian-sido-comercializadas-hay-un-detenido\/","url":"https:\/\/cvinoticias.com\/v3\/iguazu-la-policia-recupero-indumentaria-de-fuerzas-de-seguridad-que-habian-sido-comercializadas-hay-un-detenido\/","name":"Iguaz\u00fa: La Polic\u00eda recuper\u00f3 indumentaria de fuerzas de seguridad que hab\u00edan sido comercializadas: hay un detenido | CVI NOTICIAS","isPartOf":{"@id":"https:\/\/cvinoticias.com\/v3\/#website"},"primaryImageOfPage":{"@id":"https:\/\/cvinoticias.com\/v3\/iguazu-la-policia-recupero-indumentaria-de-fuerzas-de-seguridad-que-habian-sido-comercializadas-hay-un-detenido\/#primaryimage"},"image":{"@id":"https:\/\/cvinoticias.com\/v3\/iguazu-la-policia-recupero-indumentaria-de-fuerzas-de-seguridad-que-habian-sido-comercializadas-hay-un-detenido\/#primaryimage"},"thumbnailUrl":"https:\/\/cvinoticias.com\/wp-content\/uploads\/2021\/03\/FB_IMG_1615069770937.jpg","datePublished":"2021-03-06T22:32:54+00:00","breadcrumb":{"@id":"https:\/\/cvinoticias.com\/v3\/iguazu-la-policia-recupero-indumentaria-de-fuerzas-de-seguridad-que-habian-sido-comercializadas-hay-un-detenido\/#breadcrumb"},"inLanguage":"es","potentialAction":[{"@type":"ReadAction","target":["https:\/\/cvinoticias.com\/v3\/iguazu-la-policia-recupero-indumentaria-de-fuerzas-de-seguridad-que-habian-sido-comercializadas-hay-un-detenido\/"]}]},{"@type":"ImageObject","inLanguage":"es","@id":"https:\/\/cvinoticias.com\/v3\/iguazu-la-policia-recupero-indumentaria-de-fuerzas-de-seguridad-que-habian-sido-comercializadas-hay-un-detenido\/#primaryimage","url":"https:\/\/cvinoticias.com\/wp-content\/uploads\/2021\/03\/FB_IMG_1615069770937.jpg","contentUrl":"https:\/\/cvinoticias.com\/wp-content\/uploads\/2021\/03\/FB_IMG_1615069770937.jpg","width":960,"height":1280},{"@type":"BreadcrumbList","@id":"https:\/\/cvinoticias.com\/v3\/iguazu-la-policia-recupero-indumentaria-de-fuerzas-de-seguridad-que-habian-sido-comercializadas-hay-un-detenido\/#breadcrumb","itemListElement":[{"@type":"ListItem","position":1,"name":"Portada","item":"https:\/\/cvinoticias.com\/v3\/"},{"@type":"ListItem","position":2,"name":"Iguaz\u00fa: La Polic\u00eda recuper\u00f3 indumentaria de fuerzas de seguridad que hab\u00edan sido comercializadas: hay un detenido"}]},{"@type":"WebSite","@id":"https:\/\/cvinoticias.com\/v3\/#website","url":"https:\/\/cvinoticias.com\/v3\/","name":"CVI NOTICIAS","description":"","publisher":{"@id":"https:\/\/cvinoticias.com\/v3\/#organization"},"alternateName":"CVI","potentialAction":[{"@type":"SearchAction","target":{"@type":"EntryPoint","urlTemplate":"https:\/\/cvinoticias.com\/v3\/?s={search_term_string}"},"query-input":{"@type":"PropertyValueSpecification","valueRequired":true,"valueName":"search_term_string"}}],"inLanguage":"es"},{"@type":"Organization","@id":"https:\/\/cvinoticias.com\/v3\/#organization","name":"CVI NOTICIAS","url":"https:\/\/cvinoticias.com\/v3\/","logo":{"@type":"ImageObject","inLanguage":"es","@id":"https:\/\/cvinoticias.com\/v3\/#\/schema\/logo\/image\/","url":"https:\/\/cvinoticias.com\/wp-content\/uploads\/2023\/04\/cropped-cropped-cropped-cropped-cropped-3-1.png","contentUrl":"https:\/\/cvinoticias.com\/wp-content\/uploads\/2023\/04\/cropped-cropped-cropped-cropped-cropped-3-1.png","width":95,"height":122,"caption":"CVI NOTICIAS"},"image":{"@id":"https:\/\/cvinoticias.com\/v3\/#\/schema\/logo\/image\/"},"sameAs":["https:\/\/www.facebook.com\/cvinoticias","https:\/\/www.instagram.com\/cvinoticias\/","https:\/\/www.youtube.com\/@CVINOTICIAS"]},{"@type":"Person","@id":"https:\/\/cvinoticias.com\/v3\/#\/schema\/person\/2db77e3c6bc03c538495d7b2b8be9b66","name":"f1000024","image":{"@type":"ImageObject","inLanguage":"es","@id":"https:\/\/secure.gravatar.com\/avatar\/d4fe7459cfc51ff5129ce1a732bbef5928568b8092d412ef95611616376bbeed?s=96&d=mm&r=g","url":"https:\/\/secure.gravatar.com\/avatar\/d4fe7459cfc51ff5129ce1a732bbef5928568b8092d412ef95611616376bbeed?s=96&d=mm&r=g","contentUrl":"https:\/\/secure.gravatar.com\/avatar\/d4fe7459cfc51ff5129ce1a732bbef5928568b8092d412ef95611616376bbeed?s=96&d=mm&r=g","caption":"f1000024"},"url":"https:\/\/cvinoticias.com\/v3\/author\/f1000024\/"}]}},"_links":{"self":[{"href":"https:\/\/cvinoticias.com\/v3\/wp-json\/wp\/v2\/posts\/3192","targetHints":{"allow":["GET"]}}],"collection":[{"href":"https:\/\/cvinoticias.com\/v3\/wp-json\/wp\/v2\/posts"}],"about":[{"href":"https:\/\/cvinoticias.com\/v3\/wp-json\/wp\/v2\/types\/post"}],"author":[{"embeddable":true,"href":"https:\/\/cvinoticias.com\/v3\/wp-json\/wp\/v2\/users\/2"}],"replies":[{"embeddable":true,"href":"https:\/\/cvinoticias.com\/v3\/wp-json\/wp\/v2\/comments?post=3192"}],"version-history":[{"count":1,"href":"https:\/\/cvinoticias.com\/v3\/wp-json\/wp\/v2\/posts\/3192\/revisions"}],"predecessor-version":[{"id":3194,"href":"https:\/\/cvinoticias.com\/v3\/wp-json\/wp\/v2\/posts\/3192\/revisions\/3194"}],"wp:featuredmedia":[{"embeddable":true,"href":"https:\/\/cvinoticias.com\/v3\/wp-json\/wp\/v2\/media\/3193"}],"wp:attachment":[{"href":"https:\/\/cvinoticias.com\/v3\/wp-json\/wp\/v2\/media?parent=3192"}],"wp:term":[{"taxonomy":"category","embeddable":true,"href":"https:\/\/cvinoticias.com\/v3\/wp-json\/wp\/v2\/categories?post=3192"},{"taxonomy":"post_tag","embeddable":true,"href":"https:\/\/cvinoticias.com\/v3\/wp-json\/wp\/v2\/tags?post=3192"}],"curies":[{"name":"wp","href":"https:\/\/api.w.org\/{rel}","templated":true}]}}