{"id":31357,"date":"2023-12-29T08:53:35","date_gmt":"2023-12-29T11:53:35","guid":{"rendered":"https:\/\/cvinoticias.com\/v3\/?p=31357"},"modified":"2023-12-29T08:53:35","modified_gmt":"2023-12-29T11:53:35","slug":"la-federacion-argentina-lgbt-repudio-el-posible-cierre-del-inadi","status":"publish","type":"post","link":"https:\/\/cvinoticias.com\/v3\/la-federacion-argentina-lgbt-repudio-el-posible-cierre-del-inadi\/","title":{"rendered":"La Federaci\u00f3n Argentina LGBT+ repudi\u00f3 el posible cierre del INADI"},"content":{"rendered":"\n<p><strong><em>\u00abEl trabajo que hemos desarrollado con el Inadi y con sus respectivas sedes provinciales nos ha permitido lograr un trabajo m\u00e1s efectivo y cercano con la poblaci\u00f3n m\u00e1s vulnerada por la discriminaci\u00f3n\u00bb, destac\u00f3 la federaci\u00f3n en un comunicado.<\/em><\/strong><\/p>\n\n\n\n<p>La Federaci\u00f3n Argentina LGBT+ dijo este jueves que \u00abrepudia\u00bb el intento de derogaci\u00f3n de la Ley 24.515 de creaci\u00f3n del Instituto Nacional contra la Discriminaci\u00f3n, la Xenofobia y el Racismo (Inadi) como entidad descentralizada en el \u00e1mbito del Poder Ejecutivo Nacional, organismo que el Gobierno propone eliminar en el proyecto de \u00abLey \u00f3mnibus\u00bb que present\u00f3 este mi\u00e9rcoles al Congreso.<\/p>\n\n\n\n<p>\u00abEl trabajo que hemos desarrollado con el Inadi y con sus respectivas sedes provinciales nos ha permitido lograr un trabajo m\u00e1s efectivo y cercano con la poblaci\u00f3n m\u00e1s vulnerada por la discriminaci\u00f3n\u00bb, destac\u00f3 la federaci\u00f3n en un comunicado.<\/p>\n\n\n\n<p>\u00abNos preocupa la inexistencia de un espacio institucional que trabaje espec\u00edficamente para garantizar la igualdad y no discriminaci\u00f3n hacia las v\u00edctimas de discriminaci\u00f3n\u00ab, se\u00f1al\u00f3 Flavia Massenzio, titular de la organizaci\u00f3n.<\/p>\n\n\n\n<p>Por eso, la organizaci\u00f3n pidi\u00f3 al Congreso que \u00abrechace\u00bb el cierre del Instituto, al Poder Ejecutivo que \u00abretire el proyecto\u00bb y breg\u00f3 por la continuidad laboral del personal del Inadi.<\/p>\n\n\n\n<p>\u00abEl cierre del Inadi va en contra del respeto a la diversidad y a la libertad en nuestro pa\u00eds. No se puede ser libre si la respuesta a la libertad es la violencia y la discriminaci\u00f3n. Y es el Estado quien debe velar por esa libertad\u00bb, resalt\u00f3 la federaci\u00f3n.<\/p>\n\n\n\n<p>El Instituto Nacional contra la Discriminaci\u00f3n, la Xenofobia y el Racismo<br>El Inadi surgi\u00f3 luego de los atentados a la Embajada de Israel y a la AMIA, el 5 de julio de 1995, durante la presidencia de Carlos Menem, y \u00abha sido el espacio donde los colectivos vulnerados, a trav\u00e9s de la violencia y del odio, han tenido voz, asesoramiento, contenci\u00f3n y acompa\u00f1amiento\u00ab, destac\u00f3 la ONG.<\/p>\n\n\n\n<p>El Instituto \u00abha sido vital en todo lo relacionado a la discriminaci\u00f3n, la xenofobia y el racismo difundiendo los principios normados por la Ley 23.592 Antidiscriminatoria Nacional y trabajando para prevenir y dar una respuesta a la discriminaci\u00f3n en Argentina\u00bb, a\u00f1adi\u00f3.<\/p>\n\n\n\n<p>En el art\u00edculo n\u00famero 348 del proyecto de \u00abLey \u00f3mnibus\u00bb, en el apartado de Justicia, el Poder Ejecutivo expone la derogaci\u00f3n de la Ley 24.515 que ten\u00eda por objeto la creaci\u00f3n del Inadi.<\/p>\n","protected":false},"excerpt":{"rendered":"<p>\u00abEl trabajo que hemos desarrollado con el Inadi y con sus respectivas sedes provinciales nos ha permitido lograr un trabajo m\u00e1s efectivo y cercano con la poblaci\u00f3n m\u00e1s vulnerada por la discriminaci\u00f3n\u00bb, destac\u00f3 la federaci\u00f3n en un comunicado. La Federaci\u00f3n Argentina LGBT+ dijo este jueves que \u00abrepudia\u00bb el intento de derogaci\u00f3n de la Ley 24.515 [&hellip;]<\/p>\n","protected":false},"author":2,"featured_media":31358,"comment_status":"open","ping_status":"open","sticky":false,"template":"","format":"standard","meta":{"footnotes":""},"categories":[39],"tags":[],"class_list":["post-31357","post","type-post","status-publish","format-standard","has-post-thumbnail","hentry","category-nacionales"],"yoast_head":"<!-- This site is optimized with the Yoast SEO plugin v27.4 - https:\/\/yoast.com\/product\/yoast-seo-wordpress\/ -->\n<title>La Federaci\u00f3n Argentina LGBT+ repudi\u00f3 el posible cierre del INADI | CVI NOTICIAS<\/title>\n<meta name=\"robots\" content=\"index, follow, max-snippet:-1, max-image-preview:large, max-video-preview:-1\" \/>\n<link rel=\"canonical\" href=\"https:\/\/cvinoticias.com\/v3\/la-federacion-argentina-lgbt-repudio-el-posible-cierre-del-inadi\/\" \/>\n<meta property=\"og:locale\" content=\"es_ES\" \/>\n<meta property=\"og:type\" content=\"article\" \/>\n<meta property=\"og:title\" content=\"La Federaci\u00f3n Argentina LGBT+ repudi\u00f3 el posible cierre del INADI | CVI NOTICIAS\" \/>\n<meta property=\"og:description\" content=\"\u00abEl trabajo que hemos desarrollado con el Inadi y con sus respectivas sedes provinciales nos ha permitido lograr un trabajo m\u00e1s efectivo y cercano con la poblaci\u00f3n m\u00e1s vulnerada por la discriminaci\u00f3n\u00bb, destac\u00f3 la federaci\u00f3n en un comunicado. La Federaci\u00f3n Argentina LGBT+ dijo este jueves que \u00abrepudia\u00bb el intento de derogaci\u00f3n de la Ley 24.515 [&hellip;]\" \/>\n<meta property=\"og:url\" content=\"https:\/\/cvinoticias.com\/v3\/la-federacion-argentina-lgbt-repudio-el-posible-cierre-del-inadi\/\" \/>\n<meta property=\"og:site_name\" content=\"CVI NOTICIAS\" \/>\n<meta property=\"article:publisher\" content=\"https:\/\/www.facebook.com\/cvinoticias\" \/>\n<meta property=\"article:published_time\" content=\"2023-12-29T11:53:35+00:00\" \/>\n<meta property=\"og:image\" content=\"https:\/\/cvinoticias.com\/wp-content\/uploads\/2023\/12\/18-11.jpg\" \/>\n\t<meta property=\"og:image:width\" content=\"1024\" \/>\n\t<meta property=\"og:image:height\" content=\"576\" \/>\n\t<meta property=\"og:image:type\" content=\"image\/jpeg\" \/>\n<meta name=\"author\" content=\"f1000024\" \/>\n<meta name=\"twitter:card\" content=\"summary_large_image\" \/>\n<meta name=\"twitter:label1\" content=\"Escrito por\" \/>\n\t<meta name=\"twitter:data1\" content=\"f1000024\" \/>\n\t<meta name=\"twitter:label2\" content=\"Tiempo de lectura\" \/>\n\t<meta name=\"twitter:data2\" content=\"2 minutos\" \/>\n<script type=\"application\/ld+json\" class=\"yoast-schema-graph\">{\"@context\":\"https:\\\/\\\/schema.org\",\"@graph\":[{\"@type\":\"Article\",\"@id\":\"https:\\\/\\\/cvinoticias.com\\\/v3\\\/la-federacion-argentina-lgbt-repudio-el-posible-cierre-del-inadi\\\/#article\",\"isPartOf\":{\"@id\":\"https:\\\/\\\/cvinoticias.com\\\/v3\\\/la-federacion-argentina-lgbt-repudio-el-posible-cierre-del-inadi\\\/\"},\"author\":{\"name\":\"f1000024\",\"@id\":\"https:\\\/\\\/cvinoticias.com\\\/v3\\\/#\\\/schema\\\/person\\\/2db77e3c6bc03c538495d7b2b8be9b66\"},\"headline\":\"La Federaci\u00f3n Argentina LGBT+ repudi\u00f3 el posible cierre del INADI\",\"datePublished\":\"2023-12-29T11:53:35+00:00\",\"mainEntityOfPage\":{\"@id\":\"https:\\\/\\\/cvinoticias.com\\\/v3\\\/la-federacion-argentina-lgbt-repudio-el-posible-cierre-del-inadi\\\/\"},\"wordCount\":425,\"commentCount\":0,\"publisher\":{\"@id\":\"https:\\\/\\\/cvinoticias.com\\\/v3\\\/#organization\"},\"image\":{\"@id\":\"https:\\\/\\\/cvinoticias.com\\\/v3\\\/la-federacion-argentina-lgbt-repudio-el-posible-cierre-del-inadi\\\/#primaryimage\"},\"thumbnailUrl\":\"https:\\\/\\\/cvinoticias.com\\\/wp-content\\\/uploads\\\/2023\\\/12\\\/18-11.jpg\",\"articleSection\":[\"Nacionales\"],\"inLanguage\":\"es\",\"potentialAction\":[{\"@type\":\"CommentAction\",\"name\":\"Comment\",\"target\":[\"https:\\\/\\\/cvinoticias.com\\\/v3\\\/la-federacion-argentina-lgbt-repudio-el-posible-cierre-del-inadi\\\/#respond\"]}]},{\"@type\":\"WebPage\",\"@id\":\"https:\\\/\\\/cvinoticias.com\\\/v3\\\/la-federacion-argentina-lgbt-repudio-el-posible-cierre-del-inadi\\\/\",\"url\":\"https:\\\/\\\/cvinoticias.com\\\/v3\\\/la-federacion-argentina-lgbt-repudio-el-posible-cierre-del-inadi\\\/\",\"name\":\"La Federaci\u00f3n Argentina LGBT+ repudi\u00f3 el posible cierre del INADI | CVI NOTICIAS\",\"isPartOf\":{\"@id\":\"https:\\\/\\\/cvinoticias.com\\\/v3\\\/#website\"},\"primaryImageOfPage\":{\"@id\":\"https:\\\/\\\/cvinoticias.com\\\/v3\\\/la-federacion-argentina-lgbt-repudio-el-posible-cierre-del-inadi\\\/#primaryimage\"},\"image\":{\"@id\":\"https:\\\/\\\/cvinoticias.com\\\/v3\\\/la-federacion-argentina-lgbt-repudio-el-posible-cierre-del-inadi\\\/#primaryimage\"},\"thumbnailUrl\":\"https:\\\/\\\/cvinoticias.com\\\/wp-content\\\/uploads\\\/2023\\\/12\\\/18-11.jpg\",\"datePublished\":\"2023-12-29T11:53:35+00:00\",\"breadcrumb\":{\"@id\":\"https:\\\/\\\/cvinoticias.com\\\/v3\\\/la-federacion-argentina-lgbt-repudio-el-posible-cierre-del-inadi\\\/#breadcrumb\"},\"inLanguage\":\"es\",\"potentialAction\":[{\"@type\":\"ReadAction\",\"target\":[\"https:\\\/\\\/cvinoticias.com\\\/v3\\\/la-federacion-argentina-lgbt-repudio-el-posible-cierre-del-inadi\\\/\"]}]},{\"@type\":\"ImageObject\",\"inLanguage\":\"es\",\"@id\":\"https:\\\/\\\/cvinoticias.com\\\/v3\\\/la-federacion-argentina-lgbt-repudio-el-posible-cierre-del-inadi\\\/#primaryimage\",\"url\":\"https:\\\/\\\/cvinoticias.com\\\/wp-content\\\/uploads\\\/2023\\\/12\\\/18-11.jpg\",\"contentUrl\":\"https:\\\/\\\/cvinoticias.com\\\/wp-content\\\/uploads\\\/2023\\\/12\\\/18-11.jpg\",\"width\":1024,\"height\":576},{\"@type\":\"BreadcrumbList\",\"@id\":\"https:\\\/\\\/cvinoticias.com\\\/v3\\\/la-federacion-argentina-lgbt-repudio-el-posible-cierre-del-inadi\\\/#breadcrumb\",\"itemListElement\":[{\"@type\":\"ListItem\",\"position\":1,\"name\":\"Portada\",\"item\":\"https:\\\/\\\/cvinoticias.com\\\/v3\\\/\"},{\"@type\":\"ListItem\",\"position\":2,\"name\":\"La Federaci\u00f3n Argentina LGBT+ repudi\u00f3 el posible cierre del INADI\"}]},{\"@type\":\"WebSite\",\"@id\":\"https:\\\/\\\/cvinoticias.com\\\/v3\\\/#website\",\"url\":\"https:\\\/\\\/cvinoticias.com\\\/v3\\\/\",\"name\":\"CVI NOTICIAS\",\"description\":\"\",\"publisher\":{\"@id\":\"https:\\\/\\\/cvinoticias.com\\\/v3\\\/#organization\"},\"alternateName\":\"CVI\",\"potentialAction\":[{\"@type\":\"SearchAction\",\"target\":{\"@type\":\"EntryPoint\",\"urlTemplate\":\"https:\\\/\\\/cvinoticias.com\\\/v3\\\/?s={search_term_string}\"},\"query-input\":{\"@type\":\"PropertyValueSpecification\",\"valueRequired\":true,\"valueName\":\"search_term_string\"}}],\"inLanguage\":\"es\"},{\"@type\":\"Organization\",\"@id\":\"https:\\\/\\\/cvinoticias.com\\\/v3\\\/#organization\",\"name\":\"CVI NOTICIAS\",\"url\":\"https:\\\/\\\/cvinoticias.com\\\/v3\\\/\",\"logo\":{\"@type\":\"ImageObject\",\"inLanguage\":\"es\",\"@id\":\"https:\\\/\\\/cvinoticias.com\\\/v3\\\/#\\\/schema\\\/logo\\\/image\\\/\",\"url\":\"https:\\\/\\\/cvinoticias.com\\\/wp-content\\\/uploads\\\/2023\\\/04\\\/cropped-cropped-cropped-cropped-cropped-3-1.png\",\"contentUrl\":\"https:\\\/\\\/cvinoticias.com\\\/wp-content\\\/uploads\\\/2023\\\/04\\\/cropped-cropped-cropped-cropped-cropped-3-1.png\",\"width\":95,\"height\":122,\"caption\":\"CVI NOTICIAS\"},\"image\":{\"@id\":\"https:\\\/\\\/cvinoticias.com\\\/v3\\\/#\\\/schema\\\/logo\\\/image\\\/\"},\"sameAs\":[\"https:\\\/\\\/www.facebook.com\\\/cvinoticias\",\"https:\\\/\\\/www.instagram.com\\\/cvinoticias\\\/\",\"https:\\\/\\\/www.youtube.com\\\/@CVINOTICIAS\"]},{\"@type\":\"Person\",\"@id\":\"https:\\\/\\\/cvinoticias.com\\\/v3\\\/#\\\/schema\\\/person\\\/2db77e3c6bc03c538495d7b2b8be9b66\",\"name\":\"f1000024\",\"image\":{\"@type\":\"ImageObject\",\"inLanguage\":\"es\",\"@id\":\"https:\\\/\\\/secure.gravatar.com\\\/avatar\\\/d4fe7459cfc51ff5129ce1a732bbef5928568b8092d412ef95611616376bbeed?s=96&d=mm&r=g\",\"url\":\"https:\\\/\\\/secure.gravatar.com\\\/avatar\\\/d4fe7459cfc51ff5129ce1a732bbef5928568b8092d412ef95611616376bbeed?s=96&d=mm&r=g\",\"contentUrl\":\"https:\\\/\\\/secure.gravatar.com\\\/avatar\\\/d4fe7459cfc51ff5129ce1a732bbef5928568b8092d412ef95611616376bbeed?s=96&d=mm&r=g\",\"caption\":\"f1000024\"},\"url\":\"https:\\\/\\\/cvinoticias.com\\\/v3\\\/author\\\/f1000024\\\/\"}]}<\/script>\n<!-- \/ Yoast SEO plugin. -->","yoast_head_json":{"title":"La Federaci\u00f3n Argentina LGBT+ repudi\u00f3 el posible cierre del INADI | CVI NOTICIAS","robots":{"index":"index","follow":"follow","max-snippet":"max-snippet:-1","max-image-preview":"max-image-preview:large","max-video-preview":"max-video-preview:-1"},"canonical":"https:\/\/cvinoticias.com\/v3\/la-federacion-argentina-lgbt-repudio-el-posible-cierre-del-inadi\/","og_locale":"es_ES","og_type":"article","og_title":"La Federaci\u00f3n Argentina LGBT+ repudi\u00f3 el posible cierre del INADI | CVI NOTICIAS","og_description":"\u00abEl trabajo que hemos desarrollado con el Inadi y con sus respectivas sedes provinciales nos ha permitido lograr un trabajo m\u00e1s efectivo y cercano con la poblaci\u00f3n m\u00e1s vulnerada por la discriminaci\u00f3n\u00bb, destac\u00f3 la federaci\u00f3n en un comunicado. La Federaci\u00f3n Argentina LGBT+ dijo este jueves que \u00abrepudia\u00bb el intento de derogaci\u00f3n de la Ley 24.515 [&hellip;]","og_url":"https:\/\/cvinoticias.com\/v3\/la-federacion-argentina-lgbt-repudio-el-posible-cierre-del-inadi\/","og_site_name":"CVI NOTICIAS","article_publisher":"https:\/\/www.facebook.com\/cvinoticias","article_published_time":"2023-12-29T11:53:35+00:00","og_image":[{"width":1024,"height":576,"url":"https:\/\/cvinoticias.com\/wp-content\/uploads\/2023\/12\/18-11.jpg","type":"image\/jpeg"}],"author":"f1000024","twitter_card":"summary_large_image","twitter_misc":{"Escrito por":"f1000024","Tiempo de lectura":"2 minutos"},"schema":{"@context":"https:\/\/schema.org","@graph":[{"@type":"Article","@id":"https:\/\/cvinoticias.com\/v3\/la-federacion-argentina-lgbt-repudio-el-posible-cierre-del-inadi\/#article","isPartOf":{"@id":"https:\/\/cvinoticias.com\/v3\/la-federacion-argentina-lgbt-repudio-el-posible-cierre-del-inadi\/"},"author":{"name":"f1000024","@id":"https:\/\/cvinoticias.com\/v3\/#\/schema\/person\/2db77e3c6bc03c538495d7b2b8be9b66"},"headline":"La Federaci\u00f3n Argentina LGBT+ repudi\u00f3 el posible cierre del INADI","datePublished":"2023-12-29T11:53:35+00:00","mainEntityOfPage":{"@id":"https:\/\/cvinoticias.com\/v3\/la-federacion-argentina-lgbt-repudio-el-posible-cierre-del-inadi\/"},"wordCount":425,"commentCount":0,"publisher":{"@id":"https:\/\/cvinoticias.com\/v3\/#organization"},"image":{"@id":"https:\/\/cvinoticias.com\/v3\/la-federacion-argentina-lgbt-repudio-el-posible-cierre-del-inadi\/#primaryimage"},"thumbnailUrl":"https:\/\/cvinoticias.com\/wp-content\/uploads\/2023\/12\/18-11.jpg","articleSection":["Nacionales"],"inLanguage":"es","potentialAction":[{"@type":"CommentAction","name":"Comment","target":["https:\/\/cvinoticias.com\/v3\/la-federacion-argentina-lgbt-repudio-el-posible-cierre-del-inadi\/#respond"]}]},{"@type":"WebPage","@id":"https:\/\/cvinoticias.com\/v3\/la-federacion-argentina-lgbt-repudio-el-posible-cierre-del-inadi\/","url":"https:\/\/cvinoticias.com\/v3\/la-federacion-argentina-lgbt-repudio-el-posible-cierre-del-inadi\/","name":"La Federaci\u00f3n Argentina LGBT+ repudi\u00f3 el posible cierre del INADI | CVI NOTICIAS","isPartOf":{"@id":"https:\/\/cvinoticias.com\/v3\/#website"},"primaryImageOfPage":{"@id":"https:\/\/cvinoticias.com\/v3\/la-federacion-argentina-lgbt-repudio-el-posible-cierre-del-inadi\/#primaryimage"},"image":{"@id":"https:\/\/cvinoticias.com\/v3\/la-federacion-argentina-lgbt-repudio-el-posible-cierre-del-inadi\/#primaryimage"},"thumbnailUrl":"https:\/\/cvinoticias.com\/wp-content\/uploads\/2023\/12\/18-11.jpg","datePublished":"2023-12-29T11:53:35+00:00","breadcrumb":{"@id":"https:\/\/cvinoticias.com\/v3\/la-federacion-argentina-lgbt-repudio-el-posible-cierre-del-inadi\/#breadcrumb"},"inLanguage":"es","potentialAction":[{"@type":"ReadAction","target":["https:\/\/cvinoticias.com\/v3\/la-federacion-argentina-lgbt-repudio-el-posible-cierre-del-inadi\/"]}]},{"@type":"ImageObject","inLanguage":"es","@id":"https:\/\/cvinoticias.com\/v3\/la-federacion-argentina-lgbt-repudio-el-posible-cierre-del-inadi\/#primaryimage","url":"https:\/\/cvinoticias.com\/wp-content\/uploads\/2023\/12\/18-11.jpg","contentUrl":"https:\/\/cvinoticias.com\/wp-content\/uploads\/2023\/12\/18-11.jpg","width":1024,"height":576},{"@type":"BreadcrumbList","@id":"https:\/\/cvinoticias.com\/v3\/la-federacion-argentina-lgbt-repudio-el-posible-cierre-del-inadi\/#breadcrumb","itemListElement":[{"@type":"ListItem","position":1,"name":"Portada","item":"https:\/\/cvinoticias.com\/v3\/"},{"@type":"ListItem","position":2,"name":"La Federaci\u00f3n Argentina LGBT+ repudi\u00f3 el posible cierre del INADI"}]},{"@type":"WebSite","@id":"https:\/\/cvinoticias.com\/v3\/#website","url":"https:\/\/cvinoticias.com\/v3\/","name":"CVI NOTICIAS","description":"","publisher":{"@id":"https:\/\/cvinoticias.com\/v3\/#organization"},"alternateName":"CVI","potentialAction":[{"@type":"SearchAction","target":{"@type":"EntryPoint","urlTemplate":"https:\/\/cvinoticias.com\/v3\/?s={search_term_string}"},"query-input":{"@type":"PropertyValueSpecification","valueRequired":true,"valueName":"search_term_string"}}],"inLanguage":"es"},{"@type":"Organization","@id":"https:\/\/cvinoticias.com\/v3\/#organization","name":"CVI NOTICIAS","url":"https:\/\/cvinoticias.com\/v3\/","logo":{"@type":"ImageObject","inLanguage":"es","@id":"https:\/\/cvinoticias.com\/v3\/#\/schema\/logo\/image\/","url":"https:\/\/cvinoticias.com\/wp-content\/uploads\/2023\/04\/cropped-cropped-cropped-cropped-cropped-3-1.png","contentUrl":"https:\/\/cvinoticias.com\/wp-content\/uploads\/2023\/04\/cropped-cropped-cropped-cropped-cropped-3-1.png","width":95,"height":122,"caption":"CVI NOTICIAS"},"image":{"@id":"https:\/\/cvinoticias.com\/v3\/#\/schema\/logo\/image\/"},"sameAs":["https:\/\/www.facebook.com\/cvinoticias","https:\/\/www.instagram.com\/cvinoticias\/","https:\/\/www.youtube.com\/@CVINOTICIAS"]},{"@type":"Person","@id":"https:\/\/cvinoticias.com\/v3\/#\/schema\/person\/2db77e3c6bc03c538495d7b2b8be9b66","name":"f1000024","image":{"@type":"ImageObject","inLanguage":"es","@id":"https:\/\/secure.gravatar.com\/avatar\/d4fe7459cfc51ff5129ce1a732bbef5928568b8092d412ef95611616376bbeed?s=96&d=mm&r=g","url":"https:\/\/secure.gravatar.com\/avatar\/d4fe7459cfc51ff5129ce1a732bbef5928568b8092d412ef95611616376bbeed?s=96&d=mm&r=g","contentUrl":"https:\/\/secure.gravatar.com\/avatar\/d4fe7459cfc51ff5129ce1a732bbef5928568b8092d412ef95611616376bbeed?s=96&d=mm&r=g","caption":"f1000024"},"url":"https:\/\/cvinoticias.com\/v3\/author\/f1000024\/"}]}},"_links":{"self":[{"href":"https:\/\/cvinoticias.com\/v3\/wp-json\/wp\/v2\/posts\/31357","targetHints":{"allow":["GET"]}}],"collection":[{"href":"https:\/\/cvinoticias.com\/v3\/wp-json\/wp\/v2\/posts"}],"about":[{"href":"https:\/\/cvinoticias.com\/v3\/wp-json\/wp\/v2\/types\/post"}],"author":[{"embeddable":true,"href":"https:\/\/cvinoticias.com\/v3\/wp-json\/wp\/v2\/users\/2"}],"replies":[{"embeddable":true,"href":"https:\/\/cvinoticias.com\/v3\/wp-json\/wp\/v2\/comments?post=31357"}],"version-history":[{"count":1,"href":"https:\/\/cvinoticias.com\/v3\/wp-json\/wp\/v2\/posts\/31357\/revisions"}],"predecessor-version":[{"id":31359,"href":"https:\/\/cvinoticias.com\/v3\/wp-json\/wp\/v2\/posts\/31357\/revisions\/31359"}],"wp:featuredmedia":[{"embeddable":true,"href":"https:\/\/cvinoticias.com\/v3\/wp-json\/wp\/v2\/media\/31358"}],"wp:attachment":[{"href":"https:\/\/cvinoticias.com\/v3\/wp-json\/wp\/v2\/media?parent=31357"}],"wp:term":[{"taxonomy":"category","embeddable":true,"href":"https:\/\/cvinoticias.com\/v3\/wp-json\/wp\/v2\/categories?post=31357"},{"taxonomy":"post_tag","embeddable":true,"href":"https:\/\/cvinoticias.com\/v3\/wp-json\/wp\/v2\/tags?post=31357"}],"curies":[{"name":"wp","href":"https:\/\/api.w.org\/{rel}","templated":true}]}}