{"id":31316,"date":"2023-12-27T22:05:38","date_gmt":"2023-12-28T01:05:38","guid":{"rendered":"https:\/\/cvinoticias.com\/v3\/?p=31316"},"modified":"2023-12-27T22:05:38","modified_gmt":"2023-12-28T01:05:38","slug":"motopapanoleada-iguazu-papa-noel-cumple-el-sueno-a-jovencita-no-vidente","status":"publish","type":"post","link":"https:\/\/cvinoticias.com\/v3\/motopapanoleada-iguazu-papa-noel-cumple-el-sueno-a-jovencita-no-vidente\/","title":{"rendered":"Motopapanoleada Iguaz\u00fa: Papa Noel cumple el sue\u00f1o a jovencita no vidente"},"content":{"rendered":"\n<p><strong><em>El pasado viernes 22 del corriente mes se realiz\u00f3 la segunda edici\u00f3n de la Motopapanoleada en Iguaz\u00fa donde asistieron m\u00e1s de 3000 personas pero una emocionada jovencita de 15 a\u00f1os logr\u00f3 llegar hasta el Papa Noel y con su dulzura, ternura e inocencia logr\u00f3 tocar muy ondo su coraz\u00f3n.<\/em><\/strong><\/p>\n\n\n\n<p>Rosario emocionada le expres\u00f3 ese d\u00eda viernes a Papa Noel &#8211; qui\u00e9n al acercarse a la jovencita descubre que ella es no vidente &#8211; su deseo de una guitarra con partituras en braile.<\/p>\n\n\n\n<p>Desde la organizaci\u00f3n de la Motopapanoleada se realiza una campa\u00f1a de b\u00fasqueda de la jovencita para poder cumplirle el sue\u00f1o &#8211; ya que gracias a la bondad y generosidad de una vecina se logra adquirir la guitarra &#8211; y es as\u00ed que la madre de Rosario logra comunicarse con los organizadores para poder pactar la entrega del obsequio.<\/p>\n\n\n\n<figure class=\"wp-block-video\"><video height=\"1280\" style=\"aspect-ratio: 720 \/ 1280;\" width=\"720\" controls src=\"https:\/\/cvinoticias.com\/wp-content\/uploads\/2023\/12\/VID-20231227-WA0565.mp4\"><\/video><\/figure>\n\n\n\n<p>En la tarde de hoy mi\u00e9rcoles 27 de diciembre todo, despu\u00e9s de una ard\u00faa b\u00fasqueda, el equipo de la Motopapanoleada junto a Papa Noel se acercaron hasta el domicilio de Rosario para cumplirle el sue\u00f1o y realizar la entrega de la guitarra, adem\u00e1s de repartir golosinas.<\/p>\n\n\n\n<figure class=\"wp-block-image size-large\"><a href=\"https:\/\/cvinoticias.com\/wp-content\/uploads\/2023\/12\/IMG-20231227-WA0572-scaled.jpg\"><img decoding=\"async\" width=\"1024\" height=\"683\" data-src=\"https:\/\/cvinoticias.com\/wp-content\/uploads\/2023\/12\/IMG-20231227-WA0572-1024x683.jpg\" alt=\"\" class=\"wp-image-31320 lazyload\" data-srcset=\"https:\/\/cvinoticias.com\/wp-content\/uploads\/2023\/12\/IMG-20231227-WA0572-1024x683.jpg 1024w, https:\/\/cvinoticias.com\/wp-content\/uploads\/2023\/12\/IMG-20231227-WA0572-300x200.jpg 300w, https:\/\/cvinoticias.com\/wp-content\/uploads\/2023\/12\/IMG-20231227-WA0572-768x512.jpg 768w, https:\/\/cvinoticias.com\/wp-content\/uploads\/2023\/12\/IMG-20231227-WA0572-1536x1024.jpg 1536w, https:\/\/cvinoticias.com\/wp-content\/uploads\/2023\/12\/IMG-20231227-WA0572-2048x1365.jpg 2048w\" data-sizes=\"(max-width: 1024px) 100vw, 1024px\" src=\"data:image\/svg+xml;base64,PHN2ZyB3aWR0aD0iMSIgaGVpZ2h0PSIxIiB4bWxucz0iaHR0cDovL3d3dy53My5vcmcvMjAwMC9zdmciPjwvc3ZnPg==\" style=\"--smush-placeholder-width: 1024px; --smush-placeholder-aspect-ratio: 1024\/683;\" \/><\/a><\/figure>\n\n\n\n<figure class=\"wp-block-image size-large\"><a href=\"https:\/\/cvinoticias.com\/wp-content\/uploads\/2023\/12\/IMG-20231227-WA0570-scaled.jpg\"><img decoding=\"async\" width=\"1024\" height=\"683\" data-src=\"https:\/\/cvinoticias.com\/wp-content\/uploads\/2023\/12\/IMG-20231227-WA0570-1024x683.jpg\" alt=\"\" class=\"wp-image-31318 lazyload\" data-srcset=\"https:\/\/cvinoticias.com\/wp-content\/uploads\/2023\/12\/IMG-20231227-WA0570-1024x683.jpg 1024w, https:\/\/cvinoticias.com\/wp-content\/uploads\/2023\/12\/IMG-20231227-WA0570-300x200.jpg 300w, https:\/\/cvinoticias.com\/wp-content\/uploads\/2023\/12\/IMG-20231227-WA0570-768x512.jpg 768w, https:\/\/cvinoticias.com\/wp-content\/uploads\/2023\/12\/IMG-20231227-WA0570-1536x1024.jpg 1536w, https:\/\/cvinoticias.com\/wp-content\/uploads\/2023\/12\/IMG-20231227-WA0570-2048x1365.jpg 2048w\" data-sizes=\"(max-width: 1024px) 100vw, 1024px\" src=\"data:image\/svg+xml;base64,PHN2ZyB3aWR0aD0iMSIgaGVpZ2h0PSIxIiB4bWxucz0iaHR0cDovL3d3dy53My5vcmcvMjAwMC9zdmciPjwvc3ZnPg==\" style=\"--smush-placeholder-width: 1024px; --smush-placeholder-aspect-ratio: 1024\/683;\" \/><\/a><\/figure>\n","protected":false},"excerpt":{"rendered":"<p>El pasado viernes 22 del corriente mes se realiz\u00f3 la segunda edici\u00f3n de la Motopapanoleada en Iguaz\u00fa donde asistieron m\u00e1s de 3000 personas pero una emocionada jovencita de 15 a\u00f1os logr\u00f3 llegar hasta el Papa Noel y con su dulzura, ternura e inocencia logr\u00f3 tocar muy ondo su coraz\u00f3n. Rosario emocionada le expres\u00f3 ese d\u00eda [&hellip;]<\/p>\n","protected":false},"author":2,"featured_media":31319,"comment_status":"open","ping_status":"open","sticky":false,"template":"","format":"standard","meta":{"footnotes":""},"categories":[29],"tags":[],"class_list":["post-31316","post","type-post","status-publish","format-standard","has-post-thumbnail","hentry","category-locales"],"yoast_head":"<!-- This site is optimized with the Yoast SEO plugin v27.4 - https:\/\/yoast.com\/product\/yoast-seo-wordpress\/ -->\n<title>Motopapanoleada Iguaz\u00fa: Papa Noel cumple el sue\u00f1o a jovencita no vidente | CVI NOTICIAS<\/title>\n<meta name=\"robots\" content=\"index, follow, max-snippet:-1, max-image-preview:large, max-video-preview:-1\" \/>\n<link rel=\"canonical\" href=\"https:\/\/cvinoticias.com\/v3\/motopapanoleada-iguazu-papa-noel-cumple-el-sueno-a-jovencita-no-vidente\/\" \/>\n<meta property=\"og:locale\" content=\"es_ES\" \/>\n<meta property=\"og:type\" content=\"article\" \/>\n<meta property=\"og:title\" content=\"Motopapanoleada Iguaz\u00fa: Papa Noel cumple el sue\u00f1o a jovencita no vidente | CVI NOTICIAS\" \/>\n<meta property=\"og:description\" content=\"El pasado viernes 22 del corriente mes se realiz\u00f3 la segunda edici\u00f3n de la Motopapanoleada en Iguaz\u00fa donde asistieron m\u00e1s de 3000 personas pero una emocionada jovencita de 15 a\u00f1os logr\u00f3 llegar hasta el Papa Noel y con su dulzura, ternura e inocencia logr\u00f3 tocar muy ondo su coraz\u00f3n. Rosario emocionada le expres\u00f3 ese d\u00eda [&hellip;]\" \/>\n<meta property=\"og:url\" content=\"https:\/\/cvinoticias.com\/v3\/motopapanoleada-iguazu-papa-noel-cumple-el-sueno-a-jovencita-no-vidente\/\" \/>\n<meta property=\"og:site_name\" content=\"CVI NOTICIAS\" \/>\n<meta property=\"article:publisher\" content=\"https:\/\/www.facebook.com\/cvinoticias\" \/>\n<meta property=\"article:published_time\" content=\"2023-12-28T01:05:38+00:00\" \/>\n<meta property=\"og:image\" content=\"https:\/\/cvinoticias.com\/wp-content\/uploads\/2023\/12\/IMG-20231227-WA0568-scaled.jpg\" \/>\n\t<meta property=\"og:image:width\" content=\"2560\" \/>\n\t<meta property=\"og:image:height\" content=\"2037\" \/>\n\t<meta property=\"og:image:type\" content=\"image\/jpeg\" \/>\n<meta name=\"author\" content=\"f1000024\" \/>\n<meta name=\"twitter:card\" content=\"summary_large_image\" \/>\n<meta name=\"twitter:label1\" content=\"Escrito por\" \/>\n\t<meta name=\"twitter:data1\" content=\"f1000024\" \/>\n\t<meta name=\"twitter:label2\" content=\"Tiempo de lectura\" \/>\n\t<meta name=\"twitter:data2\" content=\"1 minuto\" \/>\n<script type=\"application\/ld+json\" class=\"yoast-schema-graph\">{\"@context\":\"https:\\\/\\\/schema.org\",\"@graph\":[{\"@type\":\"Article\",\"@id\":\"https:\\\/\\\/cvinoticias.com\\\/v3\\\/motopapanoleada-iguazu-papa-noel-cumple-el-sueno-a-jovencita-no-vidente\\\/#article\",\"isPartOf\":{\"@id\":\"https:\\\/\\\/cvinoticias.com\\\/v3\\\/motopapanoleada-iguazu-papa-noel-cumple-el-sueno-a-jovencita-no-vidente\\\/\"},\"author\":{\"name\":\"f1000024\",\"@id\":\"https:\\\/\\\/cvinoticias.com\\\/v3\\\/#\\\/schema\\\/person\\\/2db77e3c6bc03c538495d7b2b8be9b66\"},\"headline\":\"Motopapanoleada Iguaz\u00fa: Papa Noel cumple el sue\u00f1o a jovencita no vidente\",\"datePublished\":\"2023-12-28T01:05:38+00:00\",\"mainEntityOfPage\":{\"@id\":\"https:\\\/\\\/cvinoticias.com\\\/v3\\\/motopapanoleada-iguazu-papa-noel-cumple-el-sueno-a-jovencita-no-vidente\\\/\"},\"wordCount\":210,\"commentCount\":0,\"publisher\":{\"@id\":\"https:\\\/\\\/cvinoticias.com\\\/v3\\\/#organization\"},\"image\":{\"@id\":\"https:\\\/\\\/cvinoticias.com\\\/v3\\\/motopapanoleada-iguazu-papa-noel-cumple-el-sueno-a-jovencita-no-vidente\\\/#primaryimage\"},\"thumbnailUrl\":\"https:\\\/\\\/cvinoticias.com\\\/wp-content\\\/uploads\\\/2023\\\/12\\\/IMG-20231227-WA0568-scaled.jpg\",\"articleSection\":[\"Locales\"],\"inLanguage\":\"es\",\"potentialAction\":[{\"@type\":\"CommentAction\",\"name\":\"Comment\",\"target\":[\"https:\\\/\\\/cvinoticias.com\\\/v3\\\/motopapanoleada-iguazu-papa-noel-cumple-el-sueno-a-jovencita-no-vidente\\\/#respond\"]}]},{\"@type\":\"WebPage\",\"@id\":\"https:\\\/\\\/cvinoticias.com\\\/v3\\\/motopapanoleada-iguazu-papa-noel-cumple-el-sueno-a-jovencita-no-vidente\\\/\",\"url\":\"https:\\\/\\\/cvinoticias.com\\\/v3\\\/motopapanoleada-iguazu-papa-noel-cumple-el-sueno-a-jovencita-no-vidente\\\/\",\"name\":\"Motopapanoleada Iguaz\u00fa: Papa Noel cumple el sue\u00f1o a jovencita no vidente | CVI NOTICIAS\",\"isPartOf\":{\"@id\":\"https:\\\/\\\/cvinoticias.com\\\/v3\\\/#website\"},\"primaryImageOfPage\":{\"@id\":\"https:\\\/\\\/cvinoticias.com\\\/v3\\\/motopapanoleada-iguazu-papa-noel-cumple-el-sueno-a-jovencita-no-vidente\\\/#primaryimage\"},\"image\":{\"@id\":\"https:\\\/\\\/cvinoticias.com\\\/v3\\\/motopapanoleada-iguazu-papa-noel-cumple-el-sueno-a-jovencita-no-vidente\\\/#primaryimage\"},\"thumbnailUrl\":\"https:\\\/\\\/cvinoticias.com\\\/wp-content\\\/uploads\\\/2023\\\/12\\\/IMG-20231227-WA0568-scaled.jpg\",\"datePublished\":\"2023-12-28T01:05:38+00:00\",\"breadcrumb\":{\"@id\":\"https:\\\/\\\/cvinoticias.com\\\/v3\\\/motopapanoleada-iguazu-papa-noel-cumple-el-sueno-a-jovencita-no-vidente\\\/#breadcrumb\"},\"inLanguage\":\"es\",\"potentialAction\":[{\"@type\":\"ReadAction\",\"target\":[\"https:\\\/\\\/cvinoticias.com\\\/v3\\\/motopapanoleada-iguazu-papa-noel-cumple-el-sueno-a-jovencita-no-vidente\\\/\"]}]},{\"@type\":\"ImageObject\",\"inLanguage\":\"es\",\"@id\":\"https:\\\/\\\/cvinoticias.com\\\/v3\\\/motopapanoleada-iguazu-papa-noel-cumple-el-sueno-a-jovencita-no-vidente\\\/#primaryimage\",\"url\":\"https:\\\/\\\/cvinoticias.com\\\/wp-content\\\/uploads\\\/2023\\\/12\\\/IMG-20231227-WA0568-scaled.jpg\",\"contentUrl\":\"https:\\\/\\\/cvinoticias.com\\\/wp-content\\\/uploads\\\/2023\\\/12\\\/IMG-20231227-WA0568-scaled.jpg\",\"width\":2560,\"height\":2037},{\"@type\":\"BreadcrumbList\",\"@id\":\"https:\\\/\\\/cvinoticias.com\\\/v3\\\/motopapanoleada-iguazu-papa-noel-cumple-el-sueno-a-jovencita-no-vidente\\\/#breadcrumb\",\"itemListElement\":[{\"@type\":\"ListItem\",\"position\":1,\"name\":\"Portada\",\"item\":\"https:\\\/\\\/cvinoticias.com\\\/v3\\\/\"},{\"@type\":\"ListItem\",\"position\":2,\"name\":\"Motopapanoleada Iguaz\u00fa: Papa Noel cumple el sue\u00f1o a jovencita no vidente\"}]},{\"@type\":\"WebSite\",\"@id\":\"https:\\\/\\\/cvinoticias.com\\\/v3\\\/#website\",\"url\":\"https:\\\/\\\/cvinoticias.com\\\/v3\\\/\",\"name\":\"CVI NOTICIAS\",\"description\":\"\",\"publisher\":{\"@id\":\"https:\\\/\\\/cvinoticias.com\\\/v3\\\/#organization\"},\"alternateName\":\"CVI\",\"potentialAction\":[{\"@type\":\"SearchAction\",\"target\":{\"@type\":\"EntryPoint\",\"urlTemplate\":\"https:\\\/\\\/cvinoticias.com\\\/v3\\\/?s={search_term_string}\"},\"query-input\":{\"@type\":\"PropertyValueSpecification\",\"valueRequired\":true,\"valueName\":\"search_term_string\"}}],\"inLanguage\":\"es\"},{\"@type\":\"Organization\",\"@id\":\"https:\\\/\\\/cvinoticias.com\\\/v3\\\/#organization\",\"name\":\"CVI NOTICIAS\",\"url\":\"https:\\\/\\\/cvinoticias.com\\\/v3\\\/\",\"logo\":{\"@type\":\"ImageObject\",\"inLanguage\":\"es\",\"@id\":\"https:\\\/\\\/cvinoticias.com\\\/v3\\\/#\\\/schema\\\/logo\\\/image\\\/\",\"url\":\"https:\\\/\\\/cvinoticias.com\\\/wp-content\\\/uploads\\\/2023\\\/04\\\/cropped-cropped-cropped-cropped-cropped-3-1.png\",\"contentUrl\":\"https:\\\/\\\/cvinoticias.com\\\/wp-content\\\/uploads\\\/2023\\\/04\\\/cropped-cropped-cropped-cropped-cropped-3-1.png\",\"width\":95,\"height\":122,\"caption\":\"CVI NOTICIAS\"},\"image\":{\"@id\":\"https:\\\/\\\/cvinoticias.com\\\/v3\\\/#\\\/schema\\\/logo\\\/image\\\/\"},\"sameAs\":[\"https:\\\/\\\/www.facebook.com\\\/cvinoticias\",\"https:\\\/\\\/www.instagram.com\\\/cvinoticias\\\/\",\"https:\\\/\\\/www.youtube.com\\\/@CVINOTICIAS\"]},{\"@type\":\"Person\",\"@id\":\"https:\\\/\\\/cvinoticias.com\\\/v3\\\/#\\\/schema\\\/person\\\/2db77e3c6bc03c538495d7b2b8be9b66\",\"name\":\"f1000024\",\"image\":{\"@type\":\"ImageObject\",\"inLanguage\":\"es\",\"@id\":\"https:\\\/\\\/secure.gravatar.com\\\/avatar\\\/d4fe7459cfc51ff5129ce1a732bbef5928568b8092d412ef95611616376bbeed?s=96&d=mm&r=g\",\"url\":\"https:\\\/\\\/secure.gravatar.com\\\/avatar\\\/d4fe7459cfc51ff5129ce1a732bbef5928568b8092d412ef95611616376bbeed?s=96&d=mm&r=g\",\"contentUrl\":\"https:\\\/\\\/secure.gravatar.com\\\/avatar\\\/d4fe7459cfc51ff5129ce1a732bbef5928568b8092d412ef95611616376bbeed?s=96&d=mm&r=g\",\"caption\":\"f1000024\"},\"url\":\"https:\\\/\\\/cvinoticias.com\\\/v3\\\/author\\\/f1000024\\\/\"}]}<\/script>\n<!-- \/ Yoast SEO plugin. -->","yoast_head_json":{"title":"Motopapanoleada Iguaz\u00fa: Papa Noel cumple el sue\u00f1o a jovencita no vidente | CVI NOTICIAS","robots":{"index":"index","follow":"follow","max-snippet":"max-snippet:-1","max-image-preview":"max-image-preview:large","max-video-preview":"max-video-preview:-1"},"canonical":"https:\/\/cvinoticias.com\/v3\/motopapanoleada-iguazu-papa-noel-cumple-el-sueno-a-jovencita-no-vidente\/","og_locale":"es_ES","og_type":"article","og_title":"Motopapanoleada Iguaz\u00fa: Papa Noel cumple el sue\u00f1o a jovencita no vidente | CVI NOTICIAS","og_description":"El pasado viernes 22 del corriente mes se realiz\u00f3 la segunda edici\u00f3n de la Motopapanoleada en Iguaz\u00fa donde asistieron m\u00e1s de 3000 personas pero una emocionada jovencita de 15 a\u00f1os logr\u00f3 llegar hasta el Papa Noel y con su dulzura, ternura e inocencia logr\u00f3 tocar muy ondo su coraz\u00f3n. Rosario emocionada le expres\u00f3 ese d\u00eda [&hellip;]","og_url":"https:\/\/cvinoticias.com\/v3\/motopapanoleada-iguazu-papa-noel-cumple-el-sueno-a-jovencita-no-vidente\/","og_site_name":"CVI NOTICIAS","article_publisher":"https:\/\/www.facebook.com\/cvinoticias","article_published_time":"2023-12-28T01:05:38+00:00","og_image":[{"width":2560,"height":2037,"url":"https:\/\/cvinoticias.com\/wp-content\/uploads\/2023\/12\/IMG-20231227-WA0568-scaled.jpg","type":"image\/jpeg"}],"author":"f1000024","twitter_card":"summary_large_image","twitter_misc":{"Escrito por":"f1000024","Tiempo de lectura":"1 minuto"},"schema":{"@context":"https:\/\/schema.org","@graph":[{"@type":"Article","@id":"https:\/\/cvinoticias.com\/v3\/motopapanoleada-iguazu-papa-noel-cumple-el-sueno-a-jovencita-no-vidente\/#article","isPartOf":{"@id":"https:\/\/cvinoticias.com\/v3\/motopapanoleada-iguazu-papa-noel-cumple-el-sueno-a-jovencita-no-vidente\/"},"author":{"name":"f1000024","@id":"https:\/\/cvinoticias.com\/v3\/#\/schema\/person\/2db77e3c6bc03c538495d7b2b8be9b66"},"headline":"Motopapanoleada Iguaz\u00fa: Papa Noel cumple el sue\u00f1o a jovencita no vidente","datePublished":"2023-12-28T01:05:38+00:00","mainEntityOfPage":{"@id":"https:\/\/cvinoticias.com\/v3\/motopapanoleada-iguazu-papa-noel-cumple-el-sueno-a-jovencita-no-vidente\/"},"wordCount":210,"commentCount":0,"publisher":{"@id":"https:\/\/cvinoticias.com\/v3\/#organization"},"image":{"@id":"https:\/\/cvinoticias.com\/v3\/motopapanoleada-iguazu-papa-noel-cumple-el-sueno-a-jovencita-no-vidente\/#primaryimage"},"thumbnailUrl":"https:\/\/cvinoticias.com\/wp-content\/uploads\/2023\/12\/IMG-20231227-WA0568-scaled.jpg","articleSection":["Locales"],"inLanguage":"es","potentialAction":[{"@type":"CommentAction","name":"Comment","target":["https:\/\/cvinoticias.com\/v3\/motopapanoleada-iguazu-papa-noel-cumple-el-sueno-a-jovencita-no-vidente\/#respond"]}]},{"@type":"WebPage","@id":"https:\/\/cvinoticias.com\/v3\/motopapanoleada-iguazu-papa-noel-cumple-el-sueno-a-jovencita-no-vidente\/","url":"https:\/\/cvinoticias.com\/v3\/motopapanoleada-iguazu-papa-noel-cumple-el-sueno-a-jovencita-no-vidente\/","name":"Motopapanoleada Iguaz\u00fa: Papa Noel cumple el sue\u00f1o a jovencita no vidente | CVI NOTICIAS","isPartOf":{"@id":"https:\/\/cvinoticias.com\/v3\/#website"},"primaryImageOfPage":{"@id":"https:\/\/cvinoticias.com\/v3\/motopapanoleada-iguazu-papa-noel-cumple-el-sueno-a-jovencita-no-vidente\/#primaryimage"},"image":{"@id":"https:\/\/cvinoticias.com\/v3\/motopapanoleada-iguazu-papa-noel-cumple-el-sueno-a-jovencita-no-vidente\/#primaryimage"},"thumbnailUrl":"https:\/\/cvinoticias.com\/wp-content\/uploads\/2023\/12\/IMG-20231227-WA0568-scaled.jpg","datePublished":"2023-12-28T01:05:38+00:00","breadcrumb":{"@id":"https:\/\/cvinoticias.com\/v3\/motopapanoleada-iguazu-papa-noel-cumple-el-sueno-a-jovencita-no-vidente\/#breadcrumb"},"inLanguage":"es","potentialAction":[{"@type":"ReadAction","target":["https:\/\/cvinoticias.com\/v3\/motopapanoleada-iguazu-papa-noel-cumple-el-sueno-a-jovencita-no-vidente\/"]}]},{"@type":"ImageObject","inLanguage":"es","@id":"https:\/\/cvinoticias.com\/v3\/motopapanoleada-iguazu-papa-noel-cumple-el-sueno-a-jovencita-no-vidente\/#primaryimage","url":"https:\/\/cvinoticias.com\/wp-content\/uploads\/2023\/12\/IMG-20231227-WA0568-scaled.jpg","contentUrl":"https:\/\/cvinoticias.com\/wp-content\/uploads\/2023\/12\/IMG-20231227-WA0568-scaled.jpg","width":2560,"height":2037},{"@type":"BreadcrumbList","@id":"https:\/\/cvinoticias.com\/v3\/motopapanoleada-iguazu-papa-noel-cumple-el-sueno-a-jovencita-no-vidente\/#breadcrumb","itemListElement":[{"@type":"ListItem","position":1,"name":"Portada","item":"https:\/\/cvinoticias.com\/v3\/"},{"@type":"ListItem","position":2,"name":"Motopapanoleada Iguaz\u00fa: Papa Noel cumple el sue\u00f1o a jovencita no vidente"}]},{"@type":"WebSite","@id":"https:\/\/cvinoticias.com\/v3\/#website","url":"https:\/\/cvinoticias.com\/v3\/","name":"CVI NOTICIAS","description":"","publisher":{"@id":"https:\/\/cvinoticias.com\/v3\/#organization"},"alternateName":"CVI","potentialAction":[{"@type":"SearchAction","target":{"@type":"EntryPoint","urlTemplate":"https:\/\/cvinoticias.com\/v3\/?s={search_term_string}"},"query-input":{"@type":"PropertyValueSpecification","valueRequired":true,"valueName":"search_term_string"}}],"inLanguage":"es"},{"@type":"Organization","@id":"https:\/\/cvinoticias.com\/v3\/#organization","name":"CVI NOTICIAS","url":"https:\/\/cvinoticias.com\/v3\/","logo":{"@type":"ImageObject","inLanguage":"es","@id":"https:\/\/cvinoticias.com\/v3\/#\/schema\/logo\/image\/","url":"https:\/\/cvinoticias.com\/wp-content\/uploads\/2023\/04\/cropped-cropped-cropped-cropped-cropped-3-1.png","contentUrl":"https:\/\/cvinoticias.com\/wp-content\/uploads\/2023\/04\/cropped-cropped-cropped-cropped-cropped-3-1.png","width":95,"height":122,"caption":"CVI NOTICIAS"},"image":{"@id":"https:\/\/cvinoticias.com\/v3\/#\/schema\/logo\/image\/"},"sameAs":["https:\/\/www.facebook.com\/cvinoticias","https:\/\/www.instagram.com\/cvinoticias\/","https:\/\/www.youtube.com\/@CVINOTICIAS"]},{"@type":"Person","@id":"https:\/\/cvinoticias.com\/v3\/#\/schema\/person\/2db77e3c6bc03c538495d7b2b8be9b66","name":"f1000024","image":{"@type":"ImageObject","inLanguage":"es","@id":"https:\/\/secure.gravatar.com\/avatar\/d4fe7459cfc51ff5129ce1a732bbef5928568b8092d412ef95611616376bbeed?s=96&d=mm&r=g","url":"https:\/\/secure.gravatar.com\/avatar\/d4fe7459cfc51ff5129ce1a732bbef5928568b8092d412ef95611616376bbeed?s=96&d=mm&r=g","contentUrl":"https:\/\/secure.gravatar.com\/avatar\/d4fe7459cfc51ff5129ce1a732bbef5928568b8092d412ef95611616376bbeed?s=96&d=mm&r=g","caption":"f1000024"},"url":"https:\/\/cvinoticias.com\/v3\/author\/f1000024\/"}]}},"_links":{"self":[{"href":"https:\/\/cvinoticias.com\/v3\/wp-json\/wp\/v2\/posts\/31316","targetHints":{"allow":["GET"]}}],"collection":[{"href":"https:\/\/cvinoticias.com\/v3\/wp-json\/wp\/v2\/posts"}],"about":[{"href":"https:\/\/cvinoticias.com\/v3\/wp-json\/wp\/v2\/types\/post"}],"author":[{"embeddable":true,"href":"https:\/\/cvinoticias.com\/v3\/wp-json\/wp\/v2\/users\/2"}],"replies":[{"embeddable":true,"href":"https:\/\/cvinoticias.com\/v3\/wp-json\/wp\/v2\/comments?post=31316"}],"version-history":[{"count":1,"href":"https:\/\/cvinoticias.com\/v3\/wp-json\/wp\/v2\/posts\/31316\/revisions"}],"predecessor-version":[{"id":31321,"href":"https:\/\/cvinoticias.com\/v3\/wp-json\/wp\/v2\/posts\/31316\/revisions\/31321"}],"wp:featuredmedia":[{"embeddable":true,"href":"https:\/\/cvinoticias.com\/v3\/wp-json\/wp\/v2\/media\/31319"}],"wp:attachment":[{"href":"https:\/\/cvinoticias.com\/v3\/wp-json\/wp\/v2\/media?parent=31316"}],"wp:term":[{"taxonomy":"category","embeddable":true,"href":"https:\/\/cvinoticias.com\/v3\/wp-json\/wp\/v2\/categories?post=31316"},{"taxonomy":"post_tag","embeddable":true,"href":"https:\/\/cvinoticias.com\/v3\/wp-json\/wp\/v2\/tags?post=31316"}],"curies":[{"name":"wp","href":"https:\/\/api.w.org\/{rel}","templated":true}]}}