{"id":31274,"date":"2023-12-26T11:15:25","date_gmt":"2023-12-26T14:15:25","guid":{"rendered":"https:\/\/cvinoticias.com\/v3\/?p=31274"},"modified":"2023-12-26T11:17:05","modified_gmt":"2023-12-26T14:17:05","slug":"por-decreto-el-gobierno-dio-de-baja-a-unos-7-000-empleados-del-estado","status":"publish","type":"post","link":"https:\/\/cvinoticias.com\/v3\/por-decreto-el-gobierno-dio-de-baja-a-unos-7-000-empleados-del-estado\/","title":{"rendered":"Por decreto, el Gobierno dio de baja a unos 7.000 empleados del Estado"},"content":{"rendered":"\n<p><strong><em>Adem\u00e1s, el Poder Ejecutivo revisar\u00e1 la situaci\u00f3n de los trabajadores del Estado que est\u00e1n en funciones desde el 1 de enero del 2023<\/em><\/strong><\/p>\n\n\n\n<p>Con la firma del presidente Javier Milei este martes por la madrugada fue publicado en el Bolet\u00edn Oficial el Decreto 84\/2023 que confirma la baja de empleados p\u00fablicos que ingresar a partir del 1\u00b0 de enero 2023. Adem\u00e1s, el Poder Ejecutivo revisar\u00e1 la situaci\u00f3n de los trabajadores del Estado que est\u00e1n en funciones desde antes de esa fecha.<\/p>\n\n\n\n<p>El art\u00edculo 1\u00b0 establece que \u00ablas contrataciones de personas que hayan iniciado a prestar servicios a partir del 1 de enero de 2023, en los organismos comprendidos en los incisos a) y c) del art\u00edculo 8\u00b0 de la ley 24.156, no ser\u00e1n renovadas\u00bb.<\/p>\n\n\n\n<p>De esta manera, se abarca a los empleados transitorios \u00aby de toda otra modalidad de contrataci\u00f3n que concluya al 31 de diciembre de 2023\u2033, de toda la administraci\u00f3n nacional, as\u00ed como tambi\u00e9n de los entes p\u00fablicos, incluidos, por ejemplo, la ANSeS, el PAMI y la AFIP.<\/p>\n\n\n\n<p>La decisi\u00f3n alcanzar\u00eda a cerca de siete mil empleados de distintas \u00e1reas del Gobierno. Son excluidos \u00fanicamente aquellos que cumplen funciones en empresas o sociedades estatales.<\/p>\n\n\n\n<p><strong>Empleados p\u00fablicos: las excepciones y contrataci\u00f3n limitada, seg\u00fan Decreto 84\/2023<\/strong><\/p>\n\n\n\n<p>El Gobierno de Javier Milei emiti\u00f3 el Decreto 84\/2023, que establece nuevas reglas para la contrataci\u00f3n de personal en la Administraci\u00f3n P\u00fablica Nacional y alimentar\u00e1 los argumentos para la protesta que ma\u00f1ana mi\u00e9rcoles realizar\u00e1n los jefes de la CGT (Confederaci\u00f3n General de los Trabajadores).<\/p>\n\n\n\n<p>Este decreto, firmado por el Presidente Javier Milei y su jefe de Gabinete, Nicol\u00e1s Posse, entra en funciones inmediatamente tras su publicaci\u00f3n en el Bolet\u00edn Oficial. Esto significa que la normativa estar\u00e1 operativa a partir de este martes 26 de diciembre de 2023.<\/p>\n\n\n\n<p>El art\u00edculo 1 del decreto determina que las contrataciones de servicios realizadas desde el 1 de enero de 2023, bajo las disposiciones del art\u00edculo 9 de la Ley Marco de Regulaci\u00f3n de Empleo P\u00fablico Nacional y el Decreto N\u00b0 1109 de 2017, no ser\u00e1n renovadas al concluir el 31 de diciembre de 2023.<\/p>\n\n\n\n<p><strong>Excepciones al Decreto 84\/2023:<\/strong><br>. Contrataciones bajo leyes especiales. Cambios en la modalidad de contrataci\u00f3n. Casos donde el personal sea considerado indispensable para la operaci\u00f3n de una jurisdicci\u00f3n<\/p>\n\n\n\n<p>El art\u00edculo 3 limita la renovaci\u00f3n de contratos existentes, con ingreso previo al 1 de enero de 2023, a un m\u00e1ximo de 90 d\u00edas. Por su parte, el art\u00edculo 4 instruye a las autoridades a realizar un an\u00e1lisis exhaustivo de estos contratos para determinar su renovaci\u00f3n, que debe estar debidamente justificada.<\/p>\n\n\n\n<p><strong>El rol de Nicol\u00e1s Posse<\/strong><\/p>\n\n\n\n<p>Adem\u00e1s, el art\u00edculo 5 requiere que las jurisdicciones informen a la Jefatura de Gabinete de Ministros sobre el cumplimiento de estas medidas.<\/p>\n\n\n\n<p>El decreto tambi\u00e9n autoriza al Jefe de Gabinete de Ministros a emitir normativas adicionales para facilitar la implementaci\u00f3n de estas disposiciones, como se indica en el art\u00edculo 6.<\/p>\n\n\n\n<p>Finalmente, el art\u00edculo 7 confirma la entrada en vigor del decreto tras su publicaci\u00f3n oficial.<\/p>\n\n\n\n<p>A partir de ahora, Andr\u00e9s Rodr\u00edguez, secretario general del gremio agrupa a los trabajadores en el Estado (Uni\u00f3n Personal Civil de la Naci\u00f3n) y el jefe de Gabinete, Nicol\u00e1s Posse, este \u00faltimo como representantes de la parte empleadora, deber\u00e1n iniciar conversaciones.<\/p>\n","protected":false},"excerpt":{"rendered":"<p>Adem\u00e1s, el Poder Ejecutivo revisar\u00e1 la situaci\u00f3n de los trabajadores del Estado que est\u00e1n en funciones desde el 1 de enero del 2023 Con la firma del presidente Javier Milei este martes por la madrugada fue publicado en el Bolet\u00edn Oficial el Decreto 84\/2023 que confirma la baja de empleados p\u00fablicos que ingresar a partir [&hellip;]<\/p>\n","protected":false},"author":2,"featured_media":31275,"comment_status":"open","ping_status":"open","sticky":false,"template":"","format":"standard","meta":{"footnotes":""},"categories":[35],"tags":[],"class_list":["post-31274","post","type-post","status-publish","format-standard","has-post-thumbnail","hentry","category-informacion-general"],"yoast_head":"<!-- This site is optimized with the Yoast SEO plugin v27.4 - https:\/\/yoast.com\/product\/yoast-seo-wordpress\/ -->\n<title>Por decreto, el Gobierno dio de baja a unos 7.000 empleados del Estado | CVI NOTICIAS<\/title>\n<meta name=\"robots\" content=\"index, follow, max-snippet:-1, max-image-preview:large, max-video-preview:-1\" \/>\n<link rel=\"canonical\" href=\"https:\/\/cvinoticias.com\/v3\/por-decreto-el-gobierno-dio-de-baja-a-unos-7-000-empleados-del-estado\/\" \/>\n<meta property=\"og:locale\" content=\"es_ES\" \/>\n<meta property=\"og:type\" content=\"article\" \/>\n<meta property=\"og:title\" content=\"Por decreto, el Gobierno dio de baja a unos 7.000 empleados del Estado | CVI NOTICIAS\" \/>\n<meta property=\"og:description\" content=\"Adem\u00e1s, el Poder Ejecutivo revisar\u00e1 la situaci\u00f3n de los trabajadores del Estado que est\u00e1n en funciones desde el 1 de enero del 2023 Con la firma del presidente Javier Milei este martes por la madrugada fue publicado en el Bolet\u00edn Oficial el Decreto 84\/2023 que confirma la baja de empleados p\u00fablicos que ingresar a partir [&hellip;]\" \/>\n<meta property=\"og:url\" content=\"https:\/\/cvinoticias.com\/v3\/por-decreto-el-gobierno-dio-de-baja-a-unos-7-000-empleados-del-estado\/\" \/>\n<meta property=\"og:site_name\" content=\"CVI NOTICIAS\" \/>\n<meta property=\"article:publisher\" content=\"https:\/\/www.facebook.com\/cvinoticias\" \/>\n<meta property=\"article:published_time\" content=\"2023-12-26T14:15:25+00:00\" \/>\n<meta property=\"article:modified_time\" content=\"2023-12-26T14:17:05+00:00\" \/>\n<meta property=\"og:image\" content=\"https:\/\/cvinoticias.com\/wp-content\/uploads\/2023\/12\/564489.jpg\" \/>\n\t<meta property=\"og:image:width\" content=\"880\" \/>\n\t<meta property=\"og:image:height\" content=\"495\" \/>\n\t<meta property=\"og:image:type\" content=\"image\/jpeg\" \/>\n<meta name=\"author\" content=\"f1000024\" \/>\n<meta name=\"twitter:card\" content=\"summary_large_image\" \/>\n<meta name=\"twitter:label1\" content=\"Escrito por\" \/>\n\t<meta name=\"twitter:data1\" content=\"f1000024\" \/>\n\t<meta name=\"twitter:label2\" content=\"Tiempo de lectura\" \/>\n\t<meta name=\"twitter:data2\" content=\"3 minutos\" \/>\n<script type=\"application\/ld+json\" class=\"yoast-schema-graph\">{\"@context\":\"https:\\\/\\\/schema.org\",\"@graph\":[{\"@type\":\"Article\",\"@id\":\"https:\\\/\\\/cvinoticias.com\\\/v3\\\/por-decreto-el-gobierno-dio-de-baja-a-unos-7-000-empleados-del-estado\\\/#article\",\"isPartOf\":{\"@id\":\"https:\\\/\\\/cvinoticias.com\\\/v3\\\/por-decreto-el-gobierno-dio-de-baja-a-unos-7-000-empleados-del-estado\\\/\"},\"author\":{\"name\":\"f1000024\",\"@id\":\"https:\\\/\\\/cvinoticias.com\\\/v3\\\/#\\\/schema\\\/person\\\/2db77e3c6bc03c538495d7b2b8be9b66\"},\"headline\":\"Por decreto, el Gobierno dio de baja a unos 7.000 empleados del Estado\",\"datePublished\":\"2023-12-26T14:15:25+00:00\",\"dateModified\":\"2023-12-26T14:17:05+00:00\",\"mainEntityOfPage\":{\"@id\":\"https:\\\/\\\/cvinoticias.com\\\/v3\\\/por-decreto-el-gobierno-dio-de-baja-a-unos-7-000-empleados-del-estado\\\/\"},\"wordCount\":573,\"commentCount\":0,\"publisher\":{\"@id\":\"https:\\\/\\\/cvinoticias.com\\\/v3\\\/#organization\"},\"image\":{\"@id\":\"https:\\\/\\\/cvinoticias.com\\\/v3\\\/por-decreto-el-gobierno-dio-de-baja-a-unos-7-000-empleados-del-estado\\\/#primaryimage\"},\"thumbnailUrl\":\"https:\\\/\\\/cvinoticias.com\\\/wp-content\\\/uploads\\\/2023\\\/12\\\/564489.jpg\",\"articleSection\":[\"Informaci\u00f3n General\"],\"inLanguage\":\"es\",\"potentialAction\":[{\"@type\":\"CommentAction\",\"name\":\"Comment\",\"target\":[\"https:\\\/\\\/cvinoticias.com\\\/v3\\\/por-decreto-el-gobierno-dio-de-baja-a-unos-7-000-empleados-del-estado\\\/#respond\"]}]},{\"@type\":\"WebPage\",\"@id\":\"https:\\\/\\\/cvinoticias.com\\\/v3\\\/por-decreto-el-gobierno-dio-de-baja-a-unos-7-000-empleados-del-estado\\\/\",\"url\":\"https:\\\/\\\/cvinoticias.com\\\/v3\\\/por-decreto-el-gobierno-dio-de-baja-a-unos-7-000-empleados-del-estado\\\/\",\"name\":\"Por decreto, el Gobierno dio de baja a unos 7.000 empleados del Estado | CVI NOTICIAS\",\"isPartOf\":{\"@id\":\"https:\\\/\\\/cvinoticias.com\\\/v3\\\/#website\"},\"primaryImageOfPage\":{\"@id\":\"https:\\\/\\\/cvinoticias.com\\\/v3\\\/por-decreto-el-gobierno-dio-de-baja-a-unos-7-000-empleados-del-estado\\\/#primaryimage\"},\"image\":{\"@id\":\"https:\\\/\\\/cvinoticias.com\\\/v3\\\/por-decreto-el-gobierno-dio-de-baja-a-unos-7-000-empleados-del-estado\\\/#primaryimage\"},\"thumbnailUrl\":\"https:\\\/\\\/cvinoticias.com\\\/wp-content\\\/uploads\\\/2023\\\/12\\\/564489.jpg\",\"datePublished\":\"2023-12-26T14:15:25+00:00\",\"dateModified\":\"2023-12-26T14:17:05+00:00\",\"breadcrumb\":{\"@id\":\"https:\\\/\\\/cvinoticias.com\\\/v3\\\/por-decreto-el-gobierno-dio-de-baja-a-unos-7-000-empleados-del-estado\\\/#breadcrumb\"},\"inLanguage\":\"es\",\"potentialAction\":[{\"@type\":\"ReadAction\",\"target\":[\"https:\\\/\\\/cvinoticias.com\\\/v3\\\/por-decreto-el-gobierno-dio-de-baja-a-unos-7-000-empleados-del-estado\\\/\"]}]},{\"@type\":\"ImageObject\",\"inLanguage\":\"es\",\"@id\":\"https:\\\/\\\/cvinoticias.com\\\/v3\\\/por-decreto-el-gobierno-dio-de-baja-a-unos-7-000-empleados-del-estado\\\/#primaryimage\",\"url\":\"https:\\\/\\\/cvinoticias.com\\\/wp-content\\\/uploads\\\/2023\\\/12\\\/564489.jpg\",\"contentUrl\":\"https:\\\/\\\/cvinoticias.com\\\/wp-content\\\/uploads\\\/2023\\\/12\\\/564489.jpg\",\"width\":880,\"height\":495},{\"@type\":\"BreadcrumbList\",\"@id\":\"https:\\\/\\\/cvinoticias.com\\\/v3\\\/por-decreto-el-gobierno-dio-de-baja-a-unos-7-000-empleados-del-estado\\\/#breadcrumb\",\"itemListElement\":[{\"@type\":\"ListItem\",\"position\":1,\"name\":\"Portada\",\"item\":\"https:\\\/\\\/cvinoticias.com\\\/v3\\\/\"},{\"@type\":\"ListItem\",\"position\":2,\"name\":\"Por decreto, el Gobierno dio de baja a unos 7.000 empleados del Estado\"}]},{\"@type\":\"WebSite\",\"@id\":\"https:\\\/\\\/cvinoticias.com\\\/v3\\\/#website\",\"url\":\"https:\\\/\\\/cvinoticias.com\\\/v3\\\/\",\"name\":\"CVI NOTICIAS\",\"description\":\"\",\"publisher\":{\"@id\":\"https:\\\/\\\/cvinoticias.com\\\/v3\\\/#organization\"},\"alternateName\":\"CVI\",\"potentialAction\":[{\"@type\":\"SearchAction\",\"target\":{\"@type\":\"EntryPoint\",\"urlTemplate\":\"https:\\\/\\\/cvinoticias.com\\\/v3\\\/?s={search_term_string}\"},\"query-input\":{\"@type\":\"PropertyValueSpecification\",\"valueRequired\":true,\"valueName\":\"search_term_string\"}}],\"inLanguage\":\"es\"},{\"@type\":\"Organization\",\"@id\":\"https:\\\/\\\/cvinoticias.com\\\/v3\\\/#organization\",\"name\":\"CVI NOTICIAS\",\"url\":\"https:\\\/\\\/cvinoticias.com\\\/v3\\\/\",\"logo\":{\"@type\":\"ImageObject\",\"inLanguage\":\"es\",\"@id\":\"https:\\\/\\\/cvinoticias.com\\\/v3\\\/#\\\/schema\\\/logo\\\/image\\\/\",\"url\":\"https:\\\/\\\/cvinoticias.com\\\/wp-content\\\/uploads\\\/2023\\\/04\\\/cropped-cropped-cropped-cropped-cropped-3-1.png\",\"contentUrl\":\"https:\\\/\\\/cvinoticias.com\\\/wp-content\\\/uploads\\\/2023\\\/04\\\/cropped-cropped-cropped-cropped-cropped-3-1.png\",\"width\":95,\"height\":122,\"caption\":\"CVI NOTICIAS\"},\"image\":{\"@id\":\"https:\\\/\\\/cvinoticias.com\\\/v3\\\/#\\\/schema\\\/logo\\\/image\\\/\"},\"sameAs\":[\"https:\\\/\\\/www.facebook.com\\\/cvinoticias\",\"https:\\\/\\\/www.instagram.com\\\/cvinoticias\\\/\",\"https:\\\/\\\/www.youtube.com\\\/@CVINOTICIAS\"]},{\"@type\":\"Person\",\"@id\":\"https:\\\/\\\/cvinoticias.com\\\/v3\\\/#\\\/schema\\\/person\\\/2db77e3c6bc03c538495d7b2b8be9b66\",\"name\":\"f1000024\",\"image\":{\"@type\":\"ImageObject\",\"inLanguage\":\"es\",\"@id\":\"https:\\\/\\\/secure.gravatar.com\\\/avatar\\\/d4fe7459cfc51ff5129ce1a732bbef5928568b8092d412ef95611616376bbeed?s=96&d=mm&r=g\",\"url\":\"https:\\\/\\\/secure.gravatar.com\\\/avatar\\\/d4fe7459cfc51ff5129ce1a732bbef5928568b8092d412ef95611616376bbeed?s=96&d=mm&r=g\",\"contentUrl\":\"https:\\\/\\\/secure.gravatar.com\\\/avatar\\\/d4fe7459cfc51ff5129ce1a732bbef5928568b8092d412ef95611616376bbeed?s=96&d=mm&r=g\",\"caption\":\"f1000024\"},\"url\":\"https:\\\/\\\/cvinoticias.com\\\/v3\\\/author\\\/f1000024\\\/\"}]}<\/script>\n<!-- \/ Yoast SEO plugin. -->","yoast_head_json":{"title":"Por decreto, el Gobierno dio de baja a unos 7.000 empleados del Estado | CVI NOTICIAS","robots":{"index":"index","follow":"follow","max-snippet":"max-snippet:-1","max-image-preview":"max-image-preview:large","max-video-preview":"max-video-preview:-1"},"canonical":"https:\/\/cvinoticias.com\/v3\/por-decreto-el-gobierno-dio-de-baja-a-unos-7-000-empleados-del-estado\/","og_locale":"es_ES","og_type":"article","og_title":"Por decreto, el Gobierno dio de baja a unos 7.000 empleados del Estado | CVI NOTICIAS","og_description":"Adem\u00e1s, el Poder Ejecutivo revisar\u00e1 la situaci\u00f3n de los trabajadores del Estado que est\u00e1n en funciones desde el 1 de enero del 2023 Con la firma del presidente Javier Milei este martes por la madrugada fue publicado en el Bolet\u00edn Oficial el Decreto 84\/2023 que confirma la baja de empleados p\u00fablicos que ingresar a partir [&hellip;]","og_url":"https:\/\/cvinoticias.com\/v3\/por-decreto-el-gobierno-dio-de-baja-a-unos-7-000-empleados-del-estado\/","og_site_name":"CVI NOTICIAS","article_publisher":"https:\/\/www.facebook.com\/cvinoticias","article_published_time":"2023-12-26T14:15:25+00:00","article_modified_time":"2023-12-26T14:17:05+00:00","og_image":[{"width":880,"height":495,"url":"https:\/\/cvinoticias.com\/wp-content\/uploads\/2023\/12\/564489.jpg","type":"image\/jpeg"}],"author":"f1000024","twitter_card":"summary_large_image","twitter_misc":{"Escrito por":"f1000024","Tiempo de lectura":"3 minutos"},"schema":{"@context":"https:\/\/schema.org","@graph":[{"@type":"Article","@id":"https:\/\/cvinoticias.com\/v3\/por-decreto-el-gobierno-dio-de-baja-a-unos-7-000-empleados-del-estado\/#article","isPartOf":{"@id":"https:\/\/cvinoticias.com\/v3\/por-decreto-el-gobierno-dio-de-baja-a-unos-7-000-empleados-del-estado\/"},"author":{"name":"f1000024","@id":"https:\/\/cvinoticias.com\/v3\/#\/schema\/person\/2db77e3c6bc03c538495d7b2b8be9b66"},"headline":"Por decreto, el Gobierno dio de baja a unos 7.000 empleados del Estado","datePublished":"2023-12-26T14:15:25+00:00","dateModified":"2023-12-26T14:17:05+00:00","mainEntityOfPage":{"@id":"https:\/\/cvinoticias.com\/v3\/por-decreto-el-gobierno-dio-de-baja-a-unos-7-000-empleados-del-estado\/"},"wordCount":573,"commentCount":0,"publisher":{"@id":"https:\/\/cvinoticias.com\/v3\/#organization"},"image":{"@id":"https:\/\/cvinoticias.com\/v3\/por-decreto-el-gobierno-dio-de-baja-a-unos-7-000-empleados-del-estado\/#primaryimage"},"thumbnailUrl":"https:\/\/cvinoticias.com\/wp-content\/uploads\/2023\/12\/564489.jpg","articleSection":["Informaci\u00f3n General"],"inLanguage":"es","potentialAction":[{"@type":"CommentAction","name":"Comment","target":["https:\/\/cvinoticias.com\/v3\/por-decreto-el-gobierno-dio-de-baja-a-unos-7-000-empleados-del-estado\/#respond"]}]},{"@type":"WebPage","@id":"https:\/\/cvinoticias.com\/v3\/por-decreto-el-gobierno-dio-de-baja-a-unos-7-000-empleados-del-estado\/","url":"https:\/\/cvinoticias.com\/v3\/por-decreto-el-gobierno-dio-de-baja-a-unos-7-000-empleados-del-estado\/","name":"Por decreto, el Gobierno dio de baja a unos 7.000 empleados del Estado | CVI NOTICIAS","isPartOf":{"@id":"https:\/\/cvinoticias.com\/v3\/#website"},"primaryImageOfPage":{"@id":"https:\/\/cvinoticias.com\/v3\/por-decreto-el-gobierno-dio-de-baja-a-unos-7-000-empleados-del-estado\/#primaryimage"},"image":{"@id":"https:\/\/cvinoticias.com\/v3\/por-decreto-el-gobierno-dio-de-baja-a-unos-7-000-empleados-del-estado\/#primaryimage"},"thumbnailUrl":"https:\/\/cvinoticias.com\/wp-content\/uploads\/2023\/12\/564489.jpg","datePublished":"2023-12-26T14:15:25+00:00","dateModified":"2023-12-26T14:17:05+00:00","breadcrumb":{"@id":"https:\/\/cvinoticias.com\/v3\/por-decreto-el-gobierno-dio-de-baja-a-unos-7-000-empleados-del-estado\/#breadcrumb"},"inLanguage":"es","potentialAction":[{"@type":"ReadAction","target":["https:\/\/cvinoticias.com\/v3\/por-decreto-el-gobierno-dio-de-baja-a-unos-7-000-empleados-del-estado\/"]}]},{"@type":"ImageObject","inLanguage":"es","@id":"https:\/\/cvinoticias.com\/v3\/por-decreto-el-gobierno-dio-de-baja-a-unos-7-000-empleados-del-estado\/#primaryimage","url":"https:\/\/cvinoticias.com\/wp-content\/uploads\/2023\/12\/564489.jpg","contentUrl":"https:\/\/cvinoticias.com\/wp-content\/uploads\/2023\/12\/564489.jpg","width":880,"height":495},{"@type":"BreadcrumbList","@id":"https:\/\/cvinoticias.com\/v3\/por-decreto-el-gobierno-dio-de-baja-a-unos-7-000-empleados-del-estado\/#breadcrumb","itemListElement":[{"@type":"ListItem","position":1,"name":"Portada","item":"https:\/\/cvinoticias.com\/v3\/"},{"@type":"ListItem","position":2,"name":"Por decreto, el Gobierno dio de baja a unos 7.000 empleados del Estado"}]},{"@type":"WebSite","@id":"https:\/\/cvinoticias.com\/v3\/#website","url":"https:\/\/cvinoticias.com\/v3\/","name":"CVI NOTICIAS","description":"","publisher":{"@id":"https:\/\/cvinoticias.com\/v3\/#organization"},"alternateName":"CVI","potentialAction":[{"@type":"SearchAction","target":{"@type":"EntryPoint","urlTemplate":"https:\/\/cvinoticias.com\/v3\/?s={search_term_string}"},"query-input":{"@type":"PropertyValueSpecification","valueRequired":true,"valueName":"search_term_string"}}],"inLanguage":"es"},{"@type":"Organization","@id":"https:\/\/cvinoticias.com\/v3\/#organization","name":"CVI NOTICIAS","url":"https:\/\/cvinoticias.com\/v3\/","logo":{"@type":"ImageObject","inLanguage":"es","@id":"https:\/\/cvinoticias.com\/v3\/#\/schema\/logo\/image\/","url":"https:\/\/cvinoticias.com\/wp-content\/uploads\/2023\/04\/cropped-cropped-cropped-cropped-cropped-3-1.png","contentUrl":"https:\/\/cvinoticias.com\/wp-content\/uploads\/2023\/04\/cropped-cropped-cropped-cropped-cropped-3-1.png","width":95,"height":122,"caption":"CVI NOTICIAS"},"image":{"@id":"https:\/\/cvinoticias.com\/v3\/#\/schema\/logo\/image\/"},"sameAs":["https:\/\/www.facebook.com\/cvinoticias","https:\/\/www.instagram.com\/cvinoticias\/","https:\/\/www.youtube.com\/@CVINOTICIAS"]},{"@type":"Person","@id":"https:\/\/cvinoticias.com\/v3\/#\/schema\/person\/2db77e3c6bc03c538495d7b2b8be9b66","name":"f1000024","image":{"@type":"ImageObject","inLanguage":"es","@id":"https:\/\/secure.gravatar.com\/avatar\/d4fe7459cfc51ff5129ce1a732bbef5928568b8092d412ef95611616376bbeed?s=96&d=mm&r=g","url":"https:\/\/secure.gravatar.com\/avatar\/d4fe7459cfc51ff5129ce1a732bbef5928568b8092d412ef95611616376bbeed?s=96&d=mm&r=g","contentUrl":"https:\/\/secure.gravatar.com\/avatar\/d4fe7459cfc51ff5129ce1a732bbef5928568b8092d412ef95611616376bbeed?s=96&d=mm&r=g","caption":"f1000024"},"url":"https:\/\/cvinoticias.com\/v3\/author\/f1000024\/"}]}},"_links":{"self":[{"href":"https:\/\/cvinoticias.com\/v3\/wp-json\/wp\/v2\/posts\/31274","targetHints":{"allow":["GET"]}}],"collection":[{"href":"https:\/\/cvinoticias.com\/v3\/wp-json\/wp\/v2\/posts"}],"about":[{"href":"https:\/\/cvinoticias.com\/v3\/wp-json\/wp\/v2\/types\/post"}],"author":[{"embeddable":true,"href":"https:\/\/cvinoticias.com\/v3\/wp-json\/wp\/v2\/users\/2"}],"replies":[{"embeddable":true,"href":"https:\/\/cvinoticias.com\/v3\/wp-json\/wp\/v2\/comments?post=31274"}],"version-history":[{"count":2,"href":"https:\/\/cvinoticias.com\/v3\/wp-json\/wp\/v2\/posts\/31274\/revisions"}],"predecessor-version":[{"id":31277,"href":"https:\/\/cvinoticias.com\/v3\/wp-json\/wp\/v2\/posts\/31274\/revisions\/31277"}],"wp:featuredmedia":[{"embeddable":true,"href":"https:\/\/cvinoticias.com\/v3\/wp-json\/wp\/v2\/media\/31275"}],"wp:attachment":[{"href":"https:\/\/cvinoticias.com\/v3\/wp-json\/wp\/v2\/media?parent=31274"}],"wp:term":[{"taxonomy":"category","embeddable":true,"href":"https:\/\/cvinoticias.com\/v3\/wp-json\/wp\/v2\/categories?post=31274"},{"taxonomy":"post_tag","embeddable":true,"href":"https:\/\/cvinoticias.com\/v3\/wp-json\/wp\/v2\/tags?post=31274"}],"curies":[{"name":"wp","href":"https:\/\/api.w.org\/{rel}","templated":true}]}}