{"id":31262,"date":"2023-12-26T08:42:18","date_gmt":"2023-12-26T11:42:18","guid":{"rendered":"https:\/\/cvinoticias.com\/v3\/?p=31262"},"modified":"2023-12-26T08:42:18","modified_gmt":"2023-12-26T11:42:18","slug":"puerto-iguazu-auto-de-patente-paraguaya-se-incendio-y-dos-personas-resultaron-con-quemaduras","status":"publish","type":"post","link":"https:\/\/cvinoticias.com\/v3\/puerto-iguazu-auto-de-patente-paraguaya-se-incendio-y-dos-personas-resultaron-con-quemaduras\/","title":{"rendered":"Puerto Iguaz\u00fa: Auto de patente paraguaya se incendi\u00f3 y dos personas resultaron con quemaduras"},"content":{"rendered":"\n<p><strong><em>Sucedi\u00f3 este lunes cerca de una estaci\u00f3n de servicio. El conductor y una acompa\u00f1ante sufrieron graves heridas.<\/em><\/strong><\/p>\n\n\n\n<p>Un hombre y una mujer sufrieron quemaduras que ser\u00edan de gravedad tras aparentemente manipular combustible, se\u00f1alaron fuentes de la fuerza. El hecho se registr\u00f3 ayer a las 20.35 en inmediaciones de una estaci\u00f3n de servicio ubicada en la calle Salto Dos Hermanas de la ciudad de Puerto Iguaz\u00fa.<\/p>\n\n\n\n<p>Seg\u00fan las primeras informaciones, las v\u00edctimas se hallaban a bordo de un autom\u00f3vil, cuando por motivos que a\u00fan se desconocen \u00e9ste se prendi\u00f3 fuego . El siniestro gener\u00f3 que ambos fueran alcanzados por las llamas, resultando con quemaduras graves.<\/p>\n\n\n\n<p>Una vez en la escena, los investigadores policiales establecieron que se trataba de un autom\u00f3vil patente paraguaya, que se hallaba totalmente incinerado siendo controlado el foco \u00edgneo por Bomberos Voluntarios locales.<\/p>\n\n\n\n<p>Los efectivos se entrevistaron con vecinos, quienes aportaron datos , como ser que los ocupantes, un hombre y una mujer, fueron trasladados al nosocomio local con quemaduras.<\/p>\n\n\n\n<figure class=\"wp-block-image size-full\"><a href=\"https:\/\/cvinoticias.com\/wp-content\/uploads\/2023\/12\/Screenshot_20231226_083827_Facebook.jpg\"><img decoding=\"async\" width=\"939\" height=\"739\" data-src=\"https:\/\/cvinoticias.com\/wp-content\/uploads\/2023\/12\/Screenshot_20231226_083827_Facebook.jpg\" alt=\"\" class=\"wp-image-31263 lazyload\" data-srcset=\"https:\/\/cvinoticias.com\/wp-content\/uploads\/2023\/12\/Screenshot_20231226_083827_Facebook.jpg 939w, https:\/\/cvinoticias.com\/wp-content\/uploads\/2023\/12\/Screenshot_20231226_083827_Facebook-300x236.jpg 300w, https:\/\/cvinoticias.com\/wp-content\/uploads\/2023\/12\/Screenshot_20231226_083827_Facebook-768x604.jpg 768w\" data-sizes=\"(max-width: 939px) 100vw, 939px\" src=\"data:image\/svg+xml;base64,PHN2ZyB3aWR0aD0iMSIgaGVpZ2h0PSIxIiB4bWxucz0iaHR0cDovL3d3dy53My5vcmcvMjAwMC9zdmciPjwvc3ZnPg==\" style=\"--smush-placeholder-width: 939px; --smush-placeholder-aspect-ratio: 939\/739;\" \/><\/a><\/figure>\n\n\n\n<p>Anoche el caso era investigado por los uniformados de la comisar\u00eda jurisdiccional y por personal de la Polic\u00eda Cient\u00edfica, ambos dependientes de la Unidad Regional V, con asiento en la ciudad de Puerto Iguaz\u00fa.<\/p>\n\n\n\n<p>Los pesquisas no descartaban ninguna hip\u00f3tesis respecto a lo sucedido e investigaban la matr\u00edcula del rodado para obtener mayores pistas.<\/p>\n\n\n\n<p>Algunos vecinos habr\u00edan referido que las v\u00edctimas ten\u00edan en su poder algunas botellas cargadas con combustible, sin embargo esta informaci\u00f3n por el momento estaba en el terreno de las conjeturas y los peritos tendr\u00e1n la \u00faltima palabra.<\/p>\n\n\n\n<p>A\u00fan no hab\u00eda datos relacionados a la identidad de los heridos. El juez de Instrucci\u00f3n 3 de dicha ciudad orden\u00f3 las medidas de rigor correspondientes. (P.E)<\/p>\n","protected":false},"excerpt":{"rendered":"<p>Sucedi\u00f3 este lunes cerca de una estaci\u00f3n de servicio. El conductor y una acompa\u00f1ante sufrieron graves heridas. Un hombre y una mujer sufrieron quemaduras que ser\u00edan de gravedad tras aparentemente manipular combustible, se\u00f1alaron fuentes de la fuerza. El hecho se registr\u00f3 ayer a las 20.35 en inmediaciones de una estaci\u00f3n de servicio ubicada en la [&hellip;]<\/p>\n","protected":false},"author":2,"featured_media":31264,"comment_status":"open","ping_status":"open","sticky":false,"template":"","format":"standard","meta":{"footnotes":""},"categories":[37],"tags":[],"class_list":["post-31262","post","type-post","status-publish","format-standard","has-post-thumbnail","hentry","category-justicia"],"yoast_head":"<!-- This site is optimized with the Yoast SEO plugin v27.4 - https:\/\/yoast.com\/product\/yoast-seo-wordpress\/ -->\n<title>Puerto Iguaz\u00fa: Auto de patente paraguaya se incendi\u00f3 y dos personas resultaron con quemaduras | CVI NOTICIAS<\/title>\n<meta name=\"robots\" content=\"index, follow, max-snippet:-1, max-image-preview:large, max-video-preview:-1\" \/>\n<link rel=\"canonical\" href=\"https:\/\/cvinoticias.com\/v3\/puerto-iguazu-auto-de-patente-paraguaya-se-incendio-y-dos-personas-resultaron-con-quemaduras\/\" \/>\n<meta property=\"og:locale\" content=\"es_ES\" \/>\n<meta property=\"og:type\" content=\"article\" \/>\n<meta property=\"og:title\" content=\"Puerto Iguaz\u00fa: Auto de patente paraguaya se incendi\u00f3 y dos personas resultaron con quemaduras | CVI NOTICIAS\" \/>\n<meta property=\"og:description\" content=\"Sucedi\u00f3 este lunes cerca de una estaci\u00f3n de servicio. El conductor y una acompa\u00f1ante sufrieron graves heridas. Un hombre y una mujer sufrieron quemaduras que ser\u00edan de gravedad tras aparentemente manipular combustible, se\u00f1alaron fuentes de la fuerza. El hecho se registr\u00f3 ayer a las 20.35 en inmediaciones de una estaci\u00f3n de servicio ubicada en la [&hellip;]\" \/>\n<meta property=\"og:url\" content=\"https:\/\/cvinoticias.com\/v3\/puerto-iguazu-auto-de-patente-paraguaya-se-incendio-y-dos-personas-resultaron-con-quemaduras\/\" \/>\n<meta property=\"og:site_name\" content=\"CVI NOTICIAS\" \/>\n<meta property=\"article:publisher\" content=\"https:\/\/www.facebook.com\/cvinoticias\" \/>\n<meta property=\"article:published_time\" content=\"2023-12-26T11:42:18+00:00\" \/>\n<meta property=\"og:image\" content=\"https:\/\/cvinoticias.com\/wp-content\/uploads\/2023\/12\/Screenshot_20231226_083745_Facebook.jpg\" \/>\n\t<meta property=\"og:image:width\" content=\"1080\" \/>\n\t<meta property=\"og:image:height\" content=\"1011\" \/>\n\t<meta property=\"og:image:type\" content=\"image\/jpeg\" \/>\n<meta name=\"author\" content=\"f1000024\" \/>\n<meta name=\"twitter:card\" content=\"summary_large_image\" \/>\n<meta name=\"twitter:label1\" content=\"Escrito por\" \/>\n\t<meta name=\"twitter:data1\" content=\"f1000024\" \/>\n\t<meta name=\"twitter:label2\" content=\"Tiempo de lectura\" \/>\n\t<meta name=\"twitter:data2\" content=\"1 minuto\" \/>\n<script type=\"application\/ld+json\" class=\"yoast-schema-graph\">{\"@context\":\"https:\\\/\\\/schema.org\",\"@graph\":[{\"@type\":\"Article\",\"@id\":\"https:\\\/\\\/cvinoticias.com\\\/v3\\\/puerto-iguazu-auto-de-patente-paraguaya-se-incendio-y-dos-personas-resultaron-con-quemaduras\\\/#article\",\"isPartOf\":{\"@id\":\"https:\\\/\\\/cvinoticias.com\\\/v3\\\/puerto-iguazu-auto-de-patente-paraguaya-se-incendio-y-dos-personas-resultaron-con-quemaduras\\\/\"},\"author\":{\"name\":\"f1000024\",\"@id\":\"https:\\\/\\\/cvinoticias.com\\\/v3\\\/#\\\/schema\\\/person\\\/2db77e3c6bc03c538495d7b2b8be9b66\"},\"headline\":\"Puerto Iguaz\u00fa: Auto de patente paraguaya se incendi\u00f3 y dos personas resultaron con quemaduras\",\"datePublished\":\"2023-12-26T11:42:18+00:00\",\"mainEntityOfPage\":{\"@id\":\"https:\\\/\\\/cvinoticias.com\\\/v3\\\/puerto-iguazu-auto-de-patente-paraguaya-se-incendio-y-dos-personas-resultaron-con-quemaduras\\\/\"},\"wordCount\":313,\"commentCount\":0,\"publisher\":{\"@id\":\"https:\\\/\\\/cvinoticias.com\\\/v3\\\/#organization\"},\"image\":{\"@id\":\"https:\\\/\\\/cvinoticias.com\\\/v3\\\/puerto-iguazu-auto-de-patente-paraguaya-se-incendio-y-dos-personas-resultaron-con-quemaduras\\\/#primaryimage\"},\"thumbnailUrl\":\"https:\\\/\\\/cvinoticias.com\\\/wp-content\\\/uploads\\\/2023\\\/12\\\/Screenshot_20231226_083745_Facebook.jpg\",\"articleSection\":[\"Justicia\"],\"inLanguage\":\"es\",\"potentialAction\":[{\"@type\":\"CommentAction\",\"name\":\"Comment\",\"target\":[\"https:\\\/\\\/cvinoticias.com\\\/v3\\\/puerto-iguazu-auto-de-patente-paraguaya-se-incendio-y-dos-personas-resultaron-con-quemaduras\\\/#respond\"]}]},{\"@type\":\"WebPage\",\"@id\":\"https:\\\/\\\/cvinoticias.com\\\/v3\\\/puerto-iguazu-auto-de-patente-paraguaya-se-incendio-y-dos-personas-resultaron-con-quemaduras\\\/\",\"url\":\"https:\\\/\\\/cvinoticias.com\\\/v3\\\/puerto-iguazu-auto-de-patente-paraguaya-se-incendio-y-dos-personas-resultaron-con-quemaduras\\\/\",\"name\":\"Puerto Iguaz\u00fa: Auto de patente paraguaya se incendi\u00f3 y dos personas resultaron con quemaduras | CVI NOTICIAS\",\"isPartOf\":{\"@id\":\"https:\\\/\\\/cvinoticias.com\\\/v3\\\/#website\"},\"primaryImageOfPage\":{\"@id\":\"https:\\\/\\\/cvinoticias.com\\\/v3\\\/puerto-iguazu-auto-de-patente-paraguaya-se-incendio-y-dos-personas-resultaron-con-quemaduras\\\/#primaryimage\"},\"image\":{\"@id\":\"https:\\\/\\\/cvinoticias.com\\\/v3\\\/puerto-iguazu-auto-de-patente-paraguaya-se-incendio-y-dos-personas-resultaron-con-quemaduras\\\/#primaryimage\"},\"thumbnailUrl\":\"https:\\\/\\\/cvinoticias.com\\\/wp-content\\\/uploads\\\/2023\\\/12\\\/Screenshot_20231226_083745_Facebook.jpg\",\"datePublished\":\"2023-12-26T11:42:18+00:00\",\"breadcrumb\":{\"@id\":\"https:\\\/\\\/cvinoticias.com\\\/v3\\\/puerto-iguazu-auto-de-patente-paraguaya-se-incendio-y-dos-personas-resultaron-con-quemaduras\\\/#breadcrumb\"},\"inLanguage\":\"es\",\"potentialAction\":[{\"@type\":\"ReadAction\",\"target\":[\"https:\\\/\\\/cvinoticias.com\\\/v3\\\/puerto-iguazu-auto-de-patente-paraguaya-se-incendio-y-dos-personas-resultaron-con-quemaduras\\\/\"]}]},{\"@type\":\"ImageObject\",\"inLanguage\":\"es\",\"@id\":\"https:\\\/\\\/cvinoticias.com\\\/v3\\\/puerto-iguazu-auto-de-patente-paraguaya-se-incendio-y-dos-personas-resultaron-con-quemaduras\\\/#primaryimage\",\"url\":\"https:\\\/\\\/cvinoticias.com\\\/wp-content\\\/uploads\\\/2023\\\/12\\\/Screenshot_20231226_083745_Facebook.jpg\",\"contentUrl\":\"https:\\\/\\\/cvinoticias.com\\\/wp-content\\\/uploads\\\/2023\\\/12\\\/Screenshot_20231226_083745_Facebook.jpg\",\"width\":1080,\"height\":1011},{\"@type\":\"BreadcrumbList\",\"@id\":\"https:\\\/\\\/cvinoticias.com\\\/v3\\\/puerto-iguazu-auto-de-patente-paraguaya-se-incendio-y-dos-personas-resultaron-con-quemaduras\\\/#breadcrumb\",\"itemListElement\":[{\"@type\":\"ListItem\",\"position\":1,\"name\":\"Portada\",\"item\":\"https:\\\/\\\/cvinoticias.com\\\/v3\\\/\"},{\"@type\":\"ListItem\",\"position\":2,\"name\":\"Puerto Iguaz\u00fa: Auto de patente paraguaya se incendi\u00f3 y dos personas resultaron con quemaduras\"}]},{\"@type\":\"WebSite\",\"@id\":\"https:\\\/\\\/cvinoticias.com\\\/v3\\\/#website\",\"url\":\"https:\\\/\\\/cvinoticias.com\\\/v3\\\/\",\"name\":\"CVI NOTICIAS\",\"description\":\"\",\"publisher\":{\"@id\":\"https:\\\/\\\/cvinoticias.com\\\/v3\\\/#organization\"},\"alternateName\":\"CVI\",\"potentialAction\":[{\"@type\":\"SearchAction\",\"target\":{\"@type\":\"EntryPoint\",\"urlTemplate\":\"https:\\\/\\\/cvinoticias.com\\\/v3\\\/?s={search_term_string}\"},\"query-input\":{\"@type\":\"PropertyValueSpecification\",\"valueRequired\":true,\"valueName\":\"search_term_string\"}}],\"inLanguage\":\"es\"},{\"@type\":\"Organization\",\"@id\":\"https:\\\/\\\/cvinoticias.com\\\/v3\\\/#organization\",\"name\":\"CVI NOTICIAS\",\"url\":\"https:\\\/\\\/cvinoticias.com\\\/v3\\\/\",\"logo\":{\"@type\":\"ImageObject\",\"inLanguage\":\"es\",\"@id\":\"https:\\\/\\\/cvinoticias.com\\\/v3\\\/#\\\/schema\\\/logo\\\/image\\\/\",\"url\":\"https:\\\/\\\/cvinoticias.com\\\/wp-content\\\/uploads\\\/2023\\\/04\\\/cropped-cropped-cropped-cropped-cropped-3-1.png\",\"contentUrl\":\"https:\\\/\\\/cvinoticias.com\\\/wp-content\\\/uploads\\\/2023\\\/04\\\/cropped-cropped-cropped-cropped-cropped-3-1.png\",\"width\":95,\"height\":122,\"caption\":\"CVI NOTICIAS\"},\"image\":{\"@id\":\"https:\\\/\\\/cvinoticias.com\\\/v3\\\/#\\\/schema\\\/logo\\\/image\\\/\"},\"sameAs\":[\"https:\\\/\\\/www.facebook.com\\\/cvinoticias\",\"https:\\\/\\\/www.instagram.com\\\/cvinoticias\\\/\",\"https:\\\/\\\/www.youtube.com\\\/@CVINOTICIAS\"]},{\"@type\":\"Person\",\"@id\":\"https:\\\/\\\/cvinoticias.com\\\/v3\\\/#\\\/schema\\\/person\\\/2db77e3c6bc03c538495d7b2b8be9b66\",\"name\":\"f1000024\",\"image\":{\"@type\":\"ImageObject\",\"inLanguage\":\"es\",\"@id\":\"https:\\\/\\\/secure.gravatar.com\\\/avatar\\\/d4fe7459cfc51ff5129ce1a732bbef5928568b8092d412ef95611616376bbeed?s=96&d=mm&r=g\",\"url\":\"https:\\\/\\\/secure.gravatar.com\\\/avatar\\\/d4fe7459cfc51ff5129ce1a732bbef5928568b8092d412ef95611616376bbeed?s=96&d=mm&r=g\",\"contentUrl\":\"https:\\\/\\\/secure.gravatar.com\\\/avatar\\\/d4fe7459cfc51ff5129ce1a732bbef5928568b8092d412ef95611616376bbeed?s=96&d=mm&r=g\",\"caption\":\"f1000024\"},\"url\":\"https:\\\/\\\/cvinoticias.com\\\/v3\\\/author\\\/f1000024\\\/\"}]}<\/script>\n<!-- \/ Yoast SEO plugin. -->","yoast_head_json":{"title":"Puerto Iguaz\u00fa: Auto de patente paraguaya se incendi\u00f3 y dos personas resultaron con quemaduras | CVI NOTICIAS","robots":{"index":"index","follow":"follow","max-snippet":"max-snippet:-1","max-image-preview":"max-image-preview:large","max-video-preview":"max-video-preview:-1"},"canonical":"https:\/\/cvinoticias.com\/v3\/puerto-iguazu-auto-de-patente-paraguaya-se-incendio-y-dos-personas-resultaron-con-quemaduras\/","og_locale":"es_ES","og_type":"article","og_title":"Puerto Iguaz\u00fa: Auto de patente paraguaya se incendi\u00f3 y dos personas resultaron con quemaduras | CVI NOTICIAS","og_description":"Sucedi\u00f3 este lunes cerca de una estaci\u00f3n de servicio. El conductor y una acompa\u00f1ante sufrieron graves heridas. Un hombre y una mujer sufrieron quemaduras que ser\u00edan de gravedad tras aparentemente manipular combustible, se\u00f1alaron fuentes de la fuerza. El hecho se registr\u00f3 ayer a las 20.35 en inmediaciones de una estaci\u00f3n de servicio ubicada en la [&hellip;]","og_url":"https:\/\/cvinoticias.com\/v3\/puerto-iguazu-auto-de-patente-paraguaya-se-incendio-y-dos-personas-resultaron-con-quemaduras\/","og_site_name":"CVI NOTICIAS","article_publisher":"https:\/\/www.facebook.com\/cvinoticias","article_published_time":"2023-12-26T11:42:18+00:00","og_image":[{"width":1080,"height":1011,"url":"https:\/\/cvinoticias.com\/wp-content\/uploads\/2023\/12\/Screenshot_20231226_083745_Facebook.jpg","type":"image\/jpeg"}],"author":"f1000024","twitter_card":"summary_large_image","twitter_misc":{"Escrito por":"f1000024","Tiempo de lectura":"1 minuto"},"schema":{"@context":"https:\/\/schema.org","@graph":[{"@type":"Article","@id":"https:\/\/cvinoticias.com\/v3\/puerto-iguazu-auto-de-patente-paraguaya-se-incendio-y-dos-personas-resultaron-con-quemaduras\/#article","isPartOf":{"@id":"https:\/\/cvinoticias.com\/v3\/puerto-iguazu-auto-de-patente-paraguaya-se-incendio-y-dos-personas-resultaron-con-quemaduras\/"},"author":{"name":"f1000024","@id":"https:\/\/cvinoticias.com\/v3\/#\/schema\/person\/2db77e3c6bc03c538495d7b2b8be9b66"},"headline":"Puerto Iguaz\u00fa: Auto de patente paraguaya se incendi\u00f3 y dos personas resultaron con quemaduras","datePublished":"2023-12-26T11:42:18+00:00","mainEntityOfPage":{"@id":"https:\/\/cvinoticias.com\/v3\/puerto-iguazu-auto-de-patente-paraguaya-se-incendio-y-dos-personas-resultaron-con-quemaduras\/"},"wordCount":313,"commentCount":0,"publisher":{"@id":"https:\/\/cvinoticias.com\/v3\/#organization"},"image":{"@id":"https:\/\/cvinoticias.com\/v3\/puerto-iguazu-auto-de-patente-paraguaya-se-incendio-y-dos-personas-resultaron-con-quemaduras\/#primaryimage"},"thumbnailUrl":"https:\/\/cvinoticias.com\/wp-content\/uploads\/2023\/12\/Screenshot_20231226_083745_Facebook.jpg","articleSection":["Justicia"],"inLanguage":"es","potentialAction":[{"@type":"CommentAction","name":"Comment","target":["https:\/\/cvinoticias.com\/v3\/puerto-iguazu-auto-de-patente-paraguaya-se-incendio-y-dos-personas-resultaron-con-quemaduras\/#respond"]}]},{"@type":"WebPage","@id":"https:\/\/cvinoticias.com\/v3\/puerto-iguazu-auto-de-patente-paraguaya-se-incendio-y-dos-personas-resultaron-con-quemaduras\/","url":"https:\/\/cvinoticias.com\/v3\/puerto-iguazu-auto-de-patente-paraguaya-se-incendio-y-dos-personas-resultaron-con-quemaduras\/","name":"Puerto Iguaz\u00fa: Auto de patente paraguaya se incendi\u00f3 y dos personas resultaron con quemaduras | CVI NOTICIAS","isPartOf":{"@id":"https:\/\/cvinoticias.com\/v3\/#website"},"primaryImageOfPage":{"@id":"https:\/\/cvinoticias.com\/v3\/puerto-iguazu-auto-de-patente-paraguaya-se-incendio-y-dos-personas-resultaron-con-quemaduras\/#primaryimage"},"image":{"@id":"https:\/\/cvinoticias.com\/v3\/puerto-iguazu-auto-de-patente-paraguaya-se-incendio-y-dos-personas-resultaron-con-quemaduras\/#primaryimage"},"thumbnailUrl":"https:\/\/cvinoticias.com\/wp-content\/uploads\/2023\/12\/Screenshot_20231226_083745_Facebook.jpg","datePublished":"2023-12-26T11:42:18+00:00","breadcrumb":{"@id":"https:\/\/cvinoticias.com\/v3\/puerto-iguazu-auto-de-patente-paraguaya-se-incendio-y-dos-personas-resultaron-con-quemaduras\/#breadcrumb"},"inLanguage":"es","potentialAction":[{"@type":"ReadAction","target":["https:\/\/cvinoticias.com\/v3\/puerto-iguazu-auto-de-patente-paraguaya-se-incendio-y-dos-personas-resultaron-con-quemaduras\/"]}]},{"@type":"ImageObject","inLanguage":"es","@id":"https:\/\/cvinoticias.com\/v3\/puerto-iguazu-auto-de-patente-paraguaya-se-incendio-y-dos-personas-resultaron-con-quemaduras\/#primaryimage","url":"https:\/\/cvinoticias.com\/wp-content\/uploads\/2023\/12\/Screenshot_20231226_083745_Facebook.jpg","contentUrl":"https:\/\/cvinoticias.com\/wp-content\/uploads\/2023\/12\/Screenshot_20231226_083745_Facebook.jpg","width":1080,"height":1011},{"@type":"BreadcrumbList","@id":"https:\/\/cvinoticias.com\/v3\/puerto-iguazu-auto-de-patente-paraguaya-se-incendio-y-dos-personas-resultaron-con-quemaduras\/#breadcrumb","itemListElement":[{"@type":"ListItem","position":1,"name":"Portada","item":"https:\/\/cvinoticias.com\/v3\/"},{"@type":"ListItem","position":2,"name":"Puerto Iguaz\u00fa: Auto de patente paraguaya se incendi\u00f3 y dos personas resultaron con quemaduras"}]},{"@type":"WebSite","@id":"https:\/\/cvinoticias.com\/v3\/#website","url":"https:\/\/cvinoticias.com\/v3\/","name":"CVI NOTICIAS","description":"","publisher":{"@id":"https:\/\/cvinoticias.com\/v3\/#organization"},"alternateName":"CVI","potentialAction":[{"@type":"SearchAction","target":{"@type":"EntryPoint","urlTemplate":"https:\/\/cvinoticias.com\/v3\/?s={search_term_string}"},"query-input":{"@type":"PropertyValueSpecification","valueRequired":true,"valueName":"search_term_string"}}],"inLanguage":"es"},{"@type":"Organization","@id":"https:\/\/cvinoticias.com\/v3\/#organization","name":"CVI NOTICIAS","url":"https:\/\/cvinoticias.com\/v3\/","logo":{"@type":"ImageObject","inLanguage":"es","@id":"https:\/\/cvinoticias.com\/v3\/#\/schema\/logo\/image\/","url":"https:\/\/cvinoticias.com\/wp-content\/uploads\/2023\/04\/cropped-cropped-cropped-cropped-cropped-3-1.png","contentUrl":"https:\/\/cvinoticias.com\/wp-content\/uploads\/2023\/04\/cropped-cropped-cropped-cropped-cropped-3-1.png","width":95,"height":122,"caption":"CVI NOTICIAS"},"image":{"@id":"https:\/\/cvinoticias.com\/v3\/#\/schema\/logo\/image\/"},"sameAs":["https:\/\/www.facebook.com\/cvinoticias","https:\/\/www.instagram.com\/cvinoticias\/","https:\/\/www.youtube.com\/@CVINOTICIAS"]},{"@type":"Person","@id":"https:\/\/cvinoticias.com\/v3\/#\/schema\/person\/2db77e3c6bc03c538495d7b2b8be9b66","name":"f1000024","image":{"@type":"ImageObject","inLanguage":"es","@id":"https:\/\/secure.gravatar.com\/avatar\/d4fe7459cfc51ff5129ce1a732bbef5928568b8092d412ef95611616376bbeed?s=96&d=mm&r=g","url":"https:\/\/secure.gravatar.com\/avatar\/d4fe7459cfc51ff5129ce1a732bbef5928568b8092d412ef95611616376bbeed?s=96&d=mm&r=g","contentUrl":"https:\/\/secure.gravatar.com\/avatar\/d4fe7459cfc51ff5129ce1a732bbef5928568b8092d412ef95611616376bbeed?s=96&d=mm&r=g","caption":"f1000024"},"url":"https:\/\/cvinoticias.com\/v3\/author\/f1000024\/"}]}},"_links":{"self":[{"href":"https:\/\/cvinoticias.com\/v3\/wp-json\/wp\/v2\/posts\/31262","targetHints":{"allow":["GET"]}}],"collection":[{"href":"https:\/\/cvinoticias.com\/v3\/wp-json\/wp\/v2\/posts"}],"about":[{"href":"https:\/\/cvinoticias.com\/v3\/wp-json\/wp\/v2\/types\/post"}],"author":[{"embeddable":true,"href":"https:\/\/cvinoticias.com\/v3\/wp-json\/wp\/v2\/users\/2"}],"replies":[{"embeddable":true,"href":"https:\/\/cvinoticias.com\/v3\/wp-json\/wp\/v2\/comments?post=31262"}],"version-history":[{"count":1,"href":"https:\/\/cvinoticias.com\/v3\/wp-json\/wp\/v2\/posts\/31262\/revisions"}],"predecessor-version":[{"id":31265,"href":"https:\/\/cvinoticias.com\/v3\/wp-json\/wp\/v2\/posts\/31262\/revisions\/31265"}],"wp:featuredmedia":[{"embeddable":true,"href":"https:\/\/cvinoticias.com\/v3\/wp-json\/wp\/v2\/media\/31264"}],"wp:attachment":[{"href":"https:\/\/cvinoticias.com\/v3\/wp-json\/wp\/v2\/media?parent=31262"}],"wp:term":[{"taxonomy":"category","embeddable":true,"href":"https:\/\/cvinoticias.com\/v3\/wp-json\/wp\/v2\/categories?post=31262"},{"taxonomy":"post_tag","embeddable":true,"href":"https:\/\/cvinoticias.com\/v3\/wp-json\/wp\/v2\/tags?post=31262"}],"curies":[{"name":"wp","href":"https:\/\/api.w.org\/{rel}","templated":true}]}}