{"id":31258,"date":"2023-12-26T08:27:52","date_gmt":"2023-12-26T11:27:52","guid":{"rendered":"https:\/\/cvinoticias.com\/v3\/?p=31258"},"modified":"2023-12-26T08:27:52","modified_gmt":"2023-12-26T11:27:52","slug":"mas-de-4-000-personas-asistieron-a-una-cena-de-navidad-frente-al-congreso","status":"publish","type":"post","link":"https:\/\/cvinoticias.com\/v3\/mas-de-4-000-personas-asistieron-a-una-cena-de-navidad-frente-al-congreso\/","title":{"rendered":"M\u00e1s de 4.000 personas asistieron a una cena de Navidad frente al Congreso"},"content":{"rendered":"\n<p><strong><em>Personas en situaci\u00f3n de calle, trabajadores de la econom\u00eda popular y migrantes participaron anoche de una cena de Navidad frente al Congreso Nacional organizada por diferentes movimientos sociales.<\/em><\/strong><\/p>\n\n\n\n<p>Con el objetivo de tener una cena de Navidad, m\u00e1s de 4.000 personas en situaci\u00f3n de calle, trabajadores de la econom\u00eda popular y migrantes se reunieron anoche frente al Congreso en un evento organizado por diferentes movimientos sociales.<\/p>\n\n\n\n<p>La velada cont\u00f3, incluso, con un saludo del papa Francisco a trav\u00e9s de una carta escrita de pu\u00f1o y letra enviada a Sergio S\u00e1nchez, presidente de la Federaci\u00f3n Argentina de Carreros, Cartoneros y Recicladores (FACCyR): \u00abLes deseo una serena Navidad. Rezo por ustedes, por favor h\u00e1ganlo por m\u00ed. Estoy cercano a todos ustedes, que dios los bendiga a todos. Fraternalmente, Francisco\u00bb.<\/p>\n\n\n\n<p>La consigna fue \u00abNinguna familia sin Navidad\u00bb y se trat\u00f3 de una iniciativa que comenz\u00f3 a llevarse a cabo en 2016 todos los 24 de diciembre.<\/p>\n\n\n\n<figure class=\"wp-block-image size-full\"><a href=\"https:\/\/cvinoticias.com\/wp-content\/uploads\/2023\/12\/f768x1-494907_495034_13.jpeg\"><img decoding=\"async\" width=\"768\" height=\"500\" data-src=\"https:\/\/cvinoticias.com\/wp-content\/uploads\/2023\/12\/f768x1-494907_495034_13.jpeg\" alt=\"\" class=\"wp-image-31259 lazyload\" data-srcset=\"https:\/\/cvinoticias.com\/wp-content\/uploads\/2023\/12\/f768x1-494907_495034_13.jpeg 768w, https:\/\/cvinoticias.com\/wp-content\/uploads\/2023\/12\/f768x1-494907_495034_13-300x195.jpeg 300w\" data-sizes=\"(max-width: 768px) 100vw, 768px\" src=\"data:image\/svg+xml;base64,PHN2ZyB3aWR0aD0iMSIgaGVpZ2h0PSIxIiB4bWxucz0iaHR0cDovL3d3dy53My5vcmcvMjAwMC9zdmciPjwvc3ZnPg==\" style=\"--smush-placeholder-width: 768px; --smush-placeholder-aspect-ratio: 768\/500;\" \/><\/a><\/figure>\n\n\n\n<p>En la cena, el Monse\u00f1or Gustavo Carrara, obispo auxiliar de Buenos Aires y responsable de las pastoral de las villas, bendijo la cena y el m\u00fasico Santiago Motorizado cant\u00f3 en vivo para los asistentes.<\/p>\n\n\n\n<p>Adem\u00e1s, estuvieron presentes Juan Grabois, quien destac\u00f3 la tarea solidaria en favor de los m\u00e1s pobres y tambi\u00e9n \u00abla organizaci\u00f3n y lucha\u00bb; y la exlegisladora porte\u00f1a de Uni\u00f3n por la Patria, Ofelia Fern\u00e1ndez.<\/p>\n","protected":false},"excerpt":{"rendered":"<p>Personas en situaci\u00f3n de calle, trabajadores de la econom\u00eda popular y migrantes participaron anoche de una cena de Navidad frente al Congreso Nacional organizada por diferentes movimientos sociales. Con el objetivo de tener una cena de Navidad, m\u00e1s de 4.000 personas en situaci\u00f3n de calle, trabajadores de la econom\u00eda popular y migrantes se reunieron anoche [&hellip;]<\/p>\n","protected":false},"author":2,"featured_media":31260,"comment_status":"open","ping_status":"open","sticky":false,"template":"","format":"standard","meta":{"footnotes":""},"categories":[35],"tags":[],"class_list":["post-31258","post","type-post","status-publish","format-standard","has-post-thumbnail","hentry","category-informacion-general"],"yoast_head":"<!-- This site is optimized with the Yoast SEO plugin v27.4 - https:\/\/yoast.com\/product\/yoast-seo-wordpress\/ -->\n<title>M\u00e1s de 4.000 personas asistieron a una cena de Navidad frente al Congreso | CVI NOTICIAS<\/title>\n<meta name=\"robots\" content=\"index, follow, max-snippet:-1, max-image-preview:large, max-video-preview:-1\" \/>\n<link rel=\"canonical\" href=\"https:\/\/cvinoticias.com\/v3\/mas-de-4-000-personas-asistieron-a-una-cena-de-navidad-frente-al-congreso\/\" \/>\n<meta property=\"og:locale\" content=\"es_ES\" \/>\n<meta property=\"og:type\" content=\"article\" \/>\n<meta property=\"og:title\" content=\"M\u00e1s de 4.000 personas asistieron a una cena de Navidad frente al Congreso | CVI NOTICIAS\" \/>\n<meta property=\"og:description\" content=\"Personas en situaci\u00f3n de calle, trabajadores de la econom\u00eda popular y migrantes participaron anoche de una cena de Navidad frente al Congreso Nacional organizada por diferentes movimientos sociales. Con el objetivo de tener una cena de Navidad, m\u00e1s de 4.000 personas en situaci\u00f3n de calle, trabajadores de la econom\u00eda popular y migrantes se reunieron anoche [&hellip;]\" \/>\n<meta property=\"og:url\" content=\"https:\/\/cvinoticias.com\/v3\/mas-de-4-000-personas-asistieron-a-una-cena-de-navidad-frente-al-congreso\/\" \/>\n<meta property=\"og:site_name\" content=\"CVI NOTICIAS\" \/>\n<meta property=\"article:publisher\" content=\"https:\/\/www.facebook.com\/cvinoticias\" \/>\n<meta property=\"article:published_time\" content=\"2023-12-26T11:27:52+00:00\" \/>\n<meta property=\"og:image\" content=\"https:\/\/cvinoticias.com\/wp-content\/uploads\/2023\/12\/f608x342-494909_524632_31.jpeg\" \/>\n\t<meta property=\"og:image:width\" content=\"608\" \/>\n\t<meta property=\"og:image:height\" content=\"342\" \/>\n\t<meta property=\"og:image:type\" content=\"image\/jpeg\" \/>\n<meta name=\"author\" content=\"f1000024\" \/>\n<meta name=\"twitter:card\" content=\"summary_large_image\" \/>\n<meta name=\"twitter:label1\" content=\"Escrito por\" \/>\n\t<meta name=\"twitter:data1\" content=\"f1000024\" \/>\n\t<meta name=\"twitter:label2\" content=\"Tiempo de lectura\" \/>\n\t<meta name=\"twitter:data2\" content=\"1 minuto\" \/>\n<script type=\"application\/ld+json\" class=\"yoast-schema-graph\">{\"@context\":\"https:\\\/\\\/schema.org\",\"@graph\":[{\"@type\":\"Article\",\"@id\":\"https:\\\/\\\/cvinoticias.com\\\/v3\\\/mas-de-4-000-personas-asistieron-a-una-cena-de-navidad-frente-al-congreso\\\/#article\",\"isPartOf\":{\"@id\":\"https:\\\/\\\/cvinoticias.com\\\/v3\\\/mas-de-4-000-personas-asistieron-a-una-cena-de-navidad-frente-al-congreso\\\/\"},\"author\":{\"name\":\"f1000024\",\"@id\":\"https:\\\/\\\/cvinoticias.com\\\/v3\\\/#\\\/schema\\\/person\\\/2db77e3c6bc03c538495d7b2b8be9b66\"},\"headline\":\"M\u00e1s de 4.000 personas asistieron a una cena de Navidad frente al Congreso\",\"datePublished\":\"2023-12-26T11:27:52+00:00\",\"mainEntityOfPage\":{\"@id\":\"https:\\\/\\\/cvinoticias.com\\\/v3\\\/mas-de-4-000-personas-asistieron-a-una-cena-de-navidad-frente-al-congreso\\\/\"},\"wordCount\":249,\"commentCount\":0,\"publisher\":{\"@id\":\"https:\\\/\\\/cvinoticias.com\\\/v3\\\/#organization\"},\"image\":{\"@id\":\"https:\\\/\\\/cvinoticias.com\\\/v3\\\/mas-de-4-000-personas-asistieron-a-una-cena-de-navidad-frente-al-congreso\\\/#primaryimage\"},\"thumbnailUrl\":\"https:\\\/\\\/cvinoticias.com\\\/wp-content\\\/uploads\\\/2023\\\/12\\\/f608x342-494909_524632_31.jpeg\",\"articleSection\":[\"Informaci\u00f3n General\"],\"inLanguage\":\"es\",\"potentialAction\":[{\"@type\":\"CommentAction\",\"name\":\"Comment\",\"target\":[\"https:\\\/\\\/cvinoticias.com\\\/v3\\\/mas-de-4-000-personas-asistieron-a-una-cena-de-navidad-frente-al-congreso\\\/#respond\"]}]},{\"@type\":\"WebPage\",\"@id\":\"https:\\\/\\\/cvinoticias.com\\\/v3\\\/mas-de-4-000-personas-asistieron-a-una-cena-de-navidad-frente-al-congreso\\\/\",\"url\":\"https:\\\/\\\/cvinoticias.com\\\/v3\\\/mas-de-4-000-personas-asistieron-a-una-cena-de-navidad-frente-al-congreso\\\/\",\"name\":\"M\u00e1s de 4.000 personas asistieron a una cena de Navidad frente al Congreso | CVI NOTICIAS\",\"isPartOf\":{\"@id\":\"https:\\\/\\\/cvinoticias.com\\\/v3\\\/#website\"},\"primaryImageOfPage\":{\"@id\":\"https:\\\/\\\/cvinoticias.com\\\/v3\\\/mas-de-4-000-personas-asistieron-a-una-cena-de-navidad-frente-al-congreso\\\/#primaryimage\"},\"image\":{\"@id\":\"https:\\\/\\\/cvinoticias.com\\\/v3\\\/mas-de-4-000-personas-asistieron-a-una-cena-de-navidad-frente-al-congreso\\\/#primaryimage\"},\"thumbnailUrl\":\"https:\\\/\\\/cvinoticias.com\\\/wp-content\\\/uploads\\\/2023\\\/12\\\/f608x342-494909_524632_31.jpeg\",\"datePublished\":\"2023-12-26T11:27:52+00:00\",\"breadcrumb\":{\"@id\":\"https:\\\/\\\/cvinoticias.com\\\/v3\\\/mas-de-4-000-personas-asistieron-a-una-cena-de-navidad-frente-al-congreso\\\/#breadcrumb\"},\"inLanguage\":\"es\",\"potentialAction\":[{\"@type\":\"ReadAction\",\"target\":[\"https:\\\/\\\/cvinoticias.com\\\/v3\\\/mas-de-4-000-personas-asistieron-a-una-cena-de-navidad-frente-al-congreso\\\/\"]}]},{\"@type\":\"ImageObject\",\"inLanguage\":\"es\",\"@id\":\"https:\\\/\\\/cvinoticias.com\\\/v3\\\/mas-de-4-000-personas-asistieron-a-una-cena-de-navidad-frente-al-congreso\\\/#primaryimage\",\"url\":\"https:\\\/\\\/cvinoticias.com\\\/wp-content\\\/uploads\\\/2023\\\/12\\\/f608x342-494909_524632_31.jpeg\",\"contentUrl\":\"https:\\\/\\\/cvinoticias.com\\\/wp-content\\\/uploads\\\/2023\\\/12\\\/f608x342-494909_524632_31.jpeg\",\"width\":608,\"height\":342},{\"@type\":\"BreadcrumbList\",\"@id\":\"https:\\\/\\\/cvinoticias.com\\\/v3\\\/mas-de-4-000-personas-asistieron-a-una-cena-de-navidad-frente-al-congreso\\\/#breadcrumb\",\"itemListElement\":[{\"@type\":\"ListItem\",\"position\":1,\"name\":\"Portada\",\"item\":\"https:\\\/\\\/cvinoticias.com\\\/v3\\\/\"},{\"@type\":\"ListItem\",\"position\":2,\"name\":\"M\u00e1s de 4.000 personas asistieron a una cena de Navidad frente al Congreso\"}]},{\"@type\":\"WebSite\",\"@id\":\"https:\\\/\\\/cvinoticias.com\\\/v3\\\/#website\",\"url\":\"https:\\\/\\\/cvinoticias.com\\\/v3\\\/\",\"name\":\"CVI NOTICIAS\",\"description\":\"\",\"publisher\":{\"@id\":\"https:\\\/\\\/cvinoticias.com\\\/v3\\\/#organization\"},\"alternateName\":\"CVI\",\"potentialAction\":[{\"@type\":\"SearchAction\",\"target\":{\"@type\":\"EntryPoint\",\"urlTemplate\":\"https:\\\/\\\/cvinoticias.com\\\/v3\\\/?s={search_term_string}\"},\"query-input\":{\"@type\":\"PropertyValueSpecification\",\"valueRequired\":true,\"valueName\":\"search_term_string\"}}],\"inLanguage\":\"es\"},{\"@type\":\"Organization\",\"@id\":\"https:\\\/\\\/cvinoticias.com\\\/v3\\\/#organization\",\"name\":\"CVI NOTICIAS\",\"url\":\"https:\\\/\\\/cvinoticias.com\\\/v3\\\/\",\"logo\":{\"@type\":\"ImageObject\",\"inLanguage\":\"es\",\"@id\":\"https:\\\/\\\/cvinoticias.com\\\/v3\\\/#\\\/schema\\\/logo\\\/image\\\/\",\"url\":\"https:\\\/\\\/cvinoticias.com\\\/wp-content\\\/uploads\\\/2023\\\/04\\\/cropped-cropped-cropped-cropped-cropped-3-1.png\",\"contentUrl\":\"https:\\\/\\\/cvinoticias.com\\\/wp-content\\\/uploads\\\/2023\\\/04\\\/cropped-cropped-cropped-cropped-cropped-3-1.png\",\"width\":95,\"height\":122,\"caption\":\"CVI NOTICIAS\"},\"image\":{\"@id\":\"https:\\\/\\\/cvinoticias.com\\\/v3\\\/#\\\/schema\\\/logo\\\/image\\\/\"},\"sameAs\":[\"https:\\\/\\\/www.facebook.com\\\/cvinoticias\",\"https:\\\/\\\/www.instagram.com\\\/cvinoticias\\\/\",\"https:\\\/\\\/www.youtube.com\\\/@CVINOTICIAS\"]},{\"@type\":\"Person\",\"@id\":\"https:\\\/\\\/cvinoticias.com\\\/v3\\\/#\\\/schema\\\/person\\\/2db77e3c6bc03c538495d7b2b8be9b66\",\"name\":\"f1000024\",\"image\":{\"@type\":\"ImageObject\",\"inLanguage\":\"es\",\"@id\":\"https:\\\/\\\/secure.gravatar.com\\\/avatar\\\/d4fe7459cfc51ff5129ce1a732bbef5928568b8092d412ef95611616376bbeed?s=96&d=mm&r=g\",\"url\":\"https:\\\/\\\/secure.gravatar.com\\\/avatar\\\/d4fe7459cfc51ff5129ce1a732bbef5928568b8092d412ef95611616376bbeed?s=96&d=mm&r=g\",\"contentUrl\":\"https:\\\/\\\/secure.gravatar.com\\\/avatar\\\/d4fe7459cfc51ff5129ce1a732bbef5928568b8092d412ef95611616376bbeed?s=96&d=mm&r=g\",\"caption\":\"f1000024\"},\"url\":\"https:\\\/\\\/cvinoticias.com\\\/v3\\\/author\\\/f1000024\\\/\"}]}<\/script>\n<!-- \/ Yoast SEO plugin. -->","yoast_head_json":{"title":"M\u00e1s de 4.000 personas asistieron a una cena de Navidad frente al Congreso | CVI NOTICIAS","robots":{"index":"index","follow":"follow","max-snippet":"max-snippet:-1","max-image-preview":"max-image-preview:large","max-video-preview":"max-video-preview:-1"},"canonical":"https:\/\/cvinoticias.com\/v3\/mas-de-4-000-personas-asistieron-a-una-cena-de-navidad-frente-al-congreso\/","og_locale":"es_ES","og_type":"article","og_title":"M\u00e1s de 4.000 personas asistieron a una cena de Navidad frente al Congreso | CVI NOTICIAS","og_description":"Personas en situaci\u00f3n de calle, trabajadores de la econom\u00eda popular y migrantes participaron anoche de una cena de Navidad frente al Congreso Nacional organizada por diferentes movimientos sociales. Con el objetivo de tener una cena de Navidad, m\u00e1s de 4.000 personas en situaci\u00f3n de calle, trabajadores de la econom\u00eda popular y migrantes se reunieron anoche [&hellip;]","og_url":"https:\/\/cvinoticias.com\/v3\/mas-de-4-000-personas-asistieron-a-una-cena-de-navidad-frente-al-congreso\/","og_site_name":"CVI NOTICIAS","article_publisher":"https:\/\/www.facebook.com\/cvinoticias","article_published_time":"2023-12-26T11:27:52+00:00","og_image":[{"width":608,"height":342,"url":"https:\/\/cvinoticias.com\/wp-content\/uploads\/2023\/12\/f608x342-494909_524632_31.jpeg","type":"image\/jpeg"}],"author":"f1000024","twitter_card":"summary_large_image","twitter_misc":{"Escrito por":"f1000024","Tiempo de lectura":"1 minuto"},"schema":{"@context":"https:\/\/schema.org","@graph":[{"@type":"Article","@id":"https:\/\/cvinoticias.com\/v3\/mas-de-4-000-personas-asistieron-a-una-cena-de-navidad-frente-al-congreso\/#article","isPartOf":{"@id":"https:\/\/cvinoticias.com\/v3\/mas-de-4-000-personas-asistieron-a-una-cena-de-navidad-frente-al-congreso\/"},"author":{"name":"f1000024","@id":"https:\/\/cvinoticias.com\/v3\/#\/schema\/person\/2db77e3c6bc03c538495d7b2b8be9b66"},"headline":"M\u00e1s de 4.000 personas asistieron a una cena de Navidad frente al Congreso","datePublished":"2023-12-26T11:27:52+00:00","mainEntityOfPage":{"@id":"https:\/\/cvinoticias.com\/v3\/mas-de-4-000-personas-asistieron-a-una-cena-de-navidad-frente-al-congreso\/"},"wordCount":249,"commentCount":0,"publisher":{"@id":"https:\/\/cvinoticias.com\/v3\/#organization"},"image":{"@id":"https:\/\/cvinoticias.com\/v3\/mas-de-4-000-personas-asistieron-a-una-cena-de-navidad-frente-al-congreso\/#primaryimage"},"thumbnailUrl":"https:\/\/cvinoticias.com\/wp-content\/uploads\/2023\/12\/f608x342-494909_524632_31.jpeg","articleSection":["Informaci\u00f3n General"],"inLanguage":"es","potentialAction":[{"@type":"CommentAction","name":"Comment","target":["https:\/\/cvinoticias.com\/v3\/mas-de-4-000-personas-asistieron-a-una-cena-de-navidad-frente-al-congreso\/#respond"]}]},{"@type":"WebPage","@id":"https:\/\/cvinoticias.com\/v3\/mas-de-4-000-personas-asistieron-a-una-cena-de-navidad-frente-al-congreso\/","url":"https:\/\/cvinoticias.com\/v3\/mas-de-4-000-personas-asistieron-a-una-cena-de-navidad-frente-al-congreso\/","name":"M\u00e1s de 4.000 personas asistieron a una cena de Navidad frente al Congreso | CVI NOTICIAS","isPartOf":{"@id":"https:\/\/cvinoticias.com\/v3\/#website"},"primaryImageOfPage":{"@id":"https:\/\/cvinoticias.com\/v3\/mas-de-4-000-personas-asistieron-a-una-cena-de-navidad-frente-al-congreso\/#primaryimage"},"image":{"@id":"https:\/\/cvinoticias.com\/v3\/mas-de-4-000-personas-asistieron-a-una-cena-de-navidad-frente-al-congreso\/#primaryimage"},"thumbnailUrl":"https:\/\/cvinoticias.com\/wp-content\/uploads\/2023\/12\/f608x342-494909_524632_31.jpeg","datePublished":"2023-12-26T11:27:52+00:00","breadcrumb":{"@id":"https:\/\/cvinoticias.com\/v3\/mas-de-4-000-personas-asistieron-a-una-cena-de-navidad-frente-al-congreso\/#breadcrumb"},"inLanguage":"es","potentialAction":[{"@type":"ReadAction","target":["https:\/\/cvinoticias.com\/v3\/mas-de-4-000-personas-asistieron-a-una-cena-de-navidad-frente-al-congreso\/"]}]},{"@type":"ImageObject","inLanguage":"es","@id":"https:\/\/cvinoticias.com\/v3\/mas-de-4-000-personas-asistieron-a-una-cena-de-navidad-frente-al-congreso\/#primaryimage","url":"https:\/\/cvinoticias.com\/wp-content\/uploads\/2023\/12\/f608x342-494909_524632_31.jpeg","contentUrl":"https:\/\/cvinoticias.com\/wp-content\/uploads\/2023\/12\/f608x342-494909_524632_31.jpeg","width":608,"height":342},{"@type":"BreadcrumbList","@id":"https:\/\/cvinoticias.com\/v3\/mas-de-4-000-personas-asistieron-a-una-cena-de-navidad-frente-al-congreso\/#breadcrumb","itemListElement":[{"@type":"ListItem","position":1,"name":"Portada","item":"https:\/\/cvinoticias.com\/v3\/"},{"@type":"ListItem","position":2,"name":"M\u00e1s de 4.000 personas asistieron a una cena de Navidad frente al Congreso"}]},{"@type":"WebSite","@id":"https:\/\/cvinoticias.com\/v3\/#website","url":"https:\/\/cvinoticias.com\/v3\/","name":"CVI NOTICIAS","description":"","publisher":{"@id":"https:\/\/cvinoticias.com\/v3\/#organization"},"alternateName":"CVI","potentialAction":[{"@type":"SearchAction","target":{"@type":"EntryPoint","urlTemplate":"https:\/\/cvinoticias.com\/v3\/?s={search_term_string}"},"query-input":{"@type":"PropertyValueSpecification","valueRequired":true,"valueName":"search_term_string"}}],"inLanguage":"es"},{"@type":"Organization","@id":"https:\/\/cvinoticias.com\/v3\/#organization","name":"CVI NOTICIAS","url":"https:\/\/cvinoticias.com\/v3\/","logo":{"@type":"ImageObject","inLanguage":"es","@id":"https:\/\/cvinoticias.com\/v3\/#\/schema\/logo\/image\/","url":"https:\/\/cvinoticias.com\/wp-content\/uploads\/2023\/04\/cropped-cropped-cropped-cropped-cropped-3-1.png","contentUrl":"https:\/\/cvinoticias.com\/wp-content\/uploads\/2023\/04\/cropped-cropped-cropped-cropped-cropped-3-1.png","width":95,"height":122,"caption":"CVI NOTICIAS"},"image":{"@id":"https:\/\/cvinoticias.com\/v3\/#\/schema\/logo\/image\/"},"sameAs":["https:\/\/www.facebook.com\/cvinoticias","https:\/\/www.instagram.com\/cvinoticias\/","https:\/\/www.youtube.com\/@CVINOTICIAS"]},{"@type":"Person","@id":"https:\/\/cvinoticias.com\/v3\/#\/schema\/person\/2db77e3c6bc03c538495d7b2b8be9b66","name":"f1000024","image":{"@type":"ImageObject","inLanguage":"es","@id":"https:\/\/secure.gravatar.com\/avatar\/d4fe7459cfc51ff5129ce1a732bbef5928568b8092d412ef95611616376bbeed?s=96&d=mm&r=g","url":"https:\/\/secure.gravatar.com\/avatar\/d4fe7459cfc51ff5129ce1a732bbef5928568b8092d412ef95611616376bbeed?s=96&d=mm&r=g","contentUrl":"https:\/\/secure.gravatar.com\/avatar\/d4fe7459cfc51ff5129ce1a732bbef5928568b8092d412ef95611616376bbeed?s=96&d=mm&r=g","caption":"f1000024"},"url":"https:\/\/cvinoticias.com\/v3\/author\/f1000024\/"}]}},"_links":{"self":[{"href":"https:\/\/cvinoticias.com\/v3\/wp-json\/wp\/v2\/posts\/31258","targetHints":{"allow":["GET"]}}],"collection":[{"href":"https:\/\/cvinoticias.com\/v3\/wp-json\/wp\/v2\/posts"}],"about":[{"href":"https:\/\/cvinoticias.com\/v3\/wp-json\/wp\/v2\/types\/post"}],"author":[{"embeddable":true,"href":"https:\/\/cvinoticias.com\/v3\/wp-json\/wp\/v2\/users\/2"}],"replies":[{"embeddable":true,"href":"https:\/\/cvinoticias.com\/v3\/wp-json\/wp\/v2\/comments?post=31258"}],"version-history":[{"count":1,"href":"https:\/\/cvinoticias.com\/v3\/wp-json\/wp\/v2\/posts\/31258\/revisions"}],"predecessor-version":[{"id":31261,"href":"https:\/\/cvinoticias.com\/v3\/wp-json\/wp\/v2\/posts\/31258\/revisions\/31261"}],"wp:featuredmedia":[{"embeddable":true,"href":"https:\/\/cvinoticias.com\/v3\/wp-json\/wp\/v2\/media\/31260"}],"wp:attachment":[{"href":"https:\/\/cvinoticias.com\/v3\/wp-json\/wp\/v2\/media?parent=31258"}],"wp:term":[{"taxonomy":"category","embeddable":true,"href":"https:\/\/cvinoticias.com\/v3\/wp-json\/wp\/v2\/categories?post=31258"},{"taxonomy":"post_tag","embeddable":true,"href":"https:\/\/cvinoticias.com\/v3\/wp-json\/wp\/v2\/tags?post=31258"}],"curies":[{"name":"wp","href":"https:\/\/api.w.org\/{rel}","templated":true}]}}