{"id":31252,"date":"2023-12-26T08:15:15","date_gmt":"2023-12-26T11:15:15","guid":{"rendered":"https:\/\/cvinoticias.com\/v3\/?p=31252"},"modified":"2023-12-26T08:15:15","modified_gmt":"2023-12-26T11:15:15","slug":"yacyreta-advirtio-que-hasta-marzo-se-preven-aguas-altas-en-el-parana","status":"publish","type":"post","link":"https:\/\/cvinoticias.com\/v3\/yacyreta-advirtio-que-hasta-marzo-se-preven-aguas-altas-en-el-parana\/","title":{"rendered":"Yacyret\u00e1 advirti\u00f3 que hasta marzo se prev\u00e9n \u00abaguas altas\u00bb en el Paran\u00e1"},"content":{"rendered":"\n<p><strong><em>La Entidad Binacional Yacyret\u00e1 (EBY) advirti\u00f3 hoy que, hasta marzo, se prev\u00e9n eventos hidrol\u00f3gicos asociados a situaciones de aguas altas en el r\u00edo Paran\u00e1, debido al impacto de la corriente de \u00abEl Ni\u00f1o\u00bb tanto en esa cuenca como en las que aportan a la represa hidroel\u00e9ctrica, ubicada en la ciudad correntina de Ituzaing\u00f3.<\/em><\/strong><\/p>\n\n\n\n<p>En un mensaje dirigido a la sociedad civil en general y a gestores del territorio, la EBY comunic\u00f3 hoy que, de acuerdo con la evoluci\u00f3n de \u00edndices clim\u00e1ticos publicados por organismos especializados de referencia, se prev\u00e9 \u00abcon un grado de probabilidad alto, que durante el per\u00edodo diciembre 23 \u2013 marzo 24 podr\u00edan verificarse eventos hidrol\u00f3gicos asociados a situaciones de aguas altas\u00bb en el r\u00edo Paran\u00e1.<\/p>\n\n\n\n<p>Se trata de fen\u00f3menos clim\u00e1ticos vinculados con la corriente de \u00abEl Ni\u00f1o\u00bb, precis\u00f3 la compa\u00f1\u00eda que opera la represa hidroel\u00e9ctrica, lo que se suma al grado de almacenamiento de los embalses de la cuenca aguas arriba de Yacyret\u00e1. En ese sentido, explic\u00f3 que actualmente el sistema de embalses emplazados en la cuenca del r\u00edo Paran\u00e1, en territorio brasile\u00f1o, se encuentra con un almacenamiento ponderado del orden del 75%.<\/p>\n\n\n\n<p>A su vez, especific\u00f3 que el Servicio Meteorol\u00f3gico Nacional de Argentina (SMN-AR) prev\u00e9 para el trimestre diciembre 2023-febrero 2024 una probabilidad de ocurrencia de precipitaciones superior a la normal, para la porci\u00f3n argentina de la cuenca del Paran\u00e1 de aporte a Yacyret\u00e1. En el mismo sentido, el pron\u00f3stico de precipitaci\u00f3n elaborado por la Direcci\u00f3n de Meteorolog\u00eda e Hidrolog\u00eda de Paraguay (DMH-DINAC, PY), en la porci\u00f3n paraguaya de la cuenca del Paran\u00e1 de aporte a Yacyret\u00e1, prev\u00e9 probabilidad de ocurrencia de precipitaci\u00f3n superior a la normal.<\/p>\n\n\n\n<p>En su reporte, adem\u00e1s, Yacyret\u00e1 mencion\u00f3 que \u00aben la cuenca inferior se prev\u00e9 probabilidad de ocurrencia de precipitaci\u00f3n superior a la normal\u00bb por hasta un 40 por ciento por encima de los habitual, hasta mayo de 2024 inclusive.<\/p>\n\n\n\n<p>El r\u00edo Paran\u00e1, a la altura de Corrientes, recibi\u00f3 un 115 por ciento m\u00e1s de agua en su caudal que el promedio hist\u00f3rico, seg\u00fan un informe elaborado por la EBY. Se trata de un \u00edndice sostenido en que, durante noviembre de 2023, el caudal afluente promedio en el r\u00edo Paran\u00e1, a la altura de la central hidroel\u00e9ctrica de Yacyret\u00e1, fue de 25.800 metros c\u00fabicos por segundo, lo que supera en un 115 por ciento al promedio hist\u00f3rico, establecido en 11.963 metros c\u00fabicos por segundo dentro de la serie 1901-2022.<\/p>\n\n\n\n<p>Esa informaci\u00f3n se condice con las inundaciones que tuvieron a la provincia de Corrientes como escenario, con severas complicaciones en las localidades de Apip\u00e9, Ituzaing\u00f3, Itat\u00ed, Paso de la Patria y Corrientes capital, entre otras.<\/p>\n","protected":false},"excerpt":{"rendered":"<p>La Entidad Binacional Yacyret\u00e1 (EBY) advirti\u00f3 hoy que, hasta marzo, se prev\u00e9n eventos hidrol\u00f3gicos asociados a situaciones de aguas altas en el r\u00edo Paran\u00e1, debido al impacto de la corriente de \u00abEl Ni\u00f1o\u00bb tanto en esa cuenca como en las que aportan a la represa hidroel\u00e9ctrica, ubicada en la ciudad correntina de Ituzaing\u00f3. En un [&hellip;]<\/p>\n","protected":false},"author":2,"featured_media":31253,"comment_status":"open","ping_status":"open","sticky":false,"template":"","format":"standard","meta":{"footnotes":""},"categories":[35],"tags":[],"class_list":["post-31252","post","type-post","status-publish","format-standard","has-post-thumbnail","hentry","category-informacion-general"],"yoast_head":"<!-- This site is optimized with the Yoast SEO plugin v27.4 - https:\/\/yoast.com\/product\/yoast-seo-wordpress\/ -->\n<title>Yacyret\u00e1 advirti\u00f3 que hasta marzo se prev\u00e9n \u00abaguas altas\u00bb en el Paran\u00e1 | CVI NOTICIAS<\/title>\n<meta name=\"robots\" content=\"index, follow, max-snippet:-1, max-image-preview:large, max-video-preview:-1\" \/>\n<link rel=\"canonical\" href=\"https:\/\/cvinoticias.com\/v3\/yacyreta-advirtio-que-hasta-marzo-se-preven-aguas-altas-en-el-parana\/\" \/>\n<meta property=\"og:locale\" content=\"es_ES\" \/>\n<meta property=\"og:type\" content=\"article\" \/>\n<meta property=\"og:title\" content=\"Yacyret\u00e1 advirti\u00f3 que hasta marzo se prev\u00e9n \u00abaguas altas\u00bb en el Paran\u00e1 | CVI NOTICIAS\" \/>\n<meta property=\"og:description\" content=\"La Entidad Binacional Yacyret\u00e1 (EBY) advirti\u00f3 hoy que, hasta marzo, se prev\u00e9n eventos hidrol\u00f3gicos asociados a situaciones de aguas altas en el r\u00edo Paran\u00e1, debido al impacto de la corriente de \u00abEl Ni\u00f1o\u00bb tanto en esa cuenca como en las que aportan a la represa hidroel\u00e9ctrica, ubicada en la ciudad correntina de Ituzaing\u00f3. En un [&hellip;]\" \/>\n<meta property=\"og:url\" content=\"https:\/\/cvinoticias.com\/v3\/yacyreta-advirtio-que-hasta-marzo-se-preven-aguas-altas-en-el-parana\/\" \/>\n<meta property=\"og:site_name\" content=\"CVI NOTICIAS\" \/>\n<meta property=\"article:publisher\" content=\"https:\/\/www.facebook.com\/cvinoticias\" \/>\n<meta property=\"article:published_time\" content=\"2023-12-26T11:15:15+00:00\" \/>\n<meta property=\"og:image\" content=\"https:\/\/cvinoticias.com\/wp-content\/uploads\/2023\/12\/11-1.jpeg\" \/>\n\t<meta property=\"og:image:width\" content=\"992\" \/>\n\t<meta property=\"og:image:height\" content=\"595\" \/>\n\t<meta property=\"og:image:type\" content=\"image\/jpeg\" \/>\n<meta name=\"author\" content=\"f1000024\" \/>\n<meta name=\"twitter:card\" content=\"summary_large_image\" \/>\n<meta name=\"twitter:label1\" content=\"Escrito por\" \/>\n\t<meta name=\"twitter:data1\" content=\"f1000024\" \/>\n\t<meta name=\"twitter:label2\" content=\"Tiempo de lectura\" \/>\n\t<meta name=\"twitter:data2\" content=\"2 minutos\" \/>\n<script type=\"application\/ld+json\" class=\"yoast-schema-graph\">{\"@context\":\"https:\\\/\\\/schema.org\",\"@graph\":[{\"@type\":\"Article\",\"@id\":\"https:\\\/\\\/cvinoticias.com\\\/v3\\\/yacyreta-advirtio-que-hasta-marzo-se-preven-aguas-altas-en-el-parana\\\/#article\",\"isPartOf\":{\"@id\":\"https:\\\/\\\/cvinoticias.com\\\/v3\\\/yacyreta-advirtio-que-hasta-marzo-se-preven-aguas-altas-en-el-parana\\\/\"},\"author\":{\"name\":\"f1000024\",\"@id\":\"https:\\\/\\\/cvinoticias.com\\\/v3\\\/#\\\/schema\\\/person\\\/2db77e3c6bc03c538495d7b2b8be9b66\"},\"headline\":\"Yacyret\u00e1 advirti\u00f3 que hasta marzo se prev\u00e9n \u00abaguas altas\u00bb en el Paran\u00e1\",\"datePublished\":\"2023-12-26T11:15:15+00:00\",\"mainEntityOfPage\":{\"@id\":\"https:\\\/\\\/cvinoticias.com\\\/v3\\\/yacyreta-advirtio-que-hasta-marzo-se-preven-aguas-altas-en-el-parana\\\/\"},\"wordCount\":473,\"commentCount\":0,\"publisher\":{\"@id\":\"https:\\\/\\\/cvinoticias.com\\\/v3\\\/#organization\"},\"image\":{\"@id\":\"https:\\\/\\\/cvinoticias.com\\\/v3\\\/yacyreta-advirtio-que-hasta-marzo-se-preven-aguas-altas-en-el-parana\\\/#primaryimage\"},\"thumbnailUrl\":\"https:\\\/\\\/cvinoticias.com\\\/wp-content\\\/uploads\\\/2023\\\/12\\\/11-1.jpeg\",\"articleSection\":[\"Informaci\u00f3n General\"],\"inLanguage\":\"es\",\"potentialAction\":[{\"@type\":\"CommentAction\",\"name\":\"Comment\",\"target\":[\"https:\\\/\\\/cvinoticias.com\\\/v3\\\/yacyreta-advirtio-que-hasta-marzo-se-preven-aguas-altas-en-el-parana\\\/#respond\"]}]},{\"@type\":\"WebPage\",\"@id\":\"https:\\\/\\\/cvinoticias.com\\\/v3\\\/yacyreta-advirtio-que-hasta-marzo-se-preven-aguas-altas-en-el-parana\\\/\",\"url\":\"https:\\\/\\\/cvinoticias.com\\\/v3\\\/yacyreta-advirtio-que-hasta-marzo-se-preven-aguas-altas-en-el-parana\\\/\",\"name\":\"Yacyret\u00e1 advirti\u00f3 que hasta marzo se prev\u00e9n \u00abaguas altas\u00bb en el Paran\u00e1 | CVI NOTICIAS\",\"isPartOf\":{\"@id\":\"https:\\\/\\\/cvinoticias.com\\\/v3\\\/#website\"},\"primaryImageOfPage\":{\"@id\":\"https:\\\/\\\/cvinoticias.com\\\/v3\\\/yacyreta-advirtio-que-hasta-marzo-se-preven-aguas-altas-en-el-parana\\\/#primaryimage\"},\"image\":{\"@id\":\"https:\\\/\\\/cvinoticias.com\\\/v3\\\/yacyreta-advirtio-que-hasta-marzo-se-preven-aguas-altas-en-el-parana\\\/#primaryimage\"},\"thumbnailUrl\":\"https:\\\/\\\/cvinoticias.com\\\/wp-content\\\/uploads\\\/2023\\\/12\\\/11-1.jpeg\",\"datePublished\":\"2023-12-26T11:15:15+00:00\",\"breadcrumb\":{\"@id\":\"https:\\\/\\\/cvinoticias.com\\\/v3\\\/yacyreta-advirtio-que-hasta-marzo-se-preven-aguas-altas-en-el-parana\\\/#breadcrumb\"},\"inLanguage\":\"es\",\"potentialAction\":[{\"@type\":\"ReadAction\",\"target\":[\"https:\\\/\\\/cvinoticias.com\\\/v3\\\/yacyreta-advirtio-que-hasta-marzo-se-preven-aguas-altas-en-el-parana\\\/\"]}]},{\"@type\":\"ImageObject\",\"inLanguage\":\"es\",\"@id\":\"https:\\\/\\\/cvinoticias.com\\\/v3\\\/yacyreta-advirtio-que-hasta-marzo-se-preven-aguas-altas-en-el-parana\\\/#primaryimage\",\"url\":\"https:\\\/\\\/cvinoticias.com\\\/wp-content\\\/uploads\\\/2023\\\/12\\\/11-1.jpeg\",\"contentUrl\":\"https:\\\/\\\/cvinoticias.com\\\/wp-content\\\/uploads\\\/2023\\\/12\\\/11-1.jpeg\",\"width\":992,\"height\":595},{\"@type\":\"BreadcrumbList\",\"@id\":\"https:\\\/\\\/cvinoticias.com\\\/v3\\\/yacyreta-advirtio-que-hasta-marzo-se-preven-aguas-altas-en-el-parana\\\/#breadcrumb\",\"itemListElement\":[{\"@type\":\"ListItem\",\"position\":1,\"name\":\"Portada\",\"item\":\"https:\\\/\\\/cvinoticias.com\\\/v3\\\/\"},{\"@type\":\"ListItem\",\"position\":2,\"name\":\"Yacyret\u00e1 advirti\u00f3 que hasta marzo se prev\u00e9n \u00abaguas altas\u00bb en el Paran\u00e1\"}]},{\"@type\":\"WebSite\",\"@id\":\"https:\\\/\\\/cvinoticias.com\\\/v3\\\/#website\",\"url\":\"https:\\\/\\\/cvinoticias.com\\\/v3\\\/\",\"name\":\"CVI NOTICIAS\",\"description\":\"\",\"publisher\":{\"@id\":\"https:\\\/\\\/cvinoticias.com\\\/v3\\\/#organization\"},\"alternateName\":\"CVI\",\"potentialAction\":[{\"@type\":\"SearchAction\",\"target\":{\"@type\":\"EntryPoint\",\"urlTemplate\":\"https:\\\/\\\/cvinoticias.com\\\/v3\\\/?s={search_term_string}\"},\"query-input\":{\"@type\":\"PropertyValueSpecification\",\"valueRequired\":true,\"valueName\":\"search_term_string\"}}],\"inLanguage\":\"es\"},{\"@type\":\"Organization\",\"@id\":\"https:\\\/\\\/cvinoticias.com\\\/v3\\\/#organization\",\"name\":\"CVI NOTICIAS\",\"url\":\"https:\\\/\\\/cvinoticias.com\\\/v3\\\/\",\"logo\":{\"@type\":\"ImageObject\",\"inLanguage\":\"es\",\"@id\":\"https:\\\/\\\/cvinoticias.com\\\/v3\\\/#\\\/schema\\\/logo\\\/image\\\/\",\"url\":\"https:\\\/\\\/cvinoticias.com\\\/wp-content\\\/uploads\\\/2023\\\/04\\\/cropped-cropped-cropped-cropped-cropped-3-1.png\",\"contentUrl\":\"https:\\\/\\\/cvinoticias.com\\\/wp-content\\\/uploads\\\/2023\\\/04\\\/cropped-cropped-cropped-cropped-cropped-3-1.png\",\"width\":95,\"height\":122,\"caption\":\"CVI NOTICIAS\"},\"image\":{\"@id\":\"https:\\\/\\\/cvinoticias.com\\\/v3\\\/#\\\/schema\\\/logo\\\/image\\\/\"},\"sameAs\":[\"https:\\\/\\\/www.facebook.com\\\/cvinoticias\",\"https:\\\/\\\/www.instagram.com\\\/cvinoticias\\\/\",\"https:\\\/\\\/www.youtube.com\\\/@CVINOTICIAS\"]},{\"@type\":\"Person\",\"@id\":\"https:\\\/\\\/cvinoticias.com\\\/v3\\\/#\\\/schema\\\/person\\\/2db77e3c6bc03c538495d7b2b8be9b66\",\"name\":\"f1000024\",\"image\":{\"@type\":\"ImageObject\",\"inLanguage\":\"es\",\"@id\":\"https:\\\/\\\/secure.gravatar.com\\\/avatar\\\/d4fe7459cfc51ff5129ce1a732bbef5928568b8092d412ef95611616376bbeed?s=96&d=mm&r=g\",\"url\":\"https:\\\/\\\/secure.gravatar.com\\\/avatar\\\/d4fe7459cfc51ff5129ce1a732bbef5928568b8092d412ef95611616376bbeed?s=96&d=mm&r=g\",\"contentUrl\":\"https:\\\/\\\/secure.gravatar.com\\\/avatar\\\/d4fe7459cfc51ff5129ce1a732bbef5928568b8092d412ef95611616376bbeed?s=96&d=mm&r=g\",\"caption\":\"f1000024\"},\"url\":\"https:\\\/\\\/cvinoticias.com\\\/v3\\\/author\\\/f1000024\\\/\"}]}<\/script>\n<!-- \/ Yoast SEO plugin. -->","yoast_head_json":{"title":"Yacyret\u00e1 advirti\u00f3 que hasta marzo se prev\u00e9n \u00abaguas altas\u00bb en el Paran\u00e1 | CVI NOTICIAS","robots":{"index":"index","follow":"follow","max-snippet":"max-snippet:-1","max-image-preview":"max-image-preview:large","max-video-preview":"max-video-preview:-1"},"canonical":"https:\/\/cvinoticias.com\/v3\/yacyreta-advirtio-que-hasta-marzo-se-preven-aguas-altas-en-el-parana\/","og_locale":"es_ES","og_type":"article","og_title":"Yacyret\u00e1 advirti\u00f3 que hasta marzo se prev\u00e9n \u00abaguas altas\u00bb en el Paran\u00e1 | CVI NOTICIAS","og_description":"La Entidad Binacional Yacyret\u00e1 (EBY) advirti\u00f3 hoy que, hasta marzo, se prev\u00e9n eventos hidrol\u00f3gicos asociados a situaciones de aguas altas en el r\u00edo Paran\u00e1, debido al impacto de la corriente de \u00abEl Ni\u00f1o\u00bb tanto en esa cuenca como en las que aportan a la represa hidroel\u00e9ctrica, ubicada en la ciudad correntina de Ituzaing\u00f3. En un [&hellip;]","og_url":"https:\/\/cvinoticias.com\/v3\/yacyreta-advirtio-que-hasta-marzo-se-preven-aguas-altas-en-el-parana\/","og_site_name":"CVI NOTICIAS","article_publisher":"https:\/\/www.facebook.com\/cvinoticias","article_published_time":"2023-12-26T11:15:15+00:00","og_image":[{"width":992,"height":595,"url":"https:\/\/cvinoticias.com\/wp-content\/uploads\/2023\/12\/11-1.jpeg","type":"image\/jpeg"}],"author":"f1000024","twitter_card":"summary_large_image","twitter_misc":{"Escrito por":"f1000024","Tiempo de lectura":"2 minutos"},"schema":{"@context":"https:\/\/schema.org","@graph":[{"@type":"Article","@id":"https:\/\/cvinoticias.com\/v3\/yacyreta-advirtio-que-hasta-marzo-se-preven-aguas-altas-en-el-parana\/#article","isPartOf":{"@id":"https:\/\/cvinoticias.com\/v3\/yacyreta-advirtio-que-hasta-marzo-se-preven-aguas-altas-en-el-parana\/"},"author":{"name":"f1000024","@id":"https:\/\/cvinoticias.com\/v3\/#\/schema\/person\/2db77e3c6bc03c538495d7b2b8be9b66"},"headline":"Yacyret\u00e1 advirti\u00f3 que hasta marzo se prev\u00e9n \u00abaguas altas\u00bb en el Paran\u00e1","datePublished":"2023-12-26T11:15:15+00:00","mainEntityOfPage":{"@id":"https:\/\/cvinoticias.com\/v3\/yacyreta-advirtio-que-hasta-marzo-se-preven-aguas-altas-en-el-parana\/"},"wordCount":473,"commentCount":0,"publisher":{"@id":"https:\/\/cvinoticias.com\/v3\/#organization"},"image":{"@id":"https:\/\/cvinoticias.com\/v3\/yacyreta-advirtio-que-hasta-marzo-se-preven-aguas-altas-en-el-parana\/#primaryimage"},"thumbnailUrl":"https:\/\/cvinoticias.com\/wp-content\/uploads\/2023\/12\/11-1.jpeg","articleSection":["Informaci\u00f3n General"],"inLanguage":"es","potentialAction":[{"@type":"CommentAction","name":"Comment","target":["https:\/\/cvinoticias.com\/v3\/yacyreta-advirtio-que-hasta-marzo-se-preven-aguas-altas-en-el-parana\/#respond"]}]},{"@type":"WebPage","@id":"https:\/\/cvinoticias.com\/v3\/yacyreta-advirtio-que-hasta-marzo-se-preven-aguas-altas-en-el-parana\/","url":"https:\/\/cvinoticias.com\/v3\/yacyreta-advirtio-que-hasta-marzo-se-preven-aguas-altas-en-el-parana\/","name":"Yacyret\u00e1 advirti\u00f3 que hasta marzo se prev\u00e9n \u00abaguas altas\u00bb en el Paran\u00e1 | CVI NOTICIAS","isPartOf":{"@id":"https:\/\/cvinoticias.com\/v3\/#website"},"primaryImageOfPage":{"@id":"https:\/\/cvinoticias.com\/v3\/yacyreta-advirtio-que-hasta-marzo-se-preven-aguas-altas-en-el-parana\/#primaryimage"},"image":{"@id":"https:\/\/cvinoticias.com\/v3\/yacyreta-advirtio-que-hasta-marzo-se-preven-aguas-altas-en-el-parana\/#primaryimage"},"thumbnailUrl":"https:\/\/cvinoticias.com\/wp-content\/uploads\/2023\/12\/11-1.jpeg","datePublished":"2023-12-26T11:15:15+00:00","breadcrumb":{"@id":"https:\/\/cvinoticias.com\/v3\/yacyreta-advirtio-que-hasta-marzo-se-preven-aguas-altas-en-el-parana\/#breadcrumb"},"inLanguage":"es","potentialAction":[{"@type":"ReadAction","target":["https:\/\/cvinoticias.com\/v3\/yacyreta-advirtio-que-hasta-marzo-se-preven-aguas-altas-en-el-parana\/"]}]},{"@type":"ImageObject","inLanguage":"es","@id":"https:\/\/cvinoticias.com\/v3\/yacyreta-advirtio-que-hasta-marzo-se-preven-aguas-altas-en-el-parana\/#primaryimage","url":"https:\/\/cvinoticias.com\/wp-content\/uploads\/2023\/12\/11-1.jpeg","contentUrl":"https:\/\/cvinoticias.com\/wp-content\/uploads\/2023\/12\/11-1.jpeg","width":992,"height":595},{"@type":"BreadcrumbList","@id":"https:\/\/cvinoticias.com\/v3\/yacyreta-advirtio-que-hasta-marzo-se-preven-aguas-altas-en-el-parana\/#breadcrumb","itemListElement":[{"@type":"ListItem","position":1,"name":"Portada","item":"https:\/\/cvinoticias.com\/v3\/"},{"@type":"ListItem","position":2,"name":"Yacyret\u00e1 advirti\u00f3 que hasta marzo se prev\u00e9n \u00abaguas altas\u00bb en el Paran\u00e1"}]},{"@type":"WebSite","@id":"https:\/\/cvinoticias.com\/v3\/#website","url":"https:\/\/cvinoticias.com\/v3\/","name":"CVI NOTICIAS","description":"","publisher":{"@id":"https:\/\/cvinoticias.com\/v3\/#organization"},"alternateName":"CVI","potentialAction":[{"@type":"SearchAction","target":{"@type":"EntryPoint","urlTemplate":"https:\/\/cvinoticias.com\/v3\/?s={search_term_string}"},"query-input":{"@type":"PropertyValueSpecification","valueRequired":true,"valueName":"search_term_string"}}],"inLanguage":"es"},{"@type":"Organization","@id":"https:\/\/cvinoticias.com\/v3\/#organization","name":"CVI NOTICIAS","url":"https:\/\/cvinoticias.com\/v3\/","logo":{"@type":"ImageObject","inLanguage":"es","@id":"https:\/\/cvinoticias.com\/v3\/#\/schema\/logo\/image\/","url":"https:\/\/cvinoticias.com\/wp-content\/uploads\/2023\/04\/cropped-cropped-cropped-cropped-cropped-3-1.png","contentUrl":"https:\/\/cvinoticias.com\/wp-content\/uploads\/2023\/04\/cropped-cropped-cropped-cropped-cropped-3-1.png","width":95,"height":122,"caption":"CVI NOTICIAS"},"image":{"@id":"https:\/\/cvinoticias.com\/v3\/#\/schema\/logo\/image\/"},"sameAs":["https:\/\/www.facebook.com\/cvinoticias","https:\/\/www.instagram.com\/cvinoticias\/","https:\/\/www.youtube.com\/@CVINOTICIAS"]},{"@type":"Person","@id":"https:\/\/cvinoticias.com\/v3\/#\/schema\/person\/2db77e3c6bc03c538495d7b2b8be9b66","name":"f1000024","image":{"@type":"ImageObject","inLanguage":"es","@id":"https:\/\/secure.gravatar.com\/avatar\/d4fe7459cfc51ff5129ce1a732bbef5928568b8092d412ef95611616376bbeed?s=96&d=mm&r=g","url":"https:\/\/secure.gravatar.com\/avatar\/d4fe7459cfc51ff5129ce1a732bbef5928568b8092d412ef95611616376bbeed?s=96&d=mm&r=g","contentUrl":"https:\/\/secure.gravatar.com\/avatar\/d4fe7459cfc51ff5129ce1a732bbef5928568b8092d412ef95611616376bbeed?s=96&d=mm&r=g","caption":"f1000024"},"url":"https:\/\/cvinoticias.com\/v3\/author\/f1000024\/"}]}},"_links":{"self":[{"href":"https:\/\/cvinoticias.com\/v3\/wp-json\/wp\/v2\/posts\/31252","targetHints":{"allow":["GET"]}}],"collection":[{"href":"https:\/\/cvinoticias.com\/v3\/wp-json\/wp\/v2\/posts"}],"about":[{"href":"https:\/\/cvinoticias.com\/v3\/wp-json\/wp\/v2\/types\/post"}],"author":[{"embeddable":true,"href":"https:\/\/cvinoticias.com\/v3\/wp-json\/wp\/v2\/users\/2"}],"replies":[{"embeddable":true,"href":"https:\/\/cvinoticias.com\/v3\/wp-json\/wp\/v2\/comments?post=31252"}],"version-history":[{"count":1,"href":"https:\/\/cvinoticias.com\/v3\/wp-json\/wp\/v2\/posts\/31252\/revisions"}],"predecessor-version":[{"id":31254,"href":"https:\/\/cvinoticias.com\/v3\/wp-json\/wp\/v2\/posts\/31252\/revisions\/31254"}],"wp:featuredmedia":[{"embeddable":true,"href":"https:\/\/cvinoticias.com\/v3\/wp-json\/wp\/v2\/media\/31253"}],"wp:attachment":[{"href":"https:\/\/cvinoticias.com\/v3\/wp-json\/wp\/v2\/media?parent=31252"}],"wp:term":[{"taxonomy":"category","embeddable":true,"href":"https:\/\/cvinoticias.com\/v3\/wp-json\/wp\/v2\/categories?post=31252"},{"taxonomy":"post_tag","embeddable":true,"href":"https:\/\/cvinoticias.com\/v3\/wp-json\/wp\/v2\/tags?post=31252"}],"curies":[{"name":"wp","href":"https:\/\/api.w.org\/{rel}","templated":true}]}}