{"id":31247,"date":"2023-12-25T10:42:43","date_gmt":"2023-12-25T13:42:43","guid":{"rendered":"https:\/\/cvinoticias.com\/v3\/?p=31247"},"modified":"2023-12-25T10:42:43","modified_gmt":"2023-12-25T13:42:43","slug":"comienza-manana-el-periodo-de-sesiones-extraordinarias-del-congreso","status":"publish","type":"post","link":"https:\/\/cvinoticias.com\/v3\/comienza-manana-el-periodo-de-sesiones-extraordinarias-del-congreso\/","title":{"rendered":"Comienza ma\u00f1ana el per\u00edodo de sesiones extraordinarias del Congreso"},"content":{"rendered":"\n<p><strong><em>El per\u00edodo de sesiones extraordinarias del Congreso Nacional, convocado por el presidente Javier Milei para tratar un paquete de temas -entre ellos la reforma del Estado y la revisi\u00f3n de la eliminaci\u00f3n de la cuarta categor\u00eda del impuesto a las Ganancias- comenzar\u00e1 a desarrollarse ma\u00f1ana y se extender\u00e1 hasta el pr\u00f3ximo 31 de enero.<\/em><\/strong><\/p>\n\n\n\n<p>El llamado fue dispuesto a trav\u00e9s del Decreto 76\/2023 del viernes \u00faltimo, que lleva la firma del mandatario y del jefe de Gabinete, Nicolas Posse.<br>Entre otros temas, la convocatoria a sesiones extraordinarias del Congreso Nacional incluye una Ley de Reforma del Estado, como as\u00ed tambi\u00e9n la implementaci\u00f3n del sistema de Boleta \u00danica para las elecciones, una iniciativa que ya cuenta con media sanci\u00f3n de Diputados y cuyo tratamiento est\u00e1 pendiente en el Senado.<\/p>\n\n\n\n<p>De todas maneras, algunas fuentes no descartan que, en la letra fina de las iniciativas a tratar desde ma\u00f1ana en el Congreso, el Ejecutivo incluya tambi\u00e9n un proyecto para eliminar la instancia de las primarias abiertas, simult\u00e1neas y obligatorias (PASO) que rige en la actualidad.<\/p>\n\n\n\n<p>Por otro lado, en las \u00faltimas horas comenzaron a surgir desde algunos sectores del Parlamento dudas acerca de la consideraci\u00f3n en este per\u00edodo extraordinario del decreto de necesidad y urgencia (DNU) 70\/2023 que desregula distintos aspectos de la econom\u00eda, y modifica y elimina distintas leyes.<\/p>\n\n\n\n<p>Es que ese tema no fue incluido en la convocatoria a sesiones extraordinarias convocada por el presidente Milei el viernes \u00faltimo.<\/p>\n\n\n\n<p>Uno de los que s\u00ed se incorpor\u00f3 en el listado para extraordinarias es la reversi\u00f3n de la rebaja del Impuesto a las Ganancias para la mayor\u00eda de los trabajadores que hab\u00eda impulsado el entonces ministro de Econom\u00eda y candidato presidencial de Uni\u00f3n por la Patria, Sergio Massa, y aprobado por ambas c\u00e1maras del Congreso.<\/p>\n\n\n\n<p>Para aprobar estos dos proyectos, la reforma de ganancias y el cambio electoral, se requerir\u00e1n amplios acuerdos ya que se vota con mayor\u00eda absoluta de 129 votos en diputados y 37 en el Senado.<\/p>\n\n\n\n<p>En el temario del per\u00edodo extraordinario -para el cual a\u00fan hoy no hay ninguna reuni\u00f3n prevista en agenda- tambi\u00e9n se incluye una iniciativa por la cual se solicita autorizaci\u00f3n para que el Presidente de la Naci\u00f3n pueda ausentarse del pa\u00eds durante el a\u00f1o 2024.<\/p>\n\n\n\n<p>Adem\u00e1s, se incorpor\u00f3 la ratificaci\u00f3n de los Convenios entre las Argentina y Jap\u00f3n \u00abpara la Eliminaci\u00f3n de la Doble Imposici\u00f3n con respecto a los Impuestos sobre la Renta y la Prevenci\u00f3n de la Evasi\u00f3n y la Elusi\u00f3n Fiscal, suscripto en la Ciudad de Osaka, Jap\u00f3n, el 27 de junio de 2019\u00bb y otro similar firmado con China.<\/p>\n\n\n\n<p>Otro tema que se pide es la ratificaci\u00f3n del Convenio entre la Rep\u00fablica Argentina y el Gran Ducado de Luxemburgo para la Eliminaci\u00f3n de la Doble Imposici\u00f3n con respecto a los Impuestos sobre la Renta y sobre el Patrimonio y la Prevenci\u00f3n de la Evasi\u00f3n y Elusi\u00f3n Fiscal, suscripto en la Ciudad de Washington en 2019.<br>En la lista figuran los acuerdos suscritos con Emiratos \u00c1rabes y con Turqu\u00eda, y otros acuerdos internacionales.<\/p>\n\n\n\n<p>D\u00edas pasados, el presidente de la C\u00e1mara de Diputados, Mart\u00edn Menem, asegur\u00f3 que el oficialismo trabaja para \u00abconseguir las voluntades\u00bb que necesita para la sanci\u00f3n de leyes clave y dijo que \u00abqu\u00f3rum va a haber\u00bb en las sesiones extraordinarias previstas a partir de ma\u00f1ana.<\/p>\n\n\n\n<p>Respecto a los respaldos que podr\u00eda conseguir el oficialismo en el Congreso para aprobar las leyes clave que impulsar\u00e1 Milei, Menem se\u00f1al\u00f3: \u00abEstamos en esa tarea de conseguir la mayor cantidad de voluntades presentes. Tengo la esperanza de que as\u00ed sea: qu\u00f3rum va a haber y vamos a sancionar las leyes\u00bb.<\/p>\n","protected":false},"excerpt":{"rendered":"<p>El per\u00edodo de sesiones extraordinarias del Congreso Nacional, convocado por el presidente Javier Milei para tratar un paquete de temas -entre ellos la reforma del Estado y la revisi\u00f3n de la eliminaci\u00f3n de la cuarta categor\u00eda del impuesto a las Ganancias- comenzar\u00e1 a desarrollarse ma\u00f1ana y se extender\u00e1 hasta el pr\u00f3ximo 31 de enero. El [&hellip;]<\/p>\n","protected":false},"author":2,"featured_media":31248,"comment_status":"open","ping_status":"open","sticky":false,"template":"","format":"standard","meta":{"footnotes":""},"categories":[39],"tags":[],"class_list":["post-31247","post","type-post","status-publish","format-standard","has-post-thumbnail","hentry","category-nacionales"],"yoast_head":"<!-- This site is optimized with the Yoast SEO plugin v27.5 - https:\/\/yoast.com\/product\/yoast-seo-wordpress\/ -->\n<title>Comienza ma\u00f1ana el per\u00edodo de sesiones extraordinarias del Congreso | CVI NOTICIAS<\/title>\n<meta name=\"robots\" content=\"index, follow, max-snippet:-1, max-image-preview:large, max-video-preview:-1\" \/>\n<link rel=\"canonical\" href=\"https:\/\/cvinoticias.com\/v3\/comienza-manana-el-periodo-de-sesiones-extraordinarias-del-congreso\/\" \/>\n<meta property=\"og:locale\" content=\"es_ES\" \/>\n<meta property=\"og:type\" content=\"article\" \/>\n<meta property=\"og:title\" content=\"Comienza ma\u00f1ana el per\u00edodo de sesiones extraordinarias del Congreso | CVI NOTICIAS\" \/>\n<meta property=\"og:description\" content=\"El per\u00edodo de sesiones extraordinarias del Congreso Nacional, convocado por el presidente Javier Milei para tratar un paquete de temas -entre ellos la reforma del Estado y la revisi\u00f3n de la eliminaci\u00f3n de la cuarta categor\u00eda del impuesto a las Ganancias- comenzar\u00e1 a desarrollarse ma\u00f1ana y se extender\u00e1 hasta el pr\u00f3ximo 31 de enero. El [&hellip;]\" \/>\n<meta property=\"og:url\" content=\"https:\/\/cvinoticias.com\/v3\/comienza-manana-el-periodo-de-sesiones-extraordinarias-del-congreso\/\" \/>\n<meta property=\"og:site_name\" content=\"CVI NOTICIAS\" \/>\n<meta property=\"article:publisher\" content=\"https:\/\/www.facebook.com\/cvinoticias\" \/>\n<meta property=\"article:published_time\" content=\"2023-12-25T13:42:43+00:00\" \/>\n<meta property=\"og:image\" content=\"https:\/\/cvinoticias.com\/wp-content\/uploads\/2023\/12\/65895ca750a9f275522108.jpg\" \/>\n\t<meta property=\"og:image:width\" content=\"760\" \/>\n\t<meta property=\"og:image:height\" content=\"320\" \/>\n\t<meta property=\"og:image:type\" content=\"image\/jpeg\" \/>\n<meta name=\"author\" content=\"f1000024\" \/>\n<meta name=\"twitter:card\" content=\"summary_large_image\" \/>\n<meta name=\"twitter:label1\" content=\"Escrito por\" \/>\n\t<meta name=\"twitter:data1\" content=\"f1000024\" \/>\n\t<meta name=\"twitter:label2\" content=\"Tiempo de lectura\" \/>\n\t<meta name=\"twitter:data2\" content=\"3 minutos\" \/>\n<script type=\"application\/ld+json\" class=\"yoast-schema-graph\">{\"@context\":\"https:\\\/\\\/schema.org\",\"@graph\":[{\"@type\":\"Article\",\"@id\":\"https:\\\/\\\/cvinoticias.com\\\/v3\\\/comienza-manana-el-periodo-de-sesiones-extraordinarias-del-congreso\\\/#article\",\"isPartOf\":{\"@id\":\"https:\\\/\\\/cvinoticias.com\\\/v3\\\/comienza-manana-el-periodo-de-sesiones-extraordinarias-del-congreso\\\/\"},\"author\":{\"name\":\"f1000024\",\"@id\":\"https:\\\/\\\/cvinoticias.com\\\/v3\\\/#\\\/schema\\\/person\\\/2db77e3c6bc03c538495d7b2b8be9b66\"},\"headline\":\"Comienza ma\u00f1ana el per\u00edodo de sesiones extraordinarias del Congreso\",\"datePublished\":\"2023-12-25T13:42:43+00:00\",\"mainEntityOfPage\":{\"@id\":\"https:\\\/\\\/cvinoticias.com\\\/v3\\\/comienza-manana-el-periodo-de-sesiones-extraordinarias-del-congreso\\\/\"},\"wordCount\":656,\"commentCount\":0,\"publisher\":{\"@id\":\"https:\\\/\\\/cvinoticias.com\\\/v3\\\/#organization\"},\"image\":{\"@id\":\"https:\\\/\\\/cvinoticias.com\\\/v3\\\/comienza-manana-el-periodo-de-sesiones-extraordinarias-del-congreso\\\/#primaryimage\"},\"thumbnailUrl\":\"https:\\\/\\\/cvinoticias.com\\\/wp-content\\\/uploads\\\/2023\\\/12\\\/65895ca750a9f275522108.jpg\",\"articleSection\":[\"Nacionales\"],\"inLanguage\":\"es\",\"potentialAction\":[{\"@type\":\"CommentAction\",\"name\":\"Comment\",\"target\":[\"https:\\\/\\\/cvinoticias.com\\\/v3\\\/comienza-manana-el-periodo-de-sesiones-extraordinarias-del-congreso\\\/#respond\"]}]},{\"@type\":\"WebPage\",\"@id\":\"https:\\\/\\\/cvinoticias.com\\\/v3\\\/comienza-manana-el-periodo-de-sesiones-extraordinarias-del-congreso\\\/\",\"url\":\"https:\\\/\\\/cvinoticias.com\\\/v3\\\/comienza-manana-el-periodo-de-sesiones-extraordinarias-del-congreso\\\/\",\"name\":\"Comienza ma\u00f1ana el per\u00edodo de sesiones extraordinarias del Congreso | CVI NOTICIAS\",\"isPartOf\":{\"@id\":\"https:\\\/\\\/cvinoticias.com\\\/v3\\\/#website\"},\"primaryImageOfPage\":{\"@id\":\"https:\\\/\\\/cvinoticias.com\\\/v3\\\/comienza-manana-el-periodo-de-sesiones-extraordinarias-del-congreso\\\/#primaryimage\"},\"image\":{\"@id\":\"https:\\\/\\\/cvinoticias.com\\\/v3\\\/comienza-manana-el-periodo-de-sesiones-extraordinarias-del-congreso\\\/#primaryimage\"},\"thumbnailUrl\":\"https:\\\/\\\/cvinoticias.com\\\/wp-content\\\/uploads\\\/2023\\\/12\\\/65895ca750a9f275522108.jpg\",\"datePublished\":\"2023-12-25T13:42:43+00:00\",\"breadcrumb\":{\"@id\":\"https:\\\/\\\/cvinoticias.com\\\/v3\\\/comienza-manana-el-periodo-de-sesiones-extraordinarias-del-congreso\\\/#breadcrumb\"},\"inLanguage\":\"es\",\"potentialAction\":[{\"@type\":\"ReadAction\",\"target\":[\"https:\\\/\\\/cvinoticias.com\\\/v3\\\/comienza-manana-el-periodo-de-sesiones-extraordinarias-del-congreso\\\/\"]}]},{\"@type\":\"ImageObject\",\"inLanguage\":\"es\",\"@id\":\"https:\\\/\\\/cvinoticias.com\\\/v3\\\/comienza-manana-el-periodo-de-sesiones-extraordinarias-del-congreso\\\/#primaryimage\",\"url\":\"https:\\\/\\\/cvinoticias.com\\\/wp-content\\\/uploads\\\/2023\\\/12\\\/65895ca750a9f275522108.jpg\",\"contentUrl\":\"https:\\\/\\\/cvinoticias.com\\\/wp-content\\\/uploads\\\/2023\\\/12\\\/65895ca750a9f275522108.jpg\",\"width\":760,\"height\":320},{\"@type\":\"BreadcrumbList\",\"@id\":\"https:\\\/\\\/cvinoticias.com\\\/v3\\\/comienza-manana-el-periodo-de-sesiones-extraordinarias-del-congreso\\\/#breadcrumb\",\"itemListElement\":[{\"@type\":\"ListItem\",\"position\":1,\"name\":\"Portada\",\"item\":\"https:\\\/\\\/cvinoticias.com\\\/v3\\\/\"},{\"@type\":\"ListItem\",\"position\":2,\"name\":\"Comienza ma\u00f1ana el per\u00edodo de sesiones extraordinarias del Congreso\"}]},{\"@type\":\"WebSite\",\"@id\":\"https:\\\/\\\/cvinoticias.com\\\/v3\\\/#website\",\"url\":\"https:\\\/\\\/cvinoticias.com\\\/v3\\\/\",\"name\":\"CVI NOTICIAS\",\"description\":\"\",\"publisher\":{\"@id\":\"https:\\\/\\\/cvinoticias.com\\\/v3\\\/#organization\"},\"alternateName\":\"CVI\",\"potentialAction\":[{\"@type\":\"SearchAction\",\"target\":{\"@type\":\"EntryPoint\",\"urlTemplate\":\"https:\\\/\\\/cvinoticias.com\\\/v3\\\/?s={search_term_string}\"},\"query-input\":{\"@type\":\"PropertyValueSpecification\",\"valueRequired\":true,\"valueName\":\"search_term_string\"}}],\"inLanguage\":\"es\"},{\"@type\":\"Organization\",\"@id\":\"https:\\\/\\\/cvinoticias.com\\\/v3\\\/#organization\",\"name\":\"CVI NOTICIAS\",\"url\":\"https:\\\/\\\/cvinoticias.com\\\/v3\\\/\",\"logo\":{\"@type\":\"ImageObject\",\"inLanguage\":\"es\",\"@id\":\"https:\\\/\\\/cvinoticias.com\\\/v3\\\/#\\\/schema\\\/logo\\\/image\\\/\",\"url\":\"https:\\\/\\\/cvinoticias.com\\\/wp-content\\\/uploads\\\/2023\\\/04\\\/cropped-cropped-cropped-cropped-cropped-3-1.png\",\"contentUrl\":\"https:\\\/\\\/cvinoticias.com\\\/wp-content\\\/uploads\\\/2023\\\/04\\\/cropped-cropped-cropped-cropped-cropped-3-1.png\",\"width\":95,\"height\":122,\"caption\":\"CVI NOTICIAS\"},\"image\":{\"@id\":\"https:\\\/\\\/cvinoticias.com\\\/v3\\\/#\\\/schema\\\/logo\\\/image\\\/\"},\"sameAs\":[\"https:\\\/\\\/www.facebook.com\\\/cvinoticias\",\"https:\\\/\\\/www.instagram.com\\\/cvinoticias\\\/\",\"https:\\\/\\\/www.youtube.com\\\/@CVINOTICIAS\"]},{\"@type\":\"Person\",\"@id\":\"https:\\\/\\\/cvinoticias.com\\\/v3\\\/#\\\/schema\\\/person\\\/2db77e3c6bc03c538495d7b2b8be9b66\",\"name\":\"f1000024\",\"image\":{\"@type\":\"ImageObject\",\"inLanguage\":\"es\",\"@id\":\"https:\\\/\\\/secure.gravatar.com\\\/avatar\\\/d4fe7459cfc51ff5129ce1a732bbef5928568b8092d412ef95611616376bbeed?s=96&d=mm&r=g\",\"url\":\"https:\\\/\\\/secure.gravatar.com\\\/avatar\\\/d4fe7459cfc51ff5129ce1a732bbef5928568b8092d412ef95611616376bbeed?s=96&d=mm&r=g\",\"contentUrl\":\"https:\\\/\\\/secure.gravatar.com\\\/avatar\\\/d4fe7459cfc51ff5129ce1a732bbef5928568b8092d412ef95611616376bbeed?s=96&d=mm&r=g\",\"caption\":\"f1000024\"},\"url\":\"https:\\\/\\\/cvinoticias.com\\\/v3\\\/author\\\/f1000024\\\/\"}]}<\/script>\n<!-- \/ Yoast SEO plugin. -->","yoast_head_json":{"title":"Comienza ma\u00f1ana el per\u00edodo de sesiones extraordinarias del Congreso | CVI NOTICIAS","robots":{"index":"index","follow":"follow","max-snippet":"max-snippet:-1","max-image-preview":"max-image-preview:large","max-video-preview":"max-video-preview:-1"},"canonical":"https:\/\/cvinoticias.com\/v3\/comienza-manana-el-periodo-de-sesiones-extraordinarias-del-congreso\/","og_locale":"es_ES","og_type":"article","og_title":"Comienza ma\u00f1ana el per\u00edodo de sesiones extraordinarias del Congreso | CVI NOTICIAS","og_description":"El per\u00edodo de sesiones extraordinarias del Congreso Nacional, convocado por el presidente Javier Milei para tratar un paquete de temas -entre ellos la reforma del Estado y la revisi\u00f3n de la eliminaci\u00f3n de la cuarta categor\u00eda del impuesto a las Ganancias- comenzar\u00e1 a desarrollarse ma\u00f1ana y se extender\u00e1 hasta el pr\u00f3ximo 31 de enero. El [&hellip;]","og_url":"https:\/\/cvinoticias.com\/v3\/comienza-manana-el-periodo-de-sesiones-extraordinarias-del-congreso\/","og_site_name":"CVI NOTICIAS","article_publisher":"https:\/\/www.facebook.com\/cvinoticias","article_published_time":"2023-12-25T13:42:43+00:00","og_image":[{"width":760,"height":320,"url":"https:\/\/cvinoticias.com\/wp-content\/uploads\/2023\/12\/65895ca750a9f275522108.jpg","type":"image\/jpeg"}],"author":"f1000024","twitter_card":"summary_large_image","twitter_misc":{"Escrito por":"f1000024","Tiempo de lectura":"3 minutos"},"schema":{"@context":"https:\/\/schema.org","@graph":[{"@type":"Article","@id":"https:\/\/cvinoticias.com\/v3\/comienza-manana-el-periodo-de-sesiones-extraordinarias-del-congreso\/#article","isPartOf":{"@id":"https:\/\/cvinoticias.com\/v3\/comienza-manana-el-periodo-de-sesiones-extraordinarias-del-congreso\/"},"author":{"name":"f1000024","@id":"https:\/\/cvinoticias.com\/v3\/#\/schema\/person\/2db77e3c6bc03c538495d7b2b8be9b66"},"headline":"Comienza ma\u00f1ana el per\u00edodo de sesiones extraordinarias del Congreso","datePublished":"2023-12-25T13:42:43+00:00","mainEntityOfPage":{"@id":"https:\/\/cvinoticias.com\/v3\/comienza-manana-el-periodo-de-sesiones-extraordinarias-del-congreso\/"},"wordCount":656,"commentCount":0,"publisher":{"@id":"https:\/\/cvinoticias.com\/v3\/#organization"},"image":{"@id":"https:\/\/cvinoticias.com\/v3\/comienza-manana-el-periodo-de-sesiones-extraordinarias-del-congreso\/#primaryimage"},"thumbnailUrl":"https:\/\/cvinoticias.com\/wp-content\/uploads\/2023\/12\/65895ca750a9f275522108.jpg","articleSection":["Nacionales"],"inLanguage":"es","potentialAction":[{"@type":"CommentAction","name":"Comment","target":["https:\/\/cvinoticias.com\/v3\/comienza-manana-el-periodo-de-sesiones-extraordinarias-del-congreso\/#respond"]}]},{"@type":"WebPage","@id":"https:\/\/cvinoticias.com\/v3\/comienza-manana-el-periodo-de-sesiones-extraordinarias-del-congreso\/","url":"https:\/\/cvinoticias.com\/v3\/comienza-manana-el-periodo-de-sesiones-extraordinarias-del-congreso\/","name":"Comienza ma\u00f1ana el per\u00edodo de sesiones extraordinarias del Congreso | CVI NOTICIAS","isPartOf":{"@id":"https:\/\/cvinoticias.com\/v3\/#website"},"primaryImageOfPage":{"@id":"https:\/\/cvinoticias.com\/v3\/comienza-manana-el-periodo-de-sesiones-extraordinarias-del-congreso\/#primaryimage"},"image":{"@id":"https:\/\/cvinoticias.com\/v3\/comienza-manana-el-periodo-de-sesiones-extraordinarias-del-congreso\/#primaryimage"},"thumbnailUrl":"https:\/\/cvinoticias.com\/wp-content\/uploads\/2023\/12\/65895ca750a9f275522108.jpg","datePublished":"2023-12-25T13:42:43+00:00","breadcrumb":{"@id":"https:\/\/cvinoticias.com\/v3\/comienza-manana-el-periodo-de-sesiones-extraordinarias-del-congreso\/#breadcrumb"},"inLanguage":"es","potentialAction":[{"@type":"ReadAction","target":["https:\/\/cvinoticias.com\/v3\/comienza-manana-el-periodo-de-sesiones-extraordinarias-del-congreso\/"]}]},{"@type":"ImageObject","inLanguage":"es","@id":"https:\/\/cvinoticias.com\/v3\/comienza-manana-el-periodo-de-sesiones-extraordinarias-del-congreso\/#primaryimage","url":"https:\/\/cvinoticias.com\/wp-content\/uploads\/2023\/12\/65895ca750a9f275522108.jpg","contentUrl":"https:\/\/cvinoticias.com\/wp-content\/uploads\/2023\/12\/65895ca750a9f275522108.jpg","width":760,"height":320},{"@type":"BreadcrumbList","@id":"https:\/\/cvinoticias.com\/v3\/comienza-manana-el-periodo-de-sesiones-extraordinarias-del-congreso\/#breadcrumb","itemListElement":[{"@type":"ListItem","position":1,"name":"Portada","item":"https:\/\/cvinoticias.com\/v3\/"},{"@type":"ListItem","position":2,"name":"Comienza ma\u00f1ana el per\u00edodo de sesiones extraordinarias del Congreso"}]},{"@type":"WebSite","@id":"https:\/\/cvinoticias.com\/v3\/#website","url":"https:\/\/cvinoticias.com\/v3\/","name":"CVI NOTICIAS","description":"","publisher":{"@id":"https:\/\/cvinoticias.com\/v3\/#organization"},"alternateName":"CVI","potentialAction":[{"@type":"SearchAction","target":{"@type":"EntryPoint","urlTemplate":"https:\/\/cvinoticias.com\/v3\/?s={search_term_string}"},"query-input":{"@type":"PropertyValueSpecification","valueRequired":true,"valueName":"search_term_string"}}],"inLanguage":"es"},{"@type":"Organization","@id":"https:\/\/cvinoticias.com\/v3\/#organization","name":"CVI NOTICIAS","url":"https:\/\/cvinoticias.com\/v3\/","logo":{"@type":"ImageObject","inLanguage":"es","@id":"https:\/\/cvinoticias.com\/v3\/#\/schema\/logo\/image\/","url":"https:\/\/cvinoticias.com\/wp-content\/uploads\/2023\/04\/cropped-cropped-cropped-cropped-cropped-3-1.png","contentUrl":"https:\/\/cvinoticias.com\/wp-content\/uploads\/2023\/04\/cropped-cropped-cropped-cropped-cropped-3-1.png","width":95,"height":122,"caption":"CVI NOTICIAS"},"image":{"@id":"https:\/\/cvinoticias.com\/v3\/#\/schema\/logo\/image\/"},"sameAs":["https:\/\/www.facebook.com\/cvinoticias","https:\/\/www.instagram.com\/cvinoticias\/","https:\/\/www.youtube.com\/@CVINOTICIAS"]},{"@type":"Person","@id":"https:\/\/cvinoticias.com\/v3\/#\/schema\/person\/2db77e3c6bc03c538495d7b2b8be9b66","name":"f1000024","image":{"@type":"ImageObject","inLanguage":"es","@id":"https:\/\/secure.gravatar.com\/avatar\/d4fe7459cfc51ff5129ce1a732bbef5928568b8092d412ef95611616376bbeed?s=96&d=mm&r=g","url":"https:\/\/secure.gravatar.com\/avatar\/d4fe7459cfc51ff5129ce1a732bbef5928568b8092d412ef95611616376bbeed?s=96&d=mm&r=g","contentUrl":"https:\/\/secure.gravatar.com\/avatar\/d4fe7459cfc51ff5129ce1a732bbef5928568b8092d412ef95611616376bbeed?s=96&d=mm&r=g","caption":"f1000024"},"url":"https:\/\/cvinoticias.com\/v3\/author\/f1000024\/"}]}},"_links":{"self":[{"href":"https:\/\/cvinoticias.com\/v3\/wp-json\/wp\/v2\/posts\/31247","targetHints":{"allow":["GET"]}}],"collection":[{"href":"https:\/\/cvinoticias.com\/v3\/wp-json\/wp\/v2\/posts"}],"about":[{"href":"https:\/\/cvinoticias.com\/v3\/wp-json\/wp\/v2\/types\/post"}],"author":[{"embeddable":true,"href":"https:\/\/cvinoticias.com\/v3\/wp-json\/wp\/v2\/users\/2"}],"replies":[{"embeddable":true,"href":"https:\/\/cvinoticias.com\/v3\/wp-json\/wp\/v2\/comments?post=31247"}],"version-history":[{"count":1,"href":"https:\/\/cvinoticias.com\/v3\/wp-json\/wp\/v2\/posts\/31247\/revisions"}],"predecessor-version":[{"id":31249,"href":"https:\/\/cvinoticias.com\/v3\/wp-json\/wp\/v2\/posts\/31247\/revisions\/31249"}],"wp:featuredmedia":[{"embeddable":true,"href":"https:\/\/cvinoticias.com\/v3\/wp-json\/wp\/v2\/media\/31248"}],"wp:attachment":[{"href":"https:\/\/cvinoticias.com\/v3\/wp-json\/wp\/v2\/media?parent=31247"}],"wp:term":[{"taxonomy":"category","embeddable":true,"href":"https:\/\/cvinoticias.com\/v3\/wp-json\/wp\/v2\/categories?post=31247"},{"taxonomy":"post_tag","embeddable":true,"href":"https:\/\/cvinoticias.com\/v3\/wp-json\/wp\/v2\/tags?post=31247"}],"curies":[{"name":"wp","href":"https:\/\/api.w.org\/{rel}","templated":true}]}}