{"id":31237,"date":"2023-12-23T08:51:59","date_gmt":"2023-12-23T11:51:59","guid":{"rendered":"https:\/\/cvinoticias.com\/v3\/?p=31237"},"modified":"2023-12-23T08:51:59","modified_gmt":"2023-12-23T11:51:59","slug":"milei-deseo-que-el-2024-sea-un-ano-en-el-cual-podamos-empezar-a-reconstruir-argentina","status":"publish","type":"post","link":"https:\/\/cvinoticias.com\/v3\/milei-deseo-que-el-2024-sea-un-ano-en-el-cual-podamos-empezar-a-reconstruir-argentina\/","title":{"rendered":"Milei dese\u00f3 que el 2024 \u00absea un a\u00f1o en el cual podamos empezar a reconstruir Argentina\u00bb"},"content":{"rendered":"\n<p><strong><em>\u00abSolamente quer\u00eda desearles feliz Navidad, que terminen bien el a\u00f1o\u00bb, dijo el Presidente al acercarse a la sala de periodistas de Casa de Gobierno para saludar en la previa de las fiestas de fin de a\u00f1o. Ratific\u00f3 que conf\u00eda \u00ababsolutamente\u00bb en el plan de su gobierno de desregulaci\u00f3n de la econom\u00eda.<\/em><\/strong><\/p>\n\n\n\n<p>El presidente Javier Milei ratific\u00f3 este viernes que conf\u00eda \u00ababsolutamente\u00bb en el plan de su Gobierno y expres\u00f3 que intentar\u00e1 que \u00abel 2024 sea un a\u00f1o en el cual podamos empezar a reconstruir Argentina\u00bb, al saludar a periodistas acreditados en la Casa de Gobierno en la previa de las fiestas de fin de a\u00f1o.<\/p>\n\n\n\n<p>\u00abS\u00e9 que ustedes trabajan aqu\u00ed. Solamente quer\u00eda desearles feliz Navidad, que terminen bien el a\u00f1o. Vamos a tratar de que el 2024 sea un a\u00f1o en el cual podamos empezar a reconstruir Argentina. Muchas gracias y felicidades. Me voy a seguir trabajando\u00bb, dijo Milei en un breve acto celebrado en el Sal\u00f3n de los Pueblos Originarios de la Casa Rosada.<\/p>\n\n\n\n<p>Al ser consultado sobre si mantendr\u00e1 el plan de desregulaci\u00f3n de la econom\u00eda, anunciado esta semana a trav\u00e9s de un DNU, el Presidente afirm\u00f3: \u00abAbsolutamente\u00bb. \u00abLo vamos a lograr. Vamos a salir adelante. Estamos poniendo toda la fuerza y estamos haciendo todo lo necesario para que salgamos lo m\u00e1s r\u00e1pido posible\u00bb, dese\u00f3 sobre el futuro del pa\u00eds.<\/p>\n","protected":false},"excerpt":{"rendered":"<p>\u00abSolamente quer\u00eda desearles feliz Navidad, que terminen bien el a\u00f1o\u00bb, dijo el Presidente al acercarse a la sala de periodistas de Casa de Gobierno para saludar en la previa de las fiestas de fin de a\u00f1o. Ratific\u00f3 que conf\u00eda \u00ababsolutamente\u00bb en el plan de su gobierno de desregulaci\u00f3n de la econom\u00eda. El presidente Javier Milei [&hellip;]<\/p>\n","protected":false},"author":2,"featured_media":31238,"comment_status":"open","ping_status":"open","sticky":false,"template":"","format":"standard","meta":{"footnotes":""},"categories":[39],"tags":[],"class_list":["post-31237","post","type-post","status-publish","format-standard","has-post-thumbnail","hentry","category-nacionales"],"yoast_head":"<!-- This site is optimized with the Yoast SEO plugin v27.5 - https:\/\/yoast.com\/product\/yoast-seo-wordpress\/ -->\n<title>Milei dese\u00f3 que el 2024 &quot;sea un a\u00f1o en el cual podamos empezar a reconstruir Argentina&quot; | CVI NOTICIAS<\/title>\n<meta name=\"robots\" content=\"index, follow, max-snippet:-1, max-image-preview:large, max-video-preview:-1\" \/>\n<link rel=\"canonical\" href=\"https:\/\/cvinoticias.com\/v3\/milei-deseo-que-el-2024-sea-un-ano-en-el-cual-podamos-empezar-a-reconstruir-argentina\/\" \/>\n<meta property=\"og:locale\" content=\"es_ES\" \/>\n<meta property=\"og:type\" content=\"article\" \/>\n<meta property=\"og:title\" content=\"Milei dese\u00f3 que el 2024 &quot;sea un a\u00f1o en el cual podamos empezar a reconstruir Argentina&quot; | CVI NOTICIAS\" \/>\n<meta property=\"og:description\" content=\"\u00abSolamente quer\u00eda desearles feliz Navidad, que terminen bien el a\u00f1o\u00bb, dijo el Presidente al acercarse a la sala de periodistas de Casa de Gobierno para saludar en la previa de las fiestas de fin de a\u00f1o. Ratific\u00f3 que conf\u00eda \u00ababsolutamente\u00bb en el plan de su gobierno de desregulaci\u00f3n de la econom\u00eda. El presidente Javier Milei [&hellip;]\" \/>\n<meta property=\"og:url\" content=\"https:\/\/cvinoticias.com\/v3\/milei-deseo-que-el-2024-sea-un-ano-en-el-cual-podamos-empezar-a-reconstruir-argentina\/\" \/>\n<meta property=\"og:site_name\" content=\"CVI NOTICIAS\" \/>\n<meta property=\"article:publisher\" content=\"https:\/\/www.facebook.com\/cvinoticias\" \/>\n<meta property=\"article:published_time\" content=\"2023-12-23T11:51:59+00:00\" \/>\n<meta property=\"og:image\" content=\"https:\/\/cvinoticias.com\/wp-content\/uploads\/2023\/12\/05-11.jpg\" \/>\n\t<meta property=\"og:image:width\" content=\"900\" \/>\n\t<meta property=\"og:image:height\" content=\"506\" \/>\n\t<meta property=\"og:image:type\" content=\"image\/jpeg\" \/>\n<meta name=\"author\" content=\"f1000024\" \/>\n<meta name=\"twitter:card\" content=\"summary_large_image\" \/>\n<meta name=\"twitter:label1\" content=\"Escrito por\" \/>\n\t<meta name=\"twitter:data1\" content=\"f1000024\" \/>\n\t<meta name=\"twitter:label2\" content=\"Tiempo de lectura\" \/>\n\t<meta name=\"twitter:data2\" content=\"1 minuto\" \/>\n<script type=\"application\/ld+json\" class=\"yoast-schema-graph\">{\"@context\":\"https:\\\/\\\/schema.org\",\"@graph\":[{\"@type\":\"Article\",\"@id\":\"https:\\\/\\\/cvinoticias.com\\\/v3\\\/milei-deseo-que-el-2024-sea-un-ano-en-el-cual-podamos-empezar-a-reconstruir-argentina\\\/#article\",\"isPartOf\":{\"@id\":\"https:\\\/\\\/cvinoticias.com\\\/v3\\\/milei-deseo-que-el-2024-sea-un-ano-en-el-cual-podamos-empezar-a-reconstruir-argentina\\\/\"},\"author\":{\"name\":\"f1000024\",\"@id\":\"https:\\\/\\\/cvinoticias.com\\\/v3\\\/#\\\/schema\\\/person\\\/2db77e3c6bc03c538495d7b2b8be9b66\"},\"headline\":\"Milei dese\u00f3 que el 2024 \u00absea un a\u00f1o en el cual podamos empezar a reconstruir Argentina\u00bb\",\"datePublished\":\"2023-12-23T11:51:59+00:00\",\"mainEntityOfPage\":{\"@id\":\"https:\\\/\\\/cvinoticias.com\\\/v3\\\/milei-deseo-que-el-2024-sea-un-ano-en-el-cual-podamos-empezar-a-reconstruir-argentina\\\/\"},\"wordCount\":255,\"commentCount\":0,\"publisher\":{\"@id\":\"https:\\\/\\\/cvinoticias.com\\\/v3\\\/#organization\"},\"image\":{\"@id\":\"https:\\\/\\\/cvinoticias.com\\\/v3\\\/milei-deseo-que-el-2024-sea-un-ano-en-el-cual-podamos-empezar-a-reconstruir-argentina\\\/#primaryimage\"},\"thumbnailUrl\":\"https:\\\/\\\/cvinoticias.com\\\/wp-content\\\/uploads\\\/2023\\\/12\\\/05-11.jpg\",\"articleSection\":[\"Nacionales\"],\"inLanguage\":\"es\",\"potentialAction\":[{\"@type\":\"CommentAction\",\"name\":\"Comment\",\"target\":[\"https:\\\/\\\/cvinoticias.com\\\/v3\\\/milei-deseo-que-el-2024-sea-un-ano-en-el-cual-podamos-empezar-a-reconstruir-argentina\\\/#respond\"]}]},{\"@type\":\"WebPage\",\"@id\":\"https:\\\/\\\/cvinoticias.com\\\/v3\\\/milei-deseo-que-el-2024-sea-un-ano-en-el-cual-podamos-empezar-a-reconstruir-argentina\\\/\",\"url\":\"https:\\\/\\\/cvinoticias.com\\\/v3\\\/milei-deseo-que-el-2024-sea-un-ano-en-el-cual-podamos-empezar-a-reconstruir-argentina\\\/\",\"name\":\"Milei dese\u00f3 que el 2024 \\\"sea un a\u00f1o en el cual podamos empezar a reconstruir Argentina\\\" | CVI NOTICIAS\",\"isPartOf\":{\"@id\":\"https:\\\/\\\/cvinoticias.com\\\/v3\\\/#website\"},\"primaryImageOfPage\":{\"@id\":\"https:\\\/\\\/cvinoticias.com\\\/v3\\\/milei-deseo-que-el-2024-sea-un-ano-en-el-cual-podamos-empezar-a-reconstruir-argentina\\\/#primaryimage\"},\"image\":{\"@id\":\"https:\\\/\\\/cvinoticias.com\\\/v3\\\/milei-deseo-que-el-2024-sea-un-ano-en-el-cual-podamos-empezar-a-reconstruir-argentina\\\/#primaryimage\"},\"thumbnailUrl\":\"https:\\\/\\\/cvinoticias.com\\\/wp-content\\\/uploads\\\/2023\\\/12\\\/05-11.jpg\",\"datePublished\":\"2023-12-23T11:51:59+00:00\",\"breadcrumb\":{\"@id\":\"https:\\\/\\\/cvinoticias.com\\\/v3\\\/milei-deseo-que-el-2024-sea-un-ano-en-el-cual-podamos-empezar-a-reconstruir-argentina\\\/#breadcrumb\"},\"inLanguage\":\"es\",\"potentialAction\":[{\"@type\":\"ReadAction\",\"target\":[\"https:\\\/\\\/cvinoticias.com\\\/v3\\\/milei-deseo-que-el-2024-sea-un-ano-en-el-cual-podamos-empezar-a-reconstruir-argentina\\\/\"]}]},{\"@type\":\"ImageObject\",\"inLanguage\":\"es\",\"@id\":\"https:\\\/\\\/cvinoticias.com\\\/v3\\\/milei-deseo-que-el-2024-sea-un-ano-en-el-cual-podamos-empezar-a-reconstruir-argentina\\\/#primaryimage\",\"url\":\"https:\\\/\\\/cvinoticias.com\\\/wp-content\\\/uploads\\\/2023\\\/12\\\/05-11.jpg\",\"contentUrl\":\"https:\\\/\\\/cvinoticias.com\\\/wp-content\\\/uploads\\\/2023\\\/12\\\/05-11.jpg\",\"width\":900,\"height\":506},{\"@type\":\"BreadcrumbList\",\"@id\":\"https:\\\/\\\/cvinoticias.com\\\/v3\\\/milei-deseo-que-el-2024-sea-un-ano-en-el-cual-podamos-empezar-a-reconstruir-argentina\\\/#breadcrumb\",\"itemListElement\":[{\"@type\":\"ListItem\",\"position\":1,\"name\":\"Portada\",\"item\":\"https:\\\/\\\/cvinoticias.com\\\/v3\\\/\"},{\"@type\":\"ListItem\",\"position\":2,\"name\":\"Milei dese\u00f3 que el 2024 \u00absea un a\u00f1o en el cual podamos empezar a reconstruir Argentina\u00bb\"}]},{\"@type\":\"WebSite\",\"@id\":\"https:\\\/\\\/cvinoticias.com\\\/v3\\\/#website\",\"url\":\"https:\\\/\\\/cvinoticias.com\\\/v3\\\/\",\"name\":\"CVI NOTICIAS\",\"description\":\"\",\"publisher\":{\"@id\":\"https:\\\/\\\/cvinoticias.com\\\/v3\\\/#organization\"},\"alternateName\":\"CVI\",\"potentialAction\":[{\"@type\":\"SearchAction\",\"target\":{\"@type\":\"EntryPoint\",\"urlTemplate\":\"https:\\\/\\\/cvinoticias.com\\\/v3\\\/?s={search_term_string}\"},\"query-input\":{\"@type\":\"PropertyValueSpecification\",\"valueRequired\":true,\"valueName\":\"search_term_string\"}}],\"inLanguage\":\"es\"},{\"@type\":\"Organization\",\"@id\":\"https:\\\/\\\/cvinoticias.com\\\/v3\\\/#organization\",\"name\":\"CVI NOTICIAS\",\"url\":\"https:\\\/\\\/cvinoticias.com\\\/v3\\\/\",\"logo\":{\"@type\":\"ImageObject\",\"inLanguage\":\"es\",\"@id\":\"https:\\\/\\\/cvinoticias.com\\\/v3\\\/#\\\/schema\\\/logo\\\/image\\\/\",\"url\":\"https:\\\/\\\/cvinoticias.com\\\/wp-content\\\/uploads\\\/2023\\\/04\\\/cropped-cropped-cropped-cropped-cropped-3-1.png\",\"contentUrl\":\"https:\\\/\\\/cvinoticias.com\\\/wp-content\\\/uploads\\\/2023\\\/04\\\/cropped-cropped-cropped-cropped-cropped-3-1.png\",\"width\":95,\"height\":122,\"caption\":\"CVI NOTICIAS\"},\"image\":{\"@id\":\"https:\\\/\\\/cvinoticias.com\\\/v3\\\/#\\\/schema\\\/logo\\\/image\\\/\"},\"sameAs\":[\"https:\\\/\\\/www.facebook.com\\\/cvinoticias\",\"https:\\\/\\\/www.instagram.com\\\/cvinoticias\\\/\",\"https:\\\/\\\/www.youtube.com\\\/@CVINOTICIAS\"]},{\"@type\":\"Person\",\"@id\":\"https:\\\/\\\/cvinoticias.com\\\/v3\\\/#\\\/schema\\\/person\\\/2db77e3c6bc03c538495d7b2b8be9b66\",\"name\":\"f1000024\",\"image\":{\"@type\":\"ImageObject\",\"inLanguage\":\"es\",\"@id\":\"https:\\\/\\\/secure.gravatar.com\\\/avatar\\\/d4fe7459cfc51ff5129ce1a732bbef5928568b8092d412ef95611616376bbeed?s=96&d=mm&r=g\",\"url\":\"https:\\\/\\\/secure.gravatar.com\\\/avatar\\\/d4fe7459cfc51ff5129ce1a732bbef5928568b8092d412ef95611616376bbeed?s=96&d=mm&r=g\",\"contentUrl\":\"https:\\\/\\\/secure.gravatar.com\\\/avatar\\\/d4fe7459cfc51ff5129ce1a732bbef5928568b8092d412ef95611616376bbeed?s=96&d=mm&r=g\",\"caption\":\"f1000024\"},\"url\":\"https:\\\/\\\/cvinoticias.com\\\/v3\\\/author\\\/f1000024\\\/\"}]}<\/script>\n<!-- \/ Yoast SEO plugin. -->","yoast_head_json":{"title":"Milei dese\u00f3 que el 2024 \"sea un a\u00f1o en el cual podamos empezar a reconstruir Argentina\" | CVI NOTICIAS","robots":{"index":"index","follow":"follow","max-snippet":"max-snippet:-1","max-image-preview":"max-image-preview:large","max-video-preview":"max-video-preview:-1"},"canonical":"https:\/\/cvinoticias.com\/v3\/milei-deseo-que-el-2024-sea-un-ano-en-el-cual-podamos-empezar-a-reconstruir-argentina\/","og_locale":"es_ES","og_type":"article","og_title":"Milei dese\u00f3 que el 2024 \"sea un a\u00f1o en el cual podamos empezar a reconstruir Argentina\" | CVI NOTICIAS","og_description":"\u00abSolamente quer\u00eda desearles feliz Navidad, que terminen bien el a\u00f1o\u00bb, dijo el Presidente al acercarse a la sala de periodistas de Casa de Gobierno para saludar en la previa de las fiestas de fin de a\u00f1o. Ratific\u00f3 que conf\u00eda \u00ababsolutamente\u00bb en el plan de su gobierno de desregulaci\u00f3n de la econom\u00eda. El presidente Javier Milei [&hellip;]","og_url":"https:\/\/cvinoticias.com\/v3\/milei-deseo-que-el-2024-sea-un-ano-en-el-cual-podamos-empezar-a-reconstruir-argentina\/","og_site_name":"CVI NOTICIAS","article_publisher":"https:\/\/www.facebook.com\/cvinoticias","article_published_time":"2023-12-23T11:51:59+00:00","og_image":[{"width":900,"height":506,"url":"https:\/\/cvinoticias.com\/wp-content\/uploads\/2023\/12\/05-11.jpg","type":"image\/jpeg"}],"author":"f1000024","twitter_card":"summary_large_image","twitter_misc":{"Escrito por":"f1000024","Tiempo de lectura":"1 minuto"},"schema":{"@context":"https:\/\/schema.org","@graph":[{"@type":"Article","@id":"https:\/\/cvinoticias.com\/v3\/milei-deseo-que-el-2024-sea-un-ano-en-el-cual-podamos-empezar-a-reconstruir-argentina\/#article","isPartOf":{"@id":"https:\/\/cvinoticias.com\/v3\/milei-deseo-que-el-2024-sea-un-ano-en-el-cual-podamos-empezar-a-reconstruir-argentina\/"},"author":{"name":"f1000024","@id":"https:\/\/cvinoticias.com\/v3\/#\/schema\/person\/2db77e3c6bc03c538495d7b2b8be9b66"},"headline":"Milei dese\u00f3 que el 2024 \u00absea un a\u00f1o en el cual podamos empezar a reconstruir Argentina\u00bb","datePublished":"2023-12-23T11:51:59+00:00","mainEntityOfPage":{"@id":"https:\/\/cvinoticias.com\/v3\/milei-deseo-que-el-2024-sea-un-ano-en-el-cual-podamos-empezar-a-reconstruir-argentina\/"},"wordCount":255,"commentCount":0,"publisher":{"@id":"https:\/\/cvinoticias.com\/v3\/#organization"},"image":{"@id":"https:\/\/cvinoticias.com\/v3\/milei-deseo-que-el-2024-sea-un-ano-en-el-cual-podamos-empezar-a-reconstruir-argentina\/#primaryimage"},"thumbnailUrl":"https:\/\/cvinoticias.com\/wp-content\/uploads\/2023\/12\/05-11.jpg","articleSection":["Nacionales"],"inLanguage":"es","potentialAction":[{"@type":"CommentAction","name":"Comment","target":["https:\/\/cvinoticias.com\/v3\/milei-deseo-que-el-2024-sea-un-ano-en-el-cual-podamos-empezar-a-reconstruir-argentina\/#respond"]}]},{"@type":"WebPage","@id":"https:\/\/cvinoticias.com\/v3\/milei-deseo-que-el-2024-sea-un-ano-en-el-cual-podamos-empezar-a-reconstruir-argentina\/","url":"https:\/\/cvinoticias.com\/v3\/milei-deseo-que-el-2024-sea-un-ano-en-el-cual-podamos-empezar-a-reconstruir-argentina\/","name":"Milei dese\u00f3 que el 2024 \"sea un a\u00f1o en el cual podamos empezar a reconstruir Argentina\" | CVI NOTICIAS","isPartOf":{"@id":"https:\/\/cvinoticias.com\/v3\/#website"},"primaryImageOfPage":{"@id":"https:\/\/cvinoticias.com\/v3\/milei-deseo-que-el-2024-sea-un-ano-en-el-cual-podamos-empezar-a-reconstruir-argentina\/#primaryimage"},"image":{"@id":"https:\/\/cvinoticias.com\/v3\/milei-deseo-que-el-2024-sea-un-ano-en-el-cual-podamos-empezar-a-reconstruir-argentina\/#primaryimage"},"thumbnailUrl":"https:\/\/cvinoticias.com\/wp-content\/uploads\/2023\/12\/05-11.jpg","datePublished":"2023-12-23T11:51:59+00:00","breadcrumb":{"@id":"https:\/\/cvinoticias.com\/v3\/milei-deseo-que-el-2024-sea-un-ano-en-el-cual-podamos-empezar-a-reconstruir-argentina\/#breadcrumb"},"inLanguage":"es","potentialAction":[{"@type":"ReadAction","target":["https:\/\/cvinoticias.com\/v3\/milei-deseo-que-el-2024-sea-un-ano-en-el-cual-podamos-empezar-a-reconstruir-argentina\/"]}]},{"@type":"ImageObject","inLanguage":"es","@id":"https:\/\/cvinoticias.com\/v3\/milei-deseo-que-el-2024-sea-un-ano-en-el-cual-podamos-empezar-a-reconstruir-argentina\/#primaryimage","url":"https:\/\/cvinoticias.com\/wp-content\/uploads\/2023\/12\/05-11.jpg","contentUrl":"https:\/\/cvinoticias.com\/wp-content\/uploads\/2023\/12\/05-11.jpg","width":900,"height":506},{"@type":"BreadcrumbList","@id":"https:\/\/cvinoticias.com\/v3\/milei-deseo-que-el-2024-sea-un-ano-en-el-cual-podamos-empezar-a-reconstruir-argentina\/#breadcrumb","itemListElement":[{"@type":"ListItem","position":1,"name":"Portada","item":"https:\/\/cvinoticias.com\/v3\/"},{"@type":"ListItem","position":2,"name":"Milei dese\u00f3 que el 2024 \u00absea un a\u00f1o en el cual podamos empezar a reconstruir Argentina\u00bb"}]},{"@type":"WebSite","@id":"https:\/\/cvinoticias.com\/v3\/#website","url":"https:\/\/cvinoticias.com\/v3\/","name":"CVI NOTICIAS","description":"","publisher":{"@id":"https:\/\/cvinoticias.com\/v3\/#organization"},"alternateName":"CVI","potentialAction":[{"@type":"SearchAction","target":{"@type":"EntryPoint","urlTemplate":"https:\/\/cvinoticias.com\/v3\/?s={search_term_string}"},"query-input":{"@type":"PropertyValueSpecification","valueRequired":true,"valueName":"search_term_string"}}],"inLanguage":"es"},{"@type":"Organization","@id":"https:\/\/cvinoticias.com\/v3\/#organization","name":"CVI NOTICIAS","url":"https:\/\/cvinoticias.com\/v3\/","logo":{"@type":"ImageObject","inLanguage":"es","@id":"https:\/\/cvinoticias.com\/v3\/#\/schema\/logo\/image\/","url":"https:\/\/cvinoticias.com\/wp-content\/uploads\/2023\/04\/cropped-cropped-cropped-cropped-cropped-3-1.png","contentUrl":"https:\/\/cvinoticias.com\/wp-content\/uploads\/2023\/04\/cropped-cropped-cropped-cropped-cropped-3-1.png","width":95,"height":122,"caption":"CVI NOTICIAS"},"image":{"@id":"https:\/\/cvinoticias.com\/v3\/#\/schema\/logo\/image\/"},"sameAs":["https:\/\/www.facebook.com\/cvinoticias","https:\/\/www.instagram.com\/cvinoticias\/","https:\/\/www.youtube.com\/@CVINOTICIAS"]},{"@type":"Person","@id":"https:\/\/cvinoticias.com\/v3\/#\/schema\/person\/2db77e3c6bc03c538495d7b2b8be9b66","name":"f1000024","image":{"@type":"ImageObject","inLanguage":"es","@id":"https:\/\/secure.gravatar.com\/avatar\/d4fe7459cfc51ff5129ce1a732bbef5928568b8092d412ef95611616376bbeed?s=96&d=mm&r=g","url":"https:\/\/secure.gravatar.com\/avatar\/d4fe7459cfc51ff5129ce1a732bbef5928568b8092d412ef95611616376bbeed?s=96&d=mm&r=g","contentUrl":"https:\/\/secure.gravatar.com\/avatar\/d4fe7459cfc51ff5129ce1a732bbef5928568b8092d412ef95611616376bbeed?s=96&d=mm&r=g","caption":"f1000024"},"url":"https:\/\/cvinoticias.com\/v3\/author\/f1000024\/"}]}},"_links":{"self":[{"href":"https:\/\/cvinoticias.com\/v3\/wp-json\/wp\/v2\/posts\/31237","targetHints":{"allow":["GET"]}}],"collection":[{"href":"https:\/\/cvinoticias.com\/v3\/wp-json\/wp\/v2\/posts"}],"about":[{"href":"https:\/\/cvinoticias.com\/v3\/wp-json\/wp\/v2\/types\/post"}],"author":[{"embeddable":true,"href":"https:\/\/cvinoticias.com\/v3\/wp-json\/wp\/v2\/users\/2"}],"replies":[{"embeddable":true,"href":"https:\/\/cvinoticias.com\/v3\/wp-json\/wp\/v2\/comments?post=31237"}],"version-history":[{"count":1,"href":"https:\/\/cvinoticias.com\/v3\/wp-json\/wp\/v2\/posts\/31237\/revisions"}],"predecessor-version":[{"id":31239,"href":"https:\/\/cvinoticias.com\/v3\/wp-json\/wp\/v2\/posts\/31237\/revisions\/31239"}],"wp:featuredmedia":[{"embeddable":true,"href":"https:\/\/cvinoticias.com\/v3\/wp-json\/wp\/v2\/media\/31238"}],"wp:attachment":[{"href":"https:\/\/cvinoticias.com\/v3\/wp-json\/wp\/v2\/media?parent=31237"}],"wp:term":[{"taxonomy":"category","embeddable":true,"href":"https:\/\/cvinoticias.com\/v3\/wp-json\/wp\/v2\/categories?post=31237"},{"taxonomy":"post_tag","embeddable":true,"href":"https:\/\/cvinoticias.com\/v3\/wp-json\/wp\/v2\/tags?post=31237"}],"curies":[{"name":"wp","href":"https:\/\/api.w.org\/{rel}","templated":true}]}}