{"id":31231,"date":"2023-12-23T08:29:10","date_gmt":"2023-12-23T11:29:10","guid":{"rendered":"https:\/\/cvinoticias.com\/v3\/?p=31231"},"modified":"2023-12-23T08:29:10","modified_gmt":"2023-12-23T11:29:10","slug":"amenazaron-de-muerte-a-patricia-bullrich","status":"publish","type":"post","link":"https:\/\/cvinoticias.com\/v3\/amenazaron-de-muerte-a-patricia-bullrich\/","title":{"rendered":"Amenazaron de muerte a Patricia Bullrich"},"content":{"rendered":"\n<p><strong><em>La ministra de Seguridad, Patricia Bullrich, recibi\u00f3 fuertes amenazas de muerte este viernes, despu\u00e9s de la puesta en pr\u00e1ctica del protocolo anti piquetes durante los \u00faltimos d\u00edas.<\/em><\/strong><\/p>\n\n\n\n<p>Las mismas fueron realizadas por redes sociales bajo la firma de \u00abEl Sicario de La Matanza\u00bb.<\/p>\n\n\n\n<p>\u201cPatricia Bullrich ya sabemos d\u00f3nde viv\u00eds\u201d, escribi\u00f3 la persona an\u00f3nima. \u201cTe vamos a matar. \u00abEl sicario de La Matanza\u00bb, cerr\u00f3.<\/p>\n\n\n\n<p>La segunda semana de gobierno de Javier Milei estuvo marcada por la tensi\u00f3n absoluta, atravesando las primeras protestas, bajo un nuevo protocolo para controlar la manifestaciones y evitar el corte de la libre circulaci\u00f3n; realizando un mega decreto para desregular la econom\u00eda con fuertes cr\u00edticas y hasta cacerolazos en distintos puntos del pa\u00eds.<\/p>\n\n\n\n<p>Adem\u00e1s, el gobierno detall\u00f3 que hasta hoy continuaron recibiendo denuncias an\u00f3nimas de extorsi\u00f3n por parte de referentes sociales a beneficiarios. La cifra de llamados a la l\u00ednea 134 se elev\u00f3 a casi 16.000: \u201chay 32 personas denunciadas por extorsi\u00f3n\u201d, afirmaron.<\/p>\n","protected":false},"excerpt":{"rendered":"<p>La ministra de Seguridad, Patricia Bullrich, recibi\u00f3 fuertes amenazas de muerte este viernes, despu\u00e9s de la puesta en pr\u00e1ctica del protocolo anti piquetes durante los \u00faltimos d\u00edas. Las mismas fueron realizadas por redes sociales bajo la firma de \u00abEl Sicario de La Matanza\u00bb. \u201cPatricia Bullrich ya sabemos d\u00f3nde viv\u00eds\u201d, escribi\u00f3 la persona an\u00f3nima. \u201cTe vamos [&hellip;]<\/p>\n","protected":false},"author":2,"featured_media":31232,"comment_status":"open","ping_status":"open","sticky":false,"template":"","format":"standard","meta":{"footnotes":""},"categories":[39],"tags":[],"class_list":["post-31231","post","type-post","status-publish","format-standard","has-post-thumbnail","hentry","category-nacionales"],"yoast_head":"<!-- This site is optimized with the Yoast SEO plugin v27.5 - https:\/\/yoast.com\/product\/yoast-seo-wordpress\/ -->\n<title>Amenazaron de muerte a Patricia Bullrich | CVI NOTICIAS<\/title>\n<meta name=\"robots\" content=\"index, follow, max-snippet:-1, max-image-preview:large, max-video-preview:-1\" \/>\n<link rel=\"canonical\" href=\"https:\/\/cvinoticias.com\/v3\/amenazaron-de-muerte-a-patricia-bullrich\/\" \/>\n<meta property=\"og:locale\" content=\"es_ES\" \/>\n<meta property=\"og:type\" content=\"article\" \/>\n<meta property=\"og:title\" content=\"Amenazaron de muerte a Patricia Bullrich | CVI NOTICIAS\" \/>\n<meta property=\"og:description\" content=\"La ministra de Seguridad, Patricia Bullrich, recibi\u00f3 fuertes amenazas de muerte este viernes, despu\u00e9s de la puesta en pr\u00e1ctica del protocolo anti piquetes durante los \u00faltimos d\u00edas. Las mismas fueron realizadas por redes sociales bajo la firma de \u00abEl Sicario de La Matanza\u00bb. \u201cPatricia Bullrich ya sabemos d\u00f3nde viv\u00eds\u201d, escribi\u00f3 la persona an\u00f3nima. \u201cTe vamos [&hellip;]\" \/>\n<meta property=\"og:url\" content=\"https:\/\/cvinoticias.com\/v3\/amenazaron-de-muerte-a-patricia-bullrich\/\" \/>\n<meta property=\"og:site_name\" content=\"CVI NOTICIAS\" \/>\n<meta property=\"article:publisher\" content=\"https:\/\/www.facebook.com\/cvinoticias\" \/>\n<meta property=\"article:published_time\" content=\"2023-12-23T11:29:10+00:00\" \/>\n<meta property=\"og:image\" content=\"https:\/\/cvinoticias.com\/wp-content\/uploads\/2023\/12\/f608x342-494354_524077_6.jpg\" \/>\n\t<meta property=\"og:image:width\" content=\"608\" \/>\n\t<meta property=\"og:image:height\" content=\"342\" \/>\n\t<meta property=\"og:image:type\" content=\"image\/jpeg\" \/>\n<meta name=\"author\" content=\"f1000024\" \/>\n<meta name=\"twitter:card\" content=\"summary_large_image\" \/>\n<meta name=\"twitter:label1\" content=\"Escrito por\" \/>\n\t<meta name=\"twitter:data1\" content=\"f1000024\" \/>\n\t<meta name=\"twitter:label2\" content=\"Tiempo de lectura\" \/>\n\t<meta name=\"twitter:data2\" content=\"1 minuto\" \/>\n<script type=\"application\/ld+json\" class=\"yoast-schema-graph\">{\"@context\":\"https:\\\/\\\/schema.org\",\"@graph\":[{\"@type\":\"Article\",\"@id\":\"https:\\\/\\\/cvinoticias.com\\\/v3\\\/amenazaron-de-muerte-a-patricia-bullrich\\\/#article\",\"isPartOf\":{\"@id\":\"https:\\\/\\\/cvinoticias.com\\\/v3\\\/amenazaron-de-muerte-a-patricia-bullrich\\\/\"},\"author\":{\"name\":\"f1000024\",\"@id\":\"https:\\\/\\\/cvinoticias.com\\\/v3\\\/#\\\/schema\\\/person\\\/2db77e3c6bc03c538495d7b2b8be9b66\"},\"headline\":\"Amenazaron de muerte a Patricia Bullrich\",\"datePublished\":\"2023-12-23T11:29:10+00:00\",\"mainEntityOfPage\":{\"@id\":\"https:\\\/\\\/cvinoticias.com\\\/v3\\\/amenazaron-de-muerte-a-patricia-bullrich\\\/\"},\"wordCount\":175,\"commentCount\":0,\"publisher\":{\"@id\":\"https:\\\/\\\/cvinoticias.com\\\/v3\\\/#organization\"},\"image\":{\"@id\":\"https:\\\/\\\/cvinoticias.com\\\/v3\\\/amenazaron-de-muerte-a-patricia-bullrich\\\/#primaryimage\"},\"thumbnailUrl\":\"https:\\\/\\\/cvinoticias.com\\\/wp-content\\\/uploads\\\/2023\\\/12\\\/f608x342-494354_524077_6.jpg\",\"articleSection\":[\"Nacionales\"],\"inLanguage\":\"es\",\"potentialAction\":[{\"@type\":\"CommentAction\",\"name\":\"Comment\",\"target\":[\"https:\\\/\\\/cvinoticias.com\\\/v3\\\/amenazaron-de-muerte-a-patricia-bullrich\\\/#respond\"]}]},{\"@type\":\"WebPage\",\"@id\":\"https:\\\/\\\/cvinoticias.com\\\/v3\\\/amenazaron-de-muerte-a-patricia-bullrich\\\/\",\"url\":\"https:\\\/\\\/cvinoticias.com\\\/v3\\\/amenazaron-de-muerte-a-patricia-bullrich\\\/\",\"name\":\"Amenazaron de muerte a Patricia Bullrich | CVI NOTICIAS\",\"isPartOf\":{\"@id\":\"https:\\\/\\\/cvinoticias.com\\\/v3\\\/#website\"},\"primaryImageOfPage\":{\"@id\":\"https:\\\/\\\/cvinoticias.com\\\/v3\\\/amenazaron-de-muerte-a-patricia-bullrich\\\/#primaryimage\"},\"image\":{\"@id\":\"https:\\\/\\\/cvinoticias.com\\\/v3\\\/amenazaron-de-muerte-a-patricia-bullrich\\\/#primaryimage\"},\"thumbnailUrl\":\"https:\\\/\\\/cvinoticias.com\\\/wp-content\\\/uploads\\\/2023\\\/12\\\/f608x342-494354_524077_6.jpg\",\"datePublished\":\"2023-12-23T11:29:10+00:00\",\"breadcrumb\":{\"@id\":\"https:\\\/\\\/cvinoticias.com\\\/v3\\\/amenazaron-de-muerte-a-patricia-bullrich\\\/#breadcrumb\"},\"inLanguage\":\"es\",\"potentialAction\":[{\"@type\":\"ReadAction\",\"target\":[\"https:\\\/\\\/cvinoticias.com\\\/v3\\\/amenazaron-de-muerte-a-patricia-bullrich\\\/\"]}]},{\"@type\":\"ImageObject\",\"inLanguage\":\"es\",\"@id\":\"https:\\\/\\\/cvinoticias.com\\\/v3\\\/amenazaron-de-muerte-a-patricia-bullrich\\\/#primaryimage\",\"url\":\"https:\\\/\\\/cvinoticias.com\\\/wp-content\\\/uploads\\\/2023\\\/12\\\/f608x342-494354_524077_6.jpg\",\"contentUrl\":\"https:\\\/\\\/cvinoticias.com\\\/wp-content\\\/uploads\\\/2023\\\/12\\\/f608x342-494354_524077_6.jpg\",\"width\":608,\"height\":342},{\"@type\":\"BreadcrumbList\",\"@id\":\"https:\\\/\\\/cvinoticias.com\\\/v3\\\/amenazaron-de-muerte-a-patricia-bullrich\\\/#breadcrumb\",\"itemListElement\":[{\"@type\":\"ListItem\",\"position\":1,\"name\":\"Portada\",\"item\":\"https:\\\/\\\/cvinoticias.com\\\/v3\\\/\"},{\"@type\":\"ListItem\",\"position\":2,\"name\":\"Amenazaron de muerte a Patricia Bullrich\"}]},{\"@type\":\"WebSite\",\"@id\":\"https:\\\/\\\/cvinoticias.com\\\/v3\\\/#website\",\"url\":\"https:\\\/\\\/cvinoticias.com\\\/v3\\\/\",\"name\":\"CVI NOTICIAS\",\"description\":\"\",\"publisher\":{\"@id\":\"https:\\\/\\\/cvinoticias.com\\\/v3\\\/#organization\"},\"alternateName\":\"CVI\",\"potentialAction\":[{\"@type\":\"SearchAction\",\"target\":{\"@type\":\"EntryPoint\",\"urlTemplate\":\"https:\\\/\\\/cvinoticias.com\\\/v3\\\/?s={search_term_string}\"},\"query-input\":{\"@type\":\"PropertyValueSpecification\",\"valueRequired\":true,\"valueName\":\"search_term_string\"}}],\"inLanguage\":\"es\"},{\"@type\":\"Organization\",\"@id\":\"https:\\\/\\\/cvinoticias.com\\\/v3\\\/#organization\",\"name\":\"CVI NOTICIAS\",\"url\":\"https:\\\/\\\/cvinoticias.com\\\/v3\\\/\",\"logo\":{\"@type\":\"ImageObject\",\"inLanguage\":\"es\",\"@id\":\"https:\\\/\\\/cvinoticias.com\\\/v3\\\/#\\\/schema\\\/logo\\\/image\\\/\",\"url\":\"https:\\\/\\\/cvinoticias.com\\\/wp-content\\\/uploads\\\/2023\\\/04\\\/cropped-cropped-cropped-cropped-cropped-3-1.png\",\"contentUrl\":\"https:\\\/\\\/cvinoticias.com\\\/wp-content\\\/uploads\\\/2023\\\/04\\\/cropped-cropped-cropped-cropped-cropped-3-1.png\",\"width\":95,\"height\":122,\"caption\":\"CVI NOTICIAS\"},\"image\":{\"@id\":\"https:\\\/\\\/cvinoticias.com\\\/v3\\\/#\\\/schema\\\/logo\\\/image\\\/\"},\"sameAs\":[\"https:\\\/\\\/www.facebook.com\\\/cvinoticias\",\"https:\\\/\\\/www.instagram.com\\\/cvinoticias\\\/\",\"https:\\\/\\\/www.youtube.com\\\/@CVINOTICIAS\"]},{\"@type\":\"Person\",\"@id\":\"https:\\\/\\\/cvinoticias.com\\\/v3\\\/#\\\/schema\\\/person\\\/2db77e3c6bc03c538495d7b2b8be9b66\",\"name\":\"f1000024\",\"image\":{\"@type\":\"ImageObject\",\"inLanguage\":\"es\",\"@id\":\"https:\\\/\\\/secure.gravatar.com\\\/avatar\\\/d4fe7459cfc51ff5129ce1a732bbef5928568b8092d412ef95611616376bbeed?s=96&d=mm&r=g\",\"url\":\"https:\\\/\\\/secure.gravatar.com\\\/avatar\\\/d4fe7459cfc51ff5129ce1a732bbef5928568b8092d412ef95611616376bbeed?s=96&d=mm&r=g\",\"contentUrl\":\"https:\\\/\\\/secure.gravatar.com\\\/avatar\\\/d4fe7459cfc51ff5129ce1a732bbef5928568b8092d412ef95611616376bbeed?s=96&d=mm&r=g\",\"caption\":\"f1000024\"},\"url\":\"https:\\\/\\\/cvinoticias.com\\\/v3\\\/author\\\/f1000024\\\/\"}]}<\/script>\n<!-- \/ Yoast SEO plugin. -->","yoast_head_json":{"title":"Amenazaron de muerte a Patricia Bullrich | CVI NOTICIAS","robots":{"index":"index","follow":"follow","max-snippet":"max-snippet:-1","max-image-preview":"max-image-preview:large","max-video-preview":"max-video-preview:-1"},"canonical":"https:\/\/cvinoticias.com\/v3\/amenazaron-de-muerte-a-patricia-bullrich\/","og_locale":"es_ES","og_type":"article","og_title":"Amenazaron de muerte a Patricia Bullrich | CVI NOTICIAS","og_description":"La ministra de Seguridad, Patricia Bullrich, recibi\u00f3 fuertes amenazas de muerte este viernes, despu\u00e9s de la puesta en pr\u00e1ctica del protocolo anti piquetes durante los \u00faltimos d\u00edas. Las mismas fueron realizadas por redes sociales bajo la firma de \u00abEl Sicario de La Matanza\u00bb. \u201cPatricia Bullrich ya sabemos d\u00f3nde viv\u00eds\u201d, escribi\u00f3 la persona an\u00f3nima. \u201cTe vamos [&hellip;]","og_url":"https:\/\/cvinoticias.com\/v3\/amenazaron-de-muerte-a-patricia-bullrich\/","og_site_name":"CVI NOTICIAS","article_publisher":"https:\/\/www.facebook.com\/cvinoticias","article_published_time":"2023-12-23T11:29:10+00:00","og_image":[{"width":608,"height":342,"url":"https:\/\/cvinoticias.com\/wp-content\/uploads\/2023\/12\/f608x342-494354_524077_6.jpg","type":"image\/jpeg"}],"author":"f1000024","twitter_card":"summary_large_image","twitter_misc":{"Escrito por":"f1000024","Tiempo de lectura":"1 minuto"},"schema":{"@context":"https:\/\/schema.org","@graph":[{"@type":"Article","@id":"https:\/\/cvinoticias.com\/v3\/amenazaron-de-muerte-a-patricia-bullrich\/#article","isPartOf":{"@id":"https:\/\/cvinoticias.com\/v3\/amenazaron-de-muerte-a-patricia-bullrich\/"},"author":{"name":"f1000024","@id":"https:\/\/cvinoticias.com\/v3\/#\/schema\/person\/2db77e3c6bc03c538495d7b2b8be9b66"},"headline":"Amenazaron de muerte a Patricia Bullrich","datePublished":"2023-12-23T11:29:10+00:00","mainEntityOfPage":{"@id":"https:\/\/cvinoticias.com\/v3\/amenazaron-de-muerte-a-patricia-bullrich\/"},"wordCount":175,"commentCount":0,"publisher":{"@id":"https:\/\/cvinoticias.com\/v3\/#organization"},"image":{"@id":"https:\/\/cvinoticias.com\/v3\/amenazaron-de-muerte-a-patricia-bullrich\/#primaryimage"},"thumbnailUrl":"https:\/\/cvinoticias.com\/wp-content\/uploads\/2023\/12\/f608x342-494354_524077_6.jpg","articleSection":["Nacionales"],"inLanguage":"es","potentialAction":[{"@type":"CommentAction","name":"Comment","target":["https:\/\/cvinoticias.com\/v3\/amenazaron-de-muerte-a-patricia-bullrich\/#respond"]}]},{"@type":"WebPage","@id":"https:\/\/cvinoticias.com\/v3\/amenazaron-de-muerte-a-patricia-bullrich\/","url":"https:\/\/cvinoticias.com\/v3\/amenazaron-de-muerte-a-patricia-bullrich\/","name":"Amenazaron de muerte a Patricia Bullrich | CVI NOTICIAS","isPartOf":{"@id":"https:\/\/cvinoticias.com\/v3\/#website"},"primaryImageOfPage":{"@id":"https:\/\/cvinoticias.com\/v3\/amenazaron-de-muerte-a-patricia-bullrich\/#primaryimage"},"image":{"@id":"https:\/\/cvinoticias.com\/v3\/amenazaron-de-muerte-a-patricia-bullrich\/#primaryimage"},"thumbnailUrl":"https:\/\/cvinoticias.com\/wp-content\/uploads\/2023\/12\/f608x342-494354_524077_6.jpg","datePublished":"2023-12-23T11:29:10+00:00","breadcrumb":{"@id":"https:\/\/cvinoticias.com\/v3\/amenazaron-de-muerte-a-patricia-bullrich\/#breadcrumb"},"inLanguage":"es","potentialAction":[{"@type":"ReadAction","target":["https:\/\/cvinoticias.com\/v3\/amenazaron-de-muerte-a-patricia-bullrich\/"]}]},{"@type":"ImageObject","inLanguage":"es","@id":"https:\/\/cvinoticias.com\/v3\/amenazaron-de-muerte-a-patricia-bullrich\/#primaryimage","url":"https:\/\/cvinoticias.com\/wp-content\/uploads\/2023\/12\/f608x342-494354_524077_6.jpg","contentUrl":"https:\/\/cvinoticias.com\/wp-content\/uploads\/2023\/12\/f608x342-494354_524077_6.jpg","width":608,"height":342},{"@type":"BreadcrumbList","@id":"https:\/\/cvinoticias.com\/v3\/amenazaron-de-muerte-a-patricia-bullrich\/#breadcrumb","itemListElement":[{"@type":"ListItem","position":1,"name":"Portada","item":"https:\/\/cvinoticias.com\/v3\/"},{"@type":"ListItem","position":2,"name":"Amenazaron de muerte a Patricia Bullrich"}]},{"@type":"WebSite","@id":"https:\/\/cvinoticias.com\/v3\/#website","url":"https:\/\/cvinoticias.com\/v3\/","name":"CVI NOTICIAS","description":"","publisher":{"@id":"https:\/\/cvinoticias.com\/v3\/#organization"},"alternateName":"CVI","potentialAction":[{"@type":"SearchAction","target":{"@type":"EntryPoint","urlTemplate":"https:\/\/cvinoticias.com\/v3\/?s={search_term_string}"},"query-input":{"@type":"PropertyValueSpecification","valueRequired":true,"valueName":"search_term_string"}}],"inLanguage":"es"},{"@type":"Organization","@id":"https:\/\/cvinoticias.com\/v3\/#organization","name":"CVI NOTICIAS","url":"https:\/\/cvinoticias.com\/v3\/","logo":{"@type":"ImageObject","inLanguage":"es","@id":"https:\/\/cvinoticias.com\/v3\/#\/schema\/logo\/image\/","url":"https:\/\/cvinoticias.com\/wp-content\/uploads\/2023\/04\/cropped-cropped-cropped-cropped-cropped-3-1.png","contentUrl":"https:\/\/cvinoticias.com\/wp-content\/uploads\/2023\/04\/cropped-cropped-cropped-cropped-cropped-3-1.png","width":95,"height":122,"caption":"CVI NOTICIAS"},"image":{"@id":"https:\/\/cvinoticias.com\/v3\/#\/schema\/logo\/image\/"},"sameAs":["https:\/\/www.facebook.com\/cvinoticias","https:\/\/www.instagram.com\/cvinoticias\/","https:\/\/www.youtube.com\/@CVINOTICIAS"]},{"@type":"Person","@id":"https:\/\/cvinoticias.com\/v3\/#\/schema\/person\/2db77e3c6bc03c538495d7b2b8be9b66","name":"f1000024","image":{"@type":"ImageObject","inLanguage":"es","@id":"https:\/\/secure.gravatar.com\/avatar\/d4fe7459cfc51ff5129ce1a732bbef5928568b8092d412ef95611616376bbeed?s=96&d=mm&r=g","url":"https:\/\/secure.gravatar.com\/avatar\/d4fe7459cfc51ff5129ce1a732bbef5928568b8092d412ef95611616376bbeed?s=96&d=mm&r=g","contentUrl":"https:\/\/secure.gravatar.com\/avatar\/d4fe7459cfc51ff5129ce1a732bbef5928568b8092d412ef95611616376bbeed?s=96&d=mm&r=g","caption":"f1000024"},"url":"https:\/\/cvinoticias.com\/v3\/author\/f1000024\/"}]}},"_links":{"self":[{"href":"https:\/\/cvinoticias.com\/v3\/wp-json\/wp\/v2\/posts\/31231","targetHints":{"allow":["GET"]}}],"collection":[{"href":"https:\/\/cvinoticias.com\/v3\/wp-json\/wp\/v2\/posts"}],"about":[{"href":"https:\/\/cvinoticias.com\/v3\/wp-json\/wp\/v2\/types\/post"}],"author":[{"embeddable":true,"href":"https:\/\/cvinoticias.com\/v3\/wp-json\/wp\/v2\/users\/2"}],"replies":[{"embeddable":true,"href":"https:\/\/cvinoticias.com\/v3\/wp-json\/wp\/v2\/comments?post=31231"}],"version-history":[{"count":1,"href":"https:\/\/cvinoticias.com\/v3\/wp-json\/wp\/v2\/posts\/31231\/revisions"}],"predecessor-version":[{"id":31233,"href":"https:\/\/cvinoticias.com\/v3\/wp-json\/wp\/v2\/posts\/31231\/revisions\/31233"}],"wp:featuredmedia":[{"embeddable":true,"href":"https:\/\/cvinoticias.com\/v3\/wp-json\/wp\/v2\/media\/31232"}],"wp:attachment":[{"href":"https:\/\/cvinoticias.com\/v3\/wp-json\/wp\/v2\/media?parent=31231"}],"wp:term":[{"taxonomy":"category","embeddable":true,"href":"https:\/\/cvinoticias.com\/v3\/wp-json\/wp\/v2\/categories?post=31231"},{"taxonomy":"post_tag","embeddable":true,"href":"https:\/\/cvinoticias.com\/v3\/wp-json\/wp\/v2\/tags?post=31231"}],"curies":[{"name":"wp","href":"https:\/\/api.w.org\/{rel}","templated":true}]}}