{"id":31225,"date":"2023-12-23T08:05:40","date_gmt":"2023-12-23T11:05:40","guid":{"rendered":"https:\/\/cvinoticias.com\/v3\/?p=31225"},"modified":"2023-12-23T08:05:40","modified_gmt":"2023-12-23T11:05:40","slug":"milei-deja-sin-efecto-las-contrataciones-de-empleados-publicos-de-este-ano","status":"publish","type":"post","link":"https:\/\/cvinoticias.com\/v3\/milei-deja-sin-efecto-las-contrataciones-de-empleados-publicos-de-este-ano\/","title":{"rendered":"Milei deja sin efecto las contrataciones de empleados p\u00fablicos de este a\u00f1o"},"content":{"rendered":"\n<p><strong><em>A trav\u00e9s de otro decreto de necesidad y urgencia, el presidente Javier Milei dispondr\u00e1 que todas las contrataciones de empleados p\u00fablicos de este a\u00f1o no ser\u00e1n renovadas<\/em><\/strong><\/p>\n\n\n\n<p>La norma comprender\u00e1 las contrataciones efectuadas en el marco del art\u00edculo 9\u00b0 de la Ley N\u00b0 25.164, del Decreto N\u00b0 1109 del 28 de diciembre de 2017, y de toda otra modalidad de contrataci\u00f3n que concluya al 31 de diciembre de 2023.<\/p>\n\n\n\n<p>En tanto, except\u00faa a las contrataciones del personal que haya estado prestando tareas con fecha previa al 1 de enero de 2023 y haya cambiado su modalidad de contrataci\u00f3n.<\/p>\n\n\n\n<p>Tambi\u00e9n al personal que el titular de cada jurisdicci\u00f3n eval\u00fae que resulte indispensable para el funcionamiento de la jurisdicci\u00f3n, de manera restrictiva y fundada con que su continuidad es necesaria por razones impostergables de funcionamiento.<\/p>\n\n\n\n<p><strong>Cu\u00e1ntos empleados hay en el gobierno nacional.<\/strong><\/p>\n\n\n\n<p>En la administraci\u00f3n del Gobierno central hay casi 500.000 empleados, pero este n\u00famero crece a casi cuatro millones si se consideran, adem\u00e1s, los funcionarios provinciales, municipales, de empresas p\u00fablicas, de la banca estatal y de universidades y organismos aut\u00f3nomos, entre otros que crecieron fuerte durante el exgobierno de Alberto Fern\u00e1ndez, Cristina Fern\u00e1ndez y Sergio Massa.<\/p>\n\n\n\n<p>No obstante, especialistas en gasto p\u00fablico advierten que por m\u00e1s que se haya anunciado un recorte fuerte en rubros como la obra p\u00fablica y las transferencias a las provincias, y ahora los empleados estatales, el grueso del gasto se concentra en el sistema jubilatorio<\/p>\n\n\n\n<p>Seg\u00fan un informe de la consultora Analytica, en el acumulado enero-noviembre, jubilaciones y estatales representan, respectivamente, un 42% y un 12% del gasto total.<\/p>\n\n\n\n<p>Son unos $5,2 billones acumulados, cuando la tributaria en ese per\u00edodo de noviembre fue de $4,6 billones.<\/p>\n","protected":false},"excerpt":{"rendered":"<p>A trav\u00e9s de otro decreto de necesidad y urgencia, el presidente Javier Milei dispondr\u00e1 que todas las contrataciones de empleados p\u00fablicos de este a\u00f1o no ser\u00e1n renovadas La norma comprender\u00e1 las contrataciones efectuadas en el marco del art\u00edculo 9\u00b0 de la Ley N\u00b0 25.164, del Decreto N\u00b0 1109 del 28 de diciembre de 2017, y [&hellip;]<\/p>\n","protected":false},"author":2,"featured_media":31226,"comment_status":"open","ping_status":"open","sticky":false,"template":"","format":"standard","meta":{"footnotes":""},"categories":[39],"tags":[],"class_list":["post-31225","post","type-post","status-publish","format-standard","has-post-thumbnail","hentry","category-nacionales"],"yoast_head":"<!-- This site is optimized with the Yoast SEO plugin v27.5 - https:\/\/yoast.com\/product\/yoast-seo-wordpress\/ -->\n<title>Milei deja sin efecto las contrataciones de empleados p\u00fablicos de este a\u00f1o | CVI NOTICIAS<\/title>\n<meta name=\"robots\" content=\"index, follow, max-snippet:-1, max-image-preview:large, max-video-preview:-1\" \/>\n<link rel=\"canonical\" href=\"https:\/\/cvinoticias.com\/v3\/milei-deja-sin-efecto-las-contrataciones-de-empleados-publicos-de-este-ano\/\" \/>\n<meta property=\"og:locale\" content=\"es_ES\" \/>\n<meta property=\"og:type\" content=\"article\" \/>\n<meta property=\"og:title\" content=\"Milei deja sin efecto las contrataciones de empleados p\u00fablicos de este a\u00f1o | CVI NOTICIAS\" \/>\n<meta property=\"og:description\" content=\"A trav\u00e9s de otro decreto de necesidad y urgencia, el presidente Javier Milei dispondr\u00e1 que todas las contrataciones de empleados p\u00fablicos de este a\u00f1o no ser\u00e1n renovadas La norma comprender\u00e1 las contrataciones efectuadas en el marco del art\u00edculo 9\u00b0 de la Ley N\u00b0 25.164, del Decreto N\u00b0 1109 del 28 de diciembre de 2017, y [&hellip;]\" \/>\n<meta property=\"og:url\" content=\"https:\/\/cvinoticias.com\/v3\/milei-deja-sin-efecto-las-contrataciones-de-empleados-publicos-de-este-ano\/\" \/>\n<meta property=\"og:site_name\" content=\"CVI NOTICIAS\" \/>\n<meta property=\"article:publisher\" content=\"https:\/\/www.facebook.com\/cvinoticias\" \/>\n<meta property=\"article:published_time\" content=\"2023-12-23T11:05:40+00:00\" \/>\n<meta property=\"og:image\" content=\"https:\/\/cvinoticias.com\/wp-content\/uploads\/2023\/12\/360-11-5.jpg\" \/>\n\t<meta property=\"og:image:width\" content=\"596\" \/>\n\t<meta property=\"og:image:height\" content=\"360\" \/>\n\t<meta property=\"og:image:type\" content=\"image\/jpeg\" \/>\n<meta name=\"author\" content=\"f1000024\" \/>\n<meta name=\"twitter:card\" content=\"summary_large_image\" \/>\n<meta name=\"twitter:label1\" content=\"Escrito por\" \/>\n\t<meta name=\"twitter:data1\" content=\"f1000024\" \/>\n\t<meta name=\"twitter:label2\" content=\"Tiempo de lectura\" \/>\n\t<meta name=\"twitter:data2\" content=\"1 minuto\" \/>\n<script type=\"application\/ld+json\" class=\"yoast-schema-graph\">{\"@context\":\"https:\\\/\\\/schema.org\",\"@graph\":[{\"@type\":\"Article\",\"@id\":\"https:\\\/\\\/cvinoticias.com\\\/v3\\\/milei-deja-sin-efecto-las-contrataciones-de-empleados-publicos-de-este-ano\\\/#article\",\"isPartOf\":{\"@id\":\"https:\\\/\\\/cvinoticias.com\\\/v3\\\/milei-deja-sin-efecto-las-contrataciones-de-empleados-publicos-de-este-ano\\\/\"},\"author\":{\"name\":\"f1000024\",\"@id\":\"https:\\\/\\\/cvinoticias.com\\\/v3\\\/#\\\/schema\\\/person\\\/2db77e3c6bc03c538495d7b2b8be9b66\"},\"headline\":\"Milei deja sin efecto las contrataciones de empleados p\u00fablicos de este a\u00f1o\",\"datePublished\":\"2023-12-23T11:05:40+00:00\",\"mainEntityOfPage\":{\"@id\":\"https:\\\/\\\/cvinoticias.com\\\/v3\\\/milei-deja-sin-efecto-las-contrataciones-de-empleados-publicos-de-este-ano\\\/\"},\"wordCount\":305,\"commentCount\":0,\"publisher\":{\"@id\":\"https:\\\/\\\/cvinoticias.com\\\/v3\\\/#organization\"},\"image\":{\"@id\":\"https:\\\/\\\/cvinoticias.com\\\/v3\\\/milei-deja-sin-efecto-las-contrataciones-de-empleados-publicos-de-este-ano\\\/#primaryimage\"},\"thumbnailUrl\":\"https:\\\/\\\/cvinoticias.com\\\/wp-content\\\/uploads\\\/2023\\\/12\\\/360-11-5.jpg\",\"articleSection\":[\"Nacionales\"],\"inLanguage\":\"es\",\"potentialAction\":[{\"@type\":\"CommentAction\",\"name\":\"Comment\",\"target\":[\"https:\\\/\\\/cvinoticias.com\\\/v3\\\/milei-deja-sin-efecto-las-contrataciones-de-empleados-publicos-de-este-ano\\\/#respond\"]}]},{\"@type\":\"WebPage\",\"@id\":\"https:\\\/\\\/cvinoticias.com\\\/v3\\\/milei-deja-sin-efecto-las-contrataciones-de-empleados-publicos-de-este-ano\\\/\",\"url\":\"https:\\\/\\\/cvinoticias.com\\\/v3\\\/milei-deja-sin-efecto-las-contrataciones-de-empleados-publicos-de-este-ano\\\/\",\"name\":\"Milei deja sin efecto las contrataciones de empleados p\u00fablicos de este a\u00f1o | CVI NOTICIAS\",\"isPartOf\":{\"@id\":\"https:\\\/\\\/cvinoticias.com\\\/v3\\\/#website\"},\"primaryImageOfPage\":{\"@id\":\"https:\\\/\\\/cvinoticias.com\\\/v3\\\/milei-deja-sin-efecto-las-contrataciones-de-empleados-publicos-de-este-ano\\\/#primaryimage\"},\"image\":{\"@id\":\"https:\\\/\\\/cvinoticias.com\\\/v3\\\/milei-deja-sin-efecto-las-contrataciones-de-empleados-publicos-de-este-ano\\\/#primaryimage\"},\"thumbnailUrl\":\"https:\\\/\\\/cvinoticias.com\\\/wp-content\\\/uploads\\\/2023\\\/12\\\/360-11-5.jpg\",\"datePublished\":\"2023-12-23T11:05:40+00:00\",\"breadcrumb\":{\"@id\":\"https:\\\/\\\/cvinoticias.com\\\/v3\\\/milei-deja-sin-efecto-las-contrataciones-de-empleados-publicos-de-este-ano\\\/#breadcrumb\"},\"inLanguage\":\"es\",\"potentialAction\":[{\"@type\":\"ReadAction\",\"target\":[\"https:\\\/\\\/cvinoticias.com\\\/v3\\\/milei-deja-sin-efecto-las-contrataciones-de-empleados-publicos-de-este-ano\\\/\"]}]},{\"@type\":\"ImageObject\",\"inLanguage\":\"es\",\"@id\":\"https:\\\/\\\/cvinoticias.com\\\/v3\\\/milei-deja-sin-efecto-las-contrataciones-de-empleados-publicos-de-este-ano\\\/#primaryimage\",\"url\":\"https:\\\/\\\/cvinoticias.com\\\/wp-content\\\/uploads\\\/2023\\\/12\\\/360-11-5.jpg\",\"contentUrl\":\"https:\\\/\\\/cvinoticias.com\\\/wp-content\\\/uploads\\\/2023\\\/12\\\/360-11-5.jpg\",\"width\":596,\"height\":360},{\"@type\":\"BreadcrumbList\",\"@id\":\"https:\\\/\\\/cvinoticias.com\\\/v3\\\/milei-deja-sin-efecto-las-contrataciones-de-empleados-publicos-de-este-ano\\\/#breadcrumb\",\"itemListElement\":[{\"@type\":\"ListItem\",\"position\":1,\"name\":\"Portada\",\"item\":\"https:\\\/\\\/cvinoticias.com\\\/v3\\\/\"},{\"@type\":\"ListItem\",\"position\":2,\"name\":\"Milei deja sin efecto las contrataciones de empleados p\u00fablicos de este a\u00f1o\"}]},{\"@type\":\"WebSite\",\"@id\":\"https:\\\/\\\/cvinoticias.com\\\/v3\\\/#website\",\"url\":\"https:\\\/\\\/cvinoticias.com\\\/v3\\\/\",\"name\":\"CVI NOTICIAS\",\"description\":\"\",\"publisher\":{\"@id\":\"https:\\\/\\\/cvinoticias.com\\\/v3\\\/#organization\"},\"alternateName\":\"CVI\",\"potentialAction\":[{\"@type\":\"SearchAction\",\"target\":{\"@type\":\"EntryPoint\",\"urlTemplate\":\"https:\\\/\\\/cvinoticias.com\\\/v3\\\/?s={search_term_string}\"},\"query-input\":{\"@type\":\"PropertyValueSpecification\",\"valueRequired\":true,\"valueName\":\"search_term_string\"}}],\"inLanguage\":\"es\"},{\"@type\":\"Organization\",\"@id\":\"https:\\\/\\\/cvinoticias.com\\\/v3\\\/#organization\",\"name\":\"CVI NOTICIAS\",\"url\":\"https:\\\/\\\/cvinoticias.com\\\/v3\\\/\",\"logo\":{\"@type\":\"ImageObject\",\"inLanguage\":\"es\",\"@id\":\"https:\\\/\\\/cvinoticias.com\\\/v3\\\/#\\\/schema\\\/logo\\\/image\\\/\",\"url\":\"https:\\\/\\\/cvinoticias.com\\\/wp-content\\\/uploads\\\/2023\\\/04\\\/cropped-cropped-cropped-cropped-cropped-3-1.png\",\"contentUrl\":\"https:\\\/\\\/cvinoticias.com\\\/wp-content\\\/uploads\\\/2023\\\/04\\\/cropped-cropped-cropped-cropped-cropped-3-1.png\",\"width\":95,\"height\":122,\"caption\":\"CVI NOTICIAS\"},\"image\":{\"@id\":\"https:\\\/\\\/cvinoticias.com\\\/v3\\\/#\\\/schema\\\/logo\\\/image\\\/\"},\"sameAs\":[\"https:\\\/\\\/www.facebook.com\\\/cvinoticias\",\"https:\\\/\\\/www.instagram.com\\\/cvinoticias\\\/\",\"https:\\\/\\\/www.youtube.com\\\/@CVINOTICIAS\"]},{\"@type\":\"Person\",\"@id\":\"https:\\\/\\\/cvinoticias.com\\\/v3\\\/#\\\/schema\\\/person\\\/2db77e3c6bc03c538495d7b2b8be9b66\",\"name\":\"f1000024\",\"image\":{\"@type\":\"ImageObject\",\"inLanguage\":\"es\",\"@id\":\"https:\\\/\\\/secure.gravatar.com\\\/avatar\\\/d4fe7459cfc51ff5129ce1a732bbef5928568b8092d412ef95611616376bbeed?s=96&d=mm&r=g\",\"url\":\"https:\\\/\\\/secure.gravatar.com\\\/avatar\\\/d4fe7459cfc51ff5129ce1a732bbef5928568b8092d412ef95611616376bbeed?s=96&d=mm&r=g\",\"contentUrl\":\"https:\\\/\\\/secure.gravatar.com\\\/avatar\\\/d4fe7459cfc51ff5129ce1a732bbef5928568b8092d412ef95611616376bbeed?s=96&d=mm&r=g\",\"caption\":\"f1000024\"},\"url\":\"https:\\\/\\\/cvinoticias.com\\\/v3\\\/author\\\/f1000024\\\/\"}]}<\/script>\n<!-- \/ Yoast SEO plugin. -->","yoast_head_json":{"title":"Milei deja sin efecto las contrataciones de empleados p\u00fablicos de este a\u00f1o | CVI NOTICIAS","robots":{"index":"index","follow":"follow","max-snippet":"max-snippet:-1","max-image-preview":"max-image-preview:large","max-video-preview":"max-video-preview:-1"},"canonical":"https:\/\/cvinoticias.com\/v3\/milei-deja-sin-efecto-las-contrataciones-de-empleados-publicos-de-este-ano\/","og_locale":"es_ES","og_type":"article","og_title":"Milei deja sin efecto las contrataciones de empleados p\u00fablicos de este a\u00f1o | CVI NOTICIAS","og_description":"A trav\u00e9s de otro decreto de necesidad y urgencia, el presidente Javier Milei dispondr\u00e1 que todas las contrataciones de empleados p\u00fablicos de este a\u00f1o no ser\u00e1n renovadas La norma comprender\u00e1 las contrataciones efectuadas en el marco del art\u00edculo 9\u00b0 de la Ley N\u00b0 25.164, del Decreto N\u00b0 1109 del 28 de diciembre de 2017, y [&hellip;]","og_url":"https:\/\/cvinoticias.com\/v3\/milei-deja-sin-efecto-las-contrataciones-de-empleados-publicos-de-este-ano\/","og_site_name":"CVI NOTICIAS","article_publisher":"https:\/\/www.facebook.com\/cvinoticias","article_published_time":"2023-12-23T11:05:40+00:00","og_image":[{"width":596,"height":360,"url":"https:\/\/cvinoticias.com\/wp-content\/uploads\/2023\/12\/360-11-5.jpg","type":"image\/jpeg"}],"author":"f1000024","twitter_card":"summary_large_image","twitter_misc":{"Escrito por":"f1000024","Tiempo de lectura":"1 minuto"},"schema":{"@context":"https:\/\/schema.org","@graph":[{"@type":"Article","@id":"https:\/\/cvinoticias.com\/v3\/milei-deja-sin-efecto-las-contrataciones-de-empleados-publicos-de-este-ano\/#article","isPartOf":{"@id":"https:\/\/cvinoticias.com\/v3\/milei-deja-sin-efecto-las-contrataciones-de-empleados-publicos-de-este-ano\/"},"author":{"name":"f1000024","@id":"https:\/\/cvinoticias.com\/v3\/#\/schema\/person\/2db77e3c6bc03c538495d7b2b8be9b66"},"headline":"Milei deja sin efecto las contrataciones de empleados p\u00fablicos de este a\u00f1o","datePublished":"2023-12-23T11:05:40+00:00","mainEntityOfPage":{"@id":"https:\/\/cvinoticias.com\/v3\/milei-deja-sin-efecto-las-contrataciones-de-empleados-publicos-de-este-ano\/"},"wordCount":305,"commentCount":0,"publisher":{"@id":"https:\/\/cvinoticias.com\/v3\/#organization"},"image":{"@id":"https:\/\/cvinoticias.com\/v3\/milei-deja-sin-efecto-las-contrataciones-de-empleados-publicos-de-este-ano\/#primaryimage"},"thumbnailUrl":"https:\/\/cvinoticias.com\/wp-content\/uploads\/2023\/12\/360-11-5.jpg","articleSection":["Nacionales"],"inLanguage":"es","potentialAction":[{"@type":"CommentAction","name":"Comment","target":["https:\/\/cvinoticias.com\/v3\/milei-deja-sin-efecto-las-contrataciones-de-empleados-publicos-de-este-ano\/#respond"]}]},{"@type":"WebPage","@id":"https:\/\/cvinoticias.com\/v3\/milei-deja-sin-efecto-las-contrataciones-de-empleados-publicos-de-este-ano\/","url":"https:\/\/cvinoticias.com\/v3\/milei-deja-sin-efecto-las-contrataciones-de-empleados-publicos-de-este-ano\/","name":"Milei deja sin efecto las contrataciones de empleados p\u00fablicos de este a\u00f1o | CVI NOTICIAS","isPartOf":{"@id":"https:\/\/cvinoticias.com\/v3\/#website"},"primaryImageOfPage":{"@id":"https:\/\/cvinoticias.com\/v3\/milei-deja-sin-efecto-las-contrataciones-de-empleados-publicos-de-este-ano\/#primaryimage"},"image":{"@id":"https:\/\/cvinoticias.com\/v3\/milei-deja-sin-efecto-las-contrataciones-de-empleados-publicos-de-este-ano\/#primaryimage"},"thumbnailUrl":"https:\/\/cvinoticias.com\/wp-content\/uploads\/2023\/12\/360-11-5.jpg","datePublished":"2023-12-23T11:05:40+00:00","breadcrumb":{"@id":"https:\/\/cvinoticias.com\/v3\/milei-deja-sin-efecto-las-contrataciones-de-empleados-publicos-de-este-ano\/#breadcrumb"},"inLanguage":"es","potentialAction":[{"@type":"ReadAction","target":["https:\/\/cvinoticias.com\/v3\/milei-deja-sin-efecto-las-contrataciones-de-empleados-publicos-de-este-ano\/"]}]},{"@type":"ImageObject","inLanguage":"es","@id":"https:\/\/cvinoticias.com\/v3\/milei-deja-sin-efecto-las-contrataciones-de-empleados-publicos-de-este-ano\/#primaryimage","url":"https:\/\/cvinoticias.com\/wp-content\/uploads\/2023\/12\/360-11-5.jpg","contentUrl":"https:\/\/cvinoticias.com\/wp-content\/uploads\/2023\/12\/360-11-5.jpg","width":596,"height":360},{"@type":"BreadcrumbList","@id":"https:\/\/cvinoticias.com\/v3\/milei-deja-sin-efecto-las-contrataciones-de-empleados-publicos-de-este-ano\/#breadcrumb","itemListElement":[{"@type":"ListItem","position":1,"name":"Portada","item":"https:\/\/cvinoticias.com\/v3\/"},{"@type":"ListItem","position":2,"name":"Milei deja sin efecto las contrataciones de empleados p\u00fablicos de este a\u00f1o"}]},{"@type":"WebSite","@id":"https:\/\/cvinoticias.com\/v3\/#website","url":"https:\/\/cvinoticias.com\/v3\/","name":"CVI NOTICIAS","description":"","publisher":{"@id":"https:\/\/cvinoticias.com\/v3\/#organization"},"alternateName":"CVI","potentialAction":[{"@type":"SearchAction","target":{"@type":"EntryPoint","urlTemplate":"https:\/\/cvinoticias.com\/v3\/?s={search_term_string}"},"query-input":{"@type":"PropertyValueSpecification","valueRequired":true,"valueName":"search_term_string"}}],"inLanguage":"es"},{"@type":"Organization","@id":"https:\/\/cvinoticias.com\/v3\/#organization","name":"CVI NOTICIAS","url":"https:\/\/cvinoticias.com\/v3\/","logo":{"@type":"ImageObject","inLanguage":"es","@id":"https:\/\/cvinoticias.com\/v3\/#\/schema\/logo\/image\/","url":"https:\/\/cvinoticias.com\/wp-content\/uploads\/2023\/04\/cropped-cropped-cropped-cropped-cropped-3-1.png","contentUrl":"https:\/\/cvinoticias.com\/wp-content\/uploads\/2023\/04\/cropped-cropped-cropped-cropped-cropped-3-1.png","width":95,"height":122,"caption":"CVI NOTICIAS"},"image":{"@id":"https:\/\/cvinoticias.com\/v3\/#\/schema\/logo\/image\/"},"sameAs":["https:\/\/www.facebook.com\/cvinoticias","https:\/\/www.instagram.com\/cvinoticias\/","https:\/\/www.youtube.com\/@CVINOTICIAS"]},{"@type":"Person","@id":"https:\/\/cvinoticias.com\/v3\/#\/schema\/person\/2db77e3c6bc03c538495d7b2b8be9b66","name":"f1000024","image":{"@type":"ImageObject","inLanguage":"es","@id":"https:\/\/secure.gravatar.com\/avatar\/d4fe7459cfc51ff5129ce1a732bbef5928568b8092d412ef95611616376bbeed?s=96&d=mm&r=g","url":"https:\/\/secure.gravatar.com\/avatar\/d4fe7459cfc51ff5129ce1a732bbef5928568b8092d412ef95611616376bbeed?s=96&d=mm&r=g","contentUrl":"https:\/\/secure.gravatar.com\/avatar\/d4fe7459cfc51ff5129ce1a732bbef5928568b8092d412ef95611616376bbeed?s=96&d=mm&r=g","caption":"f1000024"},"url":"https:\/\/cvinoticias.com\/v3\/author\/f1000024\/"}]}},"_links":{"self":[{"href":"https:\/\/cvinoticias.com\/v3\/wp-json\/wp\/v2\/posts\/31225","targetHints":{"allow":["GET"]}}],"collection":[{"href":"https:\/\/cvinoticias.com\/v3\/wp-json\/wp\/v2\/posts"}],"about":[{"href":"https:\/\/cvinoticias.com\/v3\/wp-json\/wp\/v2\/types\/post"}],"author":[{"embeddable":true,"href":"https:\/\/cvinoticias.com\/v3\/wp-json\/wp\/v2\/users\/2"}],"replies":[{"embeddable":true,"href":"https:\/\/cvinoticias.com\/v3\/wp-json\/wp\/v2\/comments?post=31225"}],"version-history":[{"count":1,"href":"https:\/\/cvinoticias.com\/v3\/wp-json\/wp\/v2\/posts\/31225\/revisions"}],"predecessor-version":[{"id":31227,"href":"https:\/\/cvinoticias.com\/v3\/wp-json\/wp\/v2\/posts\/31225\/revisions\/31227"}],"wp:featuredmedia":[{"embeddable":true,"href":"https:\/\/cvinoticias.com\/v3\/wp-json\/wp\/v2\/media\/31226"}],"wp:attachment":[{"href":"https:\/\/cvinoticias.com\/v3\/wp-json\/wp\/v2\/media?parent=31225"}],"wp:term":[{"taxonomy":"category","embeddable":true,"href":"https:\/\/cvinoticias.com\/v3\/wp-json\/wp\/v2\/categories?post=31225"},{"taxonomy":"post_tag","embeddable":true,"href":"https:\/\/cvinoticias.com\/v3\/wp-json\/wp\/v2\/tags?post=31225"}],"curies":[{"name":"wp","href":"https:\/\/api.w.org\/{rel}","templated":true}]}}