{"id":31211,"date":"2023-12-22T10:05:11","date_gmt":"2023-12-22T13:05:11","guid":{"rendered":"https:\/\/cvinoticias.com\/v3\/?p=31211"},"modified":"2023-12-22T10:05:11","modified_gmt":"2023-12-22T13:05:11","slug":"fallecio-una-mujer-tras-el-incendio-de-su-vivienda-en-el-soberbio","status":"publish","type":"post","link":"https:\/\/cvinoticias.com\/v3\/fallecio-una-mujer-tras-el-incendio-de-su-vivienda-en-el-soberbio\/","title":{"rendered":"Falleci\u00f3 una mujer tras el incendio de su vivienda en El Soberbio"},"content":{"rendered":"\n<p><strong><em>Se trata de Julieta Vargas de 49 a\u00f1os, quien falleci\u00f3 esta madrugada tras quedar atrapada en el incendio de su vivienda ubicada en Picada Belgrano de El Soberbio. Seg\u00fan manifest\u00f3 su concubino, ambos se hallaban pernoctando cuando comenz\u00f3 el incendio y el pudo escapar del inmueble.<\/em><\/strong><\/p>\n\n\n\n<p>El hecho se conoci\u00f3 cerca a las 2 de la madrugada, a ra\u00edz del llamado de emergencia de los vecinos, quienes manifestaron el incendio de un inmueble ubicado en cercan\u00edas a la ruta Provincial Nro. 13 de Picada Belgrano. Por ello, los efectivos r\u00e1pidamente acudieron al lugar y comenzaron a trabajar para extinguir las llamas. Luego, ubicaron entre los escombros a la v\u00edctima.<\/p>\n\n\n\n<p>En el lugar, trabajaron efectivos de la comisar\u00eda jurisdiccional, las divisiones de Polic\u00eda Cient\u00edfica y de Bomberos, quienes realizaron las pericias correspondientes.<\/p>\n","protected":false},"excerpt":{"rendered":"<p>Se trata de Julieta Vargas de 49 a\u00f1os, quien falleci\u00f3 esta madrugada tras quedar atrapada en el incendio de su vivienda ubicada en Picada Belgrano de El Soberbio. Seg\u00fan manifest\u00f3 su concubino, ambos se hallaban pernoctando cuando comenz\u00f3 el incendio y el pudo escapar del inmueble. El hecho se conoci\u00f3 cerca a las 2 de [&hellip;]<\/p>\n","protected":false},"author":2,"featured_media":31212,"comment_status":"open","ping_status":"open","sticky":false,"template":"","format":"standard","meta":{"footnotes":""},"categories":[41],"tags":[],"class_list":["post-31211","post","type-post","status-publish","format-standard","has-post-thumbnail","hentry","category-policiales"],"yoast_head":"<!-- This site is optimized with the Yoast SEO plugin v27.5 - https:\/\/yoast.com\/product\/yoast-seo-wordpress\/ -->\n<title>Falleci\u00f3 una mujer tras el incendio de su vivienda en El Soberbio | CVI NOTICIAS<\/title>\n<meta name=\"robots\" content=\"index, follow, max-snippet:-1, max-image-preview:large, max-video-preview:-1\" \/>\n<link rel=\"canonical\" href=\"https:\/\/cvinoticias.com\/v3\/fallecio-una-mujer-tras-el-incendio-de-su-vivienda-en-el-soberbio\/\" \/>\n<meta property=\"og:locale\" content=\"es_ES\" \/>\n<meta property=\"og:type\" content=\"article\" \/>\n<meta property=\"og:title\" content=\"Falleci\u00f3 una mujer tras el incendio de su vivienda en El Soberbio | CVI NOTICIAS\" \/>\n<meta property=\"og:description\" content=\"Se trata de Julieta Vargas de 49 a\u00f1os, quien falleci\u00f3 esta madrugada tras quedar atrapada en el incendio de su vivienda ubicada en Picada Belgrano de El Soberbio. Seg\u00fan manifest\u00f3 su concubino, ambos se hallaban pernoctando cuando comenz\u00f3 el incendio y el pudo escapar del inmueble. El hecho se conoci\u00f3 cerca a las 2 de [&hellip;]\" \/>\n<meta property=\"og:url\" content=\"https:\/\/cvinoticias.com\/v3\/fallecio-una-mujer-tras-el-incendio-de-su-vivienda-en-el-soberbio\/\" \/>\n<meta property=\"og:site_name\" content=\"CVI NOTICIAS\" \/>\n<meta property=\"article:publisher\" content=\"https:\/\/www.facebook.com\/cvinoticias\" \/>\n<meta property=\"article:published_time\" content=\"2023-12-22T13:05:11+00:00\" \/>\n<meta property=\"og:image\" content=\"https:\/\/cvinoticias.com\/wp-content\/uploads\/2023\/12\/IMG-20231222-WA0133.jpg\" \/>\n\t<meta property=\"og:image:width\" content=\"1280\" \/>\n\t<meta property=\"og:image:height\" content=\"960\" \/>\n\t<meta property=\"og:image:type\" content=\"image\/jpeg\" \/>\n<meta name=\"author\" content=\"f1000024\" \/>\n<meta name=\"twitter:card\" content=\"summary_large_image\" \/>\n<meta name=\"twitter:label1\" content=\"Escrito por\" \/>\n\t<meta name=\"twitter:data1\" content=\"f1000024\" \/>\n\t<meta name=\"twitter:label2\" content=\"Tiempo de lectura\" \/>\n\t<meta name=\"twitter:data2\" content=\"1 minuto\" \/>\n<script type=\"application\/ld+json\" class=\"yoast-schema-graph\">{\"@context\":\"https:\\\/\\\/schema.org\",\"@graph\":[{\"@type\":\"Article\",\"@id\":\"https:\\\/\\\/cvinoticias.com\\\/v3\\\/fallecio-una-mujer-tras-el-incendio-de-su-vivienda-en-el-soberbio\\\/#article\",\"isPartOf\":{\"@id\":\"https:\\\/\\\/cvinoticias.com\\\/v3\\\/fallecio-una-mujer-tras-el-incendio-de-su-vivienda-en-el-soberbio\\\/\"},\"author\":{\"name\":\"f1000024\",\"@id\":\"https:\\\/\\\/cvinoticias.com\\\/v3\\\/#\\\/schema\\\/person\\\/2db77e3c6bc03c538495d7b2b8be9b66\"},\"headline\":\"Falleci\u00f3 una mujer tras el incendio de su vivienda en El Soberbio\",\"datePublished\":\"2023-12-22T13:05:11+00:00\",\"mainEntityOfPage\":{\"@id\":\"https:\\\/\\\/cvinoticias.com\\\/v3\\\/fallecio-una-mujer-tras-el-incendio-de-su-vivienda-en-el-soberbio\\\/\"},\"wordCount\":149,\"commentCount\":0,\"publisher\":{\"@id\":\"https:\\\/\\\/cvinoticias.com\\\/v3\\\/#organization\"},\"image\":{\"@id\":\"https:\\\/\\\/cvinoticias.com\\\/v3\\\/fallecio-una-mujer-tras-el-incendio-de-su-vivienda-en-el-soberbio\\\/#primaryimage\"},\"thumbnailUrl\":\"https:\\\/\\\/cvinoticias.com\\\/wp-content\\\/uploads\\\/2023\\\/12\\\/IMG-20231222-WA0133.jpg\",\"articleSection\":[\"Policiales\"],\"inLanguage\":\"es\",\"potentialAction\":[{\"@type\":\"CommentAction\",\"name\":\"Comment\",\"target\":[\"https:\\\/\\\/cvinoticias.com\\\/v3\\\/fallecio-una-mujer-tras-el-incendio-de-su-vivienda-en-el-soberbio\\\/#respond\"]}]},{\"@type\":\"WebPage\",\"@id\":\"https:\\\/\\\/cvinoticias.com\\\/v3\\\/fallecio-una-mujer-tras-el-incendio-de-su-vivienda-en-el-soberbio\\\/\",\"url\":\"https:\\\/\\\/cvinoticias.com\\\/v3\\\/fallecio-una-mujer-tras-el-incendio-de-su-vivienda-en-el-soberbio\\\/\",\"name\":\"Falleci\u00f3 una mujer tras el incendio de su vivienda en El Soberbio | CVI NOTICIAS\",\"isPartOf\":{\"@id\":\"https:\\\/\\\/cvinoticias.com\\\/v3\\\/#website\"},\"primaryImageOfPage\":{\"@id\":\"https:\\\/\\\/cvinoticias.com\\\/v3\\\/fallecio-una-mujer-tras-el-incendio-de-su-vivienda-en-el-soberbio\\\/#primaryimage\"},\"image\":{\"@id\":\"https:\\\/\\\/cvinoticias.com\\\/v3\\\/fallecio-una-mujer-tras-el-incendio-de-su-vivienda-en-el-soberbio\\\/#primaryimage\"},\"thumbnailUrl\":\"https:\\\/\\\/cvinoticias.com\\\/wp-content\\\/uploads\\\/2023\\\/12\\\/IMG-20231222-WA0133.jpg\",\"datePublished\":\"2023-12-22T13:05:11+00:00\",\"breadcrumb\":{\"@id\":\"https:\\\/\\\/cvinoticias.com\\\/v3\\\/fallecio-una-mujer-tras-el-incendio-de-su-vivienda-en-el-soberbio\\\/#breadcrumb\"},\"inLanguage\":\"es\",\"potentialAction\":[{\"@type\":\"ReadAction\",\"target\":[\"https:\\\/\\\/cvinoticias.com\\\/v3\\\/fallecio-una-mujer-tras-el-incendio-de-su-vivienda-en-el-soberbio\\\/\"]}]},{\"@type\":\"ImageObject\",\"inLanguage\":\"es\",\"@id\":\"https:\\\/\\\/cvinoticias.com\\\/v3\\\/fallecio-una-mujer-tras-el-incendio-de-su-vivienda-en-el-soberbio\\\/#primaryimage\",\"url\":\"https:\\\/\\\/cvinoticias.com\\\/wp-content\\\/uploads\\\/2023\\\/12\\\/IMG-20231222-WA0133.jpg\",\"contentUrl\":\"https:\\\/\\\/cvinoticias.com\\\/wp-content\\\/uploads\\\/2023\\\/12\\\/IMG-20231222-WA0133.jpg\",\"width\":1280,\"height\":960},{\"@type\":\"BreadcrumbList\",\"@id\":\"https:\\\/\\\/cvinoticias.com\\\/v3\\\/fallecio-una-mujer-tras-el-incendio-de-su-vivienda-en-el-soberbio\\\/#breadcrumb\",\"itemListElement\":[{\"@type\":\"ListItem\",\"position\":1,\"name\":\"Portada\",\"item\":\"https:\\\/\\\/cvinoticias.com\\\/v3\\\/\"},{\"@type\":\"ListItem\",\"position\":2,\"name\":\"Falleci\u00f3 una mujer tras el incendio de su vivienda en El Soberbio\"}]},{\"@type\":\"WebSite\",\"@id\":\"https:\\\/\\\/cvinoticias.com\\\/v3\\\/#website\",\"url\":\"https:\\\/\\\/cvinoticias.com\\\/v3\\\/\",\"name\":\"CVI NOTICIAS\",\"description\":\"\",\"publisher\":{\"@id\":\"https:\\\/\\\/cvinoticias.com\\\/v3\\\/#organization\"},\"alternateName\":\"CVI\",\"potentialAction\":[{\"@type\":\"SearchAction\",\"target\":{\"@type\":\"EntryPoint\",\"urlTemplate\":\"https:\\\/\\\/cvinoticias.com\\\/v3\\\/?s={search_term_string}\"},\"query-input\":{\"@type\":\"PropertyValueSpecification\",\"valueRequired\":true,\"valueName\":\"search_term_string\"}}],\"inLanguage\":\"es\"},{\"@type\":\"Organization\",\"@id\":\"https:\\\/\\\/cvinoticias.com\\\/v3\\\/#organization\",\"name\":\"CVI NOTICIAS\",\"url\":\"https:\\\/\\\/cvinoticias.com\\\/v3\\\/\",\"logo\":{\"@type\":\"ImageObject\",\"inLanguage\":\"es\",\"@id\":\"https:\\\/\\\/cvinoticias.com\\\/v3\\\/#\\\/schema\\\/logo\\\/image\\\/\",\"url\":\"https:\\\/\\\/cvinoticias.com\\\/wp-content\\\/uploads\\\/2023\\\/04\\\/cropped-cropped-cropped-cropped-cropped-3-1.png\",\"contentUrl\":\"https:\\\/\\\/cvinoticias.com\\\/wp-content\\\/uploads\\\/2023\\\/04\\\/cropped-cropped-cropped-cropped-cropped-3-1.png\",\"width\":95,\"height\":122,\"caption\":\"CVI NOTICIAS\"},\"image\":{\"@id\":\"https:\\\/\\\/cvinoticias.com\\\/v3\\\/#\\\/schema\\\/logo\\\/image\\\/\"},\"sameAs\":[\"https:\\\/\\\/www.facebook.com\\\/cvinoticias\",\"https:\\\/\\\/www.instagram.com\\\/cvinoticias\\\/\",\"https:\\\/\\\/www.youtube.com\\\/@CVINOTICIAS\"]},{\"@type\":\"Person\",\"@id\":\"https:\\\/\\\/cvinoticias.com\\\/v3\\\/#\\\/schema\\\/person\\\/2db77e3c6bc03c538495d7b2b8be9b66\",\"name\":\"f1000024\",\"image\":{\"@type\":\"ImageObject\",\"inLanguage\":\"es\",\"@id\":\"https:\\\/\\\/secure.gravatar.com\\\/avatar\\\/d4fe7459cfc51ff5129ce1a732bbef5928568b8092d412ef95611616376bbeed?s=96&d=mm&r=g\",\"url\":\"https:\\\/\\\/secure.gravatar.com\\\/avatar\\\/d4fe7459cfc51ff5129ce1a732bbef5928568b8092d412ef95611616376bbeed?s=96&d=mm&r=g\",\"contentUrl\":\"https:\\\/\\\/secure.gravatar.com\\\/avatar\\\/d4fe7459cfc51ff5129ce1a732bbef5928568b8092d412ef95611616376bbeed?s=96&d=mm&r=g\",\"caption\":\"f1000024\"},\"url\":\"https:\\\/\\\/cvinoticias.com\\\/v3\\\/author\\\/f1000024\\\/\"}]}<\/script>\n<!-- \/ Yoast SEO plugin. -->","yoast_head_json":{"title":"Falleci\u00f3 una mujer tras el incendio de su vivienda en El Soberbio | CVI NOTICIAS","robots":{"index":"index","follow":"follow","max-snippet":"max-snippet:-1","max-image-preview":"max-image-preview:large","max-video-preview":"max-video-preview:-1"},"canonical":"https:\/\/cvinoticias.com\/v3\/fallecio-una-mujer-tras-el-incendio-de-su-vivienda-en-el-soberbio\/","og_locale":"es_ES","og_type":"article","og_title":"Falleci\u00f3 una mujer tras el incendio de su vivienda en El Soberbio | CVI NOTICIAS","og_description":"Se trata de Julieta Vargas de 49 a\u00f1os, quien falleci\u00f3 esta madrugada tras quedar atrapada en el incendio de su vivienda ubicada en Picada Belgrano de El Soberbio. Seg\u00fan manifest\u00f3 su concubino, ambos se hallaban pernoctando cuando comenz\u00f3 el incendio y el pudo escapar del inmueble. El hecho se conoci\u00f3 cerca a las 2 de [&hellip;]","og_url":"https:\/\/cvinoticias.com\/v3\/fallecio-una-mujer-tras-el-incendio-de-su-vivienda-en-el-soberbio\/","og_site_name":"CVI NOTICIAS","article_publisher":"https:\/\/www.facebook.com\/cvinoticias","article_published_time":"2023-12-22T13:05:11+00:00","og_image":[{"width":1280,"height":960,"url":"https:\/\/cvinoticias.com\/wp-content\/uploads\/2023\/12\/IMG-20231222-WA0133.jpg","type":"image\/jpeg"}],"author":"f1000024","twitter_card":"summary_large_image","twitter_misc":{"Escrito por":"f1000024","Tiempo de lectura":"1 minuto"},"schema":{"@context":"https:\/\/schema.org","@graph":[{"@type":"Article","@id":"https:\/\/cvinoticias.com\/v3\/fallecio-una-mujer-tras-el-incendio-de-su-vivienda-en-el-soberbio\/#article","isPartOf":{"@id":"https:\/\/cvinoticias.com\/v3\/fallecio-una-mujer-tras-el-incendio-de-su-vivienda-en-el-soberbio\/"},"author":{"name":"f1000024","@id":"https:\/\/cvinoticias.com\/v3\/#\/schema\/person\/2db77e3c6bc03c538495d7b2b8be9b66"},"headline":"Falleci\u00f3 una mujer tras el incendio de su vivienda en El Soberbio","datePublished":"2023-12-22T13:05:11+00:00","mainEntityOfPage":{"@id":"https:\/\/cvinoticias.com\/v3\/fallecio-una-mujer-tras-el-incendio-de-su-vivienda-en-el-soberbio\/"},"wordCount":149,"commentCount":0,"publisher":{"@id":"https:\/\/cvinoticias.com\/v3\/#organization"},"image":{"@id":"https:\/\/cvinoticias.com\/v3\/fallecio-una-mujer-tras-el-incendio-de-su-vivienda-en-el-soberbio\/#primaryimage"},"thumbnailUrl":"https:\/\/cvinoticias.com\/wp-content\/uploads\/2023\/12\/IMG-20231222-WA0133.jpg","articleSection":["Policiales"],"inLanguage":"es","potentialAction":[{"@type":"CommentAction","name":"Comment","target":["https:\/\/cvinoticias.com\/v3\/fallecio-una-mujer-tras-el-incendio-de-su-vivienda-en-el-soberbio\/#respond"]}]},{"@type":"WebPage","@id":"https:\/\/cvinoticias.com\/v3\/fallecio-una-mujer-tras-el-incendio-de-su-vivienda-en-el-soberbio\/","url":"https:\/\/cvinoticias.com\/v3\/fallecio-una-mujer-tras-el-incendio-de-su-vivienda-en-el-soberbio\/","name":"Falleci\u00f3 una mujer tras el incendio de su vivienda en El Soberbio | CVI NOTICIAS","isPartOf":{"@id":"https:\/\/cvinoticias.com\/v3\/#website"},"primaryImageOfPage":{"@id":"https:\/\/cvinoticias.com\/v3\/fallecio-una-mujer-tras-el-incendio-de-su-vivienda-en-el-soberbio\/#primaryimage"},"image":{"@id":"https:\/\/cvinoticias.com\/v3\/fallecio-una-mujer-tras-el-incendio-de-su-vivienda-en-el-soberbio\/#primaryimage"},"thumbnailUrl":"https:\/\/cvinoticias.com\/wp-content\/uploads\/2023\/12\/IMG-20231222-WA0133.jpg","datePublished":"2023-12-22T13:05:11+00:00","breadcrumb":{"@id":"https:\/\/cvinoticias.com\/v3\/fallecio-una-mujer-tras-el-incendio-de-su-vivienda-en-el-soberbio\/#breadcrumb"},"inLanguage":"es","potentialAction":[{"@type":"ReadAction","target":["https:\/\/cvinoticias.com\/v3\/fallecio-una-mujer-tras-el-incendio-de-su-vivienda-en-el-soberbio\/"]}]},{"@type":"ImageObject","inLanguage":"es","@id":"https:\/\/cvinoticias.com\/v3\/fallecio-una-mujer-tras-el-incendio-de-su-vivienda-en-el-soberbio\/#primaryimage","url":"https:\/\/cvinoticias.com\/wp-content\/uploads\/2023\/12\/IMG-20231222-WA0133.jpg","contentUrl":"https:\/\/cvinoticias.com\/wp-content\/uploads\/2023\/12\/IMG-20231222-WA0133.jpg","width":1280,"height":960},{"@type":"BreadcrumbList","@id":"https:\/\/cvinoticias.com\/v3\/fallecio-una-mujer-tras-el-incendio-de-su-vivienda-en-el-soberbio\/#breadcrumb","itemListElement":[{"@type":"ListItem","position":1,"name":"Portada","item":"https:\/\/cvinoticias.com\/v3\/"},{"@type":"ListItem","position":2,"name":"Falleci\u00f3 una mujer tras el incendio de su vivienda en El Soberbio"}]},{"@type":"WebSite","@id":"https:\/\/cvinoticias.com\/v3\/#website","url":"https:\/\/cvinoticias.com\/v3\/","name":"CVI NOTICIAS","description":"","publisher":{"@id":"https:\/\/cvinoticias.com\/v3\/#organization"},"alternateName":"CVI","potentialAction":[{"@type":"SearchAction","target":{"@type":"EntryPoint","urlTemplate":"https:\/\/cvinoticias.com\/v3\/?s={search_term_string}"},"query-input":{"@type":"PropertyValueSpecification","valueRequired":true,"valueName":"search_term_string"}}],"inLanguage":"es"},{"@type":"Organization","@id":"https:\/\/cvinoticias.com\/v3\/#organization","name":"CVI NOTICIAS","url":"https:\/\/cvinoticias.com\/v3\/","logo":{"@type":"ImageObject","inLanguage":"es","@id":"https:\/\/cvinoticias.com\/v3\/#\/schema\/logo\/image\/","url":"https:\/\/cvinoticias.com\/wp-content\/uploads\/2023\/04\/cropped-cropped-cropped-cropped-cropped-3-1.png","contentUrl":"https:\/\/cvinoticias.com\/wp-content\/uploads\/2023\/04\/cropped-cropped-cropped-cropped-cropped-3-1.png","width":95,"height":122,"caption":"CVI NOTICIAS"},"image":{"@id":"https:\/\/cvinoticias.com\/v3\/#\/schema\/logo\/image\/"},"sameAs":["https:\/\/www.facebook.com\/cvinoticias","https:\/\/www.instagram.com\/cvinoticias\/","https:\/\/www.youtube.com\/@CVINOTICIAS"]},{"@type":"Person","@id":"https:\/\/cvinoticias.com\/v3\/#\/schema\/person\/2db77e3c6bc03c538495d7b2b8be9b66","name":"f1000024","image":{"@type":"ImageObject","inLanguage":"es","@id":"https:\/\/secure.gravatar.com\/avatar\/d4fe7459cfc51ff5129ce1a732bbef5928568b8092d412ef95611616376bbeed?s=96&d=mm&r=g","url":"https:\/\/secure.gravatar.com\/avatar\/d4fe7459cfc51ff5129ce1a732bbef5928568b8092d412ef95611616376bbeed?s=96&d=mm&r=g","contentUrl":"https:\/\/secure.gravatar.com\/avatar\/d4fe7459cfc51ff5129ce1a732bbef5928568b8092d412ef95611616376bbeed?s=96&d=mm&r=g","caption":"f1000024"},"url":"https:\/\/cvinoticias.com\/v3\/author\/f1000024\/"}]}},"_links":{"self":[{"href":"https:\/\/cvinoticias.com\/v3\/wp-json\/wp\/v2\/posts\/31211","targetHints":{"allow":["GET"]}}],"collection":[{"href":"https:\/\/cvinoticias.com\/v3\/wp-json\/wp\/v2\/posts"}],"about":[{"href":"https:\/\/cvinoticias.com\/v3\/wp-json\/wp\/v2\/types\/post"}],"author":[{"embeddable":true,"href":"https:\/\/cvinoticias.com\/v3\/wp-json\/wp\/v2\/users\/2"}],"replies":[{"embeddable":true,"href":"https:\/\/cvinoticias.com\/v3\/wp-json\/wp\/v2\/comments?post=31211"}],"version-history":[{"count":1,"href":"https:\/\/cvinoticias.com\/v3\/wp-json\/wp\/v2\/posts\/31211\/revisions"}],"predecessor-version":[{"id":31213,"href":"https:\/\/cvinoticias.com\/v3\/wp-json\/wp\/v2\/posts\/31211\/revisions\/31213"}],"wp:featuredmedia":[{"embeddable":true,"href":"https:\/\/cvinoticias.com\/v3\/wp-json\/wp\/v2\/media\/31212"}],"wp:attachment":[{"href":"https:\/\/cvinoticias.com\/v3\/wp-json\/wp\/v2\/media?parent=31211"}],"wp:term":[{"taxonomy":"category","embeddable":true,"href":"https:\/\/cvinoticias.com\/v3\/wp-json\/wp\/v2\/categories?post=31211"},{"taxonomy":"post_tag","embeddable":true,"href":"https:\/\/cvinoticias.com\/v3\/wp-json\/wp\/v2\/tags?post=31211"}],"curies":[{"name":"wp","href":"https:\/\/api.w.org\/{rel}","templated":true}]}}