{"id":31197,"date":"2023-12-22T08:49:05","date_gmt":"2023-12-22T11:49:05","guid":{"rendered":"https:\/\/cvinoticias.com\/v3\/?p=31197"},"modified":"2023-12-22T08:49:05","modified_gmt":"2023-12-22T11:49:05","slug":"la-cgt-marchara-a-tribunales-para-presentar-impugnacion-del-dnu-y-analizaran-plan-de-lucha","status":"publish","type":"post","link":"https:\/\/cvinoticias.com\/v3\/la-cgt-marchara-a-tribunales-para-presentar-impugnacion-del-dnu-y-analizaran-plan-de-lucha\/","title":{"rendered":"La CGT marchar\u00e1 a Tribunales para presentar impugnaci\u00f3n del DNU y analizar\u00e1n plan de lucha"},"content":{"rendered":"\n<p><strong><em>Los dirigentes de la central obrera se reunieron por la ma\u00f1ana con legisladores de Uni\u00f3n por la Patria para consensuar el rechazo del bloque al DNU.<\/em><\/strong><\/p>\n\n\n\n<p>La CGT defini\u00f3 realizar una marcha el pr\u00f3ximo mi\u00e9rcoles a Tribunales para exigir a la Justicia que frene el DNU del Presidente Javier Milei y el jueves volver\u00e1 a reunirse en un Confederal para acordar los alcances del plan de lucha que pondr\u00e1n en marcha.<\/p>\n\n\n\n<p>En medio de un fuerte malestar en el sindicalismo tras conocer el contenido de reformas laborales del mega decreto que firm\u00f3 el mandatario, los dirigentes de la central obrera se reunieron por la ma\u00f1ana con legisladores de Uni\u00f3n por la Patria para consensuar el rechazo del bloque al DNU, luego cancelaron un encuentro con el ministro del Interior, Guillermo Francos, y por \u00faltimo hicieron una reuni\u00f3n de mesa chica ampliada en la UOCRA, con 51 gremios, que se extendi\u00f3 hasta la noche y en la cual definieron los pasos a seguir.<\/p>\n\n\n\n<p>\u00abEl mi\u00e9rcoles a las 12 habr\u00e1 movilizaci\u00f3n a Tribunales de la calle Lavalle en simult\u00e1neo con las presentaciones judiciales y amparos. El jueves, Confederal de CGT en Azopardo para analizar el inicio de un plan de lucha. No est\u00e1 previsto paro por ahora\u00bb, dijo una fuente gremial que asisti\u00f3 al encuentro en la UOCRA.<\/p>\n\n\n\n<p>\u00abTenemos que exigir que se retrotraiga el decreto\u00bb, preciso uno de los secretarios generales de la central, H\u00e9ctor Daer, antes del encuentro con legisladores, al tiempo que anticip\u00f3 que acudir\u00e1n a la Justicia para frenar el DNU.<\/p>\n\n\n\n<p>En la misma l\u00ednea, afirm\u00f3: \u201cUno nunca imagina es que se pueda trasgredir tan f\u00e1cilmente valores innatos a nuestra historia. Que se largue un decreto derogando una cantidad de leyes sin necesidad ni urgencia\u201d.<\/p>\n\n\n\n<p>\u201cEl escenario antirrepublicano, no respeta la libertad de poder. Tambi\u00e9n ataca cuestiones que tienen que ver con el patrimonio de los argentinos, derechos laborales, sociales y artilugios que general limbos legales que terminan siendo la desprotecci\u00f3n\u201d, complet\u00f3 el referente de Sanidad.<\/p>\n\n\n\n<p>Entre los puntos salientes de las modificaciones a las normativas vigentes del DNU, resaltan los cambios en la forma de calcular las indemnizaci\u00f3n por despidos, los per\u00edodos de prueba, las \u00abinjurias laborales\u00bb, el teletrabajo y las acciones sindicales.<\/p>\n\n\n\n<p>Tambi\u00e9n el decreto establece que cada afiliado de obra social podr\u00e1 decidir a que empresa van la totalidad de sus aportes, sin pasar por una obra social. Hasta el momento, los usuarios de las prepagas derivaban sus aportes a una obra social sindical, que se quedaba con un porcentaje antes de girar los fondos a la prepaga.<\/p>\n\n\n\n<p>M\u00e1s temprano, en declaraciones, Daer dijo que el DNU \u00abpretende derogar leyes sin necesidad y sin la urgencia\u00bb y consider\u00f3 que la norma es \u00abilegal, anticonstitucional, autoritaria, antirrepublicana y antidemocr\u00e1tica\u00bb y advirti\u00f3 que implica \u00abel ajuste m\u00e1s feroz de la historia argentina\u00bb.<\/p>\n\n\n\n<p>A las 15 se esperaba que una delegaci\u00f3n cegestista concurriera a la Casa Rosada para intentar una negociaci\u00f3n con Francos pero al final la reuni\u00f3n se cancel\u00f3.<\/p>\n\n\n\n<p>Por \u00faltimo a las 18 se hizo la reuni\u00f3n que hab\u00edan convocado de urgencia en la UOCRA para definir los paso a seguir, con la presencia los tres titulares, Daer, Pablo Moyano y Carlos Acu\u00f1a, adem\u00e1s de referentes de la conducci\u00f3n como el anfitri\u00f3n Gerardo Martinez, Andr\u00e9s Rodr\u00edguez, Julio Piumato, Armando Cavalieri y Sergio Sasia.<\/p>\n\n\n\n<p>Estuvieron tambi\u00e9n Guillermo Moser, Sergio Palazzo, Jorge Sola, Alejandro Amor, Amadeo Genta, Hugo Ben\u00edtez, Luis Leibowikz, Cristian Jer\u00f3nimo, Mario Calegari, Omar Maturano, Juan Carlos Schmid, Oscar Rojas, Ricardo Mangone, Juan Pablo Brey, Mario Manrique, Noe Ruiz, Omar Plaini, Abel Furl\u00e1n, Domingo Moreira y Carlos Frigerio.<\/p>\n","protected":false},"excerpt":{"rendered":"<p>Los dirigentes de la central obrera se reunieron por la ma\u00f1ana con legisladores de Uni\u00f3n por la Patria para consensuar el rechazo del bloque al DNU. La CGT defini\u00f3 realizar una marcha el pr\u00f3ximo mi\u00e9rcoles a Tribunales para exigir a la Justicia que frene el DNU del Presidente Javier Milei y el jueves volver\u00e1 a [&hellip;]<\/p>\n","protected":false},"author":2,"featured_media":31198,"comment_status":"open","ping_status":"open","sticky":false,"template":"","format":"standard","meta":{"footnotes":""},"categories":[39],"tags":[],"class_list":["post-31197","post","type-post","status-publish","format-standard","has-post-thumbnail","hentry","category-nacionales"],"yoast_head":"<!-- This site is optimized with the Yoast SEO plugin v27.5 - https:\/\/yoast.com\/product\/yoast-seo-wordpress\/ -->\n<title>La CGT marchar\u00e1 a Tribunales para presentar impugnaci\u00f3n del DNU y analizar\u00e1n plan de lucha | CVI NOTICIAS<\/title>\n<meta name=\"robots\" content=\"index, follow, max-snippet:-1, max-image-preview:large, max-video-preview:-1\" \/>\n<link rel=\"canonical\" href=\"https:\/\/cvinoticias.com\/v3\/la-cgt-marchara-a-tribunales-para-presentar-impugnacion-del-dnu-y-analizaran-plan-de-lucha\/\" \/>\n<meta property=\"og:locale\" content=\"es_ES\" \/>\n<meta property=\"og:type\" content=\"article\" \/>\n<meta property=\"og:title\" content=\"La CGT marchar\u00e1 a Tribunales para presentar impugnaci\u00f3n del DNU y analizar\u00e1n plan de lucha | CVI NOTICIAS\" \/>\n<meta property=\"og:description\" content=\"Los dirigentes de la central obrera se reunieron por la ma\u00f1ana con legisladores de Uni\u00f3n por la Patria para consensuar el rechazo del bloque al DNU. La CGT defini\u00f3 realizar una marcha el pr\u00f3ximo mi\u00e9rcoles a Tribunales para exigir a la Justicia que frene el DNU del Presidente Javier Milei y el jueves volver\u00e1 a [&hellip;]\" \/>\n<meta property=\"og:url\" content=\"https:\/\/cvinoticias.com\/v3\/la-cgt-marchara-a-tribunales-para-presentar-impugnacion-del-dnu-y-analizaran-plan-de-lucha\/\" \/>\n<meta property=\"og:site_name\" content=\"CVI NOTICIAS\" \/>\n<meta property=\"article:publisher\" content=\"https:\/\/www.facebook.com\/cvinoticias\" \/>\n<meta property=\"article:published_time\" content=\"2023-12-22T11:49:05+00:00\" \/>\n<meta property=\"og:image\" content=\"https:\/\/cvinoticias.com\/wp-content\/uploads\/2023\/12\/image.jpg\" \/>\n\t<meta property=\"og:image:width\" content=\"1024\" \/>\n\t<meta property=\"og:image:height\" content=\"576\" \/>\n\t<meta property=\"og:image:type\" content=\"image\/jpeg\" \/>\n<meta name=\"author\" content=\"f1000024\" \/>\n<meta name=\"twitter:card\" content=\"summary_large_image\" \/>\n<meta name=\"twitter:label1\" content=\"Escrito por\" \/>\n\t<meta name=\"twitter:data1\" content=\"f1000024\" \/>\n\t<meta name=\"twitter:label2\" content=\"Tiempo de lectura\" \/>\n\t<meta name=\"twitter:data2\" content=\"3 minutos\" \/>\n<script type=\"application\/ld+json\" class=\"yoast-schema-graph\">{\"@context\":\"https:\\\/\\\/schema.org\",\"@graph\":[{\"@type\":\"Article\",\"@id\":\"https:\\\/\\\/cvinoticias.com\\\/v3\\\/la-cgt-marchara-a-tribunales-para-presentar-impugnacion-del-dnu-y-analizaran-plan-de-lucha\\\/#article\",\"isPartOf\":{\"@id\":\"https:\\\/\\\/cvinoticias.com\\\/v3\\\/la-cgt-marchara-a-tribunales-para-presentar-impugnacion-del-dnu-y-analizaran-plan-de-lucha\\\/\"},\"author\":{\"name\":\"f1000024\",\"@id\":\"https:\\\/\\\/cvinoticias.com\\\/v3\\\/#\\\/schema\\\/person\\\/2db77e3c6bc03c538495d7b2b8be9b66\"},\"headline\":\"La CGT marchar\u00e1 a Tribunales para presentar impugnaci\u00f3n del DNU y analizar\u00e1n plan de lucha\",\"datePublished\":\"2023-12-22T11:49:05+00:00\",\"mainEntityOfPage\":{\"@id\":\"https:\\\/\\\/cvinoticias.com\\\/v3\\\/la-cgt-marchara-a-tribunales-para-presentar-impugnacion-del-dnu-y-analizaran-plan-de-lucha\\\/\"},\"wordCount\":643,\"commentCount\":0,\"publisher\":{\"@id\":\"https:\\\/\\\/cvinoticias.com\\\/v3\\\/#organization\"},\"image\":{\"@id\":\"https:\\\/\\\/cvinoticias.com\\\/v3\\\/la-cgt-marchara-a-tribunales-para-presentar-impugnacion-del-dnu-y-analizaran-plan-de-lucha\\\/#primaryimage\"},\"thumbnailUrl\":\"https:\\\/\\\/cvinoticias.com\\\/wp-content\\\/uploads\\\/2023\\\/12\\\/image.jpg\",\"articleSection\":[\"Nacionales\"],\"inLanguage\":\"es\",\"potentialAction\":[{\"@type\":\"CommentAction\",\"name\":\"Comment\",\"target\":[\"https:\\\/\\\/cvinoticias.com\\\/v3\\\/la-cgt-marchara-a-tribunales-para-presentar-impugnacion-del-dnu-y-analizaran-plan-de-lucha\\\/#respond\"]}]},{\"@type\":\"WebPage\",\"@id\":\"https:\\\/\\\/cvinoticias.com\\\/v3\\\/la-cgt-marchara-a-tribunales-para-presentar-impugnacion-del-dnu-y-analizaran-plan-de-lucha\\\/\",\"url\":\"https:\\\/\\\/cvinoticias.com\\\/v3\\\/la-cgt-marchara-a-tribunales-para-presentar-impugnacion-del-dnu-y-analizaran-plan-de-lucha\\\/\",\"name\":\"La CGT marchar\u00e1 a Tribunales para presentar impugnaci\u00f3n del DNU y analizar\u00e1n plan de lucha | CVI NOTICIAS\",\"isPartOf\":{\"@id\":\"https:\\\/\\\/cvinoticias.com\\\/v3\\\/#website\"},\"primaryImageOfPage\":{\"@id\":\"https:\\\/\\\/cvinoticias.com\\\/v3\\\/la-cgt-marchara-a-tribunales-para-presentar-impugnacion-del-dnu-y-analizaran-plan-de-lucha\\\/#primaryimage\"},\"image\":{\"@id\":\"https:\\\/\\\/cvinoticias.com\\\/v3\\\/la-cgt-marchara-a-tribunales-para-presentar-impugnacion-del-dnu-y-analizaran-plan-de-lucha\\\/#primaryimage\"},\"thumbnailUrl\":\"https:\\\/\\\/cvinoticias.com\\\/wp-content\\\/uploads\\\/2023\\\/12\\\/image.jpg\",\"datePublished\":\"2023-12-22T11:49:05+00:00\",\"breadcrumb\":{\"@id\":\"https:\\\/\\\/cvinoticias.com\\\/v3\\\/la-cgt-marchara-a-tribunales-para-presentar-impugnacion-del-dnu-y-analizaran-plan-de-lucha\\\/#breadcrumb\"},\"inLanguage\":\"es\",\"potentialAction\":[{\"@type\":\"ReadAction\",\"target\":[\"https:\\\/\\\/cvinoticias.com\\\/v3\\\/la-cgt-marchara-a-tribunales-para-presentar-impugnacion-del-dnu-y-analizaran-plan-de-lucha\\\/\"]}]},{\"@type\":\"ImageObject\",\"inLanguage\":\"es\",\"@id\":\"https:\\\/\\\/cvinoticias.com\\\/v3\\\/la-cgt-marchara-a-tribunales-para-presentar-impugnacion-del-dnu-y-analizaran-plan-de-lucha\\\/#primaryimage\",\"url\":\"https:\\\/\\\/cvinoticias.com\\\/wp-content\\\/uploads\\\/2023\\\/12\\\/image.jpg\",\"contentUrl\":\"https:\\\/\\\/cvinoticias.com\\\/wp-content\\\/uploads\\\/2023\\\/12\\\/image.jpg\",\"width\":1024,\"height\":576},{\"@type\":\"BreadcrumbList\",\"@id\":\"https:\\\/\\\/cvinoticias.com\\\/v3\\\/la-cgt-marchara-a-tribunales-para-presentar-impugnacion-del-dnu-y-analizaran-plan-de-lucha\\\/#breadcrumb\",\"itemListElement\":[{\"@type\":\"ListItem\",\"position\":1,\"name\":\"Portada\",\"item\":\"https:\\\/\\\/cvinoticias.com\\\/v3\\\/\"},{\"@type\":\"ListItem\",\"position\":2,\"name\":\"La CGT marchar\u00e1 a Tribunales para presentar impugnaci\u00f3n del DNU y analizar\u00e1n plan de lucha\"}]},{\"@type\":\"WebSite\",\"@id\":\"https:\\\/\\\/cvinoticias.com\\\/v3\\\/#website\",\"url\":\"https:\\\/\\\/cvinoticias.com\\\/v3\\\/\",\"name\":\"CVI NOTICIAS\",\"description\":\"\",\"publisher\":{\"@id\":\"https:\\\/\\\/cvinoticias.com\\\/v3\\\/#organization\"},\"alternateName\":\"CVI\",\"potentialAction\":[{\"@type\":\"SearchAction\",\"target\":{\"@type\":\"EntryPoint\",\"urlTemplate\":\"https:\\\/\\\/cvinoticias.com\\\/v3\\\/?s={search_term_string}\"},\"query-input\":{\"@type\":\"PropertyValueSpecification\",\"valueRequired\":true,\"valueName\":\"search_term_string\"}}],\"inLanguage\":\"es\"},{\"@type\":\"Organization\",\"@id\":\"https:\\\/\\\/cvinoticias.com\\\/v3\\\/#organization\",\"name\":\"CVI NOTICIAS\",\"url\":\"https:\\\/\\\/cvinoticias.com\\\/v3\\\/\",\"logo\":{\"@type\":\"ImageObject\",\"inLanguage\":\"es\",\"@id\":\"https:\\\/\\\/cvinoticias.com\\\/v3\\\/#\\\/schema\\\/logo\\\/image\\\/\",\"url\":\"https:\\\/\\\/cvinoticias.com\\\/wp-content\\\/uploads\\\/2023\\\/04\\\/cropped-cropped-cropped-cropped-cropped-3-1.png\",\"contentUrl\":\"https:\\\/\\\/cvinoticias.com\\\/wp-content\\\/uploads\\\/2023\\\/04\\\/cropped-cropped-cropped-cropped-cropped-3-1.png\",\"width\":95,\"height\":122,\"caption\":\"CVI NOTICIAS\"},\"image\":{\"@id\":\"https:\\\/\\\/cvinoticias.com\\\/v3\\\/#\\\/schema\\\/logo\\\/image\\\/\"},\"sameAs\":[\"https:\\\/\\\/www.facebook.com\\\/cvinoticias\",\"https:\\\/\\\/www.instagram.com\\\/cvinoticias\\\/\",\"https:\\\/\\\/www.youtube.com\\\/@CVINOTICIAS\"]},{\"@type\":\"Person\",\"@id\":\"https:\\\/\\\/cvinoticias.com\\\/v3\\\/#\\\/schema\\\/person\\\/2db77e3c6bc03c538495d7b2b8be9b66\",\"name\":\"f1000024\",\"image\":{\"@type\":\"ImageObject\",\"inLanguage\":\"es\",\"@id\":\"https:\\\/\\\/secure.gravatar.com\\\/avatar\\\/d4fe7459cfc51ff5129ce1a732bbef5928568b8092d412ef95611616376bbeed?s=96&d=mm&r=g\",\"url\":\"https:\\\/\\\/secure.gravatar.com\\\/avatar\\\/d4fe7459cfc51ff5129ce1a732bbef5928568b8092d412ef95611616376bbeed?s=96&d=mm&r=g\",\"contentUrl\":\"https:\\\/\\\/secure.gravatar.com\\\/avatar\\\/d4fe7459cfc51ff5129ce1a732bbef5928568b8092d412ef95611616376bbeed?s=96&d=mm&r=g\",\"caption\":\"f1000024\"},\"url\":\"https:\\\/\\\/cvinoticias.com\\\/v3\\\/author\\\/f1000024\\\/\"}]}<\/script>\n<!-- \/ Yoast SEO plugin. -->","yoast_head_json":{"title":"La CGT marchar\u00e1 a Tribunales para presentar impugnaci\u00f3n del DNU y analizar\u00e1n plan de lucha | CVI NOTICIAS","robots":{"index":"index","follow":"follow","max-snippet":"max-snippet:-1","max-image-preview":"max-image-preview:large","max-video-preview":"max-video-preview:-1"},"canonical":"https:\/\/cvinoticias.com\/v3\/la-cgt-marchara-a-tribunales-para-presentar-impugnacion-del-dnu-y-analizaran-plan-de-lucha\/","og_locale":"es_ES","og_type":"article","og_title":"La CGT marchar\u00e1 a Tribunales para presentar impugnaci\u00f3n del DNU y analizar\u00e1n plan de lucha | CVI NOTICIAS","og_description":"Los dirigentes de la central obrera se reunieron por la ma\u00f1ana con legisladores de Uni\u00f3n por la Patria para consensuar el rechazo del bloque al DNU. La CGT defini\u00f3 realizar una marcha el pr\u00f3ximo mi\u00e9rcoles a Tribunales para exigir a la Justicia que frene el DNU del Presidente Javier Milei y el jueves volver\u00e1 a [&hellip;]","og_url":"https:\/\/cvinoticias.com\/v3\/la-cgt-marchara-a-tribunales-para-presentar-impugnacion-del-dnu-y-analizaran-plan-de-lucha\/","og_site_name":"CVI NOTICIAS","article_publisher":"https:\/\/www.facebook.com\/cvinoticias","article_published_time":"2023-12-22T11:49:05+00:00","og_image":[{"width":1024,"height":576,"url":"https:\/\/cvinoticias.com\/wp-content\/uploads\/2023\/12\/image.jpg","type":"image\/jpeg"}],"author":"f1000024","twitter_card":"summary_large_image","twitter_misc":{"Escrito por":"f1000024","Tiempo de lectura":"3 minutos"},"schema":{"@context":"https:\/\/schema.org","@graph":[{"@type":"Article","@id":"https:\/\/cvinoticias.com\/v3\/la-cgt-marchara-a-tribunales-para-presentar-impugnacion-del-dnu-y-analizaran-plan-de-lucha\/#article","isPartOf":{"@id":"https:\/\/cvinoticias.com\/v3\/la-cgt-marchara-a-tribunales-para-presentar-impugnacion-del-dnu-y-analizaran-plan-de-lucha\/"},"author":{"name":"f1000024","@id":"https:\/\/cvinoticias.com\/v3\/#\/schema\/person\/2db77e3c6bc03c538495d7b2b8be9b66"},"headline":"La CGT marchar\u00e1 a Tribunales para presentar impugnaci\u00f3n del DNU y analizar\u00e1n plan de lucha","datePublished":"2023-12-22T11:49:05+00:00","mainEntityOfPage":{"@id":"https:\/\/cvinoticias.com\/v3\/la-cgt-marchara-a-tribunales-para-presentar-impugnacion-del-dnu-y-analizaran-plan-de-lucha\/"},"wordCount":643,"commentCount":0,"publisher":{"@id":"https:\/\/cvinoticias.com\/v3\/#organization"},"image":{"@id":"https:\/\/cvinoticias.com\/v3\/la-cgt-marchara-a-tribunales-para-presentar-impugnacion-del-dnu-y-analizaran-plan-de-lucha\/#primaryimage"},"thumbnailUrl":"https:\/\/cvinoticias.com\/wp-content\/uploads\/2023\/12\/image.jpg","articleSection":["Nacionales"],"inLanguage":"es","potentialAction":[{"@type":"CommentAction","name":"Comment","target":["https:\/\/cvinoticias.com\/v3\/la-cgt-marchara-a-tribunales-para-presentar-impugnacion-del-dnu-y-analizaran-plan-de-lucha\/#respond"]}]},{"@type":"WebPage","@id":"https:\/\/cvinoticias.com\/v3\/la-cgt-marchara-a-tribunales-para-presentar-impugnacion-del-dnu-y-analizaran-plan-de-lucha\/","url":"https:\/\/cvinoticias.com\/v3\/la-cgt-marchara-a-tribunales-para-presentar-impugnacion-del-dnu-y-analizaran-plan-de-lucha\/","name":"La CGT marchar\u00e1 a Tribunales para presentar impugnaci\u00f3n del DNU y analizar\u00e1n plan de lucha | CVI NOTICIAS","isPartOf":{"@id":"https:\/\/cvinoticias.com\/v3\/#website"},"primaryImageOfPage":{"@id":"https:\/\/cvinoticias.com\/v3\/la-cgt-marchara-a-tribunales-para-presentar-impugnacion-del-dnu-y-analizaran-plan-de-lucha\/#primaryimage"},"image":{"@id":"https:\/\/cvinoticias.com\/v3\/la-cgt-marchara-a-tribunales-para-presentar-impugnacion-del-dnu-y-analizaran-plan-de-lucha\/#primaryimage"},"thumbnailUrl":"https:\/\/cvinoticias.com\/wp-content\/uploads\/2023\/12\/image.jpg","datePublished":"2023-12-22T11:49:05+00:00","breadcrumb":{"@id":"https:\/\/cvinoticias.com\/v3\/la-cgt-marchara-a-tribunales-para-presentar-impugnacion-del-dnu-y-analizaran-plan-de-lucha\/#breadcrumb"},"inLanguage":"es","potentialAction":[{"@type":"ReadAction","target":["https:\/\/cvinoticias.com\/v3\/la-cgt-marchara-a-tribunales-para-presentar-impugnacion-del-dnu-y-analizaran-plan-de-lucha\/"]}]},{"@type":"ImageObject","inLanguage":"es","@id":"https:\/\/cvinoticias.com\/v3\/la-cgt-marchara-a-tribunales-para-presentar-impugnacion-del-dnu-y-analizaran-plan-de-lucha\/#primaryimage","url":"https:\/\/cvinoticias.com\/wp-content\/uploads\/2023\/12\/image.jpg","contentUrl":"https:\/\/cvinoticias.com\/wp-content\/uploads\/2023\/12\/image.jpg","width":1024,"height":576},{"@type":"BreadcrumbList","@id":"https:\/\/cvinoticias.com\/v3\/la-cgt-marchara-a-tribunales-para-presentar-impugnacion-del-dnu-y-analizaran-plan-de-lucha\/#breadcrumb","itemListElement":[{"@type":"ListItem","position":1,"name":"Portada","item":"https:\/\/cvinoticias.com\/v3\/"},{"@type":"ListItem","position":2,"name":"La CGT marchar\u00e1 a Tribunales para presentar impugnaci\u00f3n del DNU y analizar\u00e1n plan de lucha"}]},{"@type":"WebSite","@id":"https:\/\/cvinoticias.com\/v3\/#website","url":"https:\/\/cvinoticias.com\/v3\/","name":"CVI NOTICIAS","description":"","publisher":{"@id":"https:\/\/cvinoticias.com\/v3\/#organization"},"alternateName":"CVI","potentialAction":[{"@type":"SearchAction","target":{"@type":"EntryPoint","urlTemplate":"https:\/\/cvinoticias.com\/v3\/?s={search_term_string}"},"query-input":{"@type":"PropertyValueSpecification","valueRequired":true,"valueName":"search_term_string"}}],"inLanguage":"es"},{"@type":"Organization","@id":"https:\/\/cvinoticias.com\/v3\/#organization","name":"CVI NOTICIAS","url":"https:\/\/cvinoticias.com\/v3\/","logo":{"@type":"ImageObject","inLanguage":"es","@id":"https:\/\/cvinoticias.com\/v3\/#\/schema\/logo\/image\/","url":"https:\/\/cvinoticias.com\/wp-content\/uploads\/2023\/04\/cropped-cropped-cropped-cropped-cropped-3-1.png","contentUrl":"https:\/\/cvinoticias.com\/wp-content\/uploads\/2023\/04\/cropped-cropped-cropped-cropped-cropped-3-1.png","width":95,"height":122,"caption":"CVI NOTICIAS"},"image":{"@id":"https:\/\/cvinoticias.com\/v3\/#\/schema\/logo\/image\/"},"sameAs":["https:\/\/www.facebook.com\/cvinoticias","https:\/\/www.instagram.com\/cvinoticias\/","https:\/\/www.youtube.com\/@CVINOTICIAS"]},{"@type":"Person","@id":"https:\/\/cvinoticias.com\/v3\/#\/schema\/person\/2db77e3c6bc03c538495d7b2b8be9b66","name":"f1000024","image":{"@type":"ImageObject","inLanguage":"es","@id":"https:\/\/secure.gravatar.com\/avatar\/d4fe7459cfc51ff5129ce1a732bbef5928568b8092d412ef95611616376bbeed?s=96&d=mm&r=g","url":"https:\/\/secure.gravatar.com\/avatar\/d4fe7459cfc51ff5129ce1a732bbef5928568b8092d412ef95611616376bbeed?s=96&d=mm&r=g","contentUrl":"https:\/\/secure.gravatar.com\/avatar\/d4fe7459cfc51ff5129ce1a732bbef5928568b8092d412ef95611616376bbeed?s=96&d=mm&r=g","caption":"f1000024"},"url":"https:\/\/cvinoticias.com\/v3\/author\/f1000024\/"}]}},"_links":{"self":[{"href":"https:\/\/cvinoticias.com\/v3\/wp-json\/wp\/v2\/posts\/31197","targetHints":{"allow":["GET"]}}],"collection":[{"href":"https:\/\/cvinoticias.com\/v3\/wp-json\/wp\/v2\/posts"}],"about":[{"href":"https:\/\/cvinoticias.com\/v3\/wp-json\/wp\/v2\/types\/post"}],"author":[{"embeddable":true,"href":"https:\/\/cvinoticias.com\/v3\/wp-json\/wp\/v2\/users\/2"}],"replies":[{"embeddable":true,"href":"https:\/\/cvinoticias.com\/v3\/wp-json\/wp\/v2\/comments?post=31197"}],"version-history":[{"count":1,"href":"https:\/\/cvinoticias.com\/v3\/wp-json\/wp\/v2\/posts\/31197\/revisions"}],"predecessor-version":[{"id":31199,"href":"https:\/\/cvinoticias.com\/v3\/wp-json\/wp\/v2\/posts\/31197\/revisions\/31199"}],"wp:featuredmedia":[{"embeddable":true,"href":"https:\/\/cvinoticias.com\/v3\/wp-json\/wp\/v2\/media\/31198"}],"wp:attachment":[{"href":"https:\/\/cvinoticias.com\/v3\/wp-json\/wp\/v2\/media?parent=31197"}],"wp:term":[{"taxonomy":"category","embeddable":true,"href":"https:\/\/cvinoticias.com\/v3\/wp-json\/wp\/v2\/categories?post=31197"},{"taxonomy":"post_tag","embeddable":true,"href":"https:\/\/cvinoticias.com\/v3\/wp-json\/wp\/v2\/tags?post=31197"}],"curies":[{"name":"wp","href":"https:\/\/api.w.org\/{rel}","templated":true}]}}