{"id":31194,"date":"2023-12-22T08:37:40","date_gmt":"2023-12-22T11:37:40","guid":{"rendered":"https:\/\/cvinoticias.com\/v3\/?p=31194"},"modified":"2023-12-22T08:37:40","modified_gmt":"2023-12-22T11:37:40","slug":"le-cobraran-el-costo-del-operativo-de-seguridad-a-las-organizaciones-piqueteras","status":"publish","type":"post","link":"https:\/\/cvinoticias.com\/v3\/le-cobraran-el-costo-del-operativo-de-seguridad-a-las-organizaciones-piqueteras\/","title":{"rendered":"Le cobrar\u00e1n el costo del Operativo de Seguridad a las organizaciones piqueteras"},"content":{"rendered":"\n<p><strong><em>El vocero presidencial plante\u00f3 adem\u00e1s que las denuncias acumuladas contra punteros y dirigentes pol\u00edticos en la l\u00ednea 134 \u00abvan a tener consecuencias\u00bb.<\/em><\/strong><\/p>\n\n\n\n<p>El vocero presidencial Manuel Adorni, revel\u00f3 que el Gobierno Nacional enviar\u00e1 la factura del costo del operativo que aplic\u00f3 por primera vez el protocolo de Mantenimiento del Orden P\u00fablico a las organizaciones piqueteras que movilizaron.<\/p>\n\n\n\n<p>Tras destacar la implementaci\u00f3n del protocolo creado por el Ministerio de Seguridad, a cargo de Patricia Bullrich, el funcionario plante\u00f3 que el \u201coperativo tuvo un costo importante\u201d que cuando se termine de cuantificar \u201cse le va a pasar la factura a cada una de las organizaciones que participaron que deber\u00e1n hacerse cargo del costo\u201d.<\/p>\n\n\n\n<p>En la habitual conferencia de prensa matutina, el vocero asegur\u00f3 adem\u00e1s que las denuncias contra dirigentes y punteros recopilados en la l\u00ednea 134 por parte de beneficiarios sociales tendr\u00e1n consecuencias legales.<\/p>\n\n\n\n<p>\u00abVa a haber consecuencias. Estamos en el proceso de identificaci\u00f3n y se proceder\u00e1 sobre ellos a hacer recaer el peso de la ley y en caso de que sean beneficiarios de planes, a quit\u00e1rselos como se ha prometido\u00bb, sostuvo.<\/p>\n\n\n\n<p>En la misma l\u00ednea, cont\u00f3 que al momento se registraron m\u00e1s de 11 mil denuncias.<\/p>\n\n\n\n<p><strong>Adorni argument\u00f3 que los ciudadanos que rechazaron el DNU en las calles \u201cno llegaron a interiorizarse sobre su filosof\u00eda\u201d<\/strong><\/p>\n\n\n\n<p>En otro pasaje de la conferencia, el vocero habl\u00f3 sobre el rechazo en las calles que recibi\u00f3 el Decreto de Necesidad y Urgencia (DNU) al precisar que \u201cest\u00e1 bien manifestarse en contra\u201d, aunque descart\u00f3 que se trate de manifestaciones..<\/p>\n\n\n\n<p>\u201cMucha gente, la mayor\u00eda, coincide con lo que estamos haciendo, fueron hace 30 d\u00edas las elecciones. Hay gente que no est\u00e1 de acuerdo con lo que hacemos, quien entienda que esto no est\u00e1 bien se manifieste en contra\u00ab, insisti\u00f3.<\/p>\n\n\n\n<p>Asimismo, ironiz\u00f3: \u201cEs un DNU que ha llevado horas leer, que un minuto despu\u00e9s haya habido estas expresiones de desacuerdo\u2026 no est\u00e1n muy al tanto de lo que plantea\u201d.<\/p>\n\n\n\n<p>Para Adorni los cacerolazos en los barrios porte\u00f1os y del AMBA \u201cno fue una manifestaci\u00f3n\u201d sino \u201calgunas expresiones en determinados lugares de quienes, tal vez, no llegaron a interiorizarse sobre la filosof\u00eda del decreto\u201d.<\/p>\n","protected":false},"excerpt":{"rendered":"<p>El vocero presidencial plante\u00f3 adem\u00e1s que las denuncias acumuladas contra punteros y dirigentes pol\u00edticos en la l\u00ednea 134 \u00abvan a tener consecuencias\u00bb. El vocero presidencial Manuel Adorni, revel\u00f3 que el Gobierno Nacional enviar\u00e1 la factura del costo del operativo que aplic\u00f3 por primera vez el protocolo de Mantenimiento del Orden P\u00fablico a las organizaciones piqueteras [&hellip;]<\/p>\n","protected":false},"author":2,"featured_media":31195,"comment_status":"open","ping_status":"open","sticky":false,"template":"","format":"standard","meta":{"footnotes":""},"categories":[35],"tags":[],"class_list":["post-31194","post","type-post","status-publish","format-standard","has-post-thumbnail","hentry","category-informacion-general"],"yoast_head":"<!-- This site is optimized with the Yoast SEO plugin v27.4 - https:\/\/yoast.com\/product\/yoast-seo-wordpress\/ -->\n<title>Le cobrar\u00e1n el costo del Operativo de Seguridad a las organizaciones piqueteras | CVI NOTICIAS<\/title>\n<meta name=\"robots\" content=\"index, follow, max-snippet:-1, max-image-preview:large, max-video-preview:-1\" \/>\n<link rel=\"canonical\" href=\"https:\/\/cvinoticias.com\/v3\/le-cobraran-el-costo-del-operativo-de-seguridad-a-las-organizaciones-piqueteras\/\" \/>\n<meta property=\"og:locale\" content=\"es_ES\" \/>\n<meta property=\"og:type\" content=\"article\" \/>\n<meta property=\"og:title\" content=\"Le cobrar\u00e1n el costo del Operativo de Seguridad a las organizaciones piqueteras | CVI NOTICIAS\" \/>\n<meta property=\"og:description\" content=\"El vocero presidencial plante\u00f3 adem\u00e1s que las denuncias acumuladas contra punteros y dirigentes pol\u00edticos en la l\u00ednea 134 \u00abvan a tener consecuencias\u00bb. El vocero presidencial Manuel Adorni, revel\u00f3 que el Gobierno Nacional enviar\u00e1 la factura del costo del operativo que aplic\u00f3 por primera vez el protocolo de Mantenimiento del Orden P\u00fablico a las organizaciones piqueteras [&hellip;]\" \/>\n<meta property=\"og:url\" content=\"https:\/\/cvinoticias.com\/v3\/le-cobraran-el-costo-del-operativo-de-seguridad-a-las-organizaciones-piqueteras\/\" \/>\n<meta property=\"og:site_name\" content=\"CVI NOTICIAS\" \/>\n<meta property=\"article:publisher\" content=\"https:\/\/www.facebook.com\/cvinoticias\" \/>\n<meta property=\"article:published_time\" content=\"2023-12-22T11:37:40+00:00\" \/>\n<meta property=\"og:image\" content=\"https:\/\/cvinoticias.com\/wp-content\/uploads\/2023\/12\/27-12.jpg\" \/>\n\t<meta property=\"og:image:width\" content=\"929\" \/>\n\t<meta property=\"og:image:height\" content=\"523\" \/>\n\t<meta property=\"og:image:type\" content=\"image\/jpeg\" \/>\n<meta name=\"author\" content=\"f1000024\" \/>\n<meta name=\"twitter:card\" content=\"summary_large_image\" \/>\n<meta name=\"twitter:label1\" content=\"Escrito por\" \/>\n\t<meta name=\"twitter:data1\" content=\"f1000024\" \/>\n\t<meta name=\"twitter:label2\" content=\"Tiempo de lectura\" \/>\n\t<meta name=\"twitter:data2\" content=\"2 minutos\" \/>\n<script type=\"application\/ld+json\" class=\"yoast-schema-graph\">{\"@context\":\"https:\\\/\\\/schema.org\",\"@graph\":[{\"@type\":\"Article\",\"@id\":\"https:\\\/\\\/cvinoticias.com\\\/v3\\\/le-cobraran-el-costo-del-operativo-de-seguridad-a-las-organizaciones-piqueteras\\\/#article\",\"isPartOf\":{\"@id\":\"https:\\\/\\\/cvinoticias.com\\\/v3\\\/le-cobraran-el-costo-del-operativo-de-seguridad-a-las-organizaciones-piqueteras\\\/\"},\"author\":{\"name\":\"f1000024\",\"@id\":\"https:\\\/\\\/cvinoticias.com\\\/v3\\\/#\\\/schema\\\/person\\\/2db77e3c6bc03c538495d7b2b8be9b66\"},\"headline\":\"Le cobrar\u00e1n el costo del Operativo de Seguridad a las organizaciones piqueteras\",\"datePublished\":\"2023-12-22T11:37:40+00:00\",\"mainEntityOfPage\":{\"@id\":\"https:\\\/\\\/cvinoticias.com\\\/v3\\\/le-cobraran-el-costo-del-operativo-de-seguridad-a-las-organizaciones-piqueteras\\\/\"},\"wordCount\":386,\"commentCount\":0,\"publisher\":{\"@id\":\"https:\\\/\\\/cvinoticias.com\\\/v3\\\/#organization\"},\"image\":{\"@id\":\"https:\\\/\\\/cvinoticias.com\\\/v3\\\/le-cobraran-el-costo-del-operativo-de-seguridad-a-las-organizaciones-piqueteras\\\/#primaryimage\"},\"thumbnailUrl\":\"https:\\\/\\\/cvinoticias.com\\\/wp-content\\\/uploads\\\/2023\\\/12\\\/27-12.jpg\",\"articleSection\":[\"Informaci\u00f3n General\"],\"inLanguage\":\"es\",\"potentialAction\":[{\"@type\":\"CommentAction\",\"name\":\"Comment\",\"target\":[\"https:\\\/\\\/cvinoticias.com\\\/v3\\\/le-cobraran-el-costo-del-operativo-de-seguridad-a-las-organizaciones-piqueteras\\\/#respond\"]}]},{\"@type\":\"WebPage\",\"@id\":\"https:\\\/\\\/cvinoticias.com\\\/v3\\\/le-cobraran-el-costo-del-operativo-de-seguridad-a-las-organizaciones-piqueteras\\\/\",\"url\":\"https:\\\/\\\/cvinoticias.com\\\/v3\\\/le-cobraran-el-costo-del-operativo-de-seguridad-a-las-organizaciones-piqueteras\\\/\",\"name\":\"Le cobrar\u00e1n el costo del Operativo de Seguridad a las organizaciones piqueteras | CVI NOTICIAS\",\"isPartOf\":{\"@id\":\"https:\\\/\\\/cvinoticias.com\\\/v3\\\/#website\"},\"primaryImageOfPage\":{\"@id\":\"https:\\\/\\\/cvinoticias.com\\\/v3\\\/le-cobraran-el-costo-del-operativo-de-seguridad-a-las-organizaciones-piqueteras\\\/#primaryimage\"},\"image\":{\"@id\":\"https:\\\/\\\/cvinoticias.com\\\/v3\\\/le-cobraran-el-costo-del-operativo-de-seguridad-a-las-organizaciones-piqueteras\\\/#primaryimage\"},\"thumbnailUrl\":\"https:\\\/\\\/cvinoticias.com\\\/wp-content\\\/uploads\\\/2023\\\/12\\\/27-12.jpg\",\"datePublished\":\"2023-12-22T11:37:40+00:00\",\"breadcrumb\":{\"@id\":\"https:\\\/\\\/cvinoticias.com\\\/v3\\\/le-cobraran-el-costo-del-operativo-de-seguridad-a-las-organizaciones-piqueteras\\\/#breadcrumb\"},\"inLanguage\":\"es\",\"potentialAction\":[{\"@type\":\"ReadAction\",\"target\":[\"https:\\\/\\\/cvinoticias.com\\\/v3\\\/le-cobraran-el-costo-del-operativo-de-seguridad-a-las-organizaciones-piqueteras\\\/\"]}]},{\"@type\":\"ImageObject\",\"inLanguage\":\"es\",\"@id\":\"https:\\\/\\\/cvinoticias.com\\\/v3\\\/le-cobraran-el-costo-del-operativo-de-seguridad-a-las-organizaciones-piqueteras\\\/#primaryimage\",\"url\":\"https:\\\/\\\/cvinoticias.com\\\/wp-content\\\/uploads\\\/2023\\\/12\\\/27-12.jpg\",\"contentUrl\":\"https:\\\/\\\/cvinoticias.com\\\/wp-content\\\/uploads\\\/2023\\\/12\\\/27-12.jpg\",\"width\":929,\"height\":523},{\"@type\":\"BreadcrumbList\",\"@id\":\"https:\\\/\\\/cvinoticias.com\\\/v3\\\/le-cobraran-el-costo-del-operativo-de-seguridad-a-las-organizaciones-piqueteras\\\/#breadcrumb\",\"itemListElement\":[{\"@type\":\"ListItem\",\"position\":1,\"name\":\"Portada\",\"item\":\"https:\\\/\\\/cvinoticias.com\\\/v3\\\/\"},{\"@type\":\"ListItem\",\"position\":2,\"name\":\"Le cobrar\u00e1n el costo del Operativo de Seguridad a las organizaciones piqueteras\"}]},{\"@type\":\"WebSite\",\"@id\":\"https:\\\/\\\/cvinoticias.com\\\/v3\\\/#website\",\"url\":\"https:\\\/\\\/cvinoticias.com\\\/v3\\\/\",\"name\":\"CVI NOTICIAS\",\"description\":\"\",\"publisher\":{\"@id\":\"https:\\\/\\\/cvinoticias.com\\\/v3\\\/#organization\"},\"alternateName\":\"CVI\",\"potentialAction\":[{\"@type\":\"SearchAction\",\"target\":{\"@type\":\"EntryPoint\",\"urlTemplate\":\"https:\\\/\\\/cvinoticias.com\\\/v3\\\/?s={search_term_string}\"},\"query-input\":{\"@type\":\"PropertyValueSpecification\",\"valueRequired\":true,\"valueName\":\"search_term_string\"}}],\"inLanguage\":\"es\"},{\"@type\":\"Organization\",\"@id\":\"https:\\\/\\\/cvinoticias.com\\\/v3\\\/#organization\",\"name\":\"CVI NOTICIAS\",\"url\":\"https:\\\/\\\/cvinoticias.com\\\/v3\\\/\",\"logo\":{\"@type\":\"ImageObject\",\"inLanguage\":\"es\",\"@id\":\"https:\\\/\\\/cvinoticias.com\\\/v3\\\/#\\\/schema\\\/logo\\\/image\\\/\",\"url\":\"https:\\\/\\\/cvinoticias.com\\\/wp-content\\\/uploads\\\/2023\\\/04\\\/cropped-cropped-cropped-cropped-cropped-3-1.png\",\"contentUrl\":\"https:\\\/\\\/cvinoticias.com\\\/wp-content\\\/uploads\\\/2023\\\/04\\\/cropped-cropped-cropped-cropped-cropped-3-1.png\",\"width\":95,\"height\":122,\"caption\":\"CVI NOTICIAS\"},\"image\":{\"@id\":\"https:\\\/\\\/cvinoticias.com\\\/v3\\\/#\\\/schema\\\/logo\\\/image\\\/\"},\"sameAs\":[\"https:\\\/\\\/www.facebook.com\\\/cvinoticias\",\"https:\\\/\\\/www.instagram.com\\\/cvinoticias\\\/\",\"https:\\\/\\\/www.youtube.com\\\/@CVINOTICIAS\"]},{\"@type\":\"Person\",\"@id\":\"https:\\\/\\\/cvinoticias.com\\\/v3\\\/#\\\/schema\\\/person\\\/2db77e3c6bc03c538495d7b2b8be9b66\",\"name\":\"f1000024\",\"image\":{\"@type\":\"ImageObject\",\"inLanguage\":\"es\",\"@id\":\"https:\\\/\\\/secure.gravatar.com\\\/avatar\\\/d4fe7459cfc51ff5129ce1a732bbef5928568b8092d412ef95611616376bbeed?s=96&d=mm&r=g\",\"url\":\"https:\\\/\\\/secure.gravatar.com\\\/avatar\\\/d4fe7459cfc51ff5129ce1a732bbef5928568b8092d412ef95611616376bbeed?s=96&d=mm&r=g\",\"contentUrl\":\"https:\\\/\\\/secure.gravatar.com\\\/avatar\\\/d4fe7459cfc51ff5129ce1a732bbef5928568b8092d412ef95611616376bbeed?s=96&d=mm&r=g\",\"caption\":\"f1000024\"},\"url\":\"https:\\\/\\\/cvinoticias.com\\\/v3\\\/author\\\/f1000024\\\/\"}]}<\/script>\n<!-- \/ Yoast SEO plugin. -->","yoast_head_json":{"title":"Le cobrar\u00e1n el costo del Operativo de Seguridad a las organizaciones piqueteras | CVI NOTICIAS","robots":{"index":"index","follow":"follow","max-snippet":"max-snippet:-1","max-image-preview":"max-image-preview:large","max-video-preview":"max-video-preview:-1"},"canonical":"https:\/\/cvinoticias.com\/v3\/le-cobraran-el-costo-del-operativo-de-seguridad-a-las-organizaciones-piqueteras\/","og_locale":"es_ES","og_type":"article","og_title":"Le cobrar\u00e1n el costo del Operativo de Seguridad a las organizaciones piqueteras | CVI NOTICIAS","og_description":"El vocero presidencial plante\u00f3 adem\u00e1s que las denuncias acumuladas contra punteros y dirigentes pol\u00edticos en la l\u00ednea 134 \u00abvan a tener consecuencias\u00bb. El vocero presidencial Manuel Adorni, revel\u00f3 que el Gobierno Nacional enviar\u00e1 la factura del costo del operativo que aplic\u00f3 por primera vez el protocolo de Mantenimiento del Orden P\u00fablico a las organizaciones piqueteras [&hellip;]","og_url":"https:\/\/cvinoticias.com\/v3\/le-cobraran-el-costo-del-operativo-de-seguridad-a-las-organizaciones-piqueteras\/","og_site_name":"CVI NOTICIAS","article_publisher":"https:\/\/www.facebook.com\/cvinoticias","article_published_time":"2023-12-22T11:37:40+00:00","og_image":[{"width":929,"height":523,"url":"https:\/\/cvinoticias.com\/wp-content\/uploads\/2023\/12\/27-12.jpg","type":"image\/jpeg"}],"author":"f1000024","twitter_card":"summary_large_image","twitter_misc":{"Escrito por":"f1000024","Tiempo de lectura":"2 minutos"},"schema":{"@context":"https:\/\/schema.org","@graph":[{"@type":"Article","@id":"https:\/\/cvinoticias.com\/v3\/le-cobraran-el-costo-del-operativo-de-seguridad-a-las-organizaciones-piqueteras\/#article","isPartOf":{"@id":"https:\/\/cvinoticias.com\/v3\/le-cobraran-el-costo-del-operativo-de-seguridad-a-las-organizaciones-piqueteras\/"},"author":{"name":"f1000024","@id":"https:\/\/cvinoticias.com\/v3\/#\/schema\/person\/2db77e3c6bc03c538495d7b2b8be9b66"},"headline":"Le cobrar\u00e1n el costo del Operativo de Seguridad a las organizaciones piqueteras","datePublished":"2023-12-22T11:37:40+00:00","mainEntityOfPage":{"@id":"https:\/\/cvinoticias.com\/v3\/le-cobraran-el-costo-del-operativo-de-seguridad-a-las-organizaciones-piqueteras\/"},"wordCount":386,"commentCount":0,"publisher":{"@id":"https:\/\/cvinoticias.com\/v3\/#organization"},"image":{"@id":"https:\/\/cvinoticias.com\/v3\/le-cobraran-el-costo-del-operativo-de-seguridad-a-las-organizaciones-piqueteras\/#primaryimage"},"thumbnailUrl":"https:\/\/cvinoticias.com\/wp-content\/uploads\/2023\/12\/27-12.jpg","articleSection":["Informaci\u00f3n General"],"inLanguage":"es","potentialAction":[{"@type":"CommentAction","name":"Comment","target":["https:\/\/cvinoticias.com\/v3\/le-cobraran-el-costo-del-operativo-de-seguridad-a-las-organizaciones-piqueteras\/#respond"]}]},{"@type":"WebPage","@id":"https:\/\/cvinoticias.com\/v3\/le-cobraran-el-costo-del-operativo-de-seguridad-a-las-organizaciones-piqueteras\/","url":"https:\/\/cvinoticias.com\/v3\/le-cobraran-el-costo-del-operativo-de-seguridad-a-las-organizaciones-piqueteras\/","name":"Le cobrar\u00e1n el costo del Operativo de Seguridad a las organizaciones piqueteras | CVI NOTICIAS","isPartOf":{"@id":"https:\/\/cvinoticias.com\/v3\/#website"},"primaryImageOfPage":{"@id":"https:\/\/cvinoticias.com\/v3\/le-cobraran-el-costo-del-operativo-de-seguridad-a-las-organizaciones-piqueteras\/#primaryimage"},"image":{"@id":"https:\/\/cvinoticias.com\/v3\/le-cobraran-el-costo-del-operativo-de-seguridad-a-las-organizaciones-piqueteras\/#primaryimage"},"thumbnailUrl":"https:\/\/cvinoticias.com\/wp-content\/uploads\/2023\/12\/27-12.jpg","datePublished":"2023-12-22T11:37:40+00:00","breadcrumb":{"@id":"https:\/\/cvinoticias.com\/v3\/le-cobraran-el-costo-del-operativo-de-seguridad-a-las-organizaciones-piqueteras\/#breadcrumb"},"inLanguage":"es","potentialAction":[{"@type":"ReadAction","target":["https:\/\/cvinoticias.com\/v3\/le-cobraran-el-costo-del-operativo-de-seguridad-a-las-organizaciones-piqueteras\/"]}]},{"@type":"ImageObject","inLanguage":"es","@id":"https:\/\/cvinoticias.com\/v3\/le-cobraran-el-costo-del-operativo-de-seguridad-a-las-organizaciones-piqueteras\/#primaryimage","url":"https:\/\/cvinoticias.com\/wp-content\/uploads\/2023\/12\/27-12.jpg","contentUrl":"https:\/\/cvinoticias.com\/wp-content\/uploads\/2023\/12\/27-12.jpg","width":929,"height":523},{"@type":"BreadcrumbList","@id":"https:\/\/cvinoticias.com\/v3\/le-cobraran-el-costo-del-operativo-de-seguridad-a-las-organizaciones-piqueteras\/#breadcrumb","itemListElement":[{"@type":"ListItem","position":1,"name":"Portada","item":"https:\/\/cvinoticias.com\/v3\/"},{"@type":"ListItem","position":2,"name":"Le cobrar\u00e1n el costo del Operativo de Seguridad a las organizaciones piqueteras"}]},{"@type":"WebSite","@id":"https:\/\/cvinoticias.com\/v3\/#website","url":"https:\/\/cvinoticias.com\/v3\/","name":"CVI NOTICIAS","description":"","publisher":{"@id":"https:\/\/cvinoticias.com\/v3\/#organization"},"alternateName":"CVI","potentialAction":[{"@type":"SearchAction","target":{"@type":"EntryPoint","urlTemplate":"https:\/\/cvinoticias.com\/v3\/?s={search_term_string}"},"query-input":{"@type":"PropertyValueSpecification","valueRequired":true,"valueName":"search_term_string"}}],"inLanguage":"es"},{"@type":"Organization","@id":"https:\/\/cvinoticias.com\/v3\/#organization","name":"CVI NOTICIAS","url":"https:\/\/cvinoticias.com\/v3\/","logo":{"@type":"ImageObject","inLanguage":"es","@id":"https:\/\/cvinoticias.com\/v3\/#\/schema\/logo\/image\/","url":"https:\/\/cvinoticias.com\/wp-content\/uploads\/2023\/04\/cropped-cropped-cropped-cropped-cropped-3-1.png","contentUrl":"https:\/\/cvinoticias.com\/wp-content\/uploads\/2023\/04\/cropped-cropped-cropped-cropped-cropped-3-1.png","width":95,"height":122,"caption":"CVI NOTICIAS"},"image":{"@id":"https:\/\/cvinoticias.com\/v3\/#\/schema\/logo\/image\/"},"sameAs":["https:\/\/www.facebook.com\/cvinoticias","https:\/\/www.instagram.com\/cvinoticias\/","https:\/\/www.youtube.com\/@CVINOTICIAS"]},{"@type":"Person","@id":"https:\/\/cvinoticias.com\/v3\/#\/schema\/person\/2db77e3c6bc03c538495d7b2b8be9b66","name":"f1000024","image":{"@type":"ImageObject","inLanguage":"es","@id":"https:\/\/secure.gravatar.com\/avatar\/d4fe7459cfc51ff5129ce1a732bbef5928568b8092d412ef95611616376bbeed?s=96&d=mm&r=g","url":"https:\/\/secure.gravatar.com\/avatar\/d4fe7459cfc51ff5129ce1a732bbef5928568b8092d412ef95611616376bbeed?s=96&d=mm&r=g","contentUrl":"https:\/\/secure.gravatar.com\/avatar\/d4fe7459cfc51ff5129ce1a732bbef5928568b8092d412ef95611616376bbeed?s=96&d=mm&r=g","caption":"f1000024"},"url":"https:\/\/cvinoticias.com\/v3\/author\/f1000024\/"}]}},"_links":{"self":[{"href":"https:\/\/cvinoticias.com\/v3\/wp-json\/wp\/v2\/posts\/31194","targetHints":{"allow":["GET"]}}],"collection":[{"href":"https:\/\/cvinoticias.com\/v3\/wp-json\/wp\/v2\/posts"}],"about":[{"href":"https:\/\/cvinoticias.com\/v3\/wp-json\/wp\/v2\/types\/post"}],"author":[{"embeddable":true,"href":"https:\/\/cvinoticias.com\/v3\/wp-json\/wp\/v2\/users\/2"}],"replies":[{"embeddable":true,"href":"https:\/\/cvinoticias.com\/v3\/wp-json\/wp\/v2\/comments?post=31194"}],"version-history":[{"count":1,"href":"https:\/\/cvinoticias.com\/v3\/wp-json\/wp\/v2\/posts\/31194\/revisions"}],"predecessor-version":[{"id":31196,"href":"https:\/\/cvinoticias.com\/v3\/wp-json\/wp\/v2\/posts\/31194\/revisions\/31196"}],"wp:featuredmedia":[{"embeddable":true,"href":"https:\/\/cvinoticias.com\/v3\/wp-json\/wp\/v2\/media\/31195"}],"wp:attachment":[{"href":"https:\/\/cvinoticias.com\/v3\/wp-json\/wp\/v2\/media?parent=31194"}],"wp:term":[{"taxonomy":"category","embeddable":true,"href":"https:\/\/cvinoticias.com\/v3\/wp-json\/wp\/v2\/categories?post=31194"},{"taxonomy":"post_tag","embeddable":true,"href":"https:\/\/cvinoticias.com\/v3\/wp-json\/wp\/v2\/tags?post=31194"}],"curies":[{"name":"wp","href":"https:\/\/api.w.org\/{rel}","templated":true}]}}