{"id":31167,"date":"2023-12-21T16:10:04","date_gmt":"2023-12-21T19:10:04","guid":{"rendered":"https:\/\/cvinoticias.com\/v3\/?p=31167"},"modified":"2023-12-21T16:10:04","modified_gmt":"2023-12-21T19:10:04","slug":"un-modelo-de-equilibrio-sin-ajuste-sobre-la-gente","status":"publish","type":"post","link":"https:\/\/cvinoticias.com\/v3\/un-modelo-de-equilibrio-sin-ajuste-sobre-la-gente\/","title":{"rendered":"Un Modelo de equilibrio sin ajuste sobre la gente"},"content":{"rendered":"\n<p><strong><em>Misiones ostenta un exitoso modelo de equilibrio fiscal desde hace m\u00e1s de 20 a\u00f1os. Con el fin de alcanzar el mismo resultado que la provincia, Milei lanz\u00f3 a trav\u00e9s del Ministerio de Econom\u00eda diez medidas y un decretazo que busca desregular la econom\u00eda argentina, trasladando el ajuste a la sociedad.<\/em><\/strong><\/p>\n\n\n\n<p><strong>(*) Por Nicol\u00e1s Marchiori<\/strong><\/p>\n\n\n\n<p>Una de las grandes promesas de campa\u00f1a, sino la principal, de Javier Milei fue que \u201cel ajuste lo va a pagar la casta, no los argentinos de bien\u201d. Cada vez que el presidente describi\u00f3 a \u201cla casta\u201d durante la campa\u00f1a, se refiri\u00f3 a \u201clos pol\u00edticos chorros\u201d y \u201clos empresaurios prebendarios\u201d. Al d\u00eda de hoy y a la luz de los acontecimientos, podemos afirmar con contundencia que se trat\u00f3 de la mayor estafa electoral de los \u00faltimos tiempos.<\/p>\n\n\n\n<p>El pasado martes, el ministro de Econom\u00eda Luis Caputo, que tambi\u00e9n ocup\u00f3 el mismo cargo durante el gobierno de Mauricio Macri y tom\u00f3 la mayor deuda de la historia del FMI para financiar la fuga de capitales, anunci\u00f3 diez medidas tendientes a reducir el d\u00e9ficit fiscal.<\/p>\n\n\n\n<p>Dentro de las medidas anunciadas por Caputo se encuentran la reducci\u00f3n de los ATN a las provincias; la eliminaci\u00f3n de las licitaciones de obra p\u00fablica y suspensi\u00f3n de la ejecuci\u00f3n da aquellas que fueron licitadas y a\u00fan no comenzaron a ejecutarse; la reducci\u00f3n de subsidios a la energ\u00eda y al transporte; el congelamiento de los montos del programa Potenciar Trabajo en valores de 2023; la fijaci\u00f3n del d\u00f3lar oficial en $800, lo que implica una devaluaci\u00f3n de m\u00e1s del 100% de la moneda argentina; aumento del Impuesto PAIS a las importaciones; retenciones a las econom\u00edas regionales, entre otras. Una clara muestra de que Milei minti\u00f3, porque el ajuste lo va a pagar la gente.<\/p>\n\n\n\n<p>Por otra parte, el mega DNU anunciado ayer por Milei, escoltado por los miembros de su gabinete y Federico Sturzenegger, el gran ide\u00f3logo de este plan que favorece a grandes grupos concentrados en perjuicio de toda la sociedad, termina de confirmar los indicios del pa\u00eds que se viene: una Argentina con una fuerte transferencia de la riqueza a manos de los poderosos, es decir, neoliberalismo de manual.<\/p>\n\n\n\n<p>Cabe recordar que Sturzenegger fue presidente del Banco Central durante el gobierno de Mauricio Macri y es uno de los m\u00e1ximos responsables del descalabro econ\u00f3mico del per\u00edodo 2015-2019.<br>El plan ajustador y privatizador dise\u00f1ado por el pol\u00e9mico economista, que fue presentado por Milei como \u201casesor presidencial\u201d sin que exista a la fecha un dispositivo legal que lo convierta en tal, es una nueva versi\u00f3n del modelo econ\u00f3mico que destruy\u00f3 el patrimonio y la industria nacional durante la d\u00e9cada de los \u201890, algo que lo misioneros lo vivieron en carne propia con el gobernador Federico Ram\u00f3n Puerta.<\/p>\n\n\n\n<p>De la herencia neoliberal al exitoso modelo de equilibrio fiscal<\/p>\n\n\n\n<p>El festival privatizaciones y ajuste de Ram\u00f3n Puerta sobre el pueblo dej\u00f3 a la provincia sumida en una situaci\u00f3n calamitosa. Al a\u00f1o 1999, la deuda de la provincia era de 1500 millones d\u00f3lares. A eso se le debe sumar la venta de las joyas de la abuela a precio vil: Papel Misionero, el Banco Provincia y el Instituto del Seguro, entre las m\u00e1s emblem\u00e1ticas.<\/p>\n\n\n\n<p>El gobierno de la Renovaci\u00f3n afront\u00f3 un verdadero proceso de reconstrucci\u00f3n de una provincia en donde los empleados p\u00fablicos eran v\u00edctimas de la aplicaci\u00f3n del famoso IETE, un impuesto ilegal que le reten\u00eda parte de su salario con la excusa de una \u201cemergencia econ\u00f3mica transitoria\u201d. El sector productivo estaba destruido y la industria atravesaba un proceso de anemia producto de la desregulaci\u00f3n econ\u00f3mica que condenaba su desarrollo.<\/p>\n\n\n\n<p>La tarea no fue f\u00e1cil, pero hab\u00eda un objetivo claro: equilibrar las cuentas sin pedir plata prestada y sin ajustar a la gente.<\/p>\n\n\n\n<p>La provincia hoy exhibe un comportamiento ejemplar, no sobra nada, pero existe un Estado presente con pol\u00edticas activas: con equilibrio fiscal y una administraci\u00f3n responsable se financia la salud, la educaci\u00f3n, el bienestar social y la seguridad social.<\/p>\n\n\n\n<p>Misiones se ha convertido en la s\u00e9ptima econom\u00eda del pa\u00eds, y acumula m\u00e1s de 30 meses consecutivos de crecimiento. Durante ese transcurso de tiempo, la actividad comercial creci\u00f3 con picos de 15 puntos por encima de la media nacional. Dicho presente fue posible gracias a la sinergia p\u00fablico privada, propia de la Era de los Estados Inteligentes, que encuentran en los Programa Ahora la s\u00edntesis perfecta de los resultados que se pueden lograr cuando existe una correcta articulaci\u00f3n entre el sector p\u00fablico y el sector privado.<\/p>\n\n\n\n<p>En cuanto al empleo registrado, Misiones es l\u00edder en el NEA y se ubica en el top a nivel pa\u00eds. La provincia supera los 110 mil trabajadores registrados en el sector privado.<\/p>\n\n\n\n<p>Se observa un marcado contraste con la Naci\u00f3n, en donde Milei prometi\u00f3 corregir el d\u00e9ficit, bajar la inflaci\u00f3n, enderezar la econom\u00eda sin ajustar a la gente, pero est\u00e1 haciendo todo lo contrario, est\u00e1 subiendo impuestos, ajustando a la gente y va camino a privatizar todo.<\/p>\n\n\n\n<p>Grandes diferencias entre lo que se dice y lo que se hace, grandes diferencias de modelos. Misiones brilla, mientras que la Naci\u00f3n transita un sendero de gran incertidumbre que anticipa mucho sufrimiento para la sociedad.<\/p>\n\n\n\n<p>(*) Abogado. Diplomado en Manejo de Crisis y en An\u00e1lisis de Procesos Electorales. Especializado en Comunicaci\u00f3n de Gobierno y Electoral. Becario de la Fundaci\u00f3n Konrad Adenauer (Alemania) y del Centro de An\u00e1lisis y Entrenamiento Pol\u00edtico (Colombia).<\/p>\n","protected":false},"excerpt":{"rendered":"<p>Misiones ostenta un exitoso modelo de equilibrio fiscal desde hace m\u00e1s de 20 a\u00f1os. Con el fin de alcanzar el mismo resultado que la provincia, Milei lanz\u00f3 a trav\u00e9s del Ministerio de Econom\u00eda diez medidas y un decretazo que busca desregular la econom\u00eda argentina, trasladando el ajuste a la sociedad. (*) Por Nicol\u00e1s Marchiori Una [&hellip;]<\/p>\n","protected":false},"author":2,"featured_media":31169,"comment_status":"open","ping_status":"open","sticky":false,"template":"","format":"standard","meta":{"footnotes":""},"categories":[43],"tags":[],"class_list":["post-31167","post","type-post","status-publish","format-standard","has-post-thumbnail","hentry","category-provinciales"],"yoast_head":"<!-- This site is optimized with the Yoast SEO plugin v27.5 - https:\/\/yoast.com\/product\/yoast-seo-wordpress\/ -->\n<title>Un Modelo de equilibrio sin ajuste sobre la gente | CVI NOTICIAS<\/title>\n<meta name=\"robots\" content=\"index, follow, max-snippet:-1, max-image-preview:large, max-video-preview:-1\" \/>\n<link rel=\"canonical\" href=\"https:\/\/cvinoticias.com\/v3\/un-modelo-de-equilibrio-sin-ajuste-sobre-la-gente\/\" \/>\n<meta property=\"og:locale\" content=\"es_ES\" \/>\n<meta property=\"og:type\" content=\"article\" \/>\n<meta property=\"og:title\" content=\"Un Modelo de equilibrio sin ajuste sobre la gente | CVI NOTICIAS\" \/>\n<meta property=\"og:description\" content=\"Misiones ostenta un exitoso modelo de equilibrio fiscal desde hace m\u00e1s de 20 a\u00f1os. Con el fin de alcanzar el mismo resultado que la provincia, Milei lanz\u00f3 a trav\u00e9s del Ministerio de Econom\u00eda diez medidas y un decretazo que busca desregular la econom\u00eda argentina, trasladando el ajuste a la sociedad. (*) Por Nicol\u00e1s Marchiori Una [&hellip;]\" \/>\n<meta property=\"og:url\" content=\"https:\/\/cvinoticias.com\/v3\/un-modelo-de-equilibrio-sin-ajuste-sobre-la-gente\/\" \/>\n<meta property=\"og:site_name\" content=\"CVI NOTICIAS\" \/>\n<meta property=\"article:publisher\" content=\"https:\/\/www.facebook.com\/cvinoticias\" \/>\n<meta property=\"article:published_time\" content=\"2023-12-21T19:10:04+00:00\" \/>\n<meta property=\"og:image\" content=\"https:\/\/cvinoticias.com\/wp-content\/uploads\/2023\/12\/IMG-20231221-WA0394.jpg\" \/>\n\t<meta property=\"og:image:width\" content=\"1256\" \/>\n\t<meta property=\"og:image:height\" content=\"620\" \/>\n\t<meta property=\"og:image:type\" content=\"image\/jpeg\" \/>\n<meta name=\"author\" content=\"f1000024\" \/>\n<meta name=\"twitter:card\" content=\"summary_large_image\" \/>\n<meta name=\"twitter:label1\" content=\"Escrito por\" \/>\n\t<meta name=\"twitter:data1\" content=\"f1000024\" \/>\n\t<meta name=\"twitter:label2\" content=\"Tiempo de lectura\" \/>\n\t<meta name=\"twitter:data2\" content=\"5 minutos\" \/>\n<script type=\"application\/ld+json\" class=\"yoast-schema-graph\">{\"@context\":\"https:\\\/\\\/schema.org\",\"@graph\":[{\"@type\":\"Article\",\"@id\":\"https:\\\/\\\/cvinoticias.com\\\/v3\\\/un-modelo-de-equilibrio-sin-ajuste-sobre-la-gente\\\/#article\",\"isPartOf\":{\"@id\":\"https:\\\/\\\/cvinoticias.com\\\/v3\\\/un-modelo-de-equilibrio-sin-ajuste-sobre-la-gente\\\/\"},\"author\":{\"name\":\"f1000024\",\"@id\":\"https:\\\/\\\/cvinoticias.com\\\/v3\\\/#\\\/schema\\\/person\\\/2db77e3c6bc03c538495d7b2b8be9b66\"},\"headline\":\"Un Modelo de equilibrio sin ajuste sobre la gente\",\"datePublished\":\"2023-12-21T19:10:04+00:00\",\"mainEntityOfPage\":{\"@id\":\"https:\\\/\\\/cvinoticias.com\\\/v3\\\/un-modelo-de-equilibrio-sin-ajuste-sobre-la-gente\\\/\"},\"wordCount\":964,\"commentCount\":0,\"publisher\":{\"@id\":\"https:\\\/\\\/cvinoticias.com\\\/v3\\\/#organization\"},\"image\":{\"@id\":\"https:\\\/\\\/cvinoticias.com\\\/v3\\\/un-modelo-de-equilibrio-sin-ajuste-sobre-la-gente\\\/#primaryimage\"},\"thumbnailUrl\":\"https:\\\/\\\/cvinoticias.com\\\/wp-content\\\/uploads\\\/2023\\\/12\\\/IMG-20231221-WA0394.jpg\",\"articleSection\":[\"Provinciales\"],\"inLanguage\":\"es\",\"potentialAction\":[{\"@type\":\"CommentAction\",\"name\":\"Comment\",\"target\":[\"https:\\\/\\\/cvinoticias.com\\\/v3\\\/un-modelo-de-equilibrio-sin-ajuste-sobre-la-gente\\\/#respond\"]}]},{\"@type\":\"WebPage\",\"@id\":\"https:\\\/\\\/cvinoticias.com\\\/v3\\\/un-modelo-de-equilibrio-sin-ajuste-sobre-la-gente\\\/\",\"url\":\"https:\\\/\\\/cvinoticias.com\\\/v3\\\/un-modelo-de-equilibrio-sin-ajuste-sobre-la-gente\\\/\",\"name\":\"Un Modelo de equilibrio sin ajuste sobre la gente | CVI NOTICIAS\",\"isPartOf\":{\"@id\":\"https:\\\/\\\/cvinoticias.com\\\/v3\\\/#website\"},\"primaryImageOfPage\":{\"@id\":\"https:\\\/\\\/cvinoticias.com\\\/v3\\\/un-modelo-de-equilibrio-sin-ajuste-sobre-la-gente\\\/#primaryimage\"},\"image\":{\"@id\":\"https:\\\/\\\/cvinoticias.com\\\/v3\\\/un-modelo-de-equilibrio-sin-ajuste-sobre-la-gente\\\/#primaryimage\"},\"thumbnailUrl\":\"https:\\\/\\\/cvinoticias.com\\\/wp-content\\\/uploads\\\/2023\\\/12\\\/IMG-20231221-WA0394.jpg\",\"datePublished\":\"2023-12-21T19:10:04+00:00\",\"breadcrumb\":{\"@id\":\"https:\\\/\\\/cvinoticias.com\\\/v3\\\/un-modelo-de-equilibrio-sin-ajuste-sobre-la-gente\\\/#breadcrumb\"},\"inLanguage\":\"es\",\"potentialAction\":[{\"@type\":\"ReadAction\",\"target\":[\"https:\\\/\\\/cvinoticias.com\\\/v3\\\/un-modelo-de-equilibrio-sin-ajuste-sobre-la-gente\\\/\"]}]},{\"@type\":\"ImageObject\",\"inLanguage\":\"es\",\"@id\":\"https:\\\/\\\/cvinoticias.com\\\/v3\\\/un-modelo-de-equilibrio-sin-ajuste-sobre-la-gente\\\/#primaryimage\",\"url\":\"https:\\\/\\\/cvinoticias.com\\\/wp-content\\\/uploads\\\/2023\\\/12\\\/IMG-20231221-WA0394.jpg\",\"contentUrl\":\"https:\\\/\\\/cvinoticias.com\\\/wp-content\\\/uploads\\\/2023\\\/12\\\/IMG-20231221-WA0394.jpg\",\"width\":1256,\"height\":620},{\"@type\":\"BreadcrumbList\",\"@id\":\"https:\\\/\\\/cvinoticias.com\\\/v3\\\/un-modelo-de-equilibrio-sin-ajuste-sobre-la-gente\\\/#breadcrumb\",\"itemListElement\":[{\"@type\":\"ListItem\",\"position\":1,\"name\":\"Portada\",\"item\":\"https:\\\/\\\/cvinoticias.com\\\/v3\\\/\"},{\"@type\":\"ListItem\",\"position\":2,\"name\":\"Un Modelo de equilibrio sin ajuste sobre la gente\"}]},{\"@type\":\"WebSite\",\"@id\":\"https:\\\/\\\/cvinoticias.com\\\/v3\\\/#website\",\"url\":\"https:\\\/\\\/cvinoticias.com\\\/v3\\\/\",\"name\":\"CVI NOTICIAS\",\"description\":\"\",\"publisher\":{\"@id\":\"https:\\\/\\\/cvinoticias.com\\\/v3\\\/#organization\"},\"alternateName\":\"CVI\",\"potentialAction\":[{\"@type\":\"SearchAction\",\"target\":{\"@type\":\"EntryPoint\",\"urlTemplate\":\"https:\\\/\\\/cvinoticias.com\\\/v3\\\/?s={search_term_string}\"},\"query-input\":{\"@type\":\"PropertyValueSpecification\",\"valueRequired\":true,\"valueName\":\"search_term_string\"}}],\"inLanguage\":\"es\"},{\"@type\":\"Organization\",\"@id\":\"https:\\\/\\\/cvinoticias.com\\\/v3\\\/#organization\",\"name\":\"CVI NOTICIAS\",\"url\":\"https:\\\/\\\/cvinoticias.com\\\/v3\\\/\",\"logo\":{\"@type\":\"ImageObject\",\"inLanguage\":\"es\",\"@id\":\"https:\\\/\\\/cvinoticias.com\\\/v3\\\/#\\\/schema\\\/logo\\\/image\\\/\",\"url\":\"https:\\\/\\\/cvinoticias.com\\\/wp-content\\\/uploads\\\/2023\\\/04\\\/cropped-cropped-cropped-cropped-cropped-3-1.png\",\"contentUrl\":\"https:\\\/\\\/cvinoticias.com\\\/wp-content\\\/uploads\\\/2023\\\/04\\\/cropped-cropped-cropped-cropped-cropped-3-1.png\",\"width\":95,\"height\":122,\"caption\":\"CVI NOTICIAS\"},\"image\":{\"@id\":\"https:\\\/\\\/cvinoticias.com\\\/v3\\\/#\\\/schema\\\/logo\\\/image\\\/\"},\"sameAs\":[\"https:\\\/\\\/www.facebook.com\\\/cvinoticias\",\"https:\\\/\\\/www.instagram.com\\\/cvinoticias\\\/\",\"https:\\\/\\\/www.youtube.com\\\/@CVINOTICIAS\"]},{\"@type\":\"Person\",\"@id\":\"https:\\\/\\\/cvinoticias.com\\\/v3\\\/#\\\/schema\\\/person\\\/2db77e3c6bc03c538495d7b2b8be9b66\",\"name\":\"f1000024\",\"image\":{\"@type\":\"ImageObject\",\"inLanguage\":\"es\",\"@id\":\"https:\\\/\\\/secure.gravatar.com\\\/avatar\\\/d4fe7459cfc51ff5129ce1a732bbef5928568b8092d412ef95611616376bbeed?s=96&d=mm&r=g\",\"url\":\"https:\\\/\\\/secure.gravatar.com\\\/avatar\\\/d4fe7459cfc51ff5129ce1a732bbef5928568b8092d412ef95611616376bbeed?s=96&d=mm&r=g\",\"contentUrl\":\"https:\\\/\\\/secure.gravatar.com\\\/avatar\\\/d4fe7459cfc51ff5129ce1a732bbef5928568b8092d412ef95611616376bbeed?s=96&d=mm&r=g\",\"caption\":\"f1000024\"},\"url\":\"https:\\\/\\\/cvinoticias.com\\\/v3\\\/author\\\/f1000024\\\/\"}]}<\/script>\n<!-- \/ Yoast SEO plugin. -->","yoast_head_json":{"title":"Un Modelo de equilibrio sin ajuste sobre la gente | CVI NOTICIAS","robots":{"index":"index","follow":"follow","max-snippet":"max-snippet:-1","max-image-preview":"max-image-preview:large","max-video-preview":"max-video-preview:-1"},"canonical":"https:\/\/cvinoticias.com\/v3\/un-modelo-de-equilibrio-sin-ajuste-sobre-la-gente\/","og_locale":"es_ES","og_type":"article","og_title":"Un Modelo de equilibrio sin ajuste sobre la gente | CVI NOTICIAS","og_description":"Misiones ostenta un exitoso modelo de equilibrio fiscal desde hace m\u00e1s de 20 a\u00f1os. Con el fin de alcanzar el mismo resultado que la provincia, Milei lanz\u00f3 a trav\u00e9s del Ministerio de Econom\u00eda diez medidas y un decretazo que busca desregular la econom\u00eda argentina, trasladando el ajuste a la sociedad. (*) Por Nicol\u00e1s Marchiori Una [&hellip;]","og_url":"https:\/\/cvinoticias.com\/v3\/un-modelo-de-equilibrio-sin-ajuste-sobre-la-gente\/","og_site_name":"CVI NOTICIAS","article_publisher":"https:\/\/www.facebook.com\/cvinoticias","article_published_time":"2023-12-21T19:10:04+00:00","og_image":[{"width":1256,"height":620,"url":"https:\/\/cvinoticias.com\/wp-content\/uploads\/2023\/12\/IMG-20231221-WA0394.jpg","type":"image\/jpeg"}],"author":"f1000024","twitter_card":"summary_large_image","twitter_misc":{"Escrito por":"f1000024","Tiempo de lectura":"5 minutos"},"schema":{"@context":"https:\/\/schema.org","@graph":[{"@type":"Article","@id":"https:\/\/cvinoticias.com\/v3\/un-modelo-de-equilibrio-sin-ajuste-sobre-la-gente\/#article","isPartOf":{"@id":"https:\/\/cvinoticias.com\/v3\/un-modelo-de-equilibrio-sin-ajuste-sobre-la-gente\/"},"author":{"name":"f1000024","@id":"https:\/\/cvinoticias.com\/v3\/#\/schema\/person\/2db77e3c6bc03c538495d7b2b8be9b66"},"headline":"Un Modelo de equilibrio sin ajuste sobre la gente","datePublished":"2023-12-21T19:10:04+00:00","mainEntityOfPage":{"@id":"https:\/\/cvinoticias.com\/v3\/un-modelo-de-equilibrio-sin-ajuste-sobre-la-gente\/"},"wordCount":964,"commentCount":0,"publisher":{"@id":"https:\/\/cvinoticias.com\/v3\/#organization"},"image":{"@id":"https:\/\/cvinoticias.com\/v3\/un-modelo-de-equilibrio-sin-ajuste-sobre-la-gente\/#primaryimage"},"thumbnailUrl":"https:\/\/cvinoticias.com\/wp-content\/uploads\/2023\/12\/IMG-20231221-WA0394.jpg","articleSection":["Provinciales"],"inLanguage":"es","potentialAction":[{"@type":"CommentAction","name":"Comment","target":["https:\/\/cvinoticias.com\/v3\/un-modelo-de-equilibrio-sin-ajuste-sobre-la-gente\/#respond"]}]},{"@type":"WebPage","@id":"https:\/\/cvinoticias.com\/v3\/un-modelo-de-equilibrio-sin-ajuste-sobre-la-gente\/","url":"https:\/\/cvinoticias.com\/v3\/un-modelo-de-equilibrio-sin-ajuste-sobre-la-gente\/","name":"Un Modelo de equilibrio sin ajuste sobre la gente | CVI NOTICIAS","isPartOf":{"@id":"https:\/\/cvinoticias.com\/v3\/#website"},"primaryImageOfPage":{"@id":"https:\/\/cvinoticias.com\/v3\/un-modelo-de-equilibrio-sin-ajuste-sobre-la-gente\/#primaryimage"},"image":{"@id":"https:\/\/cvinoticias.com\/v3\/un-modelo-de-equilibrio-sin-ajuste-sobre-la-gente\/#primaryimage"},"thumbnailUrl":"https:\/\/cvinoticias.com\/wp-content\/uploads\/2023\/12\/IMG-20231221-WA0394.jpg","datePublished":"2023-12-21T19:10:04+00:00","breadcrumb":{"@id":"https:\/\/cvinoticias.com\/v3\/un-modelo-de-equilibrio-sin-ajuste-sobre-la-gente\/#breadcrumb"},"inLanguage":"es","potentialAction":[{"@type":"ReadAction","target":["https:\/\/cvinoticias.com\/v3\/un-modelo-de-equilibrio-sin-ajuste-sobre-la-gente\/"]}]},{"@type":"ImageObject","inLanguage":"es","@id":"https:\/\/cvinoticias.com\/v3\/un-modelo-de-equilibrio-sin-ajuste-sobre-la-gente\/#primaryimage","url":"https:\/\/cvinoticias.com\/wp-content\/uploads\/2023\/12\/IMG-20231221-WA0394.jpg","contentUrl":"https:\/\/cvinoticias.com\/wp-content\/uploads\/2023\/12\/IMG-20231221-WA0394.jpg","width":1256,"height":620},{"@type":"BreadcrumbList","@id":"https:\/\/cvinoticias.com\/v3\/un-modelo-de-equilibrio-sin-ajuste-sobre-la-gente\/#breadcrumb","itemListElement":[{"@type":"ListItem","position":1,"name":"Portada","item":"https:\/\/cvinoticias.com\/v3\/"},{"@type":"ListItem","position":2,"name":"Un Modelo de equilibrio sin ajuste sobre la gente"}]},{"@type":"WebSite","@id":"https:\/\/cvinoticias.com\/v3\/#website","url":"https:\/\/cvinoticias.com\/v3\/","name":"CVI NOTICIAS","description":"","publisher":{"@id":"https:\/\/cvinoticias.com\/v3\/#organization"},"alternateName":"CVI","potentialAction":[{"@type":"SearchAction","target":{"@type":"EntryPoint","urlTemplate":"https:\/\/cvinoticias.com\/v3\/?s={search_term_string}"},"query-input":{"@type":"PropertyValueSpecification","valueRequired":true,"valueName":"search_term_string"}}],"inLanguage":"es"},{"@type":"Organization","@id":"https:\/\/cvinoticias.com\/v3\/#organization","name":"CVI NOTICIAS","url":"https:\/\/cvinoticias.com\/v3\/","logo":{"@type":"ImageObject","inLanguage":"es","@id":"https:\/\/cvinoticias.com\/v3\/#\/schema\/logo\/image\/","url":"https:\/\/cvinoticias.com\/wp-content\/uploads\/2023\/04\/cropped-cropped-cropped-cropped-cropped-3-1.png","contentUrl":"https:\/\/cvinoticias.com\/wp-content\/uploads\/2023\/04\/cropped-cropped-cropped-cropped-cropped-3-1.png","width":95,"height":122,"caption":"CVI NOTICIAS"},"image":{"@id":"https:\/\/cvinoticias.com\/v3\/#\/schema\/logo\/image\/"},"sameAs":["https:\/\/www.facebook.com\/cvinoticias","https:\/\/www.instagram.com\/cvinoticias\/","https:\/\/www.youtube.com\/@CVINOTICIAS"]},{"@type":"Person","@id":"https:\/\/cvinoticias.com\/v3\/#\/schema\/person\/2db77e3c6bc03c538495d7b2b8be9b66","name":"f1000024","image":{"@type":"ImageObject","inLanguage":"es","@id":"https:\/\/secure.gravatar.com\/avatar\/d4fe7459cfc51ff5129ce1a732bbef5928568b8092d412ef95611616376bbeed?s=96&d=mm&r=g","url":"https:\/\/secure.gravatar.com\/avatar\/d4fe7459cfc51ff5129ce1a732bbef5928568b8092d412ef95611616376bbeed?s=96&d=mm&r=g","contentUrl":"https:\/\/secure.gravatar.com\/avatar\/d4fe7459cfc51ff5129ce1a732bbef5928568b8092d412ef95611616376bbeed?s=96&d=mm&r=g","caption":"f1000024"},"url":"https:\/\/cvinoticias.com\/v3\/author\/f1000024\/"}]}},"_links":{"self":[{"href":"https:\/\/cvinoticias.com\/v3\/wp-json\/wp\/v2\/posts\/31167","targetHints":{"allow":["GET"]}}],"collection":[{"href":"https:\/\/cvinoticias.com\/v3\/wp-json\/wp\/v2\/posts"}],"about":[{"href":"https:\/\/cvinoticias.com\/v3\/wp-json\/wp\/v2\/types\/post"}],"author":[{"embeddable":true,"href":"https:\/\/cvinoticias.com\/v3\/wp-json\/wp\/v2\/users\/2"}],"replies":[{"embeddable":true,"href":"https:\/\/cvinoticias.com\/v3\/wp-json\/wp\/v2\/comments?post=31167"}],"version-history":[{"count":1,"href":"https:\/\/cvinoticias.com\/v3\/wp-json\/wp\/v2\/posts\/31167\/revisions"}],"predecessor-version":[{"id":31170,"href":"https:\/\/cvinoticias.com\/v3\/wp-json\/wp\/v2\/posts\/31167\/revisions\/31170"}],"wp:featuredmedia":[{"embeddable":true,"href":"https:\/\/cvinoticias.com\/v3\/wp-json\/wp\/v2\/media\/31169"}],"wp:attachment":[{"href":"https:\/\/cvinoticias.com\/v3\/wp-json\/wp\/v2\/media?parent=31167"}],"wp:term":[{"taxonomy":"category","embeddable":true,"href":"https:\/\/cvinoticias.com\/v3\/wp-json\/wp\/v2\/categories?post=31167"},{"taxonomy":"post_tag","embeddable":true,"href":"https:\/\/cvinoticias.com\/v3\/wp-json\/wp\/v2\/tags?post=31167"}],"curies":[{"name":"wp","href":"https:\/\/api.w.org\/{rel}","templated":true}]}}