{"id":31158,"date":"2023-12-21T10:09:17","date_gmt":"2023-12-21T13:09:17","guid":{"rendered":"https:\/\/cvinoticias.com\/v3\/?p=31158"},"modified":"2023-12-21T10:09:17","modified_gmt":"2023-12-21T13:09:17","slug":"programa-arreglo-mi-casa-una-solucion-a-las-necesidades-basicas-en-el-habitat-de-hogares-misioneros","status":"publish","type":"post","link":"https:\/\/cvinoticias.com\/v3\/programa-arreglo-mi-casa-una-solucion-a-las-necesidades-basicas-en-el-habitat-de-hogares-misioneros\/","title":{"rendered":"Programa \u00abArreglo mi Casa\u00bb una soluci\u00f3n a las necesidades b\u00e1sicas en el h\u00e1bitat de hogares misioneros"},"content":{"rendered":"\n<p><strong><em>Se trata de un pr\u00e9stamo del Gobierno Provincial ajustado a la capacidad de devoluci\u00f3n de la franja de beneficiarios que prev\u00e9 la incorporaci\u00f3n de un n\u00facleo sanitario saludable \u2013con lo que se erradican las letrinas\u2013 o una habitaci\u00f3n para los hogares hacinados, lo que permite reorganizar la vida cotidiana de las familias y revalorizar su vivienda. La consciencia y el compromiso de los misioneros beneficiarios hacen que los fondos del cr\u00e9dito se retroalimenten y cubran nuevas demandas.<\/em><\/strong><\/p>\n\n\n\n<p>El Programa Arreglo mi Casa, que se canaliza a trav\u00e9s del Instituto Provincial de Desarrollo Habitacional (IPRODHA) se puso en marcha en octubre del 2018, en un periodo complejo en cuanto a las pol\u00edticas habitacionales nacionales con respecto a las provincias del interior. Se hab\u00eda dado de baja al Mejor Vivir y una franja poblacional quedaba sin respuesta a las demandas de una asistencia estatal para mejoras imprescindibles en los hogares que habitaban. As\u00ed fue que se cre\u00f3 el Arreglo mi Casa, con recursos recaudados por el Gobierno de la Provincia; el mismo fue presentado en la comuna de Leandro N. Alem por el entonces Gobernador y hoy de nuevo al frente del Ejecutivo Provincial, Hugo Passalacqua, quien dijo \u201cporque tenemos poco, lo repartiremos inteligentemente, pensando siempre en los sectores m\u00e1s humildes, donde se puede inyectar un gramo aunque sea de Justicia Social\u201d.<\/p>\n\n\n\n<p>A cinco a\u00f1os y, merced a la continuidad del modelo pol\u00edtico de gesti\u00f3n, el Programa Arreglo Mi Casa del Instituto Provincial de Desarrollo Habitacional (IPRODHA), est\u00e1 vigente para los 78 municipios provinciales, promoviendo mejoras en las condiciones sanitarias y habitacionales de las familias. Desde su inicio se abord\u00f3 y dio soluci\u00f3n a un total de 743 hogares misioneros y \u2013ahora\u2013 se trabaja con nuevos grupos de familias.<\/p>\n\n\n\n<p>Durante el 2023<\/p>\n\n\n\n<p>De acuerdo a datos proporcionados por el \u00e1rea de Adjudicaciones del IPRODHA, en lo que va del a\u00f1o 2023, se han otorgado cr\u00e9ditos a un total de 25 familias distribuidas en las localidades de Puerto Rico, Garup\u00e1, San Pedro, Pozo Azul y Moj\u00f3n Grande y se prev\u00e9 que beneficiar\u00e1 a 46 familias m\u00e1s repartidas en las comunas de Colonia Delicia, Arist\u00f3bulo del Valle, Salto Encantado, Garuhap\u00e9, Puerto Rico, Capiov\u00ed, Jard\u00edn Am\u00e9rica y Posadas.<\/p>\n\n\n\n<p>Durante el 1\u00ba y 2\u00ba semestre del corriente a\u00f1o, se han llevado a cabo relevamientos a lo largo de toda la provincia, de valoraci\u00f3n t\u00e9cnica\/social en los domicilios de las familias aspirantes al beneficio de cada localidad, con el objetivo de verificar si cumplen con los requisitos previstos para acceder al beneficio, entre los que se cuenta, entre otros, ser propietario del inmueble que se habita, como as\u00ed tambi\u00e9n, verificar si est\u00e1n dadas las condiciones estructurales para poder construir un ba\u00f1o o una habitaci\u00f3n.<\/p>\n\n\n\n<p>El listado de las solicitudes lo lleva adelante el Municipio local, y adem\u00e1s las demandas espont\u00e1neas son atendidas a trav\u00e9s de la autogesti\u00f3n y los Centros de Atenci\u00f3n con los que cuenta el Instituto en las respectivas comunas o zonas de influencia; explic\u00f3 desde el Instituto, Cristina Lakomski.<\/p>\n\n\n\n<p>Al respecto agreg\u00f3 que \u201cel \u00e9xito del Programa depende del trabajo en conjunto entre el IPRODHA, los municipios, Banco Macro generando las tarjetas de d\u00e9bitos para mayor seguridad de las familias beneficiarias, por ello es fundamental destacar la responsabilidad por parte de la comunidad, considerando que es un programa de autoconstrucci\u00f3n en el que las familias se comprometen con la ejecuci\u00f3n de su obra y la devoluci\u00f3n responsable del cr\u00e9dito, lo que permite que m\u00e1s misioneros puedan acceder a dichos pr\u00e9stamos y as\u00ed llegar a m\u00e1s hogares de la provincia con el fin \u00faltimo de mejorar la calidad habitacional de las familias misioneras\u201d, concluy\u00f3 Lakomski.<\/p>\n","protected":false},"excerpt":{"rendered":"<p>Se trata de un pr\u00e9stamo del Gobierno Provincial ajustado a la capacidad de devoluci\u00f3n de la franja de beneficiarios que prev\u00e9 la incorporaci\u00f3n de un n\u00facleo sanitario saludable \u2013con lo que se erradican las letrinas\u2013 o una habitaci\u00f3n para los hogares hacinados, lo que permite reorganizar la vida cotidiana de las familias y revalorizar su [&hellip;]<\/p>\n","protected":false},"author":2,"featured_media":31159,"comment_status":"open","ping_status":"open","sticky":false,"template":"","format":"standard","meta":{"footnotes":""},"categories":[43],"tags":[],"class_list":["post-31158","post","type-post","status-publish","format-standard","has-post-thumbnail","hentry","category-provinciales"],"yoast_head":"<!-- This site is optimized with the Yoast SEO plugin v27.5 - https:\/\/yoast.com\/product\/yoast-seo-wordpress\/ -->\n<title>Programa &quot;Arreglo mi Casa&quot; una soluci\u00f3n a las necesidades b\u00e1sicas en el h\u00e1bitat de hogares misioneros | CVI NOTICIAS<\/title>\n<meta name=\"robots\" content=\"index, follow, max-snippet:-1, max-image-preview:large, max-video-preview:-1\" \/>\n<link rel=\"canonical\" href=\"https:\/\/cvinoticias.com\/v3\/programa-arreglo-mi-casa-una-solucion-a-las-necesidades-basicas-en-el-habitat-de-hogares-misioneros\/\" \/>\n<meta property=\"og:locale\" content=\"es_ES\" \/>\n<meta property=\"og:type\" content=\"article\" \/>\n<meta property=\"og:title\" content=\"Programa &quot;Arreglo mi Casa&quot; una soluci\u00f3n a las necesidades b\u00e1sicas en el h\u00e1bitat de hogares misioneros | CVI NOTICIAS\" \/>\n<meta property=\"og:description\" content=\"Se trata de un pr\u00e9stamo del Gobierno Provincial ajustado a la capacidad de devoluci\u00f3n de la franja de beneficiarios que prev\u00e9 la incorporaci\u00f3n de un n\u00facleo sanitario saludable \u2013con lo que se erradican las letrinas\u2013 o una habitaci\u00f3n para los hogares hacinados, lo que permite reorganizar la vida cotidiana de las familias y revalorizar su [&hellip;]\" \/>\n<meta property=\"og:url\" content=\"https:\/\/cvinoticias.com\/v3\/programa-arreglo-mi-casa-una-solucion-a-las-necesidades-basicas-en-el-habitat-de-hogares-misioneros\/\" \/>\n<meta property=\"og:site_name\" content=\"CVI NOTICIAS\" \/>\n<meta property=\"article:publisher\" content=\"https:\/\/www.facebook.com\/cvinoticias\" \/>\n<meta property=\"article:published_time\" content=\"2023-12-21T13:09:17+00:00\" \/>\n<meta property=\"og:image\" content=\"https:\/\/cvinoticias.com\/wp-content\/uploads\/2023\/12\/Arreglo-mi-casa-1.jpg\" \/>\n\t<meta property=\"og:image:width\" content=\"987\" \/>\n\t<meta property=\"og:image:height\" content=\"679\" \/>\n\t<meta property=\"og:image:type\" content=\"image\/jpeg\" \/>\n<meta name=\"author\" content=\"f1000024\" \/>\n<meta name=\"twitter:card\" content=\"summary_large_image\" \/>\n<meta name=\"twitter:label1\" content=\"Escrito por\" \/>\n\t<meta name=\"twitter:data1\" content=\"f1000024\" \/>\n\t<meta name=\"twitter:label2\" content=\"Tiempo de lectura\" \/>\n\t<meta name=\"twitter:data2\" content=\"3 minutos\" \/>\n<script type=\"application\/ld+json\" class=\"yoast-schema-graph\">{\"@context\":\"https:\\\/\\\/schema.org\",\"@graph\":[{\"@type\":\"Article\",\"@id\":\"https:\\\/\\\/cvinoticias.com\\\/v3\\\/programa-arreglo-mi-casa-una-solucion-a-las-necesidades-basicas-en-el-habitat-de-hogares-misioneros\\\/#article\",\"isPartOf\":{\"@id\":\"https:\\\/\\\/cvinoticias.com\\\/v3\\\/programa-arreglo-mi-casa-una-solucion-a-las-necesidades-basicas-en-el-habitat-de-hogares-misioneros\\\/\"},\"author\":{\"name\":\"f1000024\",\"@id\":\"https:\\\/\\\/cvinoticias.com\\\/v3\\\/#\\\/schema\\\/person\\\/2db77e3c6bc03c538495d7b2b8be9b66\"},\"headline\":\"Programa \u00abArreglo mi Casa\u00bb una soluci\u00f3n a las necesidades b\u00e1sicas en el h\u00e1bitat de hogares misioneros\",\"datePublished\":\"2023-12-21T13:09:17+00:00\",\"mainEntityOfPage\":{\"@id\":\"https:\\\/\\\/cvinoticias.com\\\/v3\\\/programa-arreglo-mi-casa-una-solucion-a-las-necesidades-basicas-en-el-habitat-de-hogares-misioneros\\\/\"},\"wordCount\":652,\"commentCount\":0,\"publisher\":{\"@id\":\"https:\\\/\\\/cvinoticias.com\\\/v3\\\/#organization\"},\"image\":{\"@id\":\"https:\\\/\\\/cvinoticias.com\\\/v3\\\/programa-arreglo-mi-casa-una-solucion-a-las-necesidades-basicas-en-el-habitat-de-hogares-misioneros\\\/#primaryimage\"},\"thumbnailUrl\":\"https:\\\/\\\/cvinoticias.com\\\/wp-content\\\/uploads\\\/2023\\\/12\\\/Arreglo-mi-casa-1.jpg\",\"articleSection\":[\"Provinciales\"],\"inLanguage\":\"es\",\"potentialAction\":[{\"@type\":\"CommentAction\",\"name\":\"Comment\",\"target\":[\"https:\\\/\\\/cvinoticias.com\\\/v3\\\/programa-arreglo-mi-casa-una-solucion-a-las-necesidades-basicas-en-el-habitat-de-hogares-misioneros\\\/#respond\"]}]},{\"@type\":\"WebPage\",\"@id\":\"https:\\\/\\\/cvinoticias.com\\\/v3\\\/programa-arreglo-mi-casa-una-solucion-a-las-necesidades-basicas-en-el-habitat-de-hogares-misioneros\\\/\",\"url\":\"https:\\\/\\\/cvinoticias.com\\\/v3\\\/programa-arreglo-mi-casa-una-solucion-a-las-necesidades-basicas-en-el-habitat-de-hogares-misioneros\\\/\",\"name\":\"Programa \\\"Arreglo mi Casa\\\" una soluci\u00f3n a las necesidades b\u00e1sicas en el h\u00e1bitat de hogares misioneros | CVI NOTICIAS\",\"isPartOf\":{\"@id\":\"https:\\\/\\\/cvinoticias.com\\\/v3\\\/#website\"},\"primaryImageOfPage\":{\"@id\":\"https:\\\/\\\/cvinoticias.com\\\/v3\\\/programa-arreglo-mi-casa-una-solucion-a-las-necesidades-basicas-en-el-habitat-de-hogares-misioneros\\\/#primaryimage\"},\"image\":{\"@id\":\"https:\\\/\\\/cvinoticias.com\\\/v3\\\/programa-arreglo-mi-casa-una-solucion-a-las-necesidades-basicas-en-el-habitat-de-hogares-misioneros\\\/#primaryimage\"},\"thumbnailUrl\":\"https:\\\/\\\/cvinoticias.com\\\/wp-content\\\/uploads\\\/2023\\\/12\\\/Arreglo-mi-casa-1.jpg\",\"datePublished\":\"2023-12-21T13:09:17+00:00\",\"breadcrumb\":{\"@id\":\"https:\\\/\\\/cvinoticias.com\\\/v3\\\/programa-arreglo-mi-casa-una-solucion-a-las-necesidades-basicas-en-el-habitat-de-hogares-misioneros\\\/#breadcrumb\"},\"inLanguage\":\"es\",\"potentialAction\":[{\"@type\":\"ReadAction\",\"target\":[\"https:\\\/\\\/cvinoticias.com\\\/v3\\\/programa-arreglo-mi-casa-una-solucion-a-las-necesidades-basicas-en-el-habitat-de-hogares-misioneros\\\/\"]}]},{\"@type\":\"ImageObject\",\"inLanguage\":\"es\",\"@id\":\"https:\\\/\\\/cvinoticias.com\\\/v3\\\/programa-arreglo-mi-casa-una-solucion-a-las-necesidades-basicas-en-el-habitat-de-hogares-misioneros\\\/#primaryimage\",\"url\":\"https:\\\/\\\/cvinoticias.com\\\/wp-content\\\/uploads\\\/2023\\\/12\\\/Arreglo-mi-casa-1.jpg\",\"contentUrl\":\"https:\\\/\\\/cvinoticias.com\\\/wp-content\\\/uploads\\\/2023\\\/12\\\/Arreglo-mi-casa-1.jpg\",\"width\":987,\"height\":679},{\"@type\":\"BreadcrumbList\",\"@id\":\"https:\\\/\\\/cvinoticias.com\\\/v3\\\/programa-arreglo-mi-casa-una-solucion-a-las-necesidades-basicas-en-el-habitat-de-hogares-misioneros\\\/#breadcrumb\",\"itemListElement\":[{\"@type\":\"ListItem\",\"position\":1,\"name\":\"Portada\",\"item\":\"https:\\\/\\\/cvinoticias.com\\\/v3\\\/\"},{\"@type\":\"ListItem\",\"position\":2,\"name\":\"Programa \u00abArreglo mi Casa\u00bb una soluci\u00f3n a las necesidades b\u00e1sicas en el h\u00e1bitat de hogares misioneros\"}]},{\"@type\":\"WebSite\",\"@id\":\"https:\\\/\\\/cvinoticias.com\\\/v3\\\/#website\",\"url\":\"https:\\\/\\\/cvinoticias.com\\\/v3\\\/\",\"name\":\"CVI NOTICIAS\",\"description\":\"\",\"publisher\":{\"@id\":\"https:\\\/\\\/cvinoticias.com\\\/v3\\\/#organization\"},\"alternateName\":\"CVI\",\"potentialAction\":[{\"@type\":\"SearchAction\",\"target\":{\"@type\":\"EntryPoint\",\"urlTemplate\":\"https:\\\/\\\/cvinoticias.com\\\/v3\\\/?s={search_term_string}\"},\"query-input\":{\"@type\":\"PropertyValueSpecification\",\"valueRequired\":true,\"valueName\":\"search_term_string\"}}],\"inLanguage\":\"es\"},{\"@type\":\"Organization\",\"@id\":\"https:\\\/\\\/cvinoticias.com\\\/v3\\\/#organization\",\"name\":\"CVI NOTICIAS\",\"url\":\"https:\\\/\\\/cvinoticias.com\\\/v3\\\/\",\"logo\":{\"@type\":\"ImageObject\",\"inLanguage\":\"es\",\"@id\":\"https:\\\/\\\/cvinoticias.com\\\/v3\\\/#\\\/schema\\\/logo\\\/image\\\/\",\"url\":\"https:\\\/\\\/cvinoticias.com\\\/wp-content\\\/uploads\\\/2023\\\/04\\\/cropped-cropped-cropped-cropped-cropped-3-1.png\",\"contentUrl\":\"https:\\\/\\\/cvinoticias.com\\\/wp-content\\\/uploads\\\/2023\\\/04\\\/cropped-cropped-cropped-cropped-cropped-3-1.png\",\"width\":95,\"height\":122,\"caption\":\"CVI NOTICIAS\"},\"image\":{\"@id\":\"https:\\\/\\\/cvinoticias.com\\\/v3\\\/#\\\/schema\\\/logo\\\/image\\\/\"},\"sameAs\":[\"https:\\\/\\\/www.facebook.com\\\/cvinoticias\",\"https:\\\/\\\/www.instagram.com\\\/cvinoticias\\\/\",\"https:\\\/\\\/www.youtube.com\\\/@CVINOTICIAS\"]},{\"@type\":\"Person\",\"@id\":\"https:\\\/\\\/cvinoticias.com\\\/v3\\\/#\\\/schema\\\/person\\\/2db77e3c6bc03c538495d7b2b8be9b66\",\"name\":\"f1000024\",\"image\":{\"@type\":\"ImageObject\",\"inLanguage\":\"es\",\"@id\":\"https:\\\/\\\/secure.gravatar.com\\\/avatar\\\/d4fe7459cfc51ff5129ce1a732bbef5928568b8092d412ef95611616376bbeed?s=96&d=mm&r=g\",\"url\":\"https:\\\/\\\/secure.gravatar.com\\\/avatar\\\/d4fe7459cfc51ff5129ce1a732bbef5928568b8092d412ef95611616376bbeed?s=96&d=mm&r=g\",\"contentUrl\":\"https:\\\/\\\/secure.gravatar.com\\\/avatar\\\/d4fe7459cfc51ff5129ce1a732bbef5928568b8092d412ef95611616376bbeed?s=96&d=mm&r=g\",\"caption\":\"f1000024\"},\"url\":\"https:\\\/\\\/cvinoticias.com\\\/v3\\\/author\\\/f1000024\\\/\"}]}<\/script>\n<!-- \/ Yoast SEO plugin. -->","yoast_head_json":{"title":"Programa \"Arreglo mi Casa\" una soluci\u00f3n a las necesidades b\u00e1sicas en el h\u00e1bitat de hogares misioneros | CVI NOTICIAS","robots":{"index":"index","follow":"follow","max-snippet":"max-snippet:-1","max-image-preview":"max-image-preview:large","max-video-preview":"max-video-preview:-1"},"canonical":"https:\/\/cvinoticias.com\/v3\/programa-arreglo-mi-casa-una-solucion-a-las-necesidades-basicas-en-el-habitat-de-hogares-misioneros\/","og_locale":"es_ES","og_type":"article","og_title":"Programa \"Arreglo mi Casa\" una soluci\u00f3n a las necesidades b\u00e1sicas en el h\u00e1bitat de hogares misioneros | CVI NOTICIAS","og_description":"Se trata de un pr\u00e9stamo del Gobierno Provincial ajustado a la capacidad de devoluci\u00f3n de la franja de beneficiarios que prev\u00e9 la incorporaci\u00f3n de un n\u00facleo sanitario saludable \u2013con lo que se erradican las letrinas\u2013 o una habitaci\u00f3n para los hogares hacinados, lo que permite reorganizar la vida cotidiana de las familias y revalorizar su [&hellip;]","og_url":"https:\/\/cvinoticias.com\/v3\/programa-arreglo-mi-casa-una-solucion-a-las-necesidades-basicas-en-el-habitat-de-hogares-misioneros\/","og_site_name":"CVI NOTICIAS","article_publisher":"https:\/\/www.facebook.com\/cvinoticias","article_published_time":"2023-12-21T13:09:17+00:00","og_image":[{"width":987,"height":679,"url":"https:\/\/cvinoticias.com\/wp-content\/uploads\/2023\/12\/Arreglo-mi-casa-1.jpg","type":"image\/jpeg"}],"author":"f1000024","twitter_card":"summary_large_image","twitter_misc":{"Escrito por":"f1000024","Tiempo de lectura":"3 minutos"},"schema":{"@context":"https:\/\/schema.org","@graph":[{"@type":"Article","@id":"https:\/\/cvinoticias.com\/v3\/programa-arreglo-mi-casa-una-solucion-a-las-necesidades-basicas-en-el-habitat-de-hogares-misioneros\/#article","isPartOf":{"@id":"https:\/\/cvinoticias.com\/v3\/programa-arreglo-mi-casa-una-solucion-a-las-necesidades-basicas-en-el-habitat-de-hogares-misioneros\/"},"author":{"name":"f1000024","@id":"https:\/\/cvinoticias.com\/v3\/#\/schema\/person\/2db77e3c6bc03c538495d7b2b8be9b66"},"headline":"Programa \u00abArreglo mi Casa\u00bb una soluci\u00f3n a las necesidades b\u00e1sicas en el h\u00e1bitat de hogares misioneros","datePublished":"2023-12-21T13:09:17+00:00","mainEntityOfPage":{"@id":"https:\/\/cvinoticias.com\/v3\/programa-arreglo-mi-casa-una-solucion-a-las-necesidades-basicas-en-el-habitat-de-hogares-misioneros\/"},"wordCount":652,"commentCount":0,"publisher":{"@id":"https:\/\/cvinoticias.com\/v3\/#organization"},"image":{"@id":"https:\/\/cvinoticias.com\/v3\/programa-arreglo-mi-casa-una-solucion-a-las-necesidades-basicas-en-el-habitat-de-hogares-misioneros\/#primaryimage"},"thumbnailUrl":"https:\/\/cvinoticias.com\/wp-content\/uploads\/2023\/12\/Arreglo-mi-casa-1.jpg","articleSection":["Provinciales"],"inLanguage":"es","potentialAction":[{"@type":"CommentAction","name":"Comment","target":["https:\/\/cvinoticias.com\/v3\/programa-arreglo-mi-casa-una-solucion-a-las-necesidades-basicas-en-el-habitat-de-hogares-misioneros\/#respond"]}]},{"@type":"WebPage","@id":"https:\/\/cvinoticias.com\/v3\/programa-arreglo-mi-casa-una-solucion-a-las-necesidades-basicas-en-el-habitat-de-hogares-misioneros\/","url":"https:\/\/cvinoticias.com\/v3\/programa-arreglo-mi-casa-una-solucion-a-las-necesidades-basicas-en-el-habitat-de-hogares-misioneros\/","name":"Programa \"Arreglo mi Casa\" una soluci\u00f3n a las necesidades b\u00e1sicas en el h\u00e1bitat de hogares misioneros | CVI NOTICIAS","isPartOf":{"@id":"https:\/\/cvinoticias.com\/v3\/#website"},"primaryImageOfPage":{"@id":"https:\/\/cvinoticias.com\/v3\/programa-arreglo-mi-casa-una-solucion-a-las-necesidades-basicas-en-el-habitat-de-hogares-misioneros\/#primaryimage"},"image":{"@id":"https:\/\/cvinoticias.com\/v3\/programa-arreglo-mi-casa-una-solucion-a-las-necesidades-basicas-en-el-habitat-de-hogares-misioneros\/#primaryimage"},"thumbnailUrl":"https:\/\/cvinoticias.com\/wp-content\/uploads\/2023\/12\/Arreglo-mi-casa-1.jpg","datePublished":"2023-12-21T13:09:17+00:00","breadcrumb":{"@id":"https:\/\/cvinoticias.com\/v3\/programa-arreglo-mi-casa-una-solucion-a-las-necesidades-basicas-en-el-habitat-de-hogares-misioneros\/#breadcrumb"},"inLanguage":"es","potentialAction":[{"@type":"ReadAction","target":["https:\/\/cvinoticias.com\/v3\/programa-arreglo-mi-casa-una-solucion-a-las-necesidades-basicas-en-el-habitat-de-hogares-misioneros\/"]}]},{"@type":"ImageObject","inLanguage":"es","@id":"https:\/\/cvinoticias.com\/v3\/programa-arreglo-mi-casa-una-solucion-a-las-necesidades-basicas-en-el-habitat-de-hogares-misioneros\/#primaryimage","url":"https:\/\/cvinoticias.com\/wp-content\/uploads\/2023\/12\/Arreglo-mi-casa-1.jpg","contentUrl":"https:\/\/cvinoticias.com\/wp-content\/uploads\/2023\/12\/Arreglo-mi-casa-1.jpg","width":987,"height":679},{"@type":"BreadcrumbList","@id":"https:\/\/cvinoticias.com\/v3\/programa-arreglo-mi-casa-una-solucion-a-las-necesidades-basicas-en-el-habitat-de-hogares-misioneros\/#breadcrumb","itemListElement":[{"@type":"ListItem","position":1,"name":"Portada","item":"https:\/\/cvinoticias.com\/v3\/"},{"@type":"ListItem","position":2,"name":"Programa \u00abArreglo mi Casa\u00bb una soluci\u00f3n a las necesidades b\u00e1sicas en el h\u00e1bitat de hogares misioneros"}]},{"@type":"WebSite","@id":"https:\/\/cvinoticias.com\/v3\/#website","url":"https:\/\/cvinoticias.com\/v3\/","name":"CVI NOTICIAS","description":"","publisher":{"@id":"https:\/\/cvinoticias.com\/v3\/#organization"},"alternateName":"CVI","potentialAction":[{"@type":"SearchAction","target":{"@type":"EntryPoint","urlTemplate":"https:\/\/cvinoticias.com\/v3\/?s={search_term_string}"},"query-input":{"@type":"PropertyValueSpecification","valueRequired":true,"valueName":"search_term_string"}}],"inLanguage":"es"},{"@type":"Organization","@id":"https:\/\/cvinoticias.com\/v3\/#organization","name":"CVI NOTICIAS","url":"https:\/\/cvinoticias.com\/v3\/","logo":{"@type":"ImageObject","inLanguage":"es","@id":"https:\/\/cvinoticias.com\/v3\/#\/schema\/logo\/image\/","url":"https:\/\/cvinoticias.com\/wp-content\/uploads\/2023\/04\/cropped-cropped-cropped-cropped-cropped-3-1.png","contentUrl":"https:\/\/cvinoticias.com\/wp-content\/uploads\/2023\/04\/cropped-cropped-cropped-cropped-cropped-3-1.png","width":95,"height":122,"caption":"CVI NOTICIAS"},"image":{"@id":"https:\/\/cvinoticias.com\/v3\/#\/schema\/logo\/image\/"},"sameAs":["https:\/\/www.facebook.com\/cvinoticias","https:\/\/www.instagram.com\/cvinoticias\/","https:\/\/www.youtube.com\/@CVINOTICIAS"]},{"@type":"Person","@id":"https:\/\/cvinoticias.com\/v3\/#\/schema\/person\/2db77e3c6bc03c538495d7b2b8be9b66","name":"f1000024","image":{"@type":"ImageObject","inLanguage":"es","@id":"https:\/\/secure.gravatar.com\/avatar\/d4fe7459cfc51ff5129ce1a732bbef5928568b8092d412ef95611616376bbeed?s=96&d=mm&r=g","url":"https:\/\/secure.gravatar.com\/avatar\/d4fe7459cfc51ff5129ce1a732bbef5928568b8092d412ef95611616376bbeed?s=96&d=mm&r=g","contentUrl":"https:\/\/secure.gravatar.com\/avatar\/d4fe7459cfc51ff5129ce1a732bbef5928568b8092d412ef95611616376bbeed?s=96&d=mm&r=g","caption":"f1000024"},"url":"https:\/\/cvinoticias.com\/v3\/author\/f1000024\/"}]}},"_links":{"self":[{"href":"https:\/\/cvinoticias.com\/v3\/wp-json\/wp\/v2\/posts\/31158","targetHints":{"allow":["GET"]}}],"collection":[{"href":"https:\/\/cvinoticias.com\/v3\/wp-json\/wp\/v2\/posts"}],"about":[{"href":"https:\/\/cvinoticias.com\/v3\/wp-json\/wp\/v2\/types\/post"}],"author":[{"embeddable":true,"href":"https:\/\/cvinoticias.com\/v3\/wp-json\/wp\/v2\/users\/2"}],"replies":[{"embeddable":true,"href":"https:\/\/cvinoticias.com\/v3\/wp-json\/wp\/v2\/comments?post=31158"}],"version-history":[{"count":1,"href":"https:\/\/cvinoticias.com\/v3\/wp-json\/wp\/v2\/posts\/31158\/revisions"}],"predecessor-version":[{"id":31160,"href":"https:\/\/cvinoticias.com\/v3\/wp-json\/wp\/v2\/posts\/31158\/revisions\/31160"}],"wp:featuredmedia":[{"embeddable":true,"href":"https:\/\/cvinoticias.com\/v3\/wp-json\/wp\/v2\/media\/31159"}],"wp:attachment":[{"href":"https:\/\/cvinoticias.com\/v3\/wp-json\/wp\/v2\/media?parent=31158"}],"wp:term":[{"taxonomy":"category","embeddable":true,"href":"https:\/\/cvinoticias.com\/v3\/wp-json\/wp\/v2\/categories?post=31158"},{"taxonomy":"post_tag","embeddable":true,"href":"https:\/\/cvinoticias.com\/v3\/wp-json\/wp\/v2\/tags?post=31158"}],"curies":[{"name":"wp","href":"https:\/\/api.w.org\/{rel}","templated":true}]}}